{"id":395577,"date":"2016-11-12T11:15:36","date_gmt":"2016-11-12T11:15:36","guid":{"rendered":"http:\/\/www.pressenza.com\/it\/?p=395577"},"modified":"2016-11-12T15:08:44","modified_gmt":"2016-11-12T15:08:44","slug":"perche-facciamo-questagenzia-stampa","status":"publish","type":"post","link":"https:\/\/www.pressenza.com\/it\/2016\/11\/perche-facciamo-questagenzia-stampa\/","title":{"rendered":"Perch\u00e9 facciamo quest\u2019agenzia stampa"},"content":{"rendered":"<p>&nbsp;<\/p>\n<p>Ci sono dei momenti, molto differenti tra loro (incontri pubblici, momentri di sconforto, lettori impertinenti, ecc.) in cui ci chiedono e ci chiediamo perch\u00e9 facciamo quest\u2019agenzia stampa internazionale.<\/p>\n<p>Perch\u00e9 facciamo Pressenza. Beh, facile, c\u2019\u00e8 scritto in un link sul sito, basta digitare <a href=\"https:\/\/www.pressenza.com\/it\/informazioni\/\">http:\/\/www.pressenza.com\/informazioni<\/a> \u00e8 perfino in sette lingue.<\/p>\n<p>Pressenza \u00e8 un\u2019agenzia internazionale, tematica, su pace, nonviolenza, diritti umani, non discriminazione, umanesimo e simili. E\u2019 un\u2019agenzia fatta interamente da volontari, si autofinanzia, cerca di arrivare alle notizie in modo diretto o con una rete di media, grandi o piccoli che sono partners di quest\u2019impresa titanica: raccontare il mondo da un altro punto di vista.<\/p>\n<p>Va bene questa risposta, ma stiamo cercando qualcosa di pi\u00f9 profondo.<\/p>\n<p>Perch\u00e9 un\u2019agenzia sulla pace, la nonviolenza, i diritti umani, la non discriminazione, la spiritualit\u00e0 in questo mondo cos\u00ec incomprensibile, violento, materialista, in-sensato?<\/p>\n<p>Cos\u2019\u00e8 questa roba da ingenui idealisti quando tutti sono corruttibili, tutti hanno un prezzo, tutti si macchiano dei peggiori crimini, magari nascondendosi sotto una foglia di fico di buone intenzioni?<\/p>\n<p>Perch\u00e9 mai impegnarsi e per chi, se nessuno vale la pena, se tutti sono uguali a tutti?<\/p>\n<p>Arriviamo a un punto, molto conosciuto dall\u2019Umanit\u00e0, in cui tutto \u00e8 privo di senso. \u201cMi ritrovai per una selva oscura, che la diritta via era smarrita\u2026\u201d.<\/p>\n<p>E\u2019 a partire da qui che possiamo cercare la risposta profonda alla domanda.<\/p>\n<p>E la risposta, oggi, \u00e8: \u201cperch\u00e9 s\u00ec!!\u201d.<\/p>\n<p>Perch\u00e9 \u00e8 possibile, in un atto libero, affermare la massima ribellione all\u2019apparente destino e dichiarare: \u201cc\u2019\u00e8 ancora un futuro, e come esso sar\u00e0 dipende da ci\u00f2 che ne faremo!!\u201d.<\/p>\n<p>Esiste una forza interiore che risiede in ogni essere umano e che lo chiama verso il futuro: verso il futuro desiderato, verso il futuro immaginato, verso un futuro degno dell\u2019Essere Umano.<\/p>\n<p>Non crediamo nella nefasta profezia dell\u2019autodistruzione, non crediamo nella catastrofe: al di l\u00e0 di tanti errori che l\u2019Essere Umano ha compiuto siamo certo che l\u2019Umanit\u00e0 riuscir\u00e0 a superare questo grande momento di crisi, che \u00e8 una crisi di crescita, come tutte le crisi.<\/p>\n<p>Ed \u00e8 il futuro che guida le azioni, \u00e8 la forza del progetto, la forza dellUtopia.<\/p>\n<p>Pressenza duchiara che non \u00e8 indifferente l\u2019azione nel mondo e vuole evidenziare quei pezzi del Nuovo Mondo che gi\u00e0 agiscono nel momento attuale, essere uno spazio dove le persone possano riflettere e scambiare opinioni, una palestra di diversit\u00e0 di punti di vista in grado di dialogare, una cronaca delle critiche e degli smascheramenti di questo sistema violento, un ambito di sperimentazione di un vero lavoro in \u00e9quipe, circolare, partecipativo, affettuoso.<\/p>\n<p>In questi pochi anni di esistenza Pressenza \u00e8 stata ed \u00e8 una realt\u00e0 in crescita, una piccola luce che annuncia i tempi che arriveranno. Una luce necessaria, impertinente, gioiosa, un Davide di fronte all\u2019insolente Golia. Grazie a tutti coloro che l\u2019hanno costruita, dimostrando una volta di pi\u00f9 che nessuno pu\u00f2 ipotecare o comprare il Futuro.<\/p>\n","protected":false},"excerpt":{"rendered":"<p>&nbsp; Ci sono dei momenti, molto differenti tra loro (incontri pubblici, momentri di sconforto, lettori impertinenti, ecc.) in cui ci chiedono e ci chiediamo perch\u00e9 facciamo quest\u2019agenzia stampa internazionale. Perch\u00e9 facciamo Pressenza. Beh, facile, c\u2019\u00e8 scritto in un link sul&hellip;<\/p>\n","protected":false},"author":10,"featured_media":355951,"comment_status":"closed","ping_status":"closed","sticky":false,"template":"","format":"standard","meta":{"footnotes":""},"categories":[11388,162,1260],"tags":[32507,3194,1767,4231,32506,1312],"class_list":["post-395577","post","type-post","status-publish","format-standard","has-post-thumbnail","hentry","category-contenuti-originali","category-opinioni","category-umanesimo-spiritualita","tag-agenzia-stampa","tag-essere-umano","tag-giornalismo","tag-movimento-umanista","tag-perche","tag-pressenza-it"],"yoast_head":"<!-- This site is optimized with the Yoast SEO plugin v27.1.1 - https:\/\/yoast.com\/product\/yoast-seo-wordpress\/ -->\n<title>Perch\u00e9 facciamo quest\u2019agenzia stampa<\/title>\n<meta name=\"description\" content=\"&nbsp; Ci sono dei momenti, molto differenti tra loro (incontri pubblici, momentri di sconforto, lettori impertinenti, ecc.) in cui ci chiedono e ci\" \/>\n<meta name=\"robots\" content=\"index, follow, max-snippet:-1, max-image-preview:large, max-video-preview:-1\" \/>\n<link rel=\"canonical\" href=\"https:\/\/www.pressenza.com\/it\/2016\/11\/perche-facciamo-questagenzia-stampa\/\" \/>\n<meta property=\"og:locale\" content=\"it_IT\" \/>\n<meta property=\"og:type\" content=\"article\" \/>\n<meta property=\"og:title\" content=\"Perch\u00e9 facciamo quest\u2019agenzia stampa\" \/>\n<meta property=\"og:description\" content=\"&nbsp; Ci sono dei momenti, molto differenti tra loro (incontri pubblici, momentri di sconforto, lettori impertinenti, ecc.) in cui ci chiedono e ci\" \/>\n<meta property=\"og:url\" content=\"https:\/\/www.pressenza.com\/it\/2016\/11\/perche-facciamo-questagenzia-stampa\/\" \/>\n<meta property=\"og:site_name\" content=\"Pressenza\" \/>\n<meta property=\"article:publisher\" content=\"https:\/\/www.facebook.com\/PressenzaItalia\" \/>\n<meta property=\"article:published_time\" content=\"2016-11-12T11:15:36+00:00\" \/>\n<meta property=\"article:modified_time\" content=\"2016-11-12T15:08:44+00:00\" \/>\n<meta property=\"og:image\" content=\"https:\/\/www.pressenza.com\/wp-content\/uploads\/2016\/08\/Pressenza-en-Quito19.jpg\" \/>\n\t<meta property=\"og:image:width\" content=\"4288\" \/>\n\t<meta property=\"og:image:height\" content=\"2848\" \/>\n\t<meta property=\"og:image:type\" content=\"image\/jpeg\" \/>\n<meta name=\"author\" content=\"Olivier Turquet\" \/>\n<meta name=\"twitter:card\" content=\"summary_large_image\" \/>\n<meta name=\"twitter:creator\" content=\"@PressenzaIPA\" \/>\n<meta name=\"twitter:site\" content=\"@PressenzaIPA\" \/>\n<meta name=\"twitter:label1\" content=\"Scritto da\" \/>\n\t<meta name=\"twitter:data1\" content=\"Olivier Turquet\" \/>\n\t<meta name=\"twitter:label2\" content=\"Tempo di lettura stimato\" \/>\n\t<meta name=\"twitter:data2\" content=\"2 minuti\" \/>\n<script type=\"application\/ld+json\" class=\"yoast-schema-graph\">{\"@context\":\"https:\/\/schema.org\",\"@graph\":[{\"@type\":\"Article\",\"@id\":\"https:\/\/www.pressenza.com\/it\/2016\/11\/perche-facciamo-questagenzia-stampa\/#article\",\"isPartOf\":{\"@id\":\"https:\/\/www.pressenza.com\/it\/2016\/11\/perche-facciamo-questagenzia-stampa\/\"},\"author\":{\"name\":\"Olivier Turquet\",\"@id\":\"https:\/\/www.pressenza.com\/it\/#\/schema\/person\/636f8feb51f63f34e7378d5fcdd1de53\"},\"headline\":\"Perch\u00e9 facciamo quest\u2019agenzia stampa\",\"datePublished\":\"2016-11-12T11:15:36+00:00\",\"dateModified\":\"2016-11-12T15:08:44+00:00\",\"mainEntityOfPage\":{\"@id\":\"https:\/\/www.pressenza.com\/it\/2016\/11\/perche-facciamo-questagenzia-stampa\/\"},\"wordCount\":486,\"publisher\":{\"@id\":\"https:\/\/www.pressenza.com\/it\/#organization\"},\"image\":{\"@id\":\"https:\/\/www.pressenza.com\/it\/2016\/11\/perche-facciamo-questagenzia-stampa\/#primaryimage\"},\"thumbnailUrl\":\"https:\/\/www.pressenza.com\/wp-content\/uploads\/2016\/08\/Pressenza-en-Quito19.jpg\",\"keywords\":[\"Agenzia Stampa\",\"Essere Umano\",\"giornalismo\",\"Movimento Umanista\",\"perch\u00e9\",\"Pressenza\"],\"articleSection\":[\"contenuti originali\",\"Opinioni\",\"Umanesimo e Spiritualit\u00e0\"],\"inLanguage\":\"it-IT\"},{\"@type\":\"WebPage\",\"@id\":\"https:\/\/www.pressenza.com\/it\/2016\/11\/perche-facciamo-questagenzia-stampa\/\",\"url\":\"https:\/\/www.pressenza.com\/it\/2016\/11\/perche-facciamo-questagenzia-stampa\/\",\"name\":\"Perch\u00e9 facciamo quest\u2019agenzia stampa\",\"isPartOf\":{\"@id\":\"https:\/\/www.pressenza.com\/it\/#website\"},\"primaryImageOfPage\":{\"@id\":\"https:\/\/www.pressenza.com\/it\/2016\/11\/perche-facciamo-questagenzia-stampa\/#primaryimage\"},\"image\":{\"@id\":\"https:\/\/www.pressenza.com\/it\/2016\/11\/perche-facciamo-questagenzia-stampa\/#primaryimage\"},\"thumbnailUrl\":\"https:\/\/www.pressenza.com\/wp-content\/uploads\/2016\/08\/Pressenza-en-Quito19.jpg\",\"datePublished\":\"2016-11-12T11:15:36+00:00\",\"dateModified\":\"2016-11-12T15:08:44+00:00\",\"description\":\"&nbsp; Ci sono dei momenti, molto differenti tra loro (incontri pubblici, momentri di sconforto, lettori impertinenti, ecc.) in cui ci chiedono e ci\",\"breadcrumb\":{\"@id\":\"https:\/\/www.pressenza.com\/it\/2016\/11\/perche-facciamo-questagenzia-stampa\/#breadcrumb\"},\"inLanguage\":\"it-IT\",\"potentialAction\":[{\"@type\":\"ReadAction\",\"target\":[\"https:\/\/www.pressenza.com\/it\/2016\/11\/perche-facciamo-questagenzia-stampa\/\"]}]},{\"@type\":\"ImageObject\",\"inLanguage\":\"it-IT\",\"@id\":\"https:\/\/www.pressenza.com\/it\/2016\/11\/perche-facciamo-questagenzia-stampa\/#primaryimage\",\"url\":\"https:\/\/www.pressenza.com\/wp-content\/uploads\/2016\/08\/Pressenza-en-Quito19.jpg\",\"contentUrl\":\"https:\/\/www.pressenza.com\/wp-content\/uploads\/2016\/08\/Pressenza-en-Quito19.jpg\",\"width\":4288,\"height\":2848},{\"@type\":\"BreadcrumbList\",\"@id\":\"https:\/\/www.pressenza.com\/it\/2016\/11\/perche-facciamo-questagenzia-stampa\/#breadcrumb\",\"itemListElement\":[{\"@type\":\"ListItem\",\"position\":1,\"name\":\"Accueil\",\"item\":\"https:\/\/www.pressenza.com\/it\/\"},{\"@type\":\"ListItem\",\"position\":2,\"name\":\"Perch\u00e9 facciamo quest\u2019agenzia stampa\"}]},{\"@type\":\"WebSite\",\"@id\":\"https:\/\/www.pressenza.com\/it\/#website\",\"url\":\"https:\/\/www.pressenza.com\/it\/\",\"name\":\"Pressenza\",\"description\":\"Agenzia di Stampa Internazionale\",\"publisher\":{\"@id\":\"https:\/\/www.pressenza.com\/it\/#organization\"},\"potentialAction\":[{\"@type\":\"SearchAction\",\"target\":{\"@type\":\"EntryPoint\",\"urlTemplate\":\"https:\/\/www.pressenza.com\/it\/?s={search_term_string}\"},\"query-input\":{\"@type\":\"PropertyValueSpecification\",\"valueRequired\":true,\"valueName\":\"search_term_string\"}}],\"inLanguage\":\"it-IT\"},{\"@type\":\"Organization\",\"@id\":\"https:\/\/www.pressenza.com\/it\/#organization\",\"name\":\"Pressenza\",\"url\":\"https:\/\/www.pressenza.com\/it\/\",\"logo\":{\"@type\":\"ImageObject\",\"inLanguage\":\"it-IT\",\"@id\":\"https:\/\/www.pressenza.com\/it\/#\/schema\/logo\/image\/\",\"url\":\"https:\/\/www.pressenza.com\/wp-content\/uploads\/2022\/10\/pressenza_logo_200x200.jpg\",\"contentUrl\":\"https:\/\/www.pressenza.com\/wp-content\/uploads\/2022\/10\/pressenza_logo_200x200.jpg\",\"width\":200,\"height\":200,\"caption\":\"Pressenza\"},\"image\":{\"@id\":\"https:\/\/www.pressenza.com\/it\/#\/schema\/logo\/image\/\"},\"sameAs\":[\"https:\/\/www.facebook.com\/PressenzaItalia\",\"https:\/\/x.com\/PressenzaIPA\"]},{\"@type\":\"Person\",\"@id\":\"https:\/\/www.pressenza.com\/it\/#\/schema\/person\/636f8feb51f63f34e7378d5fcdd1de53\",\"name\":\"Olivier Turquet\",\"description\":\"Takes care of writing to tell the reality for about 40 years. He has worked with paper publications, radio and electronic He founded the electronic news agency humanist Good News. He was press secretary to various events such as: the International Humanist, Florence Play, the World March for Peace and Nonviolence. Currently coordinates the Italian team of Pressenza. olivierturquet.wordpress.com\",\"sameAs\":[\"http:\/\/olivierturquet.wordpress.com\"],\"url\":\"https:\/\/www.pressenza.com\/it\/author\/olivier-turquet\/\"}]}<\/script>\n<!-- \/ Yoast SEO plugin. -->","yoast_head_json":{"title":"Perch\u00e9 facciamo quest\u2019agenzia stampa","description":"&nbsp; Ci sono dei momenti, molto differenti tra loro (incontri pubblici, momentri di sconforto, lettori impertinenti, ecc.) in cui ci chiedono e ci","robots":{"index":"index","follow":"follow","max-snippet":"max-snippet:-1","max-image-preview":"max-image-preview:large","max-video-preview":"max-video-preview:-1"},"canonical":"https:\/\/www.pressenza.com\/it\/2016\/11\/perche-facciamo-questagenzia-stampa\/","og_locale":"it_IT","og_type":"article","og_title":"Perch\u00e9 facciamo quest\u2019agenzia stampa","og_description":"&nbsp; Ci sono dei momenti, molto differenti tra loro (incontri pubblici, momentri di sconforto, lettori impertinenti, ecc.) in cui ci chiedono e ci","og_url":"https:\/\/www.pressenza.com\/it\/2016\/11\/perche-facciamo-questagenzia-stampa\/","og_site_name":"Pressenza","article_publisher":"https:\/\/www.facebook.com\/PressenzaItalia","article_published_time":"2016-11-12T11:15:36+00:00","article_modified_time":"2016-11-12T15:08:44+00:00","og_image":[{"width":4288,"height":2848,"url":"https:\/\/www.pressenza.com\/wp-content\/uploads\/2016\/08\/Pressenza-en-Quito19.jpg","type":"image\/jpeg"}],"author":"Olivier Turquet","twitter_card":"summary_large_image","twitter_creator":"@PressenzaIPA","twitter_site":"@PressenzaIPA","twitter_misc":{"Scritto da":"Olivier Turquet","Tempo di lettura stimato":"2 minuti"},"schema":{"@context":"https:\/\/schema.org","@graph":[{"@type":"Article","@id":"https:\/\/www.pressenza.com\/it\/2016\/11\/perche-facciamo-questagenzia-stampa\/#article","isPartOf":{"@id":"https:\/\/www.pressenza.com\/it\/2016\/11\/perche-facciamo-questagenzia-stampa\/"},"author":{"name":"Olivier Turquet","@id":"https:\/\/www.pressenza.com\/it\/#\/schema\/person\/636f8feb51f63f34e7378d5fcdd1de53"},"headline":"Perch\u00e9 facciamo quest\u2019agenzia stampa","datePublished":"2016-11-12T11:15:36+00:00","dateModified":"2016-11-12T15:08:44+00:00","mainEntityOfPage":{"@id":"https:\/\/www.pressenza.com\/it\/2016\/11\/perche-facciamo-questagenzia-stampa\/"},"wordCount":486,"publisher":{"@id":"https:\/\/www.pressenza.com\/it\/#organization"},"image":{"@id":"https:\/\/www.pressenza.com\/it\/2016\/11\/perche-facciamo-questagenzia-stampa\/#primaryimage"},"thumbnailUrl":"https:\/\/www.pressenza.com\/wp-content\/uploads\/2016\/08\/Pressenza-en-Quito19.jpg","keywords":["Agenzia Stampa","Essere Umano","giornalismo","Movimento Umanista","perch\u00e9","Pressenza"],"articleSection":["contenuti originali","Opinioni","Umanesimo e Spiritualit\u00e0"],"inLanguage":"it-IT"},{"@type":"WebPage","@id":"https:\/\/www.pressenza.com\/it\/2016\/11\/perche-facciamo-questagenzia-stampa\/","url":"https:\/\/www.pressenza.com\/it\/2016\/11\/perche-facciamo-questagenzia-stampa\/","name":"Perch\u00e9 facciamo quest\u2019agenzia stampa","isPartOf":{"@id":"https:\/\/www.pressenza.com\/it\/#website"},"primaryImageOfPage":{"@id":"https:\/\/www.pressenza.com\/it\/2016\/11\/perche-facciamo-questagenzia-stampa\/#primaryimage"},"image":{"@id":"https:\/\/www.pressenza.com\/it\/2016\/11\/perche-facciamo-questagenzia-stampa\/#primaryimage"},"thumbnailUrl":"https:\/\/www.pressenza.com\/wp-content\/uploads\/2016\/08\/Pressenza-en-Quito19.jpg","datePublished":"2016-11-12T11:15:36+00:00","dateModified":"2016-11-12T15:08:44+00:00","description":"&nbsp; Ci sono dei momenti, molto differenti tra loro (incontri pubblici, momentri di sconforto, lettori impertinenti, ecc.) in cui ci chiedono e ci","breadcrumb":{"@id":"https:\/\/www.pressenza.com\/it\/2016\/11\/perche-facciamo-questagenzia-stampa\/#breadcrumb"},"inLanguage":"it-IT","potentialAction":[{"@type":"ReadAction","target":["https:\/\/www.pressenza.com\/it\/2016\/11\/perche-facciamo-questagenzia-stampa\/"]}]},{"@type":"ImageObject","inLanguage":"it-IT","@id":"https:\/\/www.pressenza.com\/it\/2016\/11\/perche-facciamo-questagenzia-stampa\/#primaryimage","url":"https:\/\/www.pressenza.com\/wp-content\/uploads\/2016\/08\/Pressenza-en-Quito19.jpg","contentUrl":"https:\/\/www.pressenza.com\/wp-content\/uploads\/2016\/08\/Pressenza-en-Quito19.jpg","width":4288,"height":2848},{"@type":"BreadcrumbList","@id":"https:\/\/www.pressenza.com\/it\/2016\/11\/perche-facciamo-questagenzia-stampa\/#breadcrumb","itemListElement":[{"@type":"ListItem","position":1,"name":"Accueil","item":"https:\/\/www.pressenza.com\/it\/"},{"@type":"ListItem","position":2,"name":"Perch\u00e9 facciamo quest\u2019agenzia stampa"}]},{"@type":"WebSite","@id":"https:\/\/www.pressenza.com\/it\/#website","url":"https:\/\/www.pressenza.com\/it\/","name":"Pressenza","description":"Agenzia di Stampa Internazionale","publisher":{"@id":"https:\/\/www.pressenza.com\/it\/#organization"},"potentialAction":[{"@type":"SearchAction","target":{"@type":"EntryPoint","urlTemplate":"https:\/\/www.pressenza.com\/it\/?s={search_term_string}"},"query-input":{"@type":"PropertyValueSpecification","valueRequired":true,"valueName":"search_term_string"}}],"inLanguage":"it-IT"},{"@type":"Organization","@id":"https:\/\/www.pressenza.com\/it\/#organization","name":"Pressenza","url":"https:\/\/www.pressenza.com\/it\/","logo":{"@type":"ImageObject","inLanguage":"it-IT","@id":"https:\/\/www.pressenza.com\/it\/#\/schema\/logo\/image\/","url":"https:\/\/www.pressenza.com\/wp-content\/uploads\/2022\/10\/pressenza_logo_200x200.jpg","contentUrl":"https:\/\/www.pressenza.com\/wp-content\/uploads\/2022\/10\/pressenza_logo_200x200.jpg","width":200,"height":200,"caption":"Pressenza"},"image":{"@id":"https:\/\/www.pressenza.com\/it\/#\/schema\/logo\/image\/"},"sameAs":["https:\/\/www.facebook.com\/PressenzaItalia","https:\/\/x.com\/PressenzaIPA"]},{"@type":"Person","@id":"https:\/\/www.pressenza.com\/it\/#\/schema\/person\/636f8feb51f63f34e7378d5fcdd1de53","name":"Olivier Turquet","description":"Takes care of writing to tell the reality for about 40 years. He has worked with paper publications, radio and electronic He founded the electronic news agency humanist Good News. He was press secretary to various events such as: the International Humanist, Florence Play, the World March for Peace and Nonviolence. Currently coordinates the Italian team of Pressenza. olivierturquet.wordpress.com","sameAs":["http:\/\/olivierturquet.wordpress.com"],"url":"https:\/\/www.pressenza.com\/it\/author\/olivier-turquet\/"}]}},"place":"","original_article_url":"","_links":{"self":[{"href":"https:\/\/www.pressenza.com\/it\/wp-json\/wp\/v2\/posts\/395577","targetHints":{"allow":["GET"]}}],"collection":[{"href":"https:\/\/www.pressenza.com\/it\/wp-json\/wp\/v2\/posts"}],"about":[{"href":"https:\/\/www.pressenza.com\/it\/wp-json\/wp\/v2\/types\/post"}],"author":[{"embeddable":true,"href":"https:\/\/www.pressenza.com\/it\/wp-json\/wp\/v2\/users\/10"}],"replies":[{"embeddable":true,"href":"https:\/\/www.pressenza.com\/it\/wp-json\/wp\/v2\/comments?post=395577"}],"version-history":[{"count":0,"href":"https:\/\/www.pressenza.com\/it\/wp-json\/wp\/v2\/posts\/395577\/revisions"}],"wp:featuredmedia":[{"embeddable":true,"href":"https:\/\/www.pressenza.com\/it\/wp-json\/wp\/v2\/media\/355951"}],"wp:attachment":[{"href":"https:\/\/www.pressenza.com\/it\/wp-json\/wp\/v2\/media?parent=395577"}],"wp:term":[{"taxonomy":"category","embeddable":true,"href":"https:\/\/www.pressenza.com\/it\/wp-json\/wp\/v2\/categories?post=395577"},{"taxonomy":"post_tag","embeddable":true,"href":"https:\/\/www.pressenza.com\/it\/wp-json\/wp\/v2\/tags?post=395577"}],"curies":[{"name":"wp","href":"https:\/\/api.w.org\/{rel}","templated":true}]}}