{"id":395023,"date":"2016-11-10T17:08:05","date_gmt":"2016-11-10T17:08:05","guid":{"rendered":"http:\/\/www.pressenza.com\/it\/?p=395023"},"modified":"2016-11-10T17:08:24","modified_gmt":"2016-11-10T17:08:24","slug":"con-lelezione-di-trump-anche-la-pena-capitale-guadagna-terreno","status":"publish","type":"post","link":"https:\/\/www.pressenza.com\/it\/2016\/11\/con-lelezione-di-trump-anche-la-pena-capitale-guadagna-terreno\/","title":{"rendered":"Con l\u2019elezione di Trump anche la pena capitale guadagna terreno"},"content":{"rendered":"<p>La notizia dell\u2019elezione di Trump a 45esimo presidente degli Stati Uniti d\u2019America ha scioccato un po\u2019 tutti e, credo proprio a causa di questo shock, sono passati quasi inosservati i risultati di alcuni quesiti referendari, fra cui uso di marijuana, suicidio assistito, salario minimo, adozione della pena capitale e altro, a cui i cittadini americani di molti Stati sono stati chiamati a rispondere in occasione delle stesse elezioni.<\/p>\n<p>Per la cronaca, qualcuno sar\u00e0 sorpreso di sapere che in alcuni Stati si \u00e8 deciso di regolarizzare la marijuana anche a scopo ricreativo e che il suicidio assistito \u00e8 diventato legge in Colorado (per informazioni dettagliate su questi temi si veda qui: <a href=\"http:\/\/tg24.sky.it\/tg24\/mondo\/2016\/11\/09\/Usa-2016-elezioni-referendum-risultati-porno-marijuana-armi-pena-morte.html\">http:\/\/tg24.sky.it\/tg24\/mondo\/2016\/11\/09\/Usa-2016-elezioni-referendum-risultati-porno-marijuana-armi-pena-morte.html<\/a> ).<\/p>\n<p>Per quanto riguarda la pena di morte, non possiamo che prendere atto di un preoccupante passo indietro, peraltro proprio in un momento in cui, secondo attendibili sondaggi, la maggioranza degli americani si dichiarava contraria, preferendo a questa pena irreversibile l\u2019ergastolo senza possibilit\u00e0 di rilascio sulla parola.<\/p>\n<p>Inoltre, secondo i dati del <em>Death Penalty Information Center<\/em>, un\u2019associazione senza scopo di lucro che raccoglie e fornisce informazioni e analisi sulla diffusione e l\u2019uso della pena capitale negli USA, questo \u00e8 l\u2019anno in cui si registra il minor numero di esecuzioni in tutto il paese dal 1991 a oggi, oltre al minor numero di condanne capitali emesse dal ripristino della pena di morte nel 1976 (per dati dettagliati sulla pena capitale negli USA si veda qui: <a href=\"http:\/\/www.deathpenaltyinfo.org\/\">http:\/\/www.deathpenaltyinfo.org\/<\/a> ).<\/p>\n<p>Nonostante questi risultati non avranno impatto immediato sulle esecuzioni a causa di battaglie legali e i noti problemi legati alle sostanze chimiche somministrate nelle iniezioni letali, gli elettori del Nebraska (dove non vi sono esecuzioni dal 1997 e dove attualmente sono detenute 10 persone nel braccio della morte) hanno votato per la reintroduzione di questa pena estrema e definitiva, respingendo quindi la decisione di sospensione presa lo scorso anno dal Parlamento dello Stato. Il referendum \u00e8 stato approvato con il 60% dei voti.<\/p>\n<p>In Oklahoma, Stato noto per il suo conservatorismo, gli elettori hanno votato la legittimit\u00e0 della pena capitale, dedicando a questa pratica una sezione nella Costituzione dello Stato, nella quale vengono definite norme e nuovi metodi di esecuzione. Lo scorso anno l\u2019Oklahoma aveva sospeso le esecuzioni capitali per risolvere questioni legate ai farmaci utilizzati per procurare la morte ai condannati.<\/p>\n<p>Nella roccaforte della democrazia americana, la California, dove non si registrano esecuzioni dal 2006, il referendum che proponeva l\u2019abrogazione della pena di morte \u00e8 stato respinto e per poco non \u00e8 stata approvata una misura che prevedeva la velocizzazione dei procedimenti nei casi capitali. Da notare, fra l\u2019altro, che il braccio della morte di questo Stato \u00e8 il pi\u00f9 popolato di tutto il paese (circa 750 detenuti).<\/p>\n<p>E\u2019 evidente come tutto questo rappresenti una sconfitta per i singoli e le associazioni che da anni si battono, nel mondo intero, per l\u2019abolizione della pena capitale, considerandola una pena inumana ed eticamente inaccettabile.<\/p>\n<p>Quanto sta accadendo negli Stati Uniti d\u2019America \u00e8 per noi fonte di forte preoccupazione, ma sia chiaro che riuscire ad abolire questa pena, che rappresenta la violazione del pi\u00f9 fondamentale dei diritti umani, ossia il diritto alla vita, resta per noi una priorit\u00e0 assoluta. E\u2019 con orgoglio che l\u2019Europa \u00e8 da anni in prima linea in questa battaglia; nonostante la nostra delusione, continueremo a lottare affinch\u00e9 questo retaggio di incivilt\u00e0 medievale diventi finalmente un ricordo del passato.<\/p>\n<p>Arianna Ballotta<\/p>\n<p>Presidente della Coalizione Italiana contro la Pena di Morte<\/p>\n<p><a href=\"http:\/\/www.coalit.org\">www.coalit.org<\/a><\/p>\n<p>&nbsp;<\/p>\n","protected":false},"excerpt":{"rendered":"<p>La notizia dell\u2019elezione di Trump a 45esimo presidente degli Stati Uniti d\u2019America ha scioccato un po\u2019 tutti e, credo proprio a causa di questo shock, sono passati quasi inosservati i risultati di alcuni quesiti referendari, fra cui uso di marijuana,&hellip;<\/p>\n","protected":false},"author":594,"featured_media":395024,"comment_status":"closed","ping_status":"closed","sticky":false,"template":"","format":"standard","meta":{"footnotes":""},"categories":[60,49],"tags":[739,190,32471,1453,32470],"class_list":["post-395023","post","type-post","status-publish","format-standard","has-post-thumbnail","hentry","category-diritti-umani","category-nord-america","tag-pena-di-morte","tag-referendum","tag-suicidio-assistito","tag-usa-it","tag-uso-di-marijuana"],"yoast_head":"<!-- This site is optimized with the Yoast SEO plugin v27.1.1 - https:\/\/yoast.com\/product\/yoast-seo-wordpress\/ -->\n<title>Con l\u2019elezione di Trump anche la pena capitale guadagna terreno<\/title>\n<meta name=\"description\" content=\"La notizia dell\u2019elezione di Trump a 45esimo presidente degli Stati Uniti d\u2019America ha scioccato un po\u2019 tutti e, credo proprio a causa di questo shock,\" \/>\n<meta name=\"robots\" content=\"index, follow, max-snippet:-1, max-image-preview:large, max-video-preview:-1\" \/>\n<link rel=\"canonical\" href=\"https:\/\/www.pressenza.com\/it\/2016\/11\/con-lelezione-di-trump-anche-la-pena-capitale-guadagna-terreno\/\" \/>\n<meta property=\"og:locale\" content=\"it_IT\" \/>\n<meta property=\"og:type\" content=\"article\" \/>\n<meta property=\"og:title\" content=\"Con l\u2019elezione di Trump anche la pena capitale guadagna terreno\" \/>\n<meta property=\"og:description\" content=\"La notizia dell\u2019elezione di Trump a 45esimo presidente degli Stati Uniti d\u2019America ha scioccato un po\u2019 tutti e, credo proprio a causa di questo shock,\" \/>\n<meta property=\"og:url\" content=\"https:\/\/www.pressenza.com\/it\/2016\/11\/con-lelezione-di-trump-anche-la-pena-capitale-guadagna-terreno\/\" \/>\n<meta property=\"og:site_name\" content=\"Pressenza\" \/>\n<meta property=\"article:publisher\" content=\"https:\/\/www.facebook.com\/PressenzaItalia\" \/>\n<meta property=\"article:author\" content=\"https:\/\/www.facebook.com\/PressenzaItalia\" \/>\n<meta property=\"article:published_time\" content=\"2016-11-10T17:08:05+00:00\" \/>\n<meta property=\"article:modified_time\" content=\"2016-11-10T17:08:24+00:00\" \/>\n<meta property=\"og:image\" content=\"https:\/\/www.pressenza.com\/wp-content\/uploads\/2016\/11\/Group_of_people_holding_signs_at_a_death_penalty_protest.jpeg\" \/>\n\t<meta property=\"og:image:width\" content=\"1728\" \/>\n\t<meta property=\"og:image:height\" content=\"1126\" \/>\n\t<meta property=\"og:image:type\" content=\"image\/jpeg\" \/>\n<meta name=\"author\" content=\"Redazione Italia\" \/>\n<meta name=\"twitter:card\" content=\"summary_large_image\" \/>\n<meta name=\"twitter:creator\" content=\"@pressenza_it\" \/>\n<meta name=\"twitter:site\" content=\"@PressenzaIPA\" \/>\n<meta name=\"twitter:label1\" content=\"Scritto da\" \/>\n\t<meta name=\"twitter:data1\" content=\"Redazione Italia\" \/>\n\t<meta name=\"twitter:label2\" content=\"Tempo di lettura stimato\" \/>\n\t<meta name=\"twitter:data2\" content=\"3 minuti\" \/>\n<script type=\"application\/ld+json\" class=\"yoast-schema-graph\">{\"@context\":\"https:\/\/schema.org\",\"@graph\":[{\"@type\":\"Article\",\"@id\":\"https:\/\/www.pressenza.com\/it\/2016\/11\/con-lelezione-di-trump-anche-la-pena-capitale-guadagna-terreno\/#article\",\"isPartOf\":{\"@id\":\"https:\/\/www.pressenza.com\/it\/2016\/11\/con-lelezione-di-trump-anche-la-pena-capitale-guadagna-terreno\/\"},\"author\":{\"name\":\"Redazione Italia\",\"@id\":\"https:\/\/www.pressenza.com\/it\/#\/schema\/person\/d983e81827ae24f2c7b1a2123d197f8d\"},\"headline\":\"Con l\u2019elezione di Trump anche la pena capitale guadagna terreno\",\"datePublished\":\"2016-11-10T17:08:05+00:00\",\"dateModified\":\"2016-11-10T17:08:24+00:00\",\"mainEntityOfPage\":{\"@id\":\"https:\/\/www.pressenza.com\/it\/2016\/11\/con-lelezione-di-trump-anche-la-pena-capitale-guadagna-terreno\/\"},\"wordCount\":588,\"publisher\":{\"@id\":\"https:\/\/www.pressenza.com\/it\/#organization\"},\"image\":{\"@id\":\"https:\/\/www.pressenza.com\/it\/2016\/11\/con-lelezione-di-trump-anche-la-pena-capitale-guadagna-terreno\/#primaryimage\"},\"thumbnailUrl\":\"https:\/\/www.pressenza.com\/wp-content\/uploads\/2016\/11\/Group_of_people_holding_signs_at_a_death_penalty_protest.jpeg\",\"keywords\":[\"pena di morte\",\"referendum\",\"suicidio assistito\",\"USA\",\"uso di marijuana\"],\"articleSection\":[\"Diritti Umani\",\"Nord America\"],\"inLanguage\":\"it-IT\"},{\"@type\":\"WebPage\",\"@id\":\"https:\/\/www.pressenza.com\/it\/2016\/11\/con-lelezione-di-trump-anche-la-pena-capitale-guadagna-terreno\/\",\"url\":\"https:\/\/www.pressenza.com\/it\/2016\/11\/con-lelezione-di-trump-anche-la-pena-capitale-guadagna-terreno\/\",\"name\":\"Con l\u2019elezione di Trump anche la pena capitale guadagna terreno\",\"isPartOf\":{\"@id\":\"https:\/\/www.pressenza.com\/it\/#website\"},\"primaryImageOfPage\":{\"@id\":\"https:\/\/www.pressenza.com\/it\/2016\/11\/con-lelezione-di-trump-anche-la-pena-capitale-guadagna-terreno\/#primaryimage\"},\"image\":{\"@id\":\"https:\/\/www.pressenza.com\/it\/2016\/11\/con-lelezione-di-trump-anche-la-pena-capitale-guadagna-terreno\/#primaryimage\"},\"thumbnailUrl\":\"https:\/\/www.pressenza.com\/wp-content\/uploads\/2016\/11\/Group_of_people_holding_signs_at_a_death_penalty_protest.jpeg\",\"datePublished\":\"2016-11-10T17:08:05+00:00\",\"dateModified\":\"2016-11-10T17:08:24+00:00\",\"description\":\"La notizia dell\u2019elezione di Trump a 45esimo presidente degli Stati Uniti d\u2019America ha scioccato un po\u2019 tutti e, credo proprio a causa di questo shock,\",\"breadcrumb\":{\"@id\":\"https:\/\/www.pressenza.com\/it\/2016\/11\/con-lelezione-di-trump-anche-la-pena-capitale-guadagna-terreno\/#breadcrumb\"},\"inLanguage\":\"it-IT\",\"potentialAction\":[{\"@type\":\"ReadAction\",\"target\":[\"https:\/\/www.pressenza.com\/it\/2016\/11\/con-lelezione-di-trump-anche-la-pena-capitale-guadagna-terreno\/\"]}]},{\"@type\":\"ImageObject\",\"inLanguage\":\"it-IT\",\"@id\":\"https:\/\/www.pressenza.com\/it\/2016\/11\/con-lelezione-di-trump-anche-la-pena-capitale-guadagna-terreno\/#primaryimage\",\"url\":\"https:\/\/www.pressenza.com\/wp-content\/uploads\/2016\/11\/Group_of_people_holding_signs_at_a_death_penalty_protest.jpeg\",\"contentUrl\":\"https:\/\/www.pressenza.com\/wp-content\/uploads\/2016\/11\/Group_of_people_holding_signs_at_a_death_penalty_protest.jpeg\",\"width\":1728,\"height\":1126},{\"@type\":\"BreadcrumbList\",\"@id\":\"https:\/\/www.pressenza.com\/it\/2016\/11\/con-lelezione-di-trump-anche-la-pena-capitale-guadagna-terreno\/#breadcrumb\",\"itemListElement\":[{\"@type\":\"ListItem\",\"position\":1,\"name\":\"Accueil\",\"item\":\"https:\/\/www.pressenza.com\/it\/\"},{\"@type\":\"ListItem\",\"position\":2,\"name\":\"Con l\u2019elezione di Trump anche la pena capitale guadagna terreno\"}]},{\"@type\":\"WebSite\",\"@id\":\"https:\/\/www.pressenza.com\/it\/#website\",\"url\":\"https:\/\/www.pressenza.com\/it\/\",\"name\":\"Pressenza\",\"description\":\"Agenzia di Stampa Internazionale\",\"publisher\":{\"@id\":\"https:\/\/www.pressenza.com\/it\/#organization\"},\"potentialAction\":[{\"@type\":\"SearchAction\",\"target\":{\"@type\":\"EntryPoint\",\"urlTemplate\":\"https:\/\/www.pressenza.com\/it\/?s={search_term_string}\"},\"query-input\":{\"@type\":\"PropertyValueSpecification\",\"valueRequired\":true,\"valueName\":\"search_term_string\"}}],\"inLanguage\":\"it-IT\"},{\"@type\":\"Organization\",\"@id\":\"https:\/\/www.pressenza.com\/it\/#organization\",\"name\":\"Pressenza\",\"url\":\"https:\/\/www.pressenza.com\/it\/\",\"logo\":{\"@type\":\"ImageObject\",\"inLanguage\":\"it-IT\",\"@id\":\"https:\/\/www.pressenza.com\/it\/#\/schema\/logo\/image\/\",\"url\":\"https:\/\/www.pressenza.com\/wp-content\/uploads\/2022\/10\/pressenza_logo_200x200.jpg\",\"contentUrl\":\"https:\/\/www.pressenza.com\/wp-content\/uploads\/2022\/10\/pressenza_logo_200x200.jpg\",\"width\":200,\"height\":200,\"caption\":\"Pressenza\"},\"image\":{\"@id\":\"https:\/\/www.pressenza.com\/it\/#\/schema\/logo\/image\/\"},\"sameAs\":[\"https:\/\/www.facebook.com\/PressenzaItalia\",\"https:\/\/x.com\/PressenzaIPA\"]},{\"@type\":\"Person\",\"@id\":\"https:\/\/www.pressenza.com\/it\/#\/schema\/person\/d983e81827ae24f2c7b1a2123d197f8d\",\"name\":\"Redazione Italia\",\"description\":\"News from the Pressenza Bureau in Italy\",\"sameAs\":[\"https:\/\/www.pressenza.com\/it\/author\/redazione-italia\/\",\"https:\/\/www.facebook.com\/PressenzaItalia\",\"https:\/\/www.instagram.com\/pressenza_italia\/\",\"https:\/\/x.com\/pressenza_it\",\"https:\/\/www.youtube.com\/channel\/UCSalEIWjE1RSxkwjfftFuqg\"],\"url\":\"https:\/\/www.pressenza.com\/it\/author\/redazione-italia\/\"}]}<\/script>\n<!-- \/ Yoast SEO plugin. -->","yoast_head_json":{"title":"Con l\u2019elezione di Trump anche la pena capitale guadagna terreno","description":"La notizia dell\u2019elezione di Trump a 45esimo presidente degli Stati Uniti d\u2019America ha scioccato un po\u2019 tutti e, credo proprio a causa di questo shock,","robots":{"index":"index","follow":"follow","max-snippet":"max-snippet:-1","max-image-preview":"max-image-preview:large","max-video-preview":"max-video-preview:-1"},"canonical":"https:\/\/www.pressenza.com\/it\/2016\/11\/con-lelezione-di-trump-anche-la-pena-capitale-guadagna-terreno\/","og_locale":"it_IT","og_type":"article","og_title":"Con l\u2019elezione di Trump anche la pena capitale guadagna terreno","og_description":"La notizia dell\u2019elezione di Trump a 45esimo presidente degli Stati Uniti d\u2019America ha scioccato un po\u2019 tutti e, credo proprio a causa di questo shock,","og_url":"https:\/\/www.pressenza.com\/it\/2016\/11\/con-lelezione-di-trump-anche-la-pena-capitale-guadagna-terreno\/","og_site_name":"Pressenza","article_publisher":"https:\/\/www.facebook.com\/PressenzaItalia","article_author":"https:\/\/www.facebook.com\/PressenzaItalia","article_published_time":"2016-11-10T17:08:05+00:00","article_modified_time":"2016-11-10T17:08:24+00:00","og_image":[{"width":1728,"height":1126,"url":"https:\/\/www.pressenza.com\/wp-content\/uploads\/2016\/11\/Group_of_people_holding_signs_at_a_death_penalty_protest.jpeg","type":"image\/jpeg"}],"author":"Redazione Italia","twitter_card":"summary_large_image","twitter_creator":"@pressenza_it","twitter_site":"@PressenzaIPA","twitter_misc":{"Scritto da":"Redazione Italia","Tempo di lettura stimato":"3 minuti"},"schema":{"@context":"https:\/\/schema.org","@graph":[{"@type":"Article","@id":"https:\/\/www.pressenza.com\/it\/2016\/11\/con-lelezione-di-trump-anche-la-pena-capitale-guadagna-terreno\/#article","isPartOf":{"@id":"https:\/\/www.pressenza.com\/it\/2016\/11\/con-lelezione-di-trump-anche-la-pena-capitale-guadagna-terreno\/"},"author":{"name":"Redazione Italia","@id":"https:\/\/www.pressenza.com\/it\/#\/schema\/person\/d983e81827ae24f2c7b1a2123d197f8d"},"headline":"Con l\u2019elezione di Trump anche la pena capitale guadagna terreno","datePublished":"2016-11-10T17:08:05+00:00","dateModified":"2016-11-10T17:08:24+00:00","mainEntityOfPage":{"@id":"https:\/\/www.pressenza.com\/it\/2016\/11\/con-lelezione-di-trump-anche-la-pena-capitale-guadagna-terreno\/"},"wordCount":588,"publisher":{"@id":"https:\/\/www.pressenza.com\/it\/#organization"},"image":{"@id":"https:\/\/www.pressenza.com\/it\/2016\/11\/con-lelezione-di-trump-anche-la-pena-capitale-guadagna-terreno\/#primaryimage"},"thumbnailUrl":"https:\/\/www.pressenza.com\/wp-content\/uploads\/2016\/11\/Group_of_people_holding_signs_at_a_death_penalty_protest.jpeg","keywords":["pena di morte","referendum","suicidio assistito","USA","uso di marijuana"],"articleSection":["Diritti Umani","Nord America"],"inLanguage":"it-IT"},{"@type":"WebPage","@id":"https:\/\/www.pressenza.com\/it\/2016\/11\/con-lelezione-di-trump-anche-la-pena-capitale-guadagna-terreno\/","url":"https:\/\/www.pressenza.com\/it\/2016\/11\/con-lelezione-di-trump-anche-la-pena-capitale-guadagna-terreno\/","name":"Con l\u2019elezione di Trump anche la pena capitale guadagna terreno","isPartOf":{"@id":"https:\/\/www.pressenza.com\/it\/#website"},"primaryImageOfPage":{"@id":"https:\/\/www.pressenza.com\/it\/2016\/11\/con-lelezione-di-trump-anche-la-pena-capitale-guadagna-terreno\/#primaryimage"},"image":{"@id":"https:\/\/www.pressenza.com\/it\/2016\/11\/con-lelezione-di-trump-anche-la-pena-capitale-guadagna-terreno\/#primaryimage"},"thumbnailUrl":"https:\/\/www.pressenza.com\/wp-content\/uploads\/2016\/11\/Group_of_people_holding_signs_at_a_death_penalty_protest.jpeg","datePublished":"2016-11-10T17:08:05+00:00","dateModified":"2016-11-10T17:08:24+00:00","description":"La notizia dell\u2019elezione di Trump a 45esimo presidente degli Stati Uniti d\u2019America ha scioccato un po\u2019 tutti e, credo proprio a causa di questo shock,","breadcrumb":{"@id":"https:\/\/www.pressenza.com\/it\/2016\/11\/con-lelezione-di-trump-anche-la-pena-capitale-guadagna-terreno\/#breadcrumb"},"inLanguage":"it-IT","potentialAction":[{"@type":"ReadAction","target":["https:\/\/www.pressenza.com\/it\/2016\/11\/con-lelezione-di-trump-anche-la-pena-capitale-guadagna-terreno\/"]}]},{"@type":"ImageObject","inLanguage":"it-IT","@id":"https:\/\/www.pressenza.com\/it\/2016\/11\/con-lelezione-di-trump-anche-la-pena-capitale-guadagna-terreno\/#primaryimage","url":"https:\/\/www.pressenza.com\/wp-content\/uploads\/2016\/11\/Group_of_people_holding_signs_at_a_death_penalty_protest.jpeg","contentUrl":"https:\/\/www.pressenza.com\/wp-content\/uploads\/2016\/11\/Group_of_people_holding_signs_at_a_death_penalty_protest.jpeg","width":1728,"height":1126},{"@type":"BreadcrumbList","@id":"https:\/\/www.pressenza.com\/it\/2016\/11\/con-lelezione-di-trump-anche-la-pena-capitale-guadagna-terreno\/#breadcrumb","itemListElement":[{"@type":"ListItem","position":1,"name":"Accueil","item":"https:\/\/www.pressenza.com\/it\/"},{"@type":"ListItem","position":2,"name":"Con l\u2019elezione di Trump anche la pena capitale guadagna terreno"}]},{"@type":"WebSite","@id":"https:\/\/www.pressenza.com\/it\/#website","url":"https:\/\/www.pressenza.com\/it\/","name":"Pressenza","description":"Agenzia di Stampa Internazionale","publisher":{"@id":"https:\/\/www.pressenza.com\/it\/#organization"},"potentialAction":[{"@type":"SearchAction","target":{"@type":"EntryPoint","urlTemplate":"https:\/\/www.pressenza.com\/it\/?s={search_term_string}"},"query-input":{"@type":"PropertyValueSpecification","valueRequired":true,"valueName":"search_term_string"}}],"inLanguage":"it-IT"},{"@type":"Organization","@id":"https:\/\/www.pressenza.com\/it\/#organization","name":"Pressenza","url":"https:\/\/www.pressenza.com\/it\/","logo":{"@type":"ImageObject","inLanguage":"it-IT","@id":"https:\/\/www.pressenza.com\/it\/#\/schema\/logo\/image\/","url":"https:\/\/www.pressenza.com\/wp-content\/uploads\/2022\/10\/pressenza_logo_200x200.jpg","contentUrl":"https:\/\/www.pressenza.com\/wp-content\/uploads\/2022\/10\/pressenza_logo_200x200.jpg","width":200,"height":200,"caption":"Pressenza"},"image":{"@id":"https:\/\/www.pressenza.com\/it\/#\/schema\/logo\/image\/"},"sameAs":["https:\/\/www.facebook.com\/PressenzaItalia","https:\/\/x.com\/PressenzaIPA"]},{"@type":"Person","@id":"https:\/\/www.pressenza.com\/it\/#\/schema\/person\/d983e81827ae24f2c7b1a2123d197f8d","name":"Redazione Italia","description":"News from the Pressenza Bureau in Italy","sameAs":["https:\/\/www.pressenza.com\/it\/author\/redazione-italia\/","https:\/\/www.facebook.com\/PressenzaItalia","https:\/\/www.instagram.com\/pressenza_italia\/","https:\/\/x.com\/pressenza_it","https:\/\/www.youtube.com\/channel\/UCSalEIWjE1RSxkwjfftFuqg"],"url":"https:\/\/www.pressenza.com\/it\/author\/redazione-italia\/"}]}},"place":"","original_article_url":"","_links":{"self":[{"href":"https:\/\/www.pressenza.com\/it\/wp-json\/wp\/v2\/posts\/395023","targetHints":{"allow":["GET"]}}],"collection":[{"href":"https:\/\/www.pressenza.com\/it\/wp-json\/wp\/v2\/posts"}],"about":[{"href":"https:\/\/www.pressenza.com\/it\/wp-json\/wp\/v2\/types\/post"}],"author":[{"embeddable":true,"href":"https:\/\/www.pressenza.com\/it\/wp-json\/wp\/v2\/users\/594"}],"replies":[{"embeddable":true,"href":"https:\/\/www.pressenza.com\/it\/wp-json\/wp\/v2\/comments?post=395023"}],"version-history":[{"count":0,"href":"https:\/\/www.pressenza.com\/it\/wp-json\/wp\/v2\/posts\/395023\/revisions"}],"wp:featuredmedia":[{"embeddable":true,"href":"https:\/\/www.pressenza.com\/it\/wp-json\/wp\/v2\/media\/395024"}],"wp:attachment":[{"href":"https:\/\/www.pressenza.com\/it\/wp-json\/wp\/v2\/media?parent=395023"}],"wp:term":[{"taxonomy":"category","embeddable":true,"href":"https:\/\/www.pressenza.com\/it\/wp-json\/wp\/v2\/categories?post=395023"},{"taxonomy":"post_tag","embeddable":true,"href":"https:\/\/www.pressenza.com\/it\/wp-json\/wp\/v2\/tags?post=395023"}],"curies":[{"name":"wp","href":"https:\/\/api.w.org\/{rel}","templated":true}]}}