{"id":394616,"date":"2016-11-09T16:40:47","date_gmt":"2016-11-09T16:40:47","guid":{"rendered":"http:\/\/www.pressenza.com\/it\/?p=394616"},"modified":"2016-11-09T19:15:38","modified_gmt":"2016-11-09T19:15:38","slug":"turchia-prosegue-lepurazione-del-governo-arrestati-dodici-parlamentari","status":"publish","type":"post","link":"https:\/\/www.pressenza.com\/it\/2016\/11\/turchia-prosegue-lepurazione-del-governo-arrestati-dodici-parlamentari\/","title":{"rendered":"Turchia: prosegue l&#8217;epurazione del governo. Arrestati dodici parlamentari"},"content":{"rendered":"<p>Nelle prime ore del 4 novembre sono stati presi in detenzione cautelare dodici parlamentari appartenenti al <a href=\"https:\/\/it.wikipedia.org\/wiki\/Partito_Democratico_dei_Popoli_(Turchia)\">Partito Democratico dei Popoli<\/a> (HDP). Nove di questi sono finiti in diversi centri di detenzione, gli altri tre, invece, sono stati lasciati liberi con la condizionale.<\/p>\n<p>Il 20 maggio di questo anno 376 parlamentari hanno votato a favore della rimozione dell&#8217;immunit\u00e0 parlamentare. Una decisione storica sostenuta fortemente dal Presidente della Repubblica, il partito al governo e dai due partiti dell&#8217;opposizione, ovvero il <a href=\"https:\/\/it.wikipedia.org\/wiki\/Partito_Popolare_Repubblicano\">CHP<\/a> e il <a href=\"https:\/\/it.wikipedia.org\/wiki\/Partito_del_Movimento_Nazionalista\">MHP<\/a>. L&#8217;obiettivo \u00e8 stato appunto quello di permettere ai giudici di processare quei deputati accusati di aver commesso diversi reati, ormai privati dello scudo parlamentare.<\/p>\n<p>Il Presidente della Repubblica promuoveva a Rize questa novit\u00e0, lo stesso giorno della votazione attraverso queste parole: \u201cIl mio popolo non vuole vedere in Parlamento quei parlamentari che sono colpevoli in questo paese. Soprattutto non vuole vedere in questo Parlamento quelli sostenuti dall&#8217;organizzazione terroristica separatista\u201d.<\/p>\n<p>Kemal Kilicdaroglu, leader del CHP, un mese prima della votazione comunicava la posizione del proprio partito: <strong>\u201cAnche se si tratta di una proposta anticostituzionale, noi voteremo &#8216;S\u00ec&#8217;. Si tratta di un cambiamento che inganna il popolo. Siamo pronti a pagare il conto per portare la vera democrazia in questo paese, anche a costo di andare in galera. Anche l&#8217;HDP deve prendere una decisione seria e deve votare &#8216;S\u00ec&#8217;. Deve rischiare tutto\u201d<\/strong>.<\/p>\n<p>Le carte pronte da mandare al Parlamento riguardano 237 parlamentari, cos\u00ec distribuiti: 27 dell&#8217;<a href=\"https:\/\/it.wikipedia.org\/wiki\/Partito_per_la_Giustizia_e_lo_Sviluppo_(Turchia)\">AKP<\/a>, 51 del CHP, 50 dell&#8217;HDP e 9 del MHP. Le accuse sono legate per la maggior parte a presunte attivit\u00e0 terroristiche: 216 denunce, 201 casi di offesa\/insulti, 55 casi di elogio del colpevole, 24 casi di incitamento della popolazione all&#8217;odio, 119 casi di violazione della legge sulle manifestazioni e riunioni pubbliche e infine 2 casi di propaganda contro il servizio militare obbligatorio.<\/p>\n<p>Nei mesi successivi sono stati scoperti i contenuti delle carte ed i giudici hanno iniziato a chiamare in appello i parlamentari sotto indagine. Guardiamo alcuni casi esemplari.<\/p>\n<p>Il primo caso riguarda il leader del CHP, Kemal Kilicdaroglu. Nelle carte contro di lui, 134 pagine riguardano casi in cui il politico socialdemocratico viene accusato di aver violato la legge sul vilipendio del Presidente della Repubblica. Come il 4 novembre del 2015, quando durante un&#8217;occasione pubblica nella citt\u00e0 di Antalya ha pronunciato queste parole: \u201cQuello che sta nel palazzo presidenziale ha portato il paese in una crisi\u201d. Oppure come nel caso del 21 agosto del 2015, quando in un&#8217;intervista rilasciata al quotidiano nazionale Hurriyet, le sue parole sono finite nel mirino dei giudici: \u201c<strong>\u00c8 il Presidente della Repubblica ad aver causato l&#8217;inizio del terrore in questo paese e a renderlo una piscina di sangue. Vorrebbe dettare le sue idee utilizzando il sangue, le lacrime e la repressione. Ora gli elettori vanno a votare di nuovo solamente per soddisfare l&#8217;ego di una persona\u201d<\/strong>. Infine l&#8217;intervista rilasciata al quotidiano nazionale Milliyet il 10 settembre del 2015: \u201cL\u2019unico responsabile di questa situazione \u00e8 la persona che sta nel Palazzo Presidenziale. Il responsabile di ogni goccia di sangue \u00e8 lui\u201d. Questi sono solo alcuni esempi che hanno spinto i giudici a fare delle denunce pubbliche, oppure a prendere in considerazione le denunce fatte dagli avvocati del Presidente della Repubblica.<\/p>\n<p>Le pagelle dei parlamentari dell&#8217;HDP sono leggermente pi\u00f9 complesse e kafkiane. La maggior parte delle accuse di promuovere le attivit\u00e0 di un&#8217;organizzazione terroristica si concentra su di loro. Per citare alcuni casi interessanti possiamo iniziare con Sirri Sureyya Onder, accusato di \u201ccostruire un&#8217;organizzazione terroristica, con l&#8217;obiettivo di compiere un atto criminale\u201d. Per sostenere quest&#8217;accusa, i giudici citano la lettura pubblica da parte di Onder della lettera scritta da Abdullah Ocalan, il leader storico de Partito dei Lavoratori del Kurdistan (<a href=\"https:\/\/it.wikipedia.org\/wiki\/Partito_dei_Lavoratori_del_Kurdistan\">PKK<\/a>). Il 21 marzo del 2013, Onder ha letto in tre lingue diverse nella piazza centrale della citt\u00e0 di Diyarbakir questa importante lettera, in cui Ocalan annunciava l&#8217;inizio di una nuova fase politica e invitava i militanti del PKK a deporre le armi. Una svolta storica arrivata attraverso il percorso di dialogo tra Ocalan, in esilio da anni in un&#8217;isola vicina a Istanbul, il governo e alcuni parlamentari dell&#8217;HDP che incontravano il leader del PKK con il consenso ed il permesso del governo. Questo storico dialogo ha permesso un temporaneo cessate al fuoco ed \u00e8 stato promosso in numerose occasioni da vari membri del governo, dal Primo Ministro dell&#8217;epoca e dal Presidente della Repubblica. Eppure la lettura di questa storica lettera \u00e8 oggi definita una prova per sostenere l\u2019accusa di terrorismo.<\/p>\n<p>Un altro caso riguarda Dengir Mir Mehmet Firat, parlamentare dell&#8217;HDP che viene accusato di vilipendio del Presidente della Repubblica per via di un post pubblicato su Facebook. Il 6 ottobre del 2015 gli avvocati del Presidente hanno denunciato il parlamentare e il primo marzo del 2016 i giudici hanno preparato le cartelle per inviarle al Parlamento. Tuttavia un piccolo dettaglio salta all\u2019occhio. Secondo i giudici, questo post viene scritto da Firat il 31 agosto del 2016, ovvero circa sei mesi dopo la stesura delle carte. Insomma, si tratterebbe di una violazione avvenuta \u201cdopo\u201d.<\/p>\n<p>Un altro caso invece coinvolge i due co-presidenti del partito, attualmente in arresto, Selahattin Demirtas e Figen Yuksekdag. Il 22 febbraio del 2015 la sede del partito nella citt\u00e0 di Kayseri \u00e8 stata attaccata da un gruppo ultra-nazionalista. I membri locali del partito hanno accusato la polizia per la mancata protezione. Gli avvocati dell\u2019HDP a nome dei co-presidenti hanno denunciato il Prefetto della citt\u00e0 presso la Procura di Kayseri. Questa mossa ha aperto la strada verso la rimozione dell&#8217;immunit\u00e0 parlamentare per Demirtas e Yuksekdag, perch\u00e9 tutti e due vengono accusati di \u201ccalunnia contro un funzionario statale\u201d. Dunque, tale denuncia risulta un crimine perseguibile secondo i giudici.<\/p>\n<p>Infine, il caso del parlamentare Faysal Sariyildiz. Nel gennaio del 2015 nella citt\u00e0 di Sanliurfa \u00e8 stata fermata l&#8217;auto del parlamentare, con cui viaggiava anche un militante del PYD (Partito dell&#8217;Unit\u00e0 Democratica), dal 2013 espressione partitica del confederalismo democratico in Rojava (nord della Siria). Secondo i giudici, all&#8217;interno dell\u2019auto il parlamentare trasportava armi dalla Siria in Turchia per consegnarle ai militanti del PKK. Tuttavia secondo un&#8217;indagine del maggio 2016 effettuata dai giornalisti del quotidiano nazionale Evrensel, \u00a0il giudice Ugurhan Kus, responsabile delle indagini, ha ammesso che all\u2019interno della macchina di Sariyildiz non si trovava nessuna arma. Eppure, lo stesso giudice ha deciso di mandare le carte al Parlamento, affinch\u00e9 venisse tolta l&#8217;immunit\u00e0 parlamentare a Faysal Sariyildiz.<\/p>\n<p>L&#8217;accusa di trasportare le armi dalla Siria alle mani dei militanti del PKK \u00e8 stata largamente sfruttata dal governo. Il Primo Ministro dell&#8217;epoca, Ahmet Davutoglu, durante un evento nella citt\u00e0 di Bingol il 27 febbraio 2016 affermava che il parlamentare dell&#8217;HDP aveva trasportato delle armi con la sua macchina. Tesi confermata dall&#8217;attuale Presidente della Repubblica il 19 aprile 2016: \u201cNonostante sia un parlamentare porta delle armi nella sua auto per i terroristi. La sua casa sembra la caserma dei terroristi\u201d.<\/p>\n<p>La campagna politica contro il parlamentare dell&#8217;HDP \u00e8 stata sostenuta dai media attraverso riprese diffuse dal canale televisivo A Haber nel luglio 2015. Si tratterebbe di una sequenza video in cui si vedono due macchine, una del parlamentare e l&#8217;altra della polizia in borghese. Le immagini mostrano i due veicoli fermarsi, i poliziotti avvicinarsi al mezzo del parlamentare e infine gli stessi che vanno via. Secondo A Haber le immagini mostrano una presunta operazione della polizia in cui vengono scoperte numerose armi nascoste nel mezzo del parlamentare dell&#8217;HDP. Il 26 luglio del 2015 il quotidiano Aksam \u00e8 uscito con questo titolo in prima pagina: \u201cLe immagini del trasporto delle armi del parlamentare dell&#8217;HDP\u201d. Il giornale sostiene l\u2019accusa mostrando le immagini catturate nel filmato trasmesso il giorno prima dal canale A Haber. In pochi giorni numerosi siti internet, canali televisivi e giornali nazionali diffondono le immagini e sostengono la presunta accusa. Analogamente si comporta il mondo politico.<\/p>\n<p>Vediamo chi sono alcuni degli attori mediatici protagonisti di questa campagna. Il canale televisivo che ha diffuso per primo le immagini, A Haber, \u00e8 stato fondato dal gruppo imprenditoriale Calik Holding guidato da Ahmet Calik. Questo famoso imprenditore che agisce nel settore edile ha comprato nel 2007 il quotidiano Sabah, il giornale Takvim e il canale televisivo Atv. Dopo aver integrato questi media nell&#8217;azienda del suo gruppo, Turkuaz Media, li ha venduti nel 2013 ad un altro gruppo imprenditoriale, la Kalyon Holding. Questa \u00e8 una societ\u00e0 del settore edile impegnata nella costruzione delle reti metropolitane in varie citt\u00e0 della Turchia, nel terzo aeroporto di Istanbul e nel progetto della caserma militare nell\u2019area del Parco Gezi di Istanbul. LaTurkuaz Medya, ormai appartenente al gruppo Kalyon, ha come vice amministratore delegato Serhat Albayrak, figlio della famiglia Albayrak, rappresentante di un altro gruppo imprenditoriale celebre in Turchia. Albayrak \u00e8 anche dal 2008 membro del consiglio d\u2019amministrazione del gruppo Calik Holding. Nello stesso gruppo dal 1999 al 2013 ha lavorato in veste di presidente generale della societ\u00e0 un altro membro della famiglia Albayrak. Stiamo parlando di Berat Albayrak, l&#8217;attuale Ministro dell&#8217;Energia, fratello di Serhat e genero dell&#8217;attuale Presidente della Repubblica. Inoltre Berat Albayrak scrive dal 2013 per il quotidiano nazionale Sabah, che prima apparteneva al gruppo Calik ed ora appartiene al gruppo Kalyon-Turkuaz. Il 25 luglio, questo quotidiano ha pubblicato la notizia sul parlamentare Faysal Sariyildiz: \u201cIl parlamentare dell&#8217;HDP che trasportava delle armi per il PKK \u00e8 stato fermato, ma non arrestato grazie all&#8217;immunit\u00e0 parlamentare\u201d.<\/p>\n<p>Questi sono soltanto alcuni piccoli esempi di come e perch\u00e9 in Turchia il mondo politico si trova in relazioni strette e collaborative con il mondo mediatico ed imprenditoriale . Attraverso questo reticolo \u00e8 possibile portare avanti una campagna senza nessun fondamento contro un parlamentare, oppure contro un partito politico. Si pu\u00f2 dunque manipolare l&#8217;opinione pubblica e influenzare il mondo giuridico fino a togliere l&#8217;immunit\u00e0 parlamentare ad un intero partito politico che rappresenta circa sette milioni di voti. La manipolazione dell&#8217;informazione e la co-presenza politico-mediatico-economica non lascia spazio alla libera informazione, alla partecipazione politica e al diritto d\u2019espressione.<\/p>\n<div id=\":o4\" class=\"pG\" data-tooltip-contained=\"true\" data-tooltip-align=\"b,l\" data-tooltip-delay=\"1500\"><\/div>\n<div id=\":o4\" class=\"pG\" data-tooltip-contained=\"true\" data-tooltip-align=\"b,l\" data-tooltip-delay=\"1500\"><\/div>\n<p>&nbsp;<\/p>\n","protected":false},"excerpt":{"rendered":"<p>In Turchia prosegue l&#8217;epurazione attuata da parte del governo a suon di arresti, propaganda mediatica e pugno di ferro, <\/p>\n","protected":false},"author":899,"featured_media":394659,"comment_status":"closed","ping_status":"closed","sticky":false,"template":"","format":"standard","meta":{"footnotes":""},"categories":[11388,60,52,55],"tags":[5284,29535,5199,17911,32446,32449,6715,32450,32447,1100],"class_list":["post-394616","post","type-post","status-publish","format-standard","has-post-thumbnail","hentry","category-contenuti-originali","category-diritti-umani","category-medio-oriente","category-politica","tag-arresti","tag-epurazione","tag-erdogan","tag-hdp","tag-parlamento-turco","tag-partito-democratico-dei-popoli-turco","tag-pkk-it","tag-propaganda-mediatica","tag-pugno-di-ferro","tag-turchia"],"yoast_head":"<!-- This site is optimized with the Yoast SEO plugin v27.1.1 - https:\/\/yoast.com\/product\/yoast-seo-wordpress\/ -->\n<title>Turchia: prosegue l&#039;epurazione del governo. Arrestati dodici parlamentari<\/title>\n<meta name=\"description\" content=\"In Turchia prosegue l&#039;epurazione attuata da parte del governo a suon di arresti, propaganda mediatica e pugno di ferro,\" \/>\n<meta name=\"robots\" content=\"index, follow, max-snippet:-1, max-image-preview:large, max-video-preview:-1\" \/>\n<link rel=\"canonical\" href=\"https:\/\/www.pressenza.com\/it\/2016\/11\/turchia-prosegue-lepurazione-del-governo-arrestati-dodici-parlamentari\/\" \/>\n<meta property=\"og:locale\" content=\"it_IT\" \/>\n<meta property=\"og:type\" content=\"article\" \/>\n<meta property=\"og:title\" content=\"Turchia: prosegue l&#039;epurazione del governo. Arrestati dodici parlamentari\" \/>\n<meta property=\"og:description\" content=\"In Turchia prosegue l&#039;epurazione attuata da parte del governo a suon di arresti, propaganda mediatica e pugno di ferro,\" \/>\n<meta property=\"og:url\" content=\"https:\/\/www.pressenza.com\/it\/2016\/11\/turchia-prosegue-lepurazione-del-governo-arrestati-dodici-parlamentari\/\" \/>\n<meta property=\"og:site_name\" content=\"Pressenza\" \/>\n<meta property=\"article:publisher\" content=\"https:\/\/www.facebook.com\/PressenzaItalia\" \/>\n<meta property=\"article:author\" content=\"https:\/\/www.facebook.com\/muratcinartorino\" \/>\n<meta property=\"article:published_time\" content=\"2016-11-09T16:40:47+00:00\" \/>\n<meta property=\"article:modified_time\" content=\"2016-11-09T19:15:38+00:00\" \/>\n<meta property=\"og:image\" content=\"https:\/\/www.pressenza.com\/wp-content\/uploads\/2016\/11\/Leader-Partiti-Politici-Turchi.jpg\" \/>\n\t<meta property=\"og:image:width\" content=\"1220\" \/>\n\t<meta property=\"og:image:height\" content=\"800\" \/>\n\t<meta property=\"og:image:type\" content=\"image\/jpeg\" \/>\n<meta name=\"author\" content=\"Murat Cinar\" \/>\n<meta name=\"twitter:card\" content=\"summary_large_image\" \/>\n<meta name=\"twitter:creator\" content=\"@muratcinar\" \/>\n<meta name=\"twitter:site\" content=\"@PressenzaIPA\" \/>\n<meta name=\"twitter:label1\" content=\"Scritto da\" \/>\n\t<meta name=\"twitter:data1\" content=\"Murat Cinar\" \/>\n\t<meta name=\"twitter:label2\" content=\"Tempo di lettura stimato\" \/>\n\t<meta name=\"twitter:data2\" content=\"8 minuti\" \/>\n<script type=\"application\/ld+json\" class=\"yoast-schema-graph\">{\"@context\":\"https:\/\/schema.org\",\"@graph\":[{\"@type\":\"Article\",\"@id\":\"https:\/\/www.pressenza.com\/it\/2016\/11\/turchia-prosegue-lepurazione-del-governo-arrestati-dodici-parlamentari\/#article\",\"isPartOf\":{\"@id\":\"https:\/\/www.pressenza.com\/it\/2016\/11\/turchia-prosegue-lepurazione-del-governo-arrestati-dodici-parlamentari\/\"},\"author\":{\"name\":\"Murat Cinar\",\"@id\":\"https:\/\/www.pressenza.com\/it\/#\/schema\/person\/e3b28c9575cd63576a05d54f8d67d1ac\"},\"headline\":\"Turchia: prosegue l&#8217;epurazione del governo. Arrestati dodici parlamentari\",\"datePublished\":\"2016-11-09T16:40:47+00:00\",\"dateModified\":\"2016-11-09T19:15:38+00:00\",\"mainEntityOfPage\":{\"@id\":\"https:\/\/www.pressenza.com\/it\/2016\/11\/turchia-prosegue-lepurazione-del-governo-arrestati-dodici-parlamentari\/\"},\"wordCount\":1643,\"publisher\":{\"@id\":\"https:\/\/www.pressenza.com\/it\/#organization\"},\"image\":{\"@id\":\"https:\/\/www.pressenza.com\/it\/2016\/11\/turchia-prosegue-lepurazione-del-governo-arrestati-dodici-parlamentari\/#primaryimage\"},\"thumbnailUrl\":\"https:\/\/www.pressenza.com\/wp-content\/uploads\/2016\/11\/Leader-Partiti-Politici-Turchi.jpg\",\"keywords\":[\"arresti\",\"epurazione\",\"Erdogan\",\"HDP\",\"Parlamento Turco\",\"Partito Democratico dei Popoli Turco\",\"PKK\",\"propaganda mediatica\",\"pugno di ferro\",\"Turchia\"],\"articleSection\":[\"contenuti originali\",\"Diritti Umani\",\"Medio Oriente\",\"Politica\"],\"inLanguage\":\"it-IT\"},{\"@type\":\"WebPage\",\"@id\":\"https:\/\/www.pressenza.com\/it\/2016\/11\/turchia-prosegue-lepurazione-del-governo-arrestati-dodici-parlamentari\/\",\"url\":\"https:\/\/www.pressenza.com\/it\/2016\/11\/turchia-prosegue-lepurazione-del-governo-arrestati-dodici-parlamentari\/\",\"name\":\"Turchia: prosegue l'epurazione del governo. Arrestati dodici parlamentari\",\"isPartOf\":{\"@id\":\"https:\/\/www.pressenza.com\/it\/#website\"},\"primaryImageOfPage\":{\"@id\":\"https:\/\/www.pressenza.com\/it\/2016\/11\/turchia-prosegue-lepurazione-del-governo-arrestati-dodici-parlamentari\/#primaryimage\"},\"image\":{\"@id\":\"https:\/\/www.pressenza.com\/it\/2016\/11\/turchia-prosegue-lepurazione-del-governo-arrestati-dodici-parlamentari\/#primaryimage\"},\"thumbnailUrl\":\"https:\/\/www.pressenza.com\/wp-content\/uploads\/2016\/11\/Leader-Partiti-Politici-Turchi.jpg\",\"datePublished\":\"2016-11-09T16:40:47+00:00\",\"dateModified\":\"2016-11-09T19:15:38+00:00\",\"description\":\"In Turchia prosegue l'epurazione attuata da parte del governo a suon di arresti, propaganda mediatica e pugno di ferro,\",\"breadcrumb\":{\"@id\":\"https:\/\/www.pressenza.com\/it\/2016\/11\/turchia-prosegue-lepurazione-del-governo-arrestati-dodici-parlamentari\/#breadcrumb\"},\"inLanguage\":\"it-IT\",\"potentialAction\":[{\"@type\":\"ReadAction\",\"target\":[\"https:\/\/www.pressenza.com\/it\/2016\/11\/turchia-prosegue-lepurazione-del-governo-arrestati-dodici-parlamentari\/\"]}]},{\"@type\":\"ImageObject\",\"inLanguage\":\"it-IT\",\"@id\":\"https:\/\/www.pressenza.com\/it\/2016\/11\/turchia-prosegue-lepurazione-del-governo-arrestati-dodici-parlamentari\/#primaryimage\",\"url\":\"https:\/\/www.pressenza.com\/wp-content\/uploads\/2016\/11\/Leader-Partiti-Politici-Turchi.jpg\",\"contentUrl\":\"https:\/\/www.pressenza.com\/wp-content\/uploads\/2016\/11\/Leader-Partiti-Politici-Turchi.jpg\",\"width\":1220,\"height\":800},{\"@type\":\"BreadcrumbList\",\"@id\":\"https:\/\/www.pressenza.com\/it\/2016\/11\/turchia-prosegue-lepurazione-del-governo-arrestati-dodici-parlamentari\/#breadcrumb\",\"itemListElement\":[{\"@type\":\"ListItem\",\"position\":1,\"name\":\"Accueil\",\"item\":\"https:\/\/www.pressenza.com\/it\/\"},{\"@type\":\"ListItem\",\"position\":2,\"name\":\"Turchia: prosegue l&#8217;epurazione del governo. Arrestati dodici parlamentari\"}]},{\"@type\":\"WebSite\",\"@id\":\"https:\/\/www.pressenza.com\/it\/#website\",\"url\":\"https:\/\/www.pressenza.com\/it\/\",\"name\":\"Pressenza\",\"description\":\"Agenzia di Stampa Internazionale\",\"publisher\":{\"@id\":\"https:\/\/www.pressenza.com\/it\/#organization\"},\"potentialAction\":[{\"@type\":\"SearchAction\",\"target\":{\"@type\":\"EntryPoint\",\"urlTemplate\":\"https:\/\/www.pressenza.com\/it\/?s={search_term_string}\"},\"query-input\":{\"@type\":\"PropertyValueSpecification\",\"valueRequired\":true,\"valueName\":\"search_term_string\"}}],\"inLanguage\":\"it-IT\"},{\"@type\":\"Organization\",\"@id\":\"https:\/\/www.pressenza.com\/it\/#organization\",\"name\":\"Pressenza\",\"url\":\"https:\/\/www.pressenza.com\/it\/\",\"logo\":{\"@type\":\"ImageObject\",\"inLanguage\":\"it-IT\",\"@id\":\"https:\/\/www.pressenza.com\/it\/#\/schema\/logo\/image\/\",\"url\":\"https:\/\/www.pressenza.com\/wp-content\/uploads\/2022\/10\/pressenza_logo_200x200.jpg\",\"contentUrl\":\"https:\/\/www.pressenza.com\/wp-content\/uploads\/2022\/10\/pressenza_logo_200x200.jpg\",\"width\":200,\"height\":200,\"caption\":\"Pressenza\"},\"image\":{\"@id\":\"https:\/\/www.pressenza.com\/it\/#\/schema\/logo\/image\/\"},\"sameAs\":[\"https:\/\/www.facebook.com\/PressenzaItalia\",\"https:\/\/x.com\/PressenzaIPA\"]},{\"@type\":\"Person\",\"@id\":\"https:\/\/www.pressenza.com\/it\/#\/schema\/person\/e3b28c9575cd63576a05d54f8d67d1ac\",\"name\":\"Murat Cinar\",\"description\":\"One of the sons of Constantine, was born in 1981. Fruit of love of an immigrant couple in the former Ottoman city, she from Sebastia (Turkey) he from Batum (Georgia). Raised two steps away from the old Pera, between the Armenian and Jewish cultures. Big passion for photography, cinema, politics and inevitably journalism. After a short academic adventure in International Finance he landed in Italy back in 2001, first in Siena then in Turin, with the desire to study journalism, but he ended up attending Cinema and Television. He specializes in shooting and editing videos, photography and, lately, web marketing. Occasionally he writes in Turkey for the national magazine KaosGL, for the national daily Birgun and for various independent news portals such as Bianet and Sendika. In Italy he wrote for Il Manifesto and the monthly E-il mensile. He is one of the founders of the Glob011 monthly freepress, he worked for BabelMed and Prospettive Altre. Currently has collaborations with Pressenza and Caff\u00e8 dei Giornalisti. As long as he can get a little oxygen out of the city and a few hours free from work, he tries to write stories, frequenrly ironic ones, taken from what he observes and experiences. He tries to enrich his journey with Shiatsu, TaiChi and the passion for Fenerbah\u00e7e.\",\"sameAs\":[\"http:\/\/www.muratcinar.net\",\"https:\/\/www.facebook.com\/muratcinartorino\",\"https:\/\/www.instagram.com\/mcinar1981\",\"https:\/\/x.com\/muratcinar\",\"https:\/\/youtube.com\/c\/muratcinar\"],\"url\":\"https:\/\/www.pressenza.com\/it\/author\/murat-cinar\/\"}]}<\/script>\n<!-- \/ Yoast SEO plugin. -->","yoast_head_json":{"title":"Turchia: prosegue l'epurazione del governo. Arrestati dodici parlamentari","description":"In Turchia prosegue l'epurazione attuata da parte del governo a suon di arresti, propaganda mediatica e pugno di ferro,","robots":{"index":"index","follow":"follow","max-snippet":"max-snippet:-1","max-image-preview":"max-image-preview:large","max-video-preview":"max-video-preview:-1"},"canonical":"https:\/\/www.pressenza.com\/it\/2016\/11\/turchia-prosegue-lepurazione-del-governo-arrestati-dodici-parlamentari\/","og_locale":"it_IT","og_type":"article","og_title":"Turchia: prosegue l'epurazione del governo. Arrestati dodici parlamentari","og_description":"In Turchia prosegue l'epurazione attuata da parte del governo a suon di arresti, propaganda mediatica e pugno di ferro,","og_url":"https:\/\/www.pressenza.com\/it\/2016\/11\/turchia-prosegue-lepurazione-del-governo-arrestati-dodici-parlamentari\/","og_site_name":"Pressenza","article_publisher":"https:\/\/www.facebook.com\/PressenzaItalia","article_author":"https:\/\/www.facebook.com\/muratcinartorino","article_published_time":"2016-11-09T16:40:47+00:00","article_modified_time":"2016-11-09T19:15:38+00:00","og_image":[{"width":1220,"height":800,"url":"https:\/\/www.pressenza.com\/wp-content\/uploads\/2016\/11\/Leader-Partiti-Politici-Turchi.jpg","type":"image\/jpeg"}],"author":"Murat Cinar","twitter_card":"summary_large_image","twitter_creator":"@muratcinar","twitter_site":"@PressenzaIPA","twitter_misc":{"Scritto da":"Murat Cinar","Tempo di lettura stimato":"8 minuti"},"schema":{"@context":"https:\/\/schema.org","@graph":[{"@type":"Article","@id":"https:\/\/www.pressenza.com\/it\/2016\/11\/turchia-prosegue-lepurazione-del-governo-arrestati-dodici-parlamentari\/#article","isPartOf":{"@id":"https:\/\/www.pressenza.com\/it\/2016\/11\/turchia-prosegue-lepurazione-del-governo-arrestati-dodici-parlamentari\/"},"author":{"name":"Murat Cinar","@id":"https:\/\/www.pressenza.com\/it\/#\/schema\/person\/e3b28c9575cd63576a05d54f8d67d1ac"},"headline":"Turchia: prosegue l&#8217;epurazione del governo. Arrestati dodici parlamentari","datePublished":"2016-11-09T16:40:47+00:00","dateModified":"2016-11-09T19:15:38+00:00","mainEntityOfPage":{"@id":"https:\/\/www.pressenza.com\/it\/2016\/11\/turchia-prosegue-lepurazione-del-governo-arrestati-dodici-parlamentari\/"},"wordCount":1643,"publisher":{"@id":"https:\/\/www.pressenza.com\/it\/#organization"},"image":{"@id":"https:\/\/www.pressenza.com\/it\/2016\/11\/turchia-prosegue-lepurazione-del-governo-arrestati-dodici-parlamentari\/#primaryimage"},"thumbnailUrl":"https:\/\/www.pressenza.com\/wp-content\/uploads\/2016\/11\/Leader-Partiti-Politici-Turchi.jpg","keywords":["arresti","epurazione","Erdogan","HDP","Parlamento Turco","Partito Democratico dei Popoli Turco","PKK","propaganda mediatica","pugno di ferro","Turchia"],"articleSection":["contenuti originali","Diritti Umani","Medio Oriente","Politica"],"inLanguage":"it-IT"},{"@type":"WebPage","@id":"https:\/\/www.pressenza.com\/it\/2016\/11\/turchia-prosegue-lepurazione-del-governo-arrestati-dodici-parlamentari\/","url":"https:\/\/www.pressenza.com\/it\/2016\/11\/turchia-prosegue-lepurazione-del-governo-arrestati-dodici-parlamentari\/","name":"Turchia: prosegue l'epurazione del governo. Arrestati dodici parlamentari","isPartOf":{"@id":"https:\/\/www.pressenza.com\/it\/#website"},"primaryImageOfPage":{"@id":"https:\/\/www.pressenza.com\/it\/2016\/11\/turchia-prosegue-lepurazione-del-governo-arrestati-dodici-parlamentari\/#primaryimage"},"image":{"@id":"https:\/\/www.pressenza.com\/it\/2016\/11\/turchia-prosegue-lepurazione-del-governo-arrestati-dodici-parlamentari\/#primaryimage"},"thumbnailUrl":"https:\/\/www.pressenza.com\/wp-content\/uploads\/2016\/11\/Leader-Partiti-Politici-Turchi.jpg","datePublished":"2016-11-09T16:40:47+00:00","dateModified":"2016-11-09T19:15:38+00:00","description":"In Turchia prosegue l'epurazione attuata da parte del governo a suon di arresti, propaganda mediatica e pugno di ferro,","breadcrumb":{"@id":"https:\/\/www.pressenza.com\/it\/2016\/11\/turchia-prosegue-lepurazione-del-governo-arrestati-dodici-parlamentari\/#breadcrumb"},"inLanguage":"it-IT","potentialAction":[{"@type":"ReadAction","target":["https:\/\/www.pressenza.com\/it\/2016\/11\/turchia-prosegue-lepurazione-del-governo-arrestati-dodici-parlamentari\/"]}]},{"@type":"ImageObject","inLanguage":"it-IT","@id":"https:\/\/www.pressenza.com\/it\/2016\/11\/turchia-prosegue-lepurazione-del-governo-arrestati-dodici-parlamentari\/#primaryimage","url":"https:\/\/www.pressenza.com\/wp-content\/uploads\/2016\/11\/Leader-Partiti-Politici-Turchi.jpg","contentUrl":"https:\/\/www.pressenza.com\/wp-content\/uploads\/2016\/11\/Leader-Partiti-Politici-Turchi.jpg","width":1220,"height":800},{"@type":"BreadcrumbList","@id":"https:\/\/www.pressenza.com\/it\/2016\/11\/turchia-prosegue-lepurazione-del-governo-arrestati-dodici-parlamentari\/#breadcrumb","itemListElement":[{"@type":"ListItem","position":1,"name":"Accueil","item":"https:\/\/www.pressenza.com\/it\/"},{"@type":"ListItem","position":2,"name":"Turchia: prosegue l&#8217;epurazione del governo. Arrestati dodici parlamentari"}]},{"@type":"WebSite","@id":"https:\/\/www.pressenza.com\/it\/#website","url":"https:\/\/www.pressenza.com\/it\/","name":"Pressenza","description":"Agenzia di Stampa Internazionale","publisher":{"@id":"https:\/\/www.pressenza.com\/it\/#organization"},"potentialAction":[{"@type":"SearchAction","target":{"@type":"EntryPoint","urlTemplate":"https:\/\/www.pressenza.com\/it\/?s={search_term_string}"},"query-input":{"@type":"PropertyValueSpecification","valueRequired":true,"valueName":"search_term_string"}}],"inLanguage":"it-IT"},{"@type":"Organization","@id":"https:\/\/www.pressenza.com\/it\/#organization","name":"Pressenza","url":"https:\/\/www.pressenza.com\/it\/","logo":{"@type":"ImageObject","inLanguage":"it-IT","@id":"https:\/\/www.pressenza.com\/it\/#\/schema\/logo\/image\/","url":"https:\/\/www.pressenza.com\/wp-content\/uploads\/2022\/10\/pressenza_logo_200x200.jpg","contentUrl":"https:\/\/www.pressenza.com\/wp-content\/uploads\/2022\/10\/pressenza_logo_200x200.jpg","width":200,"height":200,"caption":"Pressenza"},"image":{"@id":"https:\/\/www.pressenza.com\/it\/#\/schema\/logo\/image\/"},"sameAs":["https:\/\/www.facebook.com\/PressenzaItalia","https:\/\/x.com\/PressenzaIPA"]},{"@type":"Person","@id":"https:\/\/www.pressenza.com\/it\/#\/schema\/person\/e3b28c9575cd63576a05d54f8d67d1ac","name":"Murat Cinar","description":"One of the sons of Constantine, was born in 1981. Fruit of love of an immigrant couple in the former Ottoman city, she from Sebastia (Turkey) he from Batum (Georgia). Raised two steps away from the old Pera, between the Armenian and Jewish cultures. Big passion for photography, cinema, politics and inevitably journalism. After a short academic adventure in International Finance he landed in Italy back in 2001, first in Siena then in Turin, with the desire to study journalism, but he ended up attending Cinema and Television. He specializes in shooting and editing videos, photography and, lately, web marketing. Occasionally he writes in Turkey for the national magazine KaosGL, for the national daily Birgun and for various independent news portals such as Bianet and Sendika. In Italy he wrote for Il Manifesto and the monthly E-il mensile. He is one of the founders of the Glob011 monthly freepress, he worked for BabelMed and Prospettive Altre. Currently has collaborations with Pressenza and Caff\u00e8 dei Giornalisti. As long as he can get a little oxygen out of the city and a few hours free from work, he tries to write stories, frequenrly ironic ones, taken from what he observes and experiences. He tries to enrich his journey with Shiatsu, TaiChi and the passion for Fenerbah\u00e7e.","sameAs":["http:\/\/www.muratcinar.net","https:\/\/www.facebook.com\/muratcinartorino","https:\/\/www.instagram.com\/mcinar1981","https:\/\/x.com\/muratcinar","https:\/\/youtube.com\/c\/muratcinar"],"url":"https:\/\/www.pressenza.com\/it\/author\/murat-cinar\/"}]}},"place":"Turchia","original_article_url":"","_links":{"self":[{"href":"https:\/\/www.pressenza.com\/it\/wp-json\/wp\/v2\/posts\/394616","targetHints":{"allow":["GET"]}}],"collection":[{"href":"https:\/\/www.pressenza.com\/it\/wp-json\/wp\/v2\/posts"}],"about":[{"href":"https:\/\/www.pressenza.com\/it\/wp-json\/wp\/v2\/types\/post"}],"author":[{"embeddable":true,"href":"https:\/\/www.pressenza.com\/it\/wp-json\/wp\/v2\/users\/899"}],"replies":[{"embeddable":true,"href":"https:\/\/www.pressenza.com\/it\/wp-json\/wp\/v2\/comments?post=394616"}],"version-history":[{"count":0,"href":"https:\/\/www.pressenza.com\/it\/wp-json\/wp\/v2\/posts\/394616\/revisions"}],"wp:featuredmedia":[{"embeddable":true,"href":"https:\/\/www.pressenza.com\/it\/wp-json\/wp\/v2\/media\/394659"}],"wp:attachment":[{"href":"https:\/\/www.pressenza.com\/it\/wp-json\/wp\/v2\/media?parent=394616"}],"wp:term":[{"taxonomy":"category","embeddable":true,"href":"https:\/\/www.pressenza.com\/it\/wp-json\/wp\/v2\/categories?post=394616"},{"taxonomy":"post_tag","embeddable":true,"href":"https:\/\/www.pressenza.com\/it\/wp-json\/wp\/v2\/tags?post=394616"}],"curies":[{"name":"wp","href":"https:\/\/api.w.org\/{rel}","templated":true}]}}