{"id":392732,"date":"2016-11-03T18:23:30","date_gmt":"2016-11-03T18:23:30","guid":{"rendered":"http:\/\/www.pressenza.com\/it\/?p=392732"},"modified":"2016-11-03T18:23:42","modified_gmt":"2016-11-03T18:23:42","slug":"novi-sad-una-capitale-europea-della-cultura","status":"publish","type":"post","link":"https:\/\/www.pressenza.com\/it\/2016\/11\/novi-sad-una-capitale-europea-della-cultura\/","title":{"rendered":"Novi Sad: una \u201ccapitale europea della cultura\u201d"},"content":{"rendered":"<p>La capitale europea della cultura torna nei Balcani, nel territorio, in particolare, della ex Jugoslavia e per la prima volta si apre la strada verso un paese non membro dell&#8217;Unione Europea: il 13 ottobre scorso, infatti, la Commissione Europea ha annunciato che il titolo di \u201cCapitale Europea della Cultura\u201d per il 2021 \u00e8 stato assegnato alla citt\u00e0 di Novi Sad, una delle pi\u00f9 importanti citt\u00e0 della regione, storica citt\u00e0 d&#8217;arte e di cultura, ieri della Jugoslavia, oggi della Serbia, capoluogo della regione autonoma della Vojvodina. Sebbene la notizia sia passata in sordina presso la nostra stampa, nondimeno si tratta di una notizia importante non solo per gli appassionati di arte e di cultura, ma soprattutto per quanti ritengono la cultura e l&#8217;arte occasioni di conoscenza e di reciprocit\u00e0, opportunit\u00e0 da cogliere non solo in senso economico, ma prevalentemente in direzione di una pi\u00f9 solida conoscenza, una pi\u00f9 autentica amicizia tra i popoli e una pi\u00f9 piena convergenza tra le culture.<\/p>\n<p>Novi Sad pu\u00f2 ben rappresentare questi ideali. \u00c8 una citt\u00e0 bella ed elegante, da sempre crocevia di popoli e di culture, dove il corso delle vicende storiche e le ripetute conquiste che si sono avvicendate nella citt\u00e0, che conta oggi quasi 400.000 abitanti, le hanno conferito un fascino multi-etnico e multi-religioso, pluralistico e cosmopolita. \u00c8 l&#8217;antica \u201cCusum\u201d, fondata dai Romani nel I secolo a. C.; la \u201cPetrikon\u201d dei Bizantini, che vi sconfissero gli Unni, che l&#8217;avevano conquistata nel V secolo; la \u201cPetrovaradin\u201d ungherese, del Regno di Ungheria, a cavallo tra X e XII sec., sebbene anche Ostrogoti, Avari e Bulgari la avessero, precedentemente, conquistata; dal 1526 divenne parte dell&#8217;Impero Ottomano e assunse una nuova vocazione di \u201climes\u201d europeo, crocevia tra l&#8217;Europa cristiana e l&#8217;Oriente islamico; dal 1687 fu parte dell&#8217;Impero Asburgico e tra il Settecento e l&#8217;Ottocento assunse una tale importanza per i Serbi da acquisire il titolo di \u201cAtene serba\u201d.<\/p>\n<p>Oggi Novi Sad \u00e8 un autentico crogiolo di popoli: Serbi (76%), Ungheresi (5%), Slovacchi (2%) e poi ancora Montenegrini e Croati, Bosgnacchi e Rom\u2026 Non \u00e8 solo la citt\u00e0 dalle mille lingue (tanto \u00e8 vero che \u00e8 conosciuta con il suo nome originario, Novi Sad, che vuol dire \u201cNuovo Campo\u201d o \u201cNuova Colonia\u201d, tradotto nelle diverse lingue, dall&#8217;ungherese al tedesco, dallo slovacco al romeno), ma anche la citt\u00e0 delle mille religioni, almeno dal 1748, quando fu designata sotto l&#8217;imperatrice Maria Teresa d&#8217;Austria \u201ccitt\u00e0 libera\u201d. Oggi a Novi Sad convivono cristiani ortodossi (soprattutto, in ampia maggioranza, di rito serbo, ma anche di rito greco) e cattolici, nonch\u00e9 luterani, islamici ed ebri. Un tempo questi costituivano una comunit\u00e0 fiorente (come testimonia la presenza in citt\u00e0 di una splendida sinagoga), al punto da contare una presenza tra le mille e le duemila unit\u00e0 nel corso del Settecento, che per\u00f2 dopo gli stermini nazisti nel corso della seconda guerra mondiale \u00e8 stata radicalmente decimata. Dopo l&#8217;aggressione nazista alla Jugoslavia, inaugurata il 6 aprile 1941, infatti, la citt\u00e0 fu annessa all&#8217;Ungheria fascista e liberata dai partigiani il 23 ottobre 1944, quando, con il territorio della Vojvodina, entr\u00f2, come regione della Serbia, nella Jugoslavia Socialista.<\/p>\n<p>Vera capitale della cultura e della memoria, Novi Sad sembra rispecchiare in pieno uno dei criteri cruciali della Commissione Europea per poter fregiarsi del titolo di \u201cCapitale della Cultura\u201d: non solo \u00abper ci\u00f2 che \u00e8 e per ci\u00f2 che ha fatto\u00bb, ma anche, e in particolare, \u00abper ci\u00f2 che si propone di organizzare\u00bb e di fare. Nel quadrilatero, stretto sul Danubio, tra Boulevard Zar Lazar, Boulevard Oslobodjenja e Boulevard Venizelos, \u00e8 racchiusa una quantit\u00e0 impressionante di testimonianze culturali, tra le quali la Matica Serba, la Chiesa di S. Nicola del 1730, la pi\u00f9 antica chiesa ortodossa della citt\u00e0 (la cupola \u00e8 interamente rivestita in oro), la Chiesa della Assunzione del 1736 e giunti nel cuore della citt\u00e0 vecchia, in Piazza della Libert\u00e0 (\u201cTrg Slobode\u201d), il Municipio, il Palazzo della Banca della Vojvodina, il Teatro Nazionale, la Cattedrale, in stile neo-gotico e la statua di Svetozar Mileti\u0107 (1826-1901), detta anche \u201cUomo di Ferro\u201d, politico, scrittore, rivoluzionario, gi\u00e0 sindaco della citt\u00e0 e leader dei Serbi della Vojvodina nell&#8217;Ottocento.<\/p>\n<p>Se, come indicano le linee guida della Commissione Europea, \u00abla citt\u00e0 \u00e8 invitata a sfruttare le sue particolarit\u00e0 e a dare dimostrazione di grande creativit\u00e0\u00bb e \u00abla manifestazione \u00e8 l&#8217;occasione per migliorare la cooperazione nel settore culturale e per promuovere il dialogo culturale a livello europeo\u00bb, non si pu\u00f2 che essere ottimisti nei confronti di questa scelta, che sembra dare forza all&#8217;intendimento originario della manifestazione. Nell&#8217;ormai lontano 1985, su iniziativa di Melina Merkouri, artista ed antifascista, all&#8217;epoca Ministro della Cultura in Grecia, \u00abil titolo di \u00abCapitale Europea della Cultura\u00bb \u00e8 stato infatti ideato per contribuire al ravvicinamento dei popoli europei\u00bb e concorrere ai suoi obiettivi prioritari, quali promuovere e valorizzare il patrimonio e il dialogo culturale, \u00abvalorizzare la ricchezza, la diversit\u00e0 delle culture europee ed i loro tratti comuni, migliorare la conoscenza che i cittadini europei hanno gli uni degli altri e favorire la presa di coscienza dell&#8217;appartenenza a una medesima comunit\u00e0 \u00abeuropea\u00bb. Sullo sfondo di una stagione che torna ad essere difficile, irta di conflitti per i Balcani e l&#8217;Europa tutta, l&#8217;individuazione di Novi Sad quale Capitale Europea della Cultura del 2021 \u00e8 anche un messaggio di speranza e di futuro, da raccogliere e da concretizzare.<\/p>\n","protected":false},"excerpt":{"rendered":"<p>La capitale europea della cultura torna nei Balcani, nel territorio, in particolare, della ex Jugoslavia e per la prima volta si apre la strada verso un paese non membro dell&#8217;Unione Europea: il 13 ottobre scorso, infatti, la Commissione Europea ha&hellip;<\/p>\n","protected":false},"author":986,"featured_media":392733,"comment_status":"closed","ping_status":"closed","sticky":false,"template":"","format":"standard","meta":{"footnotes":""},"categories":[11388,56,47,162],"tags":[32239,32240,4469,32241],"class_list":["post-392732","post","type-post","status-publish","format-standard","has-post-thumbnail","hentry","category-contenuti-originali","category-cultura","category-europa","category-opinioni","tag-capitale-europea-della-cultura","tag-novi-sad","tag-serbia","tag-vojvodina"],"yoast_head":"<!-- This site is optimized with the Yoast SEO plugin v27.1.1 - https:\/\/yoast.com\/product\/yoast-seo-wordpress\/ -->\n<title>Novi Sad: una \u201ccapitale europea della cultura\u201d<\/title>\n<meta name=\"description\" content=\"La capitale europea della cultura torna nei Balcani, nel territorio, in particolare, della ex Jugoslavia e per la prima volta si apre la strada verso un\" \/>\n<meta name=\"robots\" content=\"index, follow, max-snippet:-1, max-image-preview:large, max-video-preview:-1\" \/>\n<link rel=\"canonical\" href=\"https:\/\/www.pressenza.com\/it\/2016\/11\/novi-sad-una-capitale-europea-della-cultura\/\" \/>\n<meta property=\"og:locale\" content=\"it_IT\" \/>\n<meta property=\"og:type\" content=\"article\" \/>\n<meta property=\"og:title\" content=\"Novi Sad: una \u201ccapitale europea della cultura\u201d\" \/>\n<meta property=\"og:description\" content=\"La capitale europea della cultura torna nei Balcani, nel territorio, in particolare, della ex Jugoslavia e per la prima volta si apre la strada verso un\" \/>\n<meta property=\"og:url\" content=\"https:\/\/www.pressenza.com\/it\/2016\/11\/novi-sad-una-capitale-europea-della-cultura\/\" \/>\n<meta property=\"og:site_name\" content=\"Pressenza\" \/>\n<meta property=\"article:publisher\" content=\"https:\/\/www.facebook.com\/PressenzaItalia\" \/>\n<meta property=\"article:published_time\" content=\"2016-11-03T18:23:30+00:00\" \/>\n<meta property=\"article:modified_time\" content=\"2016-11-03T18:23:42+00:00\" \/>\n<meta property=\"og:image\" content=\"https:\/\/www.pressenza.com\/wp-content\/uploads\/2016\/11\/Novi_Sad_-_Vojvodina.jpg\" \/>\n\t<meta property=\"og:image:width\" content=\"938\" \/>\n\t<meta property=\"og:image:height\" content=\"763\" \/>\n\t<meta property=\"og:image:type\" content=\"image\/jpeg\" \/>\n<meta name=\"author\" content=\"Gianmarco Pisa\" \/>\n<meta name=\"twitter:card\" content=\"summary_large_image\" \/>\n<meta name=\"twitter:creator\" content=\"@PressenzaIPA\" \/>\n<meta name=\"twitter:site\" content=\"@PressenzaIPA\" \/>\n<meta name=\"twitter:label1\" content=\"Scritto da\" \/>\n\t<meta name=\"twitter:data1\" content=\"Gianmarco Pisa\" \/>\n\t<meta name=\"twitter:label2\" content=\"Tempo di lettura stimato\" \/>\n\t<meta name=\"twitter:data2\" content=\"4 minuti\" \/>\n<script type=\"application\/ld+json\" class=\"yoast-schema-graph\">{\"@context\":\"https:\/\/schema.org\",\"@graph\":[{\"@type\":\"Article\",\"@id\":\"https:\/\/www.pressenza.com\/it\/2016\/11\/novi-sad-una-capitale-europea-della-cultura\/#article\",\"isPartOf\":{\"@id\":\"https:\/\/www.pressenza.com\/it\/2016\/11\/novi-sad-una-capitale-europea-della-cultura\/\"},\"author\":{\"name\":\"Gianmarco Pisa\",\"@id\":\"https:\/\/www.pressenza.com\/it\/#\/schema\/person\/065812a20954baed70c01f7c30620d66\"},\"headline\":\"Novi Sad: una \u201ccapitale europea della cultura\u201d\",\"datePublished\":\"2016-11-03T18:23:30+00:00\",\"dateModified\":\"2016-11-03T18:23:42+00:00\",\"mainEntityOfPage\":{\"@id\":\"https:\/\/www.pressenza.com\/it\/2016\/11\/novi-sad-una-capitale-europea-della-cultura\/\"},\"wordCount\":871,\"publisher\":{\"@id\":\"https:\/\/www.pressenza.com\/it\/#organization\"},\"image\":{\"@id\":\"https:\/\/www.pressenza.com\/it\/2016\/11\/novi-sad-una-capitale-europea-della-cultura\/#primaryimage\"},\"thumbnailUrl\":\"https:\/\/www.pressenza.com\/wp-content\/uploads\/2016\/11\/Novi_Sad_-_Vojvodina.jpg\",\"keywords\":[\"Capitale Europea della Cultura\",\"Novi Sad\",\"Serbia\",\"Vojvodina\"],\"articleSection\":[\"contenuti originali\",\"Cultura e Media\",\"Europa\",\"Opinioni\"],\"inLanguage\":\"it-IT\"},{\"@type\":\"WebPage\",\"@id\":\"https:\/\/www.pressenza.com\/it\/2016\/11\/novi-sad-una-capitale-europea-della-cultura\/\",\"url\":\"https:\/\/www.pressenza.com\/it\/2016\/11\/novi-sad-una-capitale-europea-della-cultura\/\",\"name\":\"Novi Sad: una \u201ccapitale europea della cultura\u201d\",\"isPartOf\":{\"@id\":\"https:\/\/www.pressenza.com\/it\/#website\"},\"primaryImageOfPage\":{\"@id\":\"https:\/\/www.pressenza.com\/it\/2016\/11\/novi-sad-una-capitale-europea-della-cultura\/#primaryimage\"},\"image\":{\"@id\":\"https:\/\/www.pressenza.com\/it\/2016\/11\/novi-sad-una-capitale-europea-della-cultura\/#primaryimage\"},\"thumbnailUrl\":\"https:\/\/www.pressenza.com\/wp-content\/uploads\/2016\/11\/Novi_Sad_-_Vojvodina.jpg\",\"datePublished\":\"2016-11-03T18:23:30+00:00\",\"dateModified\":\"2016-11-03T18:23:42+00:00\",\"description\":\"La capitale europea della cultura torna nei Balcani, nel territorio, in particolare, della ex Jugoslavia e per la prima volta si apre la strada verso un\",\"breadcrumb\":{\"@id\":\"https:\/\/www.pressenza.com\/it\/2016\/11\/novi-sad-una-capitale-europea-della-cultura\/#breadcrumb\"},\"inLanguage\":\"it-IT\",\"potentialAction\":[{\"@type\":\"ReadAction\",\"target\":[\"https:\/\/www.pressenza.com\/it\/2016\/11\/novi-sad-una-capitale-europea-della-cultura\/\"]}]},{\"@type\":\"ImageObject\",\"inLanguage\":\"it-IT\",\"@id\":\"https:\/\/www.pressenza.com\/it\/2016\/11\/novi-sad-una-capitale-europea-della-cultura\/#primaryimage\",\"url\":\"https:\/\/www.pressenza.com\/wp-content\/uploads\/2016\/11\/Novi_Sad_-_Vojvodina.jpg\",\"contentUrl\":\"https:\/\/www.pressenza.com\/wp-content\/uploads\/2016\/11\/Novi_Sad_-_Vojvodina.jpg\",\"width\":938,\"height\":763},{\"@type\":\"BreadcrumbList\",\"@id\":\"https:\/\/www.pressenza.com\/it\/2016\/11\/novi-sad-una-capitale-europea-della-cultura\/#breadcrumb\",\"itemListElement\":[{\"@type\":\"ListItem\",\"position\":1,\"name\":\"Accueil\",\"item\":\"https:\/\/www.pressenza.com\/it\/\"},{\"@type\":\"ListItem\",\"position\":2,\"name\":\"Novi Sad: una \u201ccapitale europea della cultura\u201d\"}]},{\"@type\":\"WebSite\",\"@id\":\"https:\/\/www.pressenza.com\/it\/#website\",\"url\":\"https:\/\/www.pressenza.com\/it\/\",\"name\":\"Pressenza\",\"description\":\"Agenzia di Stampa Internazionale\",\"publisher\":{\"@id\":\"https:\/\/www.pressenza.com\/it\/#organization\"},\"potentialAction\":[{\"@type\":\"SearchAction\",\"target\":{\"@type\":\"EntryPoint\",\"urlTemplate\":\"https:\/\/www.pressenza.com\/it\/?s={search_term_string}\"},\"query-input\":{\"@type\":\"PropertyValueSpecification\",\"valueRequired\":true,\"valueName\":\"search_term_string\"}}],\"inLanguage\":\"it-IT\"},{\"@type\":\"Organization\",\"@id\":\"https:\/\/www.pressenza.com\/it\/#organization\",\"name\":\"Pressenza\",\"url\":\"https:\/\/www.pressenza.com\/it\/\",\"logo\":{\"@type\":\"ImageObject\",\"inLanguage\":\"it-IT\",\"@id\":\"https:\/\/www.pressenza.com\/it\/#\/schema\/logo\/image\/\",\"url\":\"https:\/\/www.pressenza.com\/wp-content\/uploads\/2022\/10\/pressenza_logo_200x200.jpg\",\"contentUrl\":\"https:\/\/www.pressenza.com\/wp-content\/uploads\/2022\/10\/pressenza_logo_200x200.jpg\",\"width\":200,\"height\":200,\"caption\":\"Pressenza\"},\"image\":{\"@id\":\"https:\/\/www.pressenza.com\/it\/#\/schema\/logo\/image\/\"},\"sameAs\":[\"https:\/\/www.facebook.com\/PressenzaItalia\",\"https:\/\/x.com\/PressenzaIPA\"]},{\"@type\":\"Person\",\"@id\":\"https:\/\/www.pressenza.com\/it\/#\/schema\/person\/065812a20954baed70c01f7c30620d66\",\"name\":\"Gianmarco Pisa\",\"url\":\"https:\/\/www.pressenza.com\/it\/author\/gianmarco-pisa\/\"}]}<\/script>\n<!-- \/ Yoast SEO plugin. -->","yoast_head_json":{"title":"Novi Sad: una \u201ccapitale europea della cultura\u201d","description":"La capitale europea della cultura torna nei Balcani, nel territorio, in particolare, della ex Jugoslavia e per la prima volta si apre la strada verso un","robots":{"index":"index","follow":"follow","max-snippet":"max-snippet:-1","max-image-preview":"max-image-preview:large","max-video-preview":"max-video-preview:-1"},"canonical":"https:\/\/www.pressenza.com\/it\/2016\/11\/novi-sad-una-capitale-europea-della-cultura\/","og_locale":"it_IT","og_type":"article","og_title":"Novi Sad: una \u201ccapitale europea della cultura\u201d","og_description":"La capitale europea della cultura torna nei Balcani, nel territorio, in particolare, della ex Jugoslavia e per la prima volta si apre la strada verso un","og_url":"https:\/\/www.pressenza.com\/it\/2016\/11\/novi-sad-una-capitale-europea-della-cultura\/","og_site_name":"Pressenza","article_publisher":"https:\/\/www.facebook.com\/PressenzaItalia","article_published_time":"2016-11-03T18:23:30+00:00","article_modified_time":"2016-11-03T18:23:42+00:00","og_image":[{"width":938,"height":763,"url":"https:\/\/www.pressenza.com\/wp-content\/uploads\/2016\/11\/Novi_Sad_-_Vojvodina.jpg","type":"image\/jpeg"}],"author":"Gianmarco Pisa","twitter_card":"summary_large_image","twitter_creator":"@PressenzaIPA","twitter_site":"@PressenzaIPA","twitter_misc":{"Scritto da":"Gianmarco Pisa","Tempo di lettura stimato":"4 minuti"},"schema":{"@context":"https:\/\/schema.org","@graph":[{"@type":"Article","@id":"https:\/\/www.pressenza.com\/it\/2016\/11\/novi-sad-una-capitale-europea-della-cultura\/#article","isPartOf":{"@id":"https:\/\/www.pressenza.com\/it\/2016\/11\/novi-sad-una-capitale-europea-della-cultura\/"},"author":{"name":"Gianmarco Pisa","@id":"https:\/\/www.pressenza.com\/it\/#\/schema\/person\/065812a20954baed70c01f7c30620d66"},"headline":"Novi Sad: una \u201ccapitale europea della cultura\u201d","datePublished":"2016-11-03T18:23:30+00:00","dateModified":"2016-11-03T18:23:42+00:00","mainEntityOfPage":{"@id":"https:\/\/www.pressenza.com\/it\/2016\/11\/novi-sad-una-capitale-europea-della-cultura\/"},"wordCount":871,"publisher":{"@id":"https:\/\/www.pressenza.com\/it\/#organization"},"image":{"@id":"https:\/\/www.pressenza.com\/it\/2016\/11\/novi-sad-una-capitale-europea-della-cultura\/#primaryimage"},"thumbnailUrl":"https:\/\/www.pressenza.com\/wp-content\/uploads\/2016\/11\/Novi_Sad_-_Vojvodina.jpg","keywords":["Capitale Europea della Cultura","Novi Sad","Serbia","Vojvodina"],"articleSection":["contenuti originali","Cultura e Media","Europa","Opinioni"],"inLanguage":"it-IT"},{"@type":"WebPage","@id":"https:\/\/www.pressenza.com\/it\/2016\/11\/novi-sad-una-capitale-europea-della-cultura\/","url":"https:\/\/www.pressenza.com\/it\/2016\/11\/novi-sad-una-capitale-europea-della-cultura\/","name":"Novi Sad: una \u201ccapitale europea della cultura\u201d","isPartOf":{"@id":"https:\/\/www.pressenza.com\/it\/#website"},"primaryImageOfPage":{"@id":"https:\/\/www.pressenza.com\/it\/2016\/11\/novi-sad-una-capitale-europea-della-cultura\/#primaryimage"},"image":{"@id":"https:\/\/www.pressenza.com\/it\/2016\/11\/novi-sad-una-capitale-europea-della-cultura\/#primaryimage"},"thumbnailUrl":"https:\/\/www.pressenza.com\/wp-content\/uploads\/2016\/11\/Novi_Sad_-_Vojvodina.jpg","datePublished":"2016-11-03T18:23:30+00:00","dateModified":"2016-11-03T18:23:42+00:00","description":"La capitale europea della cultura torna nei Balcani, nel territorio, in particolare, della ex Jugoslavia e per la prima volta si apre la strada verso un","breadcrumb":{"@id":"https:\/\/www.pressenza.com\/it\/2016\/11\/novi-sad-una-capitale-europea-della-cultura\/#breadcrumb"},"inLanguage":"it-IT","potentialAction":[{"@type":"ReadAction","target":["https:\/\/www.pressenza.com\/it\/2016\/11\/novi-sad-una-capitale-europea-della-cultura\/"]}]},{"@type":"ImageObject","inLanguage":"it-IT","@id":"https:\/\/www.pressenza.com\/it\/2016\/11\/novi-sad-una-capitale-europea-della-cultura\/#primaryimage","url":"https:\/\/www.pressenza.com\/wp-content\/uploads\/2016\/11\/Novi_Sad_-_Vojvodina.jpg","contentUrl":"https:\/\/www.pressenza.com\/wp-content\/uploads\/2016\/11\/Novi_Sad_-_Vojvodina.jpg","width":938,"height":763},{"@type":"BreadcrumbList","@id":"https:\/\/www.pressenza.com\/it\/2016\/11\/novi-sad-una-capitale-europea-della-cultura\/#breadcrumb","itemListElement":[{"@type":"ListItem","position":1,"name":"Accueil","item":"https:\/\/www.pressenza.com\/it\/"},{"@type":"ListItem","position":2,"name":"Novi Sad: una \u201ccapitale europea della cultura\u201d"}]},{"@type":"WebSite","@id":"https:\/\/www.pressenza.com\/it\/#website","url":"https:\/\/www.pressenza.com\/it\/","name":"Pressenza","description":"Agenzia di Stampa Internazionale","publisher":{"@id":"https:\/\/www.pressenza.com\/it\/#organization"},"potentialAction":[{"@type":"SearchAction","target":{"@type":"EntryPoint","urlTemplate":"https:\/\/www.pressenza.com\/it\/?s={search_term_string}"},"query-input":{"@type":"PropertyValueSpecification","valueRequired":true,"valueName":"search_term_string"}}],"inLanguage":"it-IT"},{"@type":"Organization","@id":"https:\/\/www.pressenza.com\/it\/#organization","name":"Pressenza","url":"https:\/\/www.pressenza.com\/it\/","logo":{"@type":"ImageObject","inLanguage":"it-IT","@id":"https:\/\/www.pressenza.com\/it\/#\/schema\/logo\/image\/","url":"https:\/\/www.pressenza.com\/wp-content\/uploads\/2022\/10\/pressenza_logo_200x200.jpg","contentUrl":"https:\/\/www.pressenza.com\/wp-content\/uploads\/2022\/10\/pressenza_logo_200x200.jpg","width":200,"height":200,"caption":"Pressenza"},"image":{"@id":"https:\/\/www.pressenza.com\/it\/#\/schema\/logo\/image\/"},"sameAs":["https:\/\/www.facebook.com\/PressenzaItalia","https:\/\/x.com\/PressenzaIPA"]},{"@type":"Person","@id":"https:\/\/www.pressenza.com\/it\/#\/schema\/person\/065812a20954baed70c01f7c30620d66","name":"Gianmarco Pisa","url":"https:\/\/www.pressenza.com\/it\/author\/gianmarco-pisa\/"}]}},"place":"","original_article_url":"","_links":{"self":[{"href":"https:\/\/www.pressenza.com\/it\/wp-json\/wp\/v2\/posts\/392732","targetHints":{"allow":["GET"]}}],"collection":[{"href":"https:\/\/www.pressenza.com\/it\/wp-json\/wp\/v2\/posts"}],"about":[{"href":"https:\/\/www.pressenza.com\/it\/wp-json\/wp\/v2\/types\/post"}],"author":[{"embeddable":true,"href":"https:\/\/www.pressenza.com\/it\/wp-json\/wp\/v2\/users\/986"}],"replies":[{"embeddable":true,"href":"https:\/\/www.pressenza.com\/it\/wp-json\/wp\/v2\/comments?post=392732"}],"version-history":[{"count":0,"href":"https:\/\/www.pressenza.com\/it\/wp-json\/wp\/v2\/posts\/392732\/revisions"}],"wp:featuredmedia":[{"embeddable":true,"href":"https:\/\/www.pressenza.com\/it\/wp-json\/wp\/v2\/media\/392733"}],"wp:attachment":[{"href":"https:\/\/www.pressenza.com\/it\/wp-json\/wp\/v2\/media?parent=392732"}],"wp:term":[{"taxonomy":"category","embeddable":true,"href":"https:\/\/www.pressenza.com\/it\/wp-json\/wp\/v2\/categories?post=392732"},{"taxonomy":"post_tag","embeddable":true,"href":"https:\/\/www.pressenza.com\/it\/wp-json\/wp\/v2\/tags?post=392732"}],"curies":[{"name":"wp","href":"https:\/\/api.w.org\/{rel}","templated":true}]}}