{"id":392470,"date":"2016-11-02T23:22:06","date_gmt":"2016-11-02T23:22:06","guid":{"rendered":"http:\/\/www.pressenza.com\/?p=392470"},"modified":"2016-11-03T19:02:21","modified_gmt":"2016-11-03T19:02:21","slug":"lineguaglianza-come-scelta-politica","status":"publish","type":"post","link":"https:\/\/www.pressenza.com\/it\/2016\/11\/lineguaglianza-come-scelta-politica\/","title":{"rendered":"L&#8217;ineguaglianza come scelta politica"},"content":{"rendered":"<p><strong>Globalizzazione e tecnologia sono spacciate\u00a0per processi naturali e inevitabili. In realt\u00e0 il loro percorso, nella misura in cui ha portato ad una maggiore diseguaglianza, \u00e8\u00a0decisamente tracciato da scelte politiche.\u00a0E&#8217; molto pi\u00f9 facile avere un sistema economico che produce pi\u00f9 uguaglianza piuttosto che uno che genera inutilmente la disuguaglianza e poi noi tentiamo\u00a0di moderarla con politiche redistributive.<\/strong><\/p>\n<p>di Dean Baker, 27 Ottobre, <a href=\"https:\/\/www.ineteconomics.org\/perspectives\/blog\/inequality-as-policy-selective-trade-protectionism-favors-higher-earners\">Institute for New Economic Thinking<\/a>.<br \/>\nRipreso da\u00a0<a href=\"http:\/\/www.counterpunch.org\/2016\/11\/01\/inequality-as-policy\/\">Counterpunch<\/a>.<br \/>\nTraduzione dall&#8217;Inglese di Leopoldo Salmaso<\/p>\n<p>&nbsp;<\/p>\n<p>La globalizzazione e la tecnologia sono di solito citate fra\u00a0i principali fattori di disuguaglianza negli ultimi quattro decenni. Mentre l&#8217;importanza relativa di questi fattori \u00e8 contestata, entrambi sono spesso visti come prodotti naturali e inevitabili del funzionamento dell&#8217;economia, piuttosto che come il prodotto di consapevoli scelte politiche. In realt\u00e0, sia il corso della globalizzazione che la distribuzione dei frutti da innovazione tecnologica sono decisamente il risultato di scelte politiche. Nella misura in cui essi hanno portato ad una maggiore disuguaglianza, questo \u00e8 stato il risultato di scelte politiche consapevoli.<\/p>\n<p>Cominciando con la globalizzazione, non c&#8217;era niente di pre-determinato su un modello di liberalizzazione del commercio che ha messo i lavoratori del settore manifatturiero degli USA in diretta concorrenza con le loro controparti a salario molto pi\u00f9 basso nel mondo in via di sviluppo. Invece, quella concorrenza era il risultato di patti commerciali scritti per rendere il pi\u00f9 semplice possibile per le multinazionali statunitensi investire nel mondo in via di sviluppo per trarre vantaggio dal basso costo del lavoro, e quindi importare i loro prodotti di nuovo negli USA. Il risultato previsto ed effettivo di questa impostazione degli scambi \u00e8 stato quello di abbassare i salari per i lavoratori del settore manifatturiero, e pi\u00f9 in generale per i lavoratori privi di istruzione universitaria, perch\u00e9 i lavoratori espulsi dal manifatturiero si riversano in altri settori dell&#8217;economia.<\/p>\n<p>Invece di mettere solo i lavoratori del manifatturiero in concorrenza con i lavoratori a basso reddito in altri paesi, i nostri accordi commerciali avrebbero potuto mirare ad esporre alla concorrenza internazionale medici, dentisti, avvocati e altri professionisti altamente pagati. In realt\u00e0 quasi nulla \u00e8 stato fatto per rimuovere le barriere protezionistiche che consentono ai professionisti altamente qualificati negli USA di guadagnare molto di pi\u00f9 rispetto ai loro omologhi di altri paesi ricchi.<\/p>\n<p>Questo fatto \u00e8 pi\u00f9 evidente nel caso dei medici. Di regola, \u00e8 impossibile che medici stranieri esercitino la professione negli Stati Uniti a meno che non abbiano completato un programma di internato negli Stati Uniti. Il numero di posti di internato, a sua volta, \u00e8 strettamente limitato, cos\u00ec come il numero di permessi per studenti di medicina stranieri. Anche se questa \u00e8 una limitazione palesemente protezionistica, essa \u00e8 rimasta in gran parte indiscussa attraverso un lungo processo di liberalizzazione del commercio che ha radicalmente ridotto o eliminato la maggior parte delle barriere sugli scambi di merci. Il risultato \u00e8 che i medici negli Stati Uniti guadagnano in media pi\u00f9 di 250.000 dollari l&#8217;anno, pi\u00f9 del doppio dei loro colleghi in altri paesi ricchi. Questo costa agli USA circa 100 miliardi di dollari all&#8217;anno in spese mediche pi\u00f9 elevate rispetto ad uno scenario in cui i medici statunitensi percepiscano introiti pari a quelli dei medici europei. Gli economisti, compresi gli esperti in scambi internazionali, in gran parte hanno scelto di ignorare le barriere che mantengono alta la retribuzione professionale, con enormi costi economici.<\/p>\n<p>Oltre alle poste oggetto di commercio, anche il saldo commerciale complessivo \u00e8 decisamente il risultato di scelte politiche. I libri di testo dicono che i capitali fluiscono dai paesi ricchi ai paesi poveri, il che implica che i paesi ricchi realizzino surplus commerciali con i paesi poveri. Mentre questo ha descritto con precisione la struttura degli scambi negli anni &#8217;90 fino alla crisi finanziaria asiatica (un periodo in cui i paesi di quella regione godettero di una crescita molto rapida), negli ultimi due decenni i paesi in via di sviluppo nel loro insieme hanno accumulato grandi eccedenze commerciali con i paesi ricchi.<br \/>\nCi\u00f2 implica grandi deficit commerciali nei paesi ricchi, in particolare negli USA, il che a sua volta ha significato una ulteriore perdita di posti di lavoro nel settore manifatturiero, con il conseguente impatto amplificatore sulla disuguaglianza salariale. Tuttavia, non c&#8217;era nulla di inevitabile nei cambiamenti di strategie connessi con il piano di salvataggio dalla crisi finanziaria asiatica che ha portato il mondo in via di sviluppo a diventare un esportatore netto di capitali.<\/p>\n<p>L&#8217;andamento dei guadagni da tecnologia \u00e8 stato determinato ancora pi\u00f9 direttamente dalla politica rispetto a quanto avvenuto con i guadagni provenienti dal commercio. Nel corso degli ultimi quattro decenni c&#8217;\u00e8 stato un notevole rafforzamento e allungamento dei brevetti e diritti d&#8217;autore e protezioni correlate. Le leggi sono state cambiate per estendere i brevetti a nuovi settori quali forme di vita, metodi di lavoro, e software. La durata del copyright \u00e8 stata estesa da 55 anni a 95 anni. Forse ancora pi\u00f9 importante, le leggi sono diventate molto pi\u00f9 benevole per le pretese dei titolari di queste rivendicazioni di propriet\u00e0 a far pendere i procedimenti giudiziari a loro favore, con corti sempre pi\u00f9 favorevoli ai brevetti e con pi\u00f9 dure sanzioni per le violazioni. Inoltre gli USA hanno posto pi\u00f9 stringenti regole sulla propriet\u00e0 intellettuale (IP) al centro di ogni accordo commerciale che sia stato\u00a0negoziato nel corso dell&#8217;ultimo quarto di secolo.<\/p>\n<p>In questo contesto pu\u00f2 difficilmente sorprendere che lo sviluppo della &#8220;tecnologia&#8221; stia causando una redistribuzione del reddito verso l&#8217;alto. Le persone in grado di trarre profitto da regole sull&#8217;IP pi\u00f9 stringenti sono quasi esclusivamente quelle con elevato livello di istruzione e quelle nella fascia pi\u00f9 alta della distribuzione del reddito. E&#8217; quasi da\u00a0definizione che regole IP stringenti si traducano in una redistribuzione verso l&#8217;alto del reddito.<\/p>\n<p>Questa redistribuzione verso l&#8217;alto potrebbe essere giustificata se regole IP pi\u00f9 forti avessero portato ad una crescita pi\u00f9 rapida della produttivit\u00e0, beneficiando in tal modo l&#8217;economia nel suo complesso. Tuttavia ci sono pochissimi elementi a sostegno di tale affermazione. Michele Boldrin e David Levine hanno fatto notevoli ricerche su questo argomento e in generale hanno trovato il contrario. Il mio lavoro, con l&#8217;utilizzo di analisi regressive fra vari paesi con misure standard di forza del brevetto, generalmente ha trovato una relazione negativa e spesso significativa tra forza dei brevetti e crescita della produttivit\u00e0.<\/p>\n<p>Inoltre c&#8217;\u00e8 una notevole quantit\u00e0 di denaro in gioco. Nel solo caso dei farmaci da prescrizione, gli USA vanno a spendere pi\u00f9 di 430 miliardi di dollari nel 2016 per farmaci che probabilmente costerebbero un decimo di tale importo in assenza di brevetti e protezioni correlate. Mentre abbiamo bisogno di meccanismi che finanzino l&#8217;innovazione e il lavoro creativo, \u00e8 quasi certo che brevetti e diritti d&#8217;autore monopolistici, cos\u00ec come attualmente strutturati, non siano la strada pi\u00f9 efficiente, oltre al fatto che hanno evidenti conseguenze negative per la distribuzione della ricchezza.<\/p>\n<p>La strutturazione del commercio e delle norme in materia di IP sono due modi importanti in cui la politica \u00e8 stata progettata per ridistribuire il reddito verso l&#8217;alto nel corso degli ultimi quattro decenni. Ci sono molti altri modi in cui il mercato \u00e8 stato strutturato a svantaggio di quelli che stanno in mezzo e in basso nella distribuzione del reddito, forse pi\u00f9 in particolare le politiche macroeconomiche che si traducono in alti tassi di disoccupazione. Mentre politiche fiscali e di trasferimento che riducano la povert\u00e0 e la disuguaglianza possono essere desiderabili, dobbiamo soprattutto essere consapevoli dei modi in cui la politica \u00e8 stata progettata per aumentare le disuguaglianze. E &#8216;molto pi\u00f9 facile avere un sistema economico che produce pi\u00f9 uguaglianza piuttosto che uno che genera inutilmente la disuguaglianza, e poi noi cerchiamo di moderarla con politiche redistributive.<\/p>\n<p>&nbsp;<\/p>\n","protected":false},"excerpt":{"rendered":"<p>Globalizzazione e tecnologia sono spacciate\u00a0per processi naturali e inevitabili. In realt\u00e0 il loro percorso, nella misura in cui ha portato ad una maggiore diseguaglianza, \u00e8\u00a0decisamente tracciato da scelte politiche.\u00a0E&#8217; molto pi\u00f9 facile avere un sistema economico che produce pi\u00f9 uguaglianza&hellip;<\/p>\n","protected":false},"author":594,"featured_media":392496,"comment_status":"closed","ping_status":"closed","sticky":false,"template":"","format":"standard","meta":{"footnotes":""},"categories":[62,38,162,55],"tags":[14644,5580,3353,1802],"class_list":["post-392470","post","type-post","status-publish","format-standard","has-post-thumbnail","hentry","category-economia","category-internazionale","category-opinioni","category-politica","tag-diseguaglianza","tag-globalizzazione","tag-politica-it","tag-tecnologia-it"],"yoast_head":"<!-- This site is optimized with the Yoast SEO plugin v27.1.1 - https:\/\/yoast.com\/product\/yoast-seo-wordpress\/ -->\n<title>L&#039;ineguaglianza come scelta politica<\/title>\n<meta name=\"description\" content=\"Globalizzazione e tecnologia sono spacciate\u00a0per processi naturali e inevitabili. In realt\u00e0 il loro percorso, nella misura in cui ha portato ad una\" \/>\n<meta name=\"robots\" content=\"index, follow, max-snippet:-1, max-image-preview:large, max-video-preview:-1\" \/>\n<link rel=\"canonical\" href=\"https:\/\/www.pressenza.com\/it\/2016\/11\/lineguaglianza-come-scelta-politica\/\" \/>\n<meta property=\"og:locale\" content=\"it_IT\" \/>\n<meta property=\"og:type\" content=\"article\" \/>\n<meta property=\"og:title\" content=\"L&#039;ineguaglianza come scelta politica\" \/>\n<meta property=\"og:description\" content=\"Globalizzazione e tecnologia sono spacciate\u00a0per processi naturali e inevitabili. In realt\u00e0 il loro percorso, nella misura in cui ha portato ad una\" \/>\n<meta property=\"og:url\" content=\"https:\/\/www.pressenza.com\/it\/2016\/11\/lineguaglianza-come-scelta-politica\/\" \/>\n<meta property=\"og:site_name\" content=\"Pressenza\" \/>\n<meta property=\"article:publisher\" content=\"https:\/\/www.facebook.com\/PressenzaItalia\" \/>\n<meta property=\"article:author\" content=\"https:\/\/www.facebook.com\/PressenzaItalia\" \/>\n<meta property=\"article:published_time\" content=\"2016-11-02T23:22:06+00:00\" \/>\n<meta property=\"article:modified_time\" content=\"2016-11-03T19:02:21+00:00\" \/>\n<meta property=\"og:image\" content=\"https:\/\/www.pressenza.com\/wp-content\/uploads\/2016\/11\/W-infermiere-2.png\" \/>\n\t<meta property=\"og:image:width\" content=\"622\" \/>\n\t<meta property=\"og:image:height\" content=\"511\" \/>\n\t<meta property=\"og:image:type\" content=\"image\/png\" \/>\n<meta name=\"author\" content=\"Redazione Italia\" \/>\n<meta name=\"twitter:card\" content=\"summary_large_image\" \/>\n<meta name=\"twitter:creator\" content=\"@pressenza_it\" \/>\n<meta name=\"twitter:site\" content=\"@PressenzaIPA\" \/>\n<meta name=\"twitter:label1\" content=\"Scritto da\" \/>\n\t<meta name=\"twitter:data1\" content=\"Redazione Italia\" \/>\n\t<meta name=\"twitter:label2\" content=\"Tempo di lettura stimato\" \/>\n\t<meta name=\"twitter:data2\" content=\"6 minuti\" \/>\n<script type=\"application\/ld+json\" class=\"yoast-schema-graph\">{\"@context\":\"https:\/\/schema.org\",\"@graph\":[{\"@type\":\"Article\",\"@id\":\"https:\/\/www.pressenza.com\/it\/2016\/11\/lineguaglianza-come-scelta-politica\/#article\",\"isPartOf\":{\"@id\":\"https:\/\/www.pressenza.com\/it\/2016\/11\/lineguaglianza-come-scelta-politica\/\"},\"author\":{\"name\":\"Redazione Italia\",\"@id\":\"https:\/\/www.pressenza.com\/it\/#\/schema\/person\/d983e81827ae24f2c7b1a2123d197f8d\"},\"headline\":\"L&#8217;ineguaglianza come scelta politica\",\"datePublished\":\"2016-11-02T23:22:06+00:00\",\"dateModified\":\"2016-11-03T19:02:21+00:00\",\"mainEntityOfPage\":{\"@id\":\"https:\/\/www.pressenza.com\/it\/2016\/11\/lineguaglianza-come-scelta-politica\/\"},\"wordCount\":1272,\"publisher\":{\"@id\":\"https:\/\/www.pressenza.com\/it\/#organization\"},\"image\":{\"@id\":\"https:\/\/www.pressenza.com\/it\/2016\/11\/lineguaglianza-come-scelta-politica\/#primaryimage\"},\"thumbnailUrl\":\"https:\/\/www.pressenza.com\/wp-content\/uploads\/2016\/11\/W-infermiere-2.png\",\"keywords\":[\"diseguaglianza\",\"globalizzazione\",\"politica\",\"tecnologia\"],\"articleSection\":[\"Economia\",\"Internazionale\",\"Opinioni\",\"Politica\"],\"inLanguage\":\"it-IT\"},{\"@type\":\"WebPage\",\"@id\":\"https:\/\/www.pressenza.com\/it\/2016\/11\/lineguaglianza-come-scelta-politica\/\",\"url\":\"https:\/\/www.pressenza.com\/it\/2016\/11\/lineguaglianza-come-scelta-politica\/\",\"name\":\"L'ineguaglianza come scelta politica\",\"isPartOf\":{\"@id\":\"https:\/\/www.pressenza.com\/it\/#website\"},\"primaryImageOfPage\":{\"@id\":\"https:\/\/www.pressenza.com\/it\/2016\/11\/lineguaglianza-come-scelta-politica\/#primaryimage\"},\"image\":{\"@id\":\"https:\/\/www.pressenza.com\/it\/2016\/11\/lineguaglianza-come-scelta-politica\/#primaryimage\"},\"thumbnailUrl\":\"https:\/\/www.pressenza.com\/wp-content\/uploads\/2016\/11\/W-infermiere-2.png\",\"datePublished\":\"2016-11-02T23:22:06+00:00\",\"dateModified\":\"2016-11-03T19:02:21+00:00\",\"description\":\"Globalizzazione e tecnologia sono spacciate\u00a0per processi naturali e inevitabili. In realt\u00e0 il loro percorso, nella misura in cui ha portato ad una\",\"breadcrumb\":{\"@id\":\"https:\/\/www.pressenza.com\/it\/2016\/11\/lineguaglianza-come-scelta-politica\/#breadcrumb\"},\"inLanguage\":\"it-IT\",\"potentialAction\":[{\"@type\":\"ReadAction\",\"target\":[\"https:\/\/www.pressenza.com\/it\/2016\/11\/lineguaglianza-come-scelta-politica\/\"]}]},{\"@type\":\"ImageObject\",\"inLanguage\":\"it-IT\",\"@id\":\"https:\/\/www.pressenza.com\/it\/2016\/11\/lineguaglianza-come-scelta-politica\/#primaryimage\",\"url\":\"https:\/\/www.pressenza.com\/wp-content\/uploads\/2016\/11\/W-infermiere-2.png\",\"contentUrl\":\"https:\/\/www.pressenza.com\/wp-content\/uploads\/2016\/11\/W-infermiere-2.png\",\"width\":622,\"height\":511},{\"@type\":\"BreadcrumbList\",\"@id\":\"https:\/\/www.pressenza.com\/it\/2016\/11\/lineguaglianza-come-scelta-politica\/#breadcrumb\",\"itemListElement\":[{\"@type\":\"ListItem\",\"position\":1,\"name\":\"Accueil\",\"item\":\"https:\/\/www.pressenza.com\/it\/\"},{\"@type\":\"ListItem\",\"position\":2,\"name\":\"L&#8217;ineguaglianza come scelta politica\"}]},{\"@type\":\"WebSite\",\"@id\":\"https:\/\/www.pressenza.com\/it\/#website\",\"url\":\"https:\/\/www.pressenza.com\/it\/\",\"name\":\"Pressenza\",\"description\":\"Agenzia di Stampa Internazionale\",\"publisher\":{\"@id\":\"https:\/\/www.pressenza.com\/it\/#organization\"},\"potentialAction\":[{\"@type\":\"SearchAction\",\"target\":{\"@type\":\"EntryPoint\",\"urlTemplate\":\"https:\/\/www.pressenza.com\/it\/?s={search_term_string}\"},\"query-input\":{\"@type\":\"PropertyValueSpecification\",\"valueRequired\":true,\"valueName\":\"search_term_string\"}}],\"inLanguage\":\"it-IT\"},{\"@type\":\"Organization\",\"@id\":\"https:\/\/www.pressenza.com\/it\/#organization\",\"name\":\"Pressenza\",\"url\":\"https:\/\/www.pressenza.com\/it\/\",\"logo\":{\"@type\":\"ImageObject\",\"inLanguage\":\"it-IT\",\"@id\":\"https:\/\/www.pressenza.com\/it\/#\/schema\/logo\/image\/\",\"url\":\"https:\/\/www.pressenza.com\/wp-content\/uploads\/2022\/10\/pressenza_logo_200x200.jpg\",\"contentUrl\":\"https:\/\/www.pressenza.com\/wp-content\/uploads\/2022\/10\/pressenza_logo_200x200.jpg\",\"width\":200,\"height\":200,\"caption\":\"Pressenza\"},\"image\":{\"@id\":\"https:\/\/www.pressenza.com\/it\/#\/schema\/logo\/image\/\"},\"sameAs\":[\"https:\/\/www.facebook.com\/PressenzaItalia\",\"https:\/\/x.com\/PressenzaIPA\"]},{\"@type\":\"Person\",\"@id\":\"https:\/\/www.pressenza.com\/it\/#\/schema\/person\/d983e81827ae24f2c7b1a2123d197f8d\",\"name\":\"Redazione Italia\",\"description\":\"News from the Pressenza Bureau in Italy\",\"sameAs\":[\"https:\/\/www.pressenza.com\/it\/author\/redazione-italia\/\",\"https:\/\/www.facebook.com\/PressenzaItalia\",\"https:\/\/www.instagram.com\/pressenza_italia\/\",\"https:\/\/x.com\/pressenza_it\",\"https:\/\/www.youtube.com\/channel\/UCSalEIWjE1RSxkwjfftFuqg\"],\"url\":\"https:\/\/www.pressenza.com\/it\/author\/redazione-italia\/\"}]}<\/script>\n<!-- \/ Yoast SEO plugin. -->","yoast_head_json":{"title":"L'ineguaglianza come scelta politica","description":"Globalizzazione e tecnologia sono spacciate\u00a0per processi naturali e inevitabili. In realt\u00e0 il loro percorso, nella misura in cui ha portato ad una","robots":{"index":"index","follow":"follow","max-snippet":"max-snippet:-1","max-image-preview":"max-image-preview:large","max-video-preview":"max-video-preview:-1"},"canonical":"https:\/\/www.pressenza.com\/it\/2016\/11\/lineguaglianza-come-scelta-politica\/","og_locale":"it_IT","og_type":"article","og_title":"L'ineguaglianza come scelta politica","og_description":"Globalizzazione e tecnologia sono spacciate\u00a0per processi naturali e inevitabili. In realt\u00e0 il loro percorso, nella misura in cui ha portato ad una","og_url":"https:\/\/www.pressenza.com\/it\/2016\/11\/lineguaglianza-come-scelta-politica\/","og_site_name":"Pressenza","article_publisher":"https:\/\/www.facebook.com\/PressenzaItalia","article_author":"https:\/\/www.facebook.com\/PressenzaItalia","article_published_time":"2016-11-02T23:22:06+00:00","article_modified_time":"2016-11-03T19:02:21+00:00","og_image":[{"width":622,"height":511,"url":"https:\/\/www.pressenza.com\/wp-content\/uploads\/2016\/11\/W-infermiere-2.png","type":"image\/png"}],"author":"Redazione Italia","twitter_card":"summary_large_image","twitter_creator":"@pressenza_it","twitter_site":"@PressenzaIPA","twitter_misc":{"Scritto da":"Redazione Italia","Tempo di lettura stimato":"6 minuti"},"schema":{"@context":"https:\/\/schema.org","@graph":[{"@type":"Article","@id":"https:\/\/www.pressenza.com\/it\/2016\/11\/lineguaglianza-come-scelta-politica\/#article","isPartOf":{"@id":"https:\/\/www.pressenza.com\/it\/2016\/11\/lineguaglianza-come-scelta-politica\/"},"author":{"name":"Redazione Italia","@id":"https:\/\/www.pressenza.com\/it\/#\/schema\/person\/d983e81827ae24f2c7b1a2123d197f8d"},"headline":"L&#8217;ineguaglianza come scelta politica","datePublished":"2016-11-02T23:22:06+00:00","dateModified":"2016-11-03T19:02:21+00:00","mainEntityOfPage":{"@id":"https:\/\/www.pressenza.com\/it\/2016\/11\/lineguaglianza-come-scelta-politica\/"},"wordCount":1272,"publisher":{"@id":"https:\/\/www.pressenza.com\/it\/#organization"},"image":{"@id":"https:\/\/www.pressenza.com\/it\/2016\/11\/lineguaglianza-come-scelta-politica\/#primaryimage"},"thumbnailUrl":"https:\/\/www.pressenza.com\/wp-content\/uploads\/2016\/11\/W-infermiere-2.png","keywords":["diseguaglianza","globalizzazione","politica","tecnologia"],"articleSection":["Economia","Internazionale","Opinioni","Politica"],"inLanguage":"it-IT"},{"@type":"WebPage","@id":"https:\/\/www.pressenza.com\/it\/2016\/11\/lineguaglianza-come-scelta-politica\/","url":"https:\/\/www.pressenza.com\/it\/2016\/11\/lineguaglianza-come-scelta-politica\/","name":"L'ineguaglianza come scelta politica","isPartOf":{"@id":"https:\/\/www.pressenza.com\/it\/#website"},"primaryImageOfPage":{"@id":"https:\/\/www.pressenza.com\/it\/2016\/11\/lineguaglianza-come-scelta-politica\/#primaryimage"},"image":{"@id":"https:\/\/www.pressenza.com\/it\/2016\/11\/lineguaglianza-come-scelta-politica\/#primaryimage"},"thumbnailUrl":"https:\/\/www.pressenza.com\/wp-content\/uploads\/2016\/11\/W-infermiere-2.png","datePublished":"2016-11-02T23:22:06+00:00","dateModified":"2016-11-03T19:02:21+00:00","description":"Globalizzazione e tecnologia sono spacciate\u00a0per processi naturali e inevitabili. In realt\u00e0 il loro percorso, nella misura in cui ha portato ad una","breadcrumb":{"@id":"https:\/\/www.pressenza.com\/it\/2016\/11\/lineguaglianza-come-scelta-politica\/#breadcrumb"},"inLanguage":"it-IT","potentialAction":[{"@type":"ReadAction","target":["https:\/\/www.pressenza.com\/it\/2016\/11\/lineguaglianza-come-scelta-politica\/"]}]},{"@type":"ImageObject","inLanguage":"it-IT","@id":"https:\/\/www.pressenza.com\/it\/2016\/11\/lineguaglianza-come-scelta-politica\/#primaryimage","url":"https:\/\/www.pressenza.com\/wp-content\/uploads\/2016\/11\/W-infermiere-2.png","contentUrl":"https:\/\/www.pressenza.com\/wp-content\/uploads\/2016\/11\/W-infermiere-2.png","width":622,"height":511},{"@type":"BreadcrumbList","@id":"https:\/\/www.pressenza.com\/it\/2016\/11\/lineguaglianza-come-scelta-politica\/#breadcrumb","itemListElement":[{"@type":"ListItem","position":1,"name":"Accueil","item":"https:\/\/www.pressenza.com\/it\/"},{"@type":"ListItem","position":2,"name":"L&#8217;ineguaglianza come scelta politica"}]},{"@type":"WebSite","@id":"https:\/\/www.pressenza.com\/it\/#website","url":"https:\/\/www.pressenza.com\/it\/","name":"Pressenza","description":"Agenzia di Stampa Internazionale","publisher":{"@id":"https:\/\/www.pressenza.com\/it\/#organization"},"potentialAction":[{"@type":"SearchAction","target":{"@type":"EntryPoint","urlTemplate":"https:\/\/www.pressenza.com\/it\/?s={search_term_string}"},"query-input":{"@type":"PropertyValueSpecification","valueRequired":true,"valueName":"search_term_string"}}],"inLanguage":"it-IT"},{"@type":"Organization","@id":"https:\/\/www.pressenza.com\/it\/#organization","name":"Pressenza","url":"https:\/\/www.pressenza.com\/it\/","logo":{"@type":"ImageObject","inLanguage":"it-IT","@id":"https:\/\/www.pressenza.com\/it\/#\/schema\/logo\/image\/","url":"https:\/\/www.pressenza.com\/wp-content\/uploads\/2022\/10\/pressenza_logo_200x200.jpg","contentUrl":"https:\/\/www.pressenza.com\/wp-content\/uploads\/2022\/10\/pressenza_logo_200x200.jpg","width":200,"height":200,"caption":"Pressenza"},"image":{"@id":"https:\/\/www.pressenza.com\/it\/#\/schema\/logo\/image\/"},"sameAs":["https:\/\/www.facebook.com\/PressenzaItalia","https:\/\/x.com\/PressenzaIPA"]},{"@type":"Person","@id":"https:\/\/www.pressenza.com\/it\/#\/schema\/person\/d983e81827ae24f2c7b1a2123d197f8d","name":"Redazione Italia","description":"News from the Pressenza Bureau in Italy","sameAs":["https:\/\/www.pressenza.com\/it\/author\/redazione-italia\/","https:\/\/www.facebook.com\/PressenzaItalia","https:\/\/www.instagram.com\/pressenza_italia\/","https:\/\/x.com\/pressenza_it","https:\/\/www.youtube.com\/channel\/UCSalEIWjE1RSxkwjfftFuqg"],"url":"https:\/\/www.pressenza.com\/it\/author\/redazione-italia\/"}]}},"place":"","original_article_url":"","_links":{"self":[{"href":"https:\/\/www.pressenza.com\/it\/wp-json\/wp\/v2\/posts\/392470","targetHints":{"allow":["GET"]}}],"collection":[{"href":"https:\/\/www.pressenza.com\/it\/wp-json\/wp\/v2\/posts"}],"about":[{"href":"https:\/\/www.pressenza.com\/it\/wp-json\/wp\/v2\/types\/post"}],"author":[{"embeddable":true,"href":"https:\/\/www.pressenza.com\/it\/wp-json\/wp\/v2\/users\/594"}],"replies":[{"embeddable":true,"href":"https:\/\/www.pressenza.com\/it\/wp-json\/wp\/v2\/comments?post=392470"}],"version-history":[{"count":0,"href":"https:\/\/www.pressenza.com\/it\/wp-json\/wp\/v2\/posts\/392470\/revisions"}],"wp:featuredmedia":[{"embeddable":true,"href":"https:\/\/www.pressenza.com\/it\/wp-json\/wp\/v2\/media\/392496"}],"wp:attachment":[{"href":"https:\/\/www.pressenza.com\/it\/wp-json\/wp\/v2\/media?parent=392470"}],"wp:term":[{"taxonomy":"category","embeddable":true,"href":"https:\/\/www.pressenza.com\/it\/wp-json\/wp\/v2\/categories?post=392470"},{"taxonomy":"post_tag","embeddable":true,"href":"https:\/\/www.pressenza.com\/it\/wp-json\/wp\/v2\/tags?post=392470"}],"curies":[{"name":"wp","href":"https:\/\/api.w.org\/{rel}","templated":true}]}}