{"id":39096,"date":"2013-02-18T21:08:51","date_gmt":"2013-02-18T21:08:51","guid":{"rendered":"http:\/\/www.pressenza.com\/?p=39096"},"modified":"2013-02-18T21:09:07","modified_gmt":"2013-02-18T21:09:07","slug":"stracciare-il-trattato-di-maastricht-oppure-uscire-dalleuro-e-formare-unarea-economica-mediterranea","status":"publish","type":"post","link":"https:\/\/www.pressenza.com\/it\/2013\/02\/stracciare-il-trattato-di-maastricht-oppure-uscire-dalleuro-e-formare-unarea-economica-mediterranea\/","title":{"rendered":"Stracciare il trattato di Maastricht, oppure uscire dall&#8217;Euro e formare un&#8217;Area Economica Mediterranea"},"content":{"rendered":"<p><strong><\/strong><strong><i>L&#8217;Italia non ha altre alternative per evitare il disastro.<\/i><\/strong><\/p>\n<p><strong>Il Partito Umanista, fin dalle Elezioni Europee del 1999 denunciava in Europa:<\/strong><\/p>\n<p><em>&#8211; un peggioramento delle condizioni di vita dei suoi abitanti in nome della politica monetaria e finanziaria;<\/em><i><br \/>\n<em>&#8211; la perdita di democrazia e sovranit\u00e0 degli Stati nazionali;<\/em><br \/>\n<em>&#8211; un aumento del malessere nel tessuto sociale, nelle fasce escluse per la diminuzione di diritti e garanzie, a causa delle liberalizzazioni e delle privatizzazioni, della \u201cflessibilit\u00e0\u201d del lavoro e della competizione globale.<\/em><\/i><\/p>\n<p>Abbiamo sempre denunciato un&#8217;Unione Europea plasmata in fretta e furia sui cardini del trattato di Maastricht e dell&#8217;Euro e finanziata attraverso la privatizzazione della sanit\u00e0, dell&#8217;istruzione e dei servizi pubblici essenziali (luce, gas, acqua, telefono, etc.); attraverso il furto e la privatizzazione delle pensioni e dell\u2019assistenza sociale, attraverso l\u2019aumento della disoccupazione.<\/p>\n<p><strong>Il Partito Umanista, in tutti i paesi europei in cui \u00e8 presente, ha sempre aspirato invece <\/strong>a un&#8217;Europa basata su una democrazia reale che garantisse il massimo ampliamento della libert\u00e0 per tutti i suoi abitanti; un&#8217;Europa in grado di ridistribuire le sue enormi risorse per assicurare a tutti condizioni di vita degne; la piena e universale attuazione dei diritti umani all&#8217;interno del suo spazio, e politiche volte al rispetto e alla tutela dei diritti umani nelle altre regioni<\/p>\n<p align=\"left\"><strong>Oggi, a quattordici anni di distanza dalle nostre denunce sulla mostruosa Unione Europea che stava costituendosi, vediamo le conseguenze disastrose di tutti i trattati e degli accordi imposti alla popolazione europea:<\/strong> i vari Fiscal Compact, pareggi di bilancio, meccanismi e fondi \u201cSalva Stati\u201d e il concretizzarsi di uno scenario devastante che ha sbriciolato l&#8217;economia, la societ\u00e0, le persone e le coscienze. Un processo che per ora ha colpito in particolar modo in Grecia, Portogallo, Spagna, Irlanda ed Italia ma che in quest&#8217;anno si conclamer\u00e0 anche negli altri Stati dell&#8217;Unione, soprattutto in quelli dell&#8217;Euro-Zona.<\/p>\n<p>Si tratta di un processo lanciato a discapito degli interessi dei popoli europei e che ha aperto il fianco agli \u201cattacchi speculativi\u201d della finanza internazionale, che non vedeva l&#8217;ora di poter colpire una delle aree del pianeta in cui un processo precedente, iniziato nel dopoguerra, aspirava alla costruzione di un&#8217;area in cui fossero garantiti i diritti fondamentali per tutti.<\/p>\n<p><strong>La finanza internazionale<\/strong> ha attaccato in particolare l&#8217;Italia perch\u00e9 \u00e8 una delle principali economie sia europee che internazionali ed \u00e8 particolarmente attraente per la sua economia reale, per il suo livello di benessere, per la sua tradizione culturale e per i diritti acquisiti dei lavoratori.<\/p>\n<p>Siamo in situazione paragonabile ad uno Stato di Guerra. Parlando di \u201cattacco\u201d non stiamo usando una metafora: <strong>ci troviamo di fronte a un nuovo tipo di guerra in cui le armi sono la manipolazione degli interessi sul debito pubblico (spread), i rating, i colpi di mano su trattati internazionali decisi a tavolino da vertici non controllati e non controllabili dal popolo.<\/strong><\/p>\n<p><strong>La nostra economia reale \u00e8 oggi in grave pericolo e bisogna pretendere dei piani di emergenza di tipo post-bellico. Occorre urgentemente una ricostruzione dello stato sociale (che garantisca sanit\u00e0 pubblica ed educazione pubblica al massimo livello possibile), dell&#8217;economia reale, dell&#8217;industria, del diritto al lavoro, dell&#8217;ambiente e del diritto alla casa.<\/strong><\/p>\n<p>Nei dopo-guerra si \u00e8 sempre potuto rimodulare gli accordi e fare nuovi negoziati: se ci\u00f2 che impedisce di agire in questa direzione risultano essere \u201cgli accordi presi con l&#8217;Europa\u201d, allora \u00e8 arrivato il momento di rimettere tutto in discussione, nell&#8217;interesse non solo dell&#8217;Italia, ma di tutti i popoli del continente.<\/p>\n<p><strong>\u00c8 necessario che l&#8217;Italia si muova con decisione in questo momento drammatico: bisogna stracciare gli attuali trattati europei (da quello firmato a Maastricht nel 1992 in poi) realizzando un referendum per abolirli e pretendere la formulazione di nuovi trattati europei che abbiano questi 12 punti essenziali e non rinunciabili:<\/strong><br \/>\n<strong><i>1.<\/i><\/strong><em> I Paesi Europei si devono unire in una Federazione basata sul principio di solidariet\u00e0;<\/em><i><br \/>\n<strong>2.<\/strong><em> Il Parlamento Europeo legittimamente eletto deve controllare il potere esecutivo (quello oggi svolto dalla Commissione Europea che non \u00e8 sottoposta a nessun controllo diretto da parte del parlamento);<\/em><br \/>\n<strong>3.<\/strong><em> Il Parlamento Europeo deve controllare direttamente la BCE;<\/em><br \/>\n<strong>4. <\/strong><em>La BCE deve essere prestatore di ultima istanza e quindi garante del debito dei vari paesi europei;<\/em><br \/>\n<strong>5. <\/strong><em>L&#8217;Euro deve essere utilizzato come moneta pienamente sovrana garantendo l&#8217;economia di tutta la federazione;<\/em><br \/>\n<strong>6.<\/strong><em> Netta separazione tra banche commerciali e banche d&#8217;investimento e politiche di forte contrasto alla speculazione finanziaria;<\/em><br \/>\n<strong>7. <\/strong><em>Possibilit\u00e0 per i paesi europei di spendere a deficit eliminando immediatamente il fiscal compact; adozione di politiche anti-cicliche;<\/em><br \/>\n<strong>8. <\/strong><em>Adozione, fino alla piena occupazione in tutti i paesi europei, di politiche neokeynesiane con la possibilit\u00e0 di spendere a deficit (e non spendere per ripagare i debiti delle banche);<\/em><br \/>\n<strong>9.<\/strong><em> Riforma del sistema previdenziale sanitario ed educativo garantito direttamente dalla Bce, per tutti e tarato su livelli di eccellenza;<\/em><br \/>\n<strong>10. <\/strong><em>Garanzia del diritto alla casa;<\/em><br \/>\n<strong>11. <\/strong><em>Adozione di sistemi di responsabilit\u00e0 politica e democrazia diretta;<\/em><br \/>\n<strong>12.<\/strong><em> Forte decentramento del modello istituzionale con particolare enfasi sul livello comunale.<\/em><br \/>\n<strong>\u00a0<\/strong><\/i><br \/>\nTutti questi punti sono una condizione essenziale per &#8220;rimanere&#8221; in questa Europa. Diversamente l&#8217;Italia, insieme agli altri Paesi del sud Europa, dovrebbe decidere l&#8217;uscita dall&#8217;Euro e promuovere la formazione di un&#8217;area economica mediterranea.<\/p>\n<p align=\"left\"><a href=\"http:\/\/www.partitoumanista.it\">http:\/\/www.partitoumanista.it<\/a><\/p>\n<p align=\"left\">\n","protected":false},"excerpt":{"rendered":"<p>L&#8217;Italia non ha altre alternative per evitare il disastro. Il Partito Umanista, fin dalle Elezioni Europee del 1999 denunciava in Europa: &#8211; un peggioramento delle condizioni di vita dei suoi abitanti in nome della politica monetaria e finanziaria; &#8211; la&hellip;<\/p>\n","protected":false},"author":481,"featured_media":39097,"comment_status":"closed","ping_status":"open","sticky":false,"template":"","format":"standard","meta":{"footnotes":""},"categories":[62,47,55],"tags":[3543,1687,3544],"class_list":["post-39096","post","type-post","status-publish","format-standard","has-post-thumbnail","hentry","category-economia","category-europa","category-politica","tag-euro","tag-stato-sociale","tag-trattati"],"yoast_head":"<!-- This site is optimized with the Yoast SEO plugin v27.1.1 - https:\/\/yoast.com\/product\/yoast-seo-wordpress\/ -->\n<title>Stracciare il trattato di Maastricht, oppure uscire dall&#039;Euro e formare un&#039;Area Economica Mediterranea<\/title>\n<meta name=\"description\" content=\"L&#039;Italia non ha altre alternative per evitare il disastro. Il Partito Umanista, fin dalle Elezioni Europee del 1999 denunciava in Europa: - un\" \/>\n<meta name=\"robots\" content=\"index, follow, max-snippet:-1, max-image-preview:large, max-video-preview:-1\" \/>\n<link rel=\"canonical\" href=\"https:\/\/www.pressenza.com\/it\/2013\/02\/stracciare-il-trattato-di-maastricht-oppure-uscire-dalleuro-e-formare-unarea-economica-mediterranea\/\" \/>\n<meta property=\"og:locale\" content=\"it_IT\" \/>\n<meta property=\"og:type\" content=\"article\" \/>\n<meta property=\"og:title\" content=\"Stracciare il trattato di Maastricht, oppure uscire dall&#039;Euro e formare un&#039;Area Economica Mediterranea\" \/>\n<meta property=\"og:description\" content=\"L&#039;Italia non ha altre alternative per evitare il disastro. Il Partito Umanista, fin dalle Elezioni Europee del 1999 denunciava in Europa: - un\" \/>\n<meta property=\"og:url\" content=\"https:\/\/www.pressenza.com\/it\/2013\/02\/stracciare-il-trattato-di-maastricht-oppure-uscire-dalleuro-e-formare-unarea-economica-mediterranea\/\" \/>\n<meta property=\"og:site_name\" content=\"Pressenza\" \/>\n<meta property=\"article:publisher\" content=\"https:\/\/www.facebook.com\/PressenzaItalia\" \/>\n<meta property=\"article:author\" content=\"https:\/\/www.facebook.com\/pages\/Partito-Umanista\/\" \/>\n<meta property=\"article:published_time\" content=\"2013-02-18T21:08:51+00:00\" \/>\n<meta property=\"article:modified_time\" content=\"2013-02-18T21:09:07+00:00\" \/>\n<meta property=\"og:image\" content=\"https:\/\/www.pressenza.com\/wp-content\/uploads\/2013\/02\/europa_umanista.jpg\" \/>\n\t<meta property=\"og:image:width\" content=\"350\" \/>\n\t<meta property=\"og:image:height\" content=\"197\" \/>\n\t<meta property=\"og:image:type\" content=\"image\/jpeg\" \/>\n<meta name=\"author\" content=\"Partito Umanista\" \/>\n<meta name=\"twitter:card\" content=\"summary_large_image\" \/>\n<meta name=\"twitter:creator\" content=\"@partitoumanista\" \/>\n<meta name=\"twitter:site\" content=\"@PressenzaIPA\" \/>\n<meta name=\"twitter:label1\" content=\"Scritto da\" \/>\n\t<meta name=\"twitter:data1\" content=\"Partito Umanista\" \/>\n\t<meta name=\"twitter:label2\" content=\"Tempo di lettura stimato\" \/>\n\t<meta name=\"twitter:data2\" content=\"4 minuti\" \/>\n<script type=\"application\/ld+json\" class=\"yoast-schema-graph\">{\"@context\":\"https:\/\/schema.org\",\"@graph\":[{\"@type\":\"Article\",\"@id\":\"https:\/\/www.pressenza.com\/it\/2013\/02\/stracciare-il-trattato-di-maastricht-oppure-uscire-dalleuro-e-formare-unarea-economica-mediterranea\/#article\",\"isPartOf\":{\"@id\":\"https:\/\/www.pressenza.com\/it\/2013\/02\/stracciare-il-trattato-di-maastricht-oppure-uscire-dalleuro-e-formare-unarea-economica-mediterranea\/\"},\"author\":{\"name\":\"Partito Umanista\",\"@id\":\"https:\/\/www.pressenza.com\/it\/#\/schema\/person\/444a68b8b263dbd36ac1531293ea9cae\"},\"headline\":\"Stracciare il trattato di Maastricht, oppure uscire dall&#8217;Euro e formare un&#8217;Area Economica Mediterranea\",\"datePublished\":\"2013-02-18T21:08:51+00:00\",\"dateModified\":\"2013-02-18T21:09:07+00:00\",\"mainEntityOfPage\":{\"@id\":\"https:\/\/www.pressenza.com\/it\/2013\/02\/stracciare-il-trattato-di-maastricht-oppure-uscire-dalleuro-e-formare-unarea-economica-mediterranea\/\"},\"wordCount\":876,\"publisher\":{\"@id\":\"https:\/\/www.pressenza.com\/it\/#organization\"},\"image\":{\"@id\":\"https:\/\/www.pressenza.com\/it\/2013\/02\/stracciare-il-trattato-di-maastricht-oppure-uscire-dalleuro-e-formare-unarea-economica-mediterranea\/#primaryimage\"},\"thumbnailUrl\":\"https:\/\/www.pressenza.com\/wp-content\/uploads\/2013\/02\/europa_umanista.jpg\",\"keywords\":[\"euro\",\"stato sociale\",\"trattati\"],\"articleSection\":[\"Economia\",\"Europa\",\"Politica\"],\"inLanguage\":\"it-IT\"},{\"@type\":\"WebPage\",\"@id\":\"https:\/\/www.pressenza.com\/it\/2013\/02\/stracciare-il-trattato-di-maastricht-oppure-uscire-dalleuro-e-formare-unarea-economica-mediterranea\/\",\"url\":\"https:\/\/www.pressenza.com\/it\/2013\/02\/stracciare-il-trattato-di-maastricht-oppure-uscire-dalleuro-e-formare-unarea-economica-mediterranea\/\",\"name\":\"Stracciare il trattato di Maastricht, oppure uscire dall'Euro e formare un'Area Economica Mediterranea\",\"isPartOf\":{\"@id\":\"https:\/\/www.pressenza.com\/it\/#website\"},\"primaryImageOfPage\":{\"@id\":\"https:\/\/www.pressenza.com\/it\/2013\/02\/stracciare-il-trattato-di-maastricht-oppure-uscire-dalleuro-e-formare-unarea-economica-mediterranea\/#primaryimage\"},\"image\":{\"@id\":\"https:\/\/www.pressenza.com\/it\/2013\/02\/stracciare-il-trattato-di-maastricht-oppure-uscire-dalleuro-e-formare-unarea-economica-mediterranea\/#primaryimage\"},\"thumbnailUrl\":\"https:\/\/www.pressenza.com\/wp-content\/uploads\/2013\/02\/europa_umanista.jpg\",\"datePublished\":\"2013-02-18T21:08:51+00:00\",\"dateModified\":\"2013-02-18T21:09:07+00:00\",\"description\":\"L'Italia non ha altre alternative per evitare il disastro. Il Partito Umanista, fin dalle Elezioni Europee del 1999 denunciava in Europa: - un\",\"breadcrumb\":{\"@id\":\"https:\/\/www.pressenza.com\/it\/2013\/02\/stracciare-il-trattato-di-maastricht-oppure-uscire-dalleuro-e-formare-unarea-economica-mediterranea\/#breadcrumb\"},\"inLanguage\":\"it-IT\",\"potentialAction\":[{\"@type\":\"ReadAction\",\"target\":[\"https:\/\/www.pressenza.com\/it\/2013\/02\/stracciare-il-trattato-di-maastricht-oppure-uscire-dalleuro-e-formare-unarea-economica-mediterranea\/\"]}]},{\"@type\":\"ImageObject\",\"inLanguage\":\"it-IT\",\"@id\":\"https:\/\/www.pressenza.com\/it\/2013\/02\/stracciare-il-trattato-di-maastricht-oppure-uscire-dalleuro-e-formare-unarea-economica-mediterranea\/#primaryimage\",\"url\":\"https:\/\/www.pressenza.com\/wp-content\/uploads\/2013\/02\/europa_umanista.jpg\",\"contentUrl\":\"https:\/\/www.pressenza.com\/wp-content\/uploads\/2013\/02\/europa_umanista.jpg\",\"width\":350,\"height\":197},{\"@type\":\"BreadcrumbList\",\"@id\":\"https:\/\/www.pressenza.com\/it\/2013\/02\/stracciare-il-trattato-di-maastricht-oppure-uscire-dalleuro-e-formare-unarea-economica-mediterranea\/#breadcrumb\",\"itemListElement\":[{\"@type\":\"ListItem\",\"position\":1,\"name\":\"Accueil\",\"item\":\"https:\/\/www.pressenza.com\/it\/\"},{\"@type\":\"ListItem\",\"position\":2,\"name\":\"Stracciare il trattato di Maastricht, oppure uscire dall&#8217;Euro e formare un&#8217;Area Economica Mediterranea\"}]},{\"@type\":\"WebSite\",\"@id\":\"https:\/\/www.pressenza.com\/it\/#website\",\"url\":\"https:\/\/www.pressenza.com\/it\/\",\"name\":\"Pressenza\",\"description\":\"Agenzia di Stampa Internazionale\",\"publisher\":{\"@id\":\"https:\/\/www.pressenza.com\/it\/#organization\"},\"potentialAction\":[{\"@type\":\"SearchAction\",\"target\":{\"@type\":\"EntryPoint\",\"urlTemplate\":\"https:\/\/www.pressenza.com\/it\/?s={search_term_string}\"},\"query-input\":{\"@type\":\"PropertyValueSpecification\",\"valueRequired\":true,\"valueName\":\"search_term_string\"}}],\"inLanguage\":\"it-IT\"},{\"@type\":\"Organization\",\"@id\":\"https:\/\/www.pressenza.com\/it\/#organization\",\"name\":\"Pressenza\",\"url\":\"https:\/\/www.pressenza.com\/it\/\",\"logo\":{\"@type\":\"ImageObject\",\"inLanguage\":\"it-IT\",\"@id\":\"https:\/\/www.pressenza.com\/it\/#\/schema\/logo\/image\/\",\"url\":\"https:\/\/www.pressenza.com\/wp-content\/uploads\/2022\/10\/pressenza_logo_200x200.jpg\",\"contentUrl\":\"https:\/\/www.pressenza.com\/wp-content\/uploads\/2022\/10\/pressenza_logo_200x200.jpg\",\"width\":200,\"height\":200,\"caption\":\"Pressenza\"},\"image\":{\"@id\":\"https:\/\/www.pressenza.com\/it\/#\/schema\/logo\/image\/\"},\"sameAs\":[\"https:\/\/www.facebook.com\/PressenzaItalia\",\"https:\/\/x.com\/PressenzaIPA\"]},{\"@type\":\"Person\",\"@id\":\"https:\/\/www.pressenza.com\/it\/#\/schema\/person\/444a68b8b263dbd36ac1531293ea9cae\",\"name\":\"Partito Umanista\",\"description\":\"www.partitoumanista.it\",\"sameAs\":[\"http:\/\/www.partitoumanista.it\",\"https:\/\/www.facebook.com\/pages\/Partito-Umanista\/\",\"https:\/\/x.com\/partitoumanista\"],\"url\":\"https:\/\/www.pressenza.com\/it\/author\/partito-umanista\/\"}]}<\/script>\n<!-- \/ Yoast SEO plugin. -->","yoast_head_json":{"title":"Stracciare il trattato di Maastricht, oppure uscire dall'Euro e formare un'Area Economica Mediterranea","description":"L'Italia non ha altre alternative per evitare il disastro. Il Partito Umanista, fin dalle Elezioni Europee del 1999 denunciava in Europa: - un","robots":{"index":"index","follow":"follow","max-snippet":"max-snippet:-1","max-image-preview":"max-image-preview:large","max-video-preview":"max-video-preview:-1"},"canonical":"https:\/\/www.pressenza.com\/it\/2013\/02\/stracciare-il-trattato-di-maastricht-oppure-uscire-dalleuro-e-formare-unarea-economica-mediterranea\/","og_locale":"it_IT","og_type":"article","og_title":"Stracciare il trattato di Maastricht, oppure uscire dall'Euro e formare un'Area Economica Mediterranea","og_description":"L'Italia non ha altre alternative per evitare il disastro. Il Partito Umanista, fin dalle Elezioni Europee del 1999 denunciava in Europa: - un","og_url":"https:\/\/www.pressenza.com\/it\/2013\/02\/stracciare-il-trattato-di-maastricht-oppure-uscire-dalleuro-e-formare-unarea-economica-mediterranea\/","og_site_name":"Pressenza","article_publisher":"https:\/\/www.facebook.com\/PressenzaItalia","article_author":"https:\/\/www.facebook.com\/pages\/Partito-Umanista\/","article_published_time":"2013-02-18T21:08:51+00:00","article_modified_time":"2013-02-18T21:09:07+00:00","og_image":[{"width":350,"height":197,"url":"https:\/\/www.pressenza.com\/wp-content\/uploads\/2013\/02\/europa_umanista.jpg","type":"image\/jpeg"}],"author":"Partito Umanista","twitter_card":"summary_large_image","twitter_creator":"@partitoumanista","twitter_site":"@PressenzaIPA","twitter_misc":{"Scritto da":"Partito Umanista","Tempo di lettura stimato":"4 minuti"},"schema":{"@context":"https:\/\/schema.org","@graph":[{"@type":"Article","@id":"https:\/\/www.pressenza.com\/it\/2013\/02\/stracciare-il-trattato-di-maastricht-oppure-uscire-dalleuro-e-formare-unarea-economica-mediterranea\/#article","isPartOf":{"@id":"https:\/\/www.pressenza.com\/it\/2013\/02\/stracciare-il-trattato-di-maastricht-oppure-uscire-dalleuro-e-formare-unarea-economica-mediterranea\/"},"author":{"name":"Partito Umanista","@id":"https:\/\/www.pressenza.com\/it\/#\/schema\/person\/444a68b8b263dbd36ac1531293ea9cae"},"headline":"Stracciare il trattato di Maastricht, oppure uscire dall&#8217;Euro e formare un&#8217;Area Economica Mediterranea","datePublished":"2013-02-18T21:08:51+00:00","dateModified":"2013-02-18T21:09:07+00:00","mainEntityOfPage":{"@id":"https:\/\/www.pressenza.com\/it\/2013\/02\/stracciare-il-trattato-di-maastricht-oppure-uscire-dalleuro-e-formare-unarea-economica-mediterranea\/"},"wordCount":876,"publisher":{"@id":"https:\/\/www.pressenza.com\/it\/#organization"},"image":{"@id":"https:\/\/www.pressenza.com\/it\/2013\/02\/stracciare-il-trattato-di-maastricht-oppure-uscire-dalleuro-e-formare-unarea-economica-mediterranea\/#primaryimage"},"thumbnailUrl":"https:\/\/www.pressenza.com\/wp-content\/uploads\/2013\/02\/europa_umanista.jpg","keywords":["euro","stato sociale","trattati"],"articleSection":["Economia","Europa","Politica"],"inLanguage":"it-IT"},{"@type":"WebPage","@id":"https:\/\/www.pressenza.com\/it\/2013\/02\/stracciare-il-trattato-di-maastricht-oppure-uscire-dalleuro-e-formare-unarea-economica-mediterranea\/","url":"https:\/\/www.pressenza.com\/it\/2013\/02\/stracciare-il-trattato-di-maastricht-oppure-uscire-dalleuro-e-formare-unarea-economica-mediterranea\/","name":"Stracciare il trattato di Maastricht, oppure uscire dall'Euro e formare un'Area Economica Mediterranea","isPartOf":{"@id":"https:\/\/www.pressenza.com\/it\/#website"},"primaryImageOfPage":{"@id":"https:\/\/www.pressenza.com\/it\/2013\/02\/stracciare-il-trattato-di-maastricht-oppure-uscire-dalleuro-e-formare-unarea-economica-mediterranea\/#primaryimage"},"image":{"@id":"https:\/\/www.pressenza.com\/it\/2013\/02\/stracciare-il-trattato-di-maastricht-oppure-uscire-dalleuro-e-formare-unarea-economica-mediterranea\/#primaryimage"},"thumbnailUrl":"https:\/\/www.pressenza.com\/wp-content\/uploads\/2013\/02\/europa_umanista.jpg","datePublished":"2013-02-18T21:08:51+00:00","dateModified":"2013-02-18T21:09:07+00:00","description":"L'Italia non ha altre alternative per evitare il disastro. Il Partito Umanista, fin dalle Elezioni Europee del 1999 denunciava in Europa: - un","breadcrumb":{"@id":"https:\/\/www.pressenza.com\/it\/2013\/02\/stracciare-il-trattato-di-maastricht-oppure-uscire-dalleuro-e-formare-unarea-economica-mediterranea\/#breadcrumb"},"inLanguage":"it-IT","potentialAction":[{"@type":"ReadAction","target":["https:\/\/www.pressenza.com\/it\/2013\/02\/stracciare-il-trattato-di-maastricht-oppure-uscire-dalleuro-e-formare-unarea-economica-mediterranea\/"]}]},{"@type":"ImageObject","inLanguage":"it-IT","@id":"https:\/\/www.pressenza.com\/it\/2013\/02\/stracciare-il-trattato-di-maastricht-oppure-uscire-dalleuro-e-formare-unarea-economica-mediterranea\/#primaryimage","url":"https:\/\/www.pressenza.com\/wp-content\/uploads\/2013\/02\/europa_umanista.jpg","contentUrl":"https:\/\/www.pressenza.com\/wp-content\/uploads\/2013\/02\/europa_umanista.jpg","width":350,"height":197},{"@type":"BreadcrumbList","@id":"https:\/\/www.pressenza.com\/it\/2013\/02\/stracciare-il-trattato-di-maastricht-oppure-uscire-dalleuro-e-formare-unarea-economica-mediterranea\/#breadcrumb","itemListElement":[{"@type":"ListItem","position":1,"name":"Accueil","item":"https:\/\/www.pressenza.com\/it\/"},{"@type":"ListItem","position":2,"name":"Stracciare il trattato di Maastricht, oppure uscire dall&#8217;Euro e formare un&#8217;Area Economica Mediterranea"}]},{"@type":"WebSite","@id":"https:\/\/www.pressenza.com\/it\/#website","url":"https:\/\/www.pressenza.com\/it\/","name":"Pressenza","description":"Agenzia di Stampa Internazionale","publisher":{"@id":"https:\/\/www.pressenza.com\/it\/#organization"},"potentialAction":[{"@type":"SearchAction","target":{"@type":"EntryPoint","urlTemplate":"https:\/\/www.pressenza.com\/it\/?s={search_term_string}"},"query-input":{"@type":"PropertyValueSpecification","valueRequired":true,"valueName":"search_term_string"}}],"inLanguage":"it-IT"},{"@type":"Organization","@id":"https:\/\/www.pressenza.com\/it\/#organization","name":"Pressenza","url":"https:\/\/www.pressenza.com\/it\/","logo":{"@type":"ImageObject","inLanguage":"it-IT","@id":"https:\/\/www.pressenza.com\/it\/#\/schema\/logo\/image\/","url":"https:\/\/www.pressenza.com\/wp-content\/uploads\/2022\/10\/pressenza_logo_200x200.jpg","contentUrl":"https:\/\/www.pressenza.com\/wp-content\/uploads\/2022\/10\/pressenza_logo_200x200.jpg","width":200,"height":200,"caption":"Pressenza"},"image":{"@id":"https:\/\/www.pressenza.com\/it\/#\/schema\/logo\/image\/"},"sameAs":["https:\/\/www.facebook.com\/PressenzaItalia","https:\/\/x.com\/PressenzaIPA"]},{"@type":"Person","@id":"https:\/\/www.pressenza.com\/it\/#\/schema\/person\/444a68b8b263dbd36ac1531293ea9cae","name":"Partito Umanista","description":"www.partitoumanista.it","sameAs":["http:\/\/www.partitoumanista.it","https:\/\/www.facebook.com\/pages\/Partito-Umanista\/","https:\/\/x.com\/partitoumanista"],"url":"https:\/\/www.pressenza.com\/it\/author\/partito-umanista\/"}]}},"place":"","original_article_url":"","_links":{"self":[{"href":"https:\/\/www.pressenza.com\/it\/wp-json\/wp\/v2\/posts\/39096","targetHints":{"allow":["GET"]}}],"collection":[{"href":"https:\/\/www.pressenza.com\/it\/wp-json\/wp\/v2\/posts"}],"about":[{"href":"https:\/\/www.pressenza.com\/it\/wp-json\/wp\/v2\/types\/post"}],"author":[{"embeddable":true,"href":"https:\/\/www.pressenza.com\/it\/wp-json\/wp\/v2\/users\/481"}],"replies":[{"embeddable":true,"href":"https:\/\/www.pressenza.com\/it\/wp-json\/wp\/v2\/comments?post=39096"}],"version-history":[{"count":0,"href":"https:\/\/www.pressenza.com\/it\/wp-json\/wp\/v2\/posts\/39096\/revisions"}],"wp:featuredmedia":[{"embeddable":true,"href":"https:\/\/www.pressenza.com\/it\/wp-json\/wp\/v2\/media\/39097"}],"wp:attachment":[{"href":"https:\/\/www.pressenza.com\/it\/wp-json\/wp\/v2\/media?parent=39096"}],"wp:term":[{"taxonomy":"category","embeddable":true,"href":"https:\/\/www.pressenza.com\/it\/wp-json\/wp\/v2\/categories?post=39096"},{"taxonomy":"post_tag","embeddable":true,"href":"https:\/\/www.pressenza.com\/it\/wp-json\/wp\/v2\/tags?post=39096"}],"curies":[{"name":"wp","href":"https:\/\/api.w.org\/{rel}","templated":true}]}}