{"id":390180,"date":"2016-10-29T11:49:04","date_gmt":"2016-10-29T10:49:04","guid":{"rendered":"http:\/\/www.pressenza.com\/it\/?p=390180"},"modified":"2016-11-01T16:14:19","modified_gmt":"2016-11-01T16:14:19","slug":"iniziato-5-simposio-del-centro-mondiale-studi-umanista","status":"publish","type":"post","link":"https:\/\/www.pressenza.com\/it\/2016\/10\/iniziato-5-simposio-del-centro-mondiale-studi-umanista\/","title":{"rendered":"Iniziato il 5\u00b0 Simposio del Centro Mondiale di Studi Umanisti"},"content":{"rendered":"<p>Oggi Sabato 29 Ottobre 2016, al via il <a href=\"http:\/\/attigliano2016.worldsymposium.org\/\">5\u00b0 Simposio Internazionale Umanista<\/a>,\u00a0i lavori si stanno svolgendo in Umbria ad Attigliano, presso il <a href=\"http:\/\/www.parcoattigliano.it\/dw2\/doku.php\">Parco di Studio e Riflessione Umanista<\/a>\u00a0in\u00a0Strada Santa Eugenia 3.<\/p>\n<p>Le attivit\u00e0 del Simposio Umanista possono essere seguite anche in<a href=\"https:\/\/www.youtube.com\/user\/StudiUmanistiPuledda\/live\"> diretta streaming<\/a>, contenuti, relatori si alterneranno nelle giornate di oggi e domani 29-30 Ottobre, qui il <a href=\"http:\/\/attigliano2016.worldsymposium.org\/index.php?page=programma\">programma dettagliato<\/a> degli interventi.<\/p>\n<p>I lavori del Simposio del Centro Mondiale di Studi Umanisti sono liberi e aperti a tutti, una bella occasione di compartecipazione e di accesso a nuove conoscenze e rappresentano un\u00a0invito a riflettere, a scambiare opinioni e visioni, a condividere esperienze su questa rivoluzione necessaria e urgente.<\/p>\n<p>Una rivoluzione che, per il suo proposito, le caratteristiche, e i suoi protagonisti, possiamo chiamare &#8220;La Rivoluzione Umana Necessaria&#8221; s\u00ec, necessaria a questo mondo e a questa nostra umanit\u00e0 per evolvere e andare avanti, specie in questa epoca di grandi cambiamenti e grande confusione.<\/p>\n<p>Una rivoluzione prima di tutto culturale e personale che dia valore alle diversit\u00e0 e converga verso una nuova scala di valori in cui l\u2019Essere Umano con i suoi bisogni siano i valori centrali, di una rivoluzione che partendo da una trasformazione personale, diventi interrelazionale e sociale, un cambiamento internazionale ed epocale che consenta nuove forme di relazione tra esseri umani, una rivoluzione spirituale che apra l&#8217;orizzonte a una rinnovata riflessione sul senso della vita.<\/p>\n<p>Un rivoluzione, che secondo il Centro Mondiale di Studi Umanisti, per essere tale, debba necessariamente essere nonviolenta, globale, inclusiva e aperta, tendente alla ricerca di punti in comune, e che pare sia gi\u00e0 in marcia oggi nel cuore, nell\u2019immaginazione e nell&#8217;azione individuale e collettiva e che vede i suoi protagonisti in ognuno di noi, esseri umani in profonda trasformazione.<\/p>\n<p>Guardando alla storia, l\u2019Essere Umano tante altre volte \u00e8 stato protagonista di molteplici rivoluzioni in numerosi campi. Questi salti evolutivi, non lineari, si sono prodotti nei momenti in cui l\u2019organizzazione sociale e i valori vigenti non sono stati pi\u00f9 in grado di dare risposte alle necessit\u00e0 degli insiemi umani in crescita, \u00e8 proprio in questi precisi momenti di crisi che si sono messe in marcia i presupposti per le pi\u00f9 profonde trasformazioni sociali ed epocali dell&#8217;Umanit\u00e0, ed \u00e8 proprio nel contesto attuale di profonda crisi, umana, sociale e spirituale che i lavori del 5\u00b0 Simposio Internazionale Umanista in questo senso vogliono dare il loro forte contributo nel gettare i semi, tracciare nuove strade, aprire le porte del nuovo mondo che verr\u00e0.<\/p>\n<p>Una seconda sessione dei lavori del 5\u00b0 Simposio sar\u00e0 organizzata, negli stessi giorni in Sud America, ad Asunci\u00f3n (Paraguay).<\/p>\n<p>Qui di seguito una fotogallery con alcuni dei momenti della prima giornata del Simposio (foto di Dario Lo Scalzo)<\/p>\n<div class=\"post-gallery\">\n\t\t\t<figure class=\"post-gallery-item\">\n\t\t\t\t<img decoding=\"async\" src=\"https:\/\/www.pressenza.com\/wp-content\/uploads\/2016\/10\/DSC00781-720x405.jpg\" loading=\"lazy\">\n\t\t\t\t<figcaption>\n\t\t\t\t\tSimposio - prima giornata\n\t\t\t\t<\/figcaption>\n\t\t\t<\/figure>\n\t\t\t<figure class=\"post-gallery-item\">\n\t\t\t\t<img decoding=\"async\" src=\"https:\/\/www.pressenza.com\/wp-content\/uploads\/2016\/10\/DSC00782-720x405.jpg\" loading=\"lazy\">\n\t\t\t\t<figcaption>\n\t\t\t\t\t\n\t\t\t\t<\/figcaption>\n\t\t\t<\/figure>\n\t\t\t<figure class=\"post-gallery-item\">\n\t\t\t\t<img decoding=\"async\" src=\"https:\/\/www.pressenza.com\/wp-content\/uploads\/2016\/10\/IMG_0768-720x540.jpg\" loading=\"lazy\">\n\t\t\t\t<figcaption>\n\t\t\t\t\t\n\t\t\t\t<\/figcaption>\n\t\t\t<\/figure>\n\t\t\t<figure class=\"post-gallery-item\">\n\t\t\t\t<img decoding=\"async\" src=\"https:\/\/www.pressenza.com\/wp-content\/uploads\/2016\/10\/DSC00788-720x405.jpg\" loading=\"lazy\">\n\t\t\t\t<figcaption>\n\t\t\t\t\t\n\t\t\t\t<\/figcaption>\n\t\t\t<\/figure>\n\t\t\t<figure class=\"post-gallery-item\">\n\t\t\t\t<img decoding=\"async\" src=\"https:\/\/www.pressenza.com\/wp-content\/uploads\/2016\/10\/IMG_0757-720x540.jpg\" loading=\"lazy\">\n\t\t\t\t<figcaption>\n\t\t\t\t\t\n\t\t\t\t<\/figcaption>\n\t\t\t<\/figure>\n\t\t\t<figure class=\"post-gallery-item\">\n\t\t\t\t<img decoding=\"async\" src=\"https:\/\/www.pressenza.com\/wp-content\/uploads\/2016\/10\/IMG_0764-720x540.jpg\" loading=\"lazy\">\n\t\t\t\t<figcaption>\n\t\t\t\t\t\n\t\t\t\t<\/figcaption>\n\t\t\t<\/figure>\n\t\t\t<figure class=\"post-gallery-item\">\n\t\t\t\t<img decoding=\"async\" src=\"https:\/\/www.pressenza.com\/wp-content\/uploads\/2016\/10\/IMG_0773-720x540.jpg\" loading=\"lazy\">\n\t\t\t\t<figcaption>\n\t\t\t\t\t\n\t\t\t\t<\/figcaption>\n\t\t\t<\/figure>\n\t\t\t<figure class=\"post-gallery-item\">\n\t\t\t\t<img decoding=\"async\" src=\"https:\/\/www.pressenza.com\/wp-content\/uploads\/2016\/10\/IMG_0783-720x540.jpg\" loading=\"lazy\">\n\t\t\t\t<figcaption>\n\t\t\t\t\t\n\t\t\t\t<\/figcaption>\n\t\t\t<\/figure>\n\t\t\t<figure class=\"post-gallery-item\">\n\t\t\t\t<img decoding=\"async\" src=\"https:\/\/www.pressenza.com\/wp-content\/uploads\/2016\/10\/IMG_0780-720x540.jpg\" loading=\"lazy\">\n\t\t\t\t<figcaption>\n\t\t\t\t\t\n\t\t\t\t<\/figcaption>\n\t\t\t<\/figure>\n\t\t\t<figure class=\"post-gallery-item\">\n\t\t\t\t<img decoding=\"async\" src=\"https:\/\/www.pressenza.com\/wp-content\/uploads\/2016\/10\/IMG_0799-720x540.jpg\" loading=\"lazy\">\n\t\t\t\t<figcaption>\n\t\t\t\t\t\n\t\t\t\t<\/figcaption>\n\t\t\t<\/figure>\n\t\t\t<figure class=\"post-gallery-item\">\n\t\t\t\t<img decoding=\"async\" src=\"https:\/\/www.pressenza.com\/wp-content\/uploads\/2016\/10\/IMG_0790-720x540.jpg\" loading=\"lazy\">\n\t\t\t\t<figcaption>\n\t\t\t\t\t\n\t\t\t\t<\/figcaption>\n\t\t\t<\/figure>\n\t\t\t<figure class=\"post-gallery-item\">\n\t\t\t\t<img decoding=\"async\" src=\"https:\/\/www.pressenza.com\/wp-content\/uploads\/2016\/10\/IMG_0781-720x540.jpg\" loading=\"lazy\">\n\t\t\t\t<figcaption>\n\t\t\t\t\t\n\t\t\t\t<\/figcaption>\n\t\t\t<\/figure>\n\t\t\t<figure class=\"post-gallery-item\">\n\t\t\t\t<img decoding=\"async\" src=\"https:\/\/www.pressenza.com\/wp-content\/uploads\/2016\/10\/IMG_0812-720x540.jpg\" loading=\"lazy\">\n\t\t\t\t<figcaption>\n\t\t\t\t\t\n\t\t\t\t<\/figcaption>\n\t\t\t<\/figure>\n\t\t\t<figure class=\"post-gallery-item\">\n\t\t\t\t<img decoding=\"async\" src=\"https:\/\/www.pressenza.com\/wp-content\/uploads\/2016\/10\/IMG_0830-720x540.jpg\" loading=\"lazy\">\n\t\t\t\t<figcaption>\n\t\t\t\t\t\n\t\t\t\t<\/figcaption>\n\t\t\t<\/figure>\n\t\t\t<figure class=\"post-gallery-item\">\n\t\t\t\t<img decoding=\"async\" src=\"https:\/\/www.pressenza.com\/wp-content\/uploads\/2016\/10\/IMG_0837-720x540.jpg\" loading=\"lazy\">\n\t\t\t\t<figcaption>\n\t\t\t\t\t\n\t\t\t\t<\/figcaption>\n\t\t\t<\/figure>\n\t\t\t<figure class=\"post-gallery-item\">\n\t\t\t\t<img decoding=\"async\" src=\"https:\/\/www.pressenza.com\/wp-content\/uploads\/2016\/10\/IMG_0835-720x540.jpg\" loading=\"lazy\">\n\t\t\t\t<figcaption>\n\t\t\t\t\t\n\t\t\t\t<\/figcaption>\n\t\t\t<\/figure><\/div>\n","protected":false},"excerpt":{"rendered":"<p>Al via i lavori del 5\u00b0  Simposio Internazionale Umanista, che nel contesto attuale di profonda crisi, umana, sociale e spirituale, vogliono essere un forte contributo nel gettare i semi, tracciare nuove strade, aprire le porte del nuovo mondo che verr\u00e0.<\/p>\n","protected":false},"author":594,"featured_media":390212,"comment_status":"closed","ping_status":"closed","sticky":false,"template":"","format":"standard","meta":{"footnotes":""},"categories":[11388,56,47,1262,1260],"tags":[1296,7647,26120,9380,610,32142,32141],"class_list":["post-390180","post","type-post","status-publish","format-standard","has-post-thumbnail","hentry","category-contenuti-originali","category-cultura","category-europa","category-nonviolenza-argomento","category-umanesimo-spiritualita","tag-attigliano","tag-centro-mondiale-di-studi-umanisti","tag-centro-studi-umanisti-salvatore-puledda","tag-parco-di-studio-e-riflessione-di-attigliano","tag-simposio","tag-ti-con-zero","tag-v-simposio-internazionale-del-centro-mondiale-di-studi-umanista"],"yoast_head":"<!-- This site is optimized with the Yoast SEO plugin v27.1.1 - https:\/\/yoast.com\/product\/yoast-seo-wordpress\/ -->\n<title>Iniziato il 5\u00b0 Simposio del Centro Mondiale di Studi Umanisti<\/title>\n<meta name=\"description\" content=\"Al via i lavori del 5\u00b0 Simposio Internazionale Umanista, che nel contesto attuale di profonda crisi, umana, sociale e spirituale, vogliono essere un forte contributo nel gettare i semi, tracciare nuove strade, aprire le porte del nuovo mondo che verr\u00e0.\" \/>\n<meta name=\"robots\" content=\"index, follow, max-snippet:-1, max-image-preview:large, max-video-preview:-1\" \/>\n<link rel=\"canonical\" href=\"https:\/\/www.pressenza.com\/it\/2016\/10\/iniziato-5-simposio-del-centro-mondiale-studi-umanista\/\" \/>\n<meta property=\"og:locale\" content=\"it_IT\" \/>\n<meta property=\"og:type\" content=\"article\" \/>\n<meta property=\"og:title\" content=\"Iniziato il 5\u00b0 Simposio del Centro Mondiale di Studi Umanisti\" \/>\n<meta property=\"og:description\" content=\"Al via i lavori del 5\u00b0 Simposio Internazionale Umanista, che nel contesto attuale di profonda crisi, umana, sociale e spirituale, vogliono essere un forte contributo nel gettare i semi, tracciare nuove strade, aprire le porte del nuovo mondo che verr\u00e0.\" \/>\n<meta property=\"og:url\" content=\"https:\/\/www.pressenza.com\/it\/2016\/10\/iniziato-5-simposio-del-centro-mondiale-studi-umanista\/\" \/>\n<meta property=\"og:site_name\" content=\"Pressenza\" \/>\n<meta property=\"article:publisher\" content=\"https:\/\/www.facebook.com\/PressenzaItalia\" \/>\n<meta property=\"article:author\" content=\"https:\/\/www.facebook.com\/PressenzaItalia\" \/>\n<meta property=\"article:published_time\" content=\"2016-10-29T10:49:04+00:00\" \/>\n<meta property=\"article:modified_time\" content=\"2016-11-01T16:14:19+00:00\" \/>\n<meta property=\"og:image\" content=\"https:\/\/www.pressenza.com\/wp-content\/uploads\/2016\/10\/Simposio-Umanista.jpg\" \/>\n\t<meta property=\"og:image:width\" content=\"1800\" \/>\n\t<meta property=\"og:image:height\" content=\"1200\" \/>\n\t<meta property=\"og:image:type\" content=\"image\/jpeg\" \/>\n<meta name=\"author\" content=\"Redazione Italia\" \/>\n<meta name=\"twitter:card\" content=\"summary_large_image\" \/>\n<meta name=\"twitter:creator\" content=\"@pressenza_it\" \/>\n<meta name=\"twitter:site\" content=\"@PressenzaIPA\" \/>\n<meta name=\"twitter:label1\" content=\"Scritto da\" \/>\n\t<meta name=\"twitter:data1\" content=\"Redazione Italia\" \/>\n\t<meta name=\"twitter:label2\" content=\"Tempo di lettura stimato\" \/>\n\t<meta name=\"twitter:data2\" content=\"2 minuti\" \/>\n<script type=\"application\/ld+json\" class=\"yoast-schema-graph\">{\"@context\":\"https:\/\/schema.org\",\"@graph\":[{\"@type\":\"Article\",\"@id\":\"https:\/\/www.pressenza.com\/it\/2016\/10\/iniziato-5-simposio-del-centro-mondiale-studi-umanista\/#article\",\"isPartOf\":{\"@id\":\"https:\/\/www.pressenza.com\/it\/2016\/10\/iniziato-5-simposio-del-centro-mondiale-studi-umanista\/\"},\"author\":{\"name\":\"Redazione Italia\",\"@id\":\"https:\/\/www.pressenza.com\/it\/#\/schema\/person\/d983e81827ae24f2c7b1a2123d197f8d\"},\"headline\":\"Iniziato il 5\u00b0 Simposio del Centro Mondiale di Studi Umanisti\",\"datePublished\":\"2016-10-29T10:49:04+00:00\",\"dateModified\":\"2016-11-01T16:14:19+00:00\",\"mainEntityOfPage\":{\"@id\":\"https:\/\/www.pressenza.com\/it\/2016\/10\/iniziato-5-simposio-del-centro-mondiale-studi-umanista\/\"},\"wordCount\":457,\"publisher\":{\"@id\":\"https:\/\/www.pressenza.com\/it\/#organization\"},\"image\":{\"@id\":\"https:\/\/www.pressenza.com\/it\/2016\/10\/iniziato-5-simposio-del-centro-mondiale-studi-umanista\/#primaryimage\"},\"thumbnailUrl\":\"https:\/\/www.pressenza.com\/wp-content\/uploads\/2016\/10\/Simposio-Umanista.jpg\",\"keywords\":[\"Attigliano\",\"Centro Mondiale di Studi Umanisti\",\"Centro Studi Umanisti \\\"Salvatore Puledda\\\"\",\"Parco di studio e riflessione di Attigliano\",\"simposio\",\"Ti Con Zero\",\"V Simposio Internazionale del Centro Mondiale di Studi Umanista\"],\"articleSection\":[\"contenuti originali\",\"Cultura e Media\",\"Europa\",\"Nonviolenza\",\"Umanesimo e Spiritualit\u00e0\"],\"inLanguage\":\"it-IT\"},{\"@type\":\"WebPage\",\"@id\":\"https:\/\/www.pressenza.com\/it\/2016\/10\/iniziato-5-simposio-del-centro-mondiale-studi-umanista\/\",\"url\":\"https:\/\/www.pressenza.com\/it\/2016\/10\/iniziato-5-simposio-del-centro-mondiale-studi-umanista\/\",\"name\":\"Iniziato il 5\u00b0 Simposio del Centro Mondiale di Studi Umanisti\",\"isPartOf\":{\"@id\":\"https:\/\/www.pressenza.com\/it\/#website\"},\"primaryImageOfPage\":{\"@id\":\"https:\/\/www.pressenza.com\/it\/2016\/10\/iniziato-5-simposio-del-centro-mondiale-studi-umanista\/#primaryimage\"},\"image\":{\"@id\":\"https:\/\/www.pressenza.com\/it\/2016\/10\/iniziato-5-simposio-del-centro-mondiale-studi-umanista\/#primaryimage\"},\"thumbnailUrl\":\"https:\/\/www.pressenza.com\/wp-content\/uploads\/2016\/10\/Simposio-Umanista.jpg\",\"datePublished\":\"2016-10-29T10:49:04+00:00\",\"dateModified\":\"2016-11-01T16:14:19+00:00\",\"description\":\"Al via i lavori del 5\u00b0 Simposio Internazionale Umanista, che nel contesto attuale di profonda crisi, umana, sociale e spirituale, vogliono essere un forte contributo nel gettare i semi, tracciare nuove strade, aprire le porte del nuovo mondo che verr\u00e0.\",\"breadcrumb\":{\"@id\":\"https:\/\/www.pressenza.com\/it\/2016\/10\/iniziato-5-simposio-del-centro-mondiale-studi-umanista\/#breadcrumb\"},\"inLanguage\":\"it-IT\",\"potentialAction\":[{\"@type\":\"ReadAction\",\"target\":[\"https:\/\/www.pressenza.com\/it\/2016\/10\/iniziato-5-simposio-del-centro-mondiale-studi-umanista\/\"]}]},{\"@type\":\"ImageObject\",\"inLanguage\":\"it-IT\",\"@id\":\"https:\/\/www.pressenza.com\/it\/2016\/10\/iniziato-5-simposio-del-centro-mondiale-studi-umanista\/#primaryimage\",\"url\":\"https:\/\/www.pressenza.com\/wp-content\/uploads\/2016\/10\/Simposio-Umanista.jpg\",\"contentUrl\":\"https:\/\/www.pressenza.com\/wp-content\/uploads\/2016\/10\/Simposio-Umanista.jpg\",\"width\":1800,\"height\":1200,\"caption\":\"I lavori del IV Simposio Mondiale di Studi Umanista\"},{\"@type\":\"BreadcrumbList\",\"@id\":\"https:\/\/www.pressenza.com\/it\/2016\/10\/iniziato-5-simposio-del-centro-mondiale-studi-umanista\/#breadcrumb\",\"itemListElement\":[{\"@type\":\"ListItem\",\"position\":1,\"name\":\"Accueil\",\"item\":\"https:\/\/www.pressenza.com\/it\/\"},{\"@type\":\"ListItem\",\"position\":2,\"name\":\"Iniziato il 5\u00b0 Simposio del Centro Mondiale di Studi Umanisti\"}]},{\"@type\":\"WebSite\",\"@id\":\"https:\/\/www.pressenza.com\/it\/#website\",\"url\":\"https:\/\/www.pressenza.com\/it\/\",\"name\":\"Pressenza\",\"description\":\"Agenzia di Stampa Internazionale\",\"publisher\":{\"@id\":\"https:\/\/www.pressenza.com\/it\/#organization\"},\"potentialAction\":[{\"@type\":\"SearchAction\",\"target\":{\"@type\":\"EntryPoint\",\"urlTemplate\":\"https:\/\/www.pressenza.com\/it\/?s={search_term_string}\"},\"query-input\":{\"@type\":\"PropertyValueSpecification\",\"valueRequired\":true,\"valueName\":\"search_term_string\"}}],\"inLanguage\":\"it-IT\"},{\"@type\":\"Organization\",\"@id\":\"https:\/\/www.pressenza.com\/it\/#organization\",\"name\":\"Pressenza\",\"url\":\"https:\/\/www.pressenza.com\/it\/\",\"logo\":{\"@type\":\"ImageObject\",\"inLanguage\":\"it-IT\",\"@id\":\"https:\/\/www.pressenza.com\/it\/#\/schema\/logo\/image\/\",\"url\":\"https:\/\/www.pressenza.com\/wp-content\/uploads\/2022\/10\/pressenza_logo_200x200.jpg\",\"contentUrl\":\"https:\/\/www.pressenza.com\/wp-content\/uploads\/2022\/10\/pressenza_logo_200x200.jpg\",\"width\":200,\"height\":200,\"caption\":\"Pressenza\"},\"image\":{\"@id\":\"https:\/\/www.pressenza.com\/it\/#\/schema\/logo\/image\/\"},\"sameAs\":[\"https:\/\/www.facebook.com\/PressenzaItalia\",\"https:\/\/x.com\/PressenzaIPA\"]},{\"@type\":\"Person\",\"@id\":\"https:\/\/www.pressenza.com\/it\/#\/schema\/person\/d983e81827ae24f2c7b1a2123d197f8d\",\"name\":\"Redazione Italia\",\"description\":\"News from the Pressenza Bureau in Italy\",\"sameAs\":[\"https:\/\/www.pressenza.com\/it\/author\/redazione-italia\/\",\"https:\/\/www.facebook.com\/PressenzaItalia\",\"https:\/\/www.instagram.com\/pressenza_italia\/\",\"https:\/\/x.com\/pressenza_it\",\"https:\/\/www.youtube.com\/channel\/UCSalEIWjE1RSxkwjfftFuqg\"],\"url\":\"https:\/\/www.pressenza.com\/it\/author\/redazione-italia\/\"}]}<\/script>\n<!-- \/ Yoast SEO plugin. -->","yoast_head_json":{"title":"Iniziato il 5\u00b0 Simposio del Centro Mondiale di Studi Umanisti","description":"Al via i lavori del 5\u00b0 Simposio Internazionale Umanista, che nel contesto attuale di profonda crisi, umana, sociale e spirituale, vogliono essere un forte contributo nel gettare i semi, tracciare nuove strade, aprire le porte del nuovo mondo che verr\u00e0.","robots":{"index":"index","follow":"follow","max-snippet":"max-snippet:-1","max-image-preview":"max-image-preview:large","max-video-preview":"max-video-preview:-1"},"canonical":"https:\/\/www.pressenza.com\/it\/2016\/10\/iniziato-5-simposio-del-centro-mondiale-studi-umanista\/","og_locale":"it_IT","og_type":"article","og_title":"Iniziato il 5\u00b0 Simposio del Centro Mondiale di Studi Umanisti","og_description":"Al via i lavori del 5\u00b0 Simposio Internazionale Umanista, che nel contesto attuale di profonda crisi, umana, sociale e spirituale, vogliono essere un forte contributo nel gettare i semi, tracciare nuove strade, aprire le porte del nuovo mondo che verr\u00e0.","og_url":"https:\/\/www.pressenza.com\/it\/2016\/10\/iniziato-5-simposio-del-centro-mondiale-studi-umanista\/","og_site_name":"Pressenza","article_publisher":"https:\/\/www.facebook.com\/PressenzaItalia","article_author":"https:\/\/www.facebook.com\/PressenzaItalia","article_published_time":"2016-10-29T10:49:04+00:00","article_modified_time":"2016-11-01T16:14:19+00:00","og_image":[{"width":1800,"height":1200,"url":"https:\/\/www.pressenza.com\/wp-content\/uploads\/2016\/10\/Simposio-Umanista.jpg","type":"image\/jpeg"}],"author":"Redazione Italia","twitter_card":"summary_large_image","twitter_creator":"@pressenza_it","twitter_site":"@PressenzaIPA","twitter_misc":{"Scritto da":"Redazione Italia","Tempo di lettura stimato":"2 minuti"},"schema":{"@context":"https:\/\/schema.org","@graph":[{"@type":"Article","@id":"https:\/\/www.pressenza.com\/it\/2016\/10\/iniziato-5-simposio-del-centro-mondiale-studi-umanista\/#article","isPartOf":{"@id":"https:\/\/www.pressenza.com\/it\/2016\/10\/iniziato-5-simposio-del-centro-mondiale-studi-umanista\/"},"author":{"name":"Redazione Italia","@id":"https:\/\/www.pressenza.com\/it\/#\/schema\/person\/d983e81827ae24f2c7b1a2123d197f8d"},"headline":"Iniziato il 5\u00b0 Simposio del Centro Mondiale di Studi Umanisti","datePublished":"2016-10-29T10:49:04+00:00","dateModified":"2016-11-01T16:14:19+00:00","mainEntityOfPage":{"@id":"https:\/\/www.pressenza.com\/it\/2016\/10\/iniziato-5-simposio-del-centro-mondiale-studi-umanista\/"},"wordCount":457,"publisher":{"@id":"https:\/\/www.pressenza.com\/it\/#organization"},"image":{"@id":"https:\/\/www.pressenza.com\/it\/2016\/10\/iniziato-5-simposio-del-centro-mondiale-studi-umanista\/#primaryimage"},"thumbnailUrl":"https:\/\/www.pressenza.com\/wp-content\/uploads\/2016\/10\/Simposio-Umanista.jpg","keywords":["Attigliano","Centro Mondiale di Studi Umanisti","Centro Studi Umanisti \"Salvatore Puledda\"","Parco di studio e riflessione di Attigliano","simposio","Ti Con Zero","V Simposio Internazionale del Centro Mondiale di Studi Umanista"],"articleSection":["contenuti originali","Cultura e Media","Europa","Nonviolenza","Umanesimo e Spiritualit\u00e0"],"inLanguage":"it-IT"},{"@type":"WebPage","@id":"https:\/\/www.pressenza.com\/it\/2016\/10\/iniziato-5-simposio-del-centro-mondiale-studi-umanista\/","url":"https:\/\/www.pressenza.com\/it\/2016\/10\/iniziato-5-simposio-del-centro-mondiale-studi-umanista\/","name":"Iniziato il 5\u00b0 Simposio del Centro Mondiale di Studi Umanisti","isPartOf":{"@id":"https:\/\/www.pressenza.com\/it\/#website"},"primaryImageOfPage":{"@id":"https:\/\/www.pressenza.com\/it\/2016\/10\/iniziato-5-simposio-del-centro-mondiale-studi-umanista\/#primaryimage"},"image":{"@id":"https:\/\/www.pressenza.com\/it\/2016\/10\/iniziato-5-simposio-del-centro-mondiale-studi-umanista\/#primaryimage"},"thumbnailUrl":"https:\/\/www.pressenza.com\/wp-content\/uploads\/2016\/10\/Simposio-Umanista.jpg","datePublished":"2016-10-29T10:49:04+00:00","dateModified":"2016-11-01T16:14:19+00:00","description":"Al via i lavori del 5\u00b0 Simposio Internazionale Umanista, che nel contesto attuale di profonda crisi, umana, sociale e spirituale, vogliono essere un forte contributo nel gettare i semi, tracciare nuove strade, aprire le porte del nuovo mondo che verr\u00e0.","breadcrumb":{"@id":"https:\/\/www.pressenza.com\/it\/2016\/10\/iniziato-5-simposio-del-centro-mondiale-studi-umanista\/#breadcrumb"},"inLanguage":"it-IT","potentialAction":[{"@type":"ReadAction","target":["https:\/\/www.pressenza.com\/it\/2016\/10\/iniziato-5-simposio-del-centro-mondiale-studi-umanista\/"]}]},{"@type":"ImageObject","inLanguage":"it-IT","@id":"https:\/\/www.pressenza.com\/it\/2016\/10\/iniziato-5-simposio-del-centro-mondiale-studi-umanista\/#primaryimage","url":"https:\/\/www.pressenza.com\/wp-content\/uploads\/2016\/10\/Simposio-Umanista.jpg","contentUrl":"https:\/\/www.pressenza.com\/wp-content\/uploads\/2016\/10\/Simposio-Umanista.jpg","width":1800,"height":1200,"caption":"I lavori del IV Simposio Mondiale di Studi Umanista"},{"@type":"BreadcrumbList","@id":"https:\/\/www.pressenza.com\/it\/2016\/10\/iniziato-5-simposio-del-centro-mondiale-studi-umanista\/#breadcrumb","itemListElement":[{"@type":"ListItem","position":1,"name":"Accueil","item":"https:\/\/www.pressenza.com\/it\/"},{"@type":"ListItem","position":2,"name":"Iniziato il 5\u00b0 Simposio del Centro Mondiale di Studi Umanisti"}]},{"@type":"WebSite","@id":"https:\/\/www.pressenza.com\/it\/#website","url":"https:\/\/www.pressenza.com\/it\/","name":"Pressenza","description":"Agenzia di Stampa Internazionale","publisher":{"@id":"https:\/\/www.pressenza.com\/it\/#organization"},"potentialAction":[{"@type":"SearchAction","target":{"@type":"EntryPoint","urlTemplate":"https:\/\/www.pressenza.com\/it\/?s={search_term_string}"},"query-input":{"@type":"PropertyValueSpecification","valueRequired":true,"valueName":"search_term_string"}}],"inLanguage":"it-IT"},{"@type":"Organization","@id":"https:\/\/www.pressenza.com\/it\/#organization","name":"Pressenza","url":"https:\/\/www.pressenza.com\/it\/","logo":{"@type":"ImageObject","inLanguage":"it-IT","@id":"https:\/\/www.pressenza.com\/it\/#\/schema\/logo\/image\/","url":"https:\/\/www.pressenza.com\/wp-content\/uploads\/2022\/10\/pressenza_logo_200x200.jpg","contentUrl":"https:\/\/www.pressenza.com\/wp-content\/uploads\/2022\/10\/pressenza_logo_200x200.jpg","width":200,"height":200,"caption":"Pressenza"},"image":{"@id":"https:\/\/www.pressenza.com\/it\/#\/schema\/logo\/image\/"},"sameAs":["https:\/\/www.facebook.com\/PressenzaItalia","https:\/\/x.com\/PressenzaIPA"]},{"@type":"Person","@id":"https:\/\/www.pressenza.com\/it\/#\/schema\/person\/d983e81827ae24f2c7b1a2123d197f8d","name":"Redazione Italia","description":"News from the Pressenza Bureau in Italy","sameAs":["https:\/\/www.pressenza.com\/it\/author\/redazione-italia\/","https:\/\/www.facebook.com\/PressenzaItalia","https:\/\/www.instagram.com\/pressenza_italia\/","https:\/\/x.com\/pressenza_it","https:\/\/www.youtube.com\/channel\/UCSalEIWjE1RSxkwjfftFuqg"],"url":"https:\/\/www.pressenza.com\/it\/author\/redazione-italia\/"}]}},"place":"","original_article_url":"","_links":{"self":[{"href":"https:\/\/www.pressenza.com\/it\/wp-json\/wp\/v2\/posts\/390180","targetHints":{"allow":["GET"]}}],"collection":[{"href":"https:\/\/www.pressenza.com\/it\/wp-json\/wp\/v2\/posts"}],"about":[{"href":"https:\/\/www.pressenza.com\/it\/wp-json\/wp\/v2\/types\/post"}],"author":[{"embeddable":true,"href":"https:\/\/www.pressenza.com\/it\/wp-json\/wp\/v2\/users\/594"}],"replies":[{"embeddable":true,"href":"https:\/\/www.pressenza.com\/it\/wp-json\/wp\/v2\/comments?post=390180"}],"version-history":[{"count":0,"href":"https:\/\/www.pressenza.com\/it\/wp-json\/wp\/v2\/posts\/390180\/revisions"}],"wp:featuredmedia":[{"embeddable":true,"href":"https:\/\/www.pressenza.com\/it\/wp-json\/wp\/v2\/media\/390212"}],"wp:attachment":[{"href":"https:\/\/www.pressenza.com\/it\/wp-json\/wp\/v2\/media?parent=390180"}],"wp:term":[{"taxonomy":"category","embeddable":true,"href":"https:\/\/www.pressenza.com\/it\/wp-json\/wp\/v2\/categories?post=390180"},{"taxonomy":"post_tag","embeddable":true,"href":"https:\/\/www.pressenza.com\/it\/wp-json\/wp\/v2\/tags?post=390180"}],"curies":[{"name":"wp","href":"https:\/\/api.w.org\/{rel}","templated":true}]}}