{"id":389416,"date":"2016-10-28T07:44:25","date_gmt":"2016-10-28T06:44:25","guid":{"rendered":"http:\/\/www.pressenza.com\/it\/?p=389416"},"modified":"2016-10-28T07:44:25","modified_gmt":"2016-10-28T06:44:25","slug":"si-al-bando-delle-armi-nucleari-nel-2017-un-giorno-storico-allonu-disarmo-atomico","status":"publish","type":"post","link":"https:\/\/www.pressenza.com\/it\/2016\/10\/si-al-bando-delle-armi-nucleari-nel-2017-un-giorno-storico-allonu-disarmo-atomico\/","title":{"rendered":"SI\u2019 al bando delle armi nucleari nel 2017: un giorno storico all\u2019ONU per il disarmo \u201catomico\u201d"},"content":{"rendered":"<p><em><span style=\"font-size: large;\"><span lang=\"es-ES\">Ieri, alle 18.00 circa dell\u2019ora di New York (le 24.00 per l\u2019Italia), il 27 ottobre 2016, al Palazzo di Vetro \u00e8 passata la risoluzione presentata dal Messico (co-sponsor per la redazione l&#8217;Austria, Brasile, Irlanda, la Nigeria e il Sud Africa) e da altri 57 Paesi per il bando delle armi nucleari con una Conferenza ONU da tenere nel 2017.<\/span><\/span><\/em><\/p>\n<p align=\"JUSTIFY\"><span style=\"color: #000000;\"><span style=\"font-family: Times New Roman,serif;\"><span style=\"font-size: large;\"><span lang=\"es-ES\">E\u2019 un giorno storico per tutta l\u2019Umanit\u00e0 che desta sincero stupore, oltre che gioia, negli attivisti per la pace (e per il diritto di tutti alla sopravvivenza della nostra specie e dell\u2019ecosistema): fino a qualche anno fa, prima che prendesse il via, con Oslo nel 2013, il \u201cpercorso umanitario\u201d, poi proseguito con Nayarit (marzo 2014) e Vienna (dicembre 2014), un risultato del genere sarebbe stato inimmaginabile, nel contesto dei negoziati internazionali prigionieri del quadro bloccato del TNP.<\/span><\/span><\/span><\/span><\/p>\n<p align=\"JUSTIFY\"><span style=\"color: #000000;\"><span style=\"font-family: Times New Roman,serif;\"><span style=\"font-size: large;\"><span lang=\"es-ES\">Ma questo sogno si \u00e8 realmente realizzato alla Prima Commissione, riunita nell\u2019Aula 4: hanno votato per il SI 123 Stati, per il NO 38, e si sono astenuti in 16. Va precisato il non peso dei voti di astensione ai fini del quorum necessario dei 2\/3 per la validit\u00e0 giuridica della decisione.<\/span><\/span><\/span><\/span><\/p>\n<p align=\"JUSTIFY\"><span style=\"color: #000000;\"><span style=\"font-family: Times New Roman,serif;\"><span style=\"font-size: large;\"><span lang=\"es-ES\">La risoluzione approvata (per il testo andare alla URL: <\/span><\/span><\/span><\/span><a href=\"http:\/\/reachingcriticalwill.org\/images\/documents\/Disarmament-fora\/1com\/1com16\/resolutions\/L41.pdf\"><span style=\"font-family: Times New Roman,serif;\"><span style=\"font-size: large;\"><span lang=\"es-ES\">http:\/\/reachingcriticalwill.org\/images\/documents\/Disarmament-fora\/1com\/1com16\/resolutions\/L41.pdf<\/span><\/span><\/span><\/a><span style=\"color: #000000;\"><span style=\"font-family: Times New Roman,serif;\"><span style=\"font-size: large;\"><span lang=\"es-ES\">) istituisce una conferenza delle Nazioni Unite a partire dal marzo del prossimo anno, aperta a tutti gli Stati membri, con il compito preciso di negoziare uno &#8220;strumento giuridicamente vincolante per vietare le armi nucleari, che porti verso la loro eliminazione totale&#8221;. I negoziati, da tenersi a New York, continueranno nel mese di giugno e luglio.<\/span><\/span><\/span><\/span><\/p>\n<p align=\"JUSTIFY\"><span style=\"color: #000000;\"><span style=\"font-family: Times New Roman,serif;\"><span style=\"font-size: large;\"><span lang=\"es-ES\">Il voto delle Nazioni Unite \u00e8 arrivato poche ore dopo che il Parlamento europeo ha adottato la propria risoluzione su questo medesimo tema &#8211; 415 a favore e 124 contro, con 74 astensioni &#8211; invitando gli Stati membri dell&#8217;Unione europea a &#8220;partecipare in modo costruttivo&#8221; nei negoziati del prossimo anno.<\/span><\/span><\/span><\/span><\/p>\n<p align=\"JUSTIFY\"><span style=\"color: #000000;\"><span style=\"font-family: Times New Roman,serif;\"><span style=\"font-size: large;\"><span lang=\"es-ES\">Gli arsenali nucleari nel mondo contengono ancora circa 16.000 testate, in possesso soprattutto di due nazioni: gli Stati Uniti e la Russia. Sette altre nazioni possiedono armi nucleari: Gran Bretagna, Francia, Cina, Israele, India, Pakistan e Corea del Nord. E\u2019 notevole stavolta che le nove nazioni con armi nucleari si sono divise nel voto: sei hanno votato contro <\/span><\/span><\/span><\/span><span style=\"color: #000000;\"><span style=\"font-family: Times New Roman,serif;\"><span style=\"font-size: large;\"><span lang=\"es-ES\">ma Cina, India e Pakistan si sono astenute<\/span><\/span><\/span><\/span><span style=\"color: #000000;\"><span style=\"font-family: Times New Roman,serif;\"><span style=\"font-size: large;\"><span lang=\"es-ES\">. Molti dei loro alleati, compresi quelli in Europa che ospitano armi nucleari sul loro territorio come parte di un accordo NATO, si sono accodati come \u00e8 ormai loro costume.<\/span><\/span><\/span><\/span><\/p>\n<p align=\"JUSTIFY\"><span style=\"color: #000000;\"><span style=\"font-family: Times New Roman,serif;\"><span style=\"font-size: large;\"><span lang=\"es-ES\"><b>Per quanto riguarda l\u2019Italia, essa non ha fatto eccezione tra i Paesi cosiddetti \u201combrello\u201d: non si \u00e8 astenuta, come l\u2019Olanda (come pure la Svizzera e la Finlandia), ha votato proprio contro!<\/b><\/span><\/span><\/span><\/span><\/p>\n<p align=\"JUSTIFY\"><span style=\"color: #000000;\"><span style=\"font-family: Times New Roman,serif;\"><span style=\"font-size: large;\"><span lang=\"es-ES\">Ma le nazioni dell&#8217;Africa, America Latina, Caraibi, Sud-Est asiatico e del Pacifico hanno votato a grande maggioranza a favore della risoluzione, e si apprestano ad essere protagoniste in occasione della conferenza di negoziazione a New York il prossimo anno.<\/span><\/span><\/span><\/span><\/p>\n<p align=\"JUSTIFY\"><span style=\"color: #000000;\"><span style=\"font-family: Times New Roman,serif;\"><span style=\"font-size: large;\"><span lang=\"es-ES\">Per quanto riguarda i voti, la lista completa si trova al link :<\/span><\/span><\/span><\/span><\/p>\n<p align=\"JUSTIFY\"><a name=\"_GoBack\"><\/a><span style=\"color: #000000;\"><span style=\"font-family: Times New Roman,serif;\"><span style=\"font-size: large;\"><span lang=\"es-ES\">http:\/\/www.ican.org\/campaign-news\/live-updates-from-the-first-committee-of-the-un-general-assembly\/<\/span><\/span><\/span><\/span><\/p>\n<p align=\"JUSTIFY\"><span style=\"color: #000000;\"><span style=\"font-family: Times New Roman,serif;\"><span style=\"font-size: large;\"><span lang=\"es-ES\">In Italia \u2013 sollecitati da Rete Italiana Disarmo e dai Disarmisti Esigenti (Campagna OSM-DPN, Energia Felice, Armes Nucl\u00e9aires Stop, WILPF Italia, Peacelink, Accademia Kronos, Pressenza e altri) al Parlamento sono state presentate due mozioni per sosstenere il bando delle armi nucleari.<\/span><\/span><\/span><\/span><\/p>\n<p align=\"JUSTIFY\"><span style=\"color: #000000;\"><span style=\"font-family: Times New Roman,serif;\"><span style=\"font-size: large;\"><span lang=\"es-ES\">Alla Camera una mozione con prima firmataria Donatella Duranti. Altri firmatari: Scotto, Marcon, Carlo Galli, Piras, Ricciatti, Costantino, Franco Bordo, Placido, Sannicandro, Pannarale, Airaudo<\/span><\/span><\/span><\/span><\/p>\n<p align=\"JUSTIFY\"><span style=\"color: #000000;\"><span style=\"font-family: Times New Roman,serif;\"><span style=\"font-size: large;\"><span lang=\"es-ES\">Al Senato una mozione con primo firmatario Roberto Cotti. Altri sottoscrittori: AIROLA, BLUNDO, CAPPELLETTI, GIROTTO, NUGNES, PUGLIA, SCIBONA, BAROZZINO, BOCCHINO, CERVELLINI, DE CRISTOFARO, DE PETRIS, MINEO, PETRAGLIA.<\/span><\/span><\/span><\/span><\/p>\n<p align=\"JUSTIFY\"><span style=\"color: #000000;\"><span style=\"font-family: Times New Roman,serif;\"><span style=\"font-size: large;\"><span lang=\"es-ES\"><u><b>I disarmisti esigenti si sono accordati con la Senatrice Loredana De Petris ed hanno ottenuto<\/b><\/u><\/span><\/span><\/span><\/span><span style=\"font-family: Times New Roman,serif;\"><span style=\"font-size: large;\"><u><b>, <\/b><\/u><\/span><\/span><span style=\"font-family: Times New Roman,serif;\"><span style=\"font-size: large;\"><u><b>su sua iniziativa<\/b><\/u><\/span><\/span><span style=\"font-family: Times New Roman,serif;\"><span style=\"font-size: large;\"><u><b>, la sala Nassirya al senato il 3 novembre alle ore 14.00 per una conferenza stampa.<\/b><\/u><\/span><\/span><\/p>\n<p align=\"JUSTIFY\"><span style=\"font-family: Times New Roman,serif;\"><span style=\"font-size: large;\">La conferenza stampa sar\u00e0 introdotta da Antonia Sani di WILPF Italia e conclusa da Alfonso Navarra, obiettore di coscienza alle spese militari e nucleari.<\/span><\/span><\/p>\n<p><span style=\"color: #222222;\"><span style=\"font-family: Times New Roman,serif;\"><span style=\"font-size: large;\">Interverranno rappresentanti delle associazioni promotrici dei \u201cdisarmisti esigenti\u201d, esponenti delle associazioni sostenitrici della campagna per il bando giuridico internazionale delle armi nucleari e alcuni parlamentari che hanno presentato le mozioni citate.<\/span><\/span><\/span><\/p>\n<p><span style=\"color: #222222;\"><span style=\"font-family: Times New Roman,serif;\"><span style=\"font-size: large;\">Un problema urgente che sar\u00e0 affrontato \u00e8 quello della mobilitazione per influenzare gi\u00e0 il voto di dicembre (l\u2019Assemblea generale dell\u2019ONU deve confermare quanto \u00e8 uscito dalla Prima Commissione Disarmo) e soprattutto per ottenere una svolta diplomatica dell\u2019Italia.<\/span><\/span><\/span><\/p>\n<p><span style=\"color: #222222;\"><span style=\"font-family: Times New Roman,serif;\"><span style=\"font-size: large;\">I disarmisti esigenti insisteranno nel sottolineare, stimolando un ecopacifismo alquanto \u201cdormiente\u201d nel nostro Paese, che certi risultati non sono frutto di gruppi che guardano al loro ombelico muovendosi sulla semplice reazione (anche se spesso sacrosanta) a ci\u00f2 che li colpisce direttamente sul territorio, bens\u00ec di un movimento mondiale organizzato della societ\u00e0 civile che ha saputo stimolare e sostenere una \u201cdisobbedienza\u201d degli Stati non nucleari alle potenze nucleari finalmente decisa ad andare fino in fondo.<\/span><\/span><\/span><\/p>\n<p><span style=\"font-family: Times New Roman,serif;\"><span style=\"font-size: large;\"><b>Un Trattato che vieta le armi nucleari servirebbe a colmare il &#8220;vuoto giuridico&#8221; attualmente esistente in materia di armi nucleari<\/b><\/span><\/span><span style=\"font-family: Times New Roman,serif;\"><span style=\"font-size: large;\">, come riconosciuto e\u00a0<\/span><\/span><span style=\"font-family: Times New Roman,serif;\"><span style=\"font-size: large;\"><b>sottolineato da alcuni anni dalla\u00a0<\/b><\/span><\/span><a href=\"http:\/\/www.disarmo.org\/ican\/a\/42119.html\"><span style=\"color: #ed1c24;\"><span style=\"font-family: Times New Roman,serif;\"><span style=\"font-size: large;\"><u><b>Iniziativa Umanitaria<\/b><\/u><\/span><\/span><\/span><\/a><span style=\"font-family: Times New Roman,serif;\"><span style=\"font-size: large;\"><b> (Humanitarian Pledge\u00a0 &#8211; http:\/\/www.icanw.org\/pledge\/) <\/b><\/span><\/span><span style=\"font-family: Times New Roman,serif;\"><span style=\"font-size: large;\">promossa da diverse organizzazioni internazionali. Una grave\u00a0anomalia:\u00a0<\/span><\/span><span style=\"font-family: Times New Roman,serif;\"><span style=\"font-size: large;\"><b>quelle nucleari sono le uniche armi di distruzione di massa non ancora vietate dal diritto internazionale in modo globale e universale.<\/b><\/span><\/span><span style=\"font-family: Times New Roman,serif;\"><span style=\"font-size: large;\"><br \/>\nLe armi chimiche, armi biologiche, mine antiuomo e bombe a grappolo sono tutti armamenti espressamente proibiti attraverso Convenzioni internazionali.\u00a0La maggior parte delle Nazioni concorda con il fatto che la proibizione delle armi nucleari sia oggi l&#8217;unico piano di azione adeguato alla luce delle conseguenze umanitarie catastrofiche del loro uso.<\/span><\/span><\/p>\n<p><span style=\"color: #000000;\"><span style=\"font-family: Times New Roman,serif;\"><span style=\"font-size: large;\">Ma noi \u201cdisarmisti esigenti\u201d siamo andati oltre questa considerazione ispirando l\u2019approvazione della \u201cmozione Zaratti\u201d alla Camera dei deputati perch\u00e9 riteniamo sia da condannare lo stesso possesso delle \u201carmi\u201d nucleari (in realt\u00e0 \u201cordigni\u201d che provocano cataclismi) come implicita minaccia d\u2019uso: il disarmo nucleare non va considerata una semplice necessit\u00e0 ma un diritto perch\u00e9 l\u2019autodifesa degli Stati non pu\u00f2 mettere a rischio la sopravvivenza dell\u2019Umanit\u00e0. La vicenda di Stanislav Petrov il 26 settembre 1983 (il falso allarme di attacco nucleare cui l\u2019ex colonnello sovietico decise di non dare seguito) dimostra che la possibilit\u00e0 della guerra nucleare non intenzionale \u00e8 concretissima e che la \u201cdeterrenza\u201d non pu\u00f2 essere ammessa COME CONCETTO perch\u00e9, NEL CASO DEGLI ORDIGNI NUCLEARI, \u00a0\u00e8 garanzia di distruzione ed autodistruzione \u2026<\/span><\/span><\/span><\/p>\n","protected":false},"excerpt":{"rendered":"<p>Ieri, alle 18.00 circa dell\u2019ora di New York (le 24.00 per l\u2019Italia), il 27 ottobre 2016, al Palazzo di Vetro \u00e8 passata la risoluzione presentata dal Messico (co-sponsor per la redazione l&#8217;Austria, Brasile, Irlanda, la Nigeria e il Sud Africa)&hellip;<\/p>\n","protected":false},"author":1244,"featured_media":382543,"comment_status":"closed","ping_status":"closed","sticky":false,"template":"","format":"standard","meta":{"footnotes":""},"categories":[47,1263,55],"tags":[32030,231,370,208],"class_list":["post-389416","post","type-post","status-publish","format-standard","has-post-thumbnail","hentry","category-europa","category-pace-disarmo","category-politica","tag-bando-armi-nucleari","tag-disarmo","tag-italia","tag-onu"],"yoast_head":"<!-- This site is optimized with the Yoast SEO plugin v27.1.1 - https:\/\/yoast.com\/product\/yoast-seo-wordpress\/ -->\n<title>SI\u2019 al bando delle armi nucleari nel 2017: un giorno storico all\u2019ONU per il disarmo \u201catomico\u201d<\/title>\n<meta name=\"description\" content=\"Ieri, alle 18.00 circa dell\u2019ora di New York (le 24.00 per l\u2019Italia), il 27 ottobre 2016, al Palazzo di Vetro \u00e8 passata la risoluzione presentata dal\" \/>\n<meta name=\"robots\" content=\"index, follow, max-snippet:-1, max-image-preview:large, max-video-preview:-1\" \/>\n<link rel=\"canonical\" href=\"https:\/\/www.pressenza.com\/it\/2016\/10\/si-al-bando-delle-armi-nucleari-nel-2017-un-giorno-storico-allonu-disarmo-atomico\/\" \/>\n<meta property=\"og:locale\" content=\"it_IT\" \/>\n<meta property=\"og:type\" content=\"article\" \/>\n<meta property=\"og:title\" content=\"SI\u2019 al bando delle armi nucleari nel 2017: un giorno storico all\u2019ONU per il disarmo \u201catomico\u201d\" \/>\n<meta property=\"og:description\" content=\"Ieri, alle 18.00 circa dell\u2019ora di New York (le 24.00 per l\u2019Italia), il 27 ottobre 2016, al Palazzo di Vetro \u00e8 passata la risoluzione presentata dal\" \/>\n<meta property=\"og:url\" content=\"https:\/\/www.pressenza.com\/it\/2016\/10\/si-al-bando-delle-armi-nucleari-nel-2017-un-giorno-storico-allonu-disarmo-atomico\/\" \/>\n<meta property=\"og:site_name\" content=\"Pressenza\" \/>\n<meta property=\"article:publisher\" content=\"https:\/\/www.facebook.com\/PressenzaItalia\" \/>\n<meta property=\"article:published_time\" content=\"2016-10-28T06:44:25+00:00\" \/>\n<meta property=\"og:image\" content=\"https:\/\/www.pressenza.com\/wp-content\/uploads\/2016\/10\/sett.disarmo-600x450.jpg\" \/>\n\t<meta property=\"og:image:width\" content=\"600\" \/>\n\t<meta property=\"og:image:height\" content=\"450\" \/>\n\t<meta property=\"og:image:type\" content=\"image\/jpeg\" \/>\n<meta name=\"author\" content=\"Alfonso Navarra\" \/>\n<meta name=\"twitter:card\" content=\"summary_large_image\" \/>\n<meta name=\"twitter:creator\" content=\"@PressenzaIPA\" \/>\n<meta name=\"twitter:site\" content=\"@PressenzaIPA\" \/>\n<meta name=\"twitter:label1\" content=\"Scritto da\" \/>\n\t<meta name=\"twitter:data1\" content=\"Alfonso Navarra\" \/>\n\t<meta name=\"twitter:label2\" content=\"Tempo di lettura stimato\" \/>\n\t<meta name=\"twitter:data2\" content=\"5 minuti\" \/>\n<script type=\"application\/ld+json\" class=\"yoast-schema-graph\">{\"@context\":\"https:\/\/schema.org\",\"@graph\":[{\"@type\":\"Article\",\"@id\":\"https:\/\/www.pressenza.com\/it\/2016\/10\/si-al-bando-delle-armi-nucleari-nel-2017-un-giorno-storico-allonu-disarmo-atomico\/#article\",\"isPartOf\":{\"@id\":\"https:\/\/www.pressenza.com\/it\/2016\/10\/si-al-bando-delle-armi-nucleari-nel-2017-un-giorno-storico-allonu-disarmo-atomico\/\"},\"author\":{\"name\":\"Alfonso Navarra\",\"@id\":\"https:\/\/www.pressenza.com\/it\/#\/schema\/person\/9777ec699bcf225d946f25bd8899376b\"},\"headline\":\"SI\u2019 al bando delle armi nucleari nel 2017: un giorno storico all\u2019ONU per il disarmo \u201catomico\u201d\",\"datePublished\":\"2016-10-28T06:44:25+00:00\",\"mainEntityOfPage\":{\"@id\":\"https:\/\/www.pressenza.com\/it\/2016\/10\/si-al-bando-delle-armi-nucleari-nel-2017-un-giorno-storico-allonu-disarmo-atomico\/\"},\"wordCount\":1028,\"publisher\":{\"@id\":\"https:\/\/www.pressenza.com\/it\/#organization\"},\"image\":{\"@id\":\"https:\/\/www.pressenza.com\/it\/2016\/10\/si-al-bando-delle-armi-nucleari-nel-2017-un-giorno-storico-allonu-disarmo-atomico\/#primaryimage\"},\"thumbnailUrl\":\"https:\/\/www.pressenza.com\/wp-content\/uploads\/2016\/10\/sett.disarmo-600x450.jpg\",\"keywords\":[\"bando armi nucleari\",\"disarmo\",\"Italia\",\"ONU\"],\"articleSection\":[\"Europa\",\"Pace e Disarmo\",\"Politica\"],\"inLanguage\":\"it-IT\"},{\"@type\":\"WebPage\",\"@id\":\"https:\/\/www.pressenza.com\/it\/2016\/10\/si-al-bando-delle-armi-nucleari-nel-2017-un-giorno-storico-allonu-disarmo-atomico\/\",\"url\":\"https:\/\/www.pressenza.com\/it\/2016\/10\/si-al-bando-delle-armi-nucleari-nel-2017-un-giorno-storico-allonu-disarmo-atomico\/\",\"name\":\"SI\u2019 al bando delle armi nucleari nel 2017: un giorno storico all\u2019ONU per il disarmo \u201catomico\u201d\",\"isPartOf\":{\"@id\":\"https:\/\/www.pressenza.com\/it\/#website\"},\"primaryImageOfPage\":{\"@id\":\"https:\/\/www.pressenza.com\/it\/2016\/10\/si-al-bando-delle-armi-nucleari-nel-2017-un-giorno-storico-allonu-disarmo-atomico\/#primaryimage\"},\"image\":{\"@id\":\"https:\/\/www.pressenza.com\/it\/2016\/10\/si-al-bando-delle-armi-nucleari-nel-2017-un-giorno-storico-allonu-disarmo-atomico\/#primaryimage\"},\"thumbnailUrl\":\"https:\/\/www.pressenza.com\/wp-content\/uploads\/2016\/10\/sett.disarmo-600x450.jpg\",\"datePublished\":\"2016-10-28T06:44:25+00:00\",\"description\":\"Ieri, alle 18.00 circa dell\u2019ora di New York (le 24.00 per l\u2019Italia), il 27 ottobre 2016, al Palazzo di Vetro \u00e8 passata la risoluzione presentata dal\",\"breadcrumb\":{\"@id\":\"https:\/\/www.pressenza.com\/it\/2016\/10\/si-al-bando-delle-armi-nucleari-nel-2017-un-giorno-storico-allonu-disarmo-atomico\/#breadcrumb\"},\"inLanguage\":\"it-IT\",\"potentialAction\":[{\"@type\":\"ReadAction\",\"target\":[\"https:\/\/www.pressenza.com\/it\/2016\/10\/si-al-bando-delle-armi-nucleari-nel-2017-un-giorno-storico-allonu-disarmo-atomico\/\"]}]},{\"@type\":\"ImageObject\",\"inLanguage\":\"it-IT\",\"@id\":\"https:\/\/www.pressenza.com\/it\/2016\/10\/si-al-bando-delle-armi-nucleari-nel-2017-un-giorno-storico-allonu-disarmo-atomico\/#primaryimage\",\"url\":\"https:\/\/www.pressenza.com\/wp-content\/uploads\/2016\/10\/sett.disarmo-600x450.jpg\",\"contentUrl\":\"https:\/\/www.pressenza.com\/wp-content\/uploads\/2016\/10\/sett.disarmo-600x450.jpg\",\"width\":600,\"height\":450},{\"@type\":\"BreadcrumbList\",\"@id\":\"https:\/\/www.pressenza.com\/it\/2016\/10\/si-al-bando-delle-armi-nucleari-nel-2017-un-giorno-storico-allonu-disarmo-atomico\/#breadcrumb\",\"itemListElement\":[{\"@type\":\"ListItem\",\"position\":1,\"name\":\"Accueil\",\"item\":\"https:\/\/www.pressenza.com\/it\/\"},{\"@type\":\"ListItem\",\"position\":2,\"name\":\"SI\u2019 al bando delle armi nucleari nel 2017: un giorno storico all\u2019ONU per il disarmo \u201catomico\u201d\"}]},{\"@type\":\"WebSite\",\"@id\":\"https:\/\/www.pressenza.com\/it\/#website\",\"url\":\"https:\/\/www.pressenza.com\/it\/\",\"name\":\"Pressenza\",\"description\":\"Agenzia di Stampa Internazionale\",\"publisher\":{\"@id\":\"https:\/\/www.pressenza.com\/it\/#organization\"},\"potentialAction\":[{\"@type\":\"SearchAction\",\"target\":{\"@type\":\"EntryPoint\",\"urlTemplate\":\"https:\/\/www.pressenza.com\/it\/?s={search_term_string}\"},\"query-input\":{\"@type\":\"PropertyValueSpecification\",\"valueRequired\":true,\"valueName\":\"search_term_string\"}}],\"inLanguage\":\"it-IT\"},{\"@type\":\"Organization\",\"@id\":\"https:\/\/www.pressenza.com\/it\/#organization\",\"name\":\"Pressenza\",\"url\":\"https:\/\/www.pressenza.com\/it\/\",\"logo\":{\"@type\":\"ImageObject\",\"inLanguage\":\"it-IT\",\"@id\":\"https:\/\/www.pressenza.com\/it\/#\/schema\/logo\/image\/\",\"url\":\"https:\/\/www.pressenza.com\/wp-content\/uploads\/2022\/10\/pressenza_logo_200x200.jpg\",\"contentUrl\":\"https:\/\/www.pressenza.com\/wp-content\/uploads\/2022\/10\/pressenza_logo_200x200.jpg\",\"width\":200,\"height\":200,\"caption\":\"Pressenza\"},\"image\":{\"@id\":\"https:\/\/www.pressenza.com\/it\/#\/schema\/logo\/image\/\"},\"sameAs\":[\"https:\/\/www.facebook.com\/PressenzaItalia\",\"https:\/\/x.com\/PressenzaIPA\"]},{\"@type\":\"Person\",\"@id\":\"https:\/\/www.pressenza.com\/it\/#\/schema\/person\/9777ec699bcf225d946f25bd8899376b\",\"name\":\"Alfonso Navarra\",\"url\":\"https:\/\/www.pressenza.com\/it\/author\/alfonso-navarra\/\"}]}<\/script>\n<!-- \/ Yoast SEO plugin. -->","yoast_head_json":{"title":"SI\u2019 al bando delle armi nucleari nel 2017: un giorno storico all\u2019ONU per il disarmo \u201catomico\u201d","description":"Ieri, alle 18.00 circa dell\u2019ora di New York (le 24.00 per l\u2019Italia), il 27 ottobre 2016, al Palazzo di Vetro \u00e8 passata la risoluzione presentata dal","robots":{"index":"index","follow":"follow","max-snippet":"max-snippet:-1","max-image-preview":"max-image-preview:large","max-video-preview":"max-video-preview:-1"},"canonical":"https:\/\/www.pressenza.com\/it\/2016\/10\/si-al-bando-delle-armi-nucleari-nel-2017-un-giorno-storico-allonu-disarmo-atomico\/","og_locale":"it_IT","og_type":"article","og_title":"SI\u2019 al bando delle armi nucleari nel 2017: un giorno storico all\u2019ONU per il disarmo \u201catomico\u201d","og_description":"Ieri, alle 18.00 circa dell\u2019ora di New York (le 24.00 per l\u2019Italia), il 27 ottobre 2016, al Palazzo di Vetro \u00e8 passata la risoluzione presentata dal","og_url":"https:\/\/www.pressenza.com\/it\/2016\/10\/si-al-bando-delle-armi-nucleari-nel-2017-un-giorno-storico-allonu-disarmo-atomico\/","og_site_name":"Pressenza","article_publisher":"https:\/\/www.facebook.com\/PressenzaItalia","article_published_time":"2016-10-28T06:44:25+00:00","og_image":[{"width":600,"height":450,"url":"https:\/\/www.pressenza.com\/wp-content\/uploads\/2016\/10\/sett.disarmo-600x450.jpg","type":"image\/jpeg"}],"author":"Alfonso Navarra","twitter_card":"summary_large_image","twitter_creator":"@PressenzaIPA","twitter_site":"@PressenzaIPA","twitter_misc":{"Scritto da":"Alfonso Navarra","Tempo di lettura stimato":"5 minuti"},"schema":{"@context":"https:\/\/schema.org","@graph":[{"@type":"Article","@id":"https:\/\/www.pressenza.com\/it\/2016\/10\/si-al-bando-delle-armi-nucleari-nel-2017-un-giorno-storico-allonu-disarmo-atomico\/#article","isPartOf":{"@id":"https:\/\/www.pressenza.com\/it\/2016\/10\/si-al-bando-delle-armi-nucleari-nel-2017-un-giorno-storico-allonu-disarmo-atomico\/"},"author":{"name":"Alfonso Navarra","@id":"https:\/\/www.pressenza.com\/it\/#\/schema\/person\/9777ec699bcf225d946f25bd8899376b"},"headline":"SI\u2019 al bando delle armi nucleari nel 2017: un giorno storico all\u2019ONU per il disarmo \u201catomico\u201d","datePublished":"2016-10-28T06:44:25+00:00","mainEntityOfPage":{"@id":"https:\/\/www.pressenza.com\/it\/2016\/10\/si-al-bando-delle-armi-nucleari-nel-2017-un-giorno-storico-allonu-disarmo-atomico\/"},"wordCount":1028,"publisher":{"@id":"https:\/\/www.pressenza.com\/it\/#organization"},"image":{"@id":"https:\/\/www.pressenza.com\/it\/2016\/10\/si-al-bando-delle-armi-nucleari-nel-2017-un-giorno-storico-allonu-disarmo-atomico\/#primaryimage"},"thumbnailUrl":"https:\/\/www.pressenza.com\/wp-content\/uploads\/2016\/10\/sett.disarmo-600x450.jpg","keywords":["bando armi nucleari","disarmo","Italia","ONU"],"articleSection":["Europa","Pace e Disarmo","Politica"],"inLanguage":"it-IT"},{"@type":"WebPage","@id":"https:\/\/www.pressenza.com\/it\/2016\/10\/si-al-bando-delle-armi-nucleari-nel-2017-un-giorno-storico-allonu-disarmo-atomico\/","url":"https:\/\/www.pressenza.com\/it\/2016\/10\/si-al-bando-delle-armi-nucleari-nel-2017-un-giorno-storico-allonu-disarmo-atomico\/","name":"SI\u2019 al bando delle armi nucleari nel 2017: un giorno storico all\u2019ONU per il disarmo \u201catomico\u201d","isPartOf":{"@id":"https:\/\/www.pressenza.com\/it\/#website"},"primaryImageOfPage":{"@id":"https:\/\/www.pressenza.com\/it\/2016\/10\/si-al-bando-delle-armi-nucleari-nel-2017-un-giorno-storico-allonu-disarmo-atomico\/#primaryimage"},"image":{"@id":"https:\/\/www.pressenza.com\/it\/2016\/10\/si-al-bando-delle-armi-nucleari-nel-2017-un-giorno-storico-allonu-disarmo-atomico\/#primaryimage"},"thumbnailUrl":"https:\/\/www.pressenza.com\/wp-content\/uploads\/2016\/10\/sett.disarmo-600x450.jpg","datePublished":"2016-10-28T06:44:25+00:00","description":"Ieri, alle 18.00 circa dell\u2019ora di New York (le 24.00 per l\u2019Italia), il 27 ottobre 2016, al Palazzo di Vetro \u00e8 passata la risoluzione presentata dal","breadcrumb":{"@id":"https:\/\/www.pressenza.com\/it\/2016\/10\/si-al-bando-delle-armi-nucleari-nel-2017-un-giorno-storico-allonu-disarmo-atomico\/#breadcrumb"},"inLanguage":"it-IT","potentialAction":[{"@type":"ReadAction","target":["https:\/\/www.pressenza.com\/it\/2016\/10\/si-al-bando-delle-armi-nucleari-nel-2017-un-giorno-storico-allonu-disarmo-atomico\/"]}]},{"@type":"ImageObject","inLanguage":"it-IT","@id":"https:\/\/www.pressenza.com\/it\/2016\/10\/si-al-bando-delle-armi-nucleari-nel-2017-un-giorno-storico-allonu-disarmo-atomico\/#primaryimage","url":"https:\/\/www.pressenza.com\/wp-content\/uploads\/2016\/10\/sett.disarmo-600x450.jpg","contentUrl":"https:\/\/www.pressenza.com\/wp-content\/uploads\/2016\/10\/sett.disarmo-600x450.jpg","width":600,"height":450},{"@type":"BreadcrumbList","@id":"https:\/\/www.pressenza.com\/it\/2016\/10\/si-al-bando-delle-armi-nucleari-nel-2017-un-giorno-storico-allonu-disarmo-atomico\/#breadcrumb","itemListElement":[{"@type":"ListItem","position":1,"name":"Accueil","item":"https:\/\/www.pressenza.com\/it\/"},{"@type":"ListItem","position":2,"name":"SI\u2019 al bando delle armi nucleari nel 2017: un giorno storico all\u2019ONU per il disarmo \u201catomico\u201d"}]},{"@type":"WebSite","@id":"https:\/\/www.pressenza.com\/it\/#website","url":"https:\/\/www.pressenza.com\/it\/","name":"Pressenza","description":"Agenzia di Stampa Internazionale","publisher":{"@id":"https:\/\/www.pressenza.com\/it\/#organization"},"potentialAction":[{"@type":"SearchAction","target":{"@type":"EntryPoint","urlTemplate":"https:\/\/www.pressenza.com\/it\/?s={search_term_string}"},"query-input":{"@type":"PropertyValueSpecification","valueRequired":true,"valueName":"search_term_string"}}],"inLanguage":"it-IT"},{"@type":"Organization","@id":"https:\/\/www.pressenza.com\/it\/#organization","name":"Pressenza","url":"https:\/\/www.pressenza.com\/it\/","logo":{"@type":"ImageObject","inLanguage":"it-IT","@id":"https:\/\/www.pressenza.com\/it\/#\/schema\/logo\/image\/","url":"https:\/\/www.pressenza.com\/wp-content\/uploads\/2022\/10\/pressenza_logo_200x200.jpg","contentUrl":"https:\/\/www.pressenza.com\/wp-content\/uploads\/2022\/10\/pressenza_logo_200x200.jpg","width":200,"height":200,"caption":"Pressenza"},"image":{"@id":"https:\/\/www.pressenza.com\/it\/#\/schema\/logo\/image\/"},"sameAs":["https:\/\/www.facebook.com\/PressenzaItalia","https:\/\/x.com\/PressenzaIPA"]},{"@type":"Person","@id":"https:\/\/www.pressenza.com\/it\/#\/schema\/person\/9777ec699bcf225d946f25bd8899376b","name":"Alfonso Navarra","url":"https:\/\/www.pressenza.com\/it\/author\/alfonso-navarra\/"}]}},"place":"","original_article_url":"","_links":{"self":[{"href":"https:\/\/www.pressenza.com\/it\/wp-json\/wp\/v2\/posts\/389416","targetHints":{"allow":["GET"]}}],"collection":[{"href":"https:\/\/www.pressenza.com\/it\/wp-json\/wp\/v2\/posts"}],"about":[{"href":"https:\/\/www.pressenza.com\/it\/wp-json\/wp\/v2\/types\/post"}],"author":[{"embeddable":true,"href":"https:\/\/www.pressenza.com\/it\/wp-json\/wp\/v2\/users\/1244"}],"replies":[{"embeddable":true,"href":"https:\/\/www.pressenza.com\/it\/wp-json\/wp\/v2\/comments?post=389416"}],"version-history":[{"count":0,"href":"https:\/\/www.pressenza.com\/it\/wp-json\/wp\/v2\/posts\/389416\/revisions"}],"wp:featuredmedia":[{"embeddable":true,"href":"https:\/\/www.pressenza.com\/it\/wp-json\/wp\/v2\/media\/382543"}],"wp:attachment":[{"href":"https:\/\/www.pressenza.com\/it\/wp-json\/wp\/v2\/media?parent=389416"}],"wp:term":[{"taxonomy":"category","embeddable":true,"href":"https:\/\/www.pressenza.com\/it\/wp-json\/wp\/v2\/categories?post=389416"},{"taxonomy":"post_tag","embeddable":true,"href":"https:\/\/www.pressenza.com\/it\/wp-json\/wp\/v2\/tags?post=389416"}],"curies":[{"name":"wp","href":"https:\/\/api.w.org\/{rel}","templated":true}]}}