{"id":388750,"date":"2016-10-26T20:23:23","date_gmt":"2016-10-26T19:23:23","guid":{"rendered":"http:\/\/www.pressenza.com\/it\/?p=388750"},"modified":"2016-10-27T21:21:35","modified_gmt":"2016-10-27T20:21:35","slug":"diem25-movimento-pan-europeo-sta-prendendo-velocita","status":"publish","type":"post","link":"https:\/\/www.pressenza.com\/it\/2016\/10\/diem25-movimento-pan-europeo-sta-prendendo-velocita\/","title":{"rendered":"DiEM25: Il Movimento Pan-Europeo sta prendendo velocit\u00e0"},"content":{"rendered":"<p><b>Un breve resoconto della strada percorsa fino ad oggi da DiEM25: Il movimento <a href=\"https:\/\/diem25.org\/events\/?page_id=1430\">ha preso vita a Berlino<\/a> lo scorso febbraio e sono presto seguiti altri due importanti eventi in primavera: il lancio, a Roma, della <a href=\"https:\/\/diem25.org\/campagna-trasparenza\/\">Campagna di DiEM25 per la trasparenza<\/a> e la sua <a href=\"https:\/\/diem25.org\/events\/?page_id=2\">Assemblea di Vienna in tema di rifugiati ed immigrazione<\/a>. L\u2019estate ha visto DiEM25 organizzarsi: si \u00e8 costituito legalmente, migliaia di suoi membri da tutta Europa hanno sviluppato e votato i <a href=\"https:\/\/diem25.org\/diem25-principi-organizzativi\/\">Principi Organizzativi<\/a> del movimento, i <\/b><i><b>team<\/b><\/i><b> che guideranno e coordineranno le sue attivit\u00e0 (<\/b><b>il <a href=\"https:\/\/diem25.org\/ap\/\">Grupo Consultivo<\/a><\/b><b> e il <\/b><a href=\"https:\/\/diem25.org\/cc\/\"><b>Collettivo di Coordinamento<\/b><\/a><b>) sono stati votati e il <\/b><a href=\"https:\/\/internal.diem25.org\/en\/vc\/apply\"><b>Consiglio d\u2019Approvazione<\/b><\/a><b> \u00e8 pronto per le candidature.<\/b><\/p>\n<p>Ma i giorni estivi di DiEM25 non hanno riguardato solo i processi interni! Nel corso della stagione, i suoi volontari e attivisti da ogni angolo dell\u2019Unione hanno intrapreso iniziative e ospitato eventi avendo come proprio faro il <a href=\"https:\/\/diem25.org\/manifesto-versione-lunga\/\">Manifesto<\/a> di DiEM25. Questi volontari ed attivisti formano i DSC del movimento (<a href=\"https:\/\/diem25.org\/local-groups-dscs\/\">Collettivi Spontanei DiEM25<\/a>), l\u2019elemento <i>grassroots<\/i> essenziale di una lotta transnazionale, dal basso verso l\u2019alto, per democraticizzare l\u2019Unione Europea.<\/p>\n<p>Nelle settimane che hanno seguito il lancio di DiEM25, 17000 membri si sono iscritti mediante il sito internet. Il 70% di questi nuovi membri desiderosi di partecipare come volontari. \u201cAbbiamo deciso di dare ai membri un\u2019ampia autonomia nel creare gruppi locali di DiEM25 (DSC) che organizzino attivit\u00e0 e discussioni in ogni citt\u00e0 dell\u2019UE e persino oltre,\u201d ha detto Judith Mayer, Coordinatrice dei volontari di DiEM25. \u201cQuesta \u00e8 stata assolutamente la decisione giusta. Grazie al lavoro dei DSC, DiEM25 \u00e8 ora in grado di essere in molti luoghi nello stesso momento e ascoltare e reagire alle preoccupazioni delle persone di tutta Europa,\u201d ha continuato, poich\u00e9 i membri di DiEM25 stanno aumentando rapidamente, tanto da raggiungere il livello di 30000.<\/p>\n<p>\u00c8 certamente fonte di stimolo vedere cosa sono riusciti a realizzare numerosi collettivi di questo movimento ancora giovane in un periodo di tempo talmente breve. Per comprendere meglio il fenomeno, diamo uno sguardo a tre differenti collettivi e ai progressi che hanno compiuto finora.<\/p>\n<p class=\"western\"><b>Amsterdam: Forti nel dibattito e nei programmi<\/b><\/p>\n<p>Virginia Alvarez del <a href=\"https:\/\/www.meetup.com\/Amsterdam-DiEM-Meetup\/\">DSC di Amsterdam<\/a> ha condiviso con me alcuni dei loro momenti pi\u00f9 significativi. Uno di questi \u00e8 consistito in una discussione motivante circa alcuni pilastri programmatici di DiEM25 con <a href=\"https:\/\/it.wikipedia.org\/wiki\/Saskia_Sassen\">Saskia Sassen<\/a> (la rinomata sociologa nota per le sue analisi della globalizzazione e delle migrazioni umane internazionali, e altres\u00ec membro dell\u2019Advisory Panel di DiEM25). Saskia ha conosciuto il gruppo dopo aver parlato all\u2019evento <a href=\"https:\/\/dezwijger.nl\/programma\/redesigning-the-democratic-institutionalization\">Redesigning the democratic institutionalisation (Ridisegnare la istituzionalizzazione democratica)<\/a>, in una sede di Amsterdam che per l\u2019occasione aveva registrato il tutto esaurito.<\/p>\n<div id=\"attachment_5949\" class=\"wp-caption aligncenter\">\n<div id=\"attachment_5949\" class=\"wp-caption aligncenter\"><img loading=\"lazy\" decoding=\"async\" aria-describedby=\"caption-attachment-5949\" class=\"wp-image-5949 size-full\" src=\"https:\/\/diem25.org\/wp-content\/uploads\/2016\/10\/saskia-amsterdamdsc.png\" sizes=\"auto, (max-width: 945px) 100vw, 945px\" srcset=\"https:\/\/diem25.org\/wp-content\/uploads\/2016\/10\/saskia-amsterdamdsc.png 945w, https:\/\/diem25.org\/wp-content\/uploads\/2016\/10\/saskia-amsterdamdsc-300x156.png 300w, https:\/\/diem25.org\/wp-content\/uploads\/2016\/10\/saskia-amsterdamdsc-768x399.png 768w\" alt=\"Membri del DSC di Amsterdam incontrano Saskia Sassen.\" width=\"945\" height=\"491\" \/><p id=\"caption-attachment-5949\" class=\"wp-caption-text\">Membri del DSC di Amsterdam incontrano Saskia Sassen.<\/p><\/div>\n<p>Mentre le discussioni programmatiche tra componenti dell\u2019AP [Advisory Panel \u2013 Consiglio Consultivo \u2013 n.d.t.] di DiEM25 e i suoi membri forniscono certamente la giusta motivazione e conducono a una solida linea politica, ci\u00f2 che mi ha realmente colpito \u00e8 stato sapere della creazione della <a href=\"https:\/\/dcuamsterdam.wordpress.com\/\">DiEM25 Universit\u00e0 dei Cittadini \u2013 Amsterdam (DCU)<\/a>: uno spazio per lo scambio intellettuale, il dibattito e il <i>brainstorming<\/i> sull\u2019Europa in cui vogliamo vivere.L\u2019<a href=\"http:\/\/www.vu.nl\/en\/\">Universit\u00e0 VU<\/a> (di Amsterdam \u2013 n.d.t) fornisce generosamente spazi per seminari periodici su temi come Trasparenza, TTiP e Democrazia, il <a href=\"https:\/\/diem25.org\/wp-content\/uploads\/2016\/09\/160920_DiEM25_European_New_Deal_Questionnaire_English_Final.pdf\">New Deal Europeo di DiEM25<\/a> e altri argomenti. Questi seminari sono tenuti da membri di DiEM25 e relatori esterni e la partecipazione \u00e8 gratuita e libera per chiunque. Coerentemente con l\u2019obiettivo del movimento di abbracciare il pluralismo, i partecipanti a tali seminari tendono ad essere anch\u2019essi assai eterogenei.<\/p>\n<div id=\"attachment_5950\" class=\"wp-caption aligncenter\">\n<div id=\"attachment_5950\" class=\"wp-caption aligncenter\"><img loading=\"lazy\" decoding=\"async\" aria-describedby=\"caption-attachment-5950\" class=\"wp-image-5950 size-full\" src=\"https:\/\/diem25.org\/wp-content\/uploads\/2016\/10\/yanis-amsterdam-dsc.png\" sizes=\"auto, (max-width: 945px) 100vw, 945px\" srcset=\"https:\/\/diem25.org\/wp-content\/uploads\/2016\/10\/yanis-amsterdam-dsc.png 945w, https:\/\/diem25.org\/wp-content\/uploads\/2016\/10\/yanis-amsterdam-dsc-300x169.png 300w, https:\/\/diem25.org\/wp-content\/uploads\/2016\/10\/yanis-amsterdam-dsc-768x432.png 768w\" alt=\"Il DSC di Amsterdam incontra Yanis.\" width=\"945\" height=\"532\" \/><p id=\"caption-attachment-5950\" class=\"wp-caption-text\">Il DSC di Amsterdam incontra Yanis.<\/p><\/div>\n<p>Da ultimo, ma non meno importante, Yanis Varoufakis ha fatto una sosta nella capitale dei Paesi Bassi, il che \u00e8 stato un\u2019opportunit\u00e0 per lui di conoscere i membri del movimento e condividere una conversazione rilassata, ma di reciproco arricchimento.<\/p>\n<p class=\"western\"><b>Barcellona: in missione per espandere DiEM25<\/b><\/p>\n<p>Dirigendoci a sud nel nostro <i>tour<\/i> europeo dei DSC di DiEM25, raggiungiamo la citt\u00e0 di Barcellona. Il gruppo, che si \u00e8 riunito per la prima volta durante la visita di Yanis alla \u201ccitt\u00e0 ribelle\u201d, si sta ora concentrando sull\u2019organizzazione e sullo sviluppo di contenuti politici. Ma non vi fate un\u2019impressione sbagliata! Qui ci sono dei veri attivisti. Discutendo via Skype, Emma Igual, una dei due coordinatori di <a href=\"https:\/\/www.facebook.com\/diem25barcelona\/\">Barcelona DSC<\/a> , mi ha detto che era a casa malata; io mi sono scusato, ma lei mi ha risposto: \u201ccos\u00ec evito di stare qui seduta ad arrabbiarmi\u201d.<\/p>\n<p>Il collettivo di Barcellona ha 20 membri che partecipano fisicamente agli incontri, pi\u00f9 una quindicina che partecipano online. Hanno costituito diverse commissioni che si occupano di questioni organizzative (comunicazioni e social media, produzione di video, programmazione di eventi, ecc.), e gruppi di lavoro che sviluppano contenuti per <a href=\"https:\/\/diem25.org\/progressive-agenda-for-europe\/\">l\u2019Agenda Progressista per l\u2019Europa<\/a> di DiEM25. \u201cAll\u2019inizio, queste commissioni si riunivano una volta alla settimana, ma ci siamo resi conto che andavamo troppo veloci e dovevamo rallentare. Adesso, ci riuniamo ogni due settimane\u201d, dice Emma, e io sento l\u2019energia e l\u2019entusiasmo nelle sue parole.<\/p>\n<div id=\"attachment_5951\" class=\"wp-caption aligncenter\">\n<div id=\"attachment_5951\" class=\"wp-caption aligncenter\"><img loading=\"lazy\" decoding=\"async\" aria-describedby=\"caption-attachment-5951\" class=\"wp-image-5951 size-full\" src=\"https:\/\/diem25.org\/wp-content\/uploads\/2016\/10\/bscndsc-at-work.png\" sizes=\"auto, (max-width: 769px) 100vw, 769px\" srcset=\"https:\/\/diem25.org\/wp-content\/uploads\/2016\/10\/bscndsc-at-work.png 769w, https:\/\/diem25.org\/wp-content\/uploads\/2016\/10\/bscndsc-at-work-300x225.png 300w, https:\/\/diem25.org\/wp-content\/uploads\/2016\/10\/bscndsc-at-work-768x575.png 768w\" alt=\"Il DSC di Barcellona al lavoro.\" width=\"769\" height=\"576\" \/><p id=\"caption-attachment-5951\" class=\"wp-caption-text\">Il DSC di Barcellona al lavoro.<\/p><\/div>\n<p>Per me, quelli del DSC di Barcellona sono i migliori nell\u2019accoglienza dei nuovi membri e nello sforzo per espandere la rete di volontari di DiEM25. Hanno sviluppato un \u201c<i>kit<\/i> di benvenuto\u201d per i nuovi \u201cDiEMers\u201d(colloquiale per membri di DiEM, n.d.t.), e stanno per pubblicare un video introduttivo a DiEM25.Mentre continuano ad allargare e a consolidare il loro gruppo, i membri del DSC di Barcellona hanno cominciato a cercare online e offline persone in Catalogna che potrebbero essere interessate a creare un proprio DSC, e aiutarle a partire. Cos\u00ec, \u00e8 possibile che nell\u2019immediato futuro nuovi DSC si costituiscano a Girona, Tarragona, e altre localit\u00e0. Il DSC di Barcellona \u00e8 attivamente impegnato a condividere la propria esperienza con i neonati collettivi di altre citt\u00e0 spagnole come <a href=\"https:\/\/www.facebook.com\/diem25madrid\/\">Madrid<\/a> e <a href=\"https:\/\/www.facebook.com\/diem25oviedo\/\">Oviedo<\/a>, e ad aiutare la crescita del movimento oltre la Catalogna.<\/p>\n<div id=\"attachment_5952\" class=\"wp-caption alignleft\">\n<div id=\"attachment_5952\" class=\"wp-caption alignleft\"><img loading=\"lazy\" decoding=\"async\" aria-describedby=\"caption-attachment-5952\" class=\"wp-image-5952 \" src=\"https:\/\/diem25.org\/wp-content\/uploads\/2016\/10\/bcn-dsc-ttip-2.png\" sizes=\"auto, (max-width: 504px) 100vw, 504px\" srcset=\"https:\/\/diem25.org\/wp-content\/uploads\/2016\/10\/bcn-dsc-ttip-2.png 504w, https:\/\/diem25.org\/wp-content\/uploads\/2016\/10\/bcn-dsc-ttip-2-150x150.png 150w, https:\/\/diem25.org\/wp-content\/uploads\/2016\/10\/bcn-dsc-ttip-2-300x300.png 300w\" alt=\"Il DSC di Barcellona alla manifestazione anti TTiP.\" width=\"977\" height=\"977\" \/><p id=\"caption-attachment-5952\" class=\"wp-caption-text\">Il DSC di Barcellona alla manifestazione anti TTiP.<\/p><\/div>\n<p>Ho chiesto a Emma delle loro attivit\u00e0: \u201cdobbiamo promuovere dibattiti a cui la gente sia interessata\u201d, mi ha risposto,\u201di temi del nostro movimento devono connettersi con ci\u00f2 che tocca direttamente la gente comune\u201d. Occupati nelle cose dette prima, hanno appena cominciato a promuovere dibattiti del genere, partecipando poche settimane fa ad una <a href=\"https:\/\/twitter.com\/DiEM25_BCN\/status\/787324038574116864\">catena umana contro il TTiP, CETA e TISA<\/a> (che \u00e8 stata un grande successo). Molta gente gli si \u00e8 avvicinata durante quella manifestazione, chiedendo informazioni su DiEM25. ATTAC (l\u2019Associazione per la Tassazione delle Transazioni finanziarie e per l\u2019Aiuto ai Cittadini) ha colto l\u2019opportunit\u00e0 di invitarli nel suo quartiere generale a parlare ai suoi membri degli obiettivi e delle attivit\u00e0 del movimento, ed a partecipare a una conferenza sull\u2019economia europea che avr\u00e0 luogo presto. Inoltre, entrambe i coordinatori del DSC di Barcellona, Emma Igual e Marc Almagro, terranno una conferenza su \u201cLe crisi dell\u2019Europa e il futuro dell\u2019Unione europea\u201d nell\u2019ambito di \u201cRepensem Europa\u201d (Ripensiamo l\u2019Europa) al ciclo di formazione degli Attivisti Verdi Europei che si terr\u00e0 alla fine di Ottobre.<\/p>\n<p class=\"western\"><b>Boemia meridionale: unirsi alla lotta contro il nazionalismo e la xenofobia<\/b><\/p>\n<p>\u00c8 arrivato il momento di visitare l\u2019Europa centrale, in particolare il Sud della Repubblica Ceca, dove si trova il <a href=\"https:\/\/www.facebook.com\/Diem25-Ostravsko-1676651529252552\/\">DSC della Boemia Meridionale<\/a>. Otto membri si incontrano regolarmente nella citt\u00e0 di Budejovice. Sono principalmente attivisti politici provenienti dal movimento ProAlt (un\u2019iniziativa critica nei confronti delle riforme governative e delle politiche di austerit\u00e0), membri della precedente coalizione \u201cTogether\u201d che ha partecipato alle ultime elezioni comunali, cos\u00ec come membri locali del partito dei Pirati e del Partito dei Verdi.<\/p>\n<div id=\"attachment_5955\" class=\"wp-caption aligncenter\">\n<div id=\"attachment_5955\" class=\"wp-caption aligncenter\"><img loading=\"lazy\" decoding=\"async\" aria-describedby=\"caption-attachment-5955\" class=\"wp-image-5955 size-large\" src=\"https:\/\/diem25.org\/wp-content\/uploads\/2016\/10\/antonin_horcica-1024x683.jpg\" sizes=\"auto, (max-width: 1024px) 100vw, 1024px\" srcset=\"https:\/\/diem25.org\/wp-content\/uploads\/2016\/10\/antonin_horcica-1024x683.jpg 1024w, https:\/\/diem25.org\/wp-content\/uploads\/2016\/10\/antonin_horcica-300x200.jpg 300w, https:\/\/diem25.org\/wp-content\/uploads\/2016\/10\/antonin_horcica-768x512.jpg 768w\" alt=\"Anton\u00edn Horcica, coordinatore del DSC della Boemia meridionale.\" width=\"1024\" height=\"683\" data-size=\"large\" data-alignment=\"center\" \/><p id=\"caption-attachment-5955\" class=\"wp-caption-text\">Anton\u00edn Horcica, coordinatore del DSC della Boemia meridionale.<\/p><\/div>\n<p>\u201cCi siamo resi conto che gli attuali problemi di livello nazionale ed europeo non possono essere risolti senza cooperazione all\u2019interno dell\u2019UE. Stigmatizziamo anche l\u2019attuale atmosfera negativa, che include sia xenofobia che sentimento anti-europeista. Il manifesto di DiEM25 porta una visione positiva che \u00e8 molto vicina al nostro modo di pensare,\u201d dice Antonin Horcica, riferendosi al <a href=\"https:\/\/diem25.org\/a-supporto-di-alena-e-i-nostri-amici-in-europa-centrale-e-orientale\/\">brutale attacco sub\u00ecto dal nostro membro di DiEM25, Alena Krempask\u00e0<\/a>, da parte di neo-fascisti all\u2019inizio di settembre. L\u2019attacco \u00e8 stato un triste sintomo di quanto una visione umanista e progressista sia oggi pi\u00f9 che mai necessaria in Europa.Il collettivo della Boemia meridionale ha cominciato le sue attivit\u00e0 traducendo il manifesto e altri importanti documenti di DiEM25 in lingua ceca. Si sono impegnati nella campagna \u201cTrasparenza in Europa ora!\u201d e hanno partecipato all\u2019assemblea di Vienna lo scorso maggio. Uno dei principali impegni di questo DSC \u00e8 stato fare rete con altre organizzazioni e altri membri di DiEM25 sparsi per il Paese e promuovere la creazione di nuovi DSC.<\/p>\n<div id=\"attachment_5956\" class=\"wp-caption aligncenter\">\n<div id=\"attachment_5956\" class=\"wp-caption aligncenter\"><img loading=\"lazy\" decoding=\"async\" aria-describedby=\"caption-attachment-5956\" class=\"wp-image-5956 size-large\" src=\"https:\/\/diem25.org\/wp-content\/uploads\/2016\/10\/photo_2016-10-22_10-01-24-1024x682.jpg\" sizes=\"auto, (max-width: 1024px) 100vw, 1024px\" srcset=\"https:\/\/diem25.org\/wp-content\/uploads\/2016\/10\/photo_2016-10-22_10-01-24-1024x682.jpg 1024w, https:\/\/diem25.org\/wp-content\/uploads\/2016\/10\/photo_2016-10-22_10-01-24-300x200.jpg 300w, https:\/\/diem25.org\/wp-content\/uploads\/2016\/10\/photo_2016-10-22_10-01-24-768x512.jpg 768w, https:\/\/diem25.org\/wp-content\/uploads\/2016\/10\/photo_2016-10-22_10-01-24.jpg 1280w\" alt=\"Dibattito sulla integrazione in Europa organizzato dal DSC della Boemia Meridionale assieme all\u2019Accademia Ecumenica.\" width=\"1024\" height=\"682\" \/><p id=\"caption-attachment-5956\" class=\"wp-caption-text\">Dibattito sulla integrazione in Europa organizzato dal DSC della Boemia Meridionale assieme all\u2019Accademia Ecumenica.<\/p><\/div>\n<p><em>Dibattito sulla integrazione in Europa organizzato dal DSC della Boemia Meridionale assieme all\u2019Accademia Ecumenica.<\/em>Il DSC ha colto l\u2019opportunit\u00e0 di promuovere DiEM25 nei dibattiti pubblici in numerose occasioni, come all\u2019Accademia Estiva del Partito dei Verdi e in una conferenza pubblica tenutasi a Budejovice sulla dipendenza dalle grandi multinazionali dell\u2019economia della Repubblica Ceca. Stanno dando un importante contributo al rafforzamento di DiEM25 sia nell\u2019Europa centrale che in quella orientale.<b>Questi sono solo pochi esempi delle attivit\u00e0 in cui sono coinvolti i membri di DiEM25 in tutta Europa e di come i DSC stanno contribuendo alla costruzione di un\u2019Europa dei cittadini. Oppure stai semplicemente sintonizzato per ulteriori <a href=\"https:\/\/diem25.org\/dsc-news-6\/\" target=\"_blank\">notizie dai DSC di DiEM25<\/a>, e connettiti con la crescente rete di volontari utilizzando l&#8217; <a href=\"https:\/\/diem25.org\/local-groups-dscs\/\">elenco<\/a>.<\/b><\/p>\n<p><em>Di Reto Thumiger, Caporedattore DSC<\/em><\/p>\n<p>Traduzione in italiano del Collettivo Traduttori Italiani DIEM25<\/p>\n<\/div>\n<\/div>\n<\/div>\n<\/div>\n<\/div>\n<\/div>\n","protected":false},"excerpt":{"rendered":"<p>Un breve resoconto della strada percorsa fino ad oggi da DiEM25: Il movimento ha preso vita a Berlino lo scorso febbraio e sono presto seguiti altri due importanti eventi in primavera: il lancio, a Roma, della Campagna di DiEM25 per&hellip;<\/p>\n","protected":false},"author":1362,"featured_media":388701,"comment_status":"closed","ping_status":"closed","sticky":false,"template":"","format":"standard","meta":{"footnotes":""},"categories":[150,11388,47,38,55],"tags":[173,25603,3788,25613],"class_list":["post-388750","post","type-post","status-publish","format-standard","has-post-thumbnail","hentry","category-comunicati-stampa","category-contenuti-originali","category-europa","category-internazionale","category-politica","tag-democrazia","tag-diem25-it","tag-unione-europea","tag-yanis-varoufakis-it"],"yoast_head":"<!-- This site is optimized with the Yoast SEO plugin v27.1.1 - https:\/\/yoast.com\/product\/yoast-seo-wordpress\/ -->\n<title>DiEM25: Il Movimento Pan-Europeo sta prendendo velocit\u00e0<\/title>\n<meta name=\"description\" content=\"Un breve resoconto della strada percorsa fino ad oggi da DiEM25: Il movimento ha preso vita a Berlino lo scorso febbraio e sono presto seguiti altri due\" \/>\n<meta name=\"robots\" content=\"index, follow, max-snippet:-1, max-image-preview:large, max-video-preview:-1\" \/>\n<link rel=\"canonical\" href=\"https:\/\/www.pressenza.com\/it\/2016\/10\/diem25-movimento-pan-europeo-sta-prendendo-velocita\/\" \/>\n<meta property=\"og:locale\" content=\"it_IT\" \/>\n<meta property=\"og:type\" content=\"article\" \/>\n<meta property=\"og:title\" content=\"DiEM25: Il Movimento Pan-Europeo sta prendendo velocit\u00e0\" \/>\n<meta property=\"og:description\" content=\"Un breve resoconto della strada percorsa fino ad oggi da DiEM25: Il movimento ha preso vita a Berlino lo scorso febbraio e sono presto seguiti altri due\" \/>\n<meta property=\"og:url\" content=\"https:\/\/www.pressenza.com\/it\/2016\/10\/diem25-movimento-pan-europeo-sta-prendendo-velocita\/\" \/>\n<meta property=\"og:site_name\" content=\"Pressenza\" \/>\n<meta property=\"article:publisher\" content=\"https:\/\/www.facebook.com\/PressenzaItalia\" \/>\n<meta property=\"article:author\" content=\"https:\/\/www.facebook.com\/diem25.official.page\/\" \/>\n<meta property=\"article:published_time\" content=\"2016-10-26T19:23:23+00:00\" \/>\n<meta property=\"article:modified_time\" content=\"2016-10-27T20:21:35+00:00\" \/>\n<meta property=\"og:image\" content=\"https:\/\/www.pressenza.com\/wp-content\/uploads\/2016\/10\/bcn-dsc-ttip.png\" \/>\n\t<meta property=\"og:image:width\" content=\"929\" \/>\n\t<meta property=\"og:image:height\" content=\"522\" \/>\n\t<meta property=\"og:image:type\" content=\"image\/png\" \/>\n<meta name=\"author\" content=\"DiEM25\" \/>\n<meta name=\"twitter:card\" content=\"summary_large_image\" \/>\n<meta name=\"twitter:creator\" content=\"@DiEM_25\" \/>\n<meta name=\"twitter:site\" content=\"@PressenzaIPA\" \/>\n<meta name=\"twitter:label1\" content=\"Scritto da\" \/>\n\t<meta name=\"twitter:data1\" content=\"DiEM25\" \/>\n\t<meta name=\"twitter:label2\" content=\"Tempo di lettura stimato\" \/>\n\t<meta name=\"twitter:data2\" content=\"8 minuti\" \/>\n<script type=\"application\/ld+json\" class=\"yoast-schema-graph\">{\"@context\":\"https:\/\/schema.org\",\"@graph\":[{\"@type\":\"Article\",\"@id\":\"https:\/\/www.pressenza.com\/it\/2016\/10\/diem25-movimento-pan-europeo-sta-prendendo-velocita\/#article\",\"isPartOf\":{\"@id\":\"https:\/\/www.pressenza.com\/it\/2016\/10\/diem25-movimento-pan-europeo-sta-prendendo-velocita\/\"},\"author\":{\"name\":\"DiEM25\",\"@id\":\"https:\/\/www.pressenza.com\/it\/#\/schema\/person\/a2b230ea85b325034e1e6f8fb9dfad9e\"},\"headline\":\"DiEM25: Il Movimento Pan-Europeo sta prendendo velocit\u00e0\",\"datePublished\":\"2016-10-26T19:23:23+00:00\",\"dateModified\":\"2016-10-27T20:21:35+00:00\",\"mainEntityOfPage\":{\"@id\":\"https:\/\/www.pressenza.com\/it\/2016\/10\/diem25-movimento-pan-europeo-sta-prendendo-velocita\/\"},\"wordCount\":1621,\"publisher\":{\"@id\":\"https:\/\/www.pressenza.com\/it\/#organization\"},\"image\":{\"@id\":\"https:\/\/www.pressenza.com\/it\/2016\/10\/diem25-movimento-pan-europeo-sta-prendendo-velocita\/#primaryimage\"},\"thumbnailUrl\":\"https:\/\/www.pressenza.com\/wp-content\/uploads\/2016\/10\/bcn-dsc-ttip.png\",\"keywords\":[\"Democrazia\",\"DiEM25\",\"Unione Europea\",\"Yanis Varoufakis\"],\"articleSection\":[\"Comunicati Stampa\",\"contenuti originali\",\"Europa\",\"Internazionale\",\"Politica\"],\"inLanguage\":\"it-IT\"},{\"@type\":\"WebPage\",\"@id\":\"https:\/\/www.pressenza.com\/it\/2016\/10\/diem25-movimento-pan-europeo-sta-prendendo-velocita\/\",\"url\":\"https:\/\/www.pressenza.com\/it\/2016\/10\/diem25-movimento-pan-europeo-sta-prendendo-velocita\/\",\"name\":\"DiEM25: Il Movimento Pan-Europeo sta prendendo velocit\u00e0\",\"isPartOf\":{\"@id\":\"https:\/\/www.pressenza.com\/it\/#website\"},\"primaryImageOfPage\":{\"@id\":\"https:\/\/www.pressenza.com\/it\/2016\/10\/diem25-movimento-pan-europeo-sta-prendendo-velocita\/#primaryimage\"},\"image\":{\"@id\":\"https:\/\/www.pressenza.com\/it\/2016\/10\/diem25-movimento-pan-europeo-sta-prendendo-velocita\/#primaryimage\"},\"thumbnailUrl\":\"https:\/\/www.pressenza.com\/wp-content\/uploads\/2016\/10\/bcn-dsc-ttip.png\",\"datePublished\":\"2016-10-26T19:23:23+00:00\",\"dateModified\":\"2016-10-27T20:21:35+00:00\",\"description\":\"Un breve resoconto della strada percorsa fino ad oggi da DiEM25: Il movimento ha preso vita a Berlino lo scorso febbraio e sono presto seguiti altri due\",\"breadcrumb\":{\"@id\":\"https:\/\/www.pressenza.com\/it\/2016\/10\/diem25-movimento-pan-europeo-sta-prendendo-velocita\/#breadcrumb\"},\"inLanguage\":\"it-IT\",\"potentialAction\":[{\"@type\":\"ReadAction\",\"target\":[\"https:\/\/www.pressenza.com\/it\/2016\/10\/diem25-movimento-pan-europeo-sta-prendendo-velocita\/\"]}]},{\"@type\":\"ImageObject\",\"inLanguage\":\"it-IT\",\"@id\":\"https:\/\/www.pressenza.com\/it\/2016\/10\/diem25-movimento-pan-europeo-sta-prendendo-velocita\/#primaryimage\",\"url\":\"https:\/\/www.pressenza.com\/wp-content\/uploads\/2016\/10\/bcn-dsc-ttip.png\",\"contentUrl\":\"https:\/\/www.pressenza.com\/wp-content\/uploads\/2016\/10\/bcn-dsc-ttip.png\",\"width\":929,\"height\":522},{\"@type\":\"BreadcrumbList\",\"@id\":\"https:\/\/www.pressenza.com\/it\/2016\/10\/diem25-movimento-pan-europeo-sta-prendendo-velocita\/#breadcrumb\",\"itemListElement\":[{\"@type\":\"ListItem\",\"position\":1,\"name\":\"Accueil\",\"item\":\"https:\/\/www.pressenza.com\/it\/\"},{\"@type\":\"ListItem\",\"position\":2,\"name\":\"DiEM25: Il Movimento Pan-Europeo sta prendendo velocit\u00e0\"}]},{\"@type\":\"WebSite\",\"@id\":\"https:\/\/www.pressenza.com\/it\/#website\",\"url\":\"https:\/\/www.pressenza.com\/it\/\",\"name\":\"Pressenza\",\"description\":\"Agenzia di Stampa Internazionale\",\"publisher\":{\"@id\":\"https:\/\/www.pressenza.com\/it\/#organization\"},\"potentialAction\":[{\"@type\":\"SearchAction\",\"target\":{\"@type\":\"EntryPoint\",\"urlTemplate\":\"https:\/\/www.pressenza.com\/it\/?s={search_term_string}\"},\"query-input\":{\"@type\":\"PropertyValueSpecification\",\"valueRequired\":true,\"valueName\":\"search_term_string\"}}],\"inLanguage\":\"it-IT\"},{\"@type\":\"Organization\",\"@id\":\"https:\/\/www.pressenza.com\/it\/#organization\",\"name\":\"Pressenza\",\"url\":\"https:\/\/www.pressenza.com\/it\/\",\"logo\":{\"@type\":\"ImageObject\",\"inLanguage\":\"it-IT\",\"@id\":\"https:\/\/www.pressenza.com\/it\/#\/schema\/logo\/image\/\",\"url\":\"https:\/\/www.pressenza.com\/wp-content\/uploads\/2022\/10\/pressenza_logo_200x200.jpg\",\"contentUrl\":\"https:\/\/www.pressenza.com\/wp-content\/uploads\/2022\/10\/pressenza_logo_200x200.jpg\",\"width\":200,\"height\":200,\"caption\":\"Pressenza\"},\"image\":{\"@id\":\"https:\/\/www.pressenza.com\/it\/#\/schema\/logo\/image\/\"},\"sameAs\":[\"https:\/\/www.facebook.com\/PressenzaItalia\",\"https:\/\/x.com\/PressenzaIPA\"]},{\"@type\":\"Person\",\"@id\":\"https:\/\/www.pressenza.com\/it\/#\/schema\/person\/a2b230ea85b325034e1e6f8fb9dfad9e\",\"name\":\"DiEM25\",\"description\":\"DiEM25 is a pan-European, cross-border movement of democrats. We believe that the European Union is disintegrating. Europeans are losing their faith in the possibility of European solutions to European problems. At the same time as faith in the EU is waning, we see a rise of misanthropy, xenophobia and toxic nationalism.\",\"sameAs\":[\"https:\/\/www.facebook.com\/diem25.official.page\/\",\"https:\/\/x.com\/DiEM_25\"],\"url\":\"https:\/\/www.pressenza.com\/it\/author\/diem25\/\"}]}<\/script>\n<!-- \/ Yoast SEO plugin. -->","yoast_head_json":{"title":"DiEM25: Il Movimento Pan-Europeo sta prendendo velocit\u00e0","description":"Un breve resoconto della strada percorsa fino ad oggi da DiEM25: Il movimento ha preso vita a Berlino lo scorso febbraio e sono presto seguiti altri due","robots":{"index":"index","follow":"follow","max-snippet":"max-snippet:-1","max-image-preview":"max-image-preview:large","max-video-preview":"max-video-preview:-1"},"canonical":"https:\/\/www.pressenza.com\/it\/2016\/10\/diem25-movimento-pan-europeo-sta-prendendo-velocita\/","og_locale":"it_IT","og_type":"article","og_title":"DiEM25: Il Movimento Pan-Europeo sta prendendo velocit\u00e0","og_description":"Un breve resoconto della strada percorsa fino ad oggi da DiEM25: Il movimento ha preso vita a Berlino lo scorso febbraio e sono presto seguiti altri due","og_url":"https:\/\/www.pressenza.com\/it\/2016\/10\/diem25-movimento-pan-europeo-sta-prendendo-velocita\/","og_site_name":"Pressenza","article_publisher":"https:\/\/www.facebook.com\/PressenzaItalia","article_author":"https:\/\/www.facebook.com\/diem25.official.page\/","article_published_time":"2016-10-26T19:23:23+00:00","article_modified_time":"2016-10-27T20:21:35+00:00","og_image":[{"width":929,"height":522,"url":"https:\/\/www.pressenza.com\/wp-content\/uploads\/2016\/10\/bcn-dsc-ttip.png","type":"image\/png"}],"author":"DiEM25","twitter_card":"summary_large_image","twitter_creator":"@DiEM_25","twitter_site":"@PressenzaIPA","twitter_misc":{"Scritto da":"DiEM25","Tempo di lettura stimato":"8 minuti"},"schema":{"@context":"https:\/\/schema.org","@graph":[{"@type":"Article","@id":"https:\/\/www.pressenza.com\/it\/2016\/10\/diem25-movimento-pan-europeo-sta-prendendo-velocita\/#article","isPartOf":{"@id":"https:\/\/www.pressenza.com\/it\/2016\/10\/diem25-movimento-pan-europeo-sta-prendendo-velocita\/"},"author":{"name":"DiEM25","@id":"https:\/\/www.pressenza.com\/it\/#\/schema\/person\/a2b230ea85b325034e1e6f8fb9dfad9e"},"headline":"DiEM25: Il Movimento Pan-Europeo sta prendendo velocit\u00e0","datePublished":"2016-10-26T19:23:23+00:00","dateModified":"2016-10-27T20:21:35+00:00","mainEntityOfPage":{"@id":"https:\/\/www.pressenza.com\/it\/2016\/10\/diem25-movimento-pan-europeo-sta-prendendo-velocita\/"},"wordCount":1621,"publisher":{"@id":"https:\/\/www.pressenza.com\/it\/#organization"},"image":{"@id":"https:\/\/www.pressenza.com\/it\/2016\/10\/diem25-movimento-pan-europeo-sta-prendendo-velocita\/#primaryimage"},"thumbnailUrl":"https:\/\/www.pressenza.com\/wp-content\/uploads\/2016\/10\/bcn-dsc-ttip.png","keywords":["Democrazia","DiEM25","Unione Europea","Yanis Varoufakis"],"articleSection":["Comunicati Stampa","contenuti originali","Europa","Internazionale","Politica"],"inLanguage":"it-IT"},{"@type":"WebPage","@id":"https:\/\/www.pressenza.com\/it\/2016\/10\/diem25-movimento-pan-europeo-sta-prendendo-velocita\/","url":"https:\/\/www.pressenza.com\/it\/2016\/10\/diem25-movimento-pan-europeo-sta-prendendo-velocita\/","name":"DiEM25: Il Movimento Pan-Europeo sta prendendo velocit\u00e0","isPartOf":{"@id":"https:\/\/www.pressenza.com\/it\/#website"},"primaryImageOfPage":{"@id":"https:\/\/www.pressenza.com\/it\/2016\/10\/diem25-movimento-pan-europeo-sta-prendendo-velocita\/#primaryimage"},"image":{"@id":"https:\/\/www.pressenza.com\/it\/2016\/10\/diem25-movimento-pan-europeo-sta-prendendo-velocita\/#primaryimage"},"thumbnailUrl":"https:\/\/www.pressenza.com\/wp-content\/uploads\/2016\/10\/bcn-dsc-ttip.png","datePublished":"2016-10-26T19:23:23+00:00","dateModified":"2016-10-27T20:21:35+00:00","description":"Un breve resoconto della strada percorsa fino ad oggi da DiEM25: Il movimento ha preso vita a Berlino lo scorso febbraio e sono presto seguiti altri due","breadcrumb":{"@id":"https:\/\/www.pressenza.com\/it\/2016\/10\/diem25-movimento-pan-europeo-sta-prendendo-velocita\/#breadcrumb"},"inLanguage":"it-IT","potentialAction":[{"@type":"ReadAction","target":["https:\/\/www.pressenza.com\/it\/2016\/10\/diem25-movimento-pan-europeo-sta-prendendo-velocita\/"]}]},{"@type":"ImageObject","inLanguage":"it-IT","@id":"https:\/\/www.pressenza.com\/it\/2016\/10\/diem25-movimento-pan-europeo-sta-prendendo-velocita\/#primaryimage","url":"https:\/\/www.pressenza.com\/wp-content\/uploads\/2016\/10\/bcn-dsc-ttip.png","contentUrl":"https:\/\/www.pressenza.com\/wp-content\/uploads\/2016\/10\/bcn-dsc-ttip.png","width":929,"height":522},{"@type":"BreadcrumbList","@id":"https:\/\/www.pressenza.com\/it\/2016\/10\/diem25-movimento-pan-europeo-sta-prendendo-velocita\/#breadcrumb","itemListElement":[{"@type":"ListItem","position":1,"name":"Accueil","item":"https:\/\/www.pressenza.com\/it\/"},{"@type":"ListItem","position":2,"name":"DiEM25: Il Movimento Pan-Europeo sta prendendo velocit\u00e0"}]},{"@type":"WebSite","@id":"https:\/\/www.pressenza.com\/it\/#website","url":"https:\/\/www.pressenza.com\/it\/","name":"Pressenza","description":"Agenzia di Stampa Internazionale","publisher":{"@id":"https:\/\/www.pressenza.com\/it\/#organization"},"potentialAction":[{"@type":"SearchAction","target":{"@type":"EntryPoint","urlTemplate":"https:\/\/www.pressenza.com\/it\/?s={search_term_string}"},"query-input":{"@type":"PropertyValueSpecification","valueRequired":true,"valueName":"search_term_string"}}],"inLanguage":"it-IT"},{"@type":"Organization","@id":"https:\/\/www.pressenza.com\/it\/#organization","name":"Pressenza","url":"https:\/\/www.pressenza.com\/it\/","logo":{"@type":"ImageObject","inLanguage":"it-IT","@id":"https:\/\/www.pressenza.com\/it\/#\/schema\/logo\/image\/","url":"https:\/\/www.pressenza.com\/wp-content\/uploads\/2022\/10\/pressenza_logo_200x200.jpg","contentUrl":"https:\/\/www.pressenza.com\/wp-content\/uploads\/2022\/10\/pressenza_logo_200x200.jpg","width":200,"height":200,"caption":"Pressenza"},"image":{"@id":"https:\/\/www.pressenza.com\/it\/#\/schema\/logo\/image\/"},"sameAs":["https:\/\/www.facebook.com\/PressenzaItalia","https:\/\/x.com\/PressenzaIPA"]},{"@type":"Person","@id":"https:\/\/www.pressenza.com\/it\/#\/schema\/person\/a2b230ea85b325034e1e6f8fb9dfad9e","name":"DiEM25","description":"DiEM25 is a pan-European, cross-border movement of democrats. We believe that the European Union is disintegrating. Europeans are losing their faith in the possibility of European solutions to European problems. At the same time as faith in the EU is waning, we see a rise of misanthropy, xenophobia and toxic nationalism.","sameAs":["https:\/\/www.facebook.com\/diem25.official.page\/","https:\/\/x.com\/DiEM_25"],"url":"https:\/\/www.pressenza.com\/it\/author\/diem25\/"}]}},"place":"Berlino","original_article_url":"https:\/\/diem25.org\/il-nostro-movimento-pan-europeo-sta-prendendo-velocita\/","_links":{"self":[{"href":"https:\/\/www.pressenza.com\/it\/wp-json\/wp\/v2\/posts\/388750","targetHints":{"allow":["GET"]}}],"collection":[{"href":"https:\/\/www.pressenza.com\/it\/wp-json\/wp\/v2\/posts"}],"about":[{"href":"https:\/\/www.pressenza.com\/it\/wp-json\/wp\/v2\/types\/post"}],"author":[{"embeddable":true,"href":"https:\/\/www.pressenza.com\/it\/wp-json\/wp\/v2\/users\/1362"}],"replies":[{"embeddable":true,"href":"https:\/\/www.pressenza.com\/it\/wp-json\/wp\/v2\/comments?post=388750"}],"version-history":[{"count":0,"href":"https:\/\/www.pressenza.com\/it\/wp-json\/wp\/v2\/posts\/388750\/revisions"}],"wp:featuredmedia":[{"embeddable":true,"href":"https:\/\/www.pressenza.com\/it\/wp-json\/wp\/v2\/media\/388701"}],"wp:attachment":[{"href":"https:\/\/www.pressenza.com\/it\/wp-json\/wp\/v2\/media?parent=388750"}],"wp:term":[{"taxonomy":"category","embeddable":true,"href":"https:\/\/www.pressenza.com\/it\/wp-json\/wp\/v2\/categories?post=388750"},{"taxonomy":"post_tag","embeddable":true,"href":"https:\/\/www.pressenza.com\/it\/wp-json\/wp\/v2\/tags?post=388750"}],"curies":[{"name":"wp","href":"https:\/\/api.w.org\/{rel}","templated":true}]}}