{"id":386305,"date":"2016-10-20T14:19:25","date_gmt":"2016-10-20T13:19:25","guid":{"rendered":"http:\/\/www.pressenza.com\/it\/?p=386305"},"modified":"2016-10-20T14:50:21","modified_gmt":"2016-10-20T13:50:21","slug":"palestina-intervista-al-sarto-jenin","status":"publish","type":"post","link":"https:\/\/www.pressenza.com\/it\/2016\/10\/palestina-intervista-al-sarto-jenin\/","title":{"rendered":"Palestina: intervista al sarto di Jenin"},"content":{"rendered":"<p><strong>Jenin, Ottobre 2016.<br \/>\n<\/strong><\/p>\n<p>Ci spostiamo nella citt\u00e0 di Jenin, attraversando insediamenti di coloni presidiati dai militari e\u00a0 costellati di check point, la situazione politica palestinese \u00e8 estremamente complessa e la popolazione attende oramai da un mese un nuovo governo che permetta loro di comprendere cosa possa accadere in futuro. Al contrario delle citt\u00e0 i campi profughi in Palestina sembrano spesso far parte di una dimensione politica parallela, dove, come lamenta la popolazione, non vi \u00e8 una tutela reale da parte dell\u2019 ANP, Autorit\u00e0 Nazionale Palestinese. Nell\u2019 ultimo mese le incursioni militari con dinamiche sempre pi\u00f9 precise avvengono nel cuore della notte tra le 3 e le 6 del mattino arrestando le persone nelle ore del sonno o sparando alle ginocchia soprattutto di minori o ai genitali degli uomini adulti. Il campo profughi di Jenin \u00e8 tra i pi\u00f9 attaccati a livello militare oramai da anni, nel 2002 fu assediato per 2 intere settimane mietendo molte vittime; fu raso al suolo e poi\u00a0 ricostruito e\u00a0 liberato dopo sanguinose guerriglie interne in cui era coinvolta anche la jihad islamica.<\/p>\n<p>Ci inoltriamo nelle strade ampie di cemento di questo campo, decidiamo di entrare in un negozio per comprendere cosa stia accadendo realmente attraverso le testimonianze della gente comune. Nel laboratorio di sartoria di Hashem, vi sono molte stoffe poggiate a terra, lui \u00e8 un giovane uomo alto, con occhiali sottili, decide di raccontare cosa si nasconde dietro l\u2019apparente normalit\u00e0 del suo attivo negozio di abiti.<\/p>\n<p><strong>Quando ha deciso di aprire questa sartoria?<\/strong><\/p>\n<p>Fino a qualche tempo fa lavoravo in Israele come operaio, all\u2019improvviso mi vidi ritirato il permesso di lavoro, allora ho accettato la proposta di cucire e creare abiti per Israele. Loro mandano al laboratorio modelli e stoffe e io mi occupo di crearli seguendo le loro istruzioni, rispedendoli poi a Tel Aviv.<\/p>\n<p><strong>Come si comporta nei suoi confronti come salario e pagamenti lo stato d\u2019Israele?<\/strong><\/p>\n<p>Non posso lamentarmi, pagano regolarmente e noi stiamo bene da quando abbiamo aperto il laboratorio, sicuramente meglio di altra gente qui nel campo. L\u2019idea di aprirlo \u00e8 stata mia, dovevo tirare avanti in qualche modo.<\/p>\n<p><strong>Jenin \u00e8 famosa per essere continuamente sotto attacco militare, lei lavorando per Israele \u00e8 tutelato pi\u00f9 degli altri suoi concittadini?<\/strong><\/p>\n<p>Assolutamente no, vi sono incursioni giornaliere di militari armati e spesso arrestano qualcuno, anche minori. Mio fratello era un generale ed \u00e8 stato ucciso nel 2012, i militari israeliani sia prima che dopo la sua morte sono entrati nella nostra casa distruggendola completamente e nel laboratorio sono entrati rovinando tutto e portando via anche i macchinari per il confezionamento dei vestiti, l\u2019accusa \u00e8 sempre la stessa, terrorismo.<\/p>\n<p><strong>Mi faccia capire, Tel Aviv le procura il lavoro, le chiede di confezionare i vestiti e a scadenze alterne distruggono il laboratorio e le ritirano i macchinari? <\/strong><\/p>\n<p>Esatto, non cerchi un senso a tutto questo, io ho smesso di cercarlo molto tempo fa.<\/p>\n<p><strong>Hanno mai ferito qualcuno durante un incursione?<\/strong><\/p>\n<p>L\u2019ultima volta hanno arrestato mio fratello, che grazie all\u2019avvocato ha scontato solo 10 mesi ed un ammenda di 12.000 shekel. Dichiararono che cercavano armi che o,vviamente, non sono state trovate. Spesso questi arresti si tramutano in detenzioni amministrative, quindi senza una reale accusa, in Palestina oramai\u00a0 \u00e8 all\u2019ordine del giorno.<\/p>\n<p><strong>Le associazioni per i diritti umani o le Ong che si trovano nei territori intervengono in queste occasioni?<\/strong><\/p>\n<p>Solitamente passano per vedere cosa \u00e8 accaduto e poi tutto cade nel silenzio pi\u00f9 assoluto, l\u2019ultima volta Red Cross Crescent ha cercato di intervenire cercando di intraprendere una mediazione con il giudice ma non c\u2019\u00e8 stato nulla da fare.<\/p>\n<p>&nbsp;<\/p>\n<p>Entriamo nella stanza adiacente la stireria, dove le donne si occupano della manifattura degli abiti, ognuna su una propria scrivania, in fila indiana. Le donne restano a testa bassa notando la nostra presenza e noi ne approfittiamo per fare alcune domande alla responsabile delle operaie. Ci \u00e8 stato vietato di fotografarle o porre domande dirette alle lavoratrici, questo laboratorio \u00e8 a conduzione familiare, la donna ci dedica gentilmente qualche minuto per una breve intervista:<\/p>\n<p><strong>Quante sono le donne a lavorare in questa sartoria?<\/strong><\/p>\n<p>Ad oggi sono tredici, l\u2019et\u00e0 \u00e8 di circa trent\u2019anni arrivando a 50.<\/p>\n<p><strong>Per queste lavoratrici vi sono delle associazioni che tutelano i loro diritti?<\/strong><\/p>\n<p>No, sono accordi tra di noi, ma se una donna si fa male sul lavoro mio fratello si occupa di portarla in ospedale, pagandole anche le cure.<\/p>\n<p><strong>Se una donna \u00e8 incinta come funziona?<\/strong><\/p>\n<p>Non abbiamo donne incinte; \u00e8 una nostra scelta personale, non lavoriamo con donne sposate.<\/p>\n<p><strong>Quante ore lavora ognuna di queste donne giornalmente e a quanto ammonta lo stipendio?<\/strong><\/p>\n<p>Lavorano dalla mattina alle 9 sino alle 15, poi il laboratorio chiude, vengono pagate 50,60 shekel al giorno.<\/p>\n","protected":false},"excerpt":{"rendered":"<p>Jenin, Ottobre 2016. Ci spostiamo nella citt\u00e0 di Jenin, attraversando insediamenti di coloni presidiati dai militari e\u00a0 costellati di check point, la situazione politica palestinese \u00e8 estremamente complessa e la popolazione attende oramai da un mese un nuovo governo che&hellip;<\/p>\n","protected":false},"author":1258,"featured_media":386344,"comment_status":"closed","ping_status":"closed","sticky":false,"template":"","format":"standard","meta":{"footnotes":""},"categories":[11388,60,157,52],"tags":[778,29515,1227],"class_list":["post-386305","post","type-post","status-publish","format-standard","has-post-thumbnail","hentry","category-contenuti-originali","category-diritti-umani","category-interviste","category-medio-oriente","tag-israele","tag-jenin","tag-palestina-it"],"yoast_head":"<!-- This site is optimized with the Yoast SEO plugin v27.1.1 - https:\/\/yoast.com\/product\/yoast-seo-wordpress\/ -->\n<title>Palestina: intervista al sarto di Jenin<\/title>\n<meta name=\"description\" content=\"Jenin, Ottobre 2016. Ci spostiamo nella citt\u00e0 di Jenin, attraversando insediamenti di coloni presidiati dai militari e\u00a0 costellati di check point, la\" \/>\n<meta name=\"robots\" content=\"index, follow, max-snippet:-1, max-image-preview:large, max-video-preview:-1\" \/>\n<link rel=\"canonical\" href=\"https:\/\/www.pressenza.com\/it\/2016\/10\/palestina-intervista-al-sarto-jenin\/\" \/>\n<meta property=\"og:locale\" content=\"it_IT\" \/>\n<meta property=\"og:type\" content=\"article\" \/>\n<meta property=\"og:title\" content=\"Palestina: intervista al sarto di Jenin\" \/>\n<meta property=\"og:description\" content=\"Jenin, Ottobre 2016. Ci spostiamo nella citt\u00e0 di Jenin, attraversando insediamenti di coloni presidiati dai militari e\u00a0 costellati di check point, la\" \/>\n<meta property=\"og:url\" content=\"https:\/\/www.pressenza.com\/it\/2016\/10\/palestina-intervista-al-sarto-jenin\/\" \/>\n<meta property=\"og:site_name\" content=\"Pressenza\" \/>\n<meta property=\"article:publisher\" content=\"https:\/\/www.facebook.com\/PressenzaItalia\" \/>\n<meta property=\"article:published_time\" content=\"2016-10-20T13:19:25+00:00\" \/>\n<meta property=\"article:modified_time\" content=\"2016-10-20T13:50:21+00:00\" \/>\n<meta property=\"og:image\" content=\"https:\/\/www.pressenza.com\/wp-content\/uploads\/2016\/10\/sarto-copertina-720x480.jpg\" \/>\n\t<meta property=\"og:image:width\" content=\"720\" \/>\n\t<meta property=\"og:image:height\" content=\"480\" \/>\n\t<meta property=\"og:image:type\" content=\"image\/jpeg\" \/>\n<meta name=\"author\" content=\"Antonietta Chiodo\" \/>\n<meta name=\"twitter:card\" content=\"summary_large_image\" \/>\n<meta name=\"twitter:creator\" content=\"@PressenzaIPA\" \/>\n<meta name=\"twitter:site\" content=\"@PressenzaIPA\" \/>\n<meta name=\"twitter:label1\" content=\"Scritto da\" \/>\n\t<meta name=\"twitter:data1\" content=\"Antonietta Chiodo\" \/>\n\t<meta name=\"twitter:label2\" content=\"Tempo di lettura stimato\" \/>\n\t<meta name=\"twitter:data2\" content=\"4 minuti\" \/>\n<script type=\"application\/ld+json\" class=\"yoast-schema-graph\">{\"@context\":\"https:\/\/schema.org\",\"@graph\":[{\"@type\":\"Article\",\"@id\":\"https:\/\/www.pressenza.com\/it\/2016\/10\/palestina-intervista-al-sarto-jenin\/#article\",\"isPartOf\":{\"@id\":\"https:\/\/www.pressenza.com\/it\/2016\/10\/palestina-intervista-al-sarto-jenin\/\"},\"author\":{\"name\":\"Antonietta Chiodo\",\"@id\":\"https:\/\/www.pressenza.com\/it\/#\/schema\/person\/361375daf88357b0962af99e317caac1\"},\"headline\":\"Palestina: intervista al sarto di Jenin\",\"datePublished\":\"2016-10-20T13:19:25+00:00\",\"dateModified\":\"2016-10-20T13:50:21+00:00\",\"mainEntityOfPage\":{\"@id\":\"https:\/\/www.pressenza.com\/it\/2016\/10\/palestina-intervista-al-sarto-jenin\/\"},\"wordCount\":771,\"publisher\":{\"@id\":\"https:\/\/www.pressenza.com\/it\/#organization\"},\"image\":{\"@id\":\"https:\/\/www.pressenza.com\/it\/2016\/10\/palestina-intervista-al-sarto-jenin\/#primaryimage\"},\"thumbnailUrl\":\"https:\/\/www.pressenza.com\/wp-content\/uploads\/2016\/10\/sarto-copertina.jpg\",\"keywords\":[\"Israele\",\"Jenin\",\"Palestina\"],\"articleSection\":[\"contenuti originali\",\"Diritti Umani\",\"Interviste\",\"Medio Oriente\"],\"inLanguage\":\"it-IT\"},{\"@type\":\"WebPage\",\"@id\":\"https:\/\/www.pressenza.com\/it\/2016\/10\/palestina-intervista-al-sarto-jenin\/\",\"url\":\"https:\/\/www.pressenza.com\/it\/2016\/10\/palestina-intervista-al-sarto-jenin\/\",\"name\":\"Palestina: intervista al sarto di Jenin\",\"isPartOf\":{\"@id\":\"https:\/\/www.pressenza.com\/it\/#website\"},\"primaryImageOfPage\":{\"@id\":\"https:\/\/www.pressenza.com\/it\/2016\/10\/palestina-intervista-al-sarto-jenin\/#primaryimage\"},\"image\":{\"@id\":\"https:\/\/www.pressenza.com\/it\/2016\/10\/palestina-intervista-al-sarto-jenin\/#primaryimage\"},\"thumbnailUrl\":\"https:\/\/www.pressenza.com\/wp-content\/uploads\/2016\/10\/sarto-copertina.jpg\",\"datePublished\":\"2016-10-20T13:19:25+00:00\",\"dateModified\":\"2016-10-20T13:50:21+00:00\",\"description\":\"Jenin, Ottobre 2016. Ci spostiamo nella citt\u00e0 di Jenin, attraversando insediamenti di coloni presidiati dai militari e\u00a0 costellati di check point, la\",\"breadcrumb\":{\"@id\":\"https:\/\/www.pressenza.com\/it\/2016\/10\/palestina-intervista-al-sarto-jenin\/#breadcrumb\"},\"inLanguage\":\"it-IT\",\"potentialAction\":[{\"@type\":\"ReadAction\",\"target\":[\"https:\/\/www.pressenza.com\/it\/2016\/10\/palestina-intervista-al-sarto-jenin\/\"]}]},{\"@type\":\"ImageObject\",\"inLanguage\":\"it-IT\",\"@id\":\"https:\/\/www.pressenza.com\/it\/2016\/10\/palestina-intervista-al-sarto-jenin\/#primaryimage\",\"url\":\"https:\/\/www.pressenza.com\/wp-content\/uploads\/2016\/10\/sarto-copertina.jpg\",\"contentUrl\":\"https:\/\/www.pressenza.com\/wp-content\/uploads\/2016\/10\/sarto-copertina.jpg\",\"width\":5184,\"height\":3456},{\"@type\":\"BreadcrumbList\",\"@id\":\"https:\/\/www.pressenza.com\/it\/2016\/10\/palestina-intervista-al-sarto-jenin\/#breadcrumb\",\"itemListElement\":[{\"@type\":\"ListItem\",\"position\":1,\"name\":\"Accueil\",\"item\":\"https:\/\/www.pressenza.com\/it\/\"},{\"@type\":\"ListItem\",\"position\":2,\"name\":\"Palestina: intervista al sarto di Jenin\"}]},{\"@type\":\"WebSite\",\"@id\":\"https:\/\/www.pressenza.com\/it\/#website\",\"url\":\"https:\/\/www.pressenza.com\/it\/\",\"name\":\"Pressenza\",\"description\":\"Agenzia di Stampa Internazionale\",\"publisher\":{\"@id\":\"https:\/\/www.pressenza.com\/it\/#organization\"},\"potentialAction\":[{\"@type\":\"SearchAction\",\"target\":{\"@type\":\"EntryPoint\",\"urlTemplate\":\"https:\/\/www.pressenza.com\/it\/?s={search_term_string}\"},\"query-input\":{\"@type\":\"PropertyValueSpecification\",\"valueRequired\":true,\"valueName\":\"search_term_string\"}}],\"inLanguage\":\"it-IT\"},{\"@type\":\"Organization\",\"@id\":\"https:\/\/www.pressenza.com\/it\/#organization\",\"name\":\"Pressenza\",\"url\":\"https:\/\/www.pressenza.com\/it\/\",\"logo\":{\"@type\":\"ImageObject\",\"inLanguage\":\"it-IT\",\"@id\":\"https:\/\/www.pressenza.com\/it\/#\/schema\/logo\/image\/\",\"url\":\"https:\/\/www.pressenza.com\/wp-content\/uploads\/2022\/10\/pressenza_logo_200x200.jpg\",\"contentUrl\":\"https:\/\/www.pressenza.com\/wp-content\/uploads\/2022\/10\/pressenza_logo_200x200.jpg\",\"width\":200,\"height\":200,\"caption\":\"Pressenza\"},\"image\":{\"@id\":\"https:\/\/www.pressenza.com\/it\/#\/schema\/logo\/image\/\"},\"sameAs\":[\"https:\/\/www.facebook.com\/PressenzaItalia\",\"https:\/\/x.com\/PressenzaIPA\"]},{\"@type\":\"Person\",\"@id\":\"https:\/\/www.pressenza.com\/it\/#\/schema\/person\/361375daf88357b0962af99e317caac1\",\"name\":\"Antonietta Chiodo\",\"description\":\"Nasce a Roma il 2 Aprile 1976 ma si trasferisce a Milano in tenera et\u00e0. Sin dall\u2019adolescenza si attiva per difendere i diritti umani legandosi a varie associazioni di volontariato. Diplomata alla scuola del cinema di Milano lascia che l\u2019arte, suo pi\u00f9 grande amore, prenda il sopravvento sperimentandosi cos\u00ec come illustratore, scenografo ed esponendo in varie gallerie d\u2019arte. Oggi \u00e8 madre di tre figli, nel 2003 si trasferisce a Torino, collaborando per anni con il Gruppo Abele come illustratore, per Narcomafie e la Cooperazione Internazionale pubblicando 3 mini libri su Aids e minori in Africa applauditi a Bruxelles nel 2006. Sceglie poi definitivamente la via del giornalismo libero, documentando come reporter la guerra in Siria e l\u2019 occupazione militare palestinese specializzandosi in interviste, Antonietta sceglie di documentare attraverso le parole dei diretti interessati la verit\u00e0. Nel 2014 si occupa collaborando con una redazione turca di FGM, nel 2015 inizia il suo lavoro sui porti italiani denunciando tra i primi in Italia la sparizione dei 5.000 minori non accompagnati. La sua scelta \u00e8 sempre stata quella di viaggiare sola affrontando spesso viaggi lunghi e sfiancanti. Nel 2017 prende forma il suo progetto dal nome La Pace dei Bimbi in West Bank, Palestina, dove, attraverso la scrittura e l\u2019arte terapia riesce ad aprire una importante linea di comunicazione con i giovani della zona con cui \u00e8 in contatto ancora oggi. Un\u2019esperienza indimenticabile per lei e i 17 ragazzini che vedranno in questi mesi un po\u2019 di luce e riscopriranno i loro sogni nel cassetto . Oggi, dopo una pausa di quasi due anni per la nascita dell\u2019 ultimo bimbo Antonietta \u00e8 come sempre in prima linea dedicandosi ai genitori soli e ai loro bambini, collaborando attivamente con il Cav per l\u2019aiuto alle famiglie meno abbienti, attiva da sempre contro la pedofilia e la tutela dei diritti delle persone sieropositive nel mondo.\",\"url\":\"https:\/\/www.pressenza.com\/it\/author\/antonietta-chiodo\/\"}]}<\/script>\n<!-- \/ Yoast SEO plugin. -->","yoast_head_json":{"title":"Palestina: intervista al sarto di Jenin","description":"Jenin, Ottobre 2016. Ci spostiamo nella citt\u00e0 di Jenin, attraversando insediamenti di coloni presidiati dai militari e\u00a0 costellati di check point, la","robots":{"index":"index","follow":"follow","max-snippet":"max-snippet:-1","max-image-preview":"max-image-preview:large","max-video-preview":"max-video-preview:-1"},"canonical":"https:\/\/www.pressenza.com\/it\/2016\/10\/palestina-intervista-al-sarto-jenin\/","og_locale":"it_IT","og_type":"article","og_title":"Palestina: intervista al sarto di Jenin","og_description":"Jenin, Ottobre 2016. Ci spostiamo nella citt\u00e0 di Jenin, attraversando insediamenti di coloni presidiati dai militari e\u00a0 costellati di check point, la","og_url":"https:\/\/www.pressenza.com\/it\/2016\/10\/palestina-intervista-al-sarto-jenin\/","og_site_name":"Pressenza","article_publisher":"https:\/\/www.facebook.com\/PressenzaItalia","article_published_time":"2016-10-20T13:19:25+00:00","article_modified_time":"2016-10-20T13:50:21+00:00","og_image":[{"width":720,"height":480,"url":"https:\/\/www.pressenza.com\/wp-content\/uploads\/2016\/10\/sarto-copertina-720x480.jpg","type":"image\/jpeg"}],"author":"Antonietta Chiodo","twitter_card":"summary_large_image","twitter_creator":"@PressenzaIPA","twitter_site":"@PressenzaIPA","twitter_misc":{"Scritto da":"Antonietta Chiodo","Tempo di lettura stimato":"4 minuti"},"schema":{"@context":"https:\/\/schema.org","@graph":[{"@type":"Article","@id":"https:\/\/www.pressenza.com\/it\/2016\/10\/palestina-intervista-al-sarto-jenin\/#article","isPartOf":{"@id":"https:\/\/www.pressenza.com\/it\/2016\/10\/palestina-intervista-al-sarto-jenin\/"},"author":{"name":"Antonietta Chiodo","@id":"https:\/\/www.pressenza.com\/it\/#\/schema\/person\/361375daf88357b0962af99e317caac1"},"headline":"Palestina: intervista al sarto di Jenin","datePublished":"2016-10-20T13:19:25+00:00","dateModified":"2016-10-20T13:50:21+00:00","mainEntityOfPage":{"@id":"https:\/\/www.pressenza.com\/it\/2016\/10\/palestina-intervista-al-sarto-jenin\/"},"wordCount":771,"publisher":{"@id":"https:\/\/www.pressenza.com\/it\/#organization"},"image":{"@id":"https:\/\/www.pressenza.com\/it\/2016\/10\/palestina-intervista-al-sarto-jenin\/#primaryimage"},"thumbnailUrl":"https:\/\/www.pressenza.com\/wp-content\/uploads\/2016\/10\/sarto-copertina.jpg","keywords":["Israele","Jenin","Palestina"],"articleSection":["contenuti originali","Diritti Umani","Interviste","Medio Oriente"],"inLanguage":"it-IT"},{"@type":"WebPage","@id":"https:\/\/www.pressenza.com\/it\/2016\/10\/palestina-intervista-al-sarto-jenin\/","url":"https:\/\/www.pressenza.com\/it\/2016\/10\/palestina-intervista-al-sarto-jenin\/","name":"Palestina: intervista al sarto di Jenin","isPartOf":{"@id":"https:\/\/www.pressenza.com\/it\/#website"},"primaryImageOfPage":{"@id":"https:\/\/www.pressenza.com\/it\/2016\/10\/palestina-intervista-al-sarto-jenin\/#primaryimage"},"image":{"@id":"https:\/\/www.pressenza.com\/it\/2016\/10\/palestina-intervista-al-sarto-jenin\/#primaryimage"},"thumbnailUrl":"https:\/\/www.pressenza.com\/wp-content\/uploads\/2016\/10\/sarto-copertina.jpg","datePublished":"2016-10-20T13:19:25+00:00","dateModified":"2016-10-20T13:50:21+00:00","description":"Jenin, Ottobre 2016. Ci spostiamo nella citt\u00e0 di Jenin, attraversando insediamenti di coloni presidiati dai militari e\u00a0 costellati di check point, la","breadcrumb":{"@id":"https:\/\/www.pressenza.com\/it\/2016\/10\/palestina-intervista-al-sarto-jenin\/#breadcrumb"},"inLanguage":"it-IT","potentialAction":[{"@type":"ReadAction","target":["https:\/\/www.pressenza.com\/it\/2016\/10\/palestina-intervista-al-sarto-jenin\/"]}]},{"@type":"ImageObject","inLanguage":"it-IT","@id":"https:\/\/www.pressenza.com\/it\/2016\/10\/palestina-intervista-al-sarto-jenin\/#primaryimage","url":"https:\/\/www.pressenza.com\/wp-content\/uploads\/2016\/10\/sarto-copertina.jpg","contentUrl":"https:\/\/www.pressenza.com\/wp-content\/uploads\/2016\/10\/sarto-copertina.jpg","width":5184,"height":3456},{"@type":"BreadcrumbList","@id":"https:\/\/www.pressenza.com\/it\/2016\/10\/palestina-intervista-al-sarto-jenin\/#breadcrumb","itemListElement":[{"@type":"ListItem","position":1,"name":"Accueil","item":"https:\/\/www.pressenza.com\/it\/"},{"@type":"ListItem","position":2,"name":"Palestina: intervista al sarto di Jenin"}]},{"@type":"WebSite","@id":"https:\/\/www.pressenza.com\/it\/#website","url":"https:\/\/www.pressenza.com\/it\/","name":"Pressenza","description":"Agenzia di Stampa Internazionale","publisher":{"@id":"https:\/\/www.pressenza.com\/it\/#organization"},"potentialAction":[{"@type":"SearchAction","target":{"@type":"EntryPoint","urlTemplate":"https:\/\/www.pressenza.com\/it\/?s={search_term_string}"},"query-input":{"@type":"PropertyValueSpecification","valueRequired":true,"valueName":"search_term_string"}}],"inLanguage":"it-IT"},{"@type":"Organization","@id":"https:\/\/www.pressenza.com\/it\/#organization","name":"Pressenza","url":"https:\/\/www.pressenza.com\/it\/","logo":{"@type":"ImageObject","inLanguage":"it-IT","@id":"https:\/\/www.pressenza.com\/it\/#\/schema\/logo\/image\/","url":"https:\/\/www.pressenza.com\/wp-content\/uploads\/2022\/10\/pressenza_logo_200x200.jpg","contentUrl":"https:\/\/www.pressenza.com\/wp-content\/uploads\/2022\/10\/pressenza_logo_200x200.jpg","width":200,"height":200,"caption":"Pressenza"},"image":{"@id":"https:\/\/www.pressenza.com\/it\/#\/schema\/logo\/image\/"},"sameAs":["https:\/\/www.facebook.com\/PressenzaItalia","https:\/\/x.com\/PressenzaIPA"]},{"@type":"Person","@id":"https:\/\/www.pressenza.com\/it\/#\/schema\/person\/361375daf88357b0962af99e317caac1","name":"Antonietta Chiodo","description":"Nasce a Roma il 2 Aprile 1976 ma si trasferisce a Milano in tenera et\u00e0. Sin dall\u2019adolescenza si attiva per difendere i diritti umani legandosi a varie associazioni di volontariato. Diplomata alla scuola del cinema di Milano lascia che l\u2019arte, suo pi\u00f9 grande amore, prenda il sopravvento sperimentandosi cos\u00ec come illustratore, scenografo ed esponendo in varie gallerie d\u2019arte. Oggi \u00e8 madre di tre figli, nel 2003 si trasferisce a Torino, collaborando per anni con il Gruppo Abele come illustratore, per Narcomafie e la Cooperazione Internazionale pubblicando 3 mini libri su Aids e minori in Africa applauditi a Bruxelles nel 2006. Sceglie poi definitivamente la via del giornalismo libero, documentando come reporter la guerra in Siria e l\u2019 occupazione militare palestinese specializzandosi in interviste, Antonietta sceglie di documentare attraverso le parole dei diretti interessati la verit\u00e0. Nel 2014 si occupa collaborando con una redazione turca di FGM, nel 2015 inizia il suo lavoro sui porti italiani denunciando tra i primi in Italia la sparizione dei 5.000 minori non accompagnati. La sua scelta \u00e8 sempre stata quella di viaggiare sola affrontando spesso viaggi lunghi e sfiancanti. Nel 2017 prende forma il suo progetto dal nome La Pace dei Bimbi in West Bank, Palestina, dove, attraverso la scrittura e l\u2019arte terapia riesce ad aprire una importante linea di comunicazione con i giovani della zona con cui \u00e8 in contatto ancora oggi. Un\u2019esperienza indimenticabile per lei e i 17 ragazzini che vedranno in questi mesi un po\u2019 di luce e riscopriranno i loro sogni nel cassetto . Oggi, dopo una pausa di quasi due anni per la nascita dell\u2019 ultimo bimbo Antonietta \u00e8 come sempre in prima linea dedicandosi ai genitori soli e ai loro bambini, collaborando attivamente con il Cav per l\u2019aiuto alle famiglie meno abbienti, attiva da sempre contro la pedofilia e la tutela dei diritti delle persone sieropositive nel mondo.","url":"https:\/\/www.pressenza.com\/it\/author\/antonietta-chiodo\/"}]}},"place":"Jenin","original_article_url":"","_links":{"self":[{"href":"https:\/\/www.pressenza.com\/it\/wp-json\/wp\/v2\/posts\/386305","targetHints":{"allow":["GET"]}}],"collection":[{"href":"https:\/\/www.pressenza.com\/it\/wp-json\/wp\/v2\/posts"}],"about":[{"href":"https:\/\/www.pressenza.com\/it\/wp-json\/wp\/v2\/types\/post"}],"author":[{"embeddable":true,"href":"https:\/\/www.pressenza.com\/it\/wp-json\/wp\/v2\/users\/1258"}],"replies":[{"embeddable":true,"href":"https:\/\/www.pressenza.com\/it\/wp-json\/wp\/v2\/comments?post=386305"}],"version-history":[{"count":0,"href":"https:\/\/www.pressenza.com\/it\/wp-json\/wp\/v2\/posts\/386305\/revisions"}],"wp:featuredmedia":[{"embeddable":true,"href":"https:\/\/www.pressenza.com\/it\/wp-json\/wp\/v2\/media\/386344"}],"wp:attachment":[{"href":"https:\/\/www.pressenza.com\/it\/wp-json\/wp\/v2\/media?parent=386305"}],"wp:term":[{"taxonomy":"category","embeddable":true,"href":"https:\/\/www.pressenza.com\/it\/wp-json\/wp\/v2\/categories?post=386305"},{"taxonomy":"post_tag","embeddable":true,"href":"https:\/\/www.pressenza.com\/it\/wp-json\/wp\/v2\/tags?post=386305"}],"curies":[{"name":"wp","href":"https:\/\/api.w.org\/{rel}","templated":true}]}}