{"id":38565,"date":"2013-02-15T19:51:55","date_gmt":"2013-02-15T19:51:55","guid":{"rendered":"http:\/\/www.pressenza.com\/?p=38565"},"modified":"2013-02-15T20:08:58","modified_gmt":"2013-02-15T20:08:58","slug":"15-febbraio-2003-15-febbraio-2013","status":"publish","type":"post","link":"https:\/\/www.pressenza.com\/it\/2013\/02\/15-febbraio-2003-15-febbraio-2013\/","title":{"rendered":"15 febbraio 2003 \u2013 15 febbraio 2013"},"content":{"rendered":"<p align=\"left\">Dieci anni fa, il 15 febbraio 2003, \u00a0oltre cento milioni di persone \u00a0in decine di paesi scesero in piazza per dire no alla guerra in Iraq. Il New York Times scrisse che era nata la seconda superpotenza, con cui Bush non avrebbe potuto non fare i conti: l&#8217;opinione pubblica mondiale.<\/p>\n<p align=\"left\">Forse non c\u2019era mai stata una mobilitazione cos\u00ec potente e simultanea, cos\u00ec allegra, pacifica e colorata nonostante la drammaticit\u00e0 del momento, cos\u00ec carica di un\u2019indignazione morale che andava al di l\u00e0 delle abituali motivazioni contro la guerra per coinvolgere persone diversissime tra loro, ma accomunate da una stessa sensibilit\u00e0, dal rifiuto totale e profondo della violenza.<\/p>\n<p align=\"left\">Nei giorni precedenti al 15 febbraio le citt\u00e0 italiane si riempirono di bandiere della pace, appese alle finestre e ai balconi, cambiando la fisionomia e la percezione che si aveva del proprio ambiente abituale. Era come ritrovarsi con una quantit\u00e0 di amici sconosciuti eppure vicini.<\/p>\n<p align=\"left\">E nonostante questa immensa mobilitazione non si riusc\u00ec a evitare il disastro: poco pi\u00f9 di un mese dopo gli americani invasero l\u2019Iraq, scatenando una guerra devastante e compiendo atrocit\u00e0 che ancora adesso fanno sentire il loro peso nell\u2019odio che tanta parte del mondo nutre per tutto ci\u00f2 che sa di Occidente. E moltissimi governi li appoggiarono, nonostante la chiara opposizione dei loro popoli a quell\u2019invasione immorale.<\/p>\n<p align=\"left\">Tutto inutile, allora?<\/p>\n<p align=\"left\">E\u2019 una domanda che mi sono posta, soprattutto nei mesi successivi all\u2019invasione dell\u2019Iraq, quando sembravano trionfare la prepotenza e l\u2019ingiustizia e chi, come me e tanti altri, aveva cercato di impedire la guerra provava un\u00a0 senso di fallimento e di futuro chiuso.<\/p>\n<p align=\"left\">Devo ringraziare l\u2019ambito degli umanisti e soprattutto i commenti lucidi e profondi di Silo se quella cupa cappa di impotenza e sconforto ha cominciato a disperdersi. A poco a poco ho capito che quell\u2019azione \u2013 come tutte le azioni valide \u2013 manteneva il suo valore al di l\u00e0 dei risultati ottenuti e contribuiva comunque all\u2019evoluzione dell\u2019umanit\u00e0 verso una societ\u00e0 senza violenza, che l\u2019elemento nuovo di quel momento \u2013 la sensibilit\u00e0 nonviolenta di tanta gente \u2013 andava ripreso e rafforzato.<\/p>\n<p align=\"left\">Non a caso proprio quella sensibilit\u00e0 a favore della pace, della nonviolenza e del disarmo, quella ribellione innanzitutto morale all\u2019ingiustizia e alla sopraffazione, quella creativit\u00e0 allegra e vitale \u00e8 riaffiorata nelle migliaia di eventi che hanno accompagnato la Marcia Mondiale per la Pace e la Nonviolenza, che ha percorso il pianeta dal 2 ottobre 2009 al 2 gennaio 2010. \u00a0E poco dopo \u00e8 tornata a dilagare nel movimento degli Indignati e di Occupy Wall Street.<\/p>\n<p align=\"left\">Niente di ci\u00f2 che \u00e8 buono e valido mai va perduto: sembra scomparire, ma prima o poi fa di nuovo irruzione nel paesaggio sociale e umano, sconvolge situazioni che parevano immobili e apre il campo alla speranza. Se la consideriamo da questo punto di vista, l\u2019enorme mobilitazione del 15 febbraio 2003 non \u00e8 pi\u00f9 un evento mitico e irripetibile da ricordare con nostalgia, ma semplicemente un gradino in una lunga costruzione umana, iniziata molto tempo fa e destinata a continuare nel futuro.<\/p>\n","protected":false},"excerpt":{"rendered":"<p>Dieci anni fa, il 15 febbraio 2003, \u00a0oltre cento milioni di persone \u00a0in decine di paesi scesero in piazza per dire no alla guerra in Iraq. Il New York Times scrisse che era nata la seconda superpotenza, con cui Bush&hellip;<\/p>\n","protected":false},"author":500,"featured_media":38566,"comment_status":"closed","ping_status":"open","sticky":false,"template":"","format":"standard","meta":{"footnotes":""},"categories":[1262,162,1263],"tags":[3489,935,3490,3491,452],"class_list":["post-38565","post","type-post","status-publish","format-standard","has-post-thumbnail","hentry","category-nonviolenza-argomento","category-opinioni","category-pace-disarmo","tag-guerra-in-iraq","tag-indignati","tag-manifestazioni-per-la-pace","tag-marcia-mondiale-per-la-pace-e-la-nonviolenza","tag-occupy"],"yoast_head":"<!-- This site is optimized with the Yoast SEO plugin v27.1.1 - https:\/\/yoast.com\/product\/yoast-seo-wordpress\/ -->\n<title>15 febbraio 2003 \u2013 15 febbraio 2013<\/title>\n<meta name=\"description\" content=\"Dieci anni fa, il 15 febbraio 2003, \u00a0oltre cento milioni di persone \u00a0in decine di paesi scesero in piazza per dire no alla guerra in Iraq. Il New York\" \/>\n<meta name=\"robots\" content=\"index, follow, max-snippet:-1, max-image-preview:large, max-video-preview:-1\" \/>\n<link rel=\"canonical\" href=\"https:\/\/www.pressenza.com\/it\/2013\/02\/15-febbraio-2003-15-febbraio-2013\/\" \/>\n<meta property=\"og:locale\" content=\"it_IT\" \/>\n<meta property=\"og:type\" content=\"article\" \/>\n<meta property=\"og:title\" content=\"15 febbraio 2003 \u2013 15 febbraio 2013\" \/>\n<meta property=\"og:description\" content=\"Dieci anni fa, il 15 febbraio 2003, \u00a0oltre cento milioni di persone \u00a0in decine di paesi scesero in piazza per dire no alla guerra in Iraq. Il New York\" \/>\n<meta property=\"og:url\" content=\"https:\/\/www.pressenza.com\/it\/2013\/02\/15-febbraio-2003-15-febbraio-2013\/\" \/>\n<meta property=\"og:site_name\" content=\"Pressenza\" \/>\n<meta property=\"article:publisher\" content=\"https:\/\/www.facebook.com\/PressenzaItalia\" \/>\n<meta property=\"article:published_time\" content=\"2013-02-15T19:51:55+00:00\" \/>\n<meta property=\"article:modified_time\" content=\"2013-02-15T20:08:58+00:00\" \/>\n<meta property=\"og:image\" content=\"https:\/\/www.pressenza.com\/wp-content\/uploads\/2013\/02\/roma-15-febbraio-2003.jpg\" \/>\n\t<meta property=\"og:image:width\" content=\"200\" \/>\n\t<meta property=\"og:image:height\" content=\"150\" \/>\n\t<meta property=\"og:image:type\" content=\"image\/jpeg\" \/>\n<meta name=\"author\" content=\"Anna Polo\" \/>\n<meta name=\"twitter:card\" content=\"summary_large_image\" \/>\n<meta name=\"twitter:creator\" content=\"@PressenzaIPA\" \/>\n<meta name=\"twitter:site\" content=\"@PressenzaIPA\" \/>\n<meta name=\"twitter:label1\" content=\"Scritto da\" \/>\n\t<meta name=\"twitter:data1\" content=\"Anna Polo\" \/>\n\t<meta name=\"twitter:label2\" content=\"Tempo di lettura stimato\" \/>\n\t<meta name=\"twitter:data2\" content=\"2 minuti\" \/>\n<script type=\"application\/ld+json\" class=\"yoast-schema-graph\">{\"@context\":\"https:\/\/schema.org\",\"@graph\":[{\"@type\":\"Article\",\"@id\":\"https:\/\/www.pressenza.com\/it\/2013\/02\/15-febbraio-2003-15-febbraio-2013\/#article\",\"isPartOf\":{\"@id\":\"https:\/\/www.pressenza.com\/it\/2013\/02\/15-febbraio-2003-15-febbraio-2013\/\"},\"author\":{\"name\":\"Anna Polo\",\"@id\":\"https:\/\/www.pressenza.com\/it\/#\/schema\/person\/f361ce2dfe3d4331d5ae6840551ffe67\"},\"headline\":\"15 febbraio 2003 \u2013 15 febbraio 2013\",\"datePublished\":\"2013-02-15T19:51:55+00:00\",\"dateModified\":\"2013-02-15T20:08:58+00:00\",\"mainEntityOfPage\":{\"@id\":\"https:\/\/www.pressenza.com\/it\/2013\/02\/15-febbraio-2003-15-febbraio-2013\/\"},\"wordCount\":499,\"publisher\":{\"@id\":\"https:\/\/www.pressenza.com\/it\/#organization\"},\"image\":{\"@id\":\"https:\/\/www.pressenza.com\/it\/2013\/02\/15-febbraio-2003-15-febbraio-2013\/#primaryimage\"},\"thumbnailUrl\":\"https:\/\/www.pressenza.com\/wp-content\/uploads\/2013\/02\/roma-15-febbraio-2003.jpg\",\"keywords\":[\"guerra in iraq\",\"indignati\",\"manifestazioni per la pace\",\"Marcia Mondiale per la Pace e la Nonviolenza\",\"Occupy\"],\"articleSection\":[\"Nonviolenza\",\"Opinioni\",\"Pace e Disarmo\"],\"inLanguage\":\"it-IT\"},{\"@type\":\"WebPage\",\"@id\":\"https:\/\/www.pressenza.com\/it\/2013\/02\/15-febbraio-2003-15-febbraio-2013\/\",\"url\":\"https:\/\/www.pressenza.com\/it\/2013\/02\/15-febbraio-2003-15-febbraio-2013\/\",\"name\":\"15 febbraio 2003 \u2013 15 febbraio 2013\",\"isPartOf\":{\"@id\":\"https:\/\/www.pressenza.com\/it\/#website\"},\"primaryImageOfPage\":{\"@id\":\"https:\/\/www.pressenza.com\/it\/2013\/02\/15-febbraio-2003-15-febbraio-2013\/#primaryimage\"},\"image\":{\"@id\":\"https:\/\/www.pressenza.com\/it\/2013\/02\/15-febbraio-2003-15-febbraio-2013\/#primaryimage\"},\"thumbnailUrl\":\"https:\/\/www.pressenza.com\/wp-content\/uploads\/2013\/02\/roma-15-febbraio-2003.jpg\",\"datePublished\":\"2013-02-15T19:51:55+00:00\",\"dateModified\":\"2013-02-15T20:08:58+00:00\",\"description\":\"Dieci anni fa, il 15 febbraio 2003, \u00a0oltre cento milioni di persone \u00a0in decine di paesi scesero in piazza per dire no alla guerra in Iraq. Il New York\",\"breadcrumb\":{\"@id\":\"https:\/\/www.pressenza.com\/it\/2013\/02\/15-febbraio-2003-15-febbraio-2013\/#breadcrumb\"},\"inLanguage\":\"it-IT\",\"potentialAction\":[{\"@type\":\"ReadAction\",\"target\":[\"https:\/\/www.pressenza.com\/it\/2013\/02\/15-febbraio-2003-15-febbraio-2013\/\"]}]},{\"@type\":\"ImageObject\",\"inLanguage\":\"it-IT\",\"@id\":\"https:\/\/www.pressenza.com\/it\/2013\/02\/15-febbraio-2003-15-febbraio-2013\/#primaryimage\",\"url\":\"https:\/\/www.pressenza.com\/wp-content\/uploads\/2013\/02\/roma-15-febbraio-2003.jpg\",\"contentUrl\":\"https:\/\/www.pressenza.com\/wp-content\/uploads\/2013\/02\/roma-15-febbraio-2003.jpg\",\"width\":200,\"height\":150},{\"@type\":\"BreadcrumbList\",\"@id\":\"https:\/\/www.pressenza.com\/it\/2013\/02\/15-febbraio-2003-15-febbraio-2013\/#breadcrumb\",\"itemListElement\":[{\"@type\":\"ListItem\",\"position\":1,\"name\":\"Accueil\",\"item\":\"https:\/\/www.pressenza.com\/it\/\"},{\"@type\":\"ListItem\",\"position\":2,\"name\":\"15 febbraio 2003 \u2013 15 febbraio 2013\"}]},{\"@type\":\"WebSite\",\"@id\":\"https:\/\/www.pressenza.com\/it\/#website\",\"url\":\"https:\/\/www.pressenza.com\/it\/\",\"name\":\"Pressenza\",\"description\":\"Agenzia di Stampa Internazionale\",\"publisher\":{\"@id\":\"https:\/\/www.pressenza.com\/it\/#organization\"},\"potentialAction\":[{\"@type\":\"SearchAction\",\"target\":{\"@type\":\"EntryPoint\",\"urlTemplate\":\"https:\/\/www.pressenza.com\/it\/?s={search_term_string}\"},\"query-input\":{\"@type\":\"PropertyValueSpecification\",\"valueRequired\":true,\"valueName\":\"search_term_string\"}}],\"inLanguage\":\"it-IT\"},{\"@type\":\"Organization\",\"@id\":\"https:\/\/www.pressenza.com\/it\/#organization\",\"name\":\"Pressenza\",\"url\":\"https:\/\/www.pressenza.com\/it\/\",\"logo\":{\"@type\":\"ImageObject\",\"inLanguage\":\"it-IT\",\"@id\":\"https:\/\/www.pressenza.com\/it\/#\/schema\/logo\/image\/\",\"url\":\"https:\/\/www.pressenza.com\/wp-content\/uploads\/2022\/10\/pressenza_logo_200x200.jpg\",\"contentUrl\":\"https:\/\/www.pressenza.com\/wp-content\/uploads\/2022\/10\/pressenza_logo_200x200.jpg\",\"width\":200,\"height\":200,\"caption\":\"Pressenza\"},\"image\":{\"@id\":\"https:\/\/www.pressenza.com\/it\/#\/schema\/logo\/image\/\"},\"sameAs\":[\"https:\/\/www.facebook.com\/PressenzaItalia\",\"https:\/\/x.com\/PressenzaIPA\"]},{\"@type\":\"Person\",\"@id\":\"https:\/\/www.pressenza.com\/it\/#\/schema\/person\/f361ce2dfe3d4331d5ae6840551ffe67\",\"name\":\"Anna Polo\",\"description\":\"Impegnata per anni nel campo della pace e della nonviolenza, ha fatto parte dell'equipe relazioni della Marcia Mondiale per la Pace e la Nonviolenza e in seguito di Mondo senza guerre e senza violenza. Attualmente partecipa alla redazione italiana di Pressenza e si occupa principalmente del tema migrazioni, pubblicando articoli e interviste e organizzando eventi.\",\"url\":\"https:\/\/www.pressenza.com\/it\/author\/anna-polo\/\"}]}<\/script>\n<!-- \/ Yoast SEO plugin. -->","yoast_head_json":{"title":"15 febbraio 2003 \u2013 15 febbraio 2013","description":"Dieci anni fa, il 15 febbraio 2003, \u00a0oltre cento milioni di persone \u00a0in decine di paesi scesero in piazza per dire no alla guerra in Iraq. Il New York","robots":{"index":"index","follow":"follow","max-snippet":"max-snippet:-1","max-image-preview":"max-image-preview:large","max-video-preview":"max-video-preview:-1"},"canonical":"https:\/\/www.pressenza.com\/it\/2013\/02\/15-febbraio-2003-15-febbraio-2013\/","og_locale":"it_IT","og_type":"article","og_title":"15 febbraio 2003 \u2013 15 febbraio 2013","og_description":"Dieci anni fa, il 15 febbraio 2003, \u00a0oltre cento milioni di persone \u00a0in decine di paesi scesero in piazza per dire no alla guerra in Iraq. Il New York","og_url":"https:\/\/www.pressenza.com\/it\/2013\/02\/15-febbraio-2003-15-febbraio-2013\/","og_site_name":"Pressenza","article_publisher":"https:\/\/www.facebook.com\/PressenzaItalia","article_published_time":"2013-02-15T19:51:55+00:00","article_modified_time":"2013-02-15T20:08:58+00:00","og_image":[{"width":200,"height":150,"url":"https:\/\/www.pressenza.com\/wp-content\/uploads\/2013\/02\/roma-15-febbraio-2003.jpg","type":"image\/jpeg"}],"author":"Anna Polo","twitter_card":"summary_large_image","twitter_creator":"@PressenzaIPA","twitter_site":"@PressenzaIPA","twitter_misc":{"Scritto da":"Anna Polo","Tempo di lettura stimato":"2 minuti"},"schema":{"@context":"https:\/\/schema.org","@graph":[{"@type":"Article","@id":"https:\/\/www.pressenza.com\/it\/2013\/02\/15-febbraio-2003-15-febbraio-2013\/#article","isPartOf":{"@id":"https:\/\/www.pressenza.com\/it\/2013\/02\/15-febbraio-2003-15-febbraio-2013\/"},"author":{"name":"Anna Polo","@id":"https:\/\/www.pressenza.com\/it\/#\/schema\/person\/f361ce2dfe3d4331d5ae6840551ffe67"},"headline":"15 febbraio 2003 \u2013 15 febbraio 2013","datePublished":"2013-02-15T19:51:55+00:00","dateModified":"2013-02-15T20:08:58+00:00","mainEntityOfPage":{"@id":"https:\/\/www.pressenza.com\/it\/2013\/02\/15-febbraio-2003-15-febbraio-2013\/"},"wordCount":499,"publisher":{"@id":"https:\/\/www.pressenza.com\/it\/#organization"},"image":{"@id":"https:\/\/www.pressenza.com\/it\/2013\/02\/15-febbraio-2003-15-febbraio-2013\/#primaryimage"},"thumbnailUrl":"https:\/\/www.pressenza.com\/wp-content\/uploads\/2013\/02\/roma-15-febbraio-2003.jpg","keywords":["guerra in iraq","indignati","manifestazioni per la pace","Marcia Mondiale per la Pace e la Nonviolenza","Occupy"],"articleSection":["Nonviolenza","Opinioni","Pace e Disarmo"],"inLanguage":"it-IT"},{"@type":"WebPage","@id":"https:\/\/www.pressenza.com\/it\/2013\/02\/15-febbraio-2003-15-febbraio-2013\/","url":"https:\/\/www.pressenza.com\/it\/2013\/02\/15-febbraio-2003-15-febbraio-2013\/","name":"15 febbraio 2003 \u2013 15 febbraio 2013","isPartOf":{"@id":"https:\/\/www.pressenza.com\/it\/#website"},"primaryImageOfPage":{"@id":"https:\/\/www.pressenza.com\/it\/2013\/02\/15-febbraio-2003-15-febbraio-2013\/#primaryimage"},"image":{"@id":"https:\/\/www.pressenza.com\/it\/2013\/02\/15-febbraio-2003-15-febbraio-2013\/#primaryimage"},"thumbnailUrl":"https:\/\/www.pressenza.com\/wp-content\/uploads\/2013\/02\/roma-15-febbraio-2003.jpg","datePublished":"2013-02-15T19:51:55+00:00","dateModified":"2013-02-15T20:08:58+00:00","description":"Dieci anni fa, il 15 febbraio 2003, \u00a0oltre cento milioni di persone \u00a0in decine di paesi scesero in piazza per dire no alla guerra in Iraq. Il New York","breadcrumb":{"@id":"https:\/\/www.pressenza.com\/it\/2013\/02\/15-febbraio-2003-15-febbraio-2013\/#breadcrumb"},"inLanguage":"it-IT","potentialAction":[{"@type":"ReadAction","target":["https:\/\/www.pressenza.com\/it\/2013\/02\/15-febbraio-2003-15-febbraio-2013\/"]}]},{"@type":"ImageObject","inLanguage":"it-IT","@id":"https:\/\/www.pressenza.com\/it\/2013\/02\/15-febbraio-2003-15-febbraio-2013\/#primaryimage","url":"https:\/\/www.pressenza.com\/wp-content\/uploads\/2013\/02\/roma-15-febbraio-2003.jpg","contentUrl":"https:\/\/www.pressenza.com\/wp-content\/uploads\/2013\/02\/roma-15-febbraio-2003.jpg","width":200,"height":150},{"@type":"BreadcrumbList","@id":"https:\/\/www.pressenza.com\/it\/2013\/02\/15-febbraio-2003-15-febbraio-2013\/#breadcrumb","itemListElement":[{"@type":"ListItem","position":1,"name":"Accueil","item":"https:\/\/www.pressenza.com\/it\/"},{"@type":"ListItem","position":2,"name":"15 febbraio 2003 \u2013 15 febbraio 2013"}]},{"@type":"WebSite","@id":"https:\/\/www.pressenza.com\/it\/#website","url":"https:\/\/www.pressenza.com\/it\/","name":"Pressenza","description":"Agenzia di Stampa Internazionale","publisher":{"@id":"https:\/\/www.pressenza.com\/it\/#organization"},"potentialAction":[{"@type":"SearchAction","target":{"@type":"EntryPoint","urlTemplate":"https:\/\/www.pressenza.com\/it\/?s={search_term_string}"},"query-input":{"@type":"PropertyValueSpecification","valueRequired":true,"valueName":"search_term_string"}}],"inLanguage":"it-IT"},{"@type":"Organization","@id":"https:\/\/www.pressenza.com\/it\/#organization","name":"Pressenza","url":"https:\/\/www.pressenza.com\/it\/","logo":{"@type":"ImageObject","inLanguage":"it-IT","@id":"https:\/\/www.pressenza.com\/it\/#\/schema\/logo\/image\/","url":"https:\/\/www.pressenza.com\/wp-content\/uploads\/2022\/10\/pressenza_logo_200x200.jpg","contentUrl":"https:\/\/www.pressenza.com\/wp-content\/uploads\/2022\/10\/pressenza_logo_200x200.jpg","width":200,"height":200,"caption":"Pressenza"},"image":{"@id":"https:\/\/www.pressenza.com\/it\/#\/schema\/logo\/image\/"},"sameAs":["https:\/\/www.facebook.com\/PressenzaItalia","https:\/\/x.com\/PressenzaIPA"]},{"@type":"Person","@id":"https:\/\/www.pressenza.com\/it\/#\/schema\/person\/f361ce2dfe3d4331d5ae6840551ffe67","name":"Anna Polo","description":"Impegnata per anni nel campo della pace e della nonviolenza, ha fatto parte dell'equipe relazioni della Marcia Mondiale per la Pace e la Nonviolenza e in seguito di Mondo senza guerre e senza violenza. Attualmente partecipa alla redazione italiana di Pressenza e si occupa principalmente del tema migrazioni, pubblicando articoli e interviste e organizzando eventi.","url":"https:\/\/www.pressenza.com\/it\/author\/anna-polo\/"}]}},"place":"Milano","original_article_url":"","_links":{"self":[{"href":"https:\/\/www.pressenza.com\/it\/wp-json\/wp\/v2\/posts\/38565","targetHints":{"allow":["GET"]}}],"collection":[{"href":"https:\/\/www.pressenza.com\/it\/wp-json\/wp\/v2\/posts"}],"about":[{"href":"https:\/\/www.pressenza.com\/it\/wp-json\/wp\/v2\/types\/post"}],"author":[{"embeddable":true,"href":"https:\/\/www.pressenza.com\/it\/wp-json\/wp\/v2\/users\/500"}],"replies":[{"embeddable":true,"href":"https:\/\/www.pressenza.com\/it\/wp-json\/wp\/v2\/comments?post=38565"}],"version-history":[{"count":0,"href":"https:\/\/www.pressenza.com\/it\/wp-json\/wp\/v2\/posts\/38565\/revisions"}],"wp:featuredmedia":[{"embeddable":true,"href":"https:\/\/www.pressenza.com\/it\/wp-json\/wp\/v2\/media\/38566"}],"wp:attachment":[{"href":"https:\/\/www.pressenza.com\/it\/wp-json\/wp\/v2\/media?parent=38565"}],"wp:term":[{"taxonomy":"category","embeddable":true,"href":"https:\/\/www.pressenza.com\/it\/wp-json\/wp\/v2\/categories?post=38565"},{"taxonomy":"post_tag","embeddable":true,"href":"https:\/\/www.pressenza.com\/it\/wp-json\/wp\/v2\/tags?post=38565"}],"curies":[{"name":"wp","href":"https:\/\/api.w.org\/{rel}","templated":true}]}}