{"id":3853,"date":"2010-08-25T00:00:00","date_gmt":"2010-08-25T00:00:00","guid":{"rendered":""},"modified":"2010-08-31T16:42:52","modified_gmt":"2010-08-31T16:42:52","slug":"intervista-a-a-ramon-llanquileox-prigioniero-politico-mapuche-in-sciopero-della-fame","status":"publish","type":"post","link":"https:\/\/www.pressenza.com\/it\/2010\/08\/intervista-a-a-ramon-llanquileox-prigioniero-politico-mapuche-in-sciopero-della-fame\/","title":{"rendered":"Intervista a a Ram\u00f2n Llanquileo, prigioniero pol\u00edtico mapuche in sciopero della fame"},"content":{"rendered":"<p>Intervista a Ram\u00f2n Llanquileo, giovane agricoltore della Puerto Choque, imprigionato da aprile 2009.<\/p>\n<p>Mentre scriviamo quest\u2019intervista, sono passati pi\u00f9 di trenta giorni di sciopero della fame, dieci kili persi e nemmeno una risposta dal governo. Ci sono state manifestazioni in tutto il Cile e all\u2019estero, e sono annunciate ulteriori mobilitazioni. Ram\u00f2n risponde con precisione, non una parola di pi\u00f9 ne\u2019 una di meno, come se stesse dettando un memoriale. Non parla solo per s\u00e9, nelle sue risposte cerca di esprimere il sentimento dei suoi compagni in sciopero, molti di loro appartenenti alla Coordinadora Arauco Malleco (CAM).<\/p>\n<p>**-Perch\u00e9  lo sciopero della fame?**<\/p>\n<p>\u201cIn primo luogo, per esigere che non si applichi la Legge Antiterrorista alla causa mapuche. In secondo luogo, che non venga applicato il processo tramite  Giustizia Militare. Come mapuche e come civili non abbiamo la garanzia di una difesa giusta, dal momento che il Pubblico Ministero agisce come accusa e giudice. Inoltre, ci stanno processando attraverso due giustizie, militare e civile. In definitiva, quello che vogliamo \u00e8 la garanzia di un processo giusto. Per finire, chiediamo la libert\u00e0 per i prigionieri politici mapuche e la smilitarizzazione del territorio mapuche\u201d.<\/p>\n<p>**- Quali sono le ragioni della sua incarcerazione?**<\/p>\n<p>\u201c E\u2019 dovuta a pressioni dell\u2019imprenditoria. Lo Stato Cileno ha solo garantito gli investimenti degli imprenditori senza rispettare i diritti del popolo mapuche\u201d.<\/p>\n<p>**-Ma, di cosa vi accusano?** <\/p>\n<p>\u201cDell\u2019attacco al  Pubblico Ministero  Elgueta\u201d.<\/p>\n<p>**- E voi cosa dite a riguardo?**<\/p>\n<p>\u201c E\u2019 stato  lo scontro condotto da  una comunit\u00e0 in conflitto, si \u00e8 trattato di autodifesa\u201d.<\/p>\n<p>**-Perch\u00e9  non dovete essere giudicati con la Legge Antiterrorista?**<\/p>\n<p>\u201c Perch\u00e9 la Legge  \u00e8 opera di Pinochet, \u00e8 stata fatta durante la dittatura per reprimere i movimenti e le organizzazioni sociali, questo \u00e8 il suo senso, e per lo stesso motivo, a questo punto con la \u201cdemocrazia\u201d e tutte queste parafernalia, non si dovrebbe applicare, specialmente considerando i reclami sociali della gente. Inoltre, perch\u00e9 il fatto che il governo abbia continuato ad applicare questa legge \u00e8 chiaramente  una difesa  degli interessi dell\u2019imprenditoria internazionale e del libero mercato che  vige nel paese. Per questo ricorrono a queste leggi. Questa \u00e8 la vera ragione della  nostra incarcerazione\u201d.<\/p>\n<p>**-Cosa pensate della stampa e di come si \u00e8 occupata del tema?**\t<\/p>\n<p>\u201cLa stampa di Destra non ha detto niente, come c\u2019era da aspettarsi. A livello internazionale \u00e8 stata dato spazio al tema, ma solo a titolo informativo\u201d.<\/p>\n<p>**-Qual\u2019\u00e8 la sua relazione con la terra?**<\/p>\n<p>\u201c Siamo uno (essere, ndt)  fra tanti  sulla terra e nel mondo. Essa \u00e8 nostra madre e non possiamo disporre di lei e sfruttarla pi\u00f9 del dovuto. Dobbiamo cercare di recuperarla e fare cos\u00ec un uso razionale della terra. Se non facciamo cos\u00ec, ci convertiamo in un huinca(1) dei tanti\u201d. <\/p>\n<p>**-Cosa sta succedendo con la gente che ha comprato terre in zone mapuche, possiede  dei fondi, ecc, e sono mostrati dalla stampa come vittime  di sequestro da parte dei mapuche?**<\/p>\n<p>\u201c Il mondo mapuche \u00e8 ampio, grande, c\u2019\u00e8 gente che ha  preferito  entrare in un processo di recupero, nel quale si scontrano con questa gente. Per\u00f2 noi (CAM) non lo condividiamo. Crediamo che non valga la pena di litigare con loro.<\/p>\n<p>La nostra lotta \u00e8 contro le industrie forestali e minerarie che si installano in quelle zone. Nella zona di Lleu Lleu per lo meno, ci troviamo di fronte a problemi relativi alla propriet\u00e0 dell\u2019acqua e alle politiche di sviluppo che lo Stato  intende  avviare nel Wall Mapu\u201d.<\/p>\n<p>**- Avete ricevuto appoggio?**<br \/>\n\u201cS\u00ec,  dalla famiglia e da organizzazioni sociali, ma si pu\u00f2 fare una critica ai settori popolari di sinistra: loro si sono mantenuti al margine, in silenzio; e chi  guarda in silenzio \u00e8 complice. Si sono coinvolti solo quelli che cercano di trarne qualche  profitto politico\u201d.<\/p>\n<p>**- Quali sono in generale le richieste del popolo mapuche?**<\/p>\n<p>\u201cRecuperare i territori usurpati e con questo anelare ad un processo di ricostruzione nazionale. Per noi \u00e8 semplice, noi recuperiamo un territorio e su di esso ricostruiamo la nostra cultura e religiosit\u00e0\u201d. <\/p>\n<p>**-Com\u2019\u00e8 la realt\u00e0 delle comunit\u00e0 mapuche?**<\/p>\n<p>\u201cDifficile e differenziata. In molti casi prospettare la ricostruzione del nostro popolo genera  delle reazioni, molti si sentono cileni. Vogliamo e dobbiamo fare in modo che risorga il popolo mapuche, con identit\u00e0, unit\u00e0 e religione. Alla fine \u00e8  una sfida tra imprenditoria, Stato e popolo mapuche\u201d. <\/p>\n<p>**- Riguardo al processo, cos\u2019\u00e8 successo?** <\/p>\n<p>\u201c Dura da un anno e tre mesi. Il processo \u00e8 viziato, giacch\u00e9 secondo la Legge Antiterrorista si possono usare testimoni  a volto coperto, che noi non conosciamo e che inoltre possono usare versioni di terzi. Quando  si sono sgretolate le accuse, ci hanno di nuovo mandato l\u2019avviso di garanzia(2). Ma \u00e8 stato invalidato anche quello, perch\u00e9 alcune delle persone sotto indagine sono riuscite a dimostrare che non erano sul posto, uscendo con misure cautelative, e sono ancora in attesa del processo\u201d.<\/p>\n<p>**-E voi cosa vi aspettate dal processo?**<br \/>\n&#8220;In relazione a come \u00e8 stato gestito il processo speriamo di dimostrare tecnicamente la nostra innocenza. Politicamente per\u00f2 sappiamo che la ragione della nostra incarcerazione \u00e8 l&#8217;aver portato avanti un confronto con gli interessi economici della zona\u201d. <\/p>\n<p>(1) Huinca: termine di derivazione mapuche per indicare in generale gli stranieri come non appartenenti al popolo mapuche e con connotazione di invasori e ostili.<\/p>\n<p>(2) Procedimento che nel sistema giuridico cileno si definisce \u201cformalizaci\u00f2n\u201d, comparabile con l&#8217; avviso di garanzia.<\/p>\n<p>Traduzione dallo spagnolo di Giada Gentile <\/p>\n","protected":false},"excerpt":{"rendered":"<p>L\u2019intervistato \u00e8 un giovane che non mangia da pi\u00f9 di un mese e che si trova da pi\u00f9 di un anno nel carcere El Manzano, senza  prove a suo carico. E\u2019 stato messo sotto processo con una legge, la Legge Antiterrorista, creata durante la dittatura per combattere le lotte sociali, che non d\u00e0 alcuna garanzia di un giudizio equo e molto usata dai governi \u201cdemocratici\u201d.<\/p>\n","protected":false},"author":19,"featured_media":0,"comment_status":"closed","ping_status":"open","sticky":false,"template":"","format":"standard","meta":{"footnotes":""},"categories":[157,61,48],"tags":[],"class_list":["post-3853","post","type-post","status-publish","format-standard","hentry","category-interviste","category-popoli-aborigeni","category-sud-america"],"yoast_head":"<!-- This site is optimized with the Yoast SEO plugin v27.1.1 - https:\/\/yoast.com\/product\/yoast-seo-wordpress\/ -->\n<title>Intervista a a Ram\u00f2n Llanquileo, prigioniero pol\u00edtico mapuche in sciopero della fame<\/title>\n<meta name=\"description\" content=\"L\u2019intervistato \u00e8 un giovane che non mangia da pi\u00f9 di un mese e che si trova da pi\u00f9 di un anno nel carcere El Manzano, senza prove a suo carico. E\u2019 stato messo sotto processo con una legge, la Legge Antiterrorista, creata durante la dittatura per combattere le lotte sociali, che non d\u00e0 alcuna garanzia di un giudizio equo e molto usata dai governi \u201cdemocratici\u201d.\" \/>\n<meta name=\"robots\" content=\"index, follow, max-snippet:-1, max-image-preview:large, max-video-preview:-1\" \/>\n<link rel=\"canonical\" href=\"https:\/\/www.pressenza.com\/it\/2010\/08\/intervista-a-a-ramon-llanquileox-prigioniero-politico-mapuche-in-sciopero-della-fame\/\" \/>\n<meta property=\"og:locale\" content=\"it_IT\" \/>\n<meta property=\"og:type\" content=\"article\" \/>\n<meta property=\"og:title\" content=\"Intervista a a Ram\u00f2n Llanquileo, prigioniero pol\u00edtico mapuche in sciopero della fame\" \/>\n<meta property=\"og:description\" content=\"L\u2019intervistato \u00e8 un giovane che non mangia da pi\u00f9 di un mese e che si trova da pi\u00f9 di un anno nel carcere El Manzano, senza prove a suo carico. E\u2019 stato messo sotto processo con una legge, la Legge Antiterrorista, creata durante la dittatura per combattere le lotte sociali, che non d\u00e0 alcuna garanzia di un giudizio equo e molto usata dai governi \u201cdemocratici\u201d.\" \/>\n<meta property=\"og:url\" content=\"https:\/\/www.pressenza.com\/it\/2010\/08\/intervista-a-a-ramon-llanquileox-prigioniero-politico-mapuche-in-sciopero-della-fame\/\" \/>\n<meta property=\"og:site_name\" content=\"Pressenza\" \/>\n<meta property=\"article:publisher\" content=\"https:\/\/www.facebook.com\/PressenzaItalia\" \/>\n<meta property=\"article:author\" content=\"https:\/\/www.facebook.com\/pressenza\" \/>\n<meta property=\"article:published_time\" content=\"2010-08-25T00:00:00+00:00\" \/>\n<meta property=\"article:modified_time\" content=\"2010-08-31T16:42:52+00:00\" \/>\n<meta name=\"author\" content=\"Pressenza IPA\" \/>\n<meta name=\"twitter:card\" content=\"summary_large_image\" \/>\n<meta name=\"twitter:creator\" content=\"@PressenzaIPA\" \/>\n<meta name=\"twitter:site\" content=\"@PressenzaIPA\" \/>\n<meta name=\"twitter:label1\" content=\"Scritto da\" \/>\n\t<meta name=\"twitter:data1\" content=\"Pressenza IPA\" \/>\n\t<meta name=\"twitter:label2\" content=\"Tempo di lettura stimato\" \/>\n\t<meta name=\"twitter:data2\" content=\"4 minuti\" \/>\n<script type=\"application\/ld+json\" class=\"yoast-schema-graph\">{\"@context\":\"https:\/\/schema.org\",\"@graph\":[{\"@type\":\"Article\",\"@id\":\"https:\/\/www.pressenza.com\/it\/2010\/08\/intervista-a-a-ramon-llanquileox-prigioniero-politico-mapuche-in-sciopero-della-fame\/#article\",\"isPartOf\":{\"@id\":\"https:\/\/www.pressenza.com\/it\/2010\/08\/intervista-a-a-ramon-llanquileox-prigioniero-politico-mapuche-in-sciopero-della-fame\/\"},\"author\":{\"name\":\"Pressenza IPA\",\"@id\":\"https:\/\/www.pressenza.com\/it\/#\/schema\/person\/010e5d02bcf40965427a1289a4cc8d75\"},\"headline\":\"Intervista a a Ram\u00f2n Llanquileo, prigioniero pol\u00edtico mapuche in sciopero della fame\",\"datePublished\":\"2010-08-25T00:00:00+00:00\",\"dateModified\":\"2010-08-31T16:42:52+00:00\",\"mainEntityOfPage\":{\"@id\":\"https:\/\/www.pressenza.com\/it\/2010\/08\/intervista-a-a-ramon-llanquileox-prigioniero-politico-mapuche-in-sciopero-della-fame\/\"},\"wordCount\":892,\"publisher\":{\"@id\":\"https:\/\/www.pressenza.com\/it\/#organization\"},\"articleSection\":[\"Interviste\",\"Popoli originari\",\"Sud America\"],\"inLanguage\":\"it-IT\"},{\"@type\":\"WebPage\",\"@id\":\"https:\/\/www.pressenza.com\/it\/2010\/08\/intervista-a-a-ramon-llanquileox-prigioniero-politico-mapuche-in-sciopero-della-fame\/\",\"url\":\"https:\/\/www.pressenza.com\/it\/2010\/08\/intervista-a-a-ramon-llanquileox-prigioniero-politico-mapuche-in-sciopero-della-fame\/\",\"name\":\"Intervista a a Ram\u00f2n Llanquileo, prigioniero pol\u00edtico mapuche in sciopero della fame\",\"isPartOf\":{\"@id\":\"https:\/\/www.pressenza.com\/it\/#website\"},\"datePublished\":\"2010-08-25T00:00:00+00:00\",\"dateModified\":\"2010-08-31T16:42:52+00:00\",\"description\":\"L\u2019intervistato \u00e8 un giovane che non mangia da pi\u00f9 di un mese e che si trova da pi\u00f9 di un anno nel carcere El Manzano, senza prove a suo carico. E\u2019 stato messo sotto processo con una legge, la Legge Antiterrorista, creata durante la dittatura per combattere le lotte sociali, che non d\u00e0 alcuna garanzia di un giudizio equo e molto usata dai governi \u201cdemocratici\u201d.\",\"breadcrumb\":{\"@id\":\"https:\/\/www.pressenza.com\/it\/2010\/08\/intervista-a-a-ramon-llanquileox-prigioniero-politico-mapuche-in-sciopero-della-fame\/#breadcrumb\"},\"inLanguage\":\"it-IT\",\"potentialAction\":[{\"@type\":\"ReadAction\",\"target\":[\"https:\/\/www.pressenza.com\/it\/2010\/08\/intervista-a-a-ramon-llanquileox-prigioniero-politico-mapuche-in-sciopero-della-fame\/\"]}]},{\"@type\":\"BreadcrumbList\",\"@id\":\"https:\/\/www.pressenza.com\/it\/2010\/08\/intervista-a-a-ramon-llanquileox-prigioniero-politico-mapuche-in-sciopero-della-fame\/#breadcrumb\",\"itemListElement\":[{\"@type\":\"ListItem\",\"position\":1,\"name\":\"Accueil\",\"item\":\"https:\/\/www.pressenza.com\/it\/\"},{\"@type\":\"ListItem\",\"position\":2,\"name\":\"Intervista a a Ram\u00f2n Llanquileo, prigioniero pol\u00edtico mapuche in sciopero della fame\"}]},{\"@type\":\"WebSite\",\"@id\":\"https:\/\/www.pressenza.com\/it\/#website\",\"url\":\"https:\/\/www.pressenza.com\/it\/\",\"name\":\"Pressenza\",\"description\":\"Agenzia di Stampa Internazionale\",\"publisher\":{\"@id\":\"https:\/\/www.pressenza.com\/it\/#organization\"},\"potentialAction\":[{\"@type\":\"SearchAction\",\"target\":{\"@type\":\"EntryPoint\",\"urlTemplate\":\"https:\/\/www.pressenza.com\/it\/?s={search_term_string}\"},\"query-input\":{\"@type\":\"PropertyValueSpecification\",\"valueRequired\":true,\"valueName\":\"search_term_string\"}}],\"inLanguage\":\"it-IT\"},{\"@type\":\"Organization\",\"@id\":\"https:\/\/www.pressenza.com\/it\/#organization\",\"name\":\"Pressenza\",\"url\":\"https:\/\/www.pressenza.com\/it\/\",\"logo\":{\"@type\":\"ImageObject\",\"inLanguage\":\"it-IT\",\"@id\":\"https:\/\/www.pressenza.com\/it\/#\/schema\/logo\/image\/\",\"url\":\"https:\/\/www.pressenza.com\/wp-content\/uploads\/2022\/10\/pressenza_logo_200x200.jpg\",\"contentUrl\":\"https:\/\/www.pressenza.com\/wp-content\/uploads\/2022\/10\/pressenza_logo_200x200.jpg\",\"width\":200,\"height\":200,\"caption\":\"Pressenza\"},\"image\":{\"@id\":\"https:\/\/www.pressenza.com\/it\/#\/schema\/logo\/image\/\"},\"sameAs\":[\"https:\/\/www.facebook.com\/PressenzaItalia\",\"https:\/\/x.com\/PressenzaIPA\"]},{\"@type\":\"Person\",\"@id\":\"https:\/\/www.pressenza.com\/it\/#\/schema\/person\/010e5d02bcf40965427a1289a4cc8d75\",\"name\":\"Pressenza IPA\",\"description\":\"News from Pressenza IPA correspondents\",\"sameAs\":[\"https:\/\/www.facebook.com\/pressenza\",\"https:\/\/x.com\/PressenzaIPA\"],\"url\":\"https:\/\/www.pressenza.com\/it\/author\/pressenza-ipa\/\"}]}<\/script>\n<!-- \/ Yoast SEO plugin. -->","yoast_head_json":{"title":"Intervista a a Ram\u00f2n Llanquileo, prigioniero pol\u00edtico mapuche in sciopero della fame","description":"L\u2019intervistato \u00e8 un giovane che non mangia da pi\u00f9 di un mese e che si trova da pi\u00f9 di un anno nel carcere El Manzano, senza prove a suo carico. E\u2019 stato messo sotto processo con una legge, la Legge Antiterrorista, creata durante la dittatura per combattere le lotte sociali, che non d\u00e0 alcuna garanzia di un giudizio equo e molto usata dai governi \u201cdemocratici\u201d.","robots":{"index":"index","follow":"follow","max-snippet":"max-snippet:-1","max-image-preview":"max-image-preview:large","max-video-preview":"max-video-preview:-1"},"canonical":"https:\/\/www.pressenza.com\/it\/2010\/08\/intervista-a-a-ramon-llanquileox-prigioniero-politico-mapuche-in-sciopero-della-fame\/","og_locale":"it_IT","og_type":"article","og_title":"Intervista a a Ram\u00f2n Llanquileo, prigioniero pol\u00edtico mapuche in sciopero della fame","og_description":"L\u2019intervistato \u00e8 un giovane che non mangia da pi\u00f9 di un mese e che si trova da pi\u00f9 di un anno nel carcere El Manzano, senza prove a suo carico. E\u2019 stato messo sotto processo con una legge, la Legge Antiterrorista, creata durante la dittatura per combattere le lotte sociali, che non d\u00e0 alcuna garanzia di un giudizio equo e molto usata dai governi \u201cdemocratici\u201d.","og_url":"https:\/\/www.pressenza.com\/it\/2010\/08\/intervista-a-a-ramon-llanquileox-prigioniero-politico-mapuche-in-sciopero-della-fame\/","og_site_name":"Pressenza","article_publisher":"https:\/\/www.facebook.com\/PressenzaItalia","article_author":"https:\/\/www.facebook.com\/pressenza","article_published_time":"2010-08-25T00:00:00+00:00","article_modified_time":"2010-08-31T16:42:52+00:00","author":"Pressenza IPA","twitter_card":"summary_large_image","twitter_creator":"@PressenzaIPA","twitter_site":"@PressenzaIPA","twitter_misc":{"Scritto da":"Pressenza IPA","Tempo di lettura stimato":"4 minuti"},"schema":{"@context":"https:\/\/schema.org","@graph":[{"@type":"Article","@id":"https:\/\/www.pressenza.com\/it\/2010\/08\/intervista-a-a-ramon-llanquileox-prigioniero-politico-mapuche-in-sciopero-della-fame\/#article","isPartOf":{"@id":"https:\/\/www.pressenza.com\/it\/2010\/08\/intervista-a-a-ramon-llanquileox-prigioniero-politico-mapuche-in-sciopero-della-fame\/"},"author":{"name":"Pressenza IPA","@id":"https:\/\/www.pressenza.com\/it\/#\/schema\/person\/010e5d02bcf40965427a1289a4cc8d75"},"headline":"Intervista a a Ram\u00f2n Llanquileo, prigioniero pol\u00edtico mapuche in sciopero della fame","datePublished":"2010-08-25T00:00:00+00:00","dateModified":"2010-08-31T16:42:52+00:00","mainEntityOfPage":{"@id":"https:\/\/www.pressenza.com\/it\/2010\/08\/intervista-a-a-ramon-llanquileox-prigioniero-politico-mapuche-in-sciopero-della-fame\/"},"wordCount":892,"publisher":{"@id":"https:\/\/www.pressenza.com\/it\/#organization"},"articleSection":["Interviste","Popoli originari","Sud America"],"inLanguage":"it-IT"},{"@type":"WebPage","@id":"https:\/\/www.pressenza.com\/it\/2010\/08\/intervista-a-a-ramon-llanquileox-prigioniero-politico-mapuche-in-sciopero-della-fame\/","url":"https:\/\/www.pressenza.com\/it\/2010\/08\/intervista-a-a-ramon-llanquileox-prigioniero-politico-mapuche-in-sciopero-della-fame\/","name":"Intervista a a Ram\u00f2n Llanquileo, prigioniero pol\u00edtico mapuche in sciopero della fame","isPartOf":{"@id":"https:\/\/www.pressenza.com\/it\/#website"},"datePublished":"2010-08-25T00:00:00+00:00","dateModified":"2010-08-31T16:42:52+00:00","description":"L\u2019intervistato \u00e8 un giovane che non mangia da pi\u00f9 di un mese e che si trova da pi\u00f9 di un anno nel carcere El Manzano, senza prove a suo carico. E\u2019 stato messo sotto processo con una legge, la Legge Antiterrorista, creata durante la dittatura per combattere le lotte sociali, che non d\u00e0 alcuna garanzia di un giudizio equo e molto usata dai governi \u201cdemocratici\u201d.","breadcrumb":{"@id":"https:\/\/www.pressenza.com\/it\/2010\/08\/intervista-a-a-ramon-llanquileox-prigioniero-politico-mapuche-in-sciopero-della-fame\/#breadcrumb"},"inLanguage":"it-IT","potentialAction":[{"@type":"ReadAction","target":["https:\/\/www.pressenza.com\/it\/2010\/08\/intervista-a-a-ramon-llanquileox-prigioniero-politico-mapuche-in-sciopero-della-fame\/"]}]},{"@type":"BreadcrumbList","@id":"https:\/\/www.pressenza.com\/it\/2010\/08\/intervista-a-a-ramon-llanquileox-prigioniero-politico-mapuche-in-sciopero-della-fame\/#breadcrumb","itemListElement":[{"@type":"ListItem","position":1,"name":"Accueil","item":"https:\/\/www.pressenza.com\/it\/"},{"@type":"ListItem","position":2,"name":"Intervista a a Ram\u00f2n Llanquileo, prigioniero pol\u00edtico mapuche in sciopero della fame"}]},{"@type":"WebSite","@id":"https:\/\/www.pressenza.com\/it\/#website","url":"https:\/\/www.pressenza.com\/it\/","name":"Pressenza","description":"Agenzia di Stampa Internazionale","publisher":{"@id":"https:\/\/www.pressenza.com\/it\/#organization"},"potentialAction":[{"@type":"SearchAction","target":{"@type":"EntryPoint","urlTemplate":"https:\/\/www.pressenza.com\/it\/?s={search_term_string}"},"query-input":{"@type":"PropertyValueSpecification","valueRequired":true,"valueName":"search_term_string"}}],"inLanguage":"it-IT"},{"@type":"Organization","@id":"https:\/\/www.pressenza.com\/it\/#organization","name":"Pressenza","url":"https:\/\/www.pressenza.com\/it\/","logo":{"@type":"ImageObject","inLanguage":"it-IT","@id":"https:\/\/www.pressenza.com\/it\/#\/schema\/logo\/image\/","url":"https:\/\/www.pressenza.com\/wp-content\/uploads\/2022\/10\/pressenza_logo_200x200.jpg","contentUrl":"https:\/\/www.pressenza.com\/wp-content\/uploads\/2022\/10\/pressenza_logo_200x200.jpg","width":200,"height":200,"caption":"Pressenza"},"image":{"@id":"https:\/\/www.pressenza.com\/it\/#\/schema\/logo\/image\/"},"sameAs":["https:\/\/www.facebook.com\/PressenzaItalia","https:\/\/x.com\/PressenzaIPA"]},{"@type":"Person","@id":"https:\/\/www.pressenza.com\/it\/#\/schema\/person\/010e5d02bcf40965427a1289a4cc8d75","name":"Pressenza IPA","description":"News from Pressenza IPA correspondents","sameAs":["https:\/\/www.facebook.com\/pressenza","https:\/\/x.com\/PressenzaIPA"],"url":"https:\/\/www.pressenza.com\/it\/author\/pressenza-ipa\/"}]}},"place":"Santiago","original_article_url":"","_links":{"self":[{"href":"https:\/\/www.pressenza.com\/it\/wp-json\/wp\/v2\/posts\/3853","targetHints":{"allow":["GET"]}}],"collection":[{"href":"https:\/\/www.pressenza.com\/it\/wp-json\/wp\/v2\/posts"}],"about":[{"href":"https:\/\/www.pressenza.com\/it\/wp-json\/wp\/v2\/types\/post"}],"author":[{"embeddable":true,"href":"https:\/\/www.pressenza.com\/it\/wp-json\/wp\/v2\/users\/19"}],"replies":[{"embeddable":true,"href":"https:\/\/www.pressenza.com\/it\/wp-json\/wp\/v2\/comments?post=3853"}],"version-history":[{"count":0,"href":"https:\/\/www.pressenza.com\/it\/wp-json\/wp\/v2\/posts\/3853\/revisions"}],"wp:attachment":[{"href":"https:\/\/www.pressenza.com\/it\/wp-json\/wp\/v2\/media?parent=3853"}],"wp:term":[{"taxonomy":"category","embeddable":true,"href":"https:\/\/www.pressenza.com\/it\/wp-json\/wp\/v2\/categories?post=3853"},{"taxonomy":"post_tag","embeddable":true,"href":"https:\/\/www.pressenza.com\/it\/wp-json\/wp\/v2\/tags?post=3853"}],"curies":[{"name":"wp","href":"https:\/\/api.w.org\/{rel}","templated":true}]}}