{"id":380934,"date":"2016-10-10T13:15:33","date_gmt":"2016-10-10T12:15:33","guid":{"rendered":"http:\/\/www.pressenza.com\/it\/?p=380934"},"modified":"2016-10-10T22:20:51","modified_gmt":"2016-10-10T21:20:51","slug":"dal-nepal-ad-amatrice-7000-chilometri-solidarieta-amore","status":"publish","type":"post","link":"https:\/\/www.pressenza.com\/it\/2016\/10\/dal-nepal-ad-amatrice-7000-chilometri-solidarieta-amore\/","title":{"rendered":"Dal Nepal ad Amatrice: 7000 chilometri di solidariet\u00e0 e amore"},"content":{"rendered":"<p style=\"text-align: justify;\"><span style=\"color: #800000;\"><em>Dall&#8217;altra parte del mondo per aiutare il paese italiano pi\u00f9 devastato dal recente terremoto. Il Nepal, a un anno dal &#8220;suo&#8221; sisma, si mobilita di fronte alla tragedia di Amatrice: \u00abConosciamo quell&#8217;angoscia\u00bb.<\/em><\/span><\/p>\n<p style=\"text-align: justify;\">Il primo giorno che ho camminato sulle macerie di un terremoto era il 7 novembre 2015, a Kathmandu, a oltre sei mesi dal terremoto che aveva messo in ginocchio l\u2019intera nazione.<\/p>\n<p style=\"text-align: justify;\">Il disastro sembrava accaduto pochi giorni prima. Ricordo le foglie degli alberi ancora ricoperte di uno strato di polvere, nonostante i monsoni e il tempo trascorso. Ricordo il suono dei miei passi sui detriti, e il rumore costante delle pietre lanciate gi\u00f9 per smantellare le case pericolanti. Ricordo me, sul tetto di una casa, ad ascoltare le parole di una signora, che raccontava di aver perso suo nipote di due anni qualche isolato pi\u00f9 avanti, sotto le macerie. E quel signore rimasto sepolto per sette ore, che oggi cammina con le stampelle. Ricordo gli occhi di Lakshmi, rimasta orfana insieme alla sorella minore. Costretta a diventare adulta nel giro di un istante maledetto.<\/p>\n<p style=\"text-align: justify;\">Ricordo di aver pianto e di non aver avuto parole sensate da dire, di non essere stata in grado di sostenere gli sguardi di molti di loro, perch\u00e9 parlavano di dolore, di paura, di disperazione, di un nulla improvviso che non c\u2019\u00e8 modo di riempire.<\/p>\n<p style=\"text-align: justify;\">Tre mesi di volontariato e la promessa che sarei ritornata, insieme al mio compagno Giuseppe. Cos\u00ec, quasi due mesi fa, da Kuala Lumpur, avevamo comprato un biglietto sola andata per Kathmandu. La mattina del 24 agosto mi sono svegliata, con la mente gi\u00e0 in Nepal, pronta per un altro lungo periodo di volontariato.<\/p>\n<p style=\"text-align: justify;\">Poi, il d\u00e9j\u00e0-vu: accendo il telefono, leggo le notizie: Terremoto scuote mezza Italia. Paesi distrutti. Decine di morti. Gente che scava. Amatrice. Accumuli. Pescara del Tronto. Arquata. E di nuovo quei maledetti numeri di vite e case distrutte, che aumentano col passare dei minuti e sembrano non fermarsi mai.<\/p>\n<p style=\"text-align: justify;\">Quelle foto di Amatrice completamente distrutta, i detriti, le case squarciate a met\u00e0, i volti delle persone coperte dalla polvere, e gli oggetti di vita quotidiana sparsi per le strade. Il senso di smarrimento \u00e8 talmente forte che io e Giuseppe non riusciamo neanche a parlarne.<\/p>\n<p style=\"text-align: justify;\">Il nostro pensiero corre ad un rapido controllo di tutti i nostri amici residenti fra Umbria, Marche e Lazio. Molti di loro sono corsi in strada. I loro profili Facebook parlano di corse gi\u00f9 per le scale, notti insonni, decine di scosse e quel \u201cl\u2019avete sentito anche voi?\u201d che rimbalza da una citt\u00e0 all\u2019altra, da Ravenna a Isernia, da Roma ad Ancona.<\/p>\n<p style=\"text-align: justify;\">E noi, da Kuala Lumpur, ad osservare confusi il peggiorare delle informazioni. Un ragazzo conosciuto in Nepal mentre operava come volontario soccorritore nei mesi successivi al terremoto, si trova ad Amatrice impegnato nelle operazioni di soccorso. Ci giungono i suoi racconti difficili, la stanchezza morale, oltre che fisica, nel fronteggiare il dramma giorno dopo giorno, senza sosta. Dalle sue parole percepiamo il dolore di un uomo che lotta contro il tempo e contro la morte. \u00c8 un calvario che si ripete. Una sofferenza che abbiamo respirato nell\u2019aria anche noi.<\/p>\n<p style=\"text-align: justify;\"><img loading=\"lazy\" decoding=\"async\" class=\"alignnone size-medium wp-image-380935\" src=\"http:\/\/www.pressenza.com\/wp-content\/uploads\/2016\/10\/nepal-300x200.jpg\" alt=\"nepal\" width=\"300\" height=\"200\" srcset=\"https:\/\/www.pressenza.com\/wp-content\/uploads\/2016\/10\/nepal-300x200.jpg 300w, https:\/\/www.pressenza.com\/wp-content\/uploads\/2016\/10\/nepal-768x512.jpg 768w, https:\/\/www.pressenza.com\/wp-content\/uploads\/2016\/10\/nepal-720x480.jpg 720w, https:\/\/www.pressenza.com\/wp-content\/uploads\/2016\/10\/nepal.jpg 1920w\" sizes=\"auto, (max-width: 300px) 100vw, 300px\" \/><\/p>\n<p style=\"text-align: justify;\">I primi messaggi di preoccupazione che riceviamo arrivano proprio dai nostri amici nepalesi. Ci chiedono delle nostre famiglie, vogliono sapere, capire cosa stia succedendo nella nostra terra. Rimango pietrificata da questo abbraccio che sentiamo stringerci addosso, da questo amore che arriva da un altro paese in ginocchio, da queste persone che ancora annaspano fra le macerie, e poi comprendo.<\/p>\n<p style=\"text-align: justify;\">Tragedie come queste ci riportano alla vera natura di ci\u00f2 che siamo: esseri umani, piccoli esseri umani che cercano di sopravvivere in qualche modo. Il dramma, la sofferenza, la perdita, lo smarrimento, sono tutti fattori capaci di eliminare ogni differenza o distanza. Quando si muore, o si perde tutto ci\u00f2 che si ha, siamo tutti una cosa sola, siamo tutti uguali.<\/p>\n<p style=\"text-align: justify;\">\u201cWe are many, we are one\u201d, dicono i nostri amici nepalesi: siamo tanti, ma siamo una cosa sola. Eccola qui, l\u2019umanit\u00e0 grande, immensa, di questo popolo.<\/p>\n<p style=\"text-align: justify;\">Umanit\u00e0 resa ancora pi\u00f9 grande, infinita direi, dalla decisione presa da <a href=\"http:\/\/www.jaynepal.org\">Jay Nepal Action Volunteers<\/a> , l\u2019associazione non governativa con la quale stiamo operando quaggi\u00f9, che ha devoluto gi\u00e0 da diverse settimane 1.000 euro al Comune di Amatrice.<\/p>\n<p style=\"text-align: justify;\"><img loading=\"lazy\" decoding=\"async\" class=\"alignnone size-medium wp-image-380942\" src=\"http:\/\/www.pressenza.com\/wp-content\/uploads\/2016\/10\/nepal1-300x200.jpg\" alt=\"nepal1\" width=\"300\" height=\"200\" srcset=\"https:\/\/www.pressenza.com\/wp-content\/uploads\/2016\/10\/nepal1-300x200.jpg 300w, https:\/\/www.pressenza.com\/wp-content\/uploads\/2016\/10\/nepal1-768x512.jpg 768w, https:\/\/www.pressenza.com\/wp-content\/uploads\/2016\/10\/nepal1-720x480.jpg 720w, https:\/\/www.pressenza.com\/wp-content\/uploads\/2016\/10\/nepal1.jpg 1812w\" sizes=\"auto, (max-width: 300px) 100vw, 300px\" \/><\/p>\n<p style=\"text-align: justify;\">I soldi verranno destinati alla ricostruzione della scuola \u201cRomolo Capranica\u201d, altra scelta simbolica per dare sostegno alla sofferenza e il disagio dei bambini di Amatrice, che come i bambini del villaggio di Bodgaun si sono trovati non solo senza case, ma anche senza una scuola.<\/p>\n<p style=\"text-align: justify;\">Per questa ragione sono anche stati raccolti, presso la scuola Shri Seti Devi del villaggio di Bodgaun, un centinaio di disegni realizzati da altrettanti bambini, che nelle prossime settimane verranno consegnati alla scuola di Amatrice da un gruppo di volontari di Jay Nepal.<\/p>\n<p style=\"text-align: justify;\">\u00c8 un gesto simbolico, ma \u00e8 anche un gesto concreto. Certo, mille euro per Amatrice non sono niente, ma per il Nepal sono un&#8217;enormit\u00e0.<\/p>\n<p style=\"text-align: justify;\">\u00c8 un gesto che racconta un messaggio potente. Dice che davanti al dolore e alla morte non ci sono distanze o differenze. Dice che solo chi ha vissuto la medesima tragedia, forse, pu\u00f2 davvero comprendere quel senso di vuoto, di perdita, di smarrimento, di disintegrazione, di nulla. Dice che ognuno di noi pu\u00f2 fare qualcosa, anche di piccolo. Perch\u00e9 niente \u00e8 piccolo di fronte al dramma.<\/p>\n<p style=\"text-align: justify;\">In un mondo dove ci si fa la guerra, dove si tende a privilegiare le differenze anzich\u00e9 sviluppare l&#8217;unit\u00e0, dove ci sono vittime di serie A e di serie B, e dove ognuno tende a prendersi cura solo del proprio dolore, e dove le dinamiche di potere strumentalizzano le tragedie solo per i propri interessi, questo gesto vuole semplicemente significare che siamo tutti uguali. E che questo mondo ha bisogno di tanta umanit\u00e0.<\/p>\n<p style=\"text-align: justify;\">Imparare a guardare negli occhi del prossimo e trovarci la stessa sofferenza, paura, frustrazione.<\/p>\n<p style=\"text-align: justify;\">Alimentare un senso profondo di umanit\u00e0, questo \u00e8 quello che veramente occorre fare, e questo \u00e8 il vero significato di questo gesto. Privarsi di una parte di sostegno per aiutare altre persone in difficolt\u00e0.<\/p>\n<p style=\"text-align: justify;\">Sono venuta qui in Nepal per aiutare, per dare il mio contributo a questo popolo che aveva perso la speranza. E oggi che la mia nazione \u00e8 soffocata, per l\u2019ennesima volta, dalle macerie e dal dolore, ricevo indietro da questo stesso popolo un segnale di speranza e una lezione di vita.<\/p>\n<p style=\"text-align: justify;\">Torniamo umani, restiamo uniti.<\/p>\n<p style=\"text-align: justify;\">A <a href=\"https:\/\/www.facebook.com\/photo.php?fbid=10154291163630943&amp;set=gm.1011853455580688&amp;type=3&amp;theater\">questo link la dichiarazione<\/a> di Alberto Luzzi, uno dei fondatori di Jay Nepal, che il 26 agosto 2016, da Roma, ha ufficializzato la decisione della NGO nepalese di sostenere la scuola di Amatrice con un aiuto concreto:<\/p>\n<p><em>Nella foto: i bambini del villaggio di Bodgaun, dove Jay Nepal sta operando da pi\u00f9 di un anno, insieme a due dei volontari italiani in missione per ultimare le analisi relative al nuovo terreno su cui sorgeranno due nuove classi, una libreria e un laboratorio di scienze per la Shri Seti Devi School<\/em><\/p>\n","protected":false},"excerpt":{"rendered":"<p>Dall&#8217;altra parte del mondo per aiutare il paese italiano pi\u00f9 devastato dal recente terremoto. Il Nepal, a un anno dal &#8220;suo&#8221; sisma, si mobilita di fronte alla tragedia di Amatrice: \u00abConosciamo quell&#8217;angoscia\u00bb. Il primo giorno che ho camminato sulle macerie&hellip;<\/p>\n","protected":false},"author":665,"featured_media":380942,"comment_status":"closed","ping_status":"closed","sticky":false,"template":"","format":"standard","meta":{"footnotes":""},"categories":[46,56,60,47,162],"tags":[30071,31413,1426,1634,1129],"class_list":["post-380934","post","type-post","status-publish","format-standard","has-post-thumbnail","hentry","category-asia-it","category-cultura","category-diritti-umani","category-europa","category-opinioni","tag-amatrice","tag-jay-nepal-action-volunteers","tag-nepal","tag-solidarieta","tag-terremoto"],"yoast_head":"<!-- This site is optimized with the Yoast SEO plugin v27.1.1 - https:\/\/yoast.com\/product\/yoast-seo-wordpress\/ -->\n<title>Dal Nepal ad Amatrice: 7000 chilometri di solidariet\u00e0 e amore<\/title>\n<meta name=\"description\" content=\"Dall&#039;altra parte del mondo per aiutare il paese italiano pi\u00f9 devastato dal recente terremoto. Il Nepal, a un anno dal &quot;suo&quot; sisma, si mobilita di fronte\" \/>\n<meta name=\"robots\" content=\"index, follow, max-snippet:-1, max-image-preview:large, max-video-preview:-1\" \/>\n<link rel=\"canonical\" href=\"https:\/\/www.pressenza.com\/it\/2016\/10\/dal-nepal-ad-amatrice-7000-chilometri-solidarieta-amore\/\" \/>\n<meta property=\"og:locale\" content=\"it_IT\" \/>\n<meta property=\"og:type\" content=\"article\" \/>\n<meta property=\"og:title\" content=\"Dal Nepal ad Amatrice: 7000 chilometri di solidariet\u00e0 e amore\" \/>\n<meta property=\"og:description\" content=\"Dall&#039;altra parte del mondo per aiutare il paese italiano pi\u00f9 devastato dal recente terremoto. Il Nepal, a un anno dal &quot;suo&quot; sisma, si mobilita di fronte\" \/>\n<meta property=\"og:url\" content=\"https:\/\/www.pressenza.com\/it\/2016\/10\/dal-nepal-ad-amatrice-7000-chilometri-solidarieta-amore\/\" \/>\n<meta property=\"og:site_name\" content=\"Pressenza\" \/>\n<meta property=\"article:publisher\" content=\"https:\/\/www.facebook.com\/PressenzaItalia\" \/>\n<meta property=\"article:author\" content=\"https:\/\/www.facebook.com\/ilcambiamento.it\" \/>\n<meta property=\"article:published_time\" content=\"2016-10-10T12:15:33+00:00\" \/>\n<meta property=\"article:modified_time\" content=\"2016-10-10T21:20:51+00:00\" \/>\n<meta property=\"og:image\" content=\"https:\/\/www.pressenza.com\/wp-content\/uploads\/2016\/10\/nepal1.jpg\" \/>\n\t<meta property=\"og:image:width\" content=\"1812\" \/>\n\t<meta property=\"og:image:height\" content=\"1209\" \/>\n\t<meta property=\"og:image:type\" content=\"image\/jpeg\" \/>\n<meta name=\"author\" content=\"Il Cambiamento\" \/>\n<meta name=\"twitter:card\" content=\"summary_large_image\" \/>\n<meta name=\"twitter:creator\" content=\"@Il_Cambiamento\" \/>\n<meta name=\"twitter:site\" content=\"@PressenzaIPA\" \/>\n<meta name=\"twitter:label1\" content=\"Scritto da\" \/>\n\t<meta name=\"twitter:data1\" content=\"Il Cambiamento\" \/>\n\t<meta name=\"twitter:label2\" content=\"Tempo di lettura stimato\" \/>\n\t<meta name=\"twitter:data2\" content=\"6 minuti\" \/>\n<script type=\"application\/ld+json\" class=\"yoast-schema-graph\">{\"@context\":\"https:\/\/schema.org\",\"@graph\":[{\"@type\":\"Article\",\"@id\":\"https:\/\/www.pressenza.com\/it\/2016\/10\/dal-nepal-ad-amatrice-7000-chilometri-solidarieta-amore\/#article\",\"isPartOf\":{\"@id\":\"https:\/\/www.pressenza.com\/it\/2016\/10\/dal-nepal-ad-amatrice-7000-chilometri-solidarieta-amore\/\"},\"author\":{\"name\":\"Il Cambiamento\",\"@id\":\"https:\/\/www.pressenza.com\/it\/#\/schema\/person\/39392bb9ae1201c4b749453969a04008\"},\"headline\":\"Dal Nepal ad Amatrice: 7000 chilometri di solidariet\u00e0 e amore\",\"datePublished\":\"2016-10-10T12:15:33+00:00\",\"dateModified\":\"2016-10-10T21:20:51+00:00\",\"mainEntityOfPage\":{\"@id\":\"https:\/\/www.pressenza.com\/it\/2016\/10\/dal-nepal-ad-amatrice-7000-chilometri-solidarieta-amore\/\"},\"wordCount\":1155,\"publisher\":{\"@id\":\"https:\/\/www.pressenza.com\/it\/#organization\"},\"image\":{\"@id\":\"https:\/\/www.pressenza.com\/it\/2016\/10\/dal-nepal-ad-amatrice-7000-chilometri-solidarieta-amore\/#primaryimage\"},\"thumbnailUrl\":\"https:\/\/www.pressenza.com\/wp-content\/uploads\/2016\/10\/nepal1.jpg\",\"keywords\":[\"Amatrice\",\"Jay Nepal Action Volunteers\",\"Nepal\",\"solidariet\u00e0\",\"terremoto\"],\"articleSection\":[\"Asia\",\"Cultura e Media\",\"Diritti Umani\",\"Europa\",\"Opinioni\"],\"inLanguage\":\"it-IT\"},{\"@type\":\"WebPage\",\"@id\":\"https:\/\/www.pressenza.com\/it\/2016\/10\/dal-nepal-ad-amatrice-7000-chilometri-solidarieta-amore\/\",\"url\":\"https:\/\/www.pressenza.com\/it\/2016\/10\/dal-nepal-ad-amatrice-7000-chilometri-solidarieta-amore\/\",\"name\":\"Dal Nepal ad Amatrice: 7000 chilometri di solidariet\u00e0 e amore\",\"isPartOf\":{\"@id\":\"https:\/\/www.pressenza.com\/it\/#website\"},\"primaryImageOfPage\":{\"@id\":\"https:\/\/www.pressenza.com\/it\/2016\/10\/dal-nepal-ad-amatrice-7000-chilometri-solidarieta-amore\/#primaryimage\"},\"image\":{\"@id\":\"https:\/\/www.pressenza.com\/it\/2016\/10\/dal-nepal-ad-amatrice-7000-chilometri-solidarieta-amore\/#primaryimage\"},\"thumbnailUrl\":\"https:\/\/www.pressenza.com\/wp-content\/uploads\/2016\/10\/nepal1.jpg\",\"datePublished\":\"2016-10-10T12:15:33+00:00\",\"dateModified\":\"2016-10-10T21:20:51+00:00\",\"description\":\"Dall'altra parte del mondo per aiutare il paese italiano pi\u00f9 devastato dal recente terremoto. Il Nepal, a un anno dal \\\"suo\\\" sisma, si mobilita di fronte\",\"breadcrumb\":{\"@id\":\"https:\/\/www.pressenza.com\/it\/2016\/10\/dal-nepal-ad-amatrice-7000-chilometri-solidarieta-amore\/#breadcrumb\"},\"inLanguage\":\"it-IT\",\"potentialAction\":[{\"@type\":\"ReadAction\",\"target\":[\"https:\/\/www.pressenza.com\/it\/2016\/10\/dal-nepal-ad-amatrice-7000-chilometri-solidarieta-amore\/\"]}]},{\"@type\":\"ImageObject\",\"inLanguage\":\"it-IT\",\"@id\":\"https:\/\/www.pressenza.com\/it\/2016\/10\/dal-nepal-ad-amatrice-7000-chilometri-solidarieta-amore\/#primaryimage\",\"url\":\"https:\/\/www.pressenza.com\/wp-content\/uploads\/2016\/10\/nepal1.jpg\",\"contentUrl\":\"https:\/\/www.pressenza.com\/wp-content\/uploads\/2016\/10\/nepal1.jpg\",\"width\":1812,\"height\":1209},{\"@type\":\"BreadcrumbList\",\"@id\":\"https:\/\/www.pressenza.com\/it\/2016\/10\/dal-nepal-ad-amatrice-7000-chilometri-solidarieta-amore\/#breadcrumb\",\"itemListElement\":[{\"@type\":\"ListItem\",\"position\":1,\"name\":\"Accueil\",\"item\":\"https:\/\/www.pressenza.com\/it\/\"},{\"@type\":\"ListItem\",\"position\":2,\"name\":\"Dal Nepal ad Amatrice: 7000 chilometri di solidariet\u00e0 e amore\"}]},{\"@type\":\"WebSite\",\"@id\":\"https:\/\/www.pressenza.com\/it\/#website\",\"url\":\"https:\/\/www.pressenza.com\/it\/\",\"name\":\"Pressenza\",\"description\":\"Agenzia di Stampa Internazionale\",\"publisher\":{\"@id\":\"https:\/\/www.pressenza.com\/it\/#organization\"},\"potentialAction\":[{\"@type\":\"SearchAction\",\"target\":{\"@type\":\"EntryPoint\",\"urlTemplate\":\"https:\/\/www.pressenza.com\/it\/?s={search_term_string}\"},\"query-input\":{\"@type\":\"PropertyValueSpecification\",\"valueRequired\":true,\"valueName\":\"search_term_string\"}}],\"inLanguage\":\"it-IT\"},{\"@type\":\"Organization\",\"@id\":\"https:\/\/www.pressenza.com\/it\/#organization\",\"name\":\"Pressenza\",\"url\":\"https:\/\/www.pressenza.com\/it\/\",\"logo\":{\"@type\":\"ImageObject\",\"inLanguage\":\"it-IT\",\"@id\":\"https:\/\/www.pressenza.com\/it\/#\/schema\/logo\/image\/\",\"url\":\"https:\/\/www.pressenza.com\/wp-content\/uploads\/2022\/10\/pressenza_logo_200x200.jpg\",\"contentUrl\":\"https:\/\/www.pressenza.com\/wp-content\/uploads\/2022\/10\/pressenza_logo_200x200.jpg\",\"width\":200,\"height\":200,\"caption\":\"Pressenza\"},\"image\":{\"@id\":\"https:\/\/www.pressenza.com\/it\/#\/schema\/logo\/image\/\"},\"sameAs\":[\"https:\/\/www.facebook.com\/PressenzaItalia\",\"https:\/\/x.com\/PressenzaIPA\"]},{\"@type\":\"Person\",\"@id\":\"https:\/\/www.pressenza.com\/it\/#\/schema\/person\/39392bb9ae1201c4b749453969a04008\",\"name\":\"Il Cambiamento\",\"description\":\"www.ilcambiamento.it\",\"sameAs\":[\"https:\/\/www.facebook.com\/ilcambiamento.it\",\"https:\/\/x.com\/Il_Cambiamento\"],\"url\":\"https:\/\/www.pressenza.com\/it\/author\/il-cambiamento\/\"}]}<\/script>\n<!-- \/ Yoast SEO plugin. -->","yoast_head_json":{"title":"Dal Nepal ad Amatrice: 7000 chilometri di solidariet\u00e0 e amore","description":"Dall'altra parte del mondo per aiutare il paese italiano pi\u00f9 devastato dal recente terremoto. Il Nepal, a un anno dal \"suo\" sisma, si mobilita di fronte","robots":{"index":"index","follow":"follow","max-snippet":"max-snippet:-1","max-image-preview":"max-image-preview:large","max-video-preview":"max-video-preview:-1"},"canonical":"https:\/\/www.pressenza.com\/it\/2016\/10\/dal-nepal-ad-amatrice-7000-chilometri-solidarieta-amore\/","og_locale":"it_IT","og_type":"article","og_title":"Dal Nepal ad Amatrice: 7000 chilometri di solidariet\u00e0 e amore","og_description":"Dall'altra parte del mondo per aiutare il paese italiano pi\u00f9 devastato dal recente terremoto. Il Nepal, a un anno dal \"suo\" sisma, si mobilita di fronte","og_url":"https:\/\/www.pressenza.com\/it\/2016\/10\/dal-nepal-ad-amatrice-7000-chilometri-solidarieta-amore\/","og_site_name":"Pressenza","article_publisher":"https:\/\/www.facebook.com\/PressenzaItalia","article_author":"https:\/\/www.facebook.com\/ilcambiamento.it","article_published_time":"2016-10-10T12:15:33+00:00","article_modified_time":"2016-10-10T21:20:51+00:00","og_image":[{"width":1812,"height":1209,"url":"https:\/\/www.pressenza.com\/wp-content\/uploads\/2016\/10\/nepal1.jpg","type":"image\/jpeg"}],"author":"Il Cambiamento","twitter_card":"summary_large_image","twitter_creator":"@Il_Cambiamento","twitter_site":"@PressenzaIPA","twitter_misc":{"Scritto da":"Il Cambiamento","Tempo di lettura stimato":"6 minuti"},"schema":{"@context":"https:\/\/schema.org","@graph":[{"@type":"Article","@id":"https:\/\/www.pressenza.com\/it\/2016\/10\/dal-nepal-ad-amatrice-7000-chilometri-solidarieta-amore\/#article","isPartOf":{"@id":"https:\/\/www.pressenza.com\/it\/2016\/10\/dal-nepal-ad-amatrice-7000-chilometri-solidarieta-amore\/"},"author":{"name":"Il Cambiamento","@id":"https:\/\/www.pressenza.com\/it\/#\/schema\/person\/39392bb9ae1201c4b749453969a04008"},"headline":"Dal Nepal ad Amatrice: 7000 chilometri di solidariet\u00e0 e amore","datePublished":"2016-10-10T12:15:33+00:00","dateModified":"2016-10-10T21:20:51+00:00","mainEntityOfPage":{"@id":"https:\/\/www.pressenza.com\/it\/2016\/10\/dal-nepal-ad-amatrice-7000-chilometri-solidarieta-amore\/"},"wordCount":1155,"publisher":{"@id":"https:\/\/www.pressenza.com\/it\/#organization"},"image":{"@id":"https:\/\/www.pressenza.com\/it\/2016\/10\/dal-nepal-ad-amatrice-7000-chilometri-solidarieta-amore\/#primaryimage"},"thumbnailUrl":"https:\/\/www.pressenza.com\/wp-content\/uploads\/2016\/10\/nepal1.jpg","keywords":["Amatrice","Jay Nepal Action Volunteers","Nepal","solidariet\u00e0","terremoto"],"articleSection":["Asia","Cultura e Media","Diritti Umani","Europa","Opinioni"],"inLanguage":"it-IT"},{"@type":"WebPage","@id":"https:\/\/www.pressenza.com\/it\/2016\/10\/dal-nepal-ad-amatrice-7000-chilometri-solidarieta-amore\/","url":"https:\/\/www.pressenza.com\/it\/2016\/10\/dal-nepal-ad-amatrice-7000-chilometri-solidarieta-amore\/","name":"Dal Nepal ad Amatrice: 7000 chilometri di solidariet\u00e0 e amore","isPartOf":{"@id":"https:\/\/www.pressenza.com\/it\/#website"},"primaryImageOfPage":{"@id":"https:\/\/www.pressenza.com\/it\/2016\/10\/dal-nepal-ad-amatrice-7000-chilometri-solidarieta-amore\/#primaryimage"},"image":{"@id":"https:\/\/www.pressenza.com\/it\/2016\/10\/dal-nepal-ad-amatrice-7000-chilometri-solidarieta-amore\/#primaryimage"},"thumbnailUrl":"https:\/\/www.pressenza.com\/wp-content\/uploads\/2016\/10\/nepal1.jpg","datePublished":"2016-10-10T12:15:33+00:00","dateModified":"2016-10-10T21:20:51+00:00","description":"Dall'altra parte del mondo per aiutare il paese italiano pi\u00f9 devastato dal recente terremoto. Il Nepal, a un anno dal \"suo\" sisma, si mobilita di fronte","breadcrumb":{"@id":"https:\/\/www.pressenza.com\/it\/2016\/10\/dal-nepal-ad-amatrice-7000-chilometri-solidarieta-amore\/#breadcrumb"},"inLanguage":"it-IT","potentialAction":[{"@type":"ReadAction","target":["https:\/\/www.pressenza.com\/it\/2016\/10\/dal-nepal-ad-amatrice-7000-chilometri-solidarieta-amore\/"]}]},{"@type":"ImageObject","inLanguage":"it-IT","@id":"https:\/\/www.pressenza.com\/it\/2016\/10\/dal-nepal-ad-amatrice-7000-chilometri-solidarieta-amore\/#primaryimage","url":"https:\/\/www.pressenza.com\/wp-content\/uploads\/2016\/10\/nepal1.jpg","contentUrl":"https:\/\/www.pressenza.com\/wp-content\/uploads\/2016\/10\/nepal1.jpg","width":1812,"height":1209},{"@type":"BreadcrumbList","@id":"https:\/\/www.pressenza.com\/it\/2016\/10\/dal-nepal-ad-amatrice-7000-chilometri-solidarieta-amore\/#breadcrumb","itemListElement":[{"@type":"ListItem","position":1,"name":"Accueil","item":"https:\/\/www.pressenza.com\/it\/"},{"@type":"ListItem","position":2,"name":"Dal Nepal ad Amatrice: 7000 chilometri di solidariet\u00e0 e amore"}]},{"@type":"WebSite","@id":"https:\/\/www.pressenza.com\/it\/#website","url":"https:\/\/www.pressenza.com\/it\/","name":"Pressenza","description":"Agenzia di Stampa Internazionale","publisher":{"@id":"https:\/\/www.pressenza.com\/it\/#organization"},"potentialAction":[{"@type":"SearchAction","target":{"@type":"EntryPoint","urlTemplate":"https:\/\/www.pressenza.com\/it\/?s={search_term_string}"},"query-input":{"@type":"PropertyValueSpecification","valueRequired":true,"valueName":"search_term_string"}}],"inLanguage":"it-IT"},{"@type":"Organization","@id":"https:\/\/www.pressenza.com\/it\/#organization","name":"Pressenza","url":"https:\/\/www.pressenza.com\/it\/","logo":{"@type":"ImageObject","inLanguage":"it-IT","@id":"https:\/\/www.pressenza.com\/it\/#\/schema\/logo\/image\/","url":"https:\/\/www.pressenza.com\/wp-content\/uploads\/2022\/10\/pressenza_logo_200x200.jpg","contentUrl":"https:\/\/www.pressenza.com\/wp-content\/uploads\/2022\/10\/pressenza_logo_200x200.jpg","width":200,"height":200,"caption":"Pressenza"},"image":{"@id":"https:\/\/www.pressenza.com\/it\/#\/schema\/logo\/image\/"},"sameAs":["https:\/\/www.facebook.com\/PressenzaItalia","https:\/\/x.com\/PressenzaIPA"]},{"@type":"Person","@id":"https:\/\/www.pressenza.com\/it\/#\/schema\/person\/39392bb9ae1201c4b749453969a04008","name":"Il Cambiamento","description":"www.ilcambiamento.it","sameAs":["https:\/\/www.facebook.com\/ilcambiamento.it","https:\/\/x.com\/Il_Cambiamento"],"url":"https:\/\/www.pressenza.com\/it\/author\/il-cambiamento\/"}]}},"place":"Nina Virtuoso","original_article_url":"http:\/\/www.ilcambiamento.it\/culture_cambiamento\/nepal_amatrice.html","_links":{"self":[{"href":"https:\/\/www.pressenza.com\/it\/wp-json\/wp\/v2\/posts\/380934","targetHints":{"allow":["GET"]}}],"collection":[{"href":"https:\/\/www.pressenza.com\/it\/wp-json\/wp\/v2\/posts"}],"about":[{"href":"https:\/\/www.pressenza.com\/it\/wp-json\/wp\/v2\/types\/post"}],"author":[{"embeddable":true,"href":"https:\/\/www.pressenza.com\/it\/wp-json\/wp\/v2\/users\/665"}],"replies":[{"embeddable":true,"href":"https:\/\/www.pressenza.com\/it\/wp-json\/wp\/v2\/comments?post=380934"}],"version-history":[{"count":0,"href":"https:\/\/www.pressenza.com\/it\/wp-json\/wp\/v2\/posts\/380934\/revisions"}],"wp:featuredmedia":[{"embeddable":true,"href":"https:\/\/www.pressenza.com\/it\/wp-json\/wp\/v2\/media\/380942"}],"wp:attachment":[{"href":"https:\/\/www.pressenza.com\/it\/wp-json\/wp\/v2\/media?parent=380934"}],"wp:term":[{"taxonomy":"category","embeddable":true,"href":"https:\/\/www.pressenza.com\/it\/wp-json\/wp\/v2\/categories?post=380934"},{"taxonomy":"post_tag","embeddable":true,"href":"https:\/\/www.pressenza.com\/it\/wp-json\/wp\/v2\/tags?post=380934"}],"curies":[{"name":"wp","href":"https:\/\/api.w.org\/{rel}","templated":true}]}}