{"id":380908,"date":"2016-10-10T12:31:17","date_gmt":"2016-10-10T11:31:17","guid":{"rendered":"http:\/\/www.pressenza.com\/it\/?p=380908"},"modified":"2016-10-11T15:27:22","modified_gmt":"2016-10-11T14:27:22","slug":"simposio-internazionale-del-cmsu-la-rivoluzione-umana-necessaria","status":"publish","type":"post","link":"https:\/\/www.pressenza.com\/it\/2016\/10\/simposio-internazionale-del-cmsu-la-rivoluzione-umana-necessaria\/","title":{"rendered":"Simposio Internazionale del CMSU: La Rivoluzione Umana Necessaria"},"content":{"rendered":"<div id=\"yui_3_16_0_1_1476095516959_28579\" style=\"text-align: center;\"><\/div>\n<div style=\"text-align: center;\"><\/div>\n<p style=\"text-align: justify;\"><span id=\"yui_3_16_0_1_1476095516959_28955\"><span id=\"yui_3_16_0_1_1476095516959_28954\" style=\"font-size: medium;\">Il Quinto Simposio Internazionale del Centro Mondiale di Studi Umanista (CMSU) si svolger\u00e0 presso il Parco di Studi e Riflessione di Attigliano (TR) il 29 e 30 Ottobre 2016. Avr\u00e0 come titolo\u00a0<\/span><\/span><\/p>\n<h2 style=\"text-align: center;\"><strong><em>La Rivoluzione Umana Necessaria<\/em><\/strong><\/h2>\n<h4 style=\"text-align: center;\"><em><strong> <strong><em>Nonviolenza, libert\u00e0 e riconciliazione: pilastri della nuova civilt\u00e0<\/em><\/strong><br \/>\n<\/strong><\/em><br \/>\n<a href=\"http:\/\/attigliano2016.worldsymposium.org\" target=\"_blank\" rel=\"nofollow\">http:\/\/attigliano2016.worldsymposium.org<\/a><\/h4>\n<div id=\"yui_3_16_0_1_1476095516959_28957\" style=\"text-align: center;\"><span style=\"font-size: large;\"><strong><span style=\"color: #800000;\">Programma sabato 29 ottobre<\/span><\/strong><br \/>\n<\/span><\/p>\n<div id=\"yui_3_16_0_1_1476095516959_28960\">\n<p id=\"yiv3150618508m_-4352473072051054464gmail-m_2569428594277508853m_7297169005799039530m_2761724299592685149gmail-m_-2326322611272213774gmail-docs-internal-guid-d5c0467a-a889-1015-e545-12b97f0e4fff\" dir=\"ltr\" style=\"text-align: left;\">9.30 Apertura iscrizioni<\/p>\n<p id=\"yiv3150618508m_-4352473072051054464gmail-docs-internal-guid-d5c0467a-ada0-aa93-2472-19a5f56d9c5b\" dir=\"ltr\" style=\"text-align: left;\">10.30-13.30 Prima sessione<\/p>\n<ul>\n<li dir=\"ltr\">\n<p dir=\"ltr\" style=\"text-align: justify;\">Conferenza di apertura: La rivoluzione come modo di essere pienamente umano. Vito Correddu (Centro Studi Umanista \u201cSalvatore Puledda\u201d di Roma)<\/p>\n<\/li>\n<li dir=\"ltr\">\n<p dir=\"ltr\" style=\"text-align: justify;\">Diffusione della conoscenza, open source e senso della vita. L\u2019esperienza rivoluzionaria di condividere le conoscenze al di fuori di tutti i paradigmi economici dominanti. Giorgio Mancuso (Comunit\u00e0 per lo Sviluppo Umano di Torino)<\/p>\n<\/li>\n<li dir=\"ltr\">\n<p dir=\"ltr\" style=\"text-align: justify;\">La rivoluzione umana necessaria in Agricoltura. Dall\u2019individualismo agrario al recupero del Protagonismo comunitario. Simone Rosati (Universit\u00e0 degli Studi di \u00a0Milano)<\/p>\n<\/li>\n<li dir=\"ltr\">\n<p dir=\"ltr\" style=\"text-align: justify;\">Una rivoluzione necessaria, nonviolenta e identitaria. Eros Tetti (Movimento \u201cSalviamo le Apuane)<\/p>\n<\/li>\n<\/ul>\n<p dir=\"ltr\" style=\"text-align: left;\">13.30-15.00 Pranzo<\/p>\n<p dir=\"ltr\" style=\"text-align: left;\">15.00-17.00 Seconda sessione<\/p>\n<ul>\n<li dir=\"ltr\">\n<p dir=\"ltr\" style=\"text-align: justify;\">Politica culturale e l\u2019essere umano. Ksenia Tabarintseva-Romanova (Universit\u00e0 federale degli Urali di Ekaterinburg)<\/p>\n<\/li>\n<li dir=\"ltr\">\n<p dir=\"ltr\" style=\"text-align: justify;\">Tavolo di lavoro \u201cLa Nonviolenza per il terzo millennio\u201d. Moderatore Olivier Turquet (Agenzia Stampa Internazionale \u201cPressenza\u201d). Intervengono: Rocco Altieri (Centro Gandhi), Gerardo Femina (Mondo Senza Guerre e Senza Violenza, Praga), Paolo Trianni (Pontificia Universit\u00e0 Urbaniana di Roma)<\/p>\n<\/li>\n<\/ul>\n<p dir=\"ltr\" style=\"text-align: left;\">17.00-17.30 Coffee break<\/p>\n<p dir=\"ltr\" style=\"text-align: justify;\">17.30-19.30 Workshop \u201cCome dire e fare nonviolenza in una nazione umana universale\u201d. A cura di Annabella Coiro (Centro di Nonviolenza attiva di Milano)<\/p>\n<p dir=\"ltr\" style=\"text-align: left;\">21.00 Cena sociale<\/p>\n<\/div>\n<\/div>\n<div style=\"text-align: center;\"><span style=\"font-size: large;\"><span style=\"color: #800000;\"><strong>Programma domenica 30 ottobre<\/strong><\/span><br \/>\n<\/span><\/div>\n<div style=\"text-align: center;\"><\/div>\n<div style=\"text-align: center;\">\n<div>\n<p dir=\"ltr\">9.30 Apertura iscrizioni<\/p>\n<p id=\"yiv3150618508m_-4352473072051054464gmail-docs-internal-guid-d5c0467a-ada0-f413-c592-0d7b585cd5ef\" dir=\"ltr\">10.30-13.30 Terza sessione<\/p>\n<ul>\n<li dir=\"ltr\">\n<p dir=\"ltr\" style=\"text-align: justify;\">Utopia e rivoluzione. Clarissa Pierattini (Universit\u00e0 degli Studi di Firenze)<\/p>\n<\/li>\n<li dir=\"ltr\">\n<p dir=\"ltr\" style=\"text-align: justify;\">La coscienza umanista come imperativo di sopravvivenza della civilt\u00e0 terracquea nel secolo XXI. Akop Nazaretyan (Istituto di Studi Orientali, Accademia delle Scienze di Mosca)<\/p>\n<\/li>\n<li dir=\"ltr\">\n<p dir=\"ltr\" style=\"text-align: justify;\">Verso quale rivoluzione? Uno sguardo al passato rivolti al futuro. Massimo Stefano Russo (Universit\u00e0 di Urbino)<\/p>\n<\/li>\n<\/ul>\n<p dir=\"ltr\">13.30-15.00 pranzo<\/p>\n<p dir=\"ltr\">15.00-18.00 Quarta sessione<\/p>\n<ul>\n<li dir=\"ltr\">\n<p dir=\"ltr\" style=\"text-align: justify;\">Proiezione del video \u201cEncrucijada y Futuro del Ser humano\u201d. Guillermo Alejandro Sullings (Partito Umanista, Argentina)<\/p>\n<\/li>\n<li dir=\"ltr\">\n<p dir=\"ltr\" style=\"text-align: justify;\">L\u2019accordo della rivoluzione politica con la rivoluzione spirituale. Antonino Drago (Universit\u00e0 Federico II di Napoli)<\/p>\n<\/li>\n<li dir=\"ltr\">\n<p dir=\"ltr\" style=\"text-align: justify;\">La via interiore tra crescita e risveglio. Stefano Pischiutta (Psicoterapeuta, European Transpersonal Psychology Association)<\/p>\n<\/li>\n<li dir=\"ltr\">\n<p dir=\"ltr\" style=\"text-align: justify;\">Discorso di chiusura (a cura dei Centri Studi Umanisti organizzatori)<\/p>\n<\/li>\n<\/ul>\n<p dir=\"ltr\" style=\"text-align: justify;\">18.00 Evento artistico nella Sala di meditazione<\/p>\n<p dir=\"ltr\" style=\"text-align: justify;\">18.30 Coffee break di saluto<\/p>\n<p style=\"text-align: justify;\">Il programma potrebbe subire delle variazioni non dipendenti dalla volont\u00e0 degli organizzatori. Si consiglia di consultare il sito per avere informazioni aggiornate.<\/p>\n<\/div>\n<p><span style=\"font-size: large;\">Iscrizione<br \/>\n<\/span><\/p>\n<p id=\"yiv3150618508m_-4352473072051054464gmail-m_2569428594277508853m_7297169005799039530m_2761724299592685149gmail-docs-internal-guid-d5c0467a-a905-8d2d-d065-86a7bb2c82e8\" dir=\"ltr\" style=\"text-align: justify;\">Per partecipare \u00e8 necessario iscriversi, preferibilmente entro il 17 ottobre, data la capienza limitata della sala.<\/p>\n<p dir=\"ltr\" style=\"text-align: justify;\">L&#8217;iscrizione si fa compilando il <a href=\"http:\/\/attigliano2016.worldsym posium.org\/index.php?page=iscr izioni\">form <\/a>sul sito del Simposio<\/p>\n<p dir=\"ltr\" style=\"text-align: justify;\">Il contributo di iscrizione \u00e8 di 15\u20ac per un giorno e di 25\u20ac per due giorni e comprende pranzo, coffee break e materiali. Gli studenti fino a 26 anni contribuiscono con 10\u20ac al giorno.<\/p>\n<p style=\"text-align: justify;\">Sul sito sono segnalate le strutture alberghiere convenzionate.<span style=\"font-size: small;\"><br \/>\n<\/span><\/p>\n<p><span style=\"font-size: large;\">Presentazione<\/span><\/p>\n<\/div>\n<p style=\"text-align: justify;\">Nel corso della storia, l\u2019Essere Umano \u00e8 stato protagonista di molteplici rivoluzioni in numerosi campi. Questi salti evolutivi, non lineari, si sono prodotti nei momenti in cui l\u2019organizzazione sociale e i valori vigenti non sono stati pi\u00f9 in grado di dare risposte alle necessit\u00e0 degli insiemi umani in crescita. Questa \u00e8 la situazione attuale a livello mondiale. Il tema della Rivoluzione acquisisce, quindi, una rilevanza centrale. Da tutte le latitudini arriva una forte richiesta di trasformazioni profonde e, allo stesso tempo, sorgono esperienze rinnovatrici che annunciano possibili futuri.<\/p>\n<p style=\"text-align: justify;\">Ci troviamo di fronte a scelte chiare: possiamo farci trasportare dalla meccanicit\u00e0 degli eventi, con la probabile prospettiva che crescano l&#8217;assurdo e la distruzione oppure possiamo dare un nuovo significato intenzionale agli avvenimenti, affermando la possibilit\u00e0 di costruire un contesto sociale e interpersonale nonviolento. In questa scelta dovremmo necessariamente riflettere sulle caratteristiche della coscienza attiva e intenzionale dell&#8217;Essere Umano, per decidere tra determinismo o libert\u00e0, tra vendetta o riconciliazione, tra disumanizzazione o umanizzazione crescente, tra conservazione o rivoluzione\u2026<\/p>\n<p>Sembra che questa rivoluzione globale, nonviolenta, inclusiva e aperta, tendente alla ricerca di punti in comune, sia gi\u00e0 in marcia oggi nel cuore, nell\u2019immaginazione e nell&#8217;azione individuale e collettiva. I suoi protagonisti siamo noi, esseri umani in trasformazione.<\/p>\n<p>Il 5\u00b0 Simposio Internazionale del Centro Mondiale di Studi Umanista ci invita a riflettere, a scambiare opinioni e visioni, a condividere esperienze su questa rivoluzione necessaria e urgente.<\/p>\n<p>Una rivoluzione che, per il suo proposito e i suoi protagonisti, possiamo chiamare <strong>LA RIVOLUZIONE UMANA NECESSARIA<\/strong>.<\/p>\n<p><span style=\"font-size: medium;\">Per la lettura completa dell&#8217;inquadramento generale e altre informazioni consultare il sito del <a href=\"http:\/\/attigliano2016.worldsymposium.org\/\">CMSU<\/a>:<\/span><span class=\"yiv3150618508HOEnZb\"><span style=\"color: #888888;\"><br \/>\n<\/span><\/span><\/p>\n","protected":false},"excerpt":{"rendered":"<p>Il Quinto Simposio Internazionale del Centro Mondiale di Studi Umanista (CMSU) si svolger\u00e0 presso il Parco di Studi e Riflessione di Attigliano (TR) il 29 e 30 Ottobre 2016. Avr\u00e0 come titolo\u00a0 La Rivoluzione Umana Necessaria Nonviolenza, libert\u00e0 e riconciliazione:&hellip;<\/p>\n","protected":false},"author":594,"featured_media":380916,"comment_status":"closed","ping_status":"closed","sticky":false,"template":"","format":"standard","meta":{"footnotes":""},"categories":[150,56,47,1262,1260],"tags":[1296,10819,460,23256,509,13136],"class_list":["post-380908","post","type-post","status-publish","format-standard","has-post-thumbnail","hentry","category-comunicati-stampa","category-cultura","category-europa","category-nonviolenza-argomento","category-umanesimo-spiritualita","tag-attigliano","tag-liberta","tag-nonviolenza","tag-parco-di-studi-e-riflessione-attigliano","tag-riconciliazione","tag-simposio-internazionale-centro-studi-umanisti"],"yoast_head":"<!-- This site is optimized with the Yoast SEO plugin v27.1.1 - https:\/\/yoast.com\/product\/yoast-seo-wordpress\/ -->\n<title>Simposio Internazionale del CMSU: La Rivoluzione Umana Necessaria<\/title>\n<meta name=\"description\" content=\"Il Quinto Simposio Internazionale del Centro Mondiale di Studi Umanista (CMSU) si svolger\u00e0 presso il Parco di Studi e Riflessione di Attigliano (TR) il 29\" \/>\n<meta name=\"robots\" content=\"index, follow, max-snippet:-1, max-image-preview:large, max-video-preview:-1\" \/>\n<link rel=\"canonical\" href=\"https:\/\/www.pressenza.com\/it\/2016\/10\/simposio-internazionale-del-cmsu-la-rivoluzione-umana-necessaria\/\" \/>\n<meta property=\"og:locale\" content=\"it_IT\" \/>\n<meta property=\"og:type\" content=\"article\" \/>\n<meta property=\"og:title\" content=\"Simposio Internazionale del CMSU: La Rivoluzione Umana Necessaria\" \/>\n<meta property=\"og:description\" content=\"Il Quinto Simposio Internazionale del Centro Mondiale di Studi Umanista (CMSU) si svolger\u00e0 presso il Parco di Studi e Riflessione di Attigliano (TR) il 29\" \/>\n<meta property=\"og:url\" content=\"https:\/\/www.pressenza.com\/it\/2016\/10\/simposio-internazionale-del-cmsu-la-rivoluzione-umana-necessaria\/\" \/>\n<meta property=\"og:site_name\" content=\"Pressenza\" \/>\n<meta property=\"article:publisher\" content=\"https:\/\/www.facebook.com\/PressenzaItalia\" \/>\n<meta property=\"article:author\" content=\"https:\/\/www.facebook.com\/PressenzaItalia\" \/>\n<meta property=\"article:published_time\" content=\"2016-10-10T11:31:17+00:00\" \/>\n<meta property=\"article:modified_time\" content=\"2016-10-11T14:27:22+00:00\" \/>\n<meta property=\"og:image\" content=\"https:\/\/www.pressenza.com\/wp-content\/uploads\/2016\/10\/bannerSimposio.jpeg\" \/>\n\t<meta property=\"og:image:width\" content=\"960\" \/>\n\t<meta property=\"og:image:height\" content=\"281\" \/>\n\t<meta property=\"og:image:type\" content=\"image\/jpeg\" \/>\n<meta name=\"author\" content=\"Redazione Italia\" \/>\n<meta name=\"twitter:card\" content=\"summary_large_image\" \/>\n<meta name=\"twitter:creator\" content=\"@pressenza_it\" \/>\n<meta name=\"twitter:site\" content=\"@PressenzaIPA\" \/>\n<meta name=\"twitter:label1\" content=\"Scritto da\" \/>\n\t<meta name=\"twitter:data1\" content=\"Redazione Italia\" \/>\n\t<meta name=\"twitter:label2\" content=\"Tempo di lettura stimato\" \/>\n\t<meta name=\"twitter:data2\" content=\"4 minuti\" \/>\n<script type=\"application\/ld+json\" class=\"yoast-schema-graph\">{\"@context\":\"https:\/\/schema.org\",\"@graph\":[{\"@type\":\"Article\",\"@id\":\"https:\/\/www.pressenza.com\/it\/2016\/10\/simposio-internazionale-del-cmsu-la-rivoluzione-umana-necessaria\/#article\",\"isPartOf\":{\"@id\":\"https:\/\/www.pressenza.com\/it\/2016\/10\/simposio-internazionale-del-cmsu-la-rivoluzione-umana-necessaria\/\"},\"author\":{\"name\":\"Redazione Italia\",\"@id\":\"https:\/\/www.pressenza.com\/it\/#\/schema\/person\/d983e81827ae24f2c7b1a2123d197f8d\"},\"headline\":\"Simposio Internazionale del CMSU: La Rivoluzione Umana Necessaria\",\"datePublished\":\"2016-10-10T11:31:17+00:00\",\"dateModified\":\"2016-10-11T14:27:22+00:00\",\"mainEntityOfPage\":{\"@id\":\"https:\/\/www.pressenza.com\/it\/2016\/10\/simposio-internazionale-del-cmsu-la-rivoluzione-umana-necessaria\/\"},\"wordCount\":713,\"publisher\":{\"@id\":\"https:\/\/www.pressenza.com\/it\/#organization\"},\"image\":{\"@id\":\"https:\/\/www.pressenza.com\/it\/2016\/10\/simposio-internazionale-del-cmsu-la-rivoluzione-umana-necessaria\/#primaryimage\"},\"thumbnailUrl\":\"https:\/\/www.pressenza.com\/wp-content\/uploads\/2016\/10\/bannerSimposio.jpeg\",\"keywords\":[\"Attigliano\",\"libert\u00e0\",\"nonviolenza\",\"Parco di Studi e Riflessione Attigliano\",\"riconciliazione\",\"simposio internazionale centro studi umanisti\"],\"articleSection\":[\"Comunicati Stampa\",\"Cultura e Media\",\"Europa\",\"Nonviolenza\",\"Umanesimo e Spiritualit\u00e0\"],\"inLanguage\":\"it-IT\"},{\"@type\":\"WebPage\",\"@id\":\"https:\/\/www.pressenza.com\/it\/2016\/10\/simposio-internazionale-del-cmsu-la-rivoluzione-umana-necessaria\/\",\"url\":\"https:\/\/www.pressenza.com\/it\/2016\/10\/simposio-internazionale-del-cmsu-la-rivoluzione-umana-necessaria\/\",\"name\":\"Simposio Internazionale del CMSU: La Rivoluzione Umana Necessaria\",\"isPartOf\":{\"@id\":\"https:\/\/www.pressenza.com\/it\/#website\"},\"primaryImageOfPage\":{\"@id\":\"https:\/\/www.pressenza.com\/it\/2016\/10\/simposio-internazionale-del-cmsu-la-rivoluzione-umana-necessaria\/#primaryimage\"},\"image\":{\"@id\":\"https:\/\/www.pressenza.com\/it\/2016\/10\/simposio-internazionale-del-cmsu-la-rivoluzione-umana-necessaria\/#primaryimage\"},\"thumbnailUrl\":\"https:\/\/www.pressenza.com\/wp-content\/uploads\/2016\/10\/bannerSimposio.jpeg\",\"datePublished\":\"2016-10-10T11:31:17+00:00\",\"dateModified\":\"2016-10-11T14:27:22+00:00\",\"description\":\"Il Quinto Simposio Internazionale del Centro Mondiale di Studi Umanista (CMSU) si svolger\u00e0 presso il Parco di Studi e Riflessione di Attigliano (TR) il 29\",\"breadcrumb\":{\"@id\":\"https:\/\/www.pressenza.com\/it\/2016\/10\/simposio-internazionale-del-cmsu-la-rivoluzione-umana-necessaria\/#breadcrumb\"},\"inLanguage\":\"it-IT\",\"potentialAction\":[{\"@type\":\"ReadAction\",\"target\":[\"https:\/\/www.pressenza.com\/it\/2016\/10\/simposio-internazionale-del-cmsu-la-rivoluzione-umana-necessaria\/\"]}]},{\"@type\":\"ImageObject\",\"inLanguage\":\"it-IT\",\"@id\":\"https:\/\/www.pressenza.com\/it\/2016\/10\/simposio-internazionale-del-cmsu-la-rivoluzione-umana-necessaria\/#primaryimage\",\"url\":\"https:\/\/www.pressenza.com\/wp-content\/uploads\/2016\/10\/bannerSimposio.jpeg\",\"contentUrl\":\"https:\/\/www.pressenza.com\/wp-content\/uploads\/2016\/10\/bannerSimposio.jpeg\",\"width\":960,\"height\":281},{\"@type\":\"BreadcrumbList\",\"@id\":\"https:\/\/www.pressenza.com\/it\/2016\/10\/simposio-internazionale-del-cmsu-la-rivoluzione-umana-necessaria\/#breadcrumb\",\"itemListElement\":[{\"@type\":\"ListItem\",\"position\":1,\"name\":\"Accueil\",\"item\":\"https:\/\/www.pressenza.com\/it\/\"},{\"@type\":\"ListItem\",\"position\":2,\"name\":\"Simposio Internazionale del CMSU: La Rivoluzione Umana Necessaria\"}]},{\"@type\":\"WebSite\",\"@id\":\"https:\/\/www.pressenza.com\/it\/#website\",\"url\":\"https:\/\/www.pressenza.com\/it\/\",\"name\":\"Pressenza\",\"description\":\"Agenzia di Stampa Internazionale\",\"publisher\":{\"@id\":\"https:\/\/www.pressenza.com\/it\/#organization\"},\"potentialAction\":[{\"@type\":\"SearchAction\",\"target\":{\"@type\":\"EntryPoint\",\"urlTemplate\":\"https:\/\/www.pressenza.com\/it\/?s={search_term_string}\"},\"query-input\":{\"@type\":\"PropertyValueSpecification\",\"valueRequired\":true,\"valueName\":\"search_term_string\"}}],\"inLanguage\":\"it-IT\"},{\"@type\":\"Organization\",\"@id\":\"https:\/\/www.pressenza.com\/it\/#organization\",\"name\":\"Pressenza\",\"url\":\"https:\/\/www.pressenza.com\/it\/\",\"logo\":{\"@type\":\"ImageObject\",\"inLanguage\":\"it-IT\",\"@id\":\"https:\/\/www.pressenza.com\/it\/#\/schema\/logo\/image\/\",\"url\":\"https:\/\/www.pressenza.com\/wp-content\/uploads\/2022\/10\/pressenza_logo_200x200.jpg\",\"contentUrl\":\"https:\/\/www.pressenza.com\/wp-content\/uploads\/2022\/10\/pressenza_logo_200x200.jpg\",\"width\":200,\"height\":200,\"caption\":\"Pressenza\"},\"image\":{\"@id\":\"https:\/\/www.pressenza.com\/it\/#\/schema\/logo\/image\/\"},\"sameAs\":[\"https:\/\/www.facebook.com\/PressenzaItalia\",\"https:\/\/x.com\/PressenzaIPA\"]},{\"@type\":\"Person\",\"@id\":\"https:\/\/www.pressenza.com\/it\/#\/schema\/person\/d983e81827ae24f2c7b1a2123d197f8d\",\"name\":\"Redazione Italia\",\"description\":\"News from the Pressenza Bureau in Italy\",\"sameAs\":[\"https:\/\/www.pressenza.com\/it\/author\/redazione-italia\/\",\"https:\/\/www.facebook.com\/PressenzaItalia\",\"https:\/\/www.instagram.com\/pressenza_italia\/\",\"https:\/\/x.com\/pressenza_it\",\"https:\/\/www.youtube.com\/channel\/UCSalEIWjE1RSxkwjfftFuqg\"],\"url\":\"https:\/\/www.pressenza.com\/it\/author\/redazione-italia\/\"}]}<\/script>\n<!-- \/ Yoast SEO plugin. -->","yoast_head_json":{"title":"Simposio Internazionale del CMSU: La Rivoluzione Umana Necessaria","description":"Il Quinto Simposio Internazionale del Centro Mondiale di Studi Umanista (CMSU) si svolger\u00e0 presso il Parco di Studi e Riflessione di Attigliano (TR) il 29","robots":{"index":"index","follow":"follow","max-snippet":"max-snippet:-1","max-image-preview":"max-image-preview:large","max-video-preview":"max-video-preview:-1"},"canonical":"https:\/\/www.pressenza.com\/it\/2016\/10\/simposio-internazionale-del-cmsu-la-rivoluzione-umana-necessaria\/","og_locale":"it_IT","og_type":"article","og_title":"Simposio Internazionale del CMSU: La Rivoluzione Umana Necessaria","og_description":"Il Quinto Simposio Internazionale del Centro Mondiale di Studi Umanista (CMSU) si svolger\u00e0 presso il Parco di Studi e Riflessione di Attigliano (TR) il 29","og_url":"https:\/\/www.pressenza.com\/it\/2016\/10\/simposio-internazionale-del-cmsu-la-rivoluzione-umana-necessaria\/","og_site_name":"Pressenza","article_publisher":"https:\/\/www.facebook.com\/PressenzaItalia","article_author":"https:\/\/www.facebook.com\/PressenzaItalia","article_published_time":"2016-10-10T11:31:17+00:00","article_modified_time":"2016-10-11T14:27:22+00:00","og_image":[{"width":960,"height":281,"url":"https:\/\/www.pressenza.com\/wp-content\/uploads\/2016\/10\/bannerSimposio.jpeg","type":"image\/jpeg"}],"author":"Redazione Italia","twitter_card":"summary_large_image","twitter_creator":"@pressenza_it","twitter_site":"@PressenzaIPA","twitter_misc":{"Scritto da":"Redazione Italia","Tempo di lettura stimato":"4 minuti"},"schema":{"@context":"https:\/\/schema.org","@graph":[{"@type":"Article","@id":"https:\/\/www.pressenza.com\/it\/2016\/10\/simposio-internazionale-del-cmsu-la-rivoluzione-umana-necessaria\/#article","isPartOf":{"@id":"https:\/\/www.pressenza.com\/it\/2016\/10\/simposio-internazionale-del-cmsu-la-rivoluzione-umana-necessaria\/"},"author":{"name":"Redazione Italia","@id":"https:\/\/www.pressenza.com\/it\/#\/schema\/person\/d983e81827ae24f2c7b1a2123d197f8d"},"headline":"Simposio Internazionale del CMSU: La Rivoluzione Umana Necessaria","datePublished":"2016-10-10T11:31:17+00:00","dateModified":"2016-10-11T14:27:22+00:00","mainEntityOfPage":{"@id":"https:\/\/www.pressenza.com\/it\/2016\/10\/simposio-internazionale-del-cmsu-la-rivoluzione-umana-necessaria\/"},"wordCount":713,"publisher":{"@id":"https:\/\/www.pressenza.com\/it\/#organization"},"image":{"@id":"https:\/\/www.pressenza.com\/it\/2016\/10\/simposio-internazionale-del-cmsu-la-rivoluzione-umana-necessaria\/#primaryimage"},"thumbnailUrl":"https:\/\/www.pressenza.com\/wp-content\/uploads\/2016\/10\/bannerSimposio.jpeg","keywords":["Attigliano","libert\u00e0","nonviolenza","Parco di Studi e Riflessione Attigliano","riconciliazione","simposio internazionale centro studi umanisti"],"articleSection":["Comunicati Stampa","Cultura e Media","Europa","Nonviolenza","Umanesimo e Spiritualit\u00e0"],"inLanguage":"it-IT"},{"@type":"WebPage","@id":"https:\/\/www.pressenza.com\/it\/2016\/10\/simposio-internazionale-del-cmsu-la-rivoluzione-umana-necessaria\/","url":"https:\/\/www.pressenza.com\/it\/2016\/10\/simposio-internazionale-del-cmsu-la-rivoluzione-umana-necessaria\/","name":"Simposio Internazionale del CMSU: La Rivoluzione Umana Necessaria","isPartOf":{"@id":"https:\/\/www.pressenza.com\/it\/#website"},"primaryImageOfPage":{"@id":"https:\/\/www.pressenza.com\/it\/2016\/10\/simposio-internazionale-del-cmsu-la-rivoluzione-umana-necessaria\/#primaryimage"},"image":{"@id":"https:\/\/www.pressenza.com\/it\/2016\/10\/simposio-internazionale-del-cmsu-la-rivoluzione-umana-necessaria\/#primaryimage"},"thumbnailUrl":"https:\/\/www.pressenza.com\/wp-content\/uploads\/2016\/10\/bannerSimposio.jpeg","datePublished":"2016-10-10T11:31:17+00:00","dateModified":"2016-10-11T14:27:22+00:00","description":"Il Quinto Simposio Internazionale del Centro Mondiale di Studi Umanista (CMSU) si svolger\u00e0 presso il Parco di Studi e Riflessione di Attigliano (TR) il 29","breadcrumb":{"@id":"https:\/\/www.pressenza.com\/it\/2016\/10\/simposio-internazionale-del-cmsu-la-rivoluzione-umana-necessaria\/#breadcrumb"},"inLanguage":"it-IT","potentialAction":[{"@type":"ReadAction","target":["https:\/\/www.pressenza.com\/it\/2016\/10\/simposio-internazionale-del-cmsu-la-rivoluzione-umana-necessaria\/"]}]},{"@type":"ImageObject","inLanguage":"it-IT","@id":"https:\/\/www.pressenza.com\/it\/2016\/10\/simposio-internazionale-del-cmsu-la-rivoluzione-umana-necessaria\/#primaryimage","url":"https:\/\/www.pressenza.com\/wp-content\/uploads\/2016\/10\/bannerSimposio.jpeg","contentUrl":"https:\/\/www.pressenza.com\/wp-content\/uploads\/2016\/10\/bannerSimposio.jpeg","width":960,"height":281},{"@type":"BreadcrumbList","@id":"https:\/\/www.pressenza.com\/it\/2016\/10\/simposio-internazionale-del-cmsu-la-rivoluzione-umana-necessaria\/#breadcrumb","itemListElement":[{"@type":"ListItem","position":1,"name":"Accueil","item":"https:\/\/www.pressenza.com\/it\/"},{"@type":"ListItem","position":2,"name":"Simposio Internazionale del CMSU: La Rivoluzione Umana Necessaria"}]},{"@type":"WebSite","@id":"https:\/\/www.pressenza.com\/it\/#website","url":"https:\/\/www.pressenza.com\/it\/","name":"Pressenza","description":"Agenzia di Stampa Internazionale","publisher":{"@id":"https:\/\/www.pressenza.com\/it\/#organization"},"potentialAction":[{"@type":"SearchAction","target":{"@type":"EntryPoint","urlTemplate":"https:\/\/www.pressenza.com\/it\/?s={search_term_string}"},"query-input":{"@type":"PropertyValueSpecification","valueRequired":true,"valueName":"search_term_string"}}],"inLanguage":"it-IT"},{"@type":"Organization","@id":"https:\/\/www.pressenza.com\/it\/#organization","name":"Pressenza","url":"https:\/\/www.pressenza.com\/it\/","logo":{"@type":"ImageObject","inLanguage":"it-IT","@id":"https:\/\/www.pressenza.com\/it\/#\/schema\/logo\/image\/","url":"https:\/\/www.pressenza.com\/wp-content\/uploads\/2022\/10\/pressenza_logo_200x200.jpg","contentUrl":"https:\/\/www.pressenza.com\/wp-content\/uploads\/2022\/10\/pressenza_logo_200x200.jpg","width":200,"height":200,"caption":"Pressenza"},"image":{"@id":"https:\/\/www.pressenza.com\/it\/#\/schema\/logo\/image\/"},"sameAs":["https:\/\/www.facebook.com\/PressenzaItalia","https:\/\/x.com\/PressenzaIPA"]},{"@type":"Person","@id":"https:\/\/www.pressenza.com\/it\/#\/schema\/person\/d983e81827ae24f2c7b1a2123d197f8d","name":"Redazione Italia","description":"News from the Pressenza Bureau in Italy","sameAs":["https:\/\/www.pressenza.com\/it\/author\/redazione-italia\/","https:\/\/www.facebook.com\/PressenzaItalia","https:\/\/www.instagram.com\/pressenza_italia\/","https:\/\/x.com\/pressenza_it","https:\/\/www.youtube.com\/channel\/UCSalEIWjE1RSxkwjfftFuqg"],"url":"https:\/\/www.pressenza.com\/it\/author\/redazione-italia\/"}]}},"place":"CMSU","original_article_url":"","_links":{"self":[{"href":"https:\/\/www.pressenza.com\/it\/wp-json\/wp\/v2\/posts\/380908","targetHints":{"allow":["GET"]}}],"collection":[{"href":"https:\/\/www.pressenza.com\/it\/wp-json\/wp\/v2\/posts"}],"about":[{"href":"https:\/\/www.pressenza.com\/it\/wp-json\/wp\/v2\/types\/post"}],"author":[{"embeddable":true,"href":"https:\/\/www.pressenza.com\/it\/wp-json\/wp\/v2\/users\/594"}],"replies":[{"embeddable":true,"href":"https:\/\/www.pressenza.com\/it\/wp-json\/wp\/v2\/comments?post=380908"}],"version-history":[{"count":0,"href":"https:\/\/www.pressenza.com\/it\/wp-json\/wp\/v2\/posts\/380908\/revisions"}],"wp:featuredmedia":[{"embeddable":true,"href":"https:\/\/www.pressenza.com\/it\/wp-json\/wp\/v2\/media\/380916"}],"wp:attachment":[{"href":"https:\/\/www.pressenza.com\/it\/wp-json\/wp\/v2\/media?parent=380908"}],"wp:term":[{"taxonomy":"category","embeddable":true,"href":"https:\/\/www.pressenza.com\/it\/wp-json\/wp\/v2\/categories?post=380908"},{"taxonomy":"post_tag","embeddable":true,"href":"https:\/\/www.pressenza.com\/it\/wp-json\/wp\/v2\/tags?post=380908"}],"curies":[{"name":"wp","href":"https:\/\/api.w.org\/{rel}","templated":true}]}}