{"id":374391,"date":"2016-09-27T15:51:18","date_gmt":"2016-09-27T14:51:18","guid":{"rendered":"http:\/\/www.pressenza.com\/it\/?p=374391"},"modified":"2016-09-27T15:51:18","modified_gmt":"2016-09-27T14:51:18","slug":"2-ottobre-yoga-comunicazione-nonviolenta","status":"publish","type":"post","link":"https:\/\/www.pressenza.com\/it\/2016\/09\/2-ottobre-yoga-comunicazione-nonviolenta\/","title":{"rendered":"2 ottobre: yoga e comunicazione nonviolenta"},"content":{"rendered":"<p><em>Pubblichiamo volentieri questo contributo di Stefano Avanzi, insegnante di yoga e socio fondatore del Centro di Nonviolenza Attiva. <\/em><\/p>\n<p>In un\u2019epoca caratterizzata da forme di violenza sempre pi\u00f9 radicate e mediatiche, in cui la spirale di violenza sembra inevitabilmente destinata a crescere, potrebbe aiutarci rispondere a una semplice domanda: \u201c Preferisci avere ragione o essere felice?\u201d<\/p>\n<p>In occasione della Giornata Internazionale della Nonviolenza, quest\u2019anno il\u00a0<strong>Centro di Nonviolenza Attiva<\/strong>\u00a0in collaborazione con l\u2019associazione <strong>SoloYoga a.s.a<\/strong>. organizza un seminario dal titolo \u201c<strong>Yoga e Comunicazione Nonviolenta\u201d, \u00a0<\/strong>rivolto a futuri insegnanti di yoga e a tutti quelli che vorrebbero migliorare la qualit\u00e0 nelle loro relazioni.<\/p>\n<p><strong>Il seminario si svolger\u00e0<\/strong> <strong>domenica 2 ottobre dalle 9.00 alle 17.00<\/strong> <strong>presso il centro Tom&amp;Gerry FitClub di San Giuliano Milanese.<\/strong><\/p>\n<p>Una comunicazione di qualit\u00e0 con se stessi e con gli altri \u00e8 oggi una delle competenze pi\u00f9 preziose, anche per un insegnante yoga. Le tecniche dinamiche di Comunicazione Nonviolenta (CNV) possono migliorare la salute e creare relazioni basate sull\u2019empatia reciproca, in famiglia, con gli amici, sul lavoro e con i propri allievi.<\/p>\n<p>La Comunicazione Nonviolenta \u00e8 un metodo ideato da Marshall Rosemberg negli anni Sessanta\u00a0per entrare in relazione con se stessi e con gli altri, educandoci ad avere una grande chiarezza su ci\u00f2 che sentiamo e su ci\u00f2 che sta all&#8217;origine di questo sentire. Secondo Rosemberg una volta che diventiamo consapevoli e connessi ai nostri bisogni e alle nostre emozioni, stabiliamo un legame con la nostra vita. La consapevolezza dei nostri bisogni profondi e di quelli degli altri ci porta naturalmente a trovare modi e strategie concreti per soddisfarli entrambi.<\/p>\n<p>Il corso nasce dell\u2019interesse di approfondire i temi della nonviolenza con futuri inseganti di yoga. Come insegnante di yoga nelle mie lezioni e nei seminari ho sempre pensato che il mio ruolo dovesse essere non quello di \u201cinsegnare\u201d le pratiche (asana, respirazione, meditazione), quanto quello di accompagnare i partecipanti a migliorare la loro vita, sopra il tappetino e anche fuori.<\/p>\n<p>Lo yoga, come la nonviolenza, \u00e8 una metodologia di azione, un modo di pensare e di agire nel mondo secondo un approccio basato sulla propria esperienza diretta e basato su una visione strutturale e dinamica del mondo. In fondo la parola yoga significa \u201cunione\u201d, il superamento della dualit\u00e0 per raggiungere l\u2019unit\u00e0, cos\u00ec come nella comunicazione nonviolenta si cerca di raggiungere una migliore qualit\u00e0 della relazione attraverso una profonda connessione empatica con se stessi e con gli altri.<\/p>\n<p>Gli uomini sono come dei pozzi: ognuno pu\u00f2 avere forme diverse, essere costruito con materiali differenti, attingere pi\u00f9 o meno acqua, ma andando in profondit\u00e0, ricercando una maggiore connessione con se stessi, ci si accorge che quell\u2019acqua fa parte di un\u2019unica grande falda, si scopre di essere &#8220;tutti&#8221; quella stessa acqua.<\/p>\n<p>Come socio fondatore del Centro di Nonviolenza Attiva ho partecipato a diversi progetti sui temi della nonviolenza: mi sono occupato di comunicazione, di formazione, di progetti artistici, di yoga e il filo conduttore \u00e8 sempre stato quello di provare ad accompagnare le persone a una maggiore connessione empatica, con se stessi e con gli altri. Si tratta di uno stato naturale che tutti noi da bambini abbiamo fortemente sperimentato, ma che poi alcuni nel tempo hanno perso, condizionati da una societ\u00e0 che ci \u201cprogramma\u201d a pensare nella maniera giusta e non ci \u201ceduca\u201d invece a sentire cosa \u00e8 vivo in noi e negli altri.<\/p>\n<p>Per informazioni e prenotazioni contattare <a href=\"mailto:info@soloyoga.eu\">info@soloyoga.eu<\/a><\/p>\n","protected":false},"excerpt":{"rendered":"<p>Pubblichiamo volentieri questo contributo di Stefano Avanzi, insegnante di yoga e socio fondatore del Centro di Nonviolenza Attiva. In un\u2019epoca caratterizzata da forme di violenza sempre pi\u00f9 radicate e mediatiche, in cui la spirale di violenza sembra inevitabilmente destinata a&hellip;<\/p>\n","protected":false},"author":594,"featured_media":374392,"comment_status":"closed","ping_status":"closed","sticky":false,"template":"","format":"standard","meta":{"footnotes":""},"categories":[47,1262],"tags":[719,20102,25169,31020],"class_list":["post-374391","post","type-post","status-publish","format-standard","has-post-thumbnail","hentry","category-europa","category-nonviolenza-argomento","tag-2-ottobre","tag-centro-di-nonviolenza-attiva","tag-comunicazione-nonviolenta","tag-yoga"],"yoast_head":"<!-- This site is optimized with the Yoast SEO plugin v27.1.1 - https:\/\/yoast.com\/product\/yoast-seo-wordpress\/ -->\n<title>2 ottobre: yoga e comunicazione nonviolenta<\/title>\n<meta name=\"description\" content=\"Pubblichiamo volentieri questo contributo di Stefano Avanzi, insegnante di yoga e socio fondatore del Centro di Nonviolenza Attiva. In un\u2019epoca\" \/>\n<meta name=\"robots\" content=\"index, follow, max-snippet:-1, max-image-preview:large, max-video-preview:-1\" \/>\n<link rel=\"canonical\" href=\"https:\/\/www.pressenza.com\/it\/2016\/09\/2-ottobre-yoga-comunicazione-nonviolenta\/\" \/>\n<meta property=\"og:locale\" content=\"it_IT\" \/>\n<meta property=\"og:type\" content=\"article\" \/>\n<meta property=\"og:title\" content=\"2 ottobre: yoga e comunicazione nonviolenta\" \/>\n<meta property=\"og:description\" content=\"Pubblichiamo volentieri questo contributo di Stefano Avanzi, insegnante di yoga e socio fondatore del Centro di Nonviolenza Attiva. In un\u2019epoca\" \/>\n<meta property=\"og:url\" content=\"https:\/\/www.pressenza.com\/it\/2016\/09\/2-ottobre-yoga-comunicazione-nonviolenta\/\" \/>\n<meta property=\"og:site_name\" content=\"Pressenza\" \/>\n<meta property=\"article:publisher\" content=\"https:\/\/www.facebook.com\/PressenzaItalia\" \/>\n<meta property=\"article:author\" content=\"https:\/\/www.facebook.com\/PressenzaItalia\" \/>\n<meta property=\"article:published_time\" content=\"2016-09-27T14:51:18+00:00\" \/>\n<meta property=\"og:image\" content=\"https:\/\/www.pressenza.com\/wp-content\/uploads\/2016\/09\/puzzle.jpg\" \/>\n\t<meta property=\"og:image:width\" content=\"960\" \/>\n\t<meta property=\"og:image:height\" content=\"478\" \/>\n\t<meta property=\"og:image:type\" content=\"image\/jpeg\" \/>\n<meta name=\"author\" content=\"Redazione Italia\" \/>\n<meta name=\"twitter:card\" content=\"summary_large_image\" \/>\n<meta name=\"twitter:creator\" content=\"@pressenza_it\" \/>\n<meta name=\"twitter:site\" content=\"@PressenzaIPA\" \/>\n<meta name=\"twitter:label1\" content=\"Scritto da\" \/>\n\t<meta name=\"twitter:data1\" content=\"Redazione Italia\" \/>\n\t<meta name=\"twitter:label2\" content=\"Tempo di lettura stimato\" \/>\n\t<meta name=\"twitter:data2\" content=\"3 minuti\" \/>\n<script type=\"application\/ld+json\" class=\"yoast-schema-graph\">{\"@context\":\"https:\/\/schema.org\",\"@graph\":[{\"@type\":\"Article\",\"@id\":\"https:\/\/www.pressenza.com\/it\/2016\/09\/2-ottobre-yoga-comunicazione-nonviolenta\/#article\",\"isPartOf\":{\"@id\":\"https:\/\/www.pressenza.com\/it\/2016\/09\/2-ottobre-yoga-comunicazione-nonviolenta\/\"},\"author\":{\"name\":\"Redazione Italia\",\"@id\":\"https:\/\/www.pressenza.com\/it\/#\/schema\/person\/d983e81827ae24f2c7b1a2123d197f8d\"},\"headline\":\"2 ottobre: yoga e comunicazione nonviolenta\",\"datePublished\":\"2016-09-27T14:51:18+00:00\",\"mainEntityOfPage\":{\"@id\":\"https:\/\/www.pressenza.com\/it\/2016\/09\/2-ottobre-yoga-comunicazione-nonviolenta\/\"},\"wordCount\":571,\"publisher\":{\"@id\":\"https:\/\/www.pressenza.com\/it\/#organization\"},\"image\":{\"@id\":\"https:\/\/www.pressenza.com\/it\/2016\/09\/2-ottobre-yoga-comunicazione-nonviolenta\/#primaryimage\"},\"thumbnailUrl\":\"https:\/\/www.pressenza.com\/wp-content\/uploads\/2016\/09\/puzzle.jpg\",\"keywords\":[\"2 ottobre\",\"Centro di Nonviolenza Attiva\",\"Comunicazione Nonviolenta\",\"yoga\"],\"articleSection\":[\"Europa\",\"Nonviolenza\"],\"inLanguage\":\"it-IT\"},{\"@type\":\"WebPage\",\"@id\":\"https:\/\/www.pressenza.com\/it\/2016\/09\/2-ottobre-yoga-comunicazione-nonviolenta\/\",\"url\":\"https:\/\/www.pressenza.com\/it\/2016\/09\/2-ottobre-yoga-comunicazione-nonviolenta\/\",\"name\":\"2 ottobre: yoga e comunicazione nonviolenta\",\"isPartOf\":{\"@id\":\"https:\/\/www.pressenza.com\/it\/#website\"},\"primaryImageOfPage\":{\"@id\":\"https:\/\/www.pressenza.com\/it\/2016\/09\/2-ottobre-yoga-comunicazione-nonviolenta\/#primaryimage\"},\"image\":{\"@id\":\"https:\/\/www.pressenza.com\/it\/2016\/09\/2-ottobre-yoga-comunicazione-nonviolenta\/#primaryimage\"},\"thumbnailUrl\":\"https:\/\/www.pressenza.com\/wp-content\/uploads\/2016\/09\/puzzle.jpg\",\"datePublished\":\"2016-09-27T14:51:18+00:00\",\"description\":\"Pubblichiamo volentieri questo contributo di Stefano Avanzi, insegnante di yoga e socio fondatore del Centro di Nonviolenza Attiva. In un\u2019epoca\",\"breadcrumb\":{\"@id\":\"https:\/\/www.pressenza.com\/it\/2016\/09\/2-ottobre-yoga-comunicazione-nonviolenta\/#breadcrumb\"},\"inLanguage\":\"it-IT\",\"potentialAction\":[{\"@type\":\"ReadAction\",\"target\":[\"https:\/\/www.pressenza.com\/it\/2016\/09\/2-ottobre-yoga-comunicazione-nonviolenta\/\"]}]},{\"@type\":\"ImageObject\",\"inLanguage\":\"it-IT\",\"@id\":\"https:\/\/www.pressenza.com\/it\/2016\/09\/2-ottobre-yoga-comunicazione-nonviolenta\/#primaryimage\",\"url\":\"https:\/\/www.pressenza.com\/wp-content\/uploads\/2016\/09\/puzzle.jpg\",\"contentUrl\":\"https:\/\/www.pressenza.com\/wp-content\/uploads\/2016\/09\/puzzle.jpg\",\"width\":960,\"height\":478},{\"@type\":\"BreadcrumbList\",\"@id\":\"https:\/\/www.pressenza.com\/it\/2016\/09\/2-ottobre-yoga-comunicazione-nonviolenta\/#breadcrumb\",\"itemListElement\":[{\"@type\":\"ListItem\",\"position\":1,\"name\":\"Accueil\",\"item\":\"https:\/\/www.pressenza.com\/it\/\"},{\"@type\":\"ListItem\",\"position\":2,\"name\":\"2 ottobre: yoga e comunicazione nonviolenta\"}]},{\"@type\":\"WebSite\",\"@id\":\"https:\/\/www.pressenza.com\/it\/#website\",\"url\":\"https:\/\/www.pressenza.com\/it\/\",\"name\":\"Pressenza\",\"description\":\"Agenzia di Stampa Internazionale\",\"publisher\":{\"@id\":\"https:\/\/www.pressenza.com\/it\/#organization\"},\"potentialAction\":[{\"@type\":\"SearchAction\",\"target\":{\"@type\":\"EntryPoint\",\"urlTemplate\":\"https:\/\/www.pressenza.com\/it\/?s={search_term_string}\"},\"query-input\":{\"@type\":\"PropertyValueSpecification\",\"valueRequired\":true,\"valueName\":\"search_term_string\"}}],\"inLanguage\":\"it-IT\"},{\"@type\":\"Organization\",\"@id\":\"https:\/\/www.pressenza.com\/it\/#organization\",\"name\":\"Pressenza\",\"url\":\"https:\/\/www.pressenza.com\/it\/\",\"logo\":{\"@type\":\"ImageObject\",\"inLanguage\":\"it-IT\",\"@id\":\"https:\/\/www.pressenza.com\/it\/#\/schema\/logo\/image\/\",\"url\":\"https:\/\/www.pressenza.com\/wp-content\/uploads\/2022\/10\/pressenza_logo_200x200.jpg\",\"contentUrl\":\"https:\/\/www.pressenza.com\/wp-content\/uploads\/2022\/10\/pressenza_logo_200x200.jpg\",\"width\":200,\"height\":200,\"caption\":\"Pressenza\"},\"image\":{\"@id\":\"https:\/\/www.pressenza.com\/it\/#\/schema\/logo\/image\/\"},\"sameAs\":[\"https:\/\/www.facebook.com\/PressenzaItalia\",\"https:\/\/x.com\/PressenzaIPA\"]},{\"@type\":\"Person\",\"@id\":\"https:\/\/www.pressenza.com\/it\/#\/schema\/person\/d983e81827ae24f2c7b1a2123d197f8d\",\"name\":\"Redazione Italia\",\"description\":\"News from the Pressenza Bureau in Italy\",\"sameAs\":[\"https:\/\/www.pressenza.com\/it\/author\/redazione-italia\/\",\"https:\/\/www.facebook.com\/PressenzaItalia\",\"https:\/\/www.instagram.com\/pressenza_italia\/\",\"https:\/\/x.com\/pressenza_it\",\"https:\/\/www.youtube.com\/channel\/UCSalEIWjE1RSxkwjfftFuqg\"],\"url\":\"https:\/\/www.pressenza.com\/it\/author\/redazione-italia\/\"}]}<\/script>\n<!-- \/ Yoast SEO plugin. -->","yoast_head_json":{"title":"2 ottobre: yoga e comunicazione nonviolenta","description":"Pubblichiamo volentieri questo contributo di Stefano Avanzi, insegnante di yoga e socio fondatore del Centro di Nonviolenza Attiva. In un\u2019epoca","robots":{"index":"index","follow":"follow","max-snippet":"max-snippet:-1","max-image-preview":"max-image-preview:large","max-video-preview":"max-video-preview:-1"},"canonical":"https:\/\/www.pressenza.com\/it\/2016\/09\/2-ottobre-yoga-comunicazione-nonviolenta\/","og_locale":"it_IT","og_type":"article","og_title":"2 ottobre: yoga e comunicazione nonviolenta","og_description":"Pubblichiamo volentieri questo contributo di Stefano Avanzi, insegnante di yoga e socio fondatore del Centro di Nonviolenza Attiva. In un\u2019epoca","og_url":"https:\/\/www.pressenza.com\/it\/2016\/09\/2-ottobre-yoga-comunicazione-nonviolenta\/","og_site_name":"Pressenza","article_publisher":"https:\/\/www.facebook.com\/PressenzaItalia","article_author":"https:\/\/www.facebook.com\/PressenzaItalia","article_published_time":"2016-09-27T14:51:18+00:00","og_image":[{"width":960,"height":478,"url":"https:\/\/www.pressenza.com\/wp-content\/uploads\/2016\/09\/puzzle.jpg","type":"image\/jpeg"}],"author":"Redazione Italia","twitter_card":"summary_large_image","twitter_creator":"@pressenza_it","twitter_site":"@PressenzaIPA","twitter_misc":{"Scritto da":"Redazione Italia","Tempo di lettura stimato":"3 minuti"},"schema":{"@context":"https:\/\/schema.org","@graph":[{"@type":"Article","@id":"https:\/\/www.pressenza.com\/it\/2016\/09\/2-ottobre-yoga-comunicazione-nonviolenta\/#article","isPartOf":{"@id":"https:\/\/www.pressenza.com\/it\/2016\/09\/2-ottobre-yoga-comunicazione-nonviolenta\/"},"author":{"name":"Redazione Italia","@id":"https:\/\/www.pressenza.com\/it\/#\/schema\/person\/d983e81827ae24f2c7b1a2123d197f8d"},"headline":"2 ottobre: yoga e comunicazione nonviolenta","datePublished":"2016-09-27T14:51:18+00:00","mainEntityOfPage":{"@id":"https:\/\/www.pressenza.com\/it\/2016\/09\/2-ottobre-yoga-comunicazione-nonviolenta\/"},"wordCount":571,"publisher":{"@id":"https:\/\/www.pressenza.com\/it\/#organization"},"image":{"@id":"https:\/\/www.pressenza.com\/it\/2016\/09\/2-ottobre-yoga-comunicazione-nonviolenta\/#primaryimage"},"thumbnailUrl":"https:\/\/www.pressenza.com\/wp-content\/uploads\/2016\/09\/puzzle.jpg","keywords":["2 ottobre","Centro di Nonviolenza Attiva","Comunicazione Nonviolenta","yoga"],"articleSection":["Europa","Nonviolenza"],"inLanguage":"it-IT"},{"@type":"WebPage","@id":"https:\/\/www.pressenza.com\/it\/2016\/09\/2-ottobre-yoga-comunicazione-nonviolenta\/","url":"https:\/\/www.pressenza.com\/it\/2016\/09\/2-ottobre-yoga-comunicazione-nonviolenta\/","name":"2 ottobre: yoga e comunicazione nonviolenta","isPartOf":{"@id":"https:\/\/www.pressenza.com\/it\/#website"},"primaryImageOfPage":{"@id":"https:\/\/www.pressenza.com\/it\/2016\/09\/2-ottobre-yoga-comunicazione-nonviolenta\/#primaryimage"},"image":{"@id":"https:\/\/www.pressenza.com\/it\/2016\/09\/2-ottobre-yoga-comunicazione-nonviolenta\/#primaryimage"},"thumbnailUrl":"https:\/\/www.pressenza.com\/wp-content\/uploads\/2016\/09\/puzzle.jpg","datePublished":"2016-09-27T14:51:18+00:00","description":"Pubblichiamo volentieri questo contributo di Stefano Avanzi, insegnante di yoga e socio fondatore del Centro di Nonviolenza Attiva. In un\u2019epoca","breadcrumb":{"@id":"https:\/\/www.pressenza.com\/it\/2016\/09\/2-ottobre-yoga-comunicazione-nonviolenta\/#breadcrumb"},"inLanguage":"it-IT","potentialAction":[{"@type":"ReadAction","target":["https:\/\/www.pressenza.com\/it\/2016\/09\/2-ottobre-yoga-comunicazione-nonviolenta\/"]}]},{"@type":"ImageObject","inLanguage":"it-IT","@id":"https:\/\/www.pressenza.com\/it\/2016\/09\/2-ottobre-yoga-comunicazione-nonviolenta\/#primaryimage","url":"https:\/\/www.pressenza.com\/wp-content\/uploads\/2016\/09\/puzzle.jpg","contentUrl":"https:\/\/www.pressenza.com\/wp-content\/uploads\/2016\/09\/puzzle.jpg","width":960,"height":478},{"@type":"BreadcrumbList","@id":"https:\/\/www.pressenza.com\/it\/2016\/09\/2-ottobre-yoga-comunicazione-nonviolenta\/#breadcrumb","itemListElement":[{"@type":"ListItem","position":1,"name":"Accueil","item":"https:\/\/www.pressenza.com\/it\/"},{"@type":"ListItem","position":2,"name":"2 ottobre: yoga e comunicazione nonviolenta"}]},{"@type":"WebSite","@id":"https:\/\/www.pressenza.com\/it\/#website","url":"https:\/\/www.pressenza.com\/it\/","name":"Pressenza","description":"Agenzia di Stampa Internazionale","publisher":{"@id":"https:\/\/www.pressenza.com\/it\/#organization"},"potentialAction":[{"@type":"SearchAction","target":{"@type":"EntryPoint","urlTemplate":"https:\/\/www.pressenza.com\/it\/?s={search_term_string}"},"query-input":{"@type":"PropertyValueSpecification","valueRequired":true,"valueName":"search_term_string"}}],"inLanguage":"it-IT"},{"@type":"Organization","@id":"https:\/\/www.pressenza.com\/it\/#organization","name":"Pressenza","url":"https:\/\/www.pressenza.com\/it\/","logo":{"@type":"ImageObject","inLanguage":"it-IT","@id":"https:\/\/www.pressenza.com\/it\/#\/schema\/logo\/image\/","url":"https:\/\/www.pressenza.com\/wp-content\/uploads\/2022\/10\/pressenza_logo_200x200.jpg","contentUrl":"https:\/\/www.pressenza.com\/wp-content\/uploads\/2022\/10\/pressenza_logo_200x200.jpg","width":200,"height":200,"caption":"Pressenza"},"image":{"@id":"https:\/\/www.pressenza.com\/it\/#\/schema\/logo\/image\/"},"sameAs":["https:\/\/www.facebook.com\/PressenzaItalia","https:\/\/x.com\/PressenzaIPA"]},{"@type":"Person","@id":"https:\/\/www.pressenza.com\/it\/#\/schema\/person\/d983e81827ae24f2c7b1a2123d197f8d","name":"Redazione Italia","description":"News from the Pressenza Bureau in Italy","sameAs":["https:\/\/www.pressenza.com\/it\/author\/redazione-italia\/","https:\/\/www.facebook.com\/PressenzaItalia","https:\/\/www.instagram.com\/pressenza_italia\/","https:\/\/x.com\/pressenza_it","https:\/\/www.youtube.com\/channel\/UCSalEIWjE1RSxkwjfftFuqg"],"url":"https:\/\/www.pressenza.com\/it\/author\/redazione-italia\/"}]}},"place":"","original_article_url":"","_links":{"self":[{"href":"https:\/\/www.pressenza.com\/it\/wp-json\/wp\/v2\/posts\/374391","targetHints":{"allow":["GET"]}}],"collection":[{"href":"https:\/\/www.pressenza.com\/it\/wp-json\/wp\/v2\/posts"}],"about":[{"href":"https:\/\/www.pressenza.com\/it\/wp-json\/wp\/v2\/types\/post"}],"author":[{"embeddable":true,"href":"https:\/\/www.pressenza.com\/it\/wp-json\/wp\/v2\/users\/594"}],"replies":[{"embeddable":true,"href":"https:\/\/www.pressenza.com\/it\/wp-json\/wp\/v2\/comments?post=374391"}],"version-history":[{"count":0,"href":"https:\/\/www.pressenza.com\/it\/wp-json\/wp\/v2\/posts\/374391\/revisions"}],"wp:featuredmedia":[{"embeddable":true,"href":"https:\/\/www.pressenza.com\/it\/wp-json\/wp\/v2\/media\/374392"}],"wp:attachment":[{"href":"https:\/\/www.pressenza.com\/it\/wp-json\/wp\/v2\/media?parent=374391"}],"wp:term":[{"taxonomy":"category","embeddable":true,"href":"https:\/\/www.pressenza.com\/it\/wp-json\/wp\/v2\/categories?post=374391"},{"taxonomy":"post_tag","embeddable":true,"href":"https:\/\/www.pressenza.com\/it\/wp-json\/wp\/v2\/tags?post=374391"}],"curies":[{"name":"wp","href":"https:\/\/api.w.org\/{rel}","templated":true}]}}