{"id":373903,"date":"2016-09-26T20:55:18","date_gmt":"2016-09-26T19:55:18","guid":{"rendered":"http:\/\/www.pressenza.com\/it\/?p=373903"},"modified":"2016-09-27T07:25:23","modified_gmt":"2016-09-27T06:25:23","slug":"milano-parte-laboratorio-educazione-alla-nonviolenza","status":"publish","type":"post","link":"https:\/\/www.pressenza.com\/it\/2016\/09\/milano-parte-laboratorio-educazione-alla-nonviolenza\/","title":{"rendered":"Milano, parte il laboratorio di Educazione alla Nonviolenza"},"content":{"rendered":"<p><em>Il laboratorio di Educazione alla Nonviolenza, organizzato dal\u00a0Centro di Nonviolenza Attiva,\u00a0prender\u00e0 il via il prossimo 9 ottobre e proseguir\u00e0 con cinque incontri, fino al 4 dicembre. Ne parliamo con Simona Pavesi, volontaria del Centro e referente del laboratorio.<\/em><\/p>\n<p><strong>Quali sono gli obiettivi del laboratorio?<\/strong><\/p>\n<p>L&#8217;obiettivo del laboratorio \u00e8 imparare come praticare la Nonviolenza Attiva quotidianamente e come trasferirla nell\u2019ambito educativo, attraverso un percorso di incontri esperienziali, che coinvolgono sia l\u2019aspetto razionale che quello emotivo, basati sul metodo della pedagogia della Nonviolenza secondo l\u2019Umanesimo Universalista.<\/p>\n<p>La nonviolenza attiva \u00e8 uno stile di vita che parte dal riconoscimento della sofferenza e della violenza interna ed esterna, a livello personale e sociale; \u00e8 un metodo che favorisce l\u2019azione nonviolenta e quindi il superamento della sofferenza.<\/p>\n<p>E&#8217; necessario impararla per superare le nostre sofferenze individuali e diffonderla nei nostri ambienti pi\u00f9 vicini: la famiglia, la scuola dei nostri figli, il luogo di lavoro.<\/p>\n<p>Siamo fermamente convinti che solamente attraverso un\u2019educazione diffusa, a partire dalle scuole, dalle famiglie, dalla comunit\u00e0 \u00e8 possibile rompere l\u2019automatismo dell\u2019occhio per occhio dente per dente e la spirale di violenza in cui siamo coinvolti.<\/p>\n<p><strong>A chi \u00e8 rivolto il laboratorio?<\/strong><\/p>\n<p>A tutti gli adulti che sono alla ricerca di un presente e di un futuro migliore, che sono curiosi e disposti a cercare delle risposte diverse, creative e coraggiose, per scardinare gli automatismi che ci generano sofferenza. In particolare \u00e8 rivolto ai docenti, formatori ed educatori che stanno cercando un nuovo modo di essere guida per il loro gruppo classe, a studenti e studentesse universitarie o laureandi in scienze sociali che stanno approcciando la loro professione.<strong>\u00a0<\/strong><\/p>\n<p><strong>Come si inserisce nell&#8217;attivit\u00e0 del Centro di Nonviolenza Attiva che avete aperto nel gennaio di quest&#8217;anno?<\/strong><\/p>\n<p>Il laboratorio \u00e8 il nostro progetto formativo. Chi vi partecipa al termine dei 5 incontri ha la giusta esperienza e le informazioni per poter partecipare come volontario al progetto &#8220;Educazione alla nonviolenza a Milano&#8221; patrocinato dall\u2019Assessorato all\u2019Educazione e Istruzione del Comune di Milano, o proporre al Centro un suo progetto personale di Nonviolenza.<\/p>\n<p>Il laboratorio si basa sulle reciprocit\u00e0; per questo \u00e8 gratuito. Ogni volontario del centro d\u00e0 quello che a sua volta ha ricevuto gratuitamente.<\/p>\n<p><strong>Avete ormai alle spalle una lunga esperienza di laboratori di\u00a0questo tipo, anche prima dell&#8217;apertura del <\/strong><strong>Centro.\u00a0 Quali risultati sentite di aver raggiunto?<\/strong><strong>\u00a0<\/strong><\/p>\n<p>Il primo risultato sono gli sguardi di chi partecipa, quando comprende che c\u2019\u00e8 un\u2019altra possibilit\u00e0 di agire, diversa dal solito automatismo. Poi ci sono le testimonianze di chi applica e replica l\u2019esperienza fatta nel laboratorio nel proprio ambito, con gli alunni in classe, con un collega al lavoro, con i figli in famiglia. Poi c\u2019\u00e8 chi addirittura costruisce il proprio progetto di nonviolenza e pu\u00f2 capitare, come \u00e8 successo a Noemi, che il laboratorio diventi l\u2019ispirazione per una tesi di laurea all\u2019universit\u00e0 Bicocca sulla pedagogia di un\u2019educazione nonviolenta.<\/p>\n<p><strong>Quali sono per te personalmente il valore e il significato di questa esperienza?<\/strong><\/p>\n<p>La mia personale esperienza \u00e8 di totale arricchimento. Ogni volta che si ripete un ciclo di incontri \u00e8 sempre pi\u00f9 interessante della precedente e nuovi apprendimenti non mancano mai. Il laboratorio \u00e8 fatto di informazioni, ma anche di relazioni, di un ambito formato sempre da persone diverse, di studi, di incontri preparatori, di confronti. E tutto questo non \u00e8 in esclusiva per me, \u00e8 l&#8217;esperienza di arricchimento che accomuna chi partecipa e tutti i volontari del centro.<\/p>\n<p><a href=\"http:\/\/www.centrononviolenzattiva.org\/index.php\/2016\/09\/01\/laboratorio-nonviolenza-educazione-ottobre-2016\/\">http:\/\/www.centrononviolenzattiva.org\/index.php\/2016\/09\/01\/laboratorio-nonviolenza-educazione-ottobre-2016\/<\/a><\/p>\n<p>&nbsp;<\/p>\n<p style=\"text-align: center;\"><strong>PROGRAMMA<\/strong><\/p>\n<p><strong>1)\u00a0IO\u00a0VOGLIO,\u00a0TU\u00a0NON\u00a0VUOI.\u00a0<\/strong><\/p>\n<p><em><strong>I\u00a0meccanismi\u00a0della\u00a0violenza\u00a0e\u00a0la\u00a0relazione\u00a0con\u00a0gli\u00a0altri<\/strong><\/em><\/p>\n<p><strong>Domenica\u00a09\u00a0ottobre\u00a02016\u00a0dalle 14:30 alle 18:30<\/strong><strong>\u00a0<\/strong><\/p>\n<p><strong>2)\u00a0DI\u00a0CHI\u00a0\u00c8\u00a0LA\u00a0COLPA?<\/strong><\/p>\n<p><em><strong>Alla\u00a0scoperta\u00a0del\u00a0corpo\u00a0cosciente<\/strong><\/em><\/p>\n<p><strong>Domenica\u00a023\u00a0ottobre\u00a02016\u00a0dalle 14:30 alle 18:30<\/strong><\/p>\n<p><strong>3)\u00a0COME INSEGNARE LA COMUNICAZIONE NONVIOLENTA?\u00a0<\/strong><\/p>\n<p><em><strong>Teorie,\u00a0strumenti\u00a0ed\u00a0esercizi.<\/strong><\/em><\/p>\n<p><strong>Domenica\u00a06\u00a0novembre\u00a02016\u00a0dalle 14:30 alle 18:30<\/strong><\/p>\n<p><strong>4)\u00a0I\u00a0PUNTI\u00a0DI\u00a0FORZA,\u00a0LA\u00a0COERENZA\u00a0E\u00a0LA\u00a0REGOLA\u00a0AUREA.\u00a0<\/strong><\/p>\n<p><em><strong>L\u2019applicazione\u00a0del metodo\u00a0della\u00a0Nonviolenza secondo l\u2019Umanesimo Universalista<\/strong><\/em><\/p>\n<p><strong>Domenica\u00a020\u00a0novembre\u00a02016\u00a0dalle 14:30 alle 18:30<\/strong><\/p>\n<p><strong>5) LA\u00a0GUIDA E L\u2019APPRENDIMENTO COOPERATIVO.\u00a0<\/strong><\/p>\n<p><em><strong>L\u2019educatore\u00a0come\u00a0guida\u00a0e\u00a0non\u00a0come\u00a0autorit\u00e0\u00a0conflittuale<\/strong><\/em><\/p>\n<p><strong>Domenica\u00a04\u00a0dicembre\u00a02016\u00a0dalle 14:30 alle 18:30<\/strong><\/p>\n<p>Il laboratorio \u00e8 gratuito. E&#8217; gradito un contributo per finanziare le attivit\u00e0 di volontariato del Centro.<\/p>\n<p><strong>Contatti:\u00a0<\/strong><br \/>\nPer iscrizioni: <a href=\"mailto:laboratori@centrononviolenzattiva.org\">laboratori@centrononviolenzattiva.org<\/a><br \/>\nPer informazioni: Simona 335 7796960<\/p>\n<p>&nbsp;<\/p>\n","protected":false},"excerpt":{"rendered":"<p>Il laboratorio di Educazione alla Nonviolenza, organizzato dal\u00a0Centro di Nonviolenza Attiva,\u00a0prender\u00e0 il via il prossimo 9 ottobre e proseguir\u00e0 con cinque incontri, fino al 4 dicembre. Ne parliamo con Simona Pavesi, volontaria del Centro e referente del laboratorio. Quali sono&hellip;<\/p>\n","protected":false},"author":500,"featured_media":374293,"comment_status":"closed","ping_status":"closed","sticky":false,"template":"","format":"standard","meta":{"footnotes":""},"categories":[11388,1258,47,157,1262],"tags":[20102,30978,286],"class_list":["post-373903","post","type-post","status-publish","format-standard","has-post-thumbnail","hentry","category-contenuti-originali","category-educazione","category-europa","category-interviste","category-nonviolenza-argomento","tag-centro-di-nonviolenza-attiva","tag-laboratorio-di-educazione-alla-nonviolenza","tag-milano"],"yoast_head":"<!-- This site is optimized with the Yoast SEO plugin v27.1.1 - https:\/\/yoast.com\/product\/yoast-seo-wordpress\/ -->\n<title>Milano, parte il laboratorio di Educazione alla Nonviolenza<\/title>\n<meta name=\"description\" content=\"Il laboratorio di Educazione alla Nonviolenza, organizzato dal\u00a0Centro di Nonviolenza Attiva,\u00a0prender\u00e0 il via il prossimo 9 ottobre e proseguir\u00e0 con cinque\" \/>\n<meta name=\"robots\" content=\"index, follow, max-snippet:-1, max-image-preview:large, max-video-preview:-1\" \/>\n<link rel=\"canonical\" href=\"https:\/\/www.pressenza.com\/it\/2016\/09\/milano-parte-laboratorio-educazione-alla-nonviolenza\/\" \/>\n<meta property=\"og:locale\" content=\"it_IT\" \/>\n<meta property=\"og:type\" content=\"article\" \/>\n<meta property=\"og:title\" content=\"Milano, parte il laboratorio di Educazione alla Nonviolenza\" \/>\n<meta property=\"og:description\" content=\"Il laboratorio di Educazione alla Nonviolenza, organizzato dal\u00a0Centro di Nonviolenza Attiva,\u00a0prender\u00e0 il via il prossimo 9 ottobre e proseguir\u00e0 con cinque\" \/>\n<meta property=\"og:url\" content=\"https:\/\/www.pressenza.com\/it\/2016\/09\/milano-parte-laboratorio-educazione-alla-nonviolenza\/\" \/>\n<meta property=\"og:site_name\" content=\"Pressenza\" \/>\n<meta property=\"article:publisher\" content=\"https:\/\/www.facebook.com\/PressenzaItalia\" \/>\n<meta property=\"article:published_time\" content=\"2016-09-26T19:55:18+00:00\" \/>\n<meta property=\"article:modified_time\" content=\"2016-09-27T06:25:23+00:00\" \/>\n<meta property=\"og:image\" content=\"https:\/\/www.pressenza.com\/wp-content\/uploads\/2016\/09\/foto-pressenza.jpg\" \/>\n\t<meta property=\"og:image:width\" content=\"1772\" \/>\n\t<meta property=\"og:image:height\" content=\"1427\" \/>\n\t<meta property=\"og:image:type\" content=\"image\/jpeg\" \/>\n<meta name=\"author\" content=\"Anna Polo\" \/>\n<meta name=\"twitter:card\" content=\"summary_large_image\" \/>\n<meta name=\"twitter:creator\" content=\"@PressenzaIPA\" \/>\n<meta name=\"twitter:site\" content=\"@PressenzaIPA\" \/>\n<meta name=\"twitter:label1\" content=\"Scritto da\" \/>\n\t<meta name=\"twitter:data1\" content=\"Anna Polo\" \/>\n\t<meta name=\"twitter:label2\" content=\"Tempo di lettura stimato\" \/>\n\t<meta name=\"twitter:data2\" content=\"3 minuti\" \/>\n<script type=\"application\/ld+json\" class=\"yoast-schema-graph\">{\"@context\":\"https:\/\/schema.org\",\"@graph\":[{\"@type\":\"Article\",\"@id\":\"https:\/\/www.pressenza.com\/it\/2016\/09\/milano-parte-laboratorio-educazione-alla-nonviolenza\/#article\",\"isPartOf\":{\"@id\":\"https:\/\/www.pressenza.com\/it\/2016\/09\/milano-parte-laboratorio-educazione-alla-nonviolenza\/\"},\"author\":{\"name\":\"Anna Polo\",\"@id\":\"https:\/\/www.pressenza.com\/it\/#\/schema\/person\/f361ce2dfe3d4331d5ae6840551ffe67\"},\"headline\":\"Milano, parte il laboratorio di Educazione alla Nonviolenza\",\"datePublished\":\"2016-09-26T19:55:18+00:00\",\"dateModified\":\"2016-09-27T06:25:23+00:00\",\"mainEntityOfPage\":{\"@id\":\"https:\/\/www.pressenza.com\/it\/2016\/09\/milano-parte-laboratorio-educazione-alla-nonviolenza\/\"},\"wordCount\":693,\"publisher\":{\"@id\":\"https:\/\/www.pressenza.com\/it\/#organization\"},\"image\":{\"@id\":\"https:\/\/www.pressenza.com\/it\/2016\/09\/milano-parte-laboratorio-educazione-alla-nonviolenza\/#primaryimage\"},\"thumbnailUrl\":\"https:\/\/www.pressenza.com\/wp-content\/uploads\/2016\/09\/foto-pressenza.jpg\",\"keywords\":[\"Centro di Nonviolenza Attiva\",\"Laboratorio di Educazione alla Nonviolenza\",\"Milano\"],\"articleSection\":[\"contenuti originali\",\"Educazione\",\"Europa\",\"Interviste\",\"Nonviolenza\"],\"inLanguage\":\"it-IT\"},{\"@type\":\"WebPage\",\"@id\":\"https:\/\/www.pressenza.com\/it\/2016\/09\/milano-parte-laboratorio-educazione-alla-nonviolenza\/\",\"url\":\"https:\/\/www.pressenza.com\/it\/2016\/09\/milano-parte-laboratorio-educazione-alla-nonviolenza\/\",\"name\":\"Milano, parte il laboratorio di Educazione alla Nonviolenza\",\"isPartOf\":{\"@id\":\"https:\/\/www.pressenza.com\/it\/#website\"},\"primaryImageOfPage\":{\"@id\":\"https:\/\/www.pressenza.com\/it\/2016\/09\/milano-parte-laboratorio-educazione-alla-nonviolenza\/#primaryimage\"},\"image\":{\"@id\":\"https:\/\/www.pressenza.com\/it\/2016\/09\/milano-parte-laboratorio-educazione-alla-nonviolenza\/#primaryimage\"},\"thumbnailUrl\":\"https:\/\/www.pressenza.com\/wp-content\/uploads\/2016\/09\/foto-pressenza.jpg\",\"datePublished\":\"2016-09-26T19:55:18+00:00\",\"dateModified\":\"2016-09-27T06:25:23+00:00\",\"description\":\"Il laboratorio di Educazione alla Nonviolenza, organizzato dal\u00a0Centro di Nonviolenza Attiva,\u00a0prender\u00e0 il via il prossimo 9 ottobre e proseguir\u00e0 con cinque\",\"breadcrumb\":{\"@id\":\"https:\/\/www.pressenza.com\/it\/2016\/09\/milano-parte-laboratorio-educazione-alla-nonviolenza\/#breadcrumb\"},\"inLanguage\":\"it-IT\",\"potentialAction\":[{\"@type\":\"ReadAction\",\"target\":[\"https:\/\/www.pressenza.com\/it\/2016\/09\/milano-parte-laboratorio-educazione-alla-nonviolenza\/\"]}]},{\"@type\":\"ImageObject\",\"inLanguage\":\"it-IT\",\"@id\":\"https:\/\/www.pressenza.com\/it\/2016\/09\/milano-parte-laboratorio-educazione-alla-nonviolenza\/#primaryimage\",\"url\":\"https:\/\/www.pressenza.com\/wp-content\/uploads\/2016\/09\/foto-pressenza.jpg\",\"contentUrl\":\"https:\/\/www.pressenza.com\/wp-content\/uploads\/2016\/09\/foto-pressenza.jpg\",\"width\":1772,\"height\":1427},{\"@type\":\"BreadcrumbList\",\"@id\":\"https:\/\/www.pressenza.com\/it\/2016\/09\/milano-parte-laboratorio-educazione-alla-nonviolenza\/#breadcrumb\",\"itemListElement\":[{\"@type\":\"ListItem\",\"position\":1,\"name\":\"Accueil\",\"item\":\"https:\/\/www.pressenza.com\/it\/\"},{\"@type\":\"ListItem\",\"position\":2,\"name\":\"Milano, parte il laboratorio di Educazione alla Nonviolenza\"}]},{\"@type\":\"WebSite\",\"@id\":\"https:\/\/www.pressenza.com\/it\/#website\",\"url\":\"https:\/\/www.pressenza.com\/it\/\",\"name\":\"Pressenza\",\"description\":\"Agenzia di Stampa Internazionale\",\"publisher\":{\"@id\":\"https:\/\/www.pressenza.com\/it\/#organization\"},\"potentialAction\":[{\"@type\":\"SearchAction\",\"target\":{\"@type\":\"EntryPoint\",\"urlTemplate\":\"https:\/\/www.pressenza.com\/it\/?s={search_term_string}\"},\"query-input\":{\"@type\":\"PropertyValueSpecification\",\"valueRequired\":true,\"valueName\":\"search_term_string\"}}],\"inLanguage\":\"it-IT\"},{\"@type\":\"Organization\",\"@id\":\"https:\/\/www.pressenza.com\/it\/#organization\",\"name\":\"Pressenza\",\"url\":\"https:\/\/www.pressenza.com\/it\/\",\"logo\":{\"@type\":\"ImageObject\",\"inLanguage\":\"it-IT\",\"@id\":\"https:\/\/www.pressenza.com\/it\/#\/schema\/logo\/image\/\",\"url\":\"https:\/\/www.pressenza.com\/wp-content\/uploads\/2022\/10\/pressenza_logo_200x200.jpg\",\"contentUrl\":\"https:\/\/www.pressenza.com\/wp-content\/uploads\/2022\/10\/pressenza_logo_200x200.jpg\",\"width\":200,\"height\":200,\"caption\":\"Pressenza\"},\"image\":{\"@id\":\"https:\/\/www.pressenza.com\/it\/#\/schema\/logo\/image\/\"},\"sameAs\":[\"https:\/\/www.facebook.com\/PressenzaItalia\",\"https:\/\/x.com\/PressenzaIPA\"]},{\"@type\":\"Person\",\"@id\":\"https:\/\/www.pressenza.com\/it\/#\/schema\/person\/f361ce2dfe3d4331d5ae6840551ffe67\",\"name\":\"Anna Polo\",\"description\":\"Impegnata per anni nel campo della pace e della nonviolenza, ha fatto parte dell'equipe relazioni della Marcia Mondiale per la Pace e la Nonviolenza e in seguito di Mondo senza guerre e senza violenza. Attualmente partecipa alla redazione italiana di Pressenza e si occupa principalmente del tema migrazioni, pubblicando articoli e interviste e organizzando eventi.\",\"url\":\"https:\/\/www.pressenza.com\/it\/author\/anna-polo\/\"}]}<\/script>\n<!-- \/ Yoast SEO plugin. -->","yoast_head_json":{"title":"Milano, parte il laboratorio di Educazione alla Nonviolenza","description":"Il laboratorio di Educazione alla Nonviolenza, organizzato dal\u00a0Centro di Nonviolenza Attiva,\u00a0prender\u00e0 il via il prossimo 9 ottobre e proseguir\u00e0 con cinque","robots":{"index":"index","follow":"follow","max-snippet":"max-snippet:-1","max-image-preview":"max-image-preview:large","max-video-preview":"max-video-preview:-1"},"canonical":"https:\/\/www.pressenza.com\/it\/2016\/09\/milano-parte-laboratorio-educazione-alla-nonviolenza\/","og_locale":"it_IT","og_type":"article","og_title":"Milano, parte il laboratorio di Educazione alla Nonviolenza","og_description":"Il laboratorio di Educazione alla Nonviolenza, organizzato dal\u00a0Centro di Nonviolenza Attiva,\u00a0prender\u00e0 il via il prossimo 9 ottobre e proseguir\u00e0 con cinque","og_url":"https:\/\/www.pressenza.com\/it\/2016\/09\/milano-parte-laboratorio-educazione-alla-nonviolenza\/","og_site_name":"Pressenza","article_publisher":"https:\/\/www.facebook.com\/PressenzaItalia","article_published_time":"2016-09-26T19:55:18+00:00","article_modified_time":"2016-09-27T06:25:23+00:00","og_image":[{"width":1772,"height":1427,"url":"https:\/\/www.pressenza.com\/wp-content\/uploads\/2016\/09\/foto-pressenza.jpg","type":"image\/jpeg"}],"author":"Anna Polo","twitter_card":"summary_large_image","twitter_creator":"@PressenzaIPA","twitter_site":"@PressenzaIPA","twitter_misc":{"Scritto da":"Anna Polo","Tempo di lettura stimato":"3 minuti"},"schema":{"@context":"https:\/\/schema.org","@graph":[{"@type":"Article","@id":"https:\/\/www.pressenza.com\/it\/2016\/09\/milano-parte-laboratorio-educazione-alla-nonviolenza\/#article","isPartOf":{"@id":"https:\/\/www.pressenza.com\/it\/2016\/09\/milano-parte-laboratorio-educazione-alla-nonviolenza\/"},"author":{"name":"Anna Polo","@id":"https:\/\/www.pressenza.com\/it\/#\/schema\/person\/f361ce2dfe3d4331d5ae6840551ffe67"},"headline":"Milano, parte il laboratorio di Educazione alla Nonviolenza","datePublished":"2016-09-26T19:55:18+00:00","dateModified":"2016-09-27T06:25:23+00:00","mainEntityOfPage":{"@id":"https:\/\/www.pressenza.com\/it\/2016\/09\/milano-parte-laboratorio-educazione-alla-nonviolenza\/"},"wordCount":693,"publisher":{"@id":"https:\/\/www.pressenza.com\/it\/#organization"},"image":{"@id":"https:\/\/www.pressenza.com\/it\/2016\/09\/milano-parte-laboratorio-educazione-alla-nonviolenza\/#primaryimage"},"thumbnailUrl":"https:\/\/www.pressenza.com\/wp-content\/uploads\/2016\/09\/foto-pressenza.jpg","keywords":["Centro di Nonviolenza Attiva","Laboratorio di Educazione alla Nonviolenza","Milano"],"articleSection":["contenuti originali","Educazione","Europa","Interviste","Nonviolenza"],"inLanguage":"it-IT"},{"@type":"WebPage","@id":"https:\/\/www.pressenza.com\/it\/2016\/09\/milano-parte-laboratorio-educazione-alla-nonviolenza\/","url":"https:\/\/www.pressenza.com\/it\/2016\/09\/milano-parte-laboratorio-educazione-alla-nonviolenza\/","name":"Milano, parte il laboratorio di Educazione alla Nonviolenza","isPartOf":{"@id":"https:\/\/www.pressenza.com\/it\/#website"},"primaryImageOfPage":{"@id":"https:\/\/www.pressenza.com\/it\/2016\/09\/milano-parte-laboratorio-educazione-alla-nonviolenza\/#primaryimage"},"image":{"@id":"https:\/\/www.pressenza.com\/it\/2016\/09\/milano-parte-laboratorio-educazione-alla-nonviolenza\/#primaryimage"},"thumbnailUrl":"https:\/\/www.pressenza.com\/wp-content\/uploads\/2016\/09\/foto-pressenza.jpg","datePublished":"2016-09-26T19:55:18+00:00","dateModified":"2016-09-27T06:25:23+00:00","description":"Il laboratorio di Educazione alla Nonviolenza, organizzato dal\u00a0Centro di Nonviolenza Attiva,\u00a0prender\u00e0 il via il prossimo 9 ottobre e proseguir\u00e0 con cinque","breadcrumb":{"@id":"https:\/\/www.pressenza.com\/it\/2016\/09\/milano-parte-laboratorio-educazione-alla-nonviolenza\/#breadcrumb"},"inLanguage":"it-IT","potentialAction":[{"@type":"ReadAction","target":["https:\/\/www.pressenza.com\/it\/2016\/09\/milano-parte-laboratorio-educazione-alla-nonviolenza\/"]}]},{"@type":"ImageObject","inLanguage":"it-IT","@id":"https:\/\/www.pressenza.com\/it\/2016\/09\/milano-parte-laboratorio-educazione-alla-nonviolenza\/#primaryimage","url":"https:\/\/www.pressenza.com\/wp-content\/uploads\/2016\/09\/foto-pressenza.jpg","contentUrl":"https:\/\/www.pressenza.com\/wp-content\/uploads\/2016\/09\/foto-pressenza.jpg","width":1772,"height":1427},{"@type":"BreadcrumbList","@id":"https:\/\/www.pressenza.com\/it\/2016\/09\/milano-parte-laboratorio-educazione-alla-nonviolenza\/#breadcrumb","itemListElement":[{"@type":"ListItem","position":1,"name":"Accueil","item":"https:\/\/www.pressenza.com\/it\/"},{"@type":"ListItem","position":2,"name":"Milano, parte il laboratorio di Educazione alla Nonviolenza"}]},{"@type":"WebSite","@id":"https:\/\/www.pressenza.com\/it\/#website","url":"https:\/\/www.pressenza.com\/it\/","name":"Pressenza","description":"Agenzia di Stampa Internazionale","publisher":{"@id":"https:\/\/www.pressenza.com\/it\/#organization"},"potentialAction":[{"@type":"SearchAction","target":{"@type":"EntryPoint","urlTemplate":"https:\/\/www.pressenza.com\/it\/?s={search_term_string}"},"query-input":{"@type":"PropertyValueSpecification","valueRequired":true,"valueName":"search_term_string"}}],"inLanguage":"it-IT"},{"@type":"Organization","@id":"https:\/\/www.pressenza.com\/it\/#organization","name":"Pressenza","url":"https:\/\/www.pressenza.com\/it\/","logo":{"@type":"ImageObject","inLanguage":"it-IT","@id":"https:\/\/www.pressenza.com\/it\/#\/schema\/logo\/image\/","url":"https:\/\/www.pressenza.com\/wp-content\/uploads\/2022\/10\/pressenza_logo_200x200.jpg","contentUrl":"https:\/\/www.pressenza.com\/wp-content\/uploads\/2022\/10\/pressenza_logo_200x200.jpg","width":200,"height":200,"caption":"Pressenza"},"image":{"@id":"https:\/\/www.pressenza.com\/it\/#\/schema\/logo\/image\/"},"sameAs":["https:\/\/www.facebook.com\/PressenzaItalia","https:\/\/x.com\/PressenzaIPA"]},{"@type":"Person","@id":"https:\/\/www.pressenza.com\/it\/#\/schema\/person\/f361ce2dfe3d4331d5ae6840551ffe67","name":"Anna Polo","description":"Impegnata per anni nel campo della pace e della nonviolenza, ha fatto parte dell'equipe relazioni della Marcia Mondiale per la Pace e la Nonviolenza e in seguito di Mondo senza guerre e senza violenza. Attualmente partecipa alla redazione italiana di Pressenza e si occupa principalmente del tema migrazioni, pubblicando articoli e interviste e organizzando eventi.","url":"https:\/\/www.pressenza.com\/it\/author\/anna-polo\/"}]}},"place":"","original_article_url":"","_links":{"self":[{"href":"https:\/\/www.pressenza.com\/it\/wp-json\/wp\/v2\/posts\/373903","targetHints":{"allow":["GET"]}}],"collection":[{"href":"https:\/\/www.pressenza.com\/it\/wp-json\/wp\/v2\/posts"}],"about":[{"href":"https:\/\/www.pressenza.com\/it\/wp-json\/wp\/v2\/types\/post"}],"author":[{"embeddable":true,"href":"https:\/\/www.pressenza.com\/it\/wp-json\/wp\/v2\/users\/500"}],"replies":[{"embeddable":true,"href":"https:\/\/www.pressenza.com\/it\/wp-json\/wp\/v2\/comments?post=373903"}],"version-history":[{"count":0,"href":"https:\/\/www.pressenza.com\/it\/wp-json\/wp\/v2\/posts\/373903\/revisions"}],"wp:featuredmedia":[{"embeddable":true,"href":"https:\/\/www.pressenza.com\/it\/wp-json\/wp\/v2\/media\/374293"}],"wp:attachment":[{"href":"https:\/\/www.pressenza.com\/it\/wp-json\/wp\/v2\/media?parent=373903"}],"wp:term":[{"taxonomy":"category","embeddable":true,"href":"https:\/\/www.pressenza.com\/it\/wp-json\/wp\/v2\/categories?post=373903"},{"taxonomy":"post_tag","embeddable":true,"href":"https:\/\/www.pressenza.com\/it\/wp-json\/wp\/v2\/tags?post=373903"}],"curies":[{"name":"wp","href":"https:\/\/api.w.org\/{rel}","templated":true}]}}