{"id":371498,"date":"2016-09-20T00:31:44","date_gmt":"2016-09-19T23:31:44","guid":{"rendered":"http:\/\/www.pressenza.com\/it\/?p=371498"},"modified":"2016-09-20T00:31:44","modified_gmt":"2016-09-19T23:31:44","slug":"roma-24-settembre-manifestazione-kurdistan","status":"publish","type":"post","link":"https:\/\/www.pressenza.com\/it\/2016\/09\/roma-24-settembre-manifestazione-kurdistan\/","title":{"rendered":"Roma 24 settembre, manifestazione per il Kurdistan"},"content":{"rendered":"<p style=\"text-align: justify;\">Appello per una mobilitazione nazionale a Roma il 24 Settembre a sostegno del popolo curdo e della rivoluzione democratica in Rojava, per la liberazione di Ocalan<\/p>\n<p style=\"text-align: justify;\">Da oltre un anno nelle zone curde della Turchia \u00e8 in corso una sporca guerra contro la popolazione civile. Dopo il successo elettorale del Partito Democratico dei Popoli (HDP), che ha bloccato il progetto presidenzialista di Erdogan, il governo turco intraprende un nuovo percorso di guerra ponendo termine al processo di pace per una soluzione duratura della irrisolta questione curda. Intere citt\u00e0 \u2013 Diyarbakir, Cizre, Nusaybin, Sirnak, Yuksekova, Silvan, Silopi, Hakkari, Lice \u2013 vengono sottoposte a pesanti coprifuochi e allo stato di emergenza, con migliaia tra morti, feriti, arrestati e deportati.<\/p>\n<p style=\"text-align: justify;\">Dopo il fallito \u201ctentativo di golpe\u201d del 15 Luglio, attribuito ai seguaci di G\u00fclen, Erdogan d\u00e0 il via al terrore che sta eliminando qualsiasi parvenza di democrazia, con il repulisti di accademici, insegnanti, giornalisti, magistrati, militari, medici, amministratori, impiegati statali, invisi al regime: 90.000 tra licenziamenti e rimozioni, 30.000 arresti; chiusura di giornali, stazioni radio-televisive, centri di cultura e sedi di partito.<\/p>\n<p style=\"text-align: justify;\">Inoltre vi \u00e8 la forte preoccupazione per le condizioni di sicurezza e di salute del leader del popolo curdo Abdullah \u00d6calan, di cui non si hanno pi\u00f9 notizie certe: dal 5 aprile 2015 \u00d6calan \u00e8 segregato in isolamento, gli vengono negati il diritto a comunicare e a incontrare i familiari e gli avvocati in spregio e alle convenzioni e ai diritti internazionali. Abdullah \u00d6calan, legittimo rappresentante del popolo curdo, \u00e8 indispensabile alla risoluzione della questione curda nell\u2019ambito della democratizzazione della Turchia e del Medio Oriente, cos\u00ec come tracciato nel disegno del Confederalismo Democratico.<\/p>\n<p style=\"text-align: justify;\">Il 24 agosto 2016 l\u2019esercito turco ha invaso la citt\u00e0 di Jarablus con il pretesto di combattere il terrorismo e lo Stato Islamico (IS) che ha consegnato la citt\u00e0 all\u2019esercito turco e alle organizzazioni jihadiste a loro fianco, come Jabhat Fatah al-Sham e a gruppi come Ahrar El-Sham, senza colpo ferire. Gli attacchi dell\u2019esercito turco non sono diretti contro ISIS ma contro le Forze Democratiche Siriane (SDF), esclusivamente ai danni dell\u2019insorgenza liberatrice curda nei territori del Rojava.<\/p>\n<p style=\"text-align: justify;\">\u00c8 un dato di fatto che gli Stati Uniti e l\u2019Europa non solo hanno chiuso un occhio su questi attacchi, ma stanno fornendo il sostegno allo Stato turco che con la complicit\u00e0 dell\u2019UE continua a usare i profughi come arma di ricatto. L\u2019invasione turca del nord della Siria aumenta il caos esistente nella regione inferocendo la guerra civile, creando nuovi rifugiati e nuovi disastri umanitari.<\/p>\n<p style=\"text-align: justify;\"><strong>Tutto questo deve finire! Rifiutando il vergognoso accordo UE-Turchia, che lede i Diritti Umani dei profughi e finanzia la guerra sporca contro il popolo curdo.<\/strong><\/p>\n<p style=\"text-align: justify;\">Il popolo curdo insieme agli altri gruppi etnici, religiosi e culturali ha costituito una Confederazione Democratica nel nord della Siria, il Rojava, dove coesistono pacificamente e nel rispetto reciproco popoli e fedi religiose diverse tra loro: assiri, siriani, armeni, arabi, turcomanni. Questa Confederazione rappresenta una prospettiva ed un valido esempio per una Siria democratica; per questo \u00e8 necessario sostenere questa esperienza di rivoluzione sociale di cui sono state protagoniste in primo luogo le donne.<\/p>\n<p style=\"text-align: justify;\">Ora questa decisiva esperienza democratica per le sorti di un altro Medio Oriente rischia di essere cancellata dall\u2019invasione turca. E\u2019 dunque urgente la mobilitazione internazionale a fianco del Rojava e della resistenza del popolo curdo.<\/p>\n<p style=\"text-align: justify;\">Rispondendo all\u2019appello internazionale sottoscritto da intellettuali, scrittori, artisti, politici e difensori dei diritti umani, invitiamo tutti e tutte coloro che in questi anni hanno sostenuto la lotta di liberazione del popolo curdo e la rivoluzione democratica <strong>a scendere in piazza il 24 settembre a Roma<\/strong><\/p>\n<p style=\"text-align: justify;\">* Per fermare l\u2019invasione turca del Rojava; contro la sporca guerra della Turchia al popolo curdo e sulla pelle dei profughi e rifugiati<br \/>\n* Contro la repressione della societ\u00e0 civile, del movimento curdo e di tutte le forze democratiche in Turchia<br \/>\n* Contro la barbarie dell\u2019Isis per l\u2019universalismo dei valori umani;<br \/>\n* Per il Confederalismo Democratico<br \/>\n* Per bloccare il supporto delle potenze internazionali e locali, in particolare USA e UE alla Turchia e mettere fine al vergognoso accordo sui profughi<br \/>\n* Per la fine dell\u2019isolamento e per la liberazione del leader del popolo curdo Abdullah \u00d6calan<\/p>\n<p style=\"text-align: justify;\">IN PIAZZA PER IL KURDISTAN<br \/>\nROMA \u2013 PORTA PIA ORE 15.00<br \/>\nSABATO 24 SETTEMBRE<\/p>\n<p style=\"text-align: justify;\">Ufficio di Informazione del Kurdistan in Italia<br \/>\nRete Kurdistan Italia<\/p>\n<p style=\"text-align: justify;\">Per Adesioni :<\/p>\n<p style=\"text-align: justify;\">info@uikionlus.com \u2013 info@retekurdistan.it<\/p>\n","protected":false},"excerpt":{"rendered":"<p>Appello per una mobilitazione nazionale a Roma il 24 Settembre a sostegno del popolo curdo e della rivoluzione democratica in Rojava, per la liberazione di Ocalan Da oltre un anno nelle zone curde della Turchia \u00e8 in corso una sporca&hellip;<\/p>\n","protected":false},"author":594,"featured_media":371499,"comment_status":"closed","ping_status":"closed","sticky":false,"template":"","format":"standard","meta":{"footnotes":""},"categories":[46,150,60,47,1263],"tags":[5199,365,5795,30800,1446,30799,3873,1100],"class_list":["post-371498","post","type-post","status-publish","format-standard","has-post-thumbnail","hentry","category-asia-it","category-comunicati-stampa","category-diritti-umani","category-europa","category-pace-disarmo","tag-erdogan","tag-guerra","tag-kurdistan","tag-merdio-oriente","tag-mobilitazione","tag-popolo-curdo","tag-roma","tag-turchia"],"yoast_head":"<!-- This site is optimized with the Yoast SEO plugin v27.1.1 - https:\/\/yoast.com\/product\/yoast-seo-wordpress\/ -->\n<title>Roma 24 settembre, manifestazione per il Kurdistan<\/title>\n<meta name=\"description\" content=\"Appello per una mobilitazione nazionale a Roma il 24 Settembre a sostegno del popolo curdo e della rivoluzione democratica in Rojava, per la liberazione\" \/>\n<meta name=\"robots\" content=\"index, follow, max-snippet:-1, max-image-preview:large, max-video-preview:-1\" \/>\n<link rel=\"canonical\" href=\"https:\/\/www.pressenza.com\/it\/2016\/09\/roma-24-settembre-manifestazione-kurdistan\/\" \/>\n<meta property=\"og:locale\" content=\"it_IT\" \/>\n<meta property=\"og:type\" content=\"article\" \/>\n<meta property=\"og:title\" content=\"Roma 24 settembre, manifestazione per il Kurdistan\" \/>\n<meta property=\"og:description\" content=\"Appello per una mobilitazione nazionale a Roma il 24 Settembre a sostegno del popolo curdo e della rivoluzione democratica in Rojava, per la liberazione\" \/>\n<meta property=\"og:url\" content=\"https:\/\/www.pressenza.com\/it\/2016\/09\/roma-24-settembre-manifestazione-kurdistan\/\" \/>\n<meta property=\"og:site_name\" content=\"Pressenza\" \/>\n<meta property=\"article:publisher\" content=\"https:\/\/www.facebook.com\/PressenzaItalia\" \/>\n<meta property=\"article:author\" content=\"https:\/\/www.facebook.com\/PressenzaItalia\" \/>\n<meta property=\"article:published_time\" content=\"2016-09-19T23:31:44+00:00\" \/>\n<meta property=\"og:image\" content=\"https:\/\/www.pressenza.com\/wp-content\/uploads\/2016\/09\/banner24-615x315.jpg\" \/>\n\t<meta property=\"og:image:width\" content=\"615\" \/>\n\t<meta property=\"og:image:height\" content=\"315\" \/>\n\t<meta property=\"og:image:type\" content=\"image\/jpeg\" \/>\n<meta name=\"author\" content=\"Redazione Italia\" \/>\n<meta name=\"twitter:card\" content=\"summary_large_image\" \/>\n<meta name=\"twitter:creator\" content=\"@pressenza_it\" \/>\n<meta name=\"twitter:site\" content=\"@PressenzaIPA\" \/>\n<meta name=\"twitter:label1\" content=\"Scritto da\" \/>\n\t<meta name=\"twitter:data1\" content=\"Redazione Italia\" \/>\n\t<meta name=\"twitter:label2\" content=\"Tempo di lettura stimato\" \/>\n\t<meta name=\"twitter:data2\" content=\"4 minuti\" \/>\n<script type=\"application\/ld+json\" class=\"yoast-schema-graph\">{\"@context\":\"https:\/\/schema.org\",\"@graph\":[{\"@type\":\"Article\",\"@id\":\"https:\/\/www.pressenza.com\/it\/2016\/09\/roma-24-settembre-manifestazione-kurdistan\/#article\",\"isPartOf\":{\"@id\":\"https:\/\/www.pressenza.com\/it\/2016\/09\/roma-24-settembre-manifestazione-kurdistan\/\"},\"author\":{\"name\":\"Redazione Italia\",\"@id\":\"https:\/\/www.pressenza.com\/it\/#\/schema\/person\/d983e81827ae24f2c7b1a2123d197f8d\"},\"headline\":\"Roma 24 settembre, manifestazione per il Kurdistan\",\"datePublished\":\"2016-09-19T23:31:44+00:00\",\"mainEntityOfPage\":{\"@id\":\"https:\/\/www.pressenza.com\/it\/2016\/09\/roma-24-settembre-manifestazione-kurdistan\/\"},\"wordCount\":717,\"publisher\":{\"@id\":\"https:\/\/www.pressenza.com\/it\/#organization\"},\"image\":{\"@id\":\"https:\/\/www.pressenza.com\/it\/2016\/09\/roma-24-settembre-manifestazione-kurdistan\/#primaryimage\"},\"thumbnailUrl\":\"https:\/\/www.pressenza.com\/wp-content\/uploads\/2016\/09\/banner24-615x315.jpg\",\"keywords\":[\"Erdogan\",\"guerra\",\"Kurdistan\",\"Merdio Oriente\",\"mobilitazione\",\"popolo curdo\",\"Roma\",\"Turchia\"],\"articleSection\":[\"Asia\",\"Comunicati Stampa\",\"Diritti Umani\",\"Europa\",\"Pace e Disarmo\"],\"inLanguage\":\"it-IT\"},{\"@type\":\"WebPage\",\"@id\":\"https:\/\/www.pressenza.com\/it\/2016\/09\/roma-24-settembre-manifestazione-kurdistan\/\",\"url\":\"https:\/\/www.pressenza.com\/it\/2016\/09\/roma-24-settembre-manifestazione-kurdistan\/\",\"name\":\"Roma 24 settembre, manifestazione per il Kurdistan\",\"isPartOf\":{\"@id\":\"https:\/\/www.pressenza.com\/it\/#website\"},\"primaryImageOfPage\":{\"@id\":\"https:\/\/www.pressenza.com\/it\/2016\/09\/roma-24-settembre-manifestazione-kurdistan\/#primaryimage\"},\"image\":{\"@id\":\"https:\/\/www.pressenza.com\/it\/2016\/09\/roma-24-settembre-manifestazione-kurdistan\/#primaryimage\"},\"thumbnailUrl\":\"https:\/\/www.pressenza.com\/wp-content\/uploads\/2016\/09\/banner24-615x315.jpg\",\"datePublished\":\"2016-09-19T23:31:44+00:00\",\"description\":\"Appello per una mobilitazione nazionale a Roma il 24 Settembre a sostegno del popolo curdo e della rivoluzione democratica in Rojava, per la liberazione\",\"breadcrumb\":{\"@id\":\"https:\/\/www.pressenza.com\/it\/2016\/09\/roma-24-settembre-manifestazione-kurdistan\/#breadcrumb\"},\"inLanguage\":\"it-IT\",\"potentialAction\":[{\"@type\":\"ReadAction\",\"target\":[\"https:\/\/www.pressenza.com\/it\/2016\/09\/roma-24-settembre-manifestazione-kurdistan\/\"]}]},{\"@type\":\"ImageObject\",\"inLanguage\":\"it-IT\",\"@id\":\"https:\/\/www.pressenza.com\/it\/2016\/09\/roma-24-settembre-manifestazione-kurdistan\/#primaryimage\",\"url\":\"https:\/\/www.pressenza.com\/wp-content\/uploads\/2016\/09\/banner24-615x315.jpg\",\"contentUrl\":\"https:\/\/www.pressenza.com\/wp-content\/uploads\/2016\/09\/banner24-615x315.jpg\",\"width\":615,\"height\":315},{\"@type\":\"BreadcrumbList\",\"@id\":\"https:\/\/www.pressenza.com\/it\/2016\/09\/roma-24-settembre-manifestazione-kurdistan\/#breadcrumb\",\"itemListElement\":[{\"@type\":\"ListItem\",\"position\":1,\"name\":\"Accueil\",\"item\":\"https:\/\/www.pressenza.com\/it\/\"},{\"@type\":\"ListItem\",\"position\":2,\"name\":\"Roma 24 settembre, manifestazione per il Kurdistan\"}]},{\"@type\":\"WebSite\",\"@id\":\"https:\/\/www.pressenza.com\/it\/#website\",\"url\":\"https:\/\/www.pressenza.com\/it\/\",\"name\":\"Pressenza\",\"description\":\"Agenzia di Stampa Internazionale\",\"publisher\":{\"@id\":\"https:\/\/www.pressenza.com\/it\/#organization\"},\"potentialAction\":[{\"@type\":\"SearchAction\",\"target\":{\"@type\":\"EntryPoint\",\"urlTemplate\":\"https:\/\/www.pressenza.com\/it\/?s={search_term_string}\"},\"query-input\":{\"@type\":\"PropertyValueSpecification\",\"valueRequired\":true,\"valueName\":\"search_term_string\"}}],\"inLanguage\":\"it-IT\"},{\"@type\":\"Organization\",\"@id\":\"https:\/\/www.pressenza.com\/it\/#organization\",\"name\":\"Pressenza\",\"url\":\"https:\/\/www.pressenza.com\/it\/\",\"logo\":{\"@type\":\"ImageObject\",\"inLanguage\":\"it-IT\",\"@id\":\"https:\/\/www.pressenza.com\/it\/#\/schema\/logo\/image\/\",\"url\":\"https:\/\/www.pressenza.com\/wp-content\/uploads\/2022\/10\/pressenza_logo_200x200.jpg\",\"contentUrl\":\"https:\/\/www.pressenza.com\/wp-content\/uploads\/2022\/10\/pressenza_logo_200x200.jpg\",\"width\":200,\"height\":200,\"caption\":\"Pressenza\"},\"image\":{\"@id\":\"https:\/\/www.pressenza.com\/it\/#\/schema\/logo\/image\/\"},\"sameAs\":[\"https:\/\/www.facebook.com\/PressenzaItalia\",\"https:\/\/x.com\/PressenzaIPA\"]},{\"@type\":\"Person\",\"@id\":\"https:\/\/www.pressenza.com\/it\/#\/schema\/person\/d983e81827ae24f2c7b1a2123d197f8d\",\"name\":\"Redazione Italia\",\"description\":\"News from the Pressenza Bureau in Italy\",\"sameAs\":[\"https:\/\/www.pressenza.com\/it\/author\/redazione-italia\/\",\"https:\/\/www.facebook.com\/PressenzaItalia\",\"https:\/\/www.instagram.com\/pressenza_italia\/\",\"https:\/\/x.com\/pressenza_it\",\"https:\/\/www.youtube.com\/channel\/UCSalEIWjE1RSxkwjfftFuqg\"],\"url\":\"https:\/\/www.pressenza.com\/it\/author\/redazione-italia\/\"}]}<\/script>\n<!-- \/ Yoast SEO plugin. -->","yoast_head_json":{"title":"Roma 24 settembre, manifestazione per il Kurdistan","description":"Appello per una mobilitazione nazionale a Roma il 24 Settembre a sostegno del popolo curdo e della rivoluzione democratica in Rojava, per la liberazione","robots":{"index":"index","follow":"follow","max-snippet":"max-snippet:-1","max-image-preview":"max-image-preview:large","max-video-preview":"max-video-preview:-1"},"canonical":"https:\/\/www.pressenza.com\/it\/2016\/09\/roma-24-settembre-manifestazione-kurdistan\/","og_locale":"it_IT","og_type":"article","og_title":"Roma 24 settembre, manifestazione per il Kurdistan","og_description":"Appello per una mobilitazione nazionale a Roma il 24 Settembre a sostegno del popolo curdo e della rivoluzione democratica in Rojava, per la liberazione","og_url":"https:\/\/www.pressenza.com\/it\/2016\/09\/roma-24-settembre-manifestazione-kurdistan\/","og_site_name":"Pressenza","article_publisher":"https:\/\/www.facebook.com\/PressenzaItalia","article_author":"https:\/\/www.facebook.com\/PressenzaItalia","article_published_time":"2016-09-19T23:31:44+00:00","og_image":[{"width":615,"height":315,"url":"https:\/\/www.pressenza.com\/wp-content\/uploads\/2016\/09\/banner24-615x315.jpg","type":"image\/jpeg"}],"author":"Redazione Italia","twitter_card":"summary_large_image","twitter_creator":"@pressenza_it","twitter_site":"@PressenzaIPA","twitter_misc":{"Scritto da":"Redazione Italia","Tempo di lettura stimato":"4 minuti"},"schema":{"@context":"https:\/\/schema.org","@graph":[{"@type":"Article","@id":"https:\/\/www.pressenza.com\/it\/2016\/09\/roma-24-settembre-manifestazione-kurdistan\/#article","isPartOf":{"@id":"https:\/\/www.pressenza.com\/it\/2016\/09\/roma-24-settembre-manifestazione-kurdistan\/"},"author":{"name":"Redazione Italia","@id":"https:\/\/www.pressenza.com\/it\/#\/schema\/person\/d983e81827ae24f2c7b1a2123d197f8d"},"headline":"Roma 24 settembre, manifestazione per il Kurdistan","datePublished":"2016-09-19T23:31:44+00:00","mainEntityOfPage":{"@id":"https:\/\/www.pressenza.com\/it\/2016\/09\/roma-24-settembre-manifestazione-kurdistan\/"},"wordCount":717,"publisher":{"@id":"https:\/\/www.pressenza.com\/it\/#organization"},"image":{"@id":"https:\/\/www.pressenza.com\/it\/2016\/09\/roma-24-settembre-manifestazione-kurdistan\/#primaryimage"},"thumbnailUrl":"https:\/\/www.pressenza.com\/wp-content\/uploads\/2016\/09\/banner24-615x315.jpg","keywords":["Erdogan","guerra","Kurdistan","Merdio Oriente","mobilitazione","popolo curdo","Roma","Turchia"],"articleSection":["Asia","Comunicati Stampa","Diritti Umani","Europa","Pace e Disarmo"],"inLanguage":"it-IT"},{"@type":"WebPage","@id":"https:\/\/www.pressenza.com\/it\/2016\/09\/roma-24-settembre-manifestazione-kurdistan\/","url":"https:\/\/www.pressenza.com\/it\/2016\/09\/roma-24-settembre-manifestazione-kurdistan\/","name":"Roma 24 settembre, manifestazione per il Kurdistan","isPartOf":{"@id":"https:\/\/www.pressenza.com\/it\/#website"},"primaryImageOfPage":{"@id":"https:\/\/www.pressenza.com\/it\/2016\/09\/roma-24-settembre-manifestazione-kurdistan\/#primaryimage"},"image":{"@id":"https:\/\/www.pressenza.com\/it\/2016\/09\/roma-24-settembre-manifestazione-kurdistan\/#primaryimage"},"thumbnailUrl":"https:\/\/www.pressenza.com\/wp-content\/uploads\/2016\/09\/banner24-615x315.jpg","datePublished":"2016-09-19T23:31:44+00:00","description":"Appello per una mobilitazione nazionale a Roma il 24 Settembre a sostegno del popolo curdo e della rivoluzione democratica in Rojava, per la liberazione","breadcrumb":{"@id":"https:\/\/www.pressenza.com\/it\/2016\/09\/roma-24-settembre-manifestazione-kurdistan\/#breadcrumb"},"inLanguage":"it-IT","potentialAction":[{"@type":"ReadAction","target":["https:\/\/www.pressenza.com\/it\/2016\/09\/roma-24-settembre-manifestazione-kurdistan\/"]}]},{"@type":"ImageObject","inLanguage":"it-IT","@id":"https:\/\/www.pressenza.com\/it\/2016\/09\/roma-24-settembre-manifestazione-kurdistan\/#primaryimage","url":"https:\/\/www.pressenza.com\/wp-content\/uploads\/2016\/09\/banner24-615x315.jpg","contentUrl":"https:\/\/www.pressenza.com\/wp-content\/uploads\/2016\/09\/banner24-615x315.jpg","width":615,"height":315},{"@type":"BreadcrumbList","@id":"https:\/\/www.pressenza.com\/it\/2016\/09\/roma-24-settembre-manifestazione-kurdistan\/#breadcrumb","itemListElement":[{"@type":"ListItem","position":1,"name":"Accueil","item":"https:\/\/www.pressenza.com\/it\/"},{"@type":"ListItem","position":2,"name":"Roma 24 settembre, manifestazione per il Kurdistan"}]},{"@type":"WebSite","@id":"https:\/\/www.pressenza.com\/it\/#website","url":"https:\/\/www.pressenza.com\/it\/","name":"Pressenza","description":"Agenzia di Stampa Internazionale","publisher":{"@id":"https:\/\/www.pressenza.com\/it\/#organization"},"potentialAction":[{"@type":"SearchAction","target":{"@type":"EntryPoint","urlTemplate":"https:\/\/www.pressenza.com\/it\/?s={search_term_string}"},"query-input":{"@type":"PropertyValueSpecification","valueRequired":true,"valueName":"search_term_string"}}],"inLanguage":"it-IT"},{"@type":"Organization","@id":"https:\/\/www.pressenza.com\/it\/#organization","name":"Pressenza","url":"https:\/\/www.pressenza.com\/it\/","logo":{"@type":"ImageObject","inLanguage":"it-IT","@id":"https:\/\/www.pressenza.com\/it\/#\/schema\/logo\/image\/","url":"https:\/\/www.pressenza.com\/wp-content\/uploads\/2022\/10\/pressenza_logo_200x200.jpg","contentUrl":"https:\/\/www.pressenza.com\/wp-content\/uploads\/2022\/10\/pressenza_logo_200x200.jpg","width":200,"height":200,"caption":"Pressenza"},"image":{"@id":"https:\/\/www.pressenza.com\/it\/#\/schema\/logo\/image\/"},"sameAs":["https:\/\/www.facebook.com\/PressenzaItalia","https:\/\/x.com\/PressenzaIPA"]},{"@type":"Person","@id":"https:\/\/www.pressenza.com\/it\/#\/schema\/person\/d983e81827ae24f2c7b1a2123d197f8d","name":"Redazione Italia","description":"News from the Pressenza Bureau in Italy","sameAs":["https:\/\/www.pressenza.com\/it\/author\/redazione-italia\/","https:\/\/www.facebook.com\/PressenzaItalia","https:\/\/www.instagram.com\/pressenza_italia\/","https:\/\/x.com\/pressenza_it","https:\/\/www.youtube.com\/channel\/UCSalEIWjE1RSxkwjfftFuqg"],"url":"https:\/\/www.pressenza.com\/it\/author\/redazione-italia\/"}]}},"place":"Contropiano","original_article_url":"","_links":{"self":[{"href":"https:\/\/www.pressenza.com\/it\/wp-json\/wp\/v2\/posts\/371498","targetHints":{"allow":["GET"]}}],"collection":[{"href":"https:\/\/www.pressenza.com\/it\/wp-json\/wp\/v2\/posts"}],"about":[{"href":"https:\/\/www.pressenza.com\/it\/wp-json\/wp\/v2\/types\/post"}],"author":[{"embeddable":true,"href":"https:\/\/www.pressenza.com\/it\/wp-json\/wp\/v2\/users\/594"}],"replies":[{"embeddable":true,"href":"https:\/\/www.pressenza.com\/it\/wp-json\/wp\/v2\/comments?post=371498"}],"version-history":[{"count":0,"href":"https:\/\/www.pressenza.com\/it\/wp-json\/wp\/v2\/posts\/371498\/revisions"}],"wp:featuredmedia":[{"embeddable":true,"href":"https:\/\/www.pressenza.com\/it\/wp-json\/wp\/v2\/media\/371499"}],"wp:attachment":[{"href":"https:\/\/www.pressenza.com\/it\/wp-json\/wp\/v2\/media?parent=371498"}],"wp:term":[{"taxonomy":"category","embeddable":true,"href":"https:\/\/www.pressenza.com\/it\/wp-json\/wp\/v2\/categories?post=371498"},{"taxonomy":"post_tag","embeddable":true,"href":"https:\/\/www.pressenza.com\/it\/wp-json\/wp\/v2\/tags?post=371498"}],"curies":[{"name":"wp","href":"https:\/\/api.w.org\/{rel}","templated":true}]}}