{"id":366057,"date":"2016-09-07T14:02:03","date_gmt":"2016-09-07T13:02:03","guid":{"rendered":"http:\/\/www.pressenza.com\/it\/?p=366057"},"modified":"2016-09-07T14:16:38","modified_gmt":"2016-09-07T13:16:38","slug":"lopposizione-finisce-costituzione","status":"publish","type":"post","link":"https:\/\/www.pressenza.com\/it\/2016\/09\/lopposizione-finisce-costituzione\/","title":{"rendered":"Se l\u2019opposizione finisce in Costituzione"},"content":{"rendered":"<p>Ci sono\u00a0 piccoli indizi che sono rivelatori di una mentalit\u00e0 o addirittura di una ideologia. Se il referendum d\u2019autunno confermasse il testo della riforma, per la prima volta verr\u00e0 introdotto in Costituzione il concetto di \u201copposizione\u201d. Finora si \u00e8 sempre parlato di maggioranze e di minoranze (da tutelare). La riforma invece prevede lo \u201cstatuto delle opposizioni\u201d, il cui contenuto \u00e8 rinviato ai regolamenti parlamentari (art. 64, comma 2).<\/p>\n<p>Anzitutto va detto che i regolamenti parlamentari vengono approvati con la maggioranza assoluta degli aventi diritto. Di fatto sar\u00e0 la maggioranza che sostiene il governo ad approvare lo statuto delle opposizioni (e questo potrebbe essere modificato ogni volta che cambia il governo e\/o la maggioranza che lo sostiene).<\/p>\n<p>Se aggiungiamo il fatto che la nuova legge elettorale assicura il premio di maggioranza al primo partito, ne consegue che paradossalmente saranno i rappresentanti della principale minoranza a stabilire lo statuto dei rappresentanti della maggioranza collocata all\u2019opposizione.<\/p>\n<p>La differenza tra \u201copposizione\u201d e \u201cminoranza\u201d \u00e8 palese. La minoranza \u00e8 soltanto un dato numerico temporaneo, la cui composizione pu\u00f2 cambiare nel tempo e volendo in relazione a ciascuna votazione. L\u2019opposizione \u00e8 la cristallizzazione atemporale di una posizione, caricandola pregiudizialmente di un senso negativo: quelli che dicono sempre \u201cno\u201d e che si oppongono a tutto, a prescindere dal contenuto.<\/p>\n<p>Questa visione del rapporto tra maggioranza (di governo) e opposizione (al governo) riduce e svilisce la dialettica parlamentare: c\u2019\u00e8 spazio soltanto per i \u201cpro\u201d e i \u201ccontro\u201d. Invece il Parlamento dovrebbe avere proprio la funzione del \u201cparlarsi\u201d, di spiegare le proprie ragioni e di ascoltare quelle degli altri. Il confronto, la mediazione, la disponibilit\u00e0 a modificare la propria posizione: questa \u00e8 la filosofia parlamentare, che presuppone che nessuno abbia la verit\u00e0 in tasca. \u00c8 il caso di ricordare che la Costituzione stabilisce che ciascun parlamentare sia rappresentativo della nazione (e non di un partito o di un gruppo di maggioranza o di opposizione).<br \/>\nPer queste ragioni anche il voto di fiducia al governo, di cui si tende ad abusare, risulta spesso essere una forzatura, che limita e condiziona la discussione tra i rappresentanti del popolo, come un\u2019imposizione e un ricatto, irrispettoso della libert\u00e0 delle coscienze dei parlamentari eletti.<\/p>\n<p>L\u2019introduzione in Costituzione della nozione di &#8220;opposizione&#8221; \u00e8 la conseguenza dell&#8217;adozione di una democrazia che fa riferimento alle teorie di J.A. Schumpeter, secondo il quale \u201cla vera funzione del voto \u00e8 l\u2019accettazione di una leadership\u201d. Chi rimane escluso da questa cerchia di eletti, diventa necessariamente \u201copposizione\u201d. In questa visione, in cui il cittadino ha il compito di delegare le scelte politiche attraverso l\u2019investitura di un capo in forma plebiscitaria, la dialettica e la mediazione diventano superflue.<\/p>\n<p>Il popolo sovrano non viene pi\u00f9 chiamato ad eleggere rappresentanti capaci di ricercare le soluzioni ai problemi attraverso il pi\u00f9 alto livello di condivisione possibile. Diventa centrale la campagna elettorale: una competizione in cui i concorrenti nel mercato della politica presentano la propria offerta ai consumatori del voto. Il leader scelto verr\u00e0 poi giudicato alla prossima occasione di acquisto, cio\u00e8 alle successive elezioni.<br \/>\nIn questa prospettiva di fatto non si vota pi\u00f9 per eleggere il Parlamento, ma per scegliere il governo. Schumpeter infatti scrive che \u201cla funzione prima del corpo elettorale \u00e8 la creazione di un governo\u201d e che per questa ragione \u00e8 preferibile utilizzare il sistema elettorale maggioritario, anzich\u00e9 quello proporzionale.<\/p>\n<p>La nuova legge elettorale per la Camera dei Deputati (cosiddetta \u201cItalicum\u201d) si inserisce chiaramente in questa ideologia politica. A dimostrarlo \u00e8 sufficiente rileggere un punto della nuova legge, in cui si dice: \u201cI partiti o i gruppi politici organizzati che si candidano a governare depositano il programma\u00a0 elettorale\u00a0 nel\u00a0 quale dichiarano il nome e cognome della persona da loro indicata come capo della forza politica\u201d.<\/p>\n<p>Anche l\u2019eliminazione o la limitazione delle preferenze nella scheda elettorale e la tendenza a predisporre liste bloccate di candidati o almeno di capilista, si integra coerentemente in questo scenario.<\/p>\n<p>Schumpeter approverebbe sicuramente, ma la Costituzione vigente si fonda sull\u2019attivit\u00e0 dei cittadini per la costruzione \u201cdel progresso materiale o spirituale della societ\u00e0\u201d e richiede il dovere inderogabile \u201cdi solidariet\u00e0 politica\u201d. Se il compito della Repubblica \u00e8 \u201crimuovere gli ostacoli che impediscono il pieno sviluppo della persona umana\u201d, in una logica di comunit\u00e0 pare pi\u00f9 coerente la necessit\u00e0 della partecipazione e della cooperazione di tutti rispetto alla delega e alla consegna del potere nelle mani di pochi.<\/p>\n","protected":false},"excerpt":{"rendered":"<p>Ci sono\u00a0 piccoli indizi che sono rivelatori di una mentalit\u00e0 o addirittura di una ideologia. Se il referendum d\u2019autunno confermasse il testo della riforma, per la prima volta verr\u00e0 introdotto in Costituzione il concetto di \u201copposizione\u201d. Finora si \u00e8 sempre&hellip;<\/p>\n","protected":false},"author":1280,"featured_media":366068,"comment_status":"closed","ping_status":"closed","sticky":false,"template":"","format":"standard","meta":{"footnotes":""},"categories":[11388,47,162,55],"tags":[801,9209,8808,190],"class_list":["post-366057","post","type-post","status-publish","format-standard","has-post-thumbnail","hentry","category-contenuti-originali","category-europa","category-opinioni","category-politica","tag-costituzione","tag-governo-renzi","tag-italicum","tag-referendum"],"yoast_head":"<!-- This site is optimized with the Yoast SEO plugin v27.1.1 - https:\/\/yoast.com\/product\/yoast-seo-wordpress\/ -->\n<title>Se l\u2019opposizione finisce in Costituzione<\/title>\n<meta name=\"description\" content=\"Ci sono\u00a0 piccoli indizi che sono rivelatori di una mentalit\u00e0 o addirittura di una ideologia. Se il referendum d\u2019autunno confermasse il testo della\" \/>\n<meta name=\"robots\" content=\"index, follow, max-snippet:-1, max-image-preview:large, max-video-preview:-1\" \/>\n<link rel=\"canonical\" href=\"https:\/\/www.pressenza.com\/it\/2016\/09\/lopposizione-finisce-costituzione\/\" \/>\n<meta property=\"og:locale\" content=\"it_IT\" \/>\n<meta property=\"og:type\" content=\"article\" \/>\n<meta property=\"og:title\" content=\"Se l\u2019opposizione finisce in Costituzione\" \/>\n<meta property=\"og:description\" content=\"Ci sono\u00a0 piccoli indizi che sono rivelatori di una mentalit\u00e0 o addirittura di una ideologia. Se il referendum d\u2019autunno confermasse il testo della\" \/>\n<meta property=\"og:url\" content=\"https:\/\/www.pressenza.com\/it\/2016\/09\/lopposizione-finisce-costituzione\/\" \/>\n<meta property=\"og:site_name\" content=\"Pressenza\" \/>\n<meta property=\"article:publisher\" content=\"https:\/\/www.facebook.com\/PressenzaItalia\" \/>\n<meta property=\"article:published_time\" content=\"2016-09-07T13:02:03+00:00\" \/>\n<meta property=\"article:modified_time\" content=\"2016-09-07T13:16:38+00:00\" \/>\n<meta property=\"og:image\" content=\"https:\/\/www.pressenza.com\/wp-content\/uploads\/2016\/09\/costituzione-italiana.jpg\" \/>\n\t<meta property=\"og:image:width\" content=\"800\" \/>\n\t<meta property=\"og:image:height\" content=\"908\" \/>\n\t<meta property=\"og:image:type\" content=\"image\/jpeg\" \/>\n<meta name=\"author\" content=\"Rocco Artifoni\" \/>\n<meta name=\"twitter:card\" content=\"summary_large_image\" \/>\n<meta name=\"twitter:creator\" content=\"@PressenzaIPA\" \/>\n<meta name=\"twitter:site\" content=\"@PressenzaIPA\" \/>\n<meta name=\"twitter:label1\" content=\"Scritto da\" \/>\n\t<meta name=\"twitter:data1\" content=\"Rocco Artifoni\" \/>\n\t<meta name=\"twitter:label2\" content=\"Tempo di lettura stimato\" \/>\n\t<meta name=\"twitter:data2\" content=\"4 minuti\" \/>\n<script type=\"application\/ld+json\" class=\"yoast-schema-graph\">{\"@context\":\"https:\/\/schema.org\",\"@graph\":[{\"@type\":\"Article\",\"@id\":\"https:\/\/www.pressenza.com\/it\/2016\/09\/lopposizione-finisce-costituzione\/#article\",\"isPartOf\":{\"@id\":\"https:\/\/www.pressenza.com\/it\/2016\/09\/lopposizione-finisce-costituzione\/\"},\"author\":{\"name\":\"Rocco Artifoni\",\"@id\":\"https:\/\/www.pressenza.com\/it\/#\/schema\/person\/47253bd773bfdc8f669fc1a490a0d099\"},\"headline\":\"Se l\u2019opposizione finisce in Costituzione\",\"datePublished\":\"2016-09-07T13:02:03+00:00\",\"dateModified\":\"2016-09-07T13:16:38+00:00\",\"mainEntityOfPage\":{\"@id\":\"https:\/\/www.pressenza.com\/it\/2016\/09\/lopposizione-finisce-costituzione\/\"},\"wordCount\":721,\"publisher\":{\"@id\":\"https:\/\/www.pressenza.com\/it\/#organization\"},\"image\":{\"@id\":\"https:\/\/www.pressenza.com\/it\/2016\/09\/lopposizione-finisce-costituzione\/#primaryimage\"},\"thumbnailUrl\":\"https:\/\/www.pressenza.com\/wp-content\/uploads\/2016\/09\/costituzione-italiana.jpg\",\"keywords\":[\"Costituzione\",\"Governo Renzi\",\"Italicum\",\"referendum\"],\"articleSection\":[\"contenuti originali\",\"Europa\",\"Opinioni\",\"Politica\"],\"inLanguage\":\"it-IT\"},{\"@type\":\"WebPage\",\"@id\":\"https:\/\/www.pressenza.com\/it\/2016\/09\/lopposizione-finisce-costituzione\/\",\"url\":\"https:\/\/www.pressenza.com\/it\/2016\/09\/lopposizione-finisce-costituzione\/\",\"name\":\"Se l\u2019opposizione finisce in Costituzione\",\"isPartOf\":{\"@id\":\"https:\/\/www.pressenza.com\/it\/#website\"},\"primaryImageOfPage\":{\"@id\":\"https:\/\/www.pressenza.com\/it\/2016\/09\/lopposizione-finisce-costituzione\/#primaryimage\"},\"image\":{\"@id\":\"https:\/\/www.pressenza.com\/it\/2016\/09\/lopposizione-finisce-costituzione\/#primaryimage\"},\"thumbnailUrl\":\"https:\/\/www.pressenza.com\/wp-content\/uploads\/2016\/09\/costituzione-italiana.jpg\",\"datePublished\":\"2016-09-07T13:02:03+00:00\",\"dateModified\":\"2016-09-07T13:16:38+00:00\",\"description\":\"Ci sono\u00a0 piccoli indizi che sono rivelatori di una mentalit\u00e0 o addirittura di una ideologia. Se il referendum d\u2019autunno confermasse il testo della\",\"breadcrumb\":{\"@id\":\"https:\/\/www.pressenza.com\/it\/2016\/09\/lopposizione-finisce-costituzione\/#breadcrumb\"},\"inLanguage\":\"it-IT\",\"potentialAction\":[{\"@type\":\"ReadAction\",\"target\":[\"https:\/\/www.pressenza.com\/it\/2016\/09\/lopposizione-finisce-costituzione\/\"]}]},{\"@type\":\"ImageObject\",\"inLanguage\":\"it-IT\",\"@id\":\"https:\/\/www.pressenza.com\/it\/2016\/09\/lopposizione-finisce-costituzione\/#primaryimage\",\"url\":\"https:\/\/www.pressenza.com\/wp-content\/uploads\/2016\/09\/costituzione-italiana.jpg\",\"contentUrl\":\"https:\/\/www.pressenza.com\/wp-content\/uploads\/2016\/09\/costituzione-italiana.jpg\",\"width\":800,\"height\":908},{\"@type\":\"BreadcrumbList\",\"@id\":\"https:\/\/www.pressenza.com\/it\/2016\/09\/lopposizione-finisce-costituzione\/#breadcrumb\",\"itemListElement\":[{\"@type\":\"ListItem\",\"position\":1,\"name\":\"Accueil\",\"item\":\"https:\/\/www.pressenza.com\/it\/\"},{\"@type\":\"ListItem\",\"position\":2,\"name\":\"Se l\u2019opposizione finisce in Costituzione\"}]},{\"@type\":\"WebSite\",\"@id\":\"https:\/\/www.pressenza.com\/it\/#website\",\"url\":\"https:\/\/www.pressenza.com\/it\/\",\"name\":\"Pressenza\",\"description\":\"Agenzia di Stampa Internazionale\",\"publisher\":{\"@id\":\"https:\/\/www.pressenza.com\/it\/#organization\"},\"potentialAction\":[{\"@type\":\"SearchAction\",\"target\":{\"@type\":\"EntryPoint\",\"urlTemplate\":\"https:\/\/www.pressenza.com\/it\/?s={search_term_string}\"},\"query-input\":{\"@type\":\"PropertyValueSpecification\",\"valueRequired\":true,\"valueName\":\"search_term_string\"}}],\"inLanguage\":\"it-IT\"},{\"@type\":\"Organization\",\"@id\":\"https:\/\/www.pressenza.com\/it\/#organization\",\"name\":\"Pressenza\",\"url\":\"https:\/\/www.pressenza.com\/it\/\",\"logo\":{\"@type\":\"ImageObject\",\"inLanguage\":\"it-IT\",\"@id\":\"https:\/\/www.pressenza.com\/it\/#\/schema\/logo\/image\/\",\"url\":\"https:\/\/www.pressenza.com\/wp-content\/uploads\/2022\/10\/pressenza_logo_200x200.jpg\",\"contentUrl\":\"https:\/\/www.pressenza.com\/wp-content\/uploads\/2022\/10\/pressenza_logo_200x200.jpg\",\"width\":200,\"height\":200,\"caption\":\"Pressenza\"},\"image\":{\"@id\":\"https:\/\/www.pressenza.com\/it\/#\/schema\/logo\/image\/\"},\"sameAs\":[\"https:\/\/www.facebook.com\/PressenzaItalia\",\"https:\/\/x.com\/PressenzaIPA\"]},{\"@type\":\"Person\",\"@id\":\"https:\/\/www.pressenza.com\/it\/#\/schema\/person\/47253bd773bfdc8f669fc1a490a0d099\",\"name\":\"Rocco Artifoni\",\"description\":\"Rocco Artifoni \u00e8 nato a Bergamo nel 1960. \u00c8 presidente nazionale dell\u2019Associazione per la Riduzione del Debito Pubblico (www.ardep.it) e referente per la Lombardia dell\u2019Associazione Art. 53 (www.articolo53.it). Principali appartenenze e impegni locali (provincia di Bergamo): Consiglio Direttivo della Fondazione Serughetti La Porta (www.laportabergamo.it), Comitato provinciale per l\u2019abolizione delle barriere architettoniche (www.diversabile.it), Coordinamento provinciale di Libera (www.liberabg.it), Comitato bergamasco per la difesa della Costituzione (www.salviamolacostituzione.bg.it), Scuola di educazione e formazione alla politica We Care (www.scuolawecare.it), Redazione della rivista L\u2019Incontro e delle Edizioni Gruppo Aeper (www.aeper.it). Nel 2014 ha pubblicato insieme a Filippo Pizzolato \u201cL\u2019ABC della Costituzione\u201d per le Edizioni Gruppo Aeper con prefazione di don Luigi Ciotti. Nel 2018, insieme a Francesco Gesualdi e Antonio De Lellis, per CADTM Italia ha pubblicato il dossier \u201cFisco &amp; Debito. Gli effetti delle controriforme fiscali sul nostro debito pubblico\u201d.\",\"url\":\"https:\/\/www.pressenza.com\/it\/author\/rocco-artifoni\/\"}]}<\/script>\n<!-- \/ Yoast SEO plugin. -->","yoast_head_json":{"title":"Se l\u2019opposizione finisce in Costituzione","description":"Ci sono\u00a0 piccoli indizi che sono rivelatori di una mentalit\u00e0 o addirittura di una ideologia. Se il referendum d\u2019autunno confermasse il testo della","robots":{"index":"index","follow":"follow","max-snippet":"max-snippet:-1","max-image-preview":"max-image-preview:large","max-video-preview":"max-video-preview:-1"},"canonical":"https:\/\/www.pressenza.com\/it\/2016\/09\/lopposizione-finisce-costituzione\/","og_locale":"it_IT","og_type":"article","og_title":"Se l\u2019opposizione finisce in Costituzione","og_description":"Ci sono\u00a0 piccoli indizi che sono rivelatori di una mentalit\u00e0 o addirittura di una ideologia. Se il referendum d\u2019autunno confermasse il testo della","og_url":"https:\/\/www.pressenza.com\/it\/2016\/09\/lopposizione-finisce-costituzione\/","og_site_name":"Pressenza","article_publisher":"https:\/\/www.facebook.com\/PressenzaItalia","article_published_time":"2016-09-07T13:02:03+00:00","article_modified_time":"2016-09-07T13:16:38+00:00","og_image":[{"width":800,"height":908,"url":"https:\/\/www.pressenza.com\/wp-content\/uploads\/2016\/09\/costituzione-italiana.jpg","type":"image\/jpeg"}],"author":"Rocco Artifoni","twitter_card":"summary_large_image","twitter_creator":"@PressenzaIPA","twitter_site":"@PressenzaIPA","twitter_misc":{"Scritto da":"Rocco Artifoni","Tempo di lettura stimato":"4 minuti"},"schema":{"@context":"https:\/\/schema.org","@graph":[{"@type":"Article","@id":"https:\/\/www.pressenza.com\/it\/2016\/09\/lopposizione-finisce-costituzione\/#article","isPartOf":{"@id":"https:\/\/www.pressenza.com\/it\/2016\/09\/lopposizione-finisce-costituzione\/"},"author":{"name":"Rocco Artifoni","@id":"https:\/\/www.pressenza.com\/it\/#\/schema\/person\/47253bd773bfdc8f669fc1a490a0d099"},"headline":"Se l\u2019opposizione finisce in Costituzione","datePublished":"2016-09-07T13:02:03+00:00","dateModified":"2016-09-07T13:16:38+00:00","mainEntityOfPage":{"@id":"https:\/\/www.pressenza.com\/it\/2016\/09\/lopposizione-finisce-costituzione\/"},"wordCount":721,"publisher":{"@id":"https:\/\/www.pressenza.com\/it\/#organization"},"image":{"@id":"https:\/\/www.pressenza.com\/it\/2016\/09\/lopposizione-finisce-costituzione\/#primaryimage"},"thumbnailUrl":"https:\/\/www.pressenza.com\/wp-content\/uploads\/2016\/09\/costituzione-italiana.jpg","keywords":["Costituzione","Governo Renzi","Italicum","referendum"],"articleSection":["contenuti originali","Europa","Opinioni","Politica"],"inLanguage":"it-IT"},{"@type":"WebPage","@id":"https:\/\/www.pressenza.com\/it\/2016\/09\/lopposizione-finisce-costituzione\/","url":"https:\/\/www.pressenza.com\/it\/2016\/09\/lopposizione-finisce-costituzione\/","name":"Se l\u2019opposizione finisce in Costituzione","isPartOf":{"@id":"https:\/\/www.pressenza.com\/it\/#website"},"primaryImageOfPage":{"@id":"https:\/\/www.pressenza.com\/it\/2016\/09\/lopposizione-finisce-costituzione\/#primaryimage"},"image":{"@id":"https:\/\/www.pressenza.com\/it\/2016\/09\/lopposizione-finisce-costituzione\/#primaryimage"},"thumbnailUrl":"https:\/\/www.pressenza.com\/wp-content\/uploads\/2016\/09\/costituzione-italiana.jpg","datePublished":"2016-09-07T13:02:03+00:00","dateModified":"2016-09-07T13:16:38+00:00","description":"Ci sono\u00a0 piccoli indizi che sono rivelatori di una mentalit\u00e0 o addirittura di una ideologia. Se il referendum d\u2019autunno confermasse il testo della","breadcrumb":{"@id":"https:\/\/www.pressenza.com\/it\/2016\/09\/lopposizione-finisce-costituzione\/#breadcrumb"},"inLanguage":"it-IT","potentialAction":[{"@type":"ReadAction","target":["https:\/\/www.pressenza.com\/it\/2016\/09\/lopposizione-finisce-costituzione\/"]}]},{"@type":"ImageObject","inLanguage":"it-IT","@id":"https:\/\/www.pressenza.com\/it\/2016\/09\/lopposizione-finisce-costituzione\/#primaryimage","url":"https:\/\/www.pressenza.com\/wp-content\/uploads\/2016\/09\/costituzione-italiana.jpg","contentUrl":"https:\/\/www.pressenza.com\/wp-content\/uploads\/2016\/09\/costituzione-italiana.jpg","width":800,"height":908},{"@type":"BreadcrumbList","@id":"https:\/\/www.pressenza.com\/it\/2016\/09\/lopposizione-finisce-costituzione\/#breadcrumb","itemListElement":[{"@type":"ListItem","position":1,"name":"Accueil","item":"https:\/\/www.pressenza.com\/it\/"},{"@type":"ListItem","position":2,"name":"Se l\u2019opposizione finisce in Costituzione"}]},{"@type":"WebSite","@id":"https:\/\/www.pressenza.com\/it\/#website","url":"https:\/\/www.pressenza.com\/it\/","name":"Pressenza","description":"Agenzia di Stampa Internazionale","publisher":{"@id":"https:\/\/www.pressenza.com\/it\/#organization"},"potentialAction":[{"@type":"SearchAction","target":{"@type":"EntryPoint","urlTemplate":"https:\/\/www.pressenza.com\/it\/?s={search_term_string}"},"query-input":{"@type":"PropertyValueSpecification","valueRequired":true,"valueName":"search_term_string"}}],"inLanguage":"it-IT"},{"@type":"Organization","@id":"https:\/\/www.pressenza.com\/it\/#organization","name":"Pressenza","url":"https:\/\/www.pressenza.com\/it\/","logo":{"@type":"ImageObject","inLanguage":"it-IT","@id":"https:\/\/www.pressenza.com\/it\/#\/schema\/logo\/image\/","url":"https:\/\/www.pressenza.com\/wp-content\/uploads\/2022\/10\/pressenza_logo_200x200.jpg","contentUrl":"https:\/\/www.pressenza.com\/wp-content\/uploads\/2022\/10\/pressenza_logo_200x200.jpg","width":200,"height":200,"caption":"Pressenza"},"image":{"@id":"https:\/\/www.pressenza.com\/it\/#\/schema\/logo\/image\/"},"sameAs":["https:\/\/www.facebook.com\/PressenzaItalia","https:\/\/x.com\/PressenzaIPA"]},{"@type":"Person","@id":"https:\/\/www.pressenza.com\/it\/#\/schema\/person\/47253bd773bfdc8f669fc1a490a0d099","name":"Rocco Artifoni","description":"Rocco Artifoni \u00e8 nato a Bergamo nel 1960. \u00c8 presidente nazionale dell\u2019Associazione per la Riduzione del Debito Pubblico (www.ardep.it) e referente per la Lombardia dell\u2019Associazione Art. 53 (www.articolo53.it). Principali appartenenze e impegni locali (provincia di Bergamo): Consiglio Direttivo della Fondazione Serughetti La Porta (www.laportabergamo.it), Comitato provinciale per l\u2019abolizione delle barriere architettoniche (www.diversabile.it), Coordinamento provinciale di Libera (www.liberabg.it), Comitato bergamasco per la difesa della Costituzione (www.salviamolacostituzione.bg.it), Scuola di educazione e formazione alla politica We Care (www.scuolawecare.it), Redazione della rivista L\u2019Incontro e delle Edizioni Gruppo Aeper (www.aeper.it). Nel 2014 ha pubblicato insieme a Filippo Pizzolato \u201cL\u2019ABC della Costituzione\u201d per le Edizioni Gruppo Aeper con prefazione di don Luigi Ciotti. Nel 2018, insieme a Francesco Gesualdi e Antonio De Lellis, per CADTM Italia ha pubblicato il dossier \u201cFisco &amp; Debito. Gli effetti delle controriforme fiscali sul nostro debito pubblico\u201d.","url":"https:\/\/www.pressenza.com\/it\/author\/rocco-artifoni\/"}]}},"place":"","original_article_url":"","_links":{"self":[{"href":"https:\/\/www.pressenza.com\/it\/wp-json\/wp\/v2\/posts\/366057","targetHints":{"allow":["GET"]}}],"collection":[{"href":"https:\/\/www.pressenza.com\/it\/wp-json\/wp\/v2\/posts"}],"about":[{"href":"https:\/\/www.pressenza.com\/it\/wp-json\/wp\/v2\/types\/post"}],"author":[{"embeddable":true,"href":"https:\/\/www.pressenza.com\/it\/wp-json\/wp\/v2\/users\/1280"}],"replies":[{"embeddable":true,"href":"https:\/\/www.pressenza.com\/it\/wp-json\/wp\/v2\/comments?post=366057"}],"version-history":[{"count":0,"href":"https:\/\/www.pressenza.com\/it\/wp-json\/wp\/v2\/posts\/366057\/revisions"}],"wp:featuredmedia":[{"embeddable":true,"href":"https:\/\/www.pressenza.com\/it\/wp-json\/wp\/v2\/media\/366068"}],"wp:attachment":[{"href":"https:\/\/www.pressenza.com\/it\/wp-json\/wp\/v2\/media?parent=366057"}],"wp:term":[{"taxonomy":"category","embeddable":true,"href":"https:\/\/www.pressenza.com\/it\/wp-json\/wp\/v2\/categories?post=366057"},{"taxonomy":"post_tag","embeddable":true,"href":"https:\/\/www.pressenza.com\/it\/wp-json\/wp\/v2\/tags?post=366057"}],"curies":[{"name":"wp","href":"https:\/\/api.w.org\/{rel}","templated":true}]}}