{"id":358981,"date":"2016-08-31T14:44:21","date_gmt":"2016-08-31T13:44:21","guid":{"rendered":"http:\/\/www.pressenza.com\/it\/?p=358981"},"modified":"2016-08-31T14:44:21","modified_gmt":"2016-08-31T13:44:21","slug":"la-rivoluzione-umana-necessaria-nonviolenza-liberta-riconciliazione-pilastri-della-nuova-civilta","status":"publish","type":"post","link":"https:\/\/www.pressenza.com\/it\/2016\/08\/la-rivoluzione-umana-necessaria-nonviolenza-liberta-riconciliazione-pilastri-della-nuova-civilta\/","title":{"rendered":"La Rivoluzione Umana Necessaria.  Nonviolenza, libert\u00e0 e riconciliazione: pilastri della nuova civilt\u00e0"},"content":{"rendered":"<p><strong>V Simposio Internazionale del Centro Mondiale di Studi Umanisti<\/strong><\/p>\n<p><strong>Parco Studi e Riflessione\u00a0 <\/strong><strong>sab. 29 e dom. 30 ottobre 2016<\/strong><\/p>\n<p><strong>Attigliano Strada Santa Eugenia 3, 05012 (TR) &#8211; Umbria &#8211; Italia<\/strong><\/p>\n<p>Nel corso della storia, l\u2019Essere Umano \u00e8 stato protagonista di molteplici rivoluzioni in numerosi campi. Questi salti evolutivi, non lineari, si sono prodotti nei momenti in cui l\u2019organizzazione sociale e i valori vigenti non sono stati pi\u00f9 in grado di dare risposte alle necessit\u00e0 degli insiemi umani in crescita. Questa \u00e8 la situazione attuale a livello mondiale. Il tema della Rivoluzione acquisisce, quindi, una rilevanza centrale. <strong>Da tutte le latitudini arriva una forte richiesta di trasformazioni profonde<\/strong> e, allo stesso tempo, sorgono esperienze rinnovatrici che annunciano possibili futuri.<\/p>\n<p>Possiamo farci trasportare dalla meccanicit\u00e0 degli eventi, con la prospettiva che crescano l&#8217;assurdo e la distruzione, oppure possiamo dare un nuovo significato intenzionale agli avvenimenti, affermando <strong>la possibilit\u00e0 di costruire un contesto sociale e interpersonale nonviolento.<\/strong> Sembra che questa rivoluzione globale, nonviolenta, inclusiva e aperta, tendente alla ricerca di punti in comune, sia gi\u00e0 in moto oggi nel cuore, nell\u2019immaginazione e nell&#8217;azione individuale e collettiva. <strong>I suoi protagonisti siamo noi, esseri umani in trasformazione.<\/strong><\/p>\n<p>Nei due giorni del Simposio i partecipanti condivideranno opinioni ed esperienze su questi temi all\u2019interno di gruppi di lavoro, interventi e workshop.<\/p>\n<p><strong>Per iscrizioni e informazioni su questo e sui precedenti Simposi:<\/strong><\/p>\n<p><strong>Sito: <\/strong>http:\/\/attigliano2016.worldsymposium.org<\/p>\n<p><strong>Mail: <\/strong><a href=\"mailto:attigliano2016@worldsymposium.org\">attigliano2016@worldsymposium.org<\/a><\/p>\n","protected":false},"excerpt":{"rendered":"<p>V Simposio Internazionale del Centro Mondiale di Studi Umanisti Parco Studi e Riflessione\u00a0 sab. 29 e dom. 30 ottobre 2016 Attigliano Strada Santa Eugenia 3, 05012 (TR) &#8211; Umbria &#8211; Italia Nel corso della storia, l\u2019Essere Umano \u00e8 stato protagonista&hellip;<\/p>\n","protected":false},"author":1052,"featured_media":358982,"comment_status":"closed","ping_status":"closed","sticky":false,"template":"","format":"standard","meta":{"footnotes":""},"categories":[150,47,1262],"tags":[7647,9380,610],"class_list":["post-358981","post","type-post","status-publish","format-standard","has-post-thumbnail","hentry","category-comunicati-stampa","category-europa","category-nonviolenza-argomento","tag-centro-mondiale-di-studi-umanisti","tag-parco-di-studio-e-riflessione-di-attigliano","tag-simposio"],"yoast_head":"<!-- This site is optimized with the Yoast SEO plugin v27.1.1 - https:\/\/yoast.com\/product\/yoast-seo-wordpress\/ -->\n<title>La Rivoluzione Umana Necessaria. Nonviolenza, libert\u00e0 e riconciliazione: pilastri della nuova civilt\u00e0<\/title>\n<meta name=\"description\" content=\"V Simposio Internazionale del Centro Mondiale di Studi Umanisti Parco Studi e Riflessione\u00a0 sab. 29 e dom. 30 ottobre 2016 Attigliano Strada Santa Eugenia\" \/>\n<meta name=\"robots\" content=\"index, follow, max-snippet:-1, max-image-preview:large, max-video-preview:-1\" \/>\n<link rel=\"canonical\" href=\"https:\/\/www.pressenza.com\/it\/2016\/08\/la-rivoluzione-umana-necessaria-nonviolenza-liberta-riconciliazione-pilastri-della-nuova-civilta\/\" \/>\n<meta property=\"og:locale\" content=\"it_IT\" \/>\n<meta property=\"og:type\" content=\"article\" \/>\n<meta property=\"og:title\" content=\"La Rivoluzione Umana Necessaria. Nonviolenza, libert\u00e0 e riconciliazione: pilastri della nuova civilt\u00e0\" \/>\n<meta property=\"og:description\" content=\"V Simposio Internazionale del Centro Mondiale di Studi Umanisti Parco Studi e Riflessione\u00a0 sab. 29 e dom. 30 ottobre 2016 Attigliano Strada Santa Eugenia\" \/>\n<meta property=\"og:url\" content=\"https:\/\/www.pressenza.com\/it\/2016\/08\/la-rivoluzione-umana-necessaria-nonviolenza-liberta-riconciliazione-pilastri-della-nuova-civilta\/\" \/>\n<meta property=\"og:site_name\" content=\"Pressenza\" \/>\n<meta property=\"article:publisher\" content=\"https:\/\/www.facebook.com\/PressenzaItalia\" \/>\n<meta property=\"article:published_time\" content=\"2016-08-31T13:44:21+00:00\" \/>\n<meta property=\"og:image\" content=\"https:\/\/www.pressenza.com\/wp-content\/uploads\/2016\/08\/bannerSimposio-2.jpeg\" \/>\n\t<meta property=\"og:image:width\" content=\"960\" \/>\n\t<meta property=\"og:image:height\" content=\"409\" \/>\n\t<meta property=\"og:image:type\" content=\"image\/jpeg\" \/>\n<meta name=\"author\" content=\"Centro Mundial de Estudios Humanistas\" \/>\n<meta name=\"twitter:card\" content=\"summary_large_image\" \/>\n<meta name=\"twitter:creator\" content=\"@PressenzaIPA\" \/>\n<meta name=\"twitter:site\" content=\"@PressenzaIPA\" \/>\n<meta name=\"twitter:label1\" content=\"Scritto da\" \/>\n\t<meta name=\"twitter:data1\" content=\"Centro Mundial de Estudios Humanistas\" \/>\n\t<meta name=\"twitter:label2\" content=\"Tempo di lettura stimato\" \/>\n\t<meta name=\"twitter:data2\" content=\"1 minuto\" \/>\n<script type=\"application\/ld+json\" class=\"yoast-schema-graph\">{\"@context\":\"https:\/\/schema.org\",\"@graph\":[{\"@type\":\"Article\",\"@id\":\"https:\/\/www.pressenza.com\/it\/2016\/08\/la-rivoluzione-umana-necessaria-nonviolenza-liberta-riconciliazione-pilastri-della-nuova-civilta\/#article\",\"isPartOf\":{\"@id\":\"https:\/\/www.pressenza.com\/it\/2016\/08\/la-rivoluzione-umana-necessaria-nonviolenza-liberta-riconciliazione-pilastri-della-nuova-civilta\/\"},\"author\":{\"name\":\"Centro Mundial de Estudios Humanistas\",\"@id\":\"https:\/\/www.pressenza.com\/it\/#\/schema\/person\/ad17217c81c696a1f1b08bd270de7288\"},\"headline\":\"La Rivoluzione Umana Necessaria. Nonviolenza, libert\u00e0 e riconciliazione: pilastri della nuova civilt\u00e0\",\"datePublished\":\"2016-08-31T13:44:21+00:00\",\"mainEntityOfPage\":{\"@id\":\"https:\/\/www.pressenza.com\/it\/2016\/08\/la-rivoluzione-umana-necessaria-nonviolenza-liberta-riconciliazione-pilastri-della-nuova-civilta\/\"},\"wordCount\":245,\"publisher\":{\"@id\":\"https:\/\/www.pressenza.com\/it\/#organization\"},\"image\":{\"@id\":\"https:\/\/www.pressenza.com\/it\/2016\/08\/la-rivoluzione-umana-necessaria-nonviolenza-liberta-riconciliazione-pilastri-della-nuova-civilta\/#primaryimage\"},\"thumbnailUrl\":\"https:\/\/www.pressenza.com\/wp-content\/uploads\/2016\/08\/bannerSimposio-2.jpeg\",\"keywords\":[\"Centro Mondiale di Studi Umanisti\",\"Parco di studio e riflessione di Attigliano\",\"simposio\"],\"articleSection\":[\"Comunicati Stampa\",\"Europa\",\"Nonviolenza\"],\"inLanguage\":\"it-IT\"},{\"@type\":\"WebPage\",\"@id\":\"https:\/\/www.pressenza.com\/it\/2016\/08\/la-rivoluzione-umana-necessaria-nonviolenza-liberta-riconciliazione-pilastri-della-nuova-civilta\/\",\"url\":\"https:\/\/www.pressenza.com\/it\/2016\/08\/la-rivoluzione-umana-necessaria-nonviolenza-liberta-riconciliazione-pilastri-della-nuova-civilta\/\",\"name\":\"La Rivoluzione Umana Necessaria. Nonviolenza, libert\u00e0 e riconciliazione: pilastri della nuova civilt\u00e0\",\"isPartOf\":{\"@id\":\"https:\/\/www.pressenza.com\/it\/#website\"},\"primaryImageOfPage\":{\"@id\":\"https:\/\/www.pressenza.com\/it\/2016\/08\/la-rivoluzione-umana-necessaria-nonviolenza-liberta-riconciliazione-pilastri-della-nuova-civilta\/#primaryimage\"},\"image\":{\"@id\":\"https:\/\/www.pressenza.com\/it\/2016\/08\/la-rivoluzione-umana-necessaria-nonviolenza-liberta-riconciliazione-pilastri-della-nuova-civilta\/#primaryimage\"},\"thumbnailUrl\":\"https:\/\/www.pressenza.com\/wp-content\/uploads\/2016\/08\/bannerSimposio-2.jpeg\",\"datePublished\":\"2016-08-31T13:44:21+00:00\",\"description\":\"V Simposio Internazionale del Centro Mondiale di Studi Umanisti Parco Studi e Riflessione\u00a0 sab. 29 e dom. 30 ottobre 2016 Attigliano Strada Santa Eugenia\",\"breadcrumb\":{\"@id\":\"https:\/\/www.pressenza.com\/it\/2016\/08\/la-rivoluzione-umana-necessaria-nonviolenza-liberta-riconciliazione-pilastri-della-nuova-civilta\/#breadcrumb\"},\"inLanguage\":\"it-IT\",\"potentialAction\":[{\"@type\":\"ReadAction\",\"target\":[\"https:\/\/www.pressenza.com\/it\/2016\/08\/la-rivoluzione-umana-necessaria-nonviolenza-liberta-riconciliazione-pilastri-della-nuova-civilta\/\"]}]},{\"@type\":\"ImageObject\",\"inLanguage\":\"it-IT\",\"@id\":\"https:\/\/www.pressenza.com\/it\/2016\/08\/la-rivoluzione-umana-necessaria-nonviolenza-liberta-riconciliazione-pilastri-della-nuova-civilta\/#primaryimage\",\"url\":\"https:\/\/www.pressenza.com\/wp-content\/uploads\/2016\/08\/bannerSimposio-2.jpeg\",\"contentUrl\":\"https:\/\/www.pressenza.com\/wp-content\/uploads\/2016\/08\/bannerSimposio-2.jpeg\",\"width\":960,\"height\":409},{\"@type\":\"BreadcrumbList\",\"@id\":\"https:\/\/www.pressenza.com\/it\/2016\/08\/la-rivoluzione-umana-necessaria-nonviolenza-liberta-riconciliazione-pilastri-della-nuova-civilta\/#breadcrumb\",\"itemListElement\":[{\"@type\":\"ListItem\",\"position\":1,\"name\":\"Accueil\",\"item\":\"https:\/\/www.pressenza.com\/it\/\"},{\"@type\":\"ListItem\",\"position\":2,\"name\":\"La Rivoluzione Umana Necessaria. Nonviolenza, libert\u00e0 e riconciliazione: pilastri della nuova civilt\u00e0\"}]},{\"@type\":\"WebSite\",\"@id\":\"https:\/\/www.pressenza.com\/it\/#website\",\"url\":\"https:\/\/www.pressenza.com\/it\/\",\"name\":\"Pressenza\",\"description\":\"Agenzia di Stampa Internazionale\",\"publisher\":{\"@id\":\"https:\/\/www.pressenza.com\/it\/#organization\"},\"potentialAction\":[{\"@type\":\"SearchAction\",\"target\":{\"@type\":\"EntryPoint\",\"urlTemplate\":\"https:\/\/www.pressenza.com\/it\/?s={search_term_string}\"},\"query-input\":{\"@type\":\"PropertyValueSpecification\",\"valueRequired\":true,\"valueName\":\"search_term_string\"}}],\"inLanguage\":\"it-IT\"},{\"@type\":\"Organization\",\"@id\":\"https:\/\/www.pressenza.com\/it\/#organization\",\"name\":\"Pressenza\",\"url\":\"https:\/\/www.pressenza.com\/it\/\",\"logo\":{\"@type\":\"ImageObject\",\"inLanguage\":\"it-IT\",\"@id\":\"https:\/\/www.pressenza.com\/it\/#\/schema\/logo\/image\/\",\"url\":\"https:\/\/www.pressenza.com\/wp-content\/uploads\/2022\/10\/pressenza_logo_200x200.jpg\",\"contentUrl\":\"https:\/\/www.pressenza.com\/wp-content\/uploads\/2022\/10\/pressenza_logo_200x200.jpg\",\"width\":200,\"height\":200,\"caption\":\"Pressenza\"},\"image\":{\"@id\":\"https:\/\/www.pressenza.com\/it\/#\/schema\/logo\/image\/\"},\"sameAs\":[\"https:\/\/www.facebook.com\/PressenzaItalia\",\"https:\/\/x.com\/PressenzaIPA\"]},{\"@type\":\"Person\",\"@id\":\"https:\/\/www.pressenza.com\/it\/#\/schema\/person\/ad17217c81c696a1f1b08bd270de7288\",\"name\":\"Centro Mundial de Estudios Humanistas\",\"description\":\"World Centre of Humanist Studies \u2014 Centro Mundial de Estudios Humanistas \u2014 Centro Mondiale di Studi Umanisti \u2014 Centre Mondial d\u00b4\u00c9tudes Humanistes \u2014 Centro Mundial de Estudos Humanistas www.cmehumanistas.org\",\"sameAs\":[\"http:\/\/www.cmehumanistas.org\/\"],\"url\":\"https:\/\/www.pressenza.com\/it\/author\/centro-mundial-de-estudios-humanistas\/\"}]}<\/script>\n<!-- \/ Yoast SEO plugin. -->","yoast_head_json":{"title":"La Rivoluzione Umana Necessaria. Nonviolenza, libert\u00e0 e riconciliazione: pilastri della nuova civilt\u00e0","description":"V Simposio Internazionale del Centro Mondiale di Studi Umanisti Parco Studi e Riflessione\u00a0 sab. 29 e dom. 30 ottobre 2016 Attigliano Strada Santa Eugenia","robots":{"index":"index","follow":"follow","max-snippet":"max-snippet:-1","max-image-preview":"max-image-preview:large","max-video-preview":"max-video-preview:-1"},"canonical":"https:\/\/www.pressenza.com\/it\/2016\/08\/la-rivoluzione-umana-necessaria-nonviolenza-liberta-riconciliazione-pilastri-della-nuova-civilta\/","og_locale":"it_IT","og_type":"article","og_title":"La Rivoluzione Umana Necessaria. Nonviolenza, libert\u00e0 e riconciliazione: pilastri della nuova civilt\u00e0","og_description":"V Simposio Internazionale del Centro Mondiale di Studi Umanisti Parco Studi e Riflessione\u00a0 sab. 29 e dom. 30 ottobre 2016 Attigliano Strada Santa Eugenia","og_url":"https:\/\/www.pressenza.com\/it\/2016\/08\/la-rivoluzione-umana-necessaria-nonviolenza-liberta-riconciliazione-pilastri-della-nuova-civilta\/","og_site_name":"Pressenza","article_publisher":"https:\/\/www.facebook.com\/PressenzaItalia","article_published_time":"2016-08-31T13:44:21+00:00","og_image":[{"width":960,"height":409,"url":"https:\/\/www.pressenza.com\/wp-content\/uploads\/2016\/08\/bannerSimposio-2.jpeg","type":"image\/jpeg"}],"author":"Centro Mundial de Estudios Humanistas","twitter_card":"summary_large_image","twitter_creator":"@PressenzaIPA","twitter_site":"@PressenzaIPA","twitter_misc":{"Scritto da":"Centro Mundial de Estudios Humanistas","Tempo di lettura stimato":"1 minuto"},"schema":{"@context":"https:\/\/schema.org","@graph":[{"@type":"Article","@id":"https:\/\/www.pressenza.com\/it\/2016\/08\/la-rivoluzione-umana-necessaria-nonviolenza-liberta-riconciliazione-pilastri-della-nuova-civilta\/#article","isPartOf":{"@id":"https:\/\/www.pressenza.com\/it\/2016\/08\/la-rivoluzione-umana-necessaria-nonviolenza-liberta-riconciliazione-pilastri-della-nuova-civilta\/"},"author":{"name":"Centro Mundial de Estudios Humanistas","@id":"https:\/\/www.pressenza.com\/it\/#\/schema\/person\/ad17217c81c696a1f1b08bd270de7288"},"headline":"La Rivoluzione Umana Necessaria. Nonviolenza, libert\u00e0 e riconciliazione: pilastri della nuova civilt\u00e0","datePublished":"2016-08-31T13:44:21+00:00","mainEntityOfPage":{"@id":"https:\/\/www.pressenza.com\/it\/2016\/08\/la-rivoluzione-umana-necessaria-nonviolenza-liberta-riconciliazione-pilastri-della-nuova-civilta\/"},"wordCount":245,"publisher":{"@id":"https:\/\/www.pressenza.com\/it\/#organization"},"image":{"@id":"https:\/\/www.pressenza.com\/it\/2016\/08\/la-rivoluzione-umana-necessaria-nonviolenza-liberta-riconciliazione-pilastri-della-nuova-civilta\/#primaryimage"},"thumbnailUrl":"https:\/\/www.pressenza.com\/wp-content\/uploads\/2016\/08\/bannerSimposio-2.jpeg","keywords":["Centro Mondiale di Studi Umanisti","Parco di studio e riflessione di Attigliano","simposio"],"articleSection":["Comunicati Stampa","Europa","Nonviolenza"],"inLanguage":"it-IT"},{"@type":"WebPage","@id":"https:\/\/www.pressenza.com\/it\/2016\/08\/la-rivoluzione-umana-necessaria-nonviolenza-liberta-riconciliazione-pilastri-della-nuova-civilta\/","url":"https:\/\/www.pressenza.com\/it\/2016\/08\/la-rivoluzione-umana-necessaria-nonviolenza-liberta-riconciliazione-pilastri-della-nuova-civilta\/","name":"La Rivoluzione Umana Necessaria. Nonviolenza, libert\u00e0 e riconciliazione: pilastri della nuova civilt\u00e0","isPartOf":{"@id":"https:\/\/www.pressenza.com\/it\/#website"},"primaryImageOfPage":{"@id":"https:\/\/www.pressenza.com\/it\/2016\/08\/la-rivoluzione-umana-necessaria-nonviolenza-liberta-riconciliazione-pilastri-della-nuova-civilta\/#primaryimage"},"image":{"@id":"https:\/\/www.pressenza.com\/it\/2016\/08\/la-rivoluzione-umana-necessaria-nonviolenza-liberta-riconciliazione-pilastri-della-nuova-civilta\/#primaryimage"},"thumbnailUrl":"https:\/\/www.pressenza.com\/wp-content\/uploads\/2016\/08\/bannerSimposio-2.jpeg","datePublished":"2016-08-31T13:44:21+00:00","description":"V Simposio Internazionale del Centro Mondiale di Studi Umanisti Parco Studi e Riflessione\u00a0 sab. 29 e dom. 30 ottobre 2016 Attigliano Strada Santa Eugenia","breadcrumb":{"@id":"https:\/\/www.pressenza.com\/it\/2016\/08\/la-rivoluzione-umana-necessaria-nonviolenza-liberta-riconciliazione-pilastri-della-nuova-civilta\/#breadcrumb"},"inLanguage":"it-IT","potentialAction":[{"@type":"ReadAction","target":["https:\/\/www.pressenza.com\/it\/2016\/08\/la-rivoluzione-umana-necessaria-nonviolenza-liberta-riconciliazione-pilastri-della-nuova-civilta\/"]}]},{"@type":"ImageObject","inLanguage":"it-IT","@id":"https:\/\/www.pressenza.com\/it\/2016\/08\/la-rivoluzione-umana-necessaria-nonviolenza-liberta-riconciliazione-pilastri-della-nuova-civilta\/#primaryimage","url":"https:\/\/www.pressenza.com\/wp-content\/uploads\/2016\/08\/bannerSimposio-2.jpeg","contentUrl":"https:\/\/www.pressenza.com\/wp-content\/uploads\/2016\/08\/bannerSimposio-2.jpeg","width":960,"height":409},{"@type":"BreadcrumbList","@id":"https:\/\/www.pressenza.com\/it\/2016\/08\/la-rivoluzione-umana-necessaria-nonviolenza-liberta-riconciliazione-pilastri-della-nuova-civilta\/#breadcrumb","itemListElement":[{"@type":"ListItem","position":1,"name":"Accueil","item":"https:\/\/www.pressenza.com\/it\/"},{"@type":"ListItem","position":2,"name":"La Rivoluzione Umana Necessaria. Nonviolenza, libert\u00e0 e riconciliazione: pilastri della nuova civilt\u00e0"}]},{"@type":"WebSite","@id":"https:\/\/www.pressenza.com\/it\/#website","url":"https:\/\/www.pressenza.com\/it\/","name":"Pressenza","description":"Agenzia di Stampa Internazionale","publisher":{"@id":"https:\/\/www.pressenza.com\/it\/#organization"},"potentialAction":[{"@type":"SearchAction","target":{"@type":"EntryPoint","urlTemplate":"https:\/\/www.pressenza.com\/it\/?s={search_term_string}"},"query-input":{"@type":"PropertyValueSpecification","valueRequired":true,"valueName":"search_term_string"}}],"inLanguage":"it-IT"},{"@type":"Organization","@id":"https:\/\/www.pressenza.com\/it\/#organization","name":"Pressenza","url":"https:\/\/www.pressenza.com\/it\/","logo":{"@type":"ImageObject","inLanguage":"it-IT","@id":"https:\/\/www.pressenza.com\/it\/#\/schema\/logo\/image\/","url":"https:\/\/www.pressenza.com\/wp-content\/uploads\/2022\/10\/pressenza_logo_200x200.jpg","contentUrl":"https:\/\/www.pressenza.com\/wp-content\/uploads\/2022\/10\/pressenza_logo_200x200.jpg","width":200,"height":200,"caption":"Pressenza"},"image":{"@id":"https:\/\/www.pressenza.com\/it\/#\/schema\/logo\/image\/"},"sameAs":["https:\/\/www.facebook.com\/PressenzaItalia","https:\/\/x.com\/PressenzaIPA"]},{"@type":"Person","@id":"https:\/\/www.pressenza.com\/it\/#\/schema\/person\/ad17217c81c696a1f1b08bd270de7288","name":"Centro Mundial de Estudios Humanistas","description":"World Centre of Humanist Studies \u2014 Centro Mundial de Estudios Humanistas \u2014 Centro Mondiale di Studi Umanisti \u2014 Centre Mondial d\u00b4\u00c9tudes Humanistes \u2014 Centro Mundial de Estudos Humanistas www.cmehumanistas.org","sameAs":["http:\/\/www.cmehumanistas.org\/"],"url":"https:\/\/www.pressenza.com\/it\/author\/centro-mundial-de-estudios-humanistas\/"}]}},"place":"","original_article_url":"","_links":{"self":[{"href":"https:\/\/www.pressenza.com\/it\/wp-json\/wp\/v2\/posts\/358981","targetHints":{"allow":["GET"]}}],"collection":[{"href":"https:\/\/www.pressenza.com\/it\/wp-json\/wp\/v2\/posts"}],"about":[{"href":"https:\/\/www.pressenza.com\/it\/wp-json\/wp\/v2\/types\/post"}],"author":[{"embeddable":true,"href":"https:\/\/www.pressenza.com\/it\/wp-json\/wp\/v2\/users\/1052"}],"replies":[{"embeddable":true,"href":"https:\/\/www.pressenza.com\/it\/wp-json\/wp\/v2\/comments?post=358981"}],"version-history":[{"count":0,"href":"https:\/\/www.pressenza.com\/it\/wp-json\/wp\/v2\/posts\/358981\/revisions"}],"wp:featuredmedia":[{"embeddable":true,"href":"https:\/\/www.pressenza.com\/it\/wp-json\/wp\/v2\/media\/358982"}],"wp:attachment":[{"href":"https:\/\/www.pressenza.com\/it\/wp-json\/wp\/v2\/media?parent=358981"}],"wp:term":[{"taxonomy":"category","embeddable":true,"href":"https:\/\/www.pressenza.com\/it\/wp-json\/wp\/v2\/categories?post=358981"},{"taxonomy":"post_tag","embeddable":true,"href":"https:\/\/www.pressenza.com\/it\/wp-json\/wp\/v2\/tags?post=358981"}],"curies":[{"name":"wp","href":"https:\/\/api.w.org\/{rel}","templated":true}]}}