{"id":351986,"date":"2016-08-11T17:57:38","date_gmt":"2016-08-11T16:57:38","guid":{"rendered":"http:\/\/www.pressenza.com\/it\/?p=351986"},"modified":"2016-08-12T00:56:44","modified_gmt":"2016-08-11T23:56:44","slug":"progetto-piu-urgente","status":"publish","type":"post","link":"https:\/\/www.pressenza.com\/it\/2016\/08\/progetto-piu-urgente\/","title":{"rendered":"Poesia Contro le Armi"},"content":{"rendered":"<p><strong><em>\u201c\u2026mentre dormiamo si combattono guerre sanguinose e quando vogliamo svegliarci la morte bussa alla nostra porta.\u201d<\/em><\/strong><\/p>\n<p>L\u2019affermazione si ascolta nel video con tragica certezza, ma pronunciata con voce chiara e soave. Si tratta di un espediente coerente con il contrasto che questa campagna propone a partire dal suo stesso nome: <em><strong>Poesia contro le armi<\/strong><\/em><strong>.<\/strong> Luz Jahnen, uno dei promotori dell\u2019iniziativa, invita a condividere un progetto che considera urgente: contrapporsi all\u2019industria delle armi\u2026 con la poesia.<\/p>\n<p><strong>La campagna \u00e8 lanciata dal \u201cComitato per la difesa del sistema nervoso debole\u201d. Che cos\u2019\u00e8 questo comitato e da dove nasce l\u2019idea della campagna?<\/strong><\/p>\n<p>Bene, siamo un piccolo gruppo di amici residenti in tre paesi diversi e facciamo parte da anni del Movimento Umanista fondato da Silo, un grande pensatore e scrittore sudamericano che \u00e8 stato la nostra fonte d\u2019ispirazione. In uno dei suoi racconti \u2013 \u201cIl giorno del leone alato\u201d\u2013 compare un \u201cComitato per la difesa del sistema nervoso debole\u201d. Abbiamo preso il nome da l\u00e0, come una specie di ricordo e di omaggio. Silo ha promosso con forza la lotta per superare ogni forma di violenza, ma \u00e8 evidente che in questo campo c\u2019\u00e8 ancora molto da fare; potremmo dire dunque che la campagna \u00e8 sorta per necessit\u00e0.<\/p>\n<p>L\u2019anno scorso ho partecipato a un campeggio estivo, dopo aver passato molti mesi coinvolto in studi e attivit\u00e0 sulla violenza e la vendetta. Mi \u00e8 sembrato di capire che le due cose fanno parte della nostra cultura e si esprimono a livello personale e sociale. Esistono molte forme di violenza, \u00e8 chiaro, ma la violenza armata in particolare mi \u00e8 parsa ogni volta pi\u00f9 evidente. Non c\u2019\u00e8 bisogno di fornire molti esempi al riguardo, no?<\/p>\n<p>Tutti i giorni arrivano notizie di guerre, attentati, attacchi e persone uccise da altre persone e sembra \u201cnormale\u201d! Siamo arrivati a considerare tutto questo naturale e inevitabile! Io per\u00f2 sono convinto del contrario: il futuro umano sar\u00e0 possibile solo se superiamo la violenza. Cos\u00ec mi sono chiesto cosa fare per fermare la corsa agli armamenti.<\/p>\n<p><strong>E da l\u00ec \u00e8 sorta l\u2019idea di ricorrere alla poesia\u2026<\/strong><\/p>\n<p>S\u00ec, perch\u00e9 rivolgersi ai fabbricanti di armi o ai governi \u00e8 impensabile. Le armi sono un affare che non solo muove moltissimi soldi, ma che costituisce anche l\u2019economia del potere e coinvolge i paesi pi\u00f9 ricchi e i loro servizi segreti\u2026 Che cosa si pu\u00f2 contrapporre a questi potenti, a questi economisti senza morale, a questi affaristi senza sentimenti n\u00e9 compassione? Ho pensato cos\u00ec al loro opposto, a ci\u00f2 che \u00e8 pi\u00f9 sensibile e delicato, non cerca profitti ed esprime il meglio delle persone, a ci\u00f2 che c\u2019\u00e8 di pi\u00f9 umano: la poesia. Una volta che mi \u00e8 venuta questa idea, hanno cominciato a sorgere pi\u00f9 immagini. Cos\u00ec ho chiamato due amici che si sono uniti al progetto con entusiasmo: Tom, dalla Svizzera, ha creato il sito e Bruno, da Buenos Aires, ha coordinato con una piccola equipe la produzione di questo bellissimo video promozionale, che esiste gi\u00e0 in varie lingue.<\/p>\n<div id=\"attachment_344124\" class=\"wp-caption alignnone\"><img loading=\"lazy\" decoding=\"async\" aria-describedby=\"caption-attachment-344124\" class=\"size-large wp-image-344124\" src=\"http:\/\/www.pressenza.com\/wp-content\/uploads\/2016\/07\/Luz-J2-720x464.png\" alt=\"Luz Jahnen. Foto Pressenza\" width=\"720\" height=\"464\" srcset=\"https:\/\/www.pressenza.com\/wp-content\/uploads\/2016\/07\/Luz-J2-720x464.png 720w, https:\/\/www.pressenza.com\/wp-content\/uploads\/2016\/07\/Luz-J2-300x194.png 300w, https:\/\/www.pressenza.com\/wp-content\/uploads\/2016\/07\/Luz-J2-768x495.png 768w, https:\/\/www.pressenza.com\/wp-content\/uploads\/2016\/07\/Luz-J2.png 800w\" sizes=\"auto, (max-width: 720px) 100vw, 720px\" \/><p id=\"caption-attachment-344124\" class=\"wp-caption-text\">Luz Jahnen. Foto Pressenza<\/p><\/div>\n<p><strong>Loro condividono la tua analisi e sentono anche l&#8217;urgenza?<br \/>\n<\/strong><\/p>\n<p>Naturalmente! Perch\u00e8 il commercio delle armi \u00e8 in crescita, \u00e8 sempre pi\u00f9 sofisticato e nelle mani di sempre pi\u00f9 gente. Non si limita pi\u00f9 agli stati, bens\u00ec ha raggiunto molti gruppi parastatali che pure ritengono di avere qualcosa da difendere. In un modo o nell&#8217;altro siamo sempre pi\u00f9 esposti! Le armi nucleari, ad esempio, vengono prodotte in formati ridotti che sono facili da trasportare. La questione ha smesso di essere chi le potrebbe usare, ora la domanda \u00e8 quando saranno usate, in che condizioni, e chi tra noi saranno le vittime?<\/p>\n<p style=\"text-align: justify;\">&#8212;&#8212;&#8212;&#8212;&#8212;&#8212;&#8212;&#8212;<\/p>\n<p><strong>Alcuni dati<\/strong><\/p>\n<ul>\n<li>Il 70% del commercio delle armi proviene dai cinque membri permanenti del Consiglio di Sicurezza dell\u2019ONU: Stati Uniti, Russia, Cina, Francia e Regno Unito.<\/li>\n<li>Germania, Spagna e Italia sono tra i primi dieci produttori di armi.<\/li>\n<li>Dal 2001 al 2014 la spese militare globale \u00e8 aumentata del 50%.<\/li>\n<li>La violenza armata costa la vita ogni anno a circa 508.000 persone, per la maggior parte in contesti che non sono di conflitti armati.<\/li>\n<li>Oltre 1.000 imprese di quasi 100 paesi fabbricano armi piccole e leggere.<\/li>\n<\/ul>\n<p style=\"text-align: justify;\">&#8212;&#8212;&#8212;&#8212;&#8212;&#8212;&#8212;&#8212;<\/p>\n<p><strong>I dati e l\u2019esperienza quotidiana indicano che il problema va pi\u00f9 lontano, o \u00e8 pi\u00f9 vicino\u2026<\/strong><\/p>\n<p>E\u2019 cos\u00ec. Nella maggior parte del mondo la cultura prevede di tenere armi in casa. In alcuni paesi ottenerle non \u00e8 tanto facile, ma in molti altri la vendita di fucili e pistole a singoli individui \u00e8 un affare da milioni di dollari. Gli Stati Uniti sono probabilmente il caso pi\u00f9 noto, ma anche in America Latina ci sono molti paesi con le case piene di pistole. E si stanno usando: ogni giorno vengono uccise migliaia di persone. In Messico, per esempio, ci sono 10 volte pi\u00f9 pistole per abitante che negli Stati Uniti. Non sai che rischio corri se litighi con il vicino\u2026 Questo inoltre serve come \u201cgiustificazione\u201d perch\u00e9 i governi armino la polizia come veri e propri eserciti, pronti a reprimere qualsiasi tentativo di rivendicazione o protesta.<\/p>\n<p><strong>E dunque\u2026<\/strong><\/p>\n<p>E dunque a tutti noi manca una comprensione profonda del fatto che, se vogliamo superare la violenza, dobbiamo superare la \u201cnaturalezza\u201d con cui accettiamo le armi. Io credo che molta gente non prenda in considerazione questo tema perch\u00e9 siamo \u201cabituati\u201d all\u2019idea che ci sia una polizia, ci siano pistole, fucili, carri armati, bombe\u2026 Ma cosa significa un\u2019arma? E\u2019 un simbolo della nostra incapacit\u00e0 di riconciliarci, di comprendere e risolvere i nostri conflitti in modo nonviolento. Che tu sia uno Stato o una persona, quando prendi un\u2019arma? Quando vuoi vendicarti, quando vuoi conquistare qualcosa, quando non ottieni quello che vuoi, quando ti confronti con altri e non sai risolvere il problema senza ricorrere alla violenza. In questo campo, come in altri, la tecnologia continua a progredire moltissimo, ma i nostri comportamenti sono ancora preistorici, no?<\/p>\n<p>D\u2019altra parte, oltre alle morti e alla sofferenza che tutto questo comporta, il costo \u00e8 incredibile: solo nel 2015 le spese militari sono arrivate a 1,7 miliardi di dollari. E pensare che con questa somma in un anno si potrebbero costruire <strong>ogni giorno <\/strong>150 ospedali con personale qualificato e la migliore tecnologia! Insomma, la corsa agli armamenti ci impedisce di risolvere i problemi davvero urgenti: la fame, l\u2019istruzione, il benessere della gente, la disoccupazione, la mancanza di democrazia, lo sviluppo di una cultura veramente umana nel pianeta. Tutto ci\u00f2 \u00e8 frenato da questa cultura violenta. La risposta pu\u00f2 venire solo dalla gente normale, comune. Non possiamo aspettarci soluzioni da nessun altro.<\/p>\n<div id=\"attachment_344117\" class=\"wp-caption alignnone\"><img loading=\"lazy\" decoding=\"async\" aria-describedby=\"caption-attachment-344117\" class=\"size-large wp-image-344117\" src=\"http:\/\/www.pressenza.com\/wp-content\/uploads\/2016\/07\/LuzJ1-720x464.png\" alt=\"Luz Jahnen. Foto Pressenza\" width=\"720\" height=\"464\" srcset=\"https:\/\/www.pressenza.com\/wp-content\/uploads\/2016\/07\/LuzJ1-720x464.png 720w, https:\/\/www.pressenza.com\/wp-content\/uploads\/2016\/07\/LuzJ1-300x194.png 300w, https:\/\/www.pressenza.com\/wp-content\/uploads\/2016\/07\/LuzJ1-768x495.png 768w, https:\/\/www.pressenza.com\/wp-content\/uploads\/2016\/07\/LuzJ1.png 800w\" sizes=\"auto, (max-width: 720px) 100vw, 720px\" \/><p id=\"caption-attachment-344117\" class=\"wp-caption-text\">Luz Jahnen. Foto Pressenza<\/p><\/div>\n<p><strong>Stai dicendo che dobbiamo renderci conto di questo e farcene carico.<\/strong><\/p>\n<p>E\u2019 proprio questo l\u2019obiettivo della campagna: sensibilizzare riguardo alla violenza delle armi nel mondo attuale e convocare individui e gruppi perch\u00e9 diano il loro contributo, alzino la voce e riconoscano che in altre parti del mondo ci sono molte persone uguali a loro. Come si pu\u00f2 credere di essere gli unici a pensarla cos\u00ec?<\/p>\n<p>Siamo milioni! Abbiamo bisogno di esprimere con i migliori sentimenti questa nostra aspirazione profonda e farla conoscere ad altri. E forse con questa connessione, con questa azione comune, con questa campagna, faremo vedere ai potenti che <em>\u201cesiste un\u2019opposizione forte di gente di tutti i paesi, di tutte le lingue, che non accetta la concezione della violenza\u201d<\/em>. Tutti possiamo partecipare: bambini, giovani, vecchi, donne, uomini, gruppi, partiti, movimenti.<\/p>\n<p><strong>E qual \u00e8 la proposta?<\/strong><\/p>\n<p>La proposta \u00e8 duplice. La prima parte \u00e8 molto facile: prendi una poesia che ti piace \u2013 tua o di qualcun altro \u2013 ti metti davanti a una struttura violenta nel tuo paese \u2013una fabbrica di armi, un monumento militare, una stazione di polizia o quello che preferisci \u2013 e leggi questa poesia mentre un amico ti riprende con il cellulare. Poi entri nel sito della campagna e carichi il tuo piccolo video, seguendo le istruzioni. Una volta che lo avrai fatto, apparir\u00e0 un puntino nella cartina mondiale con il tuo contributo.<\/p>\n<p>La seconda parte\u00a0consiste nel diffondere la campagna tra i tuoi amici, i tuoi vicini, la tua famiglia, i tuoi contatti in Internet, nella tua scuola, al lavoro, nelle radio o nei periodici che hai sotto mano. Prendiamo il video, per esempio, che abbiamo gi\u00e0 in varie lingue. Puoi condividerlo nelle reti sociali, nel tuo canale di youtube, nel tuo blog, nel tuo sito, o chiedere a qualcun altro che lo trasmetta nel suo show o nel suo programma televisivo \u2026 Abbiamo bisogno di diffondere la campagna e anche la richiesta di partecipazione<\/p>\n<p><em>Video promozionale della Campagna<br \/>\n<\/em><\/p>\n<p><iframe loading=\"lazy\" src=\"https:\/\/www.youtube.com\/embed\/DxQ8Yhrw4Ds\" width=\"560\" height=\"315\" frameborder=\"0\" allowfullscreen=\"allowfullscreen\"><\/iframe><\/p>\n<p><strong>E se fosse qualcosa di diverso da una poesia? <\/strong><\/p>\n<p>Benissimo! Il campo poetico \u00e8 molto grande. Pu\u00f2 essere un testo, una canzone, un ballo, qualcosa che vuoi fare con un cartello, una rappresentazione collettiva con vari amici \u2026 Qualunque cosa ti venga in mente e ti piaccia. L\u2019importante \u00e8 rompere l\u2019isolamento in cui milioni di noi si trovano e creare invece un coro di milioni di voci, un coro che canti con forza per superare la violenza. Ogni volta pi\u00f9 forte e pi\u00f9 lontano, fino a quando non ci ascolteranno.<\/p>\n<p>Per partecipare alla campagna <a href=\"http:\/\/www.poetry-against-arms.world\/it\/\">Poesia Contro le Armi<\/a><\/p>\n<p>&nbsp;<\/p>\n<p><em>Traduzione dallo spagnolo di Anna Polo<\/em><\/p>\n","protected":false},"excerpt":{"rendered":"<p>\u201c\u2026mentre dormiamo si combattono guerre sanguinose e quando vogliamo svegliarci la morte bussa alla nostra porta.\u201d L\u2019affermazione si ascolta nel video con tragica certezza, ma pronunciata con voce chiara e soave. Si tratta di un espediente coerente con il contrasto&hellip;<\/p>\n","protected":false},"author":1187,"featured_media":344139,"comment_status":"closed","ping_status":"closed","sticky":false,"template":"","format":"standard","meta":{"footnotes":""},"categories":[11388,38,157,1262,1263],"tags":[29591,11555,29642,21179,1419,744],"class_list":["post-351986","post","type-post","status-publish","format-standard","has-post-thumbnail","hentry","category-contenuti-originali","category-internazionale","category-interviste","category-nonviolenza-argomento","category-pace-disarmo","tag-luz-jahnan","tag-pace-e-disarmo","tag-poesia-contro-le-armi","tag-smilitarizzazione","tag-spese-militari","tag-violenza"],"yoast_head":"<!-- This site is optimized with the Yoast SEO plugin v27.1.1 - https:\/\/yoast.com\/product\/yoast-seo-wordpress\/ -->\n<title>Poesia Contro le Armi<\/title>\n<meta name=\"description\" content=\"\u201c\u2026mentre dormiamo si combattono guerre sanguinose e quando vogliamo svegliarci la morte bussa alla nostra porta.\u201d L\u2019affermazione si ascolta nel video con\" \/>\n<meta name=\"robots\" content=\"index, follow, max-snippet:-1, max-image-preview:large, max-video-preview:-1\" \/>\n<link rel=\"canonical\" href=\"https:\/\/www.pressenza.com\/it\/2016\/08\/progetto-piu-urgente\/\" \/>\n<meta property=\"og:locale\" content=\"it_IT\" \/>\n<meta property=\"og:type\" content=\"article\" \/>\n<meta property=\"og:title\" content=\"Poesia Contro le Armi\" \/>\n<meta property=\"og:description\" content=\"\u201c\u2026mentre dormiamo si combattono guerre sanguinose e quando vogliamo svegliarci la morte bussa alla nostra porta.\u201d L\u2019affermazione si ascolta nel video con\" \/>\n<meta property=\"og:url\" content=\"https:\/\/www.pressenza.com\/it\/2016\/08\/progetto-piu-urgente\/\" \/>\n<meta property=\"og:site_name\" content=\"Pressenza\" \/>\n<meta property=\"article:publisher\" content=\"https:\/\/www.facebook.com\/PressenzaItalia\" \/>\n<meta property=\"article:author\" content=\"Alicia Blanco\" \/>\n<meta property=\"article:published_time\" content=\"2016-08-11T16:57:38+00:00\" \/>\n<meta property=\"article:modified_time\" content=\"2016-08-11T23:56:44+00:00\" \/>\n<meta property=\"og:image\" content=\"https:\/\/www.pressenza.com\/wp-content\/uploads\/2016\/07\/pantalla1.png\" \/>\n\t<meta property=\"og:image:width\" content=\"800\" \/>\n\t<meta property=\"og:image:height\" content=\"410\" \/>\n\t<meta property=\"og:image:type\" content=\"image\/png\" \/>\n<meta name=\"author\" content=\"Alicia Blanco\" \/>\n<meta name=\"twitter:card\" content=\"summary_large_image\" \/>\n<meta name=\"twitter:creator\" content=\"@aliciablancoar\" \/>\n<meta name=\"twitter:site\" content=\"@PressenzaIPA\" \/>\n<meta name=\"twitter:label1\" content=\"Scritto da\" \/>\n\t<meta name=\"twitter:data1\" content=\"Alicia Blanco\" \/>\n\t<meta name=\"twitter:label2\" content=\"Tempo di lettura stimato\" \/>\n\t<meta name=\"twitter:data2\" content=\"8 minuti\" \/>\n<script type=\"application\/ld+json\" class=\"yoast-schema-graph\">{\"@context\":\"https:\/\/schema.org\",\"@graph\":[{\"@type\":\"Article\",\"@id\":\"https:\/\/www.pressenza.com\/it\/2016\/08\/progetto-piu-urgente\/#article\",\"isPartOf\":{\"@id\":\"https:\/\/www.pressenza.com\/it\/2016\/08\/progetto-piu-urgente\/\"},\"author\":{\"name\":\"Alicia Blanco\",\"@id\":\"https:\/\/www.pressenza.com\/it\/#\/schema\/person\/cd1c733ed7825bc0f36b165c74e256a3\"},\"headline\":\"Poesia Contro le Armi\",\"datePublished\":\"2016-08-11T16:57:38+00:00\",\"dateModified\":\"2016-08-11T23:56:44+00:00\",\"mainEntityOfPage\":{\"@id\":\"https:\/\/www.pressenza.com\/it\/2016\/08\/progetto-piu-urgente\/\"},\"wordCount\":1512,\"publisher\":{\"@id\":\"https:\/\/www.pressenza.com\/it\/#organization\"},\"image\":{\"@id\":\"https:\/\/www.pressenza.com\/it\/2016\/08\/progetto-piu-urgente\/#primaryimage\"},\"thumbnailUrl\":\"https:\/\/www.pressenza.com\/wp-content\/uploads\/2016\/07\/pantalla1.png\",\"keywords\":[\"Luz Jahnan\",\"pace e disarmo\",\"Poesia Contro le Armi\",\"smilitarizzazione\",\"spese militari\",\"violenza\"],\"articleSection\":[\"contenuti originali\",\"Internazionale\",\"Interviste\",\"Nonviolenza\",\"Pace e Disarmo\"],\"inLanguage\":\"it-IT\"},{\"@type\":\"WebPage\",\"@id\":\"https:\/\/www.pressenza.com\/it\/2016\/08\/progetto-piu-urgente\/\",\"url\":\"https:\/\/www.pressenza.com\/it\/2016\/08\/progetto-piu-urgente\/\",\"name\":\"Poesia Contro le Armi\",\"isPartOf\":{\"@id\":\"https:\/\/www.pressenza.com\/it\/#website\"},\"primaryImageOfPage\":{\"@id\":\"https:\/\/www.pressenza.com\/it\/2016\/08\/progetto-piu-urgente\/#primaryimage\"},\"image\":{\"@id\":\"https:\/\/www.pressenza.com\/it\/2016\/08\/progetto-piu-urgente\/#primaryimage\"},\"thumbnailUrl\":\"https:\/\/www.pressenza.com\/wp-content\/uploads\/2016\/07\/pantalla1.png\",\"datePublished\":\"2016-08-11T16:57:38+00:00\",\"dateModified\":\"2016-08-11T23:56:44+00:00\",\"description\":\"\u201c\u2026mentre dormiamo si combattono guerre sanguinose e quando vogliamo svegliarci la morte bussa alla nostra porta.\u201d L\u2019affermazione si ascolta nel video con\",\"breadcrumb\":{\"@id\":\"https:\/\/www.pressenza.com\/it\/2016\/08\/progetto-piu-urgente\/#breadcrumb\"},\"inLanguage\":\"it-IT\",\"potentialAction\":[{\"@type\":\"ReadAction\",\"target\":[\"https:\/\/www.pressenza.com\/it\/2016\/08\/progetto-piu-urgente\/\"]}]},{\"@type\":\"ImageObject\",\"inLanguage\":\"it-IT\",\"@id\":\"https:\/\/www.pressenza.com\/it\/2016\/08\/progetto-piu-urgente\/#primaryimage\",\"url\":\"https:\/\/www.pressenza.com\/wp-content\/uploads\/2016\/07\/pantalla1.png\",\"contentUrl\":\"https:\/\/www.pressenza.com\/wp-content\/uploads\/2016\/07\/pantalla1.png\",\"width\":800,\"height\":410},{\"@type\":\"BreadcrumbList\",\"@id\":\"https:\/\/www.pressenza.com\/it\/2016\/08\/progetto-piu-urgente\/#breadcrumb\",\"itemListElement\":[{\"@type\":\"ListItem\",\"position\":1,\"name\":\"Accueil\",\"item\":\"https:\/\/www.pressenza.com\/it\/\"},{\"@type\":\"ListItem\",\"position\":2,\"name\":\"Poesia Contro le Armi\"}]},{\"@type\":\"WebSite\",\"@id\":\"https:\/\/www.pressenza.com\/it\/#website\",\"url\":\"https:\/\/www.pressenza.com\/it\/\",\"name\":\"Pressenza\",\"description\":\"Agenzia di Stampa Internazionale\",\"publisher\":{\"@id\":\"https:\/\/www.pressenza.com\/it\/#organization\"},\"potentialAction\":[{\"@type\":\"SearchAction\",\"target\":{\"@type\":\"EntryPoint\",\"urlTemplate\":\"https:\/\/www.pressenza.com\/it\/?s={search_term_string}\"},\"query-input\":{\"@type\":\"PropertyValueSpecification\",\"valueRequired\":true,\"valueName\":\"search_term_string\"}}],\"inLanguage\":\"it-IT\"},{\"@type\":\"Organization\",\"@id\":\"https:\/\/www.pressenza.com\/it\/#organization\",\"name\":\"Pressenza\",\"url\":\"https:\/\/www.pressenza.com\/it\/\",\"logo\":{\"@type\":\"ImageObject\",\"inLanguage\":\"it-IT\",\"@id\":\"https:\/\/www.pressenza.com\/it\/#\/schema\/logo\/image\/\",\"url\":\"https:\/\/www.pressenza.com\/wp-content\/uploads\/2022\/10\/pressenza_logo_200x200.jpg\",\"contentUrl\":\"https:\/\/www.pressenza.com\/wp-content\/uploads\/2022\/10\/pressenza_logo_200x200.jpg\",\"width\":200,\"height\":200,\"caption\":\"Pressenza\"},\"image\":{\"@id\":\"https:\/\/www.pressenza.com\/it\/#\/schema\/logo\/image\/\"},\"sameAs\":[\"https:\/\/www.facebook.com\/PressenzaItalia\",\"https:\/\/x.com\/PressenzaIPA\"]},{\"@type\":\"Person\",\"@id\":\"https:\/\/www.pressenza.com\/it\/#\/schema\/person\/cd1c733ed7825bc0f36b165c74e256a3\",\"name\":\"Alicia Blanco\",\"description\":\"Humanista, co-directora de Pressenza.\",\"sameAs\":[\"Alicia Blanco\",\"https:\/\/x.com\/aliciablancoar\"],\"url\":\"https:\/\/www.pressenza.com\/it\/author\/alicia-blanco\/\"}]}<\/script>\n<!-- \/ Yoast SEO plugin. -->","yoast_head_json":{"title":"Poesia Contro le Armi","description":"\u201c\u2026mentre dormiamo si combattono guerre sanguinose e quando vogliamo svegliarci la morte bussa alla nostra porta.\u201d L\u2019affermazione si ascolta nel video con","robots":{"index":"index","follow":"follow","max-snippet":"max-snippet:-1","max-image-preview":"max-image-preview:large","max-video-preview":"max-video-preview:-1"},"canonical":"https:\/\/www.pressenza.com\/it\/2016\/08\/progetto-piu-urgente\/","og_locale":"it_IT","og_type":"article","og_title":"Poesia Contro le Armi","og_description":"\u201c\u2026mentre dormiamo si combattono guerre sanguinose e quando vogliamo svegliarci la morte bussa alla nostra porta.\u201d L\u2019affermazione si ascolta nel video con","og_url":"https:\/\/www.pressenza.com\/it\/2016\/08\/progetto-piu-urgente\/","og_site_name":"Pressenza","article_publisher":"https:\/\/www.facebook.com\/PressenzaItalia","article_author":"Alicia Blanco","article_published_time":"2016-08-11T16:57:38+00:00","article_modified_time":"2016-08-11T23:56:44+00:00","og_image":[{"width":800,"height":410,"url":"https:\/\/www.pressenza.com\/wp-content\/uploads\/2016\/07\/pantalla1.png","type":"image\/png"}],"author":"Alicia Blanco","twitter_card":"summary_large_image","twitter_creator":"@aliciablancoar","twitter_site":"@PressenzaIPA","twitter_misc":{"Scritto da":"Alicia Blanco","Tempo di lettura stimato":"8 minuti"},"schema":{"@context":"https:\/\/schema.org","@graph":[{"@type":"Article","@id":"https:\/\/www.pressenza.com\/it\/2016\/08\/progetto-piu-urgente\/#article","isPartOf":{"@id":"https:\/\/www.pressenza.com\/it\/2016\/08\/progetto-piu-urgente\/"},"author":{"name":"Alicia Blanco","@id":"https:\/\/www.pressenza.com\/it\/#\/schema\/person\/cd1c733ed7825bc0f36b165c74e256a3"},"headline":"Poesia Contro le Armi","datePublished":"2016-08-11T16:57:38+00:00","dateModified":"2016-08-11T23:56:44+00:00","mainEntityOfPage":{"@id":"https:\/\/www.pressenza.com\/it\/2016\/08\/progetto-piu-urgente\/"},"wordCount":1512,"publisher":{"@id":"https:\/\/www.pressenza.com\/it\/#organization"},"image":{"@id":"https:\/\/www.pressenza.com\/it\/2016\/08\/progetto-piu-urgente\/#primaryimage"},"thumbnailUrl":"https:\/\/www.pressenza.com\/wp-content\/uploads\/2016\/07\/pantalla1.png","keywords":["Luz Jahnan","pace e disarmo","Poesia Contro le Armi","smilitarizzazione","spese militari","violenza"],"articleSection":["contenuti originali","Internazionale","Interviste","Nonviolenza","Pace e Disarmo"],"inLanguage":"it-IT"},{"@type":"WebPage","@id":"https:\/\/www.pressenza.com\/it\/2016\/08\/progetto-piu-urgente\/","url":"https:\/\/www.pressenza.com\/it\/2016\/08\/progetto-piu-urgente\/","name":"Poesia Contro le Armi","isPartOf":{"@id":"https:\/\/www.pressenza.com\/it\/#website"},"primaryImageOfPage":{"@id":"https:\/\/www.pressenza.com\/it\/2016\/08\/progetto-piu-urgente\/#primaryimage"},"image":{"@id":"https:\/\/www.pressenza.com\/it\/2016\/08\/progetto-piu-urgente\/#primaryimage"},"thumbnailUrl":"https:\/\/www.pressenza.com\/wp-content\/uploads\/2016\/07\/pantalla1.png","datePublished":"2016-08-11T16:57:38+00:00","dateModified":"2016-08-11T23:56:44+00:00","description":"\u201c\u2026mentre dormiamo si combattono guerre sanguinose e quando vogliamo svegliarci la morte bussa alla nostra porta.\u201d L\u2019affermazione si ascolta nel video con","breadcrumb":{"@id":"https:\/\/www.pressenza.com\/it\/2016\/08\/progetto-piu-urgente\/#breadcrumb"},"inLanguage":"it-IT","potentialAction":[{"@type":"ReadAction","target":["https:\/\/www.pressenza.com\/it\/2016\/08\/progetto-piu-urgente\/"]}]},{"@type":"ImageObject","inLanguage":"it-IT","@id":"https:\/\/www.pressenza.com\/it\/2016\/08\/progetto-piu-urgente\/#primaryimage","url":"https:\/\/www.pressenza.com\/wp-content\/uploads\/2016\/07\/pantalla1.png","contentUrl":"https:\/\/www.pressenza.com\/wp-content\/uploads\/2016\/07\/pantalla1.png","width":800,"height":410},{"@type":"BreadcrumbList","@id":"https:\/\/www.pressenza.com\/it\/2016\/08\/progetto-piu-urgente\/#breadcrumb","itemListElement":[{"@type":"ListItem","position":1,"name":"Accueil","item":"https:\/\/www.pressenza.com\/it\/"},{"@type":"ListItem","position":2,"name":"Poesia Contro le Armi"}]},{"@type":"WebSite","@id":"https:\/\/www.pressenza.com\/it\/#website","url":"https:\/\/www.pressenza.com\/it\/","name":"Pressenza","description":"Agenzia di Stampa Internazionale","publisher":{"@id":"https:\/\/www.pressenza.com\/it\/#organization"},"potentialAction":[{"@type":"SearchAction","target":{"@type":"EntryPoint","urlTemplate":"https:\/\/www.pressenza.com\/it\/?s={search_term_string}"},"query-input":{"@type":"PropertyValueSpecification","valueRequired":true,"valueName":"search_term_string"}}],"inLanguage":"it-IT"},{"@type":"Organization","@id":"https:\/\/www.pressenza.com\/it\/#organization","name":"Pressenza","url":"https:\/\/www.pressenza.com\/it\/","logo":{"@type":"ImageObject","inLanguage":"it-IT","@id":"https:\/\/www.pressenza.com\/it\/#\/schema\/logo\/image\/","url":"https:\/\/www.pressenza.com\/wp-content\/uploads\/2022\/10\/pressenza_logo_200x200.jpg","contentUrl":"https:\/\/www.pressenza.com\/wp-content\/uploads\/2022\/10\/pressenza_logo_200x200.jpg","width":200,"height":200,"caption":"Pressenza"},"image":{"@id":"https:\/\/www.pressenza.com\/it\/#\/schema\/logo\/image\/"},"sameAs":["https:\/\/www.facebook.com\/PressenzaItalia","https:\/\/x.com\/PressenzaIPA"]},{"@type":"Person","@id":"https:\/\/www.pressenza.com\/it\/#\/schema\/person\/cd1c733ed7825bc0f36b165c74e256a3","name":"Alicia Blanco","description":"Humanista, co-directora de Pressenza.","sameAs":["Alicia Blanco","https:\/\/x.com\/aliciablancoar"],"url":"https:\/\/www.pressenza.com\/it\/author\/alicia-blanco\/"}]}},"place":"","original_article_url":"","_links":{"self":[{"href":"https:\/\/www.pressenza.com\/it\/wp-json\/wp\/v2\/posts\/351986","targetHints":{"allow":["GET"]}}],"collection":[{"href":"https:\/\/www.pressenza.com\/it\/wp-json\/wp\/v2\/posts"}],"about":[{"href":"https:\/\/www.pressenza.com\/it\/wp-json\/wp\/v2\/types\/post"}],"author":[{"embeddable":true,"href":"https:\/\/www.pressenza.com\/it\/wp-json\/wp\/v2\/users\/1187"}],"replies":[{"embeddable":true,"href":"https:\/\/www.pressenza.com\/it\/wp-json\/wp\/v2\/comments?post=351986"}],"version-history":[{"count":0,"href":"https:\/\/www.pressenza.com\/it\/wp-json\/wp\/v2\/posts\/351986\/revisions"}],"wp:featuredmedia":[{"embeddable":true,"href":"https:\/\/www.pressenza.com\/it\/wp-json\/wp\/v2\/media\/344139"}],"wp:attachment":[{"href":"https:\/\/www.pressenza.com\/it\/wp-json\/wp\/v2\/media?parent=351986"}],"wp:term":[{"taxonomy":"category","embeddable":true,"href":"https:\/\/www.pressenza.com\/it\/wp-json\/wp\/v2\/categories?post=351986"},{"taxonomy":"post_tag","embeddable":true,"href":"https:\/\/www.pressenza.com\/it\/wp-json\/wp\/v2\/tags?post=351986"}],"curies":[{"name":"wp","href":"https:\/\/api.w.org\/{rel}","templated":true}]}}