{"id":350927,"date":"2016-08-08T14:25:54","date_gmt":"2016-08-08T13:25:54","guid":{"rendered":"http:\/\/www.pressenza.com\/it\/?p=350927"},"modified":"2016-08-08T14:25:54","modified_gmt":"2016-08-08T13:25:54","slug":"epurazione-turchia-istituzioni-accademiche-forti-non-possono-emergere-un-clima-di-paura","status":"publish","type":"post","link":"https:\/\/www.pressenza.com\/it\/2016\/08\/epurazione-turchia-istituzioni-accademiche-forti-non-possono-emergere-un-clima-di-paura\/","title":{"rendered":"Epurazione in Turchia: istituzioni accademiche forti non possono emergere in un clima di paura"},"content":{"rendered":"<p><em>I docenti in Turchia sono spaventati e ne hanno tutte le ragioni, dice Serdar De\u011firmencio\u011flu.<\/em><\/p>\n<p>Coloro che si preoccupano del sistema educativo superiore in Turchia sono rimasti sbalorditi quando a 1.577 presidi di facolt\u00e0 sono state chieste dimissioni immediate. Ancora pi\u00f9 scioccante il fatto che non un singolo preside si sia opposto alla richiesta.<\/p>\n<p>I rettori sono stati convocati ad Ankara dal Consiglio di istruzione superiore e gli \u00e8 stato detto che i presidi dovevano dimettersi per il \u201cbene della democrazia\u201d. E cos\u00ec hanno fatto, per il \u201cbene della democrazia\u201d. Chiunque abbia familiarit\u00e0 con la nozione o la pratica della democrazia, ovviamente, non creder\u00e0 a nulla di tutto ci\u00f2.<\/p>\n<p>La maggior parte dei presidi sono rimasti come \u201cattuatori\u201d \u2013 dovevano essere esaminati per determinare se meritassero di essere reintegrati.<\/p>\n<p>Il messaggio \u00e8 stato forte e chiaro: il regime ha il piano controllo delle universit\u00e0 e un\u2019epurazione \u00e8 in corso. La mossa \u00e8 stata presentata al pubblico come un\u2019epurazione. Il regime \u00e8 intatto, pi\u00f9 forte che mai e, come il presidente Recep Tayyip Erdo\u011fan ha detto in varie occasioni, non esita ad agire in modo spietato.\u00a0La rimozione dei presidi \u00e8 stata, di fatto, una mossa per instillare paura.<\/p>\n<p>Se tutti i presidi possono cadere di colpo, tutti i docenti si sentiranno molto vulnerabili. Un\u2019atmosfera di caos ha gi\u00e0 prevalso dopo l\u2019annullamento di tutte le ferie estive e il divieto\u00a0 per gli studenti di viaggiare all\u2019estero. Recenti mosse hanno consolidato la paura: i rettori di quattro universit\u00e0 sono stati licenziati.<\/p>\n<p>Il Consiglio di istruzione superiore si presenta come salvatore della democrazia. ma in effetti \u00e8 un prodotto del colpo di stato del 1980. La giunta era determinata a sottomettere le universit\u00e0 e tutti i movimenti politici al loro interno e ha rapidamente creato una potente agenzia per ostacolare l\u2019autonomia accademica e la libert\u00e0. Credo che il Consiglio non sia mai stato un\u2019istituzione democratica e sia uno strumento politico che di recente \u00e8 diventato spietato.<\/p>\n<p>Ovviamente il Consiglio ha negato ogni azione illecita in un comunicato stampa, che recita: \u201cLa dimissione dei presidi dovrebbe essere vista come una misura precauzionale per facilitare e accelerare l\u2019implementazione dei passi necessari a ristabilire l\u2019autonomia delle nostre universit\u00e0, recidendo possibili legami con organizzazioni clandestine e illegali\u201d. La dichiarazione rivela il motivo per cui nessuno dei presidi si \u00e8 opposto. La resistenza sarebbe stata interpretata come un segno di \u201cpossibili legami\u201d.<\/p>\n<p><strong>Un castello di carte<\/strong><\/p>\n<p>La realt\u00e0 \u00e8 che l\u2019istruzione superiore in Turchia \u00e8 un castello di carte. Dopo il colpo di stato del 1980 molti docenti sono stati licenziati, molestati e poi emarginati per anni. Il Consiglio ha indebolito le istituzioni accademiche. Il responsabile del Consiglio ha fondato la prima universit\u00e0 non-pubblica e ha spianato la strada alle universit\u00e0, guidato solo dal profitto e senza offrire alcuna sicurezza lavorativa. Politiche populiste hanno risposto alla richiesta di istruzione superiore e nuove universit\u00e0, sia pubbliche che a scopo di lucro, sono state fondate.<\/p>\n<p>Presto si \u00e8 verificata una carenza di docenti. Dato che le universit\u00e0 si sono moltiplicate, i dipartimenti accademici si sono ridotti di dimensioni. E\u2019 diventato pi\u00f9 facile essere un docente e la qualit\u00e0 dell\u2019educazione e dell\u2019erudizione ne ha sofferto.<\/p>\n<p>E\u2019 diventato pi\u00f9 facile diventare un rettore. Era sufficiente avere stretti legami con il partito al governo. Alcuni membri del personale accademico sono stati reclutati e promossi semplicemente perch\u00e9 erano collegati al movimento di G\u00fclen. L\u2019epurazione in corso punta ai rettori e ai docenti nominati o promossi dall\u2019attuale regime.<\/p>\n<p>Questa non \u00e8 un\u2019operazione accessoria. Appena \u00e8 stato dichiarato lo stato di emergenza, 15 universit\u00e0 sono state chiuse. Gli studenti iscritti a quelle universit\u00e0 sono diventati orfani accademici. Molte di quelle universit\u00e0 sono state create nell\u2019ultimo decennio e promosse dall\u2019attuale regime. Sono state chiuse solo per i presunti legami con il movimento di G\u00fclen. Altrimenti non sono molto diverse da quelle di recente fondazione, che sono sotto il fermo controllo del partito di governo.<\/p>\n<p>Il Consiglio ha chiesto alle universit\u00e0 un rapporto su ogni membro del corpo docente. Le ondate successive punteranno sicuramente a tutti i docenti considerati oppositori \u2013 forse i membri di E\u011fitim Sen, il sindacato dei lavoratori e gli Accademici per la Pace.<\/p>\n<p>Il regime sostiene che pu\u00f2 ripulire il mondo accademico ed epurare i cattivi elementi. I docenti sono spaventati e frastornati, come se fossero finiti in una lavatrice. La macchina laver\u00e0 via i vari colori e produrr\u00e0 un colore solo.<\/p>\n<p>Ora \u00e8 chiaro che i rettori dovranno assecondare la linea governativa. Ci sar\u00e0 una voce, una linea, per il \u201cbene della democrazia\u201d, una \u201cdemocrazia forte\u201d. \u00a0L\u2019epurazione rimescoler\u00e0 il mazzo e costruir\u00e0 un nuovo edificio, ma sar\u00e0 ancora un castello di carte. Istituzioni accademiche forti non possono emergere in un clima di paura e non possono prosperare senza libert\u00e0 accademica e sicurezza lavorativa. Un singolo colore indica la morte delle universit\u00e0.<\/p>\n<p>Serdar De\u011firmencio\u011flu (<a href=\"mailto:serdardegirmencioglu@gmail.com\">serdardegirmencioglu@gmail.com<\/a>) \u00e8 stato professore di psicologia dello sviluppo e di comunit\u00e0 presso la Do\u011fu\u015f University di Istanbul.<\/p>\n<p>&nbsp;<\/p>\n<p>Traduzione dall\u2019inglese di Matilde Mirabella<\/p>\n","protected":false},"excerpt":{"rendered":"<p>I docenti in Turchia sono spaventati e ne hanno tutte le ragioni, dice Serdar De\u011firmencio\u011flu. Coloro che si preoccupano del sistema educativo superiore in Turchia sono rimasti sbalorditi quando a 1.577 presidi di facolt\u00e0 sono state chieste dimissioni immediate. Ancora&hellip;<\/p>\n","protected":false},"author":594,"featured_media":350938,"comment_status":"closed","ping_status":"closed","sticky":false,"template":"","format":"standard","meta":{"footnotes":""},"categories":[1258,52,162,55],"tags":[29535,19357,1100,2808],"class_list":["post-350927","post","type-post","status-publish","format-standard","has-post-thumbnail","hentry","category-educazione","category-medio-oriente","category-opinioni","category-politica","tag-epurazione","tag-recep-tayyip-erdogan","tag-turchia","tag-universita"],"yoast_head":"<!-- This site is optimized with the Yoast SEO plugin v27.1.1 - https:\/\/yoast.com\/product\/yoast-seo-wordpress\/ -->\n<title>Epurazione in Turchia: istituzioni accademiche forti non possono emergere in un clima di paura<\/title>\n<meta name=\"description\" content=\"I docenti in Turchia sono spaventati e ne hanno tutte le ragioni, dice Serdar De\u011firmencio\u011flu. Coloro che si preoccupano del sistema educativo superiore in\" \/>\n<meta name=\"robots\" content=\"index, follow, max-snippet:-1, max-image-preview:large, max-video-preview:-1\" \/>\n<link rel=\"canonical\" href=\"https:\/\/www.pressenza.com\/it\/2016\/08\/epurazione-turchia-istituzioni-accademiche-forti-non-possono-emergere-un-clima-di-paura\/\" \/>\n<meta property=\"og:locale\" content=\"it_IT\" \/>\n<meta property=\"og:type\" content=\"article\" \/>\n<meta property=\"og:title\" content=\"Epurazione in Turchia: istituzioni accademiche forti non possono emergere in un clima di paura\" \/>\n<meta property=\"og:description\" content=\"I docenti in Turchia sono spaventati e ne hanno tutte le ragioni, dice Serdar De\u011firmencio\u011flu. Coloro che si preoccupano del sistema educativo superiore in\" \/>\n<meta property=\"og:url\" content=\"https:\/\/www.pressenza.com\/it\/2016\/08\/epurazione-turchia-istituzioni-accademiche-forti-non-possono-emergere-un-clima-di-paura\/\" \/>\n<meta property=\"og:site_name\" content=\"Pressenza\" \/>\n<meta property=\"article:publisher\" content=\"https:\/\/www.facebook.com\/PressenzaItalia\" \/>\n<meta property=\"article:author\" content=\"https:\/\/www.facebook.com\/PressenzaItalia\" \/>\n<meta property=\"article:published_time\" content=\"2016-08-08T13:25:54+00:00\" \/>\n<meta property=\"og:image\" content=\"https:\/\/www.pressenza.com\/wp-content\/uploads\/2016\/08\/Istanbul_University_campus_March_2008c.jpg\" \/>\n\t<meta property=\"og:image:width\" content=\"640\" \/>\n\t<meta property=\"og:image:height\" content=\"480\" \/>\n\t<meta property=\"og:image:type\" content=\"image\/jpeg\" \/>\n<meta name=\"author\" content=\"Redazione Italia\" \/>\n<meta name=\"twitter:card\" content=\"summary_large_image\" \/>\n<meta name=\"twitter:creator\" content=\"@pressenza_it\" \/>\n<meta name=\"twitter:site\" content=\"@PressenzaIPA\" \/>\n<meta name=\"twitter:label1\" content=\"Scritto da\" \/>\n\t<meta name=\"twitter:data1\" content=\"Redazione Italia\" \/>\n\t<meta name=\"twitter:label2\" content=\"Tempo di lettura stimato\" \/>\n\t<meta name=\"twitter:data2\" content=\"4 minuti\" \/>\n<script type=\"application\/ld+json\" class=\"yoast-schema-graph\">{\"@context\":\"https:\/\/schema.org\",\"@graph\":[{\"@type\":\"Article\",\"@id\":\"https:\/\/www.pressenza.com\/it\/2016\/08\/epurazione-turchia-istituzioni-accademiche-forti-non-possono-emergere-un-clima-di-paura\/#article\",\"isPartOf\":{\"@id\":\"https:\/\/www.pressenza.com\/it\/2016\/08\/epurazione-turchia-istituzioni-accademiche-forti-non-possono-emergere-un-clima-di-paura\/\"},\"author\":{\"name\":\"Redazione Italia\",\"@id\":\"https:\/\/www.pressenza.com\/it\/#\/schema\/person\/d983e81827ae24f2c7b1a2123d197f8d\"},\"headline\":\"Epurazione in Turchia: istituzioni accademiche forti non possono emergere in un clima di paura\",\"datePublished\":\"2016-08-08T13:25:54+00:00\",\"mainEntityOfPage\":{\"@id\":\"https:\/\/www.pressenza.com\/it\/2016\/08\/epurazione-turchia-istituzioni-accademiche-forti-non-possono-emergere-un-clima-di-paura\/\"},\"wordCount\":845,\"publisher\":{\"@id\":\"https:\/\/www.pressenza.com\/it\/#organization\"},\"image\":{\"@id\":\"https:\/\/www.pressenza.com\/it\/2016\/08\/epurazione-turchia-istituzioni-accademiche-forti-non-possono-emergere-un-clima-di-paura\/#primaryimage\"},\"thumbnailUrl\":\"https:\/\/www.pressenza.com\/wp-content\/uploads\/2016\/08\/Istanbul_University_campus_March_2008c.jpg\",\"keywords\":[\"epurazione\",\"Recep Tayyip Erdogan\",\"Turchia\",\"universit\u00e0\"],\"articleSection\":[\"Educazione\",\"Medio Oriente\",\"Opinioni\",\"Politica\"],\"inLanguage\":\"it-IT\"},{\"@type\":\"WebPage\",\"@id\":\"https:\/\/www.pressenza.com\/it\/2016\/08\/epurazione-turchia-istituzioni-accademiche-forti-non-possono-emergere-un-clima-di-paura\/\",\"url\":\"https:\/\/www.pressenza.com\/it\/2016\/08\/epurazione-turchia-istituzioni-accademiche-forti-non-possono-emergere-un-clima-di-paura\/\",\"name\":\"Epurazione in Turchia: istituzioni accademiche forti non possono emergere in un clima di paura\",\"isPartOf\":{\"@id\":\"https:\/\/www.pressenza.com\/it\/#website\"},\"primaryImageOfPage\":{\"@id\":\"https:\/\/www.pressenza.com\/it\/2016\/08\/epurazione-turchia-istituzioni-accademiche-forti-non-possono-emergere-un-clima-di-paura\/#primaryimage\"},\"image\":{\"@id\":\"https:\/\/www.pressenza.com\/it\/2016\/08\/epurazione-turchia-istituzioni-accademiche-forti-non-possono-emergere-un-clima-di-paura\/#primaryimage\"},\"thumbnailUrl\":\"https:\/\/www.pressenza.com\/wp-content\/uploads\/2016\/08\/Istanbul_University_campus_March_2008c.jpg\",\"datePublished\":\"2016-08-08T13:25:54+00:00\",\"description\":\"I docenti in Turchia sono spaventati e ne hanno tutte le ragioni, dice Serdar De\u011firmencio\u011flu. Coloro che si preoccupano del sistema educativo superiore in\",\"breadcrumb\":{\"@id\":\"https:\/\/www.pressenza.com\/it\/2016\/08\/epurazione-turchia-istituzioni-accademiche-forti-non-possono-emergere-un-clima-di-paura\/#breadcrumb\"},\"inLanguage\":\"it-IT\",\"potentialAction\":[{\"@type\":\"ReadAction\",\"target\":[\"https:\/\/www.pressenza.com\/it\/2016\/08\/epurazione-turchia-istituzioni-accademiche-forti-non-possono-emergere-un-clima-di-paura\/\"]}]},{\"@type\":\"ImageObject\",\"inLanguage\":\"it-IT\",\"@id\":\"https:\/\/www.pressenza.com\/it\/2016\/08\/epurazione-turchia-istituzioni-accademiche-forti-non-possono-emergere-un-clima-di-paura\/#primaryimage\",\"url\":\"https:\/\/www.pressenza.com\/wp-content\/uploads\/2016\/08\/Istanbul_University_campus_March_2008c.jpg\",\"contentUrl\":\"https:\/\/www.pressenza.com\/wp-content\/uploads\/2016\/08\/Istanbul_University_campus_March_2008c.jpg\",\"width\":640,\"height\":480},{\"@type\":\"BreadcrumbList\",\"@id\":\"https:\/\/www.pressenza.com\/it\/2016\/08\/epurazione-turchia-istituzioni-accademiche-forti-non-possono-emergere-un-clima-di-paura\/#breadcrumb\",\"itemListElement\":[{\"@type\":\"ListItem\",\"position\":1,\"name\":\"Accueil\",\"item\":\"https:\/\/www.pressenza.com\/it\/\"},{\"@type\":\"ListItem\",\"position\":2,\"name\":\"Epurazione in Turchia: istituzioni accademiche forti non possono emergere in un clima di paura\"}]},{\"@type\":\"WebSite\",\"@id\":\"https:\/\/www.pressenza.com\/it\/#website\",\"url\":\"https:\/\/www.pressenza.com\/it\/\",\"name\":\"Pressenza\",\"description\":\"Agenzia di Stampa Internazionale\",\"publisher\":{\"@id\":\"https:\/\/www.pressenza.com\/it\/#organization\"},\"potentialAction\":[{\"@type\":\"SearchAction\",\"target\":{\"@type\":\"EntryPoint\",\"urlTemplate\":\"https:\/\/www.pressenza.com\/it\/?s={search_term_string}\"},\"query-input\":{\"@type\":\"PropertyValueSpecification\",\"valueRequired\":true,\"valueName\":\"search_term_string\"}}],\"inLanguage\":\"it-IT\"},{\"@type\":\"Organization\",\"@id\":\"https:\/\/www.pressenza.com\/it\/#organization\",\"name\":\"Pressenza\",\"url\":\"https:\/\/www.pressenza.com\/it\/\",\"logo\":{\"@type\":\"ImageObject\",\"inLanguage\":\"it-IT\",\"@id\":\"https:\/\/www.pressenza.com\/it\/#\/schema\/logo\/image\/\",\"url\":\"https:\/\/www.pressenza.com\/wp-content\/uploads\/2022\/10\/pressenza_logo_200x200.jpg\",\"contentUrl\":\"https:\/\/www.pressenza.com\/wp-content\/uploads\/2022\/10\/pressenza_logo_200x200.jpg\",\"width\":200,\"height\":200,\"caption\":\"Pressenza\"},\"image\":{\"@id\":\"https:\/\/www.pressenza.com\/it\/#\/schema\/logo\/image\/\"},\"sameAs\":[\"https:\/\/www.facebook.com\/PressenzaItalia\",\"https:\/\/x.com\/PressenzaIPA\"]},{\"@type\":\"Person\",\"@id\":\"https:\/\/www.pressenza.com\/it\/#\/schema\/person\/d983e81827ae24f2c7b1a2123d197f8d\",\"name\":\"Redazione Italia\",\"description\":\"News from the Pressenza Bureau in Italy\",\"sameAs\":[\"https:\/\/www.pressenza.com\/it\/author\/redazione-italia\/\",\"https:\/\/www.facebook.com\/PressenzaItalia\",\"https:\/\/www.instagram.com\/pressenza_italia\/\",\"https:\/\/x.com\/pressenza_it\",\"https:\/\/www.youtube.com\/channel\/UCSalEIWjE1RSxkwjfftFuqg\"],\"url\":\"https:\/\/www.pressenza.com\/it\/author\/redazione-italia\/\"}]}<\/script>\n<!-- \/ Yoast SEO plugin. -->","yoast_head_json":{"title":"Epurazione in Turchia: istituzioni accademiche forti non possono emergere in un clima di paura","description":"I docenti in Turchia sono spaventati e ne hanno tutte le ragioni, dice Serdar De\u011firmencio\u011flu. Coloro che si preoccupano del sistema educativo superiore in","robots":{"index":"index","follow":"follow","max-snippet":"max-snippet:-1","max-image-preview":"max-image-preview:large","max-video-preview":"max-video-preview:-1"},"canonical":"https:\/\/www.pressenza.com\/it\/2016\/08\/epurazione-turchia-istituzioni-accademiche-forti-non-possono-emergere-un-clima-di-paura\/","og_locale":"it_IT","og_type":"article","og_title":"Epurazione in Turchia: istituzioni accademiche forti non possono emergere in un clima di paura","og_description":"I docenti in Turchia sono spaventati e ne hanno tutte le ragioni, dice Serdar De\u011firmencio\u011flu. Coloro che si preoccupano del sistema educativo superiore in","og_url":"https:\/\/www.pressenza.com\/it\/2016\/08\/epurazione-turchia-istituzioni-accademiche-forti-non-possono-emergere-un-clima-di-paura\/","og_site_name":"Pressenza","article_publisher":"https:\/\/www.facebook.com\/PressenzaItalia","article_author":"https:\/\/www.facebook.com\/PressenzaItalia","article_published_time":"2016-08-08T13:25:54+00:00","og_image":[{"width":640,"height":480,"url":"https:\/\/www.pressenza.com\/wp-content\/uploads\/2016\/08\/Istanbul_University_campus_March_2008c.jpg","type":"image\/jpeg"}],"author":"Redazione Italia","twitter_card":"summary_large_image","twitter_creator":"@pressenza_it","twitter_site":"@PressenzaIPA","twitter_misc":{"Scritto da":"Redazione Italia","Tempo di lettura stimato":"4 minuti"},"schema":{"@context":"https:\/\/schema.org","@graph":[{"@type":"Article","@id":"https:\/\/www.pressenza.com\/it\/2016\/08\/epurazione-turchia-istituzioni-accademiche-forti-non-possono-emergere-un-clima-di-paura\/#article","isPartOf":{"@id":"https:\/\/www.pressenza.com\/it\/2016\/08\/epurazione-turchia-istituzioni-accademiche-forti-non-possono-emergere-un-clima-di-paura\/"},"author":{"name":"Redazione Italia","@id":"https:\/\/www.pressenza.com\/it\/#\/schema\/person\/d983e81827ae24f2c7b1a2123d197f8d"},"headline":"Epurazione in Turchia: istituzioni accademiche forti non possono emergere in un clima di paura","datePublished":"2016-08-08T13:25:54+00:00","mainEntityOfPage":{"@id":"https:\/\/www.pressenza.com\/it\/2016\/08\/epurazione-turchia-istituzioni-accademiche-forti-non-possono-emergere-un-clima-di-paura\/"},"wordCount":845,"publisher":{"@id":"https:\/\/www.pressenza.com\/it\/#organization"},"image":{"@id":"https:\/\/www.pressenza.com\/it\/2016\/08\/epurazione-turchia-istituzioni-accademiche-forti-non-possono-emergere-un-clima-di-paura\/#primaryimage"},"thumbnailUrl":"https:\/\/www.pressenza.com\/wp-content\/uploads\/2016\/08\/Istanbul_University_campus_March_2008c.jpg","keywords":["epurazione","Recep Tayyip Erdogan","Turchia","universit\u00e0"],"articleSection":["Educazione","Medio Oriente","Opinioni","Politica"],"inLanguage":"it-IT"},{"@type":"WebPage","@id":"https:\/\/www.pressenza.com\/it\/2016\/08\/epurazione-turchia-istituzioni-accademiche-forti-non-possono-emergere-un-clima-di-paura\/","url":"https:\/\/www.pressenza.com\/it\/2016\/08\/epurazione-turchia-istituzioni-accademiche-forti-non-possono-emergere-un-clima-di-paura\/","name":"Epurazione in Turchia: istituzioni accademiche forti non possono emergere in un clima di paura","isPartOf":{"@id":"https:\/\/www.pressenza.com\/it\/#website"},"primaryImageOfPage":{"@id":"https:\/\/www.pressenza.com\/it\/2016\/08\/epurazione-turchia-istituzioni-accademiche-forti-non-possono-emergere-un-clima-di-paura\/#primaryimage"},"image":{"@id":"https:\/\/www.pressenza.com\/it\/2016\/08\/epurazione-turchia-istituzioni-accademiche-forti-non-possono-emergere-un-clima-di-paura\/#primaryimage"},"thumbnailUrl":"https:\/\/www.pressenza.com\/wp-content\/uploads\/2016\/08\/Istanbul_University_campus_March_2008c.jpg","datePublished":"2016-08-08T13:25:54+00:00","description":"I docenti in Turchia sono spaventati e ne hanno tutte le ragioni, dice Serdar De\u011firmencio\u011flu. Coloro che si preoccupano del sistema educativo superiore in","breadcrumb":{"@id":"https:\/\/www.pressenza.com\/it\/2016\/08\/epurazione-turchia-istituzioni-accademiche-forti-non-possono-emergere-un-clima-di-paura\/#breadcrumb"},"inLanguage":"it-IT","potentialAction":[{"@type":"ReadAction","target":["https:\/\/www.pressenza.com\/it\/2016\/08\/epurazione-turchia-istituzioni-accademiche-forti-non-possono-emergere-un-clima-di-paura\/"]}]},{"@type":"ImageObject","inLanguage":"it-IT","@id":"https:\/\/www.pressenza.com\/it\/2016\/08\/epurazione-turchia-istituzioni-accademiche-forti-non-possono-emergere-un-clima-di-paura\/#primaryimage","url":"https:\/\/www.pressenza.com\/wp-content\/uploads\/2016\/08\/Istanbul_University_campus_March_2008c.jpg","contentUrl":"https:\/\/www.pressenza.com\/wp-content\/uploads\/2016\/08\/Istanbul_University_campus_March_2008c.jpg","width":640,"height":480},{"@type":"BreadcrumbList","@id":"https:\/\/www.pressenza.com\/it\/2016\/08\/epurazione-turchia-istituzioni-accademiche-forti-non-possono-emergere-un-clima-di-paura\/#breadcrumb","itemListElement":[{"@type":"ListItem","position":1,"name":"Accueil","item":"https:\/\/www.pressenza.com\/it\/"},{"@type":"ListItem","position":2,"name":"Epurazione in Turchia: istituzioni accademiche forti non possono emergere in un clima di paura"}]},{"@type":"WebSite","@id":"https:\/\/www.pressenza.com\/it\/#website","url":"https:\/\/www.pressenza.com\/it\/","name":"Pressenza","description":"Agenzia di Stampa Internazionale","publisher":{"@id":"https:\/\/www.pressenza.com\/it\/#organization"},"potentialAction":[{"@type":"SearchAction","target":{"@type":"EntryPoint","urlTemplate":"https:\/\/www.pressenza.com\/it\/?s={search_term_string}"},"query-input":{"@type":"PropertyValueSpecification","valueRequired":true,"valueName":"search_term_string"}}],"inLanguage":"it-IT"},{"@type":"Organization","@id":"https:\/\/www.pressenza.com\/it\/#organization","name":"Pressenza","url":"https:\/\/www.pressenza.com\/it\/","logo":{"@type":"ImageObject","inLanguage":"it-IT","@id":"https:\/\/www.pressenza.com\/it\/#\/schema\/logo\/image\/","url":"https:\/\/www.pressenza.com\/wp-content\/uploads\/2022\/10\/pressenza_logo_200x200.jpg","contentUrl":"https:\/\/www.pressenza.com\/wp-content\/uploads\/2022\/10\/pressenza_logo_200x200.jpg","width":200,"height":200,"caption":"Pressenza"},"image":{"@id":"https:\/\/www.pressenza.com\/it\/#\/schema\/logo\/image\/"},"sameAs":["https:\/\/www.facebook.com\/PressenzaItalia","https:\/\/x.com\/PressenzaIPA"]},{"@type":"Person","@id":"https:\/\/www.pressenza.com\/it\/#\/schema\/person\/d983e81827ae24f2c7b1a2123d197f8d","name":"Redazione Italia","description":"News from the Pressenza Bureau in Italy","sameAs":["https:\/\/www.pressenza.com\/it\/author\/redazione-italia\/","https:\/\/www.facebook.com\/PressenzaItalia","https:\/\/www.instagram.com\/pressenza_italia\/","https:\/\/x.com\/pressenza_it","https:\/\/www.youtube.com\/channel\/UCSalEIWjE1RSxkwjfftFuqg"],"url":"https:\/\/www.pressenza.com\/it\/author\/redazione-italia\/"}]}},"place":"","original_article_url":"","_links":{"self":[{"href":"https:\/\/www.pressenza.com\/it\/wp-json\/wp\/v2\/posts\/350927","targetHints":{"allow":["GET"]}}],"collection":[{"href":"https:\/\/www.pressenza.com\/it\/wp-json\/wp\/v2\/posts"}],"about":[{"href":"https:\/\/www.pressenza.com\/it\/wp-json\/wp\/v2\/types\/post"}],"author":[{"embeddable":true,"href":"https:\/\/www.pressenza.com\/it\/wp-json\/wp\/v2\/users\/594"}],"replies":[{"embeddable":true,"href":"https:\/\/www.pressenza.com\/it\/wp-json\/wp\/v2\/comments?post=350927"}],"version-history":[{"count":0,"href":"https:\/\/www.pressenza.com\/it\/wp-json\/wp\/v2\/posts\/350927\/revisions"}],"wp:featuredmedia":[{"embeddable":true,"href":"https:\/\/www.pressenza.com\/it\/wp-json\/wp\/v2\/media\/350938"}],"wp:attachment":[{"href":"https:\/\/www.pressenza.com\/it\/wp-json\/wp\/v2\/media?parent=350927"}],"wp:term":[{"taxonomy":"category","embeddable":true,"href":"https:\/\/www.pressenza.com\/it\/wp-json\/wp\/v2\/categories?post=350927"},{"taxonomy":"post_tag","embeddable":true,"href":"https:\/\/www.pressenza.com\/it\/wp-json\/wp\/v2\/tags?post=350927"}],"curies":[{"name":"wp","href":"https:\/\/api.w.org\/{rel}","templated":true}]}}