{"id":348453,"date":"2016-07-31T19:31:47","date_gmt":"2016-07-31T18:31:47","guid":{"rendered":"http:\/\/www.pressenza.com\/it\/?p=348453"},"modified":"2016-08-06T22:48:04","modified_gmt":"2016-08-06T21:48:04","slug":"il-medioriente-e-lombra-della-luce","status":"publish","type":"post","link":"https:\/\/www.pressenza.com\/it\/2016\/07\/il-medioriente-e-lombra-della-luce\/","title":{"rendered":"Il Medioriente e l\u2019ombra della luce"},"content":{"rendered":"<p>L\u2019ombra della luce \u00e8 il titolo di una commovente canzone che Franco Battiato cant\u00f2 all&#8217;interno di un concerto, tenutosi a Baghdad nel 1992.\u00a0Da quel concerto sono passati quasi 25 anni ma sono rimaste nei nostri occhi le scie luminose dei traccianti al fosforo bianco illuminare <strong>Baghdad, la mitica citt\u00e0 delle Mille e una notte<\/strong>, poco prima di essere bombardata dal nostro &#8220;fuoco amico&#8221;.<\/p>\n<p>Le cupole dorate, i millenari mosaici, i giardini pensili odorosi, le colonne intarsiate, gli antichi minareti, gli affreschi di oro, di blu e lapislazzuli, le fontane luminose e scintillanti, le vie del mercato e gli antichi Suq, tutto inesorabilmente spazzato via.\u00a0Da allora quanta altra distruzione abbiamo visto e a quanta ancora saremo costretti ad assistere? Parafrasando quanto detto in un famoso e significativo film, <strong>Centinaia di \u201canni per costruire, attimi per distruggere\u201d<\/strong>.<\/p>\n<p>In Iraq l\u2019inizio della distruzione del patrimonio storico \u00e8 precedente all\u2019arrivo di ISIS. Quando Saddam Hussein cadde, nel 2003, fecero il giro del mondo le immagini della razzia al Museo Nazionale di Baghdad, reperti unici spariti per sempre nelle spire del mercato clandestino. Secondo Salam Abdulsalam, docente di architettura a Baghdad, dopo l\u2019invasione da parte delle truppe americane, almeno 32.000 pezzi sono stati trafugati da 12.000 siti archeologici in tutto il Paese. Dal solo Museo scomparvero 15.000 oggetti.<\/p>\n<p>In ordine sparso abbiamo assistito ad altrettanta cieca follia senza senso, ad opera di gruppi etnici da noi \u00a0soprannominati &#8220;Talebani&#8221; che in Afghanistan tiravano gi\u00f9 a colpi di dinamite, plurimillenarie e bellissime statue del Budda.<\/p>\n<p>Abbiamo visto Dura Europos, sito archeologico al confine con l&#8217;Iraq, nota come <strong>\u201cla Pompei del deserto\u201d<\/strong>\u00a0antichissimo insediamento semitico, che ospita i resti di una citt\u00e0 del IV sec. testimonianza del passaggio di macedoni, greci e romani. prima distrutto e poi saccheggiato.<\/p>\n<p>In Libano una\u00a0guerra civile\u00a0durata 15 anni, di una brutalit\u00e0 inammissibile, decine di battaglie consecutive mosse fra Libano ed Israele e la successiva frantumazione dello sviluppo urbano, ci ha portato via per sempre gran parte della Vecchia citt\u00e0 di <strong>Beirut la<\/strong> \u00a0<strong>\u201cParigi del Medio Oriente\u00a0\u201d<\/strong>. Una volta conosciuta anche per il suo paesaggio di insolita architettura ottomana, francese e art d\u00e9co.<\/p>\n<p>Vittima del conflitto crescente anche <strong>l&#8217;oasi archeologica di Palmyra, la \u201cSposa del deserto\u201d<\/strong> com\u2019era soprannominata, che conserva ancora al suo interno \u00a0testimonianze di diverse civilizzazioni. Il sito era rimasto lontano dalla rivolta fino all&#8217;inizio del 2013, quando il Tempio di Baal \u00e8 stato gravemente danneggiato negli scontri.<\/p>\n<p>E ancora in questi giorni assistiamo alla <strong>distruzione di Aleppo<\/strong> che grazie ai nostri bombardamenti paga, probabilmente, il prezzo pi\u00f9 pesante. Duramente danneggiata in scontri e bombardamenti la moschea degli Omayyadi, costruita nel 705. Non sono state risparmiate dalle violenze nemmeno la cittadella del XII sec. e la citt\u00e0 antica con lo storico Suq (mercato), centro commerciale dal secondo millennio a.c. che conserva le testimonianze di assiri, greci, romani e ottomani.<\/p>\n<p>La<strong> fortezza del Crac des Chevaliers<\/strong>, considerato il castello medievale per eccellenza dell&#8217;et\u00e0 crociata, \u00e8 stata teatro di pesanti combattimenti. Nel luglio 2012 fotografie del sito, costruito nel 1142, mostrano i ribelli che hanno trovato riparo nella struttura sotto attacco da parte dei militari. Evidenti i danni causati dai colpi di mortaio.<\/p>\n<p>Nel conflitto \u00e8 rimasta distrutta anche una delle sinagoghe pi\u00f9 antiche del mondo, nel distretto <strong>Jobar di Damasco<\/strong>. Risalente a oltre 2.000 anni fa, <strong>la sinagoga era dedicata al profeta Elia<\/strong>.<\/p>\n<p>E che dire della razzia dei <strong>musei di Raqqa e di Aleppo<\/strong> ad opera di mercenari e tagliagole impazziti, sotto il nome di ISIS che dichiarano di essere per l\u2019Islam, mentre scientemente ne distruggono le radici storiche e culturali.<\/p>\n<p>Parla di <strong>\u201cUna perdita inestimabile\u201d<\/strong> \u00a0Salam Abdulsalam \u00a0rappresentata dai danni causati all\u2019<strong>antica Babilonia<\/strong> dalle forze armate alleate. Sulle rovine della citt\u00e0 per lungo tempo \u00e8 stata realizzata una base per i mezzi corazzati statunitensi. Alle rovine di Babilonia sono stati arrecati danni incalcolabili, i pi\u00f9 visibili quelli alle mura di cinta e agli strati archeologici destinati ai futuri scavi che sono stati coperti dal carburante e dall\u2019olio.<\/p>\n<p>E ancora la distruzione ad opera dei miliziani che a colpi di piccone e raffiche di kalashnikov abbattono statue e i bassorilievi dell&#8217;antica <strong>citta&#8217; di Hatra<\/strong>, patrimonio mondiale dell\u2019UNESCO.<\/p>\n<p>E prima ancora, l\u2019accanimento sempre da parte dei miliziani contro <strong>l\u2019antica capitale assira Nimrud<\/strong>, distruggendo i manufatti e del <strong>museo di Mosul<\/strong>.<\/p>\n<p>Anche la millenaria <strong>citt\u00e0 di Khorsabad<\/strong> e i resti della <strong>Fortezza di Sargon<\/strong>, del <strong>Palazzo al-Kalhu<\/strong>, del re assiro Ashurnasirpal II sono scomparsi,<\/p>\n<p><strong>Sempre i militanti dell\u2019ISIS hanno fatto saltare in aria un antico santuario musulmano sciita a Tikrit,\u00a0era il luogo di sepoltura per 40 personaggi di primo piano nella storia musulmana, tra queste anche alcuni compagni del Profeta Maometto.<\/strong><\/p>\n<p>Saccheggiata e gravemente danneggiata anche la \u201cChiesa Verde\u201d, una struttura suggestiva scavata nella roccia e costruita nel VII secolo.<\/p>\n<p>A Mosul sono stati rubati dalle chiese antichi manoscritti e distrutte le statue del musicista Othman al-Mousuli e del poeta Abu Tammam.<\/p>\n<p>A questo elenco incompleto, si deve aggiungere la distruzione della <strong>biblioteca di Mosul<\/strong>. Qui sono andati persi pi\u00f9 di 100.000 volumi, di cui almeno 8.000 secondo l\u2019Unesco erano unici.<\/p>\n<p>Il Museo di Arte Islamico, in Egitto, sede di una delle pi\u00f9 grosse e importanti collezioni al mondo con 100.000 pezzi che ripercorrono quasi tutta la storia islamica. Recentemente aveva subito un processo di restauro che era durato otto anni ed era costato milioni di dollari. Poco dopo la sua riapertura un\u2019autobomba, il cui obiettivo era un edificio della polizia nelle vicinanze, ha causato danni catastrofici nonch\u00e9 la sua chiusura.<\/p>\n<p>Dall\u2019altro canto che dire, in questa folle gara a chi distrugge meglio e di pi\u00f9, le rovine della mitica citt\u00e0 di\u00a0<strong>Babilonia<\/strong>\u00a0sono oggi solo polvere e un ricordo lontano, grazie agli atti di\u00a0<strong>vandalismo <\/strong>da parte dell\u2019esercito statunitense durante la guerra in Iraq, in cui\u00a0<strong>2000 soldati<\/strong>\u00a0si sono insediati nelle vicinanze. Il terreno \u00e8 stato subito appiattito dai\u00a0<strong>bulldozer e ricoperto di ghiaia<\/strong>, costruendo una pista di atterraggio per gli elicotteri. Le capanne, ancora in piedi, prima dell\u2019 arrivo dei militari statunitensi, risalivano al\u00a0<strong>X secolo<\/strong>.<\/p>\n<p>La lista di ci\u00f2 che \u00e8 andato perduto per sempre in Medioriente in soli 25 anni, \u00e8 meglio fermarla qui ma sarebbe ancora lunghissima.<\/p>\n<p>Che dire infine delle innumerevoli opere di arte di Sarajevo di Mostar e di tutte le citt\u00e0 della musulmana Bosnia, in Ex-Yugoslavia tirata gi\u00f9 a colpi di cannone dai serbi e dai bombardamenti ONU e NATO dopo.<\/p>\n<p>Immaginate se avessimo dovuto subire noi in occidente, tutta questa morte e distruzione, immaginate le nostre opere d\u2019arte devastate per sempre, opere come il Colosseo, il Cupolone di Firenze, il Duomo di Milano in Italia oppure la Torre Eiffel o la cattedrale di Notre Dame in Francia o quella di Westminster in Inghilterra o la Sagrada Familia di Gaud\u00ec in Spagna, immaginate il dolore e la rabbia se queste opere venissero distrutte, perdute per sempre, adesso immaginate anche la sofferenza delle centinaia di migliaia di morti, provate a sentire il dolore che proveremmo, sapendo che fra tutti questi morti ognuno di noi avrebbe sicuramente avuto uno zio, un figlio, una sorella, un parente vicino o lontano o un amico fra la lista dei caduti.<\/p>\n<p>Tutto ci\u00f2 che \u00e8 stato distrutto, in Medioriente, origine della nostra civilt\u00e0, e antica &#8220;culla della luce&#8221; \u00e8 un\u2019importante pezzo di umanit\u00e0 che se ne \u00e8 andata via per sempre, nessuno ce la ridar\u00e0, come nessuno far\u00e0 tornare in vita le centinaia di migliaia di persone, fratelli e sorelle, morte innocentemente in tutta questa follia.<\/p>\n<p>La follia \u00e8 contagiosa, dilaga ormai, e va fermata, esistono solo due vie davanti all\u2019essere umano, <a href=\"https:\/\/www.youtube.com\/watch?v=kyusig8kFhU\">&#8220;o pace crescente per tutti o distruzione crescente per tutti&#8221;<\/a>, o luce o ombra, \u00a0non esiste una terza via, basata sul vivacchiare e lo stare a vedere cosa succede, in definitiva esistono solo due scelte, lavorare per una pace crescente o lavorare per la distruzione crescente.<\/p>\n<p>Di questi tempi restare alla finestra a guardare la distruzione crescente, significa in qualche modo accettarla, ogni volta che per comodit\u00e0 o per paura si fa un passo indietro, significa arretrare per fare spazio a questa distruzione che inesorabile avanza.<\/p>\n<p>In definitiva si tratta sempre di scelte, anche il non scegliere significa scegliere.\u00a0 Stare ad assistere che il pi\u00f9 forte e prepotente di turno, vinca sempre a scapito del pi\u00f9 debole, \u00e8 una \u00a0strategia perdente, perch\u00e9 a turno, inevitabilmente, prima o poi tocca a tutti trovarsi nei panni del pi\u00f9 debole.<\/p>\n<p>Le opere d\u2019arte, la storia e le centinaia di migliaia di esseri umani, nostri fratelli e sorelle per sempre scomparsi e perduti in tutto il Medioriente, in questo contesto storico odierno, rappresentano la parte pi\u00f9 debole e non il contrario.<\/p>\n<p><iframe loading=\"lazy\" title=\"Franco Battiato - L&#039;ombra della Luce in arabo (alta Qualit\u00e0)\" width=\"500\" height=\"375\" src=\"https:\/\/www.youtube.com\/embed\/wIle3DePsYk?feature=oembed\" frameborder=\"0\" allow=\"accelerometer; autoplay; clipboard-write; encrypted-media; gyroscope; picture-in-picture; web-share\" referrerpolicy=\"strict-origin-when-cross-origin\" allowfullscreen><\/iframe><\/p>\n<p>.<\/p>\n","protected":false},"excerpt":{"rendered":"<p>Una pietosa lista di ci\u00f2 che \u00e8 andato per sempre perduto in Medioriente, un&#8217;importante pezzo di umanit\u00e0, della nostra umanit\u00e0, della nostra cultura, un tempo culla di luce e della civilt\u00e0 su cui \u00e8 calata l&#8217;ombra.<\/p>\n","protected":false},"author":980,"featured_media":348454,"comment_status":"closed","ping_status":"closed","sticky":false,"template":"","format":"standard","meta":{"footnotes":""},"categories":[11388,56,52,1263,57],"tags":[29322,365,29320,29321,294],"class_list":["post-348453","post","type-post","status-publish","format-standard","has-post-thumbnail","hentry","category-contenuti-originali","category-cultura","category-medio-oriente","category-pace-disarmo","category-affari-esteri","tag-cultura-mediorientale","tag-guerra","tag-medioriente","tag-opere-darte","tag-pace"],"yoast_head":"<!-- This site is optimized with the Yoast SEO plugin v27.1.1 - https:\/\/yoast.com\/product\/yoast-seo-wordpress\/ -->\n<title>Il Medioriente e l\u2019ombra della luce<\/title>\n<meta name=\"description\" content=\"Una pietosa lista di ci\u00f2 che \u00e8 andato per sempre perduto in Medioriente, un&#039;importante pezzo di umanit\u00e0, della nostra umanit\u00e0, della nostra cultura, un tempo culla di luce e della civilt\u00e0 su cui \u00e8 calata l&#039;ombra.\" \/>\n<meta name=\"robots\" content=\"index, follow, max-snippet:-1, max-image-preview:large, max-video-preview:-1\" \/>\n<link rel=\"canonical\" href=\"https:\/\/www.pressenza.com\/it\/2016\/07\/il-medioriente-e-lombra-della-luce\/\" \/>\n<meta property=\"og:locale\" content=\"it_IT\" \/>\n<meta property=\"og:type\" content=\"article\" \/>\n<meta property=\"og:title\" content=\"Il Medioriente e l\u2019ombra della luce\" \/>\n<meta property=\"og:description\" content=\"Una pietosa lista di ci\u00f2 che \u00e8 andato per sempre perduto in Medioriente, un&#039;importante pezzo di umanit\u00e0, della nostra umanit\u00e0, della nostra cultura, un tempo culla di luce e della civilt\u00e0 su cui \u00e8 calata l&#039;ombra.\" \/>\n<meta property=\"og:url\" content=\"https:\/\/www.pressenza.com\/it\/2016\/07\/il-medioriente-e-lombra-della-luce\/\" \/>\n<meta property=\"og:site_name\" content=\"Pressenza\" \/>\n<meta property=\"article:publisher\" content=\"https:\/\/www.facebook.com\/PressenzaItalia\" \/>\n<meta property=\"article:author\" content=\"https:\/\/www.facebook.com\/valdarno.sostenibile\" \/>\n<meta property=\"article:published_time\" content=\"2016-07-31T18:31:47+00:00\" \/>\n<meta property=\"article:modified_time\" content=\"2016-08-06T21:48:04+00:00\" \/>\n<meta property=\"og:image\" content=\"https:\/\/www.pressenza.com\/wp-content\/uploads\/2016\/07\/Siria-720x480.png\" \/>\n\t<meta property=\"og:image:width\" content=\"720\" \/>\n\t<meta property=\"og:image:height\" content=\"480\" \/>\n\t<meta property=\"og:image:type\" content=\"image\/png\" \/>\n<meta name=\"author\" content=\"Luca Cellini\" \/>\n<meta name=\"twitter:card\" content=\"summary_large_image\" \/>\n<meta name=\"twitter:creator\" content=\"@LucaCellini68\" \/>\n<meta name=\"twitter:site\" content=\"@PressenzaIPA\" \/>\n<meta name=\"twitter:label1\" content=\"Scritto da\" \/>\n\t<meta name=\"twitter:data1\" content=\"Luca Cellini\" \/>\n\t<meta name=\"twitter:label2\" content=\"Tempo di lettura stimato\" \/>\n\t<meta name=\"twitter:data2\" content=\"7 minuti\" \/>\n<script type=\"application\/ld+json\" class=\"yoast-schema-graph\">{\"@context\":\"https:\/\/schema.org\",\"@graph\":[{\"@type\":\"Article\",\"@id\":\"https:\/\/www.pressenza.com\/it\/2016\/07\/il-medioriente-e-lombra-della-luce\/#article\",\"isPartOf\":{\"@id\":\"https:\/\/www.pressenza.com\/it\/2016\/07\/il-medioriente-e-lombra-della-luce\/\"},\"author\":{\"name\":\"Luca Cellini\",\"@id\":\"https:\/\/www.pressenza.com\/it\/#\/schema\/person\/6f5bf686b3d94620dc918fd3afbd9180\"},\"headline\":\"Il Medioriente e l\u2019ombra della luce\",\"datePublished\":\"2016-07-31T18:31:47+00:00\",\"dateModified\":\"2016-08-06T21:48:04+00:00\",\"mainEntityOfPage\":{\"@id\":\"https:\/\/www.pressenza.com\/it\/2016\/07\/il-medioriente-e-lombra-della-luce\/\"},\"wordCount\":1447,\"publisher\":{\"@id\":\"https:\/\/www.pressenza.com\/it\/#organization\"},\"image\":{\"@id\":\"https:\/\/www.pressenza.com\/it\/2016\/07\/il-medioriente-e-lombra-della-luce\/#primaryimage\"},\"thumbnailUrl\":\"https:\/\/www.pressenza.com\/wp-content\/uploads\/2016\/07\/Siria.png\",\"keywords\":[\"Cultura Mediorientale\",\"guerra\",\"Medioriente\",\"Opere d'arte\",\"Pace\"],\"articleSection\":[\"contenuti originali\",\"Cultura e Media\",\"Medio Oriente\",\"Pace e Disarmo\",\"Questioni internazionali\"],\"inLanguage\":\"it-IT\"},{\"@type\":\"WebPage\",\"@id\":\"https:\/\/www.pressenza.com\/it\/2016\/07\/il-medioriente-e-lombra-della-luce\/\",\"url\":\"https:\/\/www.pressenza.com\/it\/2016\/07\/il-medioriente-e-lombra-della-luce\/\",\"name\":\"Il Medioriente e l\u2019ombra della luce\",\"isPartOf\":{\"@id\":\"https:\/\/www.pressenza.com\/it\/#website\"},\"primaryImageOfPage\":{\"@id\":\"https:\/\/www.pressenza.com\/it\/2016\/07\/il-medioriente-e-lombra-della-luce\/#primaryimage\"},\"image\":{\"@id\":\"https:\/\/www.pressenza.com\/it\/2016\/07\/il-medioriente-e-lombra-della-luce\/#primaryimage\"},\"thumbnailUrl\":\"https:\/\/www.pressenza.com\/wp-content\/uploads\/2016\/07\/Siria.png\",\"datePublished\":\"2016-07-31T18:31:47+00:00\",\"dateModified\":\"2016-08-06T21:48:04+00:00\",\"description\":\"Una pietosa lista di ci\u00f2 che \u00e8 andato per sempre perduto in Medioriente, un'importante pezzo di umanit\u00e0, della nostra umanit\u00e0, della nostra cultura, un tempo culla di luce e della civilt\u00e0 su cui \u00e8 calata l'ombra.\",\"breadcrumb\":{\"@id\":\"https:\/\/www.pressenza.com\/it\/2016\/07\/il-medioriente-e-lombra-della-luce\/#breadcrumb\"},\"inLanguage\":\"it-IT\",\"potentialAction\":[{\"@type\":\"ReadAction\",\"target\":[\"https:\/\/www.pressenza.com\/it\/2016\/07\/il-medioriente-e-lombra-della-luce\/\"]}]},{\"@type\":\"ImageObject\",\"inLanguage\":\"it-IT\",\"@id\":\"https:\/\/www.pressenza.com\/it\/2016\/07\/il-medioriente-e-lombra-della-luce\/#primaryimage\",\"url\":\"https:\/\/www.pressenza.com\/wp-content\/uploads\/2016\/07\/Siria.png\",\"contentUrl\":\"https:\/\/www.pressenza.com\/wp-content\/uploads\/2016\/07\/Siria.png\",\"width\":1200,\"height\":800},{\"@type\":\"BreadcrumbList\",\"@id\":\"https:\/\/www.pressenza.com\/it\/2016\/07\/il-medioriente-e-lombra-della-luce\/#breadcrumb\",\"itemListElement\":[{\"@type\":\"ListItem\",\"position\":1,\"name\":\"Accueil\",\"item\":\"https:\/\/www.pressenza.com\/it\/\"},{\"@type\":\"ListItem\",\"position\":2,\"name\":\"Il Medioriente e l\u2019ombra della luce\"}]},{\"@type\":\"WebSite\",\"@id\":\"https:\/\/www.pressenza.com\/it\/#website\",\"url\":\"https:\/\/www.pressenza.com\/it\/\",\"name\":\"Pressenza\",\"description\":\"Agenzia di Stampa Internazionale\",\"publisher\":{\"@id\":\"https:\/\/www.pressenza.com\/it\/#organization\"},\"potentialAction\":[{\"@type\":\"SearchAction\",\"target\":{\"@type\":\"EntryPoint\",\"urlTemplate\":\"https:\/\/www.pressenza.com\/it\/?s={search_term_string}\"},\"query-input\":{\"@type\":\"PropertyValueSpecification\",\"valueRequired\":true,\"valueName\":\"search_term_string\"}}],\"inLanguage\":\"it-IT\"},{\"@type\":\"Organization\",\"@id\":\"https:\/\/www.pressenza.com\/it\/#organization\",\"name\":\"Pressenza\",\"url\":\"https:\/\/www.pressenza.com\/it\/\",\"logo\":{\"@type\":\"ImageObject\",\"inLanguage\":\"it-IT\",\"@id\":\"https:\/\/www.pressenza.com\/it\/#\/schema\/logo\/image\/\",\"url\":\"https:\/\/www.pressenza.com\/wp-content\/uploads\/2022\/10\/pressenza_logo_200x200.jpg\",\"contentUrl\":\"https:\/\/www.pressenza.com\/wp-content\/uploads\/2022\/10\/pressenza_logo_200x200.jpg\",\"width\":200,\"height\":200,\"caption\":\"Pressenza\"},\"image\":{\"@id\":\"https:\/\/www.pressenza.com\/it\/#\/schema\/logo\/image\/\"},\"sameAs\":[\"https:\/\/www.facebook.com\/PressenzaItalia\",\"https:\/\/x.com\/PressenzaIPA\"]},{\"@type\":\"Person\",\"@id\":\"https:\/\/www.pressenza.com\/it\/#\/schema\/person\/6f5bf686b3d94620dc918fd3afbd9180\",\"name\":\"Luca Cellini\",\"description\":\"Luca Cellini has participated with the Humanist Party. He was a volunteer with the Conscientious Objectors Association and an activist with Greenpeace. He participated in the Mir Sada International Peace March, a nonviolent peace convoy during the Bosnian conflict in Mostar and Sarajevo, to try to stop the conflict. He participated in the Social Forum and in the World March for Peace and Nonviolence. He founded the Valdarno Sustainability Committee with which he promotes the formation of the Valdarno Valdsieve coordination network to stop the construction of landfills and incinerators. He is passionate for writing, interested in alternative information, economics, research in the field of energy, strategies to achieve zero waste, and ecology, topics for which he has held public meetings and seminars for high school students. He works as a designer for the industry sector. Currently he engaged as volunteer in the fight against child exploitation and again Human Trafficking. Editor and columnist for Pressenza.\",\"sameAs\":[\"https:\/\/valdarnosostenibile.wordpress.com\/\",\"https:\/\/www.facebook.com\/valdarno.sostenibile\",\"https:\/\/x.com\/LucaCellini68\"],\"url\":\"https:\/\/www.pressenza.com\/it\/author\/luca-cellini\/\"}]}<\/script>\n<!-- \/ Yoast SEO plugin. -->","yoast_head_json":{"title":"Il Medioriente e l\u2019ombra della luce","description":"Una pietosa lista di ci\u00f2 che \u00e8 andato per sempre perduto in Medioriente, un'importante pezzo di umanit\u00e0, della nostra umanit\u00e0, della nostra cultura, un tempo culla di luce e della civilt\u00e0 su cui \u00e8 calata l'ombra.","robots":{"index":"index","follow":"follow","max-snippet":"max-snippet:-1","max-image-preview":"max-image-preview:large","max-video-preview":"max-video-preview:-1"},"canonical":"https:\/\/www.pressenza.com\/it\/2016\/07\/il-medioriente-e-lombra-della-luce\/","og_locale":"it_IT","og_type":"article","og_title":"Il Medioriente e l\u2019ombra della luce","og_description":"Una pietosa lista di ci\u00f2 che \u00e8 andato per sempre perduto in Medioriente, un'importante pezzo di umanit\u00e0, della nostra umanit\u00e0, della nostra cultura, un tempo culla di luce e della civilt\u00e0 su cui \u00e8 calata l'ombra.","og_url":"https:\/\/www.pressenza.com\/it\/2016\/07\/il-medioriente-e-lombra-della-luce\/","og_site_name":"Pressenza","article_publisher":"https:\/\/www.facebook.com\/PressenzaItalia","article_author":"https:\/\/www.facebook.com\/valdarno.sostenibile","article_published_time":"2016-07-31T18:31:47+00:00","article_modified_time":"2016-08-06T21:48:04+00:00","og_image":[{"width":720,"height":480,"url":"https:\/\/www.pressenza.com\/wp-content\/uploads\/2016\/07\/Siria-720x480.png","type":"image\/png"}],"author":"Luca Cellini","twitter_card":"summary_large_image","twitter_creator":"@LucaCellini68","twitter_site":"@PressenzaIPA","twitter_misc":{"Scritto da":"Luca Cellini","Tempo di lettura stimato":"7 minuti"},"schema":{"@context":"https:\/\/schema.org","@graph":[{"@type":"Article","@id":"https:\/\/www.pressenza.com\/it\/2016\/07\/il-medioriente-e-lombra-della-luce\/#article","isPartOf":{"@id":"https:\/\/www.pressenza.com\/it\/2016\/07\/il-medioriente-e-lombra-della-luce\/"},"author":{"name":"Luca Cellini","@id":"https:\/\/www.pressenza.com\/it\/#\/schema\/person\/6f5bf686b3d94620dc918fd3afbd9180"},"headline":"Il Medioriente e l\u2019ombra della luce","datePublished":"2016-07-31T18:31:47+00:00","dateModified":"2016-08-06T21:48:04+00:00","mainEntityOfPage":{"@id":"https:\/\/www.pressenza.com\/it\/2016\/07\/il-medioriente-e-lombra-della-luce\/"},"wordCount":1447,"publisher":{"@id":"https:\/\/www.pressenza.com\/it\/#organization"},"image":{"@id":"https:\/\/www.pressenza.com\/it\/2016\/07\/il-medioriente-e-lombra-della-luce\/#primaryimage"},"thumbnailUrl":"https:\/\/www.pressenza.com\/wp-content\/uploads\/2016\/07\/Siria.png","keywords":["Cultura Mediorientale","guerra","Medioriente","Opere d'arte","Pace"],"articleSection":["contenuti originali","Cultura e Media","Medio Oriente","Pace e Disarmo","Questioni internazionali"],"inLanguage":"it-IT"},{"@type":"WebPage","@id":"https:\/\/www.pressenza.com\/it\/2016\/07\/il-medioriente-e-lombra-della-luce\/","url":"https:\/\/www.pressenza.com\/it\/2016\/07\/il-medioriente-e-lombra-della-luce\/","name":"Il Medioriente e l\u2019ombra della luce","isPartOf":{"@id":"https:\/\/www.pressenza.com\/it\/#website"},"primaryImageOfPage":{"@id":"https:\/\/www.pressenza.com\/it\/2016\/07\/il-medioriente-e-lombra-della-luce\/#primaryimage"},"image":{"@id":"https:\/\/www.pressenza.com\/it\/2016\/07\/il-medioriente-e-lombra-della-luce\/#primaryimage"},"thumbnailUrl":"https:\/\/www.pressenza.com\/wp-content\/uploads\/2016\/07\/Siria.png","datePublished":"2016-07-31T18:31:47+00:00","dateModified":"2016-08-06T21:48:04+00:00","description":"Una pietosa lista di ci\u00f2 che \u00e8 andato per sempre perduto in Medioriente, un'importante pezzo di umanit\u00e0, della nostra umanit\u00e0, della nostra cultura, un tempo culla di luce e della civilt\u00e0 su cui \u00e8 calata l'ombra.","breadcrumb":{"@id":"https:\/\/www.pressenza.com\/it\/2016\/07\/il-medioriente-e-lombra-della-luce\/#breadcrumb"},"inLanguage":"it-IT","potentialAction":[{"@type":"ReadAction","target":["https:\/\/www.pressenza.com\/it\/2016\/07\/il-medioriente-e-lombra-della-luce\/"]}]},{"@type":"ImageObject","inLanguage":"it-IT","@id":"https:\/\/www.pressenza.com\/it\/2016\/07\/il-medioriente-e-lombra-della-luce\/#primaryimage","url":"https:\/\/www.pressenza.com\/wp-content\/uploads\/2016\/07\/Siria.png","contentUrl":"https:\/\/www.pressenza.com\/wp-content\/uploads\/2016\/07\/Siria.png","width":1200,"height":800},{"@type":"BreadcrumbList","@id":"https:\/\/www.pressenza.com\/it\/2016\/07\/il-medioriente-e-lombra-della-luce\/#breadcrumb","itemListElement":[{"@type":"ListItem","position":1,"name":"Accueil","item":"https:\/\/www.pressenza.com\/it\/"},{"@type":"ListItem","position":2,"name":"Il Medioriente e l\u2019ombra della luce"}]},{"@type":"WebSite","@id":"https:\/\/www.pressenza.com\/it\/#website","url":"https:\/\/www.pressenza.com\/it\/","name":"Pressenza","description":"Agenzia di Stampa Internazionale","publisher":{"@id":"https:\/\/www.pressenza.com\/it\/#organization"},"potentialAction":[{"@type":"SearchAction","target":{"@type":"EntryPoint","urlTemplate":"https:\/\/www.pressenza.com\/it\/?s={search_term_string}"},"query-input":{"@type":"PropertyValueSpecification","valueRequired":true,"valueName":"search_term_string"}}],"inLanguage":"it-IT"},{"@type":"Organization","@id":"https:\/\/www.pressenza.com\/it\/#organization","name":"Pressenza","url":"https:\/\/www.pressenza.com\/it\/","logo":{"@type":"ImageObject","inLanguage":"it-IT","@id":"https:\/\/www.pressenza.com\/it\/#\/schema\/logo\/image\/","url":"https:\/\/www.pressenza.com\/wp-content\/uploads\/2022\/10\/pressenza_logo_200x200.jpg","contentUrl":"https:\/\/www.pressenza.com\/wp-content\/uploads\/2022\/10\/pressenza_logo_200x200.jpg","width":200,"height":200,"caption":"Pressenza"},"image":{"@id":"https:\/\/www.pressenza.com\/it\/#\/schema\/logo\/image\/"},"sameAs":["https:\/\/www.facebook.com\/PressenzaItalia","https:\/\/x.com\/PressenzaIPA"]},{"@type":"Person","@id":"https:\/\/www.pressenza.com\/it\/#\/schema\/person\/6f5bf686b3d94620dc918fd3afbd9180","name":"Luca Cellini","description":"Luca Cellini has participated with the Humanist Party. He was a volunteer with the Conscientious Objectors Association and an activist with Greenpeace. He participated in the Mir Sada International Peace March, a nonviolent peace convoy during the Bosnian conflict in Mostar and Sarajevo, to try to stop the conflict. He participated in the Social Forum and in the World March for Peace and Nonviolence. He founded the Valdarno Sustainability Committee with which he promotes the formation of the Valdarno Valdsieve coordination network to stop the construction of landfills and incinerators. He is passionate for writing, interested in alternative information, economics, research in the field of energy, strategies to achieve zero waste, and ecology, topics for which he has held public meetings and seminars for high school students. He works as a designer for the industry sector. Currently he engaged as volunteer in the fight against child exploitation and again Human Trafficking. Editor and columnist for Pressenza.","sameAs":["https:\/\/valdarnosostenibile.wordpress.com\/","https:\/\/www.facebook.com\/valdarno.sostenibile","https:\/\/x.com\/LucaCellini68"],"url":"https:\/\/www.pressenza.com\/it\/author\/luca-cellini\/"}]}},"place":"","original_article_url":"","_links":{"self":[{"href":"https:\/\/www.pressenza.com\/it\/wp-json\/wp\/v2\/posts\/348453","targetHints":{"allow":["GET"]}}],"collection":[{"href":"https:\/\/www.pressenza.com\/it\/wp-json\/wp\/v2\/posts"}],"about":[{"href":"https:\/\/www.pressenza.com\/it\/wp-json\/wp\/v2\/types\/post"}],"author":[{"embeddable":true,"href":"https:\/\/www.pressenza.com\/it\/wp-json\/wp\/v2\/users\/980"}],"replies":[{"embeddable":true,"href":"https:\/\/www.pressenza.com\/it\/wp-json\/wp\/v2\/comments?post=348453"}],"version-history":[{"count":0,"href":"https:\/\/www.pressenza.com\/it\/wp-json\/wp\/v2\/posts\/348453\/revisions"}],"wp:featuredmedia":[{"embeddable":true,"href":"https:\/\/www.pressenza.com\/it\/wp-json\/wp\/v2\/media\/348454"}],"wp:attachment":[{"href":"https:\/\/www.pressenza.com\/it\/wp-json\/wp\/v2\/media?parent=348453"}],"wp:term":[{"taxonomy":"category","embeddable":true,"href":"https:\/\/www.pressenza.com\/it\/wp-json\/wp\/v2\/categories?post=348453"},{"taxonomy":"post_tag","embeddable":true,"href":"https:\/\/www.pressenza.com\/it\/wp-json\/wp\/v2\/tags?post=348453"}],"curies":[{"name":"wp","href":"https:\/\/api.w.org\/{rel}","templated":true}]}}