{"id":346390,"date":"2016-07-26T17:24:59","date_gmt":"2016-07-26T16:24:59","guid":{"rendered":"http:\/\/www.pressenza.com\/it\/?p=346390"},"modified":"2016-07-27T07:26:12","modified_gmt":"2016-07-27T06:26:12","slug":"oslo-la-pena-capitale","status":"publish","type":"post","link":"https:\/\/www.pressenza.com\/it\/2016\/07\/oslo-la-pena-capitale\/","title":{"rendered":"Da Oslo contro la pena capitale"},"content":{"rendered":"<p style=\"text-align: justify;\"><strong>Dichiarazione<\/strong><strong style=\"line-height: 1.5;\">\u00a0finale del VI Congresso Mondiale Contro la Pena di Morte<\/strong><\/p>\n<p style=\"text-align: justify;\">Noi,<\/p>\n<p style=\"text-align: justify;\"><span style=\"font-style: inherit; font-weight: inherit;\">partecipanti al VI Congresso Mondiale Contro la Pena di Morte, organizzato ad Oslo (Norvegia) dal 21 al 23 giugno 2016 da Ensemble Contre la Peine de Mort (ECPM), sponsorizzato da Norvegia, Australia e Francia, e in collaborazione con la Coalizione Mondiale Contro la pena di Morte, con questa scrittura<\/span><\/p>\n<p style=\"text-align: justify;\"><span style=\"font-style: inherit; font-weight: inherit;\">ADOTTIAMO la seguente Dichiarazione dopo di tre giorni di intensi dibattiti, scambi di esperienze, testimonianze, filmati;<\/span><\/p>\n<p style=\"text-align: justify;\"><span style=\"font-style: inherit; font-weight: inherit;\">CI RALLEGRIAMO<\/span><\/p>\n<ul style=\"text-align: justify;\">\n<li style=\"font-style: inherit; font-weight: inherit;\"><span style=\"font-style: inherit; font-weight: inherit;\"> che il movimento abolizionista si espanda in un mondo in cui quasi \u00be dei paesi hanno abolito la pena di morte per legge o in pratica;<\/span><\/li>\n<li style=\"font-style: inherit; font-weight: inherit;\"><span style=\"font-style: inherit; font-weight: inherit;\"> che molti Stati abolizionisti e organizzazioni intergovernative si siano associati al movimento abolizionista mondiale e che alcuni stati ritenzionisti abbiano espresso durante il Congresso il loro interesse per il movimento;<\/span><\/li>\n<li style=\"font-style: inherit; font-weight: inherit;\"><span style=\"font-style: inherit; font-weight: inherit;\"> che dopo il Congresso Mondiale di Madrid del 2013, sei paesi abbiano abolito la pena di morte per tutti i crimini: Madagascar, Mongolia, Nauru, Figi, Repubblica del Congo e Suriname, che la tendenza verso l\u2019abolizione continui negli USA:<\/span><\/li>\n<li style=\"font-style: inherit; font-weight: inherit;\"><span style=\"font-style: inherit; font-weight: inherit;\"> che il movimento abolizionista continui a crescere e a diversificarsi, con la Coalizione Mondiale Contro la Pena di Morte forte di 158 aderenti, e con Stati, coalizioni regionali e nazionali, che uniscono organizzazioni e attori della societ\u00e0 civile, organizzazioni di parlamentari, organizzazioni di accademici, organizzazioni nazionali per i diritti umani, imprenditori e sindacati, e giornalisti, tutti alleati per la promozione dell\u2019abolizione della pena di morte;<\/span><\/li>\n<li style=\"font-style: inherit; font-weight: inherit;\"><span style=\"font-style: inherit; font-weight: inherit;\"> che alcuni Stati abolizionisti stiano inserendo la questione dell\u2019abolizione universale della pena di morte nelle loro relazioni internazionali;<\/span><\/li>\n<li style=\"font-style: inherit; font-weight: inherit;\"><span style=\"font-style: inherit; font-weight: inherit;\"> che si siano rafforzati i legami tra attori della societ\u00e0 civile e le organizzazioni intergovernative, regionali e internazionali con lo scopo di stabilire e rinforzare lo stato di diritto;<\/span><\/li>\n<li style=\"font-style: inherit; font-weight: inherit;\"><span style=\"font-style: inherit; font-weight: inherit;\"> che preminenti attori economici internazionali come la Pfizer o la Richard Branson (fondatore del gruppo Virgin) stiano prendendo una posizione pubblica contro la pena di morte;<\/span><\/li>\n<li style=\"font-style: inherit; font-weight: inherit;\"><span style=\"font-style: inherit; font-weight: inherit;\"> che ci siano annunci positivi come quelli fatti dai vice ministri della Giustizia della Repubblica Democratica del Congo e della Mongolia che voteranno per la moratoria alla Nazioni Unite nel prossimo mese di dicembre;<\/span><\/li>\n<li style=\"font-style: inherit; font-weight: inherit;\"><span style=\"font-style: inherit; font-weight: inherit;\"> che vi sia una presa di coscienza della portata e della seriet\u00e0 dei danni causati dalla pena di morte alle famiglie e agli amici dei condannati, delle vittime del crimine e altri membri della societ\u00e0.<\/span><\/li>\n<\/ul>\n<p style=\"text-align: justify;\">MA OSSERVIAMO:<\/p>\n<ul style=\"text-align: justify;\">\n<li style=\"font-style: inherit; font-weight: inherit;\"><span style=\"font-style: inherit; font-weight: inherit;\"> che il riemergere della violenza terroristica su scala globale viene usata come pretesto da taluni governi, come quello dell\u2019Egitto, per giustificare il mantenimento della pena di morte con la quale si opprimono i movimenti di opposizione;<\/span><\/li>\n<li style=\"font-style: inherit; font-weight: inherit;\"><span style=\"font-style: inherit; font-weight: inherit;\"> che secondo Amnesty International 58 paesi e territori mantengono la pena di morte e spesso la applicano in modo arbitrario;<\/span><\/li>\n<li style=\"font-style: inherit; font-weight: inherit;\"><span style=\"font-style: inherit; font-weight: inherit;\"> che nel 2015 1634 persone sono state messe a morte nel mondo, soprattutto in Iran, Pakistan, Arabia Saudita, Iraq, Stati Uniti, e che tale numero non include il numero sconosciuto dei giustiziati in Cina;<\/span><\/li>\n<li style=\"font-style: inherit; font-weight: inherit;\"><span style=\"font-style: inherit; font-weight: inherit;\"> che il mantenimento della pena di morte per traffico di droga \u00e8 in totale contraddizione con le raccomandazioni dell\u2019UNODC [<span style=\"font-style: inherit; font-weight: inherit;\">Ufficio delle Nazioni Unite per il Controllo della Droga e la prevenzione del crimine<\/span><span style=\"font-style: inherit; font-weight: inherit;\">] e con i risultati acclarati nel corso dell\u2019 UNGASS [Sessione Speciale dell\u2019Assemblea Generale delle Nazioni Unite sulle Droghe] dell\u2019aprile 2016 a New York. Infatti gli Stati membri dell\u2019ONU sono d\u2019accordo sul fallimento delle politiche di \u2018lotta alla droga\u2019 fondate solo su visioni repressive;<\/span><\/span><\/li>\n<li style=\"font-style: inherit; font-weight: inherit;\"><span style=\"font-style: inherit; font-weight: inherit;\"> che certi paesi hanno ripreso le esecuzioni dopo lunghe moratorie, come l\u2019Indonesia, il Pakistan e il Ciad;<\/span><\/li>\n<li style=\"font-style: inherit; font-weight: inherit;\"><span style=\"font-style: inherit; font-weight: inherit;\"> che la pena di morte \u00e8 ancora applicate a delinquenti minorenni e a persone con disabilit\u00e0 mentali, che \u00e8 applicata in modo discriminatorio rispetto alle origini etniche, sociali, nazionali o religiose, al colore della pelle e all\u2019orientamento sessuale;<\/span><\/li>\n<li style=\"font-style: inherit; font-weight: inherit;\"><span style=\"font-style: inherit; font-weight: inherit;\"> che molte volte, come diretta conseguenza del loro stato, i reclusi nel braccio della morte soffrono deplorevoli condizioni di detenzione che violano la dignit\u00e0 umana e che spesso costituiscono un trattamento disumano e degradante.<\/span><\/li>\n<\/ul>\n<p style=\"text-align: justify;\">SOTTOLINEANDO LA NECESSIT\u00c0 DI COMPIERE ULTERIORI SIGNIFICATIVI PASSI IN AVANTI VERSO LA COMPLETA E UNIVERSALE ABOLIZIONE DELLA PENA DI MORTE, RIVOLGIAMO I SEGUENTI APPELLI:<\/p>\n<ul style=\"text-align: justify;\">\n<li style=\"font-style: inherit; font-weight: inherit;\"><span style=\"font-style: inherit; font-weight: inherit;\"> <strong style=\"font-style: inherit;\">Alle Organizzazioni intergovernative e alle Organizzazioni Internazionali<\/strong><\/span><span style=\"font-style: inherit; font-weight: inherit;\">: continuino e intensifichino la loro cooperazione con gli Stati e la societ\u00e0 civile per promuovere l\u2019abolizione universale della pena di morte;<\/span><\/li>\n<li style=\"font-style: inherit; font-weight: inherit;\"><span style=\"font-style: inherit; font-weight: inherit;\"> includano le questioni relative alla ritenzione della pena di morte nelle discussioni tra l\u2019UNODC [vedi sopra] e tutti gli stakeholders;<\/span><\/li>\n<li style=\"font-style: inherit; font-weight: inherit;\"><span style=\"font-style: inherit; font-weight: inherit;\"> includano sistematicamente, ogniqualvolta sia rilevante, la pena di morte nel lavoro fatto dai Relatori Speciali delle Nazioni Unite, specialmente sul terrorismo, le esecuzioni extragiudiziali, la tortura, i migranti e la povert\u00e0 estrema;<\/span><\/li>\n<li style=\"font-style: inherit; font-weight: inherit;\"><span style=\"font-style: inherit; font-weight: inherit;\"> adottino, il prima possibile, strumenti regionali, come il Protocollo Addizionale alla Carta Africana dei Diritti Umani e dei Popoli sull\u2019abolizione della pena di morte;<\/span><\/li>\n<\/ul>\n<ul style=\"text-align: justify;\">\n<li><strong style=\"font-style: inherit;\">Agli Stati presenti al Congresso di Oslo<\/strong><span style=\"font-style: inherit; font-weight: inherit;\">:<\/span><\/li>\n<li style=\"font-style: inherit; font-weight: inherit;\"><span style=\"font-style: inherit; font-weight: inherit;\"> mantengano gli impegni presi durante il congresso specialmente l\u2019impegno della Guinea di promulgare un codice penale senza la pena di morte il 1\u00b0 luglio 2016.<\/span><\/li>\n<\/ul>\n<ul style=\"text-align: justify;\">\n<li><strong style=\"font-style: inherit;\">Agli stati ritenzionisti, perch\u00e9 si impegnino:<\/strong><\/li>\n<li style=\"font-style: inherit; font-weight: inherit;\"><span style=\"font-style: inherit; font-weight: inherit;\"> a ridurre drasticamente i crimini passibili di pena di morte nelle loro legislazioni e, nell\u2019immediato futuro, ad abolire la pena di morte obbligatoria l\u00ec dove esiste e discutere soluzioni alternative che riconoscano che ogni persona pu\u00f2 ravvedersi;<\/span><\/li>\n<li style=\"font-style: inherit; font-weight: inherit;\"><span style=\"font-style: inherit; font-weight: inherit;\"> a rispettare la Convenzione Internazionale sui Diritti dei Bambini e a rinunciare alla pena di morte nei riguardi dei minorenni e di coloro che erano minorenni al momento del crimine;<\/span><\/li>\n<li style=\"font-style: inherit; font-weight: inherit;\"><span style=\"font-style: inherit; font-weight: inherit;\"> a raccogliere e a pubblicare regolari, attendibili e indipendenti informazioni sul modo in cui essi applicano la pena di morte e sull\u2019andamento della pubblica opinione riguardo alla pena di morte e alle pene alternative;<\/span><\/li>\n<li style=\"font-style: inherit; font-weight: inherit;\"><span style=\"font-style: inherit; font-weight: inherit;\"> a incamminarsi verso l\u2019abolizione della pena capitale adottando una moratoria sulle sentenze di morte e sulle esecuzioni, in accordo con la risoluzione sulla Moratoria della pena di morte votata dall\u2019Assemblea Generale delle Nazioni unite a partire dal 2007 e a seguire gli 81 paesi che hanno che hanno gi\u00e0 ratificato il Secondo Protocollo Opzionale delle Nazioni Unite al Patto Internazionale sui Diritti Civili e Politici;<\/span><\/li>\n<li style=\"font-style: inherit; font-weight: inherit;\"><span style=\"font-style: inherit; font-weight: inherit;\"> a garantire una competente difesa legale agli indigenti accusati di reati capitali.<\/span><\/li>\n<\/ul>\n<ul style=\"text-align: justify;\">\n<li><strong style=\"font-style: inherit;\">Agli stati abolizionisti<\/strong><span style=\"font-style: inherit; font-weight: inherit;\">, <strong>perch\u00e9 si impegnino:<\/strong><\/span><\/li>\n<li style=\"font-style: inherit; font-weight: inherit;\"><span style=\"font-style: inherit; font-weight: inherit;\"> a dare garanzie, aldil\u00e0 delle dichiarazioni, di azioni concrete e visibili in favore dell\u2019abolizione universale della pena di morte, in specie ponendo sanzioni per le violazioni di tali garanzie riguardo alla ripresa o alla continuazione delle loro relazioni diplomatiche ed economiche con i Paesi ritenzionisti;<\/span><\/li>\n<li style=\"font-style: inherit; font-weight: inherit;\"><span style=\"font-style: inherit; font-weight: inherit;\"> a firmare e ratificare il Secondo Protocollo Opzionale delle Nazioni Unite al Patto Internazionale sui Diritti Civili e Politici;<\/span><\/li>\n<li style=\"font-style: inherit; font-weight: inherit;\"><span style=\"font-style: inherit; font-weight: inherit;\"> di rendere l\u2019aiuto finanziario che essi danno alla lotta internazionale al traffico di droga subordinato alla non applicazione della pena capitale;<\/span><\/li>\n<li style=\"font-style: inherit; font-weight: inherit;\"><span style=\"font-style: inherit; font-weight: inherit;\"> a promuovere e garantire il rispetto dei diritti umani fondamentali nella lotta al terrorismo, inclusa la rinuncia alla pena di morte;<\/span><\/li>\n<li style=\"font-style: inherit; font-weight: inherit;\"><span style=\"font-style: inherit; font-weight: inherit;\"> a sostenere gli attori della societ\u00e0 civile che lavorano per l\u2019abolizione;<\/span><\/li>\n<li style=\"font-style: inherit; font-weight: inherit;\"><span style=\"font-style: inherit; font-weight: inherit;\"> a votare a favore della Risoluzione per la Moratoria universale delle esecuzioni in seno all\u2019Assemblea Generale delle Nazioni Unite nel 2016.<\/span><\/li>\n<\/ul>\n<ul style=\"text-align: justify;\">\n<li><strong style=\"font-style: inherit;\">Ai parlamentari<\/strong><span style=\"font-style: inherit; font-weight: inherit;\">:<\/span><\/li>\n<li style=\"font-style: inherit; font-weight: inherit;\"><span style=\"font-style: inherit; font-weight: inherit;\"> di tutto il mondo, perch\u00e9 si incontrino nelle reti regionali, nazionali e internazionali per portare il dibattito abolizionista nel cuore dei parlamenti ritenzionisti;<\/span><\/li>\n<li style=\"font-style: inherit; font-weight: inherit;\"><span style=\"font-style: inherit; font-weight: inherit;\"> degli Stati abolizionisti, perch\u00e9 aiutino i loro colleghi degli Stati ritenzionisti a proporre leggi abolizioniste.<\/span><\/li>\n<\/ul>\n<p style=\"text-align: justify;\"><strong>Alle Istituzioni nazionali per i Diritti umani<span style=\"font-style: inherit; font-weight: inherit;\">, perch\u00e9 si impegnino<\/span><\/strong>:<\/p>\n<ul style=\"text-align: justify;\">\n<li style=\"font-style: inherit; font-weight: inherit;\"><span style=\"font-style: inherit; font-weight: inherit;\"> a includere sistematicamente la questione della pena di morte nelle loro agende e incoraggiare i rispettivi Stati a votare a favore dell\u2019abolizione della pena di morte nell\u2019Assemblea Generale delle Nazioni Unite nel 2016.<\/span><\/li>\n<\/ul>\n<ul style=\"text-align: justify;\">\n<li><strong style=\"font-style: inherit;\">Nei paesi ritenzionisti<\/strong><span style=\"font-style: inherit; font-weight: inherit;\">:<\/span><\/li>\n<li style=\"font-style: inherit; font-weight: inherit;\"><span style=\"font-style: inherit; font-weight: inherit;\"> agli avvocati, perch\u00e9 tendano ad acquisire la migliore preparazione possibile al fine di difendere al meglio i clienti che rischiano la pena di morte;<\/span><\/li>\n<li style=\"font-style: inherit; font-weight: inherit;\"><span style=\"font-style: inherit; font-weight: inherit;\"> agli accusatori, perch\u00e9 non chiedano la pena di morte;<\/span><\/li>\n<li style=\"font-style: inherit; font-weight: inherit;\"><span style=\"font-style: inherit; font-weight: inherit;\"> ai giudici, perch\u00e9 che esercitino il loro potere discrezionale per non imporre alcuna sentenza capitale e spingano le giurie a fare lo stesso.<\/span><\/li>\n<\/ul>\n<p style=\"text-align: justify;\">\u2013\u00a0<strong style=\"font-style: inherit;\"><span style=\"font-style: inherit; font-weight: inherit;\">Agli operatori economici e culturali<\/span><\/strong><span style=\"font-style: inherit; font-weight: inherit;\">:<\/span><\/p>\n<p style=\"text-align: justify;\">perch\u00e9 rafforzino la loro determinazione di proclamare con vigore che l\u2019applicazione di una punizione \u00a0 arcaica e degradante danneggia lo sviluppo armonioso dell\u2019economia, del turismo, degli scambi culturali.<\/p>\n<ul style=\"text-align: justify;\">\n<li style=\"font-style: inherit; font-weight: inherit;\"><span style=\"font-style: inherit; font-weight: inherit;\"> <strong style=\"font-style: inherit;\">Agli abolizionisti che operano in seno alla societ\u00e0 civile<\/strong><\/span><span style=\"font-style: inherit; font-weight: inherit;\">:<\/span><\/li>\n<li style=\"font-style: inherit; font-weight: inherit;\"><span style=\"font-style: inherit; font-weight: inherit;\"> perch\u00e9 agiscano all\u2019unisono, associandosi alla Coalizione Mondiale Contro la Pena di Morte, per rafforzare le collaborazioni abolizioniste, o ad altre organizzazioni come la Rete delle Universit\u00e0 Contro la Pena di Morte;<\/span><\/li>\n<li style=\"font-style: inherit; font-weight: inherit;\">perch\u00e9 stimolino il raggiungimento della consapevolezza e portino avanti campagne sull\u2019abolizione presso il pubblico, presso i soggetti che prendono decisioni politiche e gli studenti, collegandosi alla rete internazionale educativa e partecipando all\u2019annuale Giornata Mondiale Contro la Pena di Morte del 10 ottobre e alla manifestazione \u201cCitt\u00e0 per la Vita\u201d del 30 novembre.<\/li>\n<\/ul>\n","protected":false},"excerpt":{"rendered":"<p>Dichiarazione\u00a0finale del VI Congresso Mondiale Contro la Pena di Morte Noi, partecipanti al VI Congresso Mondiale Contro la Pena di Morte, organizzato ad Oslo (Norvegia) dal 21 al 23 giugno 2016 da Ensemble Contre la Peine de Mort (ECPM), sponsorizzato&hellip;<\/p>\n","protected":false},"author":1335,"featured_media":346432,"comment_status":"closed","ping_status":"closed","sticky":false,"template":"","format":"standard","meta":{"footnotes":""},"categories":[150,60,38],"tags":[29192,3859,3875,739,29191],"class_list":["post-346390","post","type-post","status-publish","format-standard","has-post-thumbnail","hentry","category-comunicati-stampa","category-diritti-umani","category-internazionale","tag-ensemble-contre-la-peine-de-mort-ecpm","tag-norvegia","tag-oslo-it","tag-pena-di-morte","tag-vi-congresso-mondiale-contro-la-pena-di-morte"],"yoast_head":"<!-- This site is optimized with the Yoast SEO plugin v27.1.1 - https:\/\/yoast.com\/product\/yoast-seo-wordpress\/ -->\n<title>Da Oslo contro la pena capitale<\/title>\n<meta name=\"description\" content=\"Dichiarazione\u00a0finale del VI Congresso Mondiale Contro la Pena di Morte Noi, partecipanti al VI Congresso Mondiale Contro la Pena di Morte, organizzato ad\" \/>\n<meta name=\"robots\" content=\"index, follow, max-snippet:-1, max-image-preview:large, max-video-preview:-1\" \/>\n<link rel=\"canonical\" href=\"https:\/\/www.pressenza.com\/it\/2016\/07\/oslo-la-pena-capitale\/\" \/>\n<meta property=\"og:locale\" content=\"it_IT\" \/>\n<meta property=\"og:type\" content=\"article\" \/>\n<meta property=\"og:title\" content=\"Da Oslo contro la pena capitale\" \/>\n<meta property=\"og:description\" content=\"Dichiarazione\u00a0finale del VI Congresso Mondiale Contro la Pena di Morte Noi, partecipanti al VI Congresso Mondiale Contro la Pena di Morte, organizzato ad\" \/>\n<meta property=\"og:url\" content=\"https:\/\/www.pressenza.com\/it\/2016\/07\/oslo-la-pena-capitale\/\" \/>\n<meta property=\"og:site_name\" content=\"Pressenza\" \/>\n<meta property=\"article:publisher\" content=\"https:\/\/www.facebook.com\/PressenzaItalia\" \/>\n<meta property=\"article:published_time\" content=\"2016-07-26T16:24:59+00:00\" \/>\n<meta property=\"article:modified_time\" content=\"2016-07-27T06:26:12+00:00\" \/>\n<meta property=\"og:image\" content=\"https:\/\/www.pressenza.com\/wp-content\/uploads\/2016\/07\/pena-di-morte-connecticut-1024x682.jpg\" \/>\n\t<meta property=\"og:image:width\" content=\"1024\" \/>\n\t<meta property=\"og:image:height\" content=\"682\" \/>\n\t<meta property=\"og:image:type\" content=\"image\/jpeg\" \/>\n<meta name=\"author\" content=\"La Bottega del Barbieri\" \/>\n<meta name=\"twitter:card\" content=\"summary_large_image\" \/>\n<meta name=\"twitter:creator\" content=\"@PressenzaIPA\" \/>\n<meta name=\"twitter:site\" content=\"@PressenzaIPA\" \/>\n<meta name=\"twitter:label1\" content=\"Scritto da\" \/>\n\t<meta name=\"twitter:data1\" content=\"La Bottega del Barbieri\" \/>\n\t<meta name=\"twitter:label2\" content=\"Tempo di lettura stimato\" \/>\n\t<meta name=\"twitter:data2\" content=\"7 minuti\" \/>\n<script type=\"application\/ld+json\" class=\"yoast-schema-graph\">{\"@context\":\"https:\/\/schema.org\",\"@graph\":[{\"@type\":\"Article\",\"@id\":\"https:\/\/www.pressenza.com\/it\/2016\/07\/oslo-la-pena-capitale\/#article\",\"isPartOf\":{\"@id\":\"https:\/\/www.pressenza.com\/it\/2016\/07\/oslo-la-pena-capitale\/\"},\"author\":{\"name\":\"La Bottega del Barbieri\",\"@id\":\"https:\/\/www.pressenza.com\/it\/#\/schema\/person\/e576885f1ff4ec20998ad9987486da44\"},\"headline\":\"Da Oslo contro la pena capitale\",\"datePublished\":\"2016-07-26T16:24:59+00:00\",\"dateModified\":\"2016-07-27T06:26:12+00:00\",\"mainEntityOfPage\":{\"@id\":\"https:\/\/www.pressenza.com\/it\/2016\/07\/oslo-la-pena-capitale\/\"},\"wordCount\":1406,\"publisher\":{\"@id\":\"https:\/\/www.pressenza.com\/it\/#organization\"},\"image\":{\"@id\":\"https:\/\/www.pressenza.com\/it\/2016\/07\/oslo-la-pena-capitale\/#primaryimage\"},\"thumbnailUrl\":\"https:\/\/www.pressenza.com\/wp-content\/uploads\/2016\/07\/pena-di-morte-connecticut-1024x682.jpg\",\"keywords\":[\"Ensemble Contre la Peine de Mort (ECPM)\",\"Norvegia\",\"Oslo\",\"pena di morte\",\"VI Congresso Mondiale Contro la Pena di Morte\"],\"articleSection\":[\"Comunicati Stampa\",\"Diritti Umani\",\"Internazionale\"],\"inLanguage\":\"it-IT\"},{\"@type\":\"WebPage\",\"@id\":\"https:\/\/www.pressenza.com\/it\/2016\/07\/oslo-la-pena-capitale\/\",\"url\":\"https:\/\/www.pressenza.com\/it\/2016\/07\/oslo-la-pena-capitale\/\",\"name\":\"Da Oslo contro la pena capitale\",\"isPartOf\":{\"@id\":\"https:\/\/www.pressenza.com\/it\/#website\"},\"primaryImageOfPage\":{\"@id\":\"https:\/\/www.pressenza.com\/it\/2016\/07\/oslo-la-pena-capitale\/#primaryimage\"},\"image\":{\"@id\":\"https:\/\/www.pressenza.com\/it\/2016\/07\/oslo-la-pena-capitale\/#primaryimage\"},\"thumbnailUrl\":\"https:\/\/www.pressenza.com\/wp-content\/uploads\/2016\/07\/pena-di-morte-connecticut-1024x682.jpg\",\"datePublished\":\"2016-07-26T16:24:59+00:00\",\"dateModified\":\"2016-07-27T06:26:12+00:00\",\"description\":\"Dichiarazione\u00a0finale del VI Congresso Mondiale Contro la Pena di Morte Noi, partecipanti al VI Congresso Mondiale Contro la Pena di Morte, organizzato ad\",\"breadcrumb\":{\"@id\":\"https:\/\/www.pressenza.com\/it\/2016\/07\/oslo-la-pena-capitale\/#breadcrumb\"},\"inLanguage\":\"it-IT\",\"potentialAction\":[{\"@type\":\"ReadAction\",\"target\":[\"https:\/\/www.pressenza.com\/it\/2016\/07\/oslo-la-pena-capitale\/\"]}]},{\"@type\":\"ImageObject\",\"inLanguage\":\"it-IT\",\"@id\":\"https:\/\/www.pressenza.com\/it\/2016\/07\/oslo-la-pena-capitale\/#primaryimage\",\"url\":\"https:\/\/www.pressenza.com\/wp-content\/uploads\/2016\/07\/pena-di-morte-connecticut-1024x682.jpg\",\"contentUrl\":\"https:\/\/www.pressenza.com\/wp-content\/uploads\/2016\/07\/pena-di-morte-connecticut-1024x682.jpg\",\"width\":1024,\"height\":682},{\"@type\":\"BreadcrumbList\",\"@id\":\"https:\/\/www.pressenza.com\/it\/2016\/07\/oslo-la-pena-capitale\/#breadcrumb\",\"itemListElement\":[{\"@type\":\"ListItem\",\"position\":1,\"name\":\"Accueil\",\"item\":\"https:\/\/www.pressenza.com\/it\/\"},{\"@type\":\"ListItem\",\"position\":2,\"name\":\"Da Oslo contro la pena capitale\"}]},{\"@type\":\"WebSite\",\"@id\":\"https:\/\/www.pressenza.com\/it\/#website\",\"url\":\"https:\/\/www.pressenza.com\/it\/\",\"name\":\"Pressenza\",\"description\":\"Agenzia di Stampa Internazionale\",\"publisher\":{\"@id\":\"https:\/\/www.pressenza.com\/it\/#organization\"},\"potentialAction\":[{\"@type\":\"SearchAction\",\"target\":{\"@type\":\"EntryPoint\",\"urlTemplate\":\"https:\/\/www.pressenza.com\/it\/?s={search_term_string}\"},\"query-input\":{\"@type\":\"PropertyValueSpecification\",\"valueRequired\":true,\"valueName\":\"search_term_string\"}}],\"inLanguage\":\"it-IT\"},{\"@type\":\"Organization\",\"@id\":\"https:\/\/www.pressenza.com\/it\/#organization\",\"name\":\"Pressenza\",\"url\":\"https:\/\/www.pressenza.com\/it\/\",\"logo\":{\"@type\":\"ImageObject\",\"inLanguage\":\"it-IT\",\"@id\":\"https:\/\/www.pressenza.com\/it\/#\/schema\/logo\/image\/\",\"url\":\"https:\/\/www.pressenza.com\/wp-content\/uploads\/2022\/10\/pressenza_logo_200x200.jpg\",\"contentUrl\":\"https:\/\/www.pressenza.com\/wp-content\/uploads\/2022\/10\/pressenza_logo_200x200.jpg\",\"width\":200,\"height\":200,\"caption\":\"Pressenza\"},\"image\":{\"@id\":\"https:\/\/www.pressenza.com\/it\/#\/schema\/logo\/image\/\"},\"sameAs\":[\"https:\/\/www.facebook.com\/PressenzaItalia\",\"https:\/\/x.com\/PressenzaIPA\"]},{\"@type\":\"Person\",\"@id\":\"https:\/\/www.pressenza.com\/it\/#\/schema\/person\/e576885f1ff4ec20998ad9987486da44\",\"name\":\"La Bottega del Barbieri\",\"description\":\"Il Blog di Daniele Barbieri &amp; altr* www.labottegadelbarbieri.org\",\"sameAs\":[\"http:\/\/www.labottegadelbarbieri.org\"],\"url\":\"https:\/\/www.pressenza.com\/it\/author\/la-bottega-del-barbieri\/\"}]}<\/script>\n<!-- \/ Yoast SEO plugin. -->","yoast_head_json":{"title":"Da Oslo contro la pena capitale","description":"Dichiarazione\u00a0finale del VI Congresso Mondiale Contro la Pena di Morte Noi, partecipanti al VI Congresso Mondiale Contro la Pena di Morte, organizzato ad","robots":{"index":"index","follow":"follow","max-snippet":"max-snippet:-1","max-image-preview":"max-image-preview:large","max-video-preview":"max-video-preview:-1"},"canonical":"https:\/\/www.pressenza.com\/it\/2016\/07\/oslo-la-pena-capitale\/","og_locale":"it_IT","og_type":"article","og_title":"Da Oslo contro la pena capitale","og_description":"Dichiarazione\u00a0finale del VI Congresso Mondiale Contro la Pena di Morte Noi, partecipanti al VI Congresso Mondiale Contro la Pena di Morte, organizzato ad","og_url":"https:\/\/www.pressenza.com\/it\/2016\/07\/oslo-la-pena-capitale\/","og_site_name":"Pressenza","article_publisher":"https:\/\/www.facebook.com\/PressenzaItalia","article_published_time":"2016-07-26T16:24:59+00:00","article_modified_time":"2016-07-27T06:26:12+00:00","og_image":[{"width":1024,"height":682,"url":"https:\/\/www.pressenza.com\/wp-content\/uploads\/2016\/07\/pena-di-morte-connecticut-1024x682.jpg","type":"image\/jpeg"}],"author":"La Bottega del Barbieri","twitter_card":"summary_large_image","twitter_creator":"@PressenzaIPA","twitter_site":"@PressenzaIPA","twitter_misc":{"Scritto da":"La Bottega del Barbieri","Tempo di lettura stimato":"7 minuti"},"schema":{"@context":"https:\/\/schema.org","@graph":[{"@type":"Article","@id":"https:\/\/www.pressenza.com\/it\/2016\/07\/oslo-la-pena-capitale\/#article","isPartOf":{"@id":"https:\/\/www.pressenza.com\/it\/2016\/07\/oslo-la-pena-capitale\/"},"author":{"name":"La Bottega del Barbieri","@id":"https:\/\/www.pressenza.com\/it\/#\/schema\/person\/e576885f1ff4ec20998ad9987486da44"},"headline":"Da Oslo contro la pena capitale","datePublished":"2016-07-26T16:24:59+00:00","dateModified":"2016-07-27T06:26:12+00:00","mainEntityOfPage":{"@id":"https:\/\/www.pressenza.com\/it\/2016\/07\/oslo-la-pena-capitale\/"},"wordCount":1406,"publisher":{"@id":"https:\/\/www.pressenza.com\/it\/#organization"},"image":{"@id":"https:\/\/www.pressenza.com\/it\/2016\/07\/oslo-la-pena-capitale\/#primaryimage"},"thumbnailUrl":"https:\/\/www.pressenza.com\/wp-content\/uploads\/2016\/07\/pena-di-morte-connecticut-1024x682.jpg","keywords":["Ensemble Contre la Peine de Mort (ECPM)","Norvegia","Oslo","pena di morte","VI Congresso Mondiale Contro la Pena di Morte"],"articleSection":["Comunicati Stampa","Diritti Umani","Internazionale"],"inLanguage":"it-IT"},{"@type":"WebPage","@id":"https:\/\/www.pressenza.com\/it\/2016\/07\/oslo-la-pena-capitale\/","url":"https:\/\/www.pressenza.com\/it\/2016\/07\/oslo-la-pena-capitale\/","name":"Da Oslo contro la pena capitale","isPartOf":{"@id":"https:\/\/www.pressenza.com\/it\/#website"},"primaryImageOfPage":{"@id":"https:\/\/www.pressenza.com\/it\/2016\/07\/oslo-la-pena-capitale\/#primaryimage"},"image":{"@id":"https:\/\/www.pressenza.com\/it\/2016\/07\/oslo-la-pena-capitale\/#primaryimage"},"thumbnailUrl":"https:\/\/www.pressenza.com\/wp-content\/uploads\/2016\/07\/pena-di-morte-connecticut-1024x682.jpg","datePublished":"2016-07-26T16:24:59+00:00","dateModified":"2016-07-27T06:26:12+00:00","description":"Dichiarazione\u00a0finale del VI Congresso Mondiale Contro la Pena di Morte Noi, partecipanti al VI Congresso Mondiale Contro la Pena di Morte, organizzato ad","breadcrumb":{"@id":"https:\/\/www.pressenza.com\/it\/2016\/07\/oslo-la-pena-capitale\/#breadcrumb"},"inLanguage":"it-IT","potentialAction":[{"@type":"ReadAction","target":["https:\/\/www.pressenza.com\/it\/2016\/07\/oslo-la-pena-capitale\/"]}]},{"@type":"ImageObject","inLanguage":"it-IT","@id":"https:\/\/www.pressenza.com\/it\/2016\/07\/oslo-la-pena-capitale\/#primaryimage","url":"https:\/\/www.pressenza.com\/wp-content\/uploads\/2016\/07\/pena-di-morte-connecticut-1024x682.jpg","contentUrl":"https:\/\/www.pressenza.com\/wp-content\/uploads\/2016\/07\/pena-di-morte-connecticut-1024x682.jpg","width":1024,"height":682},{"@type":"BreadcrumbList","@id":"https:\/\/www.pressenza.com\/it\/2016\/07\/oslo-la-pena-capitale\/#breadcrumb","itemListElement":[{"@type":"ListItem","position":1,"name":"Accueil","item":"https:\/\/www.pressenza.com\/it\/"},{"@type":"ListItem","position":2,"name":"Da Oslo contro la pena capitale"}]},{"@type":"WebSite","@id":"https:\/\/www.pressenza.com\/it\/#website","url":"https:\/\/www.pressenza.com\/it\/","name":"Pressenza","description":"Agenzia di Stampa Internazionale","publisher":{"@id":"https:\/\/www.pressenza.com\/it\/#organization"},"potentialAction":[{"@type":"SearchAction","target":{"@type":"EntryPoint","urlTemplate":"https:\/\/www.pressenza.com\/it\/?s={search_term_string}"},"query-input":{"@type":"PropertyValueSpecification","valueRequired":true,"valueName":"search_term_string"}}],"inLanguage":"it-IT"},{"@type":"Organization","@id":"https:\/\/www.pressenza.com\/it\/#organization","name":"Pressenza","url":"https:\/\/www.pressenza.com\/it\/","logo":{"@type":"ImageObject","inLanguage":"it-IT","@id":"https:\/\/www.pressenza.com\/it\/#\/schema\/logo\/image\/","url":"https:\/\/www.pressenza.com\/wp-content\/uploads\/2022\/10\/pressenza_logo_200x200.jpg","contentUrl":"https:\/\/www.pressenza.com\/wp-content\/uploads\/2022\/10\/pressenza_logo_200x200.jpg","width":200,"height":200,"caption":"Pressenza"},"image":{"@id":"https:\/\/www.pressenza.com\/it\/#\/schema\/logo\/image\/"},"sameAs":["https:\/\/www.facebook.com\/PressenzaItalia","https:\/\/x.com\/PressenzaIPA"]},{"@type":"Person","@id":"https:\/\/www.pressenza.com\/it\/#\/schema\/person\/e576885f1ff4ec20998ad9987486da44","name":"La Bottega del Barbieri","description":"Il Blog di Daniele Barbieri &amp; altr* www.labottegadelbarbieri.org","sameAs":["http:\/\/www.labottegadelbarbieri.org"],"url":"https:\/\/www.pressenza.com\/it\/author\/la-bottega-del-barbieri\/"}]}},"place":"Oslo","original_article_url":"http:\/\/www.labottegadelbarbieri.org\/da-oslo-contro-la-pena-capitale\/","_links":{"self":[{"href":"https:\/\/www.pressenza.com\/it\/wp-json\/wp\/v2\/posts\/346390","targetHints":{"allow":["GET"]}}],"collection":[{"href":"https:\/\/www.pressenza.com\/it\/wp-json\/wp\/v2\/posts"}],"about":[{"href":"https:\/\/www.pressenza.com\/it\/wp-json\/wp\/v2\/types\/post"}],"author":[{"embeddable":true,"href":"https:\/\/www.pressenza.com\/it\/wp-json\/wp\/v2\/users\/1335"}],"replies":[{"embeddable":true,"href":"https:\/\/www.pressenza.com\/it\/wp-json\/wp\/v2\/comments?post=346390"}],"version-history":[{"count":0,"href":"https:\/\/www.pressenza.com\/it\/wp-json\/wp\/v2\/posts\/346390\/revisions"}],"wp:featuredmedia":[{"embeddable":true,"href":"https:\/\/www.pressenza.com\/it\/wp-json\/wp\/v2\/media\/346432"}],"wp:attachment":[{"href":"https:\/\/www.pressenza.com\/it\/wp-json\/wp\/v2\/media?parent=346390"}],"wp:term":[{"taxonomy":"category","embeddable":true,"href":"https:\/\/www.pressenza.com\/it\/wp-json\/wp\/v2\/categories?post=346390"},{"taxonomy":"post_tag","embeddable":true,"href":"https:\/\/www.pressenza.com\/it\/wp-json\/wp\/v2\/tags?post=346390"}],"curies":[{"name":"wp","href":"https:\/\/api.w.org\/{rel}","templated":true}]}}