{"id":34516,"date":"2013-01-22T13:58:06","date_gmt":"2013-01-22T13:58:06","guid":{"rendered":"http:\/\/www.pressenza.com\/?p=34516"},"modified":"2013-02-13T19:52:42","modified_gmt":"2013-02-13T19:52:42","slug":"art-11-pace-e-nonviolenza-a-pistoia","status":"publish","type":"post","link":"https:\/\/www.pressenza.com\/it\/2013\/01\/art-11-pace-e-nonviolenza-a-pistoia\/","title":{"rendered":"ART-11: pace e nonviolenza a Pistoia"},"content":{"rendered":"<p>Il progetto &#8220;Art-11&#8221; nasce dall\u2019 interesse e dalla necessit\u00e0, condivisi da varie realt\u00e0 associative pistoiesi, di sensibilizzare la societ\u00e0 sui temi della Pace e della Nonviolenza. Quale miglior \u201cpretesto\u201d, dunque, se non quello di prendere come punto di partenza il 2 ottobre, \u201cGiornata Internazionale per la Pace e la Nonviolenza\u201d istituita dall&#8217; ONU?<\/p>\n<p>Il Movimento Umanista gi\u00e0 da diversi anni festeggia questa giornata in tutto il mondo e anche a Pistoia, insieme a molte associazioni della citt\u00e0.<\/p>\n<p>Anche quest\u2019anno abbiamo creato una rete fra organizzazioni ed abbiamo costruito insieme un programma contenente iniziative culturali, sociali e di rivendicazione di diritti. Il tema comune \u00e8 la Nonviolenza: Pace e Nonviolenza sono infatti il comune denominatore delle diverse attivit\u00e0 di cui le associazioni aderenti si occupano, pur agendo esse in settori apparentemente lontani fra loro.<\/p>\n<p>Il programma di eventi \u00e8 iniziato il 2 ottobre 2012 e proseguir\u00e0 fino a primavera inoltrata del 2013; \u00e8 da sottolineare che, oltre agli eventi gi\u00e0 in calendario, ve ne sono altri da calendarizzare e allo stesso tempo associazioni che si vanno inserendo. In definitiva \u00e8 un programma in costruzione: questo d\u00e0 la misura dell&#8217;interesse che la proposta ha suscitato fra tante organizzazioni di volontariato e associazioni culturali presenti in citt\u00e0 e provincia.<\/p>\n<p>Eventi passati&#8230;<\/p>\n<p>Dopo la conferenza di Olivier Turquet, tenutasi il 2 ottobre presso la biblioteca San Giorgio come evento di apertura, il 12 ottobre abbiamo avuto la serata meditativa organizzata dall&#8217;associazione di promozione sociale <em>TrasformAzione<\/em> , con una lettura di brani sulla pace e la nonviolenza e brani dalla proposta di Pace 2012 di Daisaku Ikeda. Il giorno dopo, una splendida camminata meditativa attraverso le vie del centro, a cura del G <em>ruppo Sangha di Pistoia nella tradizione di Thich Nhat Hanh<\/em> .<\/p>\n<p>Sempre nel mese di ottobre, il 16 ed il 24, il <em>Gruppo Esperantista di Pistoia \u201cUmberto Stoppoloni\u201d<\/em> ci ha offerto <em>Due passi nella cultura<\/em> , conferenze a cura del Dott. Romano Bolognesi: <em>La meridiana di Cassini nella cattedrale di San Petronio a Bologna &#8211; la nonviolenza delle idee al tempo di Galileo<\/em> e <em>Esperanto, pace e nonviolenza &#8211; la saggezza popolare attraverso proverbi e detti di tutto il mondo<\/em> .<\/p>\n<p>Le attivit\u00e0 sono proseguite il 6 dicembre con un incontro con la sociologa Emma Viviani, che ci ha parlato di <em>Presenti e passati in una societ\u00e0 che ha fiducia nell&#8217;uomo<\/em> . Durante la serata sono stati presentati due film, <em>Frammenti<\/em> , prodotto da Araba Fenice onlus di Viareggio e Artins Production, regia di Massimiliano Guelfi e Andrea David Farnocchia, e <em>Sereno anche domani<\/em> , un film sul volontariato di Giuseppe Golisano, prodotto dal Laboratorio Toscano ANS.<br \/>\nVenerd\u00ec 11 gennaio il <em>Comitato pistoiese per la Palestina<\/em> ha inaugurato la mostra fotografica \u2013 allestita presso i locali della biblioteca San Giorgio dal 9 al 19 gennaio &#8211; <em>Palestina ieri e oggi<\/em> , con la proiezione di <em>Tomorrow&#8217;s land<\/em> , film di Andrea Mariani e Nicola Zambelli sulla resistenza nonviolenta in alcuni villaggi palestinesi.<\/p>\n<p align=\"LEFT\"><span style=\"color: #000000;\">\u2026 <span style=\"font-family: Times New Roman,serif;\"><span style=\"font-size: medium;\">ed eventi futuri<\/span><\/span><\/span><\/p>\n<p>&#8211; venerd\u00ec 25 gennaio ore 21, presso Pianeta M\u00e8los, via dei Macelli, 11, Pistoia: KATTIVERIA,spettacolo work in progress di LIBEREPAZZEDONNE TEATRO<\/p>\n<p>KATTIVERIA-aggressivit\u00e0, invidia, provocazione del dolore, guerra, rabbia, sofferenza, forza, determinazione, sopraffazione, energia, sicurezza, durezza, lotta, conflitto, gelosia\u2026 e\u2026 nel processo trasformativo\u2026. dolcezza, accoglienza, amore, perdono, chiarezza, gioia, debolezza, stanchezza, solidariet\u00e0, con-passione, unione, amicizia, cura, cuore.<\/p>\n<p>Regia di Ornella Marini; con Stefania Conti, Mariella Noci, Helga Maestrini, Anna Parisi<br \/>\n&#8211; venerd\u00ec 15 febbraio ore 16,00, auditorium Terzani, Biblioteca San Giorgio:<\/p>\n<p><em>Pareti di vetro per abbattere il soffitto di cristallo. L&#8217; informazione e la cultura liberano dalla violenza, in tutto il mondo<\/em> &#8211; a cura di <em>Legambiente Pistoia<\/em> . Interventi di Daniela Sgambellone ( <em>Legambiente<\/em> ), Federica Taddei ( <em>Centro Aiutodonna<\/em> ), Grazia Frisina, scrittrice.<\/p>\n<p>&#8211; venerd\u00ec 22 febbraio, auditorium Terzani, biblioteca San Giorgio: incontro con Antonio Sammartino, Garante dei diritti dei detenuti del carcere diPistoia Giustizia e diritti<\/p>\n<p><em>Descrizione della situazione carceraria in Italia e problematiche connesse, descrizione<\/em><\/p>\n<p><em>della situazione carceraria a Pistoia<\/em> . <em>Testimonianze e possibili proposte. <\/em> Interverranno inoltre Giuliano Capecchi ( <em>associazione Liberarsi<\/em> ),Adriano Mancini (associazione <em>Il delfino<\/em> ), Alessandra Pastore ( <em>Libera Pistoia<\/em><span style=\"color: #222222;\"><span style=\"font-family: arial,sans-serif;\"><span style=\"font-size: small;\">).<\/span><\/span><\/span><\/p>\n<p>Le iniziative proseguiranno a marzo, aprile e maggio con altri appuntamenti ed altre associazioni.<\/p>\n<p>ART-11 \u00e8 promosso da<\/p>\n<p>Centro Studi Umanisti Toscana \u201cTi Con Zero\u201d \u2013 Associazione di promozione sociale \u201cTrasformAzione\u201d \u2013 Comitato di Quartiere delle Casermette \u2013 A.N.P.I. Sezione Gherardini di Pistoia &#8211; Gruppo Esperantista Pistoiese \u201cUmberto Stoppoloni\u201d &#8211; Centro Studi e Documentazione sull&#8217;Handicap di Pistoia \u2013 Associazione Araba Fenice di Viareggio \u2013 Associazione Incontriamoci sull&#8217;Arno Centro Documentazione Bauhaus \u2013 Comitato Pistoiese per la Palestina \u2013 Legambiente \u2013 Compagnia teatrale Sesamo e Cartamo \u2013 Centro studi e documentazione sulle popolazioni di origine nomade \u2013 Gruppo Sangha di Pistoia, nella tradizione di Tich Nhat Hanh \u2013 Lunatikos, performance teatrale interattiva \u2013 Liberepazzedonne Teatro \u2013 Laboratorio Toscano ANS di Scienze Sociali, Comunicazione e Marketing &#8211; Movimento Ecologisti e Reti Civiche, ARCI \u2013 Circolo tematico \u201cLa Torre\u201d &#8211; Antonio Sammartino, Garante dei diritti dei detenuti del carcere di Pistoia \u2013 Grazia Frisina e Dea Capisani, scrittrici &#8211; Ornella Marini, attrice<\/p>\n<p>con la co-promozione del Comune di Pistoia<br \/>\nPer informazioni<\/p>\n<p align=\"LEFT\"><span style=\"color: #000080;\"><span style=\"text-decoration: underline;\"><a href=\"http:\/\/www.facebook.com\/art11nonviolenzaepace?fref=ts\"><span style=\"font-family: Times New Roman,serif;\"><span style=\"font-size: medium;\">http:\/\/www.facebook.com\/art11nonviolenzaepace?fref=ts<\/span><\/span><\/a><\/span><\/span><\/p>\n<p align=\"LEFT\"><span style=\"color: #000080;\"><span style=\"text-decoration: underline;\"><a href=\"http:\/\/art11blog.wordpress.com\/2012\/10\/02\/pace-e-nonviolenza-a-pistoia\/\"><span style=\"font-family: Times New Roman,serif;\"><span style=\"font-size: medium;\">http:\/\/art11blog.wordpress.com\/2012\/10\/02\/pace-e-nonviolenza-a-pistoia\/<\/span><\/span><\/a><\/span><\/span><\/p>\n","protected":false},"excerpt":{"rendered":"<p>Il progetto &#8220;Art-11&#8221; nasce dall\u2019 interesse e dalla necessit\u00e0, condivisi da varie realt\u00e0 associative pistoiesi, di sensibilizzare la societ\u00e0 sui temi della Pace e della Nonviolenza. Quale miglior \u201cpretesto\u201d, dunque, se non quello di prendere come punto di partenza il&hellip;<\/p>\n","protected":false},"author":594,"featured_media":34518,"comment_status":"closed","ping_status":"open","sticky":false,"template":"","format":"standard","meta":{"footnotes":""},"categories":[1262,1263],"tags":[719,1062,460],"class_list":["post-34516","post","type-post","status-publish","format-standard","has-post-thumbnail","hentry","category-nonviolenza-argomento","category-pace-disarmo","tag-2-ottobre","tag-centro-studi-umanisti","tag-nonviolenza"],"yoast_head":"<!-- This site is optimized with the Yoast SEO plugin v27.1.1 - https:\/\/yoast.com\/product\/yoast-seo-wordpress\/ -->\n<title>ART-11: pace e nonviolenza a Pistoia<\/title>\n<meta name=\"description\" content=\"Il progetto &quot;Art-11&quot; nasce dall\u2019 interesse e dalla necessit\u00e0, condivisi da varie realt\u00e0 associative pistoiesi, di sensibilizzare la societ\u00e0 sui temi della\" \/>\n<meta name=\"robots\" content=\"index, follow, max-snippet:-1, max-image-preview:large, max-video-preview:-1\" \/>\n<link rel=\"canonical\" href=\"https:\/\/www.pressenza.com\/it\/2013\/01\/art-11-pace-e-nonviolenza-a-pistoia\/\" \/>\n<meta property=\"og:locale\" content=\"it_IT\" \/>\n<meta property=\"og:type\" content=\"article\" \/>\n<meta property=\"og:title\" content=\"ART-11: pace e nonviolenza a Pistoia\" \/>\n<meta property=\"og:description\" content=\"Il progetto &quot;Art-11&quot; nasce dall\u2019 interesse e dalla necessit\u00e0, condivisi da varie realt\u00e0 associative pistoiesi, di sensibilizzare la societ\u00e0 sui temi della\" \/>\n<meta property=\"og:url\" content=\"https:\/\/www.pressenza.com\/it\/2013\/01\/art-11-pace-e-nonviolenza-a-pistoia\/\" \/>\n<meta property=\"og:site_name\" content=\"Pressenza\" \/>\n<meta property=\"article:publisher\" content=\"https:\/\/www.facebook.com\/PressenzaItalia\" \/>\n<meta property=\"article:author\" content=\"https:\/\/www.facebook.com\/PressenzaItalia\" \/>\n<meta property=\"article:published_time\" content=\"2013-01-22T13:58:06+00:00\" \/>\n<meta property=\"article:modified_time\" content=\"2013-02-13T19:52:42+00:00\" \/>\n<meta property=\"og:image\" content=\"https:\/\/www.pressenza.com\/wp-content\/uploads\/2013\/01\/pistoia2ottobre.jpg\" \/>\n\t<meta property=\"og:image:width\" content=\"1000\" \/>\n\t<meta property=\"og:image:height\" content=\"665\" \/>\n\t<meta property=\"og:image:type\" content=\"image\/jpeg\" \/>\n<meta name=\"author\" content=\"Redazione Italia\" \/>\n<meta name=\"twitter:card\" content=\"summary_large_image\" \/>\n<meta name=\"twitter:creator\" content=\"@pressenza_it\" \/>\n<meta name=\"twitter:site\" content=\"@PressenzaIPA\" \/>\n<meta name=\"twitter:label1\" content=\"Scritto da\" \/>\n\t<meta name=\"twitter:data1\" content=\"Redazione Italia\" \/>\n\t<meta name=\"twitter:label2\" content=\"Tempo di lettura stimato\" \/>\n\t<meta name=\"twitter:data2\" content=\"4 minuti\" \/>\n<script type=\"application\/ld+json\" class=\"yoast-schema-graph\">{\"@context\":\"https:\/\/schema.org\",\"@graph\":[{\"@type\":\"Article\",\"@id\":\"https:\/\/www.pressenza.com\/it\/2013\/01\/art-11-pace-e-nonviolenza-a-pistoia\/#article\",\"isPartOf\":{\"@id\":\"https:\/\/www.pressenza.com\/it\/2013\/01\/art-11-pace-e-nonviolenza-a-pistoia\/\"},\"author\":{\"name\":\"Redazione Italia\",\"@id\":\"https:\/\/www.pressenza.com\/it\/#\/schema\/person\/d983e81827ae24f2c7b1a2123d197f8d\"},\"headline\":\"ART-11: pace e nonviolenza a Pistoia\",\"datePublished\":\"2013-01-22T13:58:06+00:00\",\"dateModified\":\"2013-02-13T19:52:42+00:00\",\"mainEntityOfPage\":{\"@id\":\"https:\/\/www.pressenza.com\/it\/2013\/01\/art-11-pace-e-nonviolenza-a-pistoia\/\"},\"wordCount\":820,\"publisher\":{\"@id\":\"https:\/\/www.pressenza.com\/it\/#organization\"},\"image\":{\"@id\":\"https:\/\/www.pressenza.com\/it\/2013\/01\/art-11-pace-e-nonviolenza-a-pistoia\/#primaryimage\"},\"thumbnailUrl\":\"https:\/\/www.pressenza.com\/wp-content\/uploads\/2013\/01\/pistoia2ottobre.jpg\",\"keywords\":[\"2 ottobre\",\"Centro studi Umanisti\",\"nonviolenza\"],\"articleSection\":[\"Nonviolenza\",\"Pace e Disarmo\"],\"inLanguage\":\"it-IT\"},{\"@type\":\"WebPage\",\"@id\":\"https:\/\/www.pressenza.com\/it\/2013\/01\/art-11-pace-e-nonviolenza-a-pistoia\/\",\"url\":\"https:\/\/www.pressenza.com\/it\/2013\/01\/art-11-pace-e-nonviolenza-a-pistoia\/\",\"name\":\"ART-11: pace e nonviolenza a Pistoia\",\"isPartOf\":{\"@id\":\"https:\/\/www.pressenza.com\/it\/#website\"},\"primaryImageOfPage\":{\"@id\":\"https:\/\/www.pressenza.com\/it\/2013\/01\/art-11-pace-e-nonviolenza-a-pistoia\/#primaryimage\"},\"image\":{\"@id\":\"https:\/\/www.pressenza.com\/it\/2013\/01\/art-11-pace-e-nonviolenza-a-pistoia\/#primaryimage\"},\"thumbnailUrl\":\"https:\/\/www.pressenza.com\/wp-content\/uploads\/2013\/01\/pistoia2ottobre.jpg\",\"datePublished\":\"2013-01-22T13:58:06+00:00\",\"dateModified\":\"2013-02-13T19:52:42+00:00\",\"description\":\"Il progetto \\\"Art-11\\\" nasce dall\u2019 interesse e dalla necessit\u00e0, condivisi da varie realt\u00e0 associative pistoiesi, di sensibilizzare la societ\u00e0 sui temi della\",\"breadcrumb\":{\"@id\":\"https:\/\/www.pressenza.com\/it\/2013\/01\/art-11-pace-e-nonviolenza-a-pistoia\/#breadcrumb\"},\"inLanguage\":\"it-IT\",\"potentialAction\":[{\"@type\":\"ReadAction\",\"target\":[\"https:\/\/www.pressenza.com\/it\/2013\/01\/art-11-pace-e-nonviolenza-a-pistoia\/\"]}]},{\"@type\":\"ImageObject\",\"inLanguage\":\"it-IT\",\"@id\":\"https:\/\/www.pressenza.com\/it\/2013\/01\/art-11-pace-e-nonviolenza-a-pistoia\/#primaryimage\",\"url\":\"https:\/\/www.pressenza.com\/wp-content\/uploads\/2013\/01\/pistoia2ottobre.jpg\",\"contentUrl\":\"https:\/\/www.pressenza.com\/wp-content\/uploads\/2013\/01\/pistoia2ottobre.jpg\",\"width\":\"1000\",\"height\":\"665\"},{\"@type\":\"BreadcrumbList\",\"@id\":\"https:\/\/www.pressenza.com\/it\/2013\/01\/art-11-pace-e-nonviolenza-a-pistoia\/#breadcrumb\",\"itemListElement\":[{\"@type\":\"ListItem\",\"position\":1,\"name\":\"Accueil\",\"item\":\"https:\/\/www.pressenza.com\/it\/\"},{\"@type\":\"ListItem\",\"position\":2,\"name\":\"ART-11: pace e nonviolenza a Pistoia\"}]},{\"@type\":\"WebSite\",\"@id\":\"https:\/\/www.pressenza.com\/it\/#website\",\"url\":\"https:\/\/www.pressenza.com\/it\/\",\"name\":\"Pressenza\",\"description\":\"Agenzia di Stampa Internazionale\",\"publisher\":{\"@id\":\"https:\/\/www.pressenza.com\/it\/#organization\"},\"potentialAction\":[{\"@type\":\"SearchAction\",\"target\":{\"@type\":\"EntryPoint\",\"urlTemplate\":\"https:\/\/www.pressenza.com\/it\/?s={search_term_string}\"},\"query-input\":{\"@type\":\"PropertyValueSpecification\",\"valueRequired\":true,\"valueName\":\"search_term_string\"}}],\"inLanguage\":\"it-IT\"},{\"@type\":\"Organization\",\"@id\":\"https:\/\/www.pressenza.com\/it\/#organization\",\"name\":\"Pressenza\",\"url\":\"https:\/\/www.pressenza.com\/it\/\",\"logo\":{\"@type\":\"ImageObject\",\"inLanguage\":\"it-IT\",\"@id\":\"https:\/\/www.pressenza.com\/it\/#\/schema\/logo\/image\/\",\"url\":\"https:\/\/www.pressenza.com\/wp-content\/uploads\/2022\/10\/pressenza_logo_200x200.jpg\",\"contentUrl\":\"https:\/\/www.pressenza.com\/wp-content\/uploads\/2022\/10\/pressenza_logo_200x200.jpg\",\"width\":200,\"height\":200,\"caption\":\"Pressenza\"},\"image\":{\"@id\":\"https:\/\/www.pressenza.com\/it\/#\/schema\/logo\/image\/\"},\"sameAs\":[\"https:\/\/www.facebook.com\/PressenzaItalia\",\"https:\/\/x.com\/PressenzaIPA\"]},{\"@type\":\"Person\",\"@id\":\"https:\/\/www.pressenza.com\/it\/#\/schema\/person\/d983e81827ae24f2c7b1a2123d197f8d\",\"name\":\"Redazione Italia\",\"description\":\"News from the Pressenza Bureau in Italy\",\"sameAs\":[\"https:\/\/www.pressenza.com\/it\/author\/redazione-italia\/\",\"https:\/\/www.facebook.com\/PressenzaItalia\",\"https:\/\/www.instagram.com\/pressenza_italia\/\",\"https:\/\/x.com\/pressenza_it\",\"https:\/\/www.youtube.com\/channel\/UCSalEIWjE1RSxkwjfftFuqg\"],\"url\":\"https:\/\/www.pressenza.com\/it\/author\/redazione-italia\/\"}]}<\/script>\n<!-- \/ Yoast SEO plugin. -->","yoast_head_json":{"title":"ART-11: pace e nonviolenza a Pistoia","description":"Il progetto \"Art-11\" nasce dall\u2019 interesse e dalla necessit\u00e0, condivisi da varie realt\u00e0 associative pistoiesi, di sensibilizzare la societ\u00e0 sui temi della","robots":{"index":"index","follow":"follow","max-snippet":"max-snippet:-1","max-image-preview":"max-image-preview:large","max-video-preview":"max-video-preview:-1"},"canonical":"https:\/\/www.pressenza.com\/it\/2013\/01\/art-11-pace-e-nonviolenza-a-pistoia\/","og_locale":"it_IT","og_type":"article","og_title":"ART-11: pace e nonviolenza a Pistoia","og_description":"Il progetto \"Art-11\" nasce dall\u2019 interesse e dalla necessit\u00e0, condivisi da varie realt\u00e0 associative pistoiesi, di sensibilizzare la societ\u00e0 sui temi della","og_url":"https:\/\/www.pressenza.com\/it\/2013\/01\/art-11-pace-e-nonviolenza-a-pistoia\/","og_site_name":"Pressenza","article_publisher":"https:\/\/www.facebook.com\/PressenzaItalia","article_author":"https:\/\/www.facebook.com\/PressenzaItalia","article_published_time":"2013-01-22T13:58:06+00:00","article_modified_time":"2013-02-13T19:52:42+00:00","og_image":[{"width":1000,"height":665,"url":"https:\/\/www.pressenza.com\/wp-content\/uploads\/2013\/01\/pistoia2ottobre.jpg","type":"image\/jpeg"}],"author":"Redazione Italia","twitter_card":"summary_large_image","twitter_creator":"@pressenza_it","twitter_site":"@PressenzaIPA","twitter_misc":{"Scritto da":"Redazione Italia","Tempo di lettura stimato":"4 minuti"},"schema":{"@context":"https:\/\/schema.org","@graph":[{"@type":"Article","@id":"https:\/\/www.pressenza.com\/it\/2013\/01\/art-11-pace-e-nonviolenza-a-pistoia\/#article","isPartOf":{"@id":"https:\/\/www.pressenza.com\/it\/2013\/01\/art-11-pace-e-nonviolenza-a-pistoia\/"},"author":{"name":"Redazione Italia","@id":"https:\/\/www.pressenza.com\/it\/#\/schema\/person\/d983e81827ae24f2c7b1a2123d197f8d"},"headline":"ART-11: pace e nonviolenza a Pistoia","datePublished":"2013-01-22T13:58:06+00:00","dateModified":"2013-02-13T19:52:42+00:00","mainEntityOfPage":{"@id":"https:\/\/www.pressenza.com\/it\/2013\/01\/art-11-pace-e-nonviolenza-a-pistoia\/"},"wordCount":820,"publisher":{"@id":"https:\/\/www.pressenza.com\/it\/#organization"},"image":{"@id":"https:\/\/www.pressenza.com\/it\/2013\/01\/art-11-pace-e-nonviolenza-a-pistoia\/#primaryimage"},"thumbnailUrl":"https:\/\/www.pressenza.com\/wp-content\/uploads\/2013\/01\/pistoia2ottobre.jpg","keywords":["2 ottobre","Centro studi Umanisti","nonviolenza"],"articleSection":["Nonviolenza","Pace e Disarmo"],"inLanguage":"it-IT"},{"@type":"WebPage","@id":"https:\/\/www.pressenza.com\/it\/2013\/01\/art-11-pace-e-nonviolenza-a-pistoia\/","url":"https:\/\/www.pressenza.com\/it\/2013\/01\/art-11-pace-e-nonviolenza-a-pistoia\/","name":"ART-11: pace e nonviolenza a Pistoia","isPartOf":{"@id":"https:\/\/www.pressenza.com\/it\/#website"},"primaryImageOfPage":{"@id":"https:\/\/www.pressenza.com\/it\/2013\/01\/art-11-pace-e-nonviolenza-a-pistoia\/#primaryimage"},"image":{"@id":"https:\/\/www.pressenza.com\/it\/2013\/01\/art-11-pace-e-nonviolenza-a-pistoia\/#primaryimage"},"thumbnailUrl":"https:\/\/www.pressenza.com\/wp-content\/uploads\/2013\/01\/pistoia2ottobre.jpg","datePublished":"2013-01-22T13:58:06+00:00","dateModified":"2013-02-13T19:52:42+00:00","description":"Il progetto \"Art-11\" nasce dall\u2019 interesse e dalla necessit\u00e0, condivisi da varie realt\u00e0 associative pistoiesi, di sensibilizzare la societ\u00e0 sui temi della","breadcrumb":{"@id":"https:\/\/www.pressenza.com\/it\/2013\/01\/art-11-pace-e-nonviolenza-a-pistoia\/#breadcrumb"},"inLanguage":"it-IT","potentialAction":[{"@type":"ReadAction","target":["https:\/\/www.pressenza.com\/it\/2013\/01\/art-11-pace-e-nonviolenza-a-pistoia\/"]}]},{"@type":"ImageObject","inLanguage":"it-IT","@id":"https:\/\/www.pressenza.com\/it\/2013\/01\/art-11-pace-e-nonviolenza-a-pistoia\/#primaryimage","url":"https:\/\/www.pressenza.com\/wp-content\/uploads\/2013\/01\/pistoia2ottobre.jpg","contentUrl":"https:\/\/www.pressenza.com\/wp-content\/uploads\/2013\/01\/pistoia2ottobre.jpg","width":"1000","height":"665"},{"@type":"BreadcrumbList","@id":"https:\/\/www.pressenza.com\/it\/2013\/01\/art-11-pace-e-nonviolenza-a-pistoia\/#breadcrumb","itemListElement":[{"@type":"ListItem","position":1,"name":"Accueil","item":"https:\/\/www.pressenza.com\/it\/"},{"@type":"ListItem","position":2,"name":"ART-11: pace e nonviolenza a Pistoia"}]},{"@type":"WebSite","@id":"https:\/\/www.pressenza.com\/it\/#website","url":"https:\/\/www.pressenza.com\/it\/","name":"Pressenza","description":"Agenzia di Stampa Internazionale","publisher":{"@id":"https:\/\/www.pressenza.com\/it\/#organization"},"potentialAction":[{"@type":"SearchAction","target":{"@type":"EntryPoint","urlTemplate":"https:\/\/www.pressenza.com\/it\/?s={search_term_string}"},"query-input":{"@type":"PropertyValueSpecification","valueRequired":true,"valueName":"search_term_string"}}],"inLanguage":"it-IT"},{"@type":"Organization","@id":"https:\/\/www.pressenza.com\/it\/#organization","name":"Pressenza","url":"https:\/\/www.pressenza.com\/it\/","logo":{"@type":"ImageObject","inLanguage":"it-IT","@id":"https:\/\/www.pressenza.com\/it\/#\/schema\/logo\/image\/","url":"https:\/\/www.pressenza.com\/wp-content\/uploads\/2022\/10\/pressenza_logo_200x200.jpg","contentUrl":"https:\/\/www.pressenza.com\/wp-content\/uploads\/2022\/10\/pressenza_logo_200x200.jpg","width":200,"height":200,"caption":"Pressenza"},"image":{"@id":"https:\/\/www.pressenza.com\/it\/#\/schema\/logo\/image\/"},"sameAs":["https:\/\/www.facebook.com\/PressenzaItalia","https:\/\/x.com\/PressenzaIPA"]},{"@type":"Person","@id":"https:\/\/www.pressenza.com\/it\/#\/schema\/person\/d983e81827ae24f2c7b1a2123d197f8d","name":"Redazione Italia","description":"News from the Pressenza Bureau in Italy","sameAs":["https:\/\/www.pressenza.com\/it\/author\/redazione-italia\/","https:\/\/www.facebook.com\/PressenzaItalia","https:\/\/www.instagram.com\/pressenza_italia\/","https:\/\/x.com\/pressenza_it","https:\/\/www.youtube.com\/channel\/UCSalEIWjE1RSxkwjfftFuqg"],"url":"https:\/\/www.pressenza.com\/it\/author\/redazione-italia\/"}]}},"place":"","original_article_url":"","_links":{"self":[{"href":"https:\/\/www.pressenza.com\/it\/wp-json\/wp\/v2\/posts\/34516","targetHints":{"allow":["GET"]}}],"collection":[{"href":"https:\/\/www.pressenza.com\/it\/wp-json\/wp\/v2\/posts"}],"about":[{"href":"https:\/\/www.pressenza.com\/it\/wp-json\/wp\/v2\/types\/post"}],"author":[{"embeddable":true,"href":"https:\/\/www.pressenza.com\/it\/wp-json\/wp\/v2\/users\/594"}],"replies":[{"embeddable":true,"href":"https:\/\/www.pressenza.com\/it\/wp-json\/wp\/v2\/comments?post=34516"}],"version-history":[{"count":0,"href":"https:\/\/www.pressenza.com\/it\/wp-json\/wp\/v2\/posts\/34516\/revisions"}],"wp:featuredmedia":[{"embeddable":true,"href":"https:\/\/www.pressenza.com\/it\/wp-json\/wp\/v2\/media\/34518"}],"wp:attachment":[{"href":"https:\/\/www.pressenza.com\/it\/wp-json\/wp\/v2\/media?parent=34516"}],"wp:term":[{"taxonomy":"category","embeddable":true,"href":"https:\/\/www.pressenza.com\/it\/wp-json\/wp\/v2\/categories?post=34516"},{"taxonomy":"post_tag","embeddable":true,"href":"https:\/\/www.pressenza.com\/it\/wp-json\/wp\/v2\/tags?post=34516"}],"curies":[{"name":"wp","href":"https:\/\/api.w.org\/{rel}","templated":true}]}}