{"id":343543,"date":"2016-07-20T08:43:26","date_gmt":"2016-07-20T07:43:26","guid":{"rendered":"http:\/\/www.pressenza.com\/it\/?p=343543"},"modified":"2016-07-20T19:40:41","modified_gmt":"2016-07-20T18:40:41","slug":"la-carovana-la-grecia-prepara-proteste-incontra-rifugiati","status":"publish","type":"post","link":"https:\/\/www.pressenza.com\/it\/2016\/07\/la-carovana-la-grecia-prepara-proteste-incontra-rifugiati\/","title":{"rendered":"La Carovana per la Grecia prepara proteste e incontra i rifugiati"},"content":{"rendered":"<p>Il 19 luglio la Carovana per la Grecia ha vissuto una giornata intensa a Salonicco. Oltre alle assemblee e ai preparativi per le proteste dei prossimi giorni, gli attivisti hanno incontrato i rifugiati nel porto della citt\u00e0 e nel vicino campo di Oreokastro.<\/p>\n<p><strong>Proteste in Grecia<\/strong><\/p>\n<p>Le azioni rivendicative della Carovana per la Grecia cominciano mercoled\u00ec 20 luglio; la mattina di marted\u00ec 19, i partecipanti alle assemblee del No Border Camp si sono divisi in commissioni, oltre a unirsi a una protesta\u00a0di massa davanti all\u2019ambasciata tedesca.<\/p>\n<p>Mercoled\u00ec \u00e8 prevista anche una\u00a0protesta in\u00a0uno dei centri di detenzione della zona, con l\u2019obiettivo di esigere la chiusura di questi centri in Grecia e nel resto d\u2019Europa. Essi negano infatti i diritti fondamentali dei migranti e li pongono in situazioni di estrema vulnerabilit\u00e0.<\/p>\n<p>Gioved\u00ec alle 18 si terr\u00e0 una manifestazione nel centro di Salonicco. La Carovana ha deciso di appoggiare la protesta e di sottolineare il suo rifiuto della tratta e della violenza sessuale contro donne e bambine.<\/p>\n<p><strong>La situazione dei rifugiati nella zona di Salonicco <\/strong><\/p>\n<p>La Carovana si \u00e8 divisa in gruppi per visitare il porto di Salonicco e il campo di Oreokastro, con l\u2019obiettivo di invitare i rifugiati agli eventi dei prossimi giorni e di conoscere la situazione in cui vivono.<\/p>\n<p>\u201cAspettano da quattro mesi che gli dicano qualcosa. Hanno gi\u00e0 fatto la pre-registrazione, ma non li ricollocano e dicono che li trasferiranno. Loro per\u00f2 non vogliono andare in campi lontani; preferiscono rimanere vicino alla citt\u00e0\u201d spiega Chiqui.<\/p>\n<p>In questo senso, le famiglie\u00a0sono contrarie al trasferimento, perch\u00e9 la situazione nella maggioranza dei campi \u00e8 precaria per la scarsit\u00e0 di acqua, cibo e docce. Inoltre in genere sono lontani dalle citt\u00e0 e dai paesi e privi di mezzi di trasporto pubblici. Varie persone hanno cominciato uno sciopero della fame per poter rimanere nel porto.<\/p>\n<p><strong>Il campo di Oreokastro<\/strong><\/p>\n<p>Un altro gruppo della Carovana si \u00e8 recato con membri di No Border al campo di Oreokastro, al\u00a0nord di Salonicco. \u201cVolevamo parlare con i profughi, far loro capire che non sono soli e che ci sono persone preoccupate per la loro situazione\u201d, ha raccontato Richi Valderrama, membro di un gruppo di Castilla y Le\u00f3n.\u00a0In questo campo vivono circa 1.400 persone (secondo i dati di\u00a0<a href=\"https:\/\/www.google.com\/maps\/d\/viewer?mid=1aLf1td-FxunVIe_y1pz_eLHx4RA\">RefugeesGR Map<\/a>).<\/p>\n<p><a href=\"https:\/\/www.facebook.com\/caravanagrecia\/?fref=ts\">https:\/\/www.facebook.com\/caravanagrecia\/?fref=ts<\/a><\/p>\n<p><img loading=\"lazy\" decoding=\"async\" class=\"aligncenter wp-image-343544 size-large\" src=\"http:\/\/www.pressenza.com\/wp-content\/uploads\/2016\/07\/campo-Oreokastro-720x540.jpg\" alt=\"campo Oreokastro\" width=\"720\" height=\"540\" srcset=\"https:\/\/www.pressenza.com\/wp-content\/uploads\/2016\/07\/campo-Oreokastro-720x540.jpg 720w, https:\/\/www.pressenza.com\/wp-content\/uploads\/2016\/07\/campo-Oreokastro-300x225.jpg 300w, https:\/\/www.pressenza.com\/wp-content\/uploads\/2016\/07\/campo-Oreokastro-768x576.jpg 768w, https:\/\/www.pressenza.com\/wp-content\/uploads\/2016\/07\/campo-Oreokastro.jpg 1080w\" sizes=\"auto, (max-width: 720px) 100vw, 720px\" \/><\/p>\n<p>Bambini che giocano nel campo di Oreokastro, foto di\u00a0Richi Valderrama<\/p>\n<p>Il 20 luglio si \u00e8 tenuta una manifestazione a <strong>Paranesti, di fronte al Centro di detenzione,<\/strong> per chiedere di rispettare i diritti umani delle persone imprigionate l\u00e0 illegalmente. Una commissione di 20 persone \u00e8 entrata nel centro e ha potuto parlare con i rifugiati, che hanno raccontato le pessime condizioni in cui sono costretti a vivere ed espresso frustrazioni e necessit\u00e0.<\/p>\n<p><img loading=\"lazy\" decoding=\"async\" class=\"aligncenter wp-image-343787 size-large\" src=\"http:\/\/www.pressenza.com\/wp-content\/uploads\/2016\/07\/corteo2-720x405.jpg\" alt=\"corteo2\" width=\"720\" height=\"405\" srcset=\"https:\/\/www.pressenza.com\/wp-content\/uploads\/2016\/07\/corteo2-720x405.jpg 720w, https:\/\/www.pressenza.com\/wp-content\/uploads\/2016\/07\/corteo2-300x169.jpg 300w, https:\/\/www.pressenza.com\/wp-content\/uploads\/2016\/07\/corteo2-768x432.jpg 768w, https:\/\/www.pressenza.com\/wp-content\/uploads\/2016\/07\/corteo2-750x422.jpg 750w, https:\/\/www.pressenza.com\/wp-content\/uploads\/2016\/07\/corteo2.jpg 960w\" sizes=\"auto, (max-width: 720px) 100vw, 720px\" \/><\/p>\n<p>&nbsp;<\/p>\n<p><img loading=\"lazy\" decoding=\"async\" class=\"aligncenter wp-image-343773 size-large\" src=\"http:\/\/www.pressenza.com\/wp-content\/uploads\/2016\/07\/corteo-720x405.jpg\" alt=\"corteo\" width=\"720\" height=\"405\" srcset=\"https:\/\/www.pressenza.com\/wp-content\/uploads\/2016\/07\/corteo-720x405.jpg 720w, https:\/\/www.pressenza.com\/wp-content\/uploads\/2016\/07\/corteo-300x169.jpg 300w, https:\/\/www.pressenza.com\/wp-content\/uploads\/2016\/07\/corteo-768x432.jpg 768w, https:\/\/www.pressenza.com\/wp-content\/uploads\/2016\/07\/corteo-750x422.jpg 750w, https:\/\/www.pressenza.com\/wp-content\/uploads\/2016\/07\/corteo.jpg 960w\" sizes=\"auto, (max-width: 720px) 100vw, 720px\" \/><\/p>\n<p>&nbsp;<\/p>\n<p><img loading=\"lazy\" decoding=\"async\" class=\"aligncenter wp-image-343780 size-large\" src=\"http:\/\/www.pressenza.com\/wp-content\/uploads\/2016\/07\/corteo1-720x405.jpg\" alt=\"corteo1\" width=\"720\" height=\"405\" srcset=\"https:\/\/www.pressenza.com\/wp-content\/uploads\/2016\/07\/corteo1-720x405.jpg 720w, https:\/\/www.pressenza.com\/wp-content\/uploads\/2016\/07\/corteo1-300x169.jpg 300w, https:\/\/www.pressenza.com\/wp-content\/uploads\/2016\/07\/corteo1-768x432.jpg 768w, https:\/\/www.pressenza.com\/wp-content\/uploads\/2016\/07\/corteo1-750x422.jpg 750w, https:\/\/www.pressenza.com\/wp-content\/uploads\/2016\/07\/corteo1.jpg 960w\" sizes=\"auto, (max-width: 720px) 100vw, 720px\" \/><\/p>\n","protected":false},"excerpt":{"rendered":"<p>Il 19 luglio la Carovana per la Grecia ha vissuto una giornata intensa a Salonicco. Oltre alle assemblee e ai preparativi per le proteste dei prossimi giorni, gli attivisti hanno incontrato i rifugiati nel porto della citt\u00e0 e nel vicino&hellip;<\/p>\n","protected":false},"author":594,"featured_media":343551,"comment_status":"closed","ping_status":"closed","sticky":false,"template":"","format":"standard","meta":{"footnotes":""},"categories":[60,47],"tags":[28725,3420,28977],"class_list":["post-343543","post","type-post","status-publish","format-standard","has-post-thumbnail","hentry","category-diritti-umani","category-europa","tag-carovana-per-la-grecia","tag-rifugiati","tag-salonicco"],"yoast_head":"<!-- This site is optimized with the Yoast SEO plugin v27.1.1 - https:\/\/yoast.com\/product\/yoast-seo-wordpress\/ -->\n<title>La Carovana per la Grecia prepara proteste e incontra i rifugiati<\/title>\n<meta name=\"description\" content=\"Il 19 luglio la Carovana per la Grecia ha vissuto una giornata intensa a Salonicco. Oltre alle assemblee e ai preparativi per le proteste dei prossimi\" \/>\n<meta name=\"robots\" content=\"index, follow, max-snippet:-1, max-image-preview:large, max-video-preview:-1\" \/>\n<link rel=\"canonical\" href=\"https:\/\/www.pressenza.com\/it\/2016\/07\/la-carovana-la-grecia-prepara-proteste-incontra-rifugiati\/\" \/>\n<meta property=\"og:locale\" content=\"it_IT\" \/>\n<meta property=\"og:type\" content=\"article\" \/>\n<meta property=\"og:title\" content=\"La Carovana per la Grecia prepara proteste e incontra i rifugiati\" \/>\n<meta property=\"og:description\" content=\"Il 19 luglio la Carovana per la Grecia ha vissuto una giornata intensa a Salonicco. Oltre alle assemblee e ai preparativi per le proteste dei prossimi\" \/>\n<meta property=\"og:url\" content=\"https:\/\/www.pressenza.com\/it\/2016\/07\/la-carovana-la-grecia-prepara-proteste-incontra-rifugiati\/\" \/>\n<meta property=\"og:site_name\" content=\"Pressenza\" \/>\n<meta property=\"article:publisher\" content=\"https:\/\/www.facebook.com\/PressenzaItalia\" \/>\n<meta property=\"article:author\" content=\"https:\/\/www.facebook.com\/PressenzaItalia\" \/>\n<meta property=\"article:published_time\" content=\"2016-07-20T07:43:26+00:00\" \/>\n<meta property=\"article:modified_time\" content=\"2016-07-20T18:40:41+00:00\" \/>\n<meta property=\"og:image\" content=\"https:\/\/www.pressenza.com\/wp-content\/uploads\/2016\/07\/asamblea-no-border-e1468964170353.jpg\" \/>\n\t<meta property=\"og:image:width\" content=\"800\" \/>\n\t<meta property=\"og:image:height\" content=\"533\" \/>\n\t<meta property=\"og:image:type\" content=\"image\/jpeg\" \/>\n<meta name=\"author\" content=\"Redazione Italia\" \/>\n<meta name=\"twitter:card\" content=\"summary_large_image\" \/>\n<meta name=\"twitter:creator\" content=\"@pressenza_it\" \/>\n<meta name=\"twitter:site\" content=\"@PressenzaIPA\" \/>\n<meta name=\"twitter:label1\" content=\"Scritto da\" \/>\n\t<meta name=\"twitter:data1\" content=\"Redazione Italia\" \/>\n\t<meta name=\"twitter:label2\" content=\"Tempo di lettura stimato\" \/>\n\t<meta name=\"twitter:data2\" content=\"2 minuti\" \/>\n<script type=\"application\/ld+json\" class=\"yoast-schema-graph\">{\"@context\":\"https:\/\/schema.org\",\"@graph\":[{\"@type\":\"Article\",\"@id\":\"https:\/\/www.pressenza.com\/it\/2016\/07\/la-carovana-la-grecia-prepara-proteste-incontra-rifugiati\/#article\",\"isPartOf\":{\"@id\":\"https:\/\/www.pressenza.com\/it\/2016\/07\/la-carovana-la-grecia-prepara-proteste-incontra-rifugiati\/\"},\"author\":{\"name\":\"Redazione Italia\",\"@id\":\"https:\/\/www.pressenza.com\/it\/#\/schema\/person\/d983e81827ae24f2c7b1a2123d197f8d\"},\"headline\":\"La Carovana per la Grecia prepara proteste e incontra i rifugiati\",\"datePublished\":\"2016-07-20T07:43:26+00:00\",\"dateModified\":\"2016-07-20T18:40:41+00:00\",\"mainEntityOfPage\":{\"@id\":\"https:\/\/www.pressenza.com\/it\/2016\/07\/la-carovana-la-grecia-prepara-proteste-incontra-rifugiati\/\"},\"wordCount\":461,\"publisher\":{\"@id\":\"https:\/\/www.pressenza.com\/it\/#organization\"},\"image\":{\"@id\":\"https:\/\/www.pressenza.com\/it\/2016\/07\/la-carovana-la-grecia-prepara-proteste-incontra-rifugiati\/#primaryimage\"},\"thumbnailUrl\":\"https:\/\/www.pressenza.com\/wp-content\/uploads\/2016\/07\/asamblea-no-border-e1468964170353.jpg\",\"keywords\":[\"carovana per la Grecia\",\"rifugiati\",\"Salonicco\"],\"articleSection\":[\"Diritti Umani\",\"Europa\"],\"inLanguage\":\"it-IT\"},{\"@type\":\"WebPage\",\"@id\":\"https:\/\/www.pressenza.com\/it\/2016\/07\/la-carovana-la-grecia-prepara-proteste-incontra-rifugiati\/\",\"url\":\"https:\/\/www.pressenza.com\/it\/2016\/07\/la-carovana-la-grecia-prepara-proteste-incontra-rifugiati\/\",\"name\":\"La Carovana per la Grecia prepara proteste e incontra i rifugiati\",\"isPartOf\":{\"@id\":\"https:\/\/www.pressenza.com\/it\/#website\"},\"primaryImageOfPage\":{\"@id\":\"https:\/\/www.pressenza.com\/it\/2016\/07\/la-carovana-la-grecia-prepara-proteste-incontra-rifugiati\/#primaryimage\"},\"image\":{\"@id\":\"https:\/\/www.pressenza.com\/it\/2016\/07\/la-carovana-la-grecia-prepara-proteste-incontra-rifugiati\/#primaryimage\"},\"thumbnailUrl\":\"https:\/\/www.pressenza.com\/wp-content\/uploads\/2016\/07\/asamblea-no-border-e1468964170353.jpg\",\"datePublished\":\"2016-07-20T07:43:26+00:00\",\"dateModified\":\"2016-07-20T18:40:41+00:00\",\"description\":\"Il 19 luglio la Carovana per la Grecia ha vissuto una giornata intensa a Salonicco. Oltre alle assemblee e ai preparativi per le proteste dei prossimi\",\"breadcrumb\":{\"@id\":\"https:\/\/www.pressenza.com\/it\/2016\/07\/la-carovana-la-grecia-prepara-proteste-incontra-rifugiati\/#breadcrumb\"},\"inLanguage\":\"it-IT\",\"potentialAction\":[{\"@type\":\"ReadAction\",\"target\":[\"https:\/\/www.pressenza.com\/it\/2016\/07\/la-carovana-la-grecia-prepara-proteste-incontra-rifugiati\/\"]}]},{\"@type\":\"ImageObject\",\"inLanguage\":\"it-IT\",\"@id\":\"https:\/\/www.pressenza.com\/it\/2016\/07\/la-carovana-la-grecia-prepara-proteste-incontra-rifugiati\/#primaryimage\",\"url\":\"https:\/\/www.pressenza.com\/wp-content\/uploads\/2016\/07\/asamblea-no-border-e1468964170353.jpg\",\"contentUrl\":\"https:\/\/www.pressenza.com\/wp-content\/uploads\/2016\/07\/asamblea-no-border-e1468964170353.jpg\",\"width\":800,\"height\":533},{\"@type\":\"BreadcrumbList\",\"@id\":\"https:\/\/www.pressenza.com\/it\/2016\/07\/la-carovana-la-grecia-prepara-proteste-incontra-rifugiati\/#breadcrumb\",\"itemListElement\":[{\"@type\":\"ListItem\",\"position\":1,\"name\":\"Accueil\",\"item\":\"https:\/\/www.pressenza.com\/it\/\"},{\"@type\":\"ListItem\",\"position\":2,\"name\":\"La Carovana per la Grecia prepara proteste e incontra i rifugiati\"}]},{\"@type\":\"WebSite\",\"@id\":\"https:\/\/www.pressenza.com\/it\/#website\",\"url\":\"https:\/\/www.pressenza.com\/it\/\",\"name\":\"Pressenza\",\"description\":\"Agenzia di Stampa Internazionale\",\"publisher\":{\"@id\":\"https:\/\/www.pressenza.com\/it\/#organization\"},\"potentialAction\":[{\"@type\":\"SearchAction\",\"target\":{\"@type\":\"EntryPoint\",\"urlTemplate\":\"https:\/\/www.pressenza.com\/it\/?s={search_term_string}\"},\"query-input\":{\"@type\":\"PropertyValueSpecification\",\"valueRequired\":true,\"valueName\":\"search_term_string\"}}],\"inLanguage\":\"it-IT\"},{\"@type\":\"Organization\",\"@id\":\"https:\/\/www.pressenza.com\/it\/#organization\",\"name\":\"Pressenza\",\"url\":\"https:\/\/www.pressenza.com\/it\/\",\"logo\":{\"@type\":\"ImageObject\",\"inLanguage\":\"it-IT\",\"@id\":\"https:\/\/www.pressenza.com\/it\/#\/schema\/logo\/image\/\",\"url\":\"https:\/\/www.pressenza.com\/wp-content\/uploads\/2022\/10\/pressenza_logo_200x200.jpg\",\"contentUrl\":\"https:\/\/www.pressenza.com\/wp-content\/uploads\/2022\/10\/pressenza_logo_200x200.jpg\",\"width\":200,\"height\":200,\"caption\":\"Pressenza\"},\"image\":{\"@id\":\"https:\/\/www.pressenza.com\/it\/#\/schema\/logo\/image\/\"},\"sameAs\":[\"https:\/\/www.facebook.com\/PressenzaItalia\",\"https:\/\/x.com\/PressenzaIPA\"]},{\"@type\":\"Person\",\"@id\":\"https:\/\/www.pressenza.com\/it\/#\/schema\/person\/d983e81827ae24f2c7b1a2123d197f8d\",\"name\":\"Redazione Italia\",\"description\":\"News from the Pressenza Bureau in Italy\",\"sameAs\":[\"https:\/\/www.pressenza.com\/it\/author\/redazione-italia\/\",\"https:\/\/www.facebook.com\/PressenzaItalia\",\"https:\/\/www.instagram.com\/pressenza_italia\/\",\"https:\/\/x.com\/pressenza_it\",\"https:\/\/www.youtube.com\/channel\/UCSalEIWjE1RSxkwjfftFuqg\"],\"url\":\"https:\/\/www.pressenza.com\/it\/author\/redazione-italia\/\"}]}<\/script>\n<!-- \/ Yoast SEO plugin. -->","yoast_head_json":{"title":"La Carovana per la Grecia prepara proteste e incontra i rifugiati","description":"Il 19 luglio la Carovana per la Grecia ha vissuto una giornata intensa a Salonicco. Oltre alle assemblee e ai preparativi per le proteste dei prossimi","robots":{"index":"index","follow":"follow","max-snippet":"max-snippet:-1","max-image-preview":"max-image-preview:large","max-video-preview":"max-video-preview:-1"},"canonical":"https:\/\/www.pressenza.com\/it\/2016\/07\/la-carovana-la-grecia-prepara-proteste-incontra-rifugiati\/","og_locale":"it_IT","og_type":"article","og_title":"La Carovana per la Grecia prepara proteste e incontra i rifugiati","og_description":"Il 19 luglio la Carovana per la Grecia ha vissuto una giornata intensa a Salonicco. Oltre alle assemblee e ai preparativi per le proteste dei prossimi","og_url":"https:\/\/www.pressenza.com\/it\/2016\/07\/la-carovana-la-grecia-prepara-proteste-incontra-rifugiati\/","og_site_name":"Pressenza","article_publisher":"https:\/\/www.facebook.com\/PressenzaItalia","article_author":"https:\/\/www.facebook.com\/PressenzaItalia","article_published_time":"2016-07-20T07:43:26+00:00","article_modified_time":"2016-07-20T18:40:41+00:00","og_image":[{"width":800,"height":533,"url":"https:\/\/www.pressenza.com\/wp-content\/uploads\/2016\/07\/asamblea-no-border-e1468964170353.jpg","type":"image\/jpeg"}],"author":"Redazione Italia","twitter_card":"summary_large_image","twitter_creator":"@pressenza_it","twitter_site":"@PressenzaIPA","twitter_misc":{"Scritto da":"Redazione Italia","Tempo di lettura stimato":"2 minuti"},"schema":{"@context":"https:\/\/schema.org","@graph":[{"@type":"Article","@id":"https:\/\/www.pressenza.com\/it\/2016\/07\/la-carovana-la-grecia-prepara-proteste-incontra-rifugiati\/#article","isPartOf":{"@id":"https:\/\/www.pressenza.com\/it\/2016\/07\/la-carovana-la-grecia-prepara-proteste-incontra-rifugiati\/"},"author":{"name":"Redazione Italia","@id":"https:\/\/www.pressenza.com\/it\/#\/schema\/person\/d983e81827ae24f2c7b1a2123d197f8d"},"headline":"La Carovana per la Grecia prepara proteste e incontra i rifugiati","datePublished":"2016-07-20T07:43:26+00:00","dateModified":"2016-07-20T18:40:41+00:00","mainEntityOfPage":{"@id":"https:\/\/www.pressenza.com\/it\/2016\/07\/la-carovana-la-grecia-prepara-proteste-incontra-rifugiati\/"},"wordCount":461,"publisher":{"@id":"https:\/\/www.pressenza.com\/it\/#organization"},"image":{"@id":"https:\/\/www.pressenza.com\/it\/2016\/07\/la-carovana-la-grecia-prepara-proteste-incontra-rifugiati\/#primaryimage"},"thumbnailUrl":"https:\/\/www.pressenza.com\/wp-content\/uploads\/2016\/07\/asamblea-no-border-e1468964170353.jpg","keywords":["carovana per la Grecia","rifugiati","Salonicco"],"articleSection":["Diritti Umani","Europa"],"inLanguage":"it-IT"},{"@type":"WebPage","@id":"https:\/\/www.pressenza.com\/it\/2016\/07\/la-carovana-la-grecia-prepara-proteste-incontra-rifugiati\/","url":"https:\/\/www.pressenza.com\/it\/2016\/07\/la-carovana-la-grecia-prepara-proteste-incontra-rifugiati\/","name":"La Carovana per la Grecia prepara proteste e incontra i rifugiati","isPartOf":{"@id":"https:\/\/www.pressenza.com\/it\/#website"},"primaryImageOfPage":{"@id":"https:\/\/www.pressenza.com\/it\/2016\/07\/la-carovana-la-grecia-prepara-proteste-incontra-rifugiati\/#primaryimage"},"image":{"@id":"https:\/\/www.pressenza.com\/it\/2016\/07\/la-carovana-la-grecia-prepara-proteste-incontra-rifugiati\/#primaryimage"},"thumbnailUrl":"https:\/\/www.pressenza.com\/wp-content\/uploads\/2016\/07\/asamblea-no-border-e1468964170353.jpg","datePublished":"2016-07-20T07:43:26+00:00","dateModified":"2016-07-20T18:40:41+00:00","description":"Il 19 luglio la Carovana per la Grecia ha vissuto una giornata intensa a Salonicco. Oltre alle assemblee e ai preparativi per le proteste dei prossimi","breadcrumb":{"@id":"https:\/\/www.pressenza.com\/it\/2016\/07\/la-carovana-la-grecia-prepara-proteste-incontra-rifugiati\/#breadcrumb"},"inLanguage":"it-IT","potentialAction":[{"@type":"ReadAction","target":["https:\/\/www.pressenza.com\/it\/2016\/07\/la-carovana-la-grecia-prepara-proteste-incontra-rifugiati\/"]}]},{"@type":"ImageObject","inLanguage":"it-IT","@id":"https:\/\/www.pressenza.com\/it\/2016\/07\/la-carovana-la-grecia-prepara-proteste-incontra-rifugiati\/#primaryimage","url":"https:\/\/www.pressenza.com\/wp-content\/uploads\/2016\/07\/asamblea-no-border-e1468964170353.jpg","contentUrl":"https:\/\/www.pressenza.com\/wp-content\/uploads\/2016\/07\/asamblea-no-border-e1468964170353.jpg","width":800,"height":533},{"@type":"BreadcrumbList","@id":"https:\/\/www.pressenza.com\/it\/2016\/07\/la-carovana-la-grecia-prepara-proteste-incontra-rifugiati\/#breadcrumb","itemListElement":[{"@type":"ListItem","position":1,"name":"Accueil","item":"https:\/\/www.pressenza.com\/it\/"},{"@type":"ListItem","position":2,"name":"La Carovana per la Grecia prepara proteste e incontra i rifugiati"}]},{"@type":"WebSite","@id":"https:\/\/www.pressenza.com\/it\/#website","url":"https:\/\/www.pressenza.com\/it\/","name":"Pressenza","description":"Agenzia di Stampa Internazionale","publisher":{"@id":"https:\/\/www.pressenza.com\/it\/#organization"},"potentialAction":[{"@type":"SearchAction","target":{"@type":"EntryPoint","urlTemplate":"https:\/\/www.pressenza.com\/it\/?s={search_term_string}"},"query-input":{"@type":"PropertyValueSpecification","valueRequired":true,"valueName":"search_term_string"}}],"inLanguage":"it-IT"},{"@type":"Organization","@id":"https:\/\/www.pressenza.com\/it\/#organization","name":"Pressenza","url":"https:\/\/www.pressenza.com\/it\/","logo":{"@type":"ImageObject","inLanguage":"it-IT","@id":"https:\/\/www.pressenza.com\/it\/#\/schema\/logo\/image\/","url":"https:\/\/www.pressenza.com\/wp-content\/uploads\/2022\/10\/pressenza_logo_200x200.jpg","contentUrl":"https:\/\/www.pressenza.com\/wp-content\/uploads\/2022\/10\/pressenza_logo_200x200.jpg","width":200,"height":200,"caption":"Pressenza"},"image":{"@id":"https:\/\/www.pressenza.com\/it\/#\/schema\/logo\/image\/"},"sameAs":["https:\/\/www.facebook.com\/PressenzaItalia","https:\/\/x.com\/PressenzaIPA"]},{"@type":"Person","@id":"https:\/\/www.pressenza.com\/it\/#\/schema\/person\/d983e81827ae24f2c7b1a2123d197f8d","name":"Redazione Italia","description":"News from the Pressenza Bureau in Italy","sameAs":["https:\/\/www.pressenza.com\/it\/author\/redazione-italia\/","https:\/\/www.facebook.com\/PressenzaItalia","https:\/\/www.instagram.com\/pressenza_italia\/","https:\/\/x.com\/pressenza_it","https:\/\/www.youtube.com\/channel\/UCSalEIWjE1RSxkwjfftFuqg"],"url":"https:\/\/www.pressenza.com\/it\/author\/redazione-italia\/"}]}},"place":"","original_article_url":"","_links":{"self":[{"href":"https:\/\/www.pressenza.com\/it\/wp-json\/wp\/v2\/posts\/343543","targetHints":{"allow":["GET"]}}],"collection":[{"href":"https:\/\/www.pressenza.com\/it\/wp-json\/wp\/v2\/posts"}],"about":[{"href":"https:\/\/www.pressenza.com\/it\/wp-json\/wp\/v2\/types\/post"}],"author":[{"embeddable":true,"href":"https:\/\/www.pressenza.com\/it\/wp-json\/wp\/v2\/users\/594"}],"replies":[{"embeddable":true,"href":"https:\/\/www.pressenza.com\/it\/wp-json\/wp\/v2\/comments?post=343543"}],"version-history":[{"count":0,"href":"https:\/\/www.pressenza.com\/it\/wp-json\/wp\/v2\/posts\/343543\/revisions"}],"wp:featuredmedia":[{"embeddable":true,"href":"https:\/\/www.pressenza.com\/it\/wp-json\/wp\/v2\/media\/343551"}],"wp:attachment":[{"href":"https:\/\/www.pressenza.com\/it\/wp-json\/wp\/v2\/media?parent=343543"}],"wp:term":[{"taxonomy":"category","embeddable":true,"href":"https:\/\/www.pressenza.com\/it\/wp-json\/wp\/v2\/categories?post=343543"},{"taxonomy":"post_tag","embeddable":true,"href":"https:\/\/www.pressenza.com\/it\/wp-json\/wp\/v2\/tags?post=343543"}],"curies":[{"name":"wp","href":"https:\/\/api.w.org\/{rel}","templated":true}]}}