{"id":341241,"date":"2016-07-14T16:04:47","date_gmt":"2016-07-14T15:04:47","guid":{"rendered":"http:\/\/www.pressenza.com\/it\/?p=341241"},"modified":"2016-07-14T16:04:47","modified_gmt":"2016-07-14T15:04:47","slug":"publiacqua-basta-sprechi-danni-alla-collettivita","status":"publish","type":"post","link":"https:\/\/www.pressenza.com\/it\/2016\/07\/publiacqua-basta-sprechi-danni-alla-collettivita\/","title":{"rendered":"Publiacqua. Basta sprechi e danni alla collettivit\u00e0"},"content":{"rendered":"<p><strong>Cittadini e lavoratori uniti per una gestione equa, democratica e partecipata<\/strong><\/p>\n<p>Il Forum Toscano dei Movimenti per l&#8217;Acqua accoglie con pieno favore l&#8217;iniziativa lanciata dai lavoratori e dalle lavoratrici di Publiacqua, di un &#8220;semestre rosso&#8221;, per sostenere e rilanciare una migliore gestione del servizio, e quindi condizioni di lavoro eque, rispettose della dignit\u00e0 e dei diritti di chi opera in prima persona nell&#8217;azienda idrica.<\/p>\n<p>Il disastro di Lungarno Torrigiani, a Firenze, ha mostrato al mondo intero quale possa essere il risultato di politiche e pratiche gestionali votate solo alla produzione di utili. S\u00ec, perch\u00e8 anche quest&#8217;anno sono mancati investimenti e interventi indispensabili nel territorio gestisto da Publiacqua, ma non sono mancati gli utili: 20 milioni, spartiti tra i soci pubblici e privati.<\/p>\n<p>Una voragine nel cuore della citt\u00e0-capoluogo, ma in tutte le zone servite da Publiacqua si tocca con mano quanto sia peggiorata la qualit\u00e0 dell&#8217;acqua, quanto inquinanti di ogni genere la rendano pericolosa per la salute umana e dell&#8217;ambiente, quanto una risorsa vitale sia sprecata grazie a reti colabrodo e a manutenzioni non fatte. Per non dire di fognatura e depurazione, talvolta inesistenti, spesso inefficienti e addirittura fonti di inquinamento, in tanti casi.<\/p>\n<p>E, ancora, quante ingiustizie e vessazioni siano perpetrate a danno dei cittadini, pure costretti a pagare tariffe esose per un servizio sempre pi\u00f9 scadente.<\/p>\n<p>E&#8217; una stessa unica logica quella che grava e danneggia la collettivit\u00e0 intera: la logica del mercato e del profitto, la logica dello sfruttamento, della speculazione&#8230;<\/p>\n<p>D&#8217;altra parte, registriamo negli amministratori locali, nonch\u00e9 soci di Publiacqua, solo compiacenze e favori nei confronti del socio privato: l&#8217;unico a dettare legge, l&#8217;unico a segnare e manovrare la gestione aziendale, in base al proprio esclusivo tornaconto. Anche per il futuro, a scadenza della convenzione, si sta preparando il terreno, impunemente.<\/p>\n<p>Come cittadini, sosterremo le iniziative del &#8220;semestre rosso&#8221;, a cominciare dallo sciopero indetto per il prossimo 18\/07. Fianco a fianco con le lavoratrici e i lavoratori di Publiacqua. E, di pi\u00f9, siamo pronti a creare altri interventi che ci troveranno comunque uniti.<\/p>\n<p>S\u00ec, l&#8217;orizzonte \u00e8 il medesimo, \u00e8 quello che nel 2011 ha portato alla grande vittoria referendaria. E&#8217; una gestione del servizio idrico in cui cittadini e lavoratori siano protagonisti negli indirizzi e nei controlli: una gestione dell&#8217;acqua, equa, democratica e partecipata.<\/p>\n<p>Forum Toscano dei Movimenti per l&#8217;Acqua<\/p>\n","protected":false},"excerpt":{"rendered":"<p>Cittadini e lavoratori uniti per una gestione equa, democratica e partecipata Il Forum Toscano dei Movimenti per l&#8217;Acqua accoglie con pieno favore l&#8217;iniziativa lanciata dai lavoratori e dalle lavoratrici di Publiacqua, di un &#8220;semestre rosso&#8221;, per sostenere e rilanciare una&hellip;<\/p>\n","protected":false},"author":594,"featured_media":341242,"comment_status":"closed","ping_status":"closed","sticky":false,"template":"","format":"standard","meta":{"footnotes":""},"categories":[150,59,47,55],"tags":[1644,28802,718,4789],"class_list":["post-341241","post","type-post","status-publish","format-standard","has-post-thumbnail","hentry","category-comunicati-stampa","category-ambiente-ecologia","category-europa","category-politica","tag-acqua-pubblica","tag-forum-movimenti-per-lacqua","tag-privatizzazione","tag-publiacqua"],"yoast_head":"<!-- This site is optimized with the Yoast SEO plugin v27.1.1 - https:\/\/yoast.com\/product\/yoast-seo-wordpress\/ -->\n<title>Publiacqua. Basta sprechi e danni alla collettivit\u00e0<\/title>\n<meta name=\"description\" content=\"Cittadini e lavoratori uniti per una gestione equa, democratica e partecipata Il Forum Toscano dei Movimenti per l&#039;Acqua accoglie con pieno favore\" \/>\n<meta name=\"robots\" content=\"index, follow, max-snippet:-1, max-image-preview:large, max-video-preview:-1\" \/>\n<link rel=\"canonical\" href=\"https:\/\/www.pressenza.com\/it\/2016\/07\/publiacqua-basta-sprechi-danni-alla-collettivita\/\" \/>\n<meta property=\"og:locale\" content=\"it_IT\" \/>\n<meta property=\"og:type\" content=\"article\" \/>\n<meta property=\"og:title\" content=\"Publiacqua. Basta sprechi e danni alla collettivit\u00e0\" \/>\n<meta property=\"og:description\" content=\"Cittadini e lavoratori uniti per una gestione equa, democratica e partecipata Il Forum Toscano dei Movimenti per l&#039;Acqua accoglie con pieno favore\" \/>\n<meta property=\"og:url\" content=\"https:\/\/www.pressenza.com\/it\/2016\/07\/publiacqua-basta-sprechi-danni-alla-collettivita\/\" \/>\n<meta property=\"og:site_name\" content=\"Pressenza\" \/>\n<meta property=\"article:publisher\" content=\"https:\/\/www.facebook.com\/PressenzaItalia\" \/>\n<meta property=\"article:author\" content=\"https:\/\/www.facebook.com\/PressenzaItalia\" \/>\n<meta property=\"article:published_time\" content=\"2016-07-14T15:04:47+00:00\" \/>\n<meta property=\"og:image\" content=\"https:\/\/www.pressenza.com\/wp-content\/uploads\/2016\/07\/d-2.jpg\" \/>\n\t<meta property=\"og:image:width\" content=\"800\" \/>\n\t<meta property=\"og:image:height\" content=\"684\" \/>\n\t<meta property=\"og:image:type\" content=\"image\/jpeg\" \/>\n<meta name=\"author\" content=\"Redazione Italia\" \/>\n<meta name=\"twitter:card\" content=\"summary_large_image\" \/>\n<meta name=\"twitter:creator\" content=\"@pressenza_it\" \/>\n<meta name=\"twitter:site\" content=\"@PressenzaIPA\" \/>\n<meta name=\"twitter:label1\" content=\"Scritto da\" \/>\n\t<meta name=\"twitter:data1\" content=\"Redazione Italia\" \/>\n\t<meta name=\"twitter:label2\" content=\"Tempo di lettura stimato\" \/>\n\t<meta name=\"twitter:data2\" content=\"2 minuti\" \/>\n<script type=\"application\/ld+json\" class=\"yoast-schema-graph\">{\"@context\":\"https:\/\/schema.org\",\"@graph\":[{\"@type\":\"Article\",\"@id\":\"https:\/\/www.pressenza.com\/it\/2016\/07\/publiacqua-basta-sprechi-danni-alla-collettivita\/#article\",\"isPartOf\":{\"@id\":\"https:\/\/www.pressenza.com\/it\/2016\/07\/publiacqua-basta-sprechi-danni-alla-collettivita\/\"},\"author\":{\"name\":\"Redazione Italia\",\"@id\":\"https:\/\/www.pressenza.com\/it\/#\/schema\/person\/d983e81827ae24f2c7b1a2123d197f8d\"},\"headline\":\"Publiacqua. Basta sprechi e danni alla collettivit\u00e0\",\"datePublished\":\"2016-07-14T15:04:47+00:00\",\"mainEntityOfPage\":{\"@id\":\"https:\/\/www.pressenza.com\/it\/2016\/07\/publiacqua-basta-sprechi-danni-alla-collettivita\/\"},\"wordCount\":399,\"publisher\":{\"@id\":\"https:\/\/www.pressenza.com\/it\/#organization\"},\"image\":{\"@id\":\"https:\/\/www.pressenza.com\/it\/2016\/07\/publiacqua-basta-sprechi-danni-alla-collettivita\/#primaryimage\"},\"thumbnailUrl\":\"https:\/\/www.pressenza.com\/wp-content\/uploads\/2016\/07\/d-2.jpg\",\"keywords\":[\"acqua pubblica\",\"Forum Movimenti per l'acqua\",\"privatizzazione\",\"Publiacqua\"],\"articleSection\":[\"Comunicati Stampa\",\"Ecologia ed Ambiente\",\"Europa\",\"Politica\"],\"inLanguage\":\"it-IT\"},{\"@type\":\"WebPage\",\"@id\":\"https:\/\/www.pressenza.com\/it\/2016\/07\/publiacqua-basta-sprechi-danni-alla-collettivita\/\",\"url\":\"https:\/\/www.pressenza.com\/it\/2016\/07\/publiacqua-basta-sprechi-danni-alla-collettivita\/\",\"name\":\"Publiacqua. Basta sprechi e danni alla collettivit\u00e0\",\"isPartOf\":{\"@id\":\"https:\/\/www.pressenza.com\/it\/#website\"},\"primaryImageOfPage\":{\"@id\":\"https:\/\/www.pressenza.com\/it\/2016\/07\/publiacqua-basta-sprechi-danni-alla-collettivita\/#primaryimage\"},\"image\":{\"@id\":\"https:\/\/www.pressenza.com\/it\/2016\/07\/publiacqua-basta-sprechi-danni-alla-collettivita\/#primaryimage\"},\"thumbnailUrl\":\"https:\/\/www.pressenza.com\/wp-content\/uploads\/2016\/07\/d-2.jpg\",\"datePublished\":\"2016-07-14T15:04:47+00:00\",\"description\":\"Cittadini e lavoratori uniti per una gestione equa, democratica e partecipata Il Forum Toscano dei Movimenti per l'Acqua accoglie con pieno favore\",\"breadcrumb\":{\"@id\":\"https:\/\/www.pressenza.com\/it\/2016\/07\/publiacqua-basta-sprechi-danni-alla-collettivita\/#breadcrumb\"},\"inLanguage\":\"it-IT\",\"potentialAction\":[{\"@type\":\"ReadAction\",\"target\":[\"https:\/\/www.pressenza.com\/it\/2016\/07\/publiacqua-basta-sprechi-danni-alla-collettivita\/\"]}]},{\"@type\":\"ImageObject\",\"inLanguage\":\"it-IT\",\"@id\":\"https:\/\/www.pressenza.com\/it\/2016\/07\/publiacqua-basta-sprechi-danni-alla-collettivita\/#primaryimage\",\"url\":\"https:\/\/www.pressenza.com\/wp-content\/uploads\/2016\/07\/d-2.jpg\",\"contentUrl\":\"https:\/\/www.pressenza.com\/wp-content\/uploads\/2016\/07\/d-2.jpg\",\"width\":800,\"height\":684},{\"@type\":\"BreadcrumbList\",\"@id\":\"https:\/\/www.pressenza.com\/it\/2016\/07\/publiacqua-basta-sprechi-danni-alla-collettivita\/#breadcrumb\",\"itemListElement\":[{\"@type\":\"ListItem\",\"position\":1,\"name\":\"Accueil\",\"item\":\"https:\/\/www.pressenza.com\/it\/\"},{\"@type\":\"ListItem\",\"position\":2,\"name\":\"Publiacqua. Basta sprechi e danni alla collettivit\u00e0\"}]},{\"@type\":\"WebSite\",\"@id\":\"https:\/\/www.pressenza.com\/it\/#website\",\"url\":\"https:\/\/www.pressenza.com\/it\/\",\"name\":\"Pressenza\",\"description\":\"Agenzia di Stampa Internazionale\",\"publisher\":{\"@id\":\"https:\/\/www.pressenza.com\/it\/#organization\"},\"potentialAction\":[{\"@type\":\"SearchAction\",\"target\":{\"@type\":\"EntryPoint\",\"urlTemplate\":\"https:\/\/www.pressenza.com\/it\/?s={search_term_string}\"},\"query-input\":{\"@type\":\"PropertyValueSpecification\",\"valueRequired\":true,\"valueName\":\"search_term_string\"}}],\"inLanguage\":\"it-IT\"},{\"@type\":\"Organization\",\"@id\":\"https:\/\/www.pressenza.com\/it\/#organization\",\"name\":\"Pressenza\",\"url\":\"https:\/\/www.pressenza.com\/it\/\",\"logo\":{\"@type\":\"ImageObject\",\"inLanguage\":\"it-IT\",\"@id\":\"https:\/\/www.pressenza.com\/it\/#\/schema\/logo\/image\/\",\"url\":\"https:\/\/www.pressenza.com\/wp-content\/uploads\/2022\/10\/pressenza_logo_200x200.jpg\",\"contentUrl\":\"https:\/\/www.pressenza.com\/wp-content\/uploads\/2022\/10\/pressenza_logo_200x200.jpg\",\"width\":200,\"height\":200,\"caption\":\"Pressenza\"},\"image\":{\"@id\":\"https:\/\/www.pressenza.com\/it\/#\/schema\/logo\/image\/\"},\"sameAs\":[\"https:\/\/www.facebook.com\/PressenzaItalia\",\"https:\/\/x.com\/PressenzaIPA\"]},{\"@type\":\"Person\",\"@id\":\"https:\/\/www.pressenza.com\/it\/#\/schema\/person\/d983e81827ae24f2c7b1a2123d197f8d\",\"name\":\"Redazione Italia\",\"description\":\"News from the Pressenza Bureau in Italy\",\"sameAs\":[\"https:\/\/www.pressenza.com\/it\/author\/redazione-italia\/\",\"https:\/\/www.facebook.com\/PressenzaItalia\",\"https:\/\/www.instagram.com\/pressenza_italia\/\",\"https:\/\/x.com\/pressenza_it\",\"https:\/\/www.youtube.com\/channel\/UCSalEIWjE1RSxkwjfftFuqg\"],\"url\":\"https:\/\/www.pressenza.com\/it\/author\/redazione-italia\/\"}]}<\/script>\n<!-- \/ Yoast SEO plugin. -->","yoast_head_json":{"title":"Publiacqua. Basta sprechi e danni alla collettivit\u00e0","description":"Cittadini e lavoratori uniti per una gestione equa, democratica e partecipata Il Forum Toscano dei Movimenti per l'Acqua accoglie con pieno favore","robots":{"index":"index","follow":"follow","max-snippet":"max-snippet:-1","max-image-preview":"max-image-preview:large","max-video-preview":"max-video-preview:-1"},"canonical":"https:\/\/www.pressenza.com\/it\/2016\/07\/publiacqua-basta-sprechi-danni-alla-collettivita\/","og_locale":"it_IT","og_type":"article","og_title":"Publiacqua. Basta sprechi e danni alla collettivit\u00e0","og_description":"Cittadini e lavoratori uniti per una gestione equa, democratica e partecipata Il Forum Toscano dei Movimenti per l'Acqua accoglie con pieno favore","og_url":"https:\/\/www.pressenza.com\/it\/2016\/07\/publiacqua-basta-sprechi-danni-alla-collettivita\/","og_site_name":"Pressenza","article_publisher":"https:\/\/www.facebook.com\/PressenzaItalia","article_author":"https:\/\/www.facebook.com\/PressenzaItalia","article_published_time":"2016-07-14T15:04:47+00:00","og_image":[{"width":800,"height":684,"url":"https:\/\/www.pressenza.com\/wp-content\/uploads\/2016\/07\/d-2.jpg","type":"image\/jpeg"}],"author":"Redazione Italia","twitter_card":"summary_large_image","twitter_creator":"@pressenza_it","twitter_site":"@PressenzaIPA","twitter_misc":{"Scritto da":"Redazione Italia","Tempo di lettura stimato":"2 minuti"},"schema":{"@context":"https:\/\/schema.org","@graph":[{"@type":"Article","@id":"https:\/\/www.pressenza.com\/it\/2016\/07\/publiacqua-basta-sprechi-danni-alla-collettivita\/#article","isPartOf":{"@id":"https:\/\/www.pressenza.com\/it\/2016\/07\/publiacqua-basta-sprechi-danni-alla-collettivita\/"},"author":{"name":"Redazione Italia","@id":"https:\/\/www.pressenza.com\/it\/#\/schema\/person\/d983e81827ae24f2c7b1a2123d197f8d"},"headline":"Publiacqua. Basta sprechi e danni alla collettivit\u00e0","datePublished":"2016-07-14T15:04:47+00:00","mainEntityOfPage":{"@id":"https:\/\/www.pressenza.com\/it\/2016\/07\/publiacqua-basta-sprechi-danni-alla-collettivita\/"},"wordCount":399,"publisher":{"@id":"https:\/\/www.pressenza.com\/it\/#organization"},"image":{"@id":"https:\/\/www.pressenza.com\/it\/2016\/07\/publiacqua-basta-sprechi-danni-alla-collettivita\/#primaryimage"},"thumbnailUrl":"https:\/\/www.pressenza.com\/wp-content\/uploads\/2016\/07\/d-2.jpg","keywords":["acqua pubblica","Forum Movimenti per l'acqua","privatizzazione","Publiacqua"],"articleSection":["Comunicati Stampa","Ecologia ed Ambiente","Europa","Politica"],"inLanguage":"it-IT"},{"@type":"WebPage","@id":"https:\/\/www.pressenza.com\/it\/2016\/07\/publiacqua-basta-sprechi-danni-alla-collettivita\/","url":"https:\/\/www.pressenza.com\/it\/2016\/07\/publiacqua-basta-sprechi-danni-alla-collettivita\/","name":"Publiacqua. Basta sprechi e danni alla collettivit\u00e0","isPartOf":{"@id":"https:\/\/www.pressenza.com\/it\/#website"},"primaryImageOfPage":{"@id":"https:\/\/www.pressenza.com\/it\/2016\/07\/publiacqua-basta-sprechi-danni-alla-collettivita\/#primaryimage"},"image":{"@id":"https:\/\/www.pressenza.com\/it\/2016\/07\/publiacqua-basta-sprechi-danni-alla-collettivita\/#primaryimage"},"thumbnailUrl":"https:\/\/www.pressenza.com\/wp-content\/uploads\/2016\/07\/d-2.jpg","datePublished":"2016-07-14T15:04:47+00:00","description":"Cittadini e lavoratori uniti per una gestione equa, democratica e partecipata Il Forum Toscano dei Movimenti per l'Acqua accoglie con pieno favore","breadcrumb":{"@id":"https:\/\/www.pressenza.com\/it\/2016\/07\/publiacqua-basta-sprechi-danni-alla-collettivita\/#breadcrumb"},"inLanguage":"it-IT","potentialAction":[{"@type":"ReadAction","target":["https:\/\/www.pressenza.com\/it\/2016\/07\/publiacqua-basta-sprechi-danni-alla-collettivita\/"]}]},{"@type":"ImageObject","inLanguage":"it-IT","@id":"https:\/\/www.pressenza.com\/it\/2016\/07\/publiacqua-basta-sprechi-danni-alla-collettivita\/#primaryimage","url":"https:\/\/www.pressenza.com\/wp-content\/uploads\/2016\/07\/d-2.jpg","contentUrl":"https:\/\/www.pressenza.com\/wp-content\/uploads\/2016\/07\/d-2.jpg","width":800,"height":684},{"@type":"BreadcrumbList","@id":"https:\/\/www.pressenza.com\/it\/2016\/07\/publiacqua-basta-sprechi-danni-alla-collettivita\/#breadcrumb","itemListElement":[{"@type":"ListItem","position":1,"name":"Accueil","item":"https:\/\/www.pressenza.com\/it\/"},{"@type":"ListItem","position":2,"name":"Publiacqua. Basta sprechi e danni alla collettivit\u00e0"}]},{"@type":"WebSite","@id":"https:\/\/www.pressenza.com\/it\/#website","url":"https:\/\/www.pressenza.com\/it\/","name":"Pressenza","description":"Agenzia di Stampa Internazionale","publisher":{"@id":"https:\/\/www.pressenza.com\/it\/#organization"},"potentialAction":[{"@type":"SearchAction","target":{"@type":"EntryPoint","urlTemplate":"https:\/\/www.pressenza.com\/it\/?s={search_term_string}"},"query-input":{"@type":"PropertyValueSpecification","valueRequired":true,"valueName":"search_term_string"}}],"inLanguage":"it-IT"},{"@type":"Organization","@id":"https:\/\/www.pressenza.com\/it\/#organization","name":"Pressenza","url":"https:\/\/www.pressenza.com\/it\/","logo":{"@type":"ImageObject","inLanguage":"it-IT","@id":"https:\/\/www.pressenza.com\/it\/#\/schema\/logo\/image\/","url":"https:\/\/www.pressenza.com\/wp-content\/uploads\/2022\/10\/pressenza_logo_200x200.jpg","contentUrl":"https:\/\/www.pressenza.com\/wp-content\/uploads\/2022\/10\/pressenza_logo_200x200.jpg","width":200,"height":200,"caption":"Pressenza"},"image":{"@id":"https:\/\/www.pressenza.com\/it\/#\/schema\/logo\/image\/"},"sameAs":["https:\/\/www.facebook.com\/PressenzaItalia","https:\/\/x.com\/PressenzaIPA"]},{"@type":"Person","@id":"https:\/\/www.pressenza.com\/it\/#\/schema\/person\/d983e81827ae24f2c7b1a2123d197f8d","name":"Redazione Italia","description":"News from the Pressenza Bureau in Italy","sameAs":["https:\/\/www.pressenza.com\/it\/author\/redazione-italia\/","https:\/\/www.facebook.com\/PressenzaItalia","https:\/\/www.instagram.com\/pressenza_italia\/","https:\/\/x.com\/pressenza_it","https:\/\/www.youtube.com\/channel\/UCSalEIWjE1RSxkwjfftFuqg"],"url":"https:\/\/www.pressenza.com\/it\/author\/redazione-italia\/"}]}},"place":"","original_article_url":"","_links":{"self":[{"href":"https:\/\/www.pressenza.com\/it\/wp-json\/wp\/v2\/posts\/341241","targetHints":{"allow":["GET"]}}],"collection":[{"href":"https:\/\/www.pressenza.com\/it\/wp-json\/wp\/v2\/posts"}],"about":[{"href":"https:\/\/www.pressenza.com\/it\/wp-json\/wp\/v2\/types\/post"}],"author":[{"embeddable":true,"href":"https:\/\/www.pressenza.com\/it\/wp-json\/wp\/v2\/users\/594"}],"replies":[{"embeddable":true,"href":"https:\/\/www.pressenza.com\/it\/wp-json\/wp\/v2\/comments?post=341241"}],"version-history":[{"count":0,"href":"https:\/\/www.pressenza.com\/it\/wp-json\/wp\/v2\/posts\/341241\/revisions"}],"wp:featuredmedia":[{"embeddable":true,"href":"https:\/\/www.pressenza.com\/it\/wp-json\/wp\/v2\/media\/341242"}],"wp:attachment":[{"href":"https:\/\/www.pressenza.com\/it\/wp-json\/wp\/v2\/media?parent=341241"}],"wp:term":[{"taxonomy":"category","embeddable":true,"href":"https:\/\/www.pressenza.com\/it\/wp-json\/wp\/v2\/categories?post=341241"},{"taxonomy":"post_tag","embeddable":true,"href":"https:\/\/www.pressenza.com\/it\/wp-json\/wp\/v2\/tags?post=341241"}],"curies":[{"name":"wp","href":"https:\/\/api.w.org\/{rel}","templated":true}]}}