{"id":336962,"date":"2016-07-04T15:08:44","date_gmt":"2016-07-04T14:08:44","guid":{"rendered":"http:\/\/www.pressenza.com\/it\/?p=336962"},"modified":"2016-07-04T15:08:44","modified_gmt":"2016-07-04T14:08:44","slug":"partiamo-20x20-nuova-campagna-antigone-le-misure-alternative-al-carcere","status":"publish","type":"post","link":"https:\/\/www.pressenza.com\/it\/2016\/07\/partiamo-20x20-nuova-campagna-antigone-le-misure-alternative-al-carcere\/","title":{"rendered":"Partiamo da 20&#215;20: nuova campagna di Antigone per le misure alternative al carcere"},"content":{"rendered":"<p>Partiamo da 20&#215;20 \u00e8 la nuova campagna promossa da Antigone. L&#8217;obiettivo \u00e8 che, entro il 2020, il 20% del bilancio dell&#8217;Amministrazione penitenziaria venga speso per il sistema delle misure alternative.<\/p>\n<p>Oggi ci sono oltre 53.000 persone che stanno scontando la propria pena nelle nostre carceri. Nello stesso momento circa 23.000 persone la scontano fuori dal carcere, in misura alternativa, cui si aggiungono le oltre 8.000 che usufruiscono della nuova misura della messa alla prova.<\/p>\n<p>Si tratta di misure che si scontano nella comunit\u00e0, meno costose e pi\u00f9 efficaci del carcere nel promuovere il reinserimento ed evitare la commissione di nuovi reati da parte di chi ha scontato la propria pena.<\/p>\n<p>Ma per queste misure l&#8217;amministrazione penitenziaria spende meno del 5% del proprio bilancio. La parte pi\u00f9 avanzata del nostro sistema di esecuzione delle pene dunque \u00e8 anche di gran lunga quella con meno risorse. I soldi servono tutti per il carcere.<br \/>\nIn molti paesi europei oggi il pi\u00f9 grande ostacolo alla diffusione delle alternative al carcere \u00e8 connesso alla carenza di riconoscimento pubblico, di risorse e di personale, spesso insufficiente ad espletare compiutamente il proprio mandato, e non a caso le European Probation Rules (CM\/Rec(2010)1) insistono moltissimo su questi aspetti. Anche in Italia \u00e8 cos\u00ec, e per questo chiediamo innanzitutto che l\u2019Italia arrivi a spendere, entro il 2020, il 20% del bilancio dell&#8217;Amministrazione penitenziaria per il sistema delle misure alternative.<\/p>\n<p>Ci\u00f2 costituir\u00e0 un primo atto concreto per dimostrare che l&#8217;Italia vuole puntare su un nuovo modello penale, nel quale il carcere non sia il metro di paragone di ogni possibile pena bens\u00ec venga riconosciuto per quello che \u00e8, un&#8217;invenzione che \u00e8 nata in un momento ben preciso della storia dell&#8217;umanit\u00e0 e che non ha alcuna necessit\u00e0 di restare eternamente centrale.<\/p>\n<p>&#8220;Dobbiamo dare forza alla parte pi\u00f9 moderna ed efficace del nostro sistema penale, quella delle alternative alla detenzione&#8221; dichiara Patrizio Gonnella, presidente di Antigone.<\/p>\n<p>&nbsp;<\/p>\n<p>Alla campagna hanno finora aderito: A Buon Diritto, Arci, Associazione 21 luglio, Gruppo Abele, Cittadinanza Attiva, Conferenza nazionale volontariato giustizia, Coordinamento Nazionale Comunit\u00e0 di Accoglienza, Forum Droghe, Funzione Pubblica Cgil, Medici Contro la Tortura, Naga, Progetto Diritti, Ristretti Orizzonti, Societ\u00e0 della Ragione, Societ\u00e0 Italiana di Psicologia Penitenziaria, VIC\/Volontari In Carcere.<\/p>\n<p>&nbsp;<\/p>\n<p><strong>Associazione Antigone Onlus<\/strong><\/p>\n","protected":false},"excerpt":{"rendered":"<p>Partiamo da 20&#215;20 \u00e8 la nuova campagna promossa da Antigone. L&#8217;obiettivo \u00e8 che, entro il 2020, il 20% del bilancio dell&#8217;Amministrazione penitenziaria venga speso per il sistema delle misure alternative. Oggi ci sono oltre 53.000 persone che stanno scontando la&hellip;<\/p>\n","protected":false},"author":594,"featured_media":336984,"comment_status":"closed","ping_status":"closed","sticky":false,"template":"","format":"standard","meta":{"footnotes":""},"categories":[150,60,47],"tags":[23897,14103,3344,897,370,28466,28468,28467],"class_list":["post-336962","post","type-post","status-publish","format-standard","has-post-thumbnail","hentry","category-comunicati-stampa","category-diritti-umani","category-europa","tag-antigone","tag-associazione-antigone","tag-carceri","tag-diritti-umani","tag-italia","tag-misure-alternative-al-carcere","tag-partiamo-da-20x20","tag-sistema-penale"],"yoast_head":"<!-- This site is optimized with the Yoast SEO plugin v27.1.1 - https:\/\/yoast.com\/product\/yoast-seo-wordpress\/ -->\n<title>Partiamo da 20x20: nuova campagna di Antigone per le misure alternative al carcere<\/title>\n<meta name=\"description\" content=\"Partiamo da 20x20 \u00e8 la nuova campagna promossa da Antigone. L&#039;obiettivo \u00e8 che, entro il 2020, il 20% del bilancio dell&#039;Amministrazione penitenziaria venga\" \/>\n<meta name=\"robots\" content=\"index, follow, max-snippet:-1, max-image-preview:large, max-video-preview:-1\" \/>\n<link rel=\"canonical\" href=\"https:\/\/www.pressenza.com\/it\/2016\/07\/partiamo-20x20-nuova-campagna-antigone-le-misure-alternative-al-carcere\/\" \/>\n<meta property=\"og:locale\" content=\"it_IT\" \/>\n<meta property=\"og:type\" content=\"article\" \/>\n<meta property=\"og:title\" content=\"Partiamo da 20x20: nuova campagna di Antigone per le misure alternative al carcere\" \/>\n<meta property=\"og:description\" content=\"Partiamo da 20x20 \u00e8 la nuova campagna promossa da Antigone. L&#039;obiettivo \u00e8 che, entro il 2020, il 20% del bilancio dell&#039;Amministrazione penitenziaria venga\" \/>\n<meta property=\"og:url\" content=\"https:\/\/www.pressenza.com\/it\/2016\/07\/partiamo-20x20-nuova-campagna-antigone-le-misure-alternative-al-carcere\/\" \/>\n<meta property=\"og:site_name\" content=\"Pressenza\" \/>\n<meta property=\"article:publisher\" content=\"https:\/\/www.facebook.com\/PressenzaItalia\" \/>\n<meta property=\"article:author\" content=\"https:\/\/www.facebook.com\/PressenzaItalia\" \/>\n<meta property=\"article:published_time\" content=\"2016-07-04T14:08:44+00:00\" \/>\n<meta property=\"og:image\" content=\"https:\/\/www.pressenza.com\/wp-content\/uploads\/2016\/07\/antigone-1.jpg\" \/>\n\t<meta property=\"og:image:width\" content=\"700\" \/>\n\t<meta property=\"og:image:height\" content=\"200\" \/>\n\t<meta property=\"og:image:type\" content=\"image\/jpeg\" \/>\n<meta name=\"author\" content=\"Redazione Italia\" \/>\n<meta name=\"twitter:card\" content=\"summary_large_image\" \/>\n<meta name=\"twitter:creator\" content=\"@pressenza_it\" \/>\n<meta name=\"twitter:site\" content=\"@PressenzaIPA\" \/>\n<meta name=\"twitter:label1\" content=\"Scritto da\" \/>\n\t<meta name=\"twitter:data1\" content=\"Redazione Italia\" \/>\n\t<meta name=\"twitter:label2\" content=\"Tempo di lettura stimato\" \/>\n\t<meta name=\"twitter:data2\" content=\"2 minuti\" \/>\n<script type=\"application\/ld+json\" class=\"yoast-schema-graph\">{\"@context\":\"https:\/\/schema.org\",\"@graph\":[{\"@type\":\"Article\",\"@id\":\"https:\/\/www.pressenza.com\/it\/2016\/07\/partiamo-20x20-nuova-campagna-antigone-le-misure-alternative-al-carcere\/#article\",\"isPartOf\":{\"@id\":\"https:\/\/www.pressenza.com\/it\/2016\/07\/partiamo-20x20-nuova-campagna-antigone-le-misure-alternative-al-carcere\/\"},\"author\":{\"name\":\"Redazione Italia\",\"@id\":\"https:\/\/www.pressenza.com\/it\/#\/schema\/person\/d983e81827ae24f2c7b1a2123d197f8d\"},\"headline\":\"Partiamo da 20&#215;20: nuova campagna di Antigone per le misure alternative al carcere\",\"datePublished\":\"2016-07-04T14:08:44+00:00\",\"mainEntityOfPage\":{\"@id\":\"https:\/\/www.pressenza.com\/it\/2016\/07\/partiamo-20x20-nuova-campagna-antigone-le-misure-alternative-al-carcere\/\"},\"wordCount\":376,\"publisher\":{\"@id\":\"https:\/\/www.pressenza.com\/it\/#organization\"},\"image\":{\"@id\":\"https:\/\/www.pressenza.com\/it\/2016\/07\/partiamo-20x20-nuova-campagna-antigone-le-misure-alternative-al-carcere\/#primaryimage\"},\"thumbnailUrl\":\"https:\/\/www.pressenza.com\/wp-content\/uploads\/2016\/07\/antigone-1.jpg\",\"keywords\":[\"Antigone\",\"Associazione Antigone\",\"carceri\",\"diritti umani\",\"Italia\",\"misure alternative al carcere\",\"Partiamo da 20x20\",\"sistema penale\"],\"articleSection\":[\"Comunicati Stampa\",\"Diritti Umani\",\"Europa\"],\"inLanguage\":\"it-IT\"},{\"@type\":\"WebPage\",\"@id\":\"https:\/\/www.pressenza.com\/it\/2016\/07\/partiamo-20x20-nuova-campagna-antigone-le-misure-alternative-al-carcere\/\",\"url\":\"https:\/\/www.pressenza.com\/it\/2016\/07\/partiamo-20x20-nuova-campagna-antigone-le-misure-alternative-al-carcere\/\",\"name\":\"Partiamo da 20x20: nuova campagna di Antigone per le misure alternative al carcere\",\"isPartOf\":{\"@id\":\"https:\/\/www.pressenza.com\/it\/#website\"},\"primaryImageOfPage\":{\"@id\":\"https:\/\/www.pressenza.com\/it\/2016\/07\/partiamo-20x20-nuova-campagna-antigone-le-misure-alternative-al-carcere\/#primaryimage\"},\"image\":{\"@id\":\"https:\/\/www.pressenza.com\/it\/2016\/07\/partiamo-20x20-nuova-campagna-antigone-le-misure-alternative-al-carcere\/#primaryimage\"},\"thumbnailUrl\":\"https:\/\/www.pressenza.com\/wp-content\/uploads\/2016\/07\/antigone-1.jpg\",\"datePublished\":\"2016-07-04T14:08:44+00:00\",\"description\":\"Partiamo da 20x20 \u00e8 la nuova campagna promossa da Antigone. L'obiettivo \u00e8 che, entro il 2020, il 20% del bilancio dell'Amministrazione penitenziaria venga\",\"breadcrumb\":{\"@id\":\"https:\/\/www.pressenza.com\/it\/2016\/07\/partiamo-20x20-nuova-campagna-antigone-le-misure-alternative-al-carcere\/#breadcrumb\"},\"inLanguage\":\"it-IT\",\"potentialAction\":[{\"@type\":\"ReadAction\",\"target\":[\"https:\/\/www.pressenza.com\/it\/2016\/07\/partiamo-20x20-nuova-campagna-antigone-le-misure-alternative-al-carcere\/\"]}]},{\"@type\":\"ImageObject\",\"inLanguage\":\"it-IT\",\"@id\":\"https:\/\/www.pressenza.com\/it\/2016\/07\/partiamo-20x20-nuova-campagna-antigone-le-misure-alternative-al-carcere\/#primaryimage\",\"url\":\"https:\/\/www.pressenza.com\/wp-content\/uploads\/2016\/07\/antigone-1.jpg\",\"contentUrl\":\"https:\/\/www.pressenza.com\/wp-content\/uploads\/2016\/07\/antigone-1.jpg\",\"width\":700,\"height\":200,\"caption\":\"antigone\"},{\"@type\":\"BreadcrumbList\",\"@id\":\"https:\/\/www.pressenza.com\/it\/2016\/07\/partiamo-20x20-nuova-campagna-antigone-le-misure-alternative-al-carcere\/#breadcrumb\",\"itemListElement\":[{\"@type\":\"ListItem\",\"position\":1,\"name\":\"Accueil\",\"item\":\"https:\/\/www.pressenza.com\/it\/\"},{\"@type\":\"ListItem\",\"position\":2,\"name\":\"Partiamo da 20&#215;20: nuova campagna di Antigone per le misure alternative al carcere\"}]},{\"@type\":\"WebSite\",\"@id\":\"https:\/\/www.pressenza.com\/it\/#website\",\"url\":\"https:\/\/www.pressenza.com\/it\/\",\"name\":\"Pressenza\",\"description\":\"Agenzia di Stampa Internazionale\",\"publisher\":{\"@id\":\"https:\/\/www.pressenza.com\/it\/#organization\"},\"potentialAction\":[{\"@type\":\"SearchAction\",\"target\":{\"@type\":\"EntryPoint\",\"urlTemplate\":\"https:\/\/www.pressenza.com\/it\/?s={search_term_string}\"},\"query-input\":{\"@type\":\"PropertyValueSpecification\",\"valueRequired\":true,\"valueName\":\"search_term_string\"}}],\"inLanguage\":\"it-IT\"},{\"@type\":\"Organization\",\"@id\":\"https:\/\/www.pressenza.com\/it\/#organization\",\"name\":\"Pressenza\",\"url\":\"https:\/\/www.pressenza.com\/it\/\",\"logo\":{\"@type\":\"ImageObject\",\"inLanguage\":\"it-IT\",\"@id\":\"https:\/\/www.pressenza.com\/it\/#\/schema\/logo\/image\/\",\"url\":\"https:\/\/www.pressenza.com\/wp-content\/uploads\/2022\/10\/pressenza_logo_200x200.jpg\",\"contentUrl\":\"https:\/\/www.pressenza.com\/wp-content\/uploads\/2022\/10\/pressenza_logo_200x200.jpg\",\"width\":200,\"height\":200,\"caption\":\"Pressenza\"},\"image\":{\"@id\":\"https:\/\/www.pressenza.com\/it\/#\/schema\/logo\/image\/\"},\"sameAs\":[\"https:\/\/www.facebook.com\/PressenzaItalia\",\"https:\/\/x.com\/PressenzaIPA\"]},{\"@type\":\"Person\",\"@id\":\"https:\/\/www.pressenza.com\/it\/#\/schema\/person\/d983e81827ae24f2c7b1a2123d197f8d\",\"name\":\"Redazione Italia\",\"description\":\"News from the Pressenza Bureau in Italy\",\"sameAs\":[\"https:\/\/www.pressenza.com\/it\/author\/redazione-italia\/\",\"https:\/\/www.facebook.com\/PressenzaItalia\",\"https:\/\/www.instagram.com\/pressenza_italia\/\",\"https:\/\/x.com\/pressenza_it\",\"https:\/\/www.youtube.com\/channel\/UCSalEIWjE1RSxkwjfftFuqg\"],\"url\":\"https:\/\/www.pressenza.com\/it\/author\/redazione-italia\/\"}]}<\/script>\n<!-- \/ Yoast SEO plugin. -->","yoast_head_json":{"title":"Partiamo da 20x20: nuova campagna di Antigone per le misure alternative al carcere","description":"Partiamo da 20x20 \u00e8 la nuova campagna promossa da Antigone. L'obiettivo \u00e8 che, entro il 2020, il 20% del bilancio dell'Amministrazione penitenziaria venga","robots":{"index":"index","follow":"follow","max-snippet":"max-snippet:-1","max-image-preview":"max-image-preview:large","max-video-preview":"max-video-preview:-1"},"canonical":"https:\/\/www.pressenza.com\/it\/2016\/07\/partiamo-20x20-nuova-campagna-antigone-le-misure-alternative-al-carcere\/","og_locale":"it_IT","og_type":"article","og_title":"Partiamo da 20x20: nuova campagna di Antigone per le misure alternative al carcere","og_description":"Partiamo da 20x20 \u00e8 la nuova campagna promossa da Antigone. L'obiettivo \u00e8 che, entro il 2020, il 20% del bilancio dell'Amministrazione penitenziaria venga","og_url":"https:\/\/www.pressenza.com\/it\/2016\/07\/partiamo-20x20-nuova-campagna-antigone-le-misure-alternative-al-carcere\/","og_site_name":"Pressenza","article_publisher":"https:\/\/www.facebook.com\/PressenzaItalia","article_author":"https:\/\/www.facebook.com\/PressenzaItalia","article_published_time":"2016-07-04T14:08:44+00:00","og_image":[{"width":700,"height":200,"url":"https:\/\/www.pressenza.com\/wp-content\/uploads\/2016\/07\/antigone-1.jpg","type":"image\/jpeg"}],"author":"Redazione Italia","twitter_card":"summary_large_image","twitter_creator":"@pressenza_it","twitter_site":"@PressenzaIPA","twitter_misc":{"Scritto da":"Redazione Italia","Tempo di lettura stimato":"2 minuti"},"schema":{"@context":"https:\/\/schema.org","@graph":[{"@type":"Article","@id":"https:\/\/www.pressenza.com\/it\/2016\/07\/partiamo-20x20-nuova-campagna-antigone-le-misure-alternative-al-carcere\/#article","isPartOf":{"@id":"https:\/\/www.pressenza.com\/it\/2016\/07\/partiamo-20x20-nuova-campagna-antigone-le-misure-alternative-al-carcere\/"},"author":{"name":"Redazione Italia","@id":"https:\/\/www.pressenza.com\/it\/#\/schema\/person\/d983e81827ae24f2c7b1a2123d197f8d"},"headline":"Partiamo da 20&#215;20: nuova campagna di Antigone per le misure alternative al carcere","datePublished":"2016-07-04T14:08:44+00:00","mainEntityOfPage":{"@id":"https:\/\/www.pressenza.com\/it\/2016\/07\/partiamo-20x20-nuova-campagna-antigone-le-misure-alternative-al-carcere\/"},"wordCount":376,"publisher":{"@id":"https:\/\/www.pressenza.com\/it\/#organization"},"image":{"@id":"https:\/\/www.pressenza.com\/it\/2016\/07\/partiamo-20x20-nuova-campagna-antigone-le-misure-alternative-al-carcere\/#primaryimage"},"thumbnailUrl":"https:\/\/www.pressenza.com\/wp-content\/uploads\/2016\/07\/antigone-1.jpg","keywords":["Antigone","Associazione Antigone","carceri","diritti umani","Italia","misure alternative al carcere","Partiamo da 20x20","sistema penale"],"articleSection":["Comunicati Stampa","Diritti Umani","Europa"],"inLanguage":"it-IT"},{"@type":"WebPage","@id":"https:\/\/www.pressenza.com\/it\/2016\/07\/partiamo-20x20-nuova-campagna-antigone-le-misure-alternative-al-carcere\/","url":"https:\/\/www.pressenza.com\/it\/2016\/07\/partiamo-20x20-nuova-campagna-antigone-le-misure-alternative-al-carcere\/","name":"Partiamo da 20x20: nuova campagna di Antigone per le misure alternative al carcere","isPartOf":{"@id":"https:\/\/www.pressenza.com\/it\/#website"},"primaryImageOfPage":{"@id":"https:\/\/www.pressenza.com\/it\/2016\/07\/partiamo-20x20-nuova-campagna-antigone-le-misure-alternative-al-carcere\/#primaryimage"},"image":{"@id":"https:\/\/www.pressenza.com\/it\/2016\/07\/partiamo-20x20-nuova-campagna-antigone-le-misure-alternative-al-carcere\/#primaryimage"},"thumbnailUrl":"https:\/\/www.pressenza.com\/wp-content\/uploads\/2016\/07\/antigone-1.jpg","datePublished":"2016-07-04T14:08:44+00:00","description":"Partiamo da 20x20 \u00e8 la nuova campagna promossa da Antigone. L'obiettivo \u00e8 che, entro il 2020, il 20% del bilancio dell'Amministrazione penitenziaria venga","breadcrumb":{"@id":"https:\/\/www.pressenza.com\/it\/2016\/07\/partiamo-20x20-nuova-campagna-antigone-le-misure-alternative-al-carcere\/#breadcrumb"},"inLanguage":"it-IT","potentialAction":[{"@type":"ReadAction","target":["https:\/\/www.pressenza.com\/it\/2016\/07\/partiamo-20x20-nuova-campagna-antigone-le-misure-alternative-al-carcere\/"]}]},{"@type":"ImageObject","inLanguage":"it-IT","@id":"https:\/\/www.pressenza.com\/it\/2016\/07\/partiamo-20x20-nuova-campagna-antigone-le-misure-alternative-al-carcere\/#primaryimage","url":"https:\/\/www.pressenza.com\/wp-content\/uploads\/2016\/07\/antigone-1.jpg","contentUrl":"https:\/\/www.pressenza.com\/wp-content\/uploads\/2016\/07\/antigone-1.jpg","width":700,"height":200,"caption":"antigone"},{"@type":"BreadcrumbList","@id":"https:\/\/www.pressenza.com\/it\/2016\/07\/partiamo-20x20-nuova-campagna-antigone-le-misure-alternative-al-carcere\/#breadcrumb","itemListElement":[{"@type":"ListItem","position":1,"name":"Accueil","item":"https:\/\/www.pressenza.com\/it\/"},{"@type":"ListItem","position":2,"name":"Partiamo da 20&#215;20: nuova campagna di Antigone per le misure alternative al carcere"}]},{"@type":"WebSite","@id":"https:\/\/www.pressenza.com\/it\/#website","url":"https:\/\/www.pressenza.com\/it\/","name":"Pressenza","description":"Agenzia di Stampa Internazionale","publisher":{"@id":"https:\/\/www.pressenza.com\/it\/#organization"},"potentialAction":[{"@type":"SearchAction","target":{"@type":"EntryPoint","urlTemplate":"https:\/\/www.pressenza.com\/it\/?s={search_term_string}"},"query-input":{"@type":"PropertyValueSpecification","valueRequired":true,"valueName":"search_term_string"}}],"inLanguage":"it-IT"},{"@type":"Organization","@id":"https:\/\/www.pressenza.com\/it\/#organization","name":"Pressenza","url":"https:\/\/www.pressenza.com\/it\/","logo":{"@type":"ImageObject","inLanguage":"it-IT","@id":"https:\/\/www.pressenza.com\/it\/#\/schema\/logo\/image\/","url":"https:\/\/www.pressenza.com\/wp-content\/uploads\/2022\/10\/pressenza_logo_200x200.jpg","contentUrl":"https:\/\/www.pressenza.com\/wp-content\/uploads\/2022\/10\/pressenza_logo_200x200.jpg","width":200,"height":200,"caption":"Pressenza"},"image":{"@id":"https:\/\/www.pressenza.com\/it\/#\/schema\/logo\/image\/"},"sameAs":["https:\/\/www.facebook.com\/PressenzaItalia","https:\/\/x.com\/PressenzaIPA"]},{"@type":"Person","@id":"https:\/\/www.pressenza.com\/it\/#\/schema\/person\/d983e81827ae24f2c7b1a2123d197f8d","name":"Redazione Italia","description":"News from the Pressenza Bureau in Italy","sameAs":["https:\/\/www.pressenza.com\/it\/author\/redazione-italia\/","https:\/\/www.facebook.com\/PressenzaItalia","https:\/\/www.instagram.com\/pressenza_italia\/","https:\/\/x.com\/pressenza_it","https:\/\/www.youtube.com\/channel\/UCSalEIWjE1RSxkwjfftFuqg"],"url":"https:\/\/www.pressenza.com\/it\/author\/redazione-italia\/"}]}},"place":"","original_article_url":"","_links":{"self":[{"href":"https:\/\/www.pressenza.com\/it\/wp-json\/wp\/v2\/posts\/336962","targetHints":{"allow":["GET"]}}],"collection":[{"href":"https:\/\/www.pressenza.com\/it\/wp-json\/wp\/v2\/posts"}],"about":[{"href":"https:\/\/www.pressenza.com\/it\/wp-json\/wp\/v2\/types\/post"}],"author":[{"embeddable":true,"href":"https:\/\/www.pressenza.com\/it\/wp-json\/wp\/v2\/users\/594"}],"replies":[{"embeddable":true,"href":"https:\/\/www.pressenza.com\/it\/wp-json\/wp\/v2\/comments?post=336962"}],"version-history":[{"count":0,"href":"https:\/\/www.pressenza.com\/it\/wp-json\/wp\/v2\/posts\/336962\/revisions"}],"wp:featuredmedia":[{"embeddable":true,"href":"https:\/\/www.pressenza.com\/it\/wp-json\/wp\/v2\/media\/336984"}],"wp:attachment":[{"href":"https:\/\/www.pressenza.com\/it\/wp-json\/wp\/v2\/media?parent=336962"}],"wp:term":[{"taxonomy":"category","embeddable":true,"href":"https:\/\/www.pressenza.com\/it\/wp-json\/wp\/v2\/categories?post=336962"},{"taxonomy":"post_tag","embeddable":true,"href":"https:\/\/www.pressenza.com\/it\/wp-json\/wp\/v2\/tags?post=336962"}],"curies":[{"name":"wp","href":"https:\/\/api.w.org\/{rel}","templated":true}]}}