{"id":335931,"date":"2016-07-02T16:38:00","date_gmt":"2016-07-02T15:38:00","guid":{"rendered":"http:\/\/www.pressenza.com\/it\/?p=335931"},"modified":"2016-07-02T16:38:00","modified_gmt":"2016-07-02T15:38:00","slug":"antigone-occorre-recuperare-la-coscienza-oltre-morti","status":"publish","type":"post","link":"https:\/\/www.pressenza.com\/it\/2016\/07\/antigone-occorre-recuperare-la-coscienza-oltre-morti\/","title":{"rendered":"Come Antigone, occorre recuperare la coscienza oltre che i morti"},"content":{"rendered":"<p><strong><em>Se la rabbia si scaglia contro le poche spese umanitarie per il recupero delle vittime dei naufragi, anzich\u00e9 contro le enormi spese militari che generano le guerre dalle quali fuggono, c\u2019\u00e8 un problema di intelligenza. Ossia di capacit\u00e0 di comprendere le cose e di collegarle.<\/em><\/strong><\/p>\n<div class=\"post-body\">\n<p>Nel passaggio dalla preistoria alla storia, la sepoltura dei morti \u00e8 uno spartiacque tra la barbarie e la civilt\u00e0, tra la bestialit\u00e0 e l\u2019umanit\u00e0. Sarebbero anche sufficienti le reminiscenze scolastiche per focalizzare la centralit\u00e0 di questo passaggio nella struttura intima della civilt\u00e0 occidentale, da <strong>Sofocle<\/strong> a <strong>Ugo Foscolo<\/strong>, seppur non si \u00e8 letto<strong> Aldo Capitini<\/strong>. Il dare sepoltura ai defunti \u00e8 un passaggio talmente cruciale nell\u2019umanizzazione che su di esso il drammaturgo greco fonda anche un altro elemento costitutivo della civilt\u00e0: l\u2019obiezione di coscienza, ossia la disobbedienza alle leggi dello stato in nome delle leggi degli dei, cio\u00e8 della coscienza. E\u2019 <strong>Antigone<\/strong> la donna che esercita la prima obiezione di coscienza che la storia ricordi contro le leggi scritte della citt\u00e0, cio\u00e8 contro la volont\u00e0 dello zio<strong> Creonte<\/strong>, re di <strong>Tebe<\/strong>, il cui editto impediva la sepoltura dentro le mura della citt\u00e0 del fratello <strong>Polinice<\/strong> che si era macchiato di tradimento. Antigone recupera la salma di Polinice fuori dalle mura e le d\u00e0 degna sepoltura all\u2019interno della citt\u00e0. Pagando, a sua volta, con la morte il fio della disobbedienza.<span id=\"more-4554\"><\/span><\/p>\n<p>Eppure il recupero delle vittime del pi\u00f9 grave naufragio del <strong>Mediterraneo<\/strong> \u2013 avvenuto il 18 aprile del 2015 quando un barcone con sette\/ottocento persone a bordo si inabiss\u00f2 nel <strong>Canale di Sicilia<\/strong> \u2013 che si insererisce in quel solco di civilt\u00e0 e umanit\u00e0, ha subito pesanti attacchi da molti che hanno chiesto, con insofferenza, quanto sia costata questa \u201cinutile\u201d operazione. Epicentro della protesta, in questo caso, gli ascoltatori di trasmissioni radiofoniche come <em><strong>Prima pagina<\/strong><\/em>\u00a0ed il suo supplemento <strong><em>Tutta la Citt\u00e0 ne parla<\/em><\/strong>. Lo ha raccontato bene anche <strong>Marco Dotti<\/strong> su <a href=\"http:\/\/%C2%A0www.vita.it\/it\/article\/2016\/06\/30\/va-in-onda-lodio-su-rai-radiotre\/139996\/%20\">Vita.it<\/a>: i toni sono stati duri e scandalizzati, pieni di odio. Analoghi, mi pare, alle strida di coloro che dicono, ad ogni pi\u00e8 sospinto, che gli immigranti devono rispettare la\u2026nostra cultura e la nostra civilt\u00e0. I costi complessivi, a carico della Presidenza del consiglio dei ministri sono stati indicati in 9,5 milioni di euro.<\/p>\n<p>Anche la guerra (e la sua preparazione) \u00e8 uno spartiacque tra la barbarie e la civilt\u00e0, tra la bestialit\u00e0 e l\u2019umanit\u00e0. Negli stessi giorni in cui avveniva il recupero delle salme inabissate, il nuovo Osservatorio italiano sulle spese militari \u2013 il <a href=\"http:\/\/milex.org\/%20\">MIL\u20acX<\/a>\u00a0curato <strong>Francesco Vignarca<\/strong>, coordinatore di Rete Italiana Disarmo, ed <strong>Enrico Piovesana<\/strong>, collaboratore de<strong><em> Il fatto quotidiano<\/em><\/strong>, insieme al <a href=\"http:\/\/IKxVDWmHuob8\">Movimento Nonviolento<\/a> \u2013 ha reso noto che ogni ora (ogni ora!) il nostro Paese spende qualcosa come 2,5 milioni di euro in armamenti per comprare bombe, missili, cacciabombardieri, navi da guerra e carri armati. Che moltiplicati per le ore di un giorno e per i giorni dell\u2019anno fanno 22 miliardi di euro annui di spesa pubblica militare dal bilancio dello Stato!<\/p>\n<p>Nonostante le guerre \u2013 anche quelle in cui \u00e8 stato coinvolto il nostro Paese, dall\u2019<strong>Iraq<\/strong> all\u2019<strong>Afghanistan<\/strong>, dalla <strong>Somalia<\/strong> alla <strong>Libia<\/strong> \u2013 e il correlato commercio delle armi (che vede in <strong>Italia<\/strong> triplicati i profitti privati), siano all\u2019origine della fuga precipitosa dei profughi dal terrore, e quindi anche dei loro naufragi, non leggiamo o sentiamo commenti altrettanto indignati su questa follia permanente. <strong>Nonostante il recupero delle povere salme sia costato l\u2019equivalente di appena 4 ore di spese miliari italiane, la rabbia si \u00e8 rivolta contro il costo dell\u2019operazione umanitaria, non contro i costi, enormemente superiori, della continua preparazione di guerre che generano le crisi umanitarie.<\/strong><\/p>\n<p>Temo che, oltre all\u2019umanit\u00e0, stiamo perdendo anche l\u2019intelligenza, ossia la capacit\u00e0 di comprendere le cose e di collegarle, trovandone i nessi. La precariet\u00e0 sociale, la pedagogia razzista e l\u2019analfabetismo funzionale stanno portando con se un fenomeno di progressiva de-civilizzazione, ossia di imbarbarimento collettivo. Prima che sia troppo tardi, credo che bisognerebbe ripartire da Antigone, cio\u00e8 dai fondamenti della civilt\u00e0, per recuperare la coscienza oltre che i morti<\/p>\n<p><strong>Pasquale Pugliese<\/strong><\/p>\n<\/div>\n","protected":false},"excerpt":{"rendered":"<p>Se la rabbia si scaglia contro le poche spese umanitarie per il recupero delle vittime dei naufragi, anzich\u00e9 contro le enormi spese militari che generano le guerre dalle quali fuggono, c\u2019\u00e8 un problema di intelligenza. Ossia di capacit\u00e0 di comprendere&hellip;<\/p>\n","protected":false},"author":1159,"featured_media":179702,"comment_status":"closed","ping_status":"closed","sticky":false,"template":"","format":"standard","meta":{"footnotes":""},"categories":[56,1262],"tags":[6371,23897,9832,13124,3420,28407,1419],"class_list":["post-335931","post","type-post","status-publish","format-standard","has-post-thumbnail","hentry","category-cultura","category-nonviolenza-argomento","tag-aldo-capitini","tag-antigone","tag-francesco-vignarca","tag-pasquale-pugliese","tag-rifugiati","tag-sepoltura","tag-spese-militari"],"yoast_head":"<!-- This site is optimized with the Yoast SEO plugin v27.1.1 - https:\/\/yoast.com\/product\/yoast-seo-wordpress\/ -->\n<title>Come Antigone, occorre recuperare la coscienza oltre che i morti<\/title>\n<meta name=\"description\" content=\"Se la rabbia si scaglia contro le poche spese umanitarie per il recupero delle vittime dei naufragi, anzich\u00e9 contro le enormi spese militari che generano\" \/>\n<meta name=\"robots\" content=\"index, follow, max-snippet:-1, max-image-preview:large, max-video-preview:-1\" \/>\n<link rel=\"canonical\" href=\"https:\/\/www.pressenza.com\/it\/2016\/07\/antigone-occorre-recuperare-la-coscienza-oltre-morti\/\" \/>\n<meta property=\"og:locale\" content=\"it_IT\" \/>\n<meta property=\"og:type\" content=\"article\" \/>\n<meta property=\"og:title\" content=\"Come Antigone, occorre recuperare la coscienza oltre che i morti\" \/>\n<meta property=\"og:description\" content=\"Se la rabbia si scaglia contro le poche spese umanitarie per il recupero delle vittime dei naufragi, anzich\u00e9 contro le enormi spese militari che generano\" \/>\n<meta property=\"og:url\" content=\"https:\/\/www.pressenza.com\/it\/2016\/07\/antigone-occorre-recuperare-la-coscienza-oltre-morti\/\" \/>\n<meta property=\"og:site_name\" content=\"Pressenza\" \/>\n<meta property=\"article:publisher\" content=\"https:\/\/www.facebook.com\/PressenzaItalia\" \/>\n<meta property=\"article:published_time\" content=\"2016-07-02T15:38:00+00:00\" \/>\n<meta property=\"og:image\" content=\"https:\/\/www.pressenza.com\/wp-content\/uploads\/2015\/04\/naufragos.jpg\" \/>\n\t<meta property=\"og:image:width\" content=\"510\" \/>\n\t<meta property=\"og:image:height\" content=\"339\" \/>\n\t<meta property=\"og:image:type\" content=\"image\/jpeg\" \/>\n<meta name=\"author\" content=\"Azione Nonviolenta\" \/>\n<meta name=\"twitter:card\" content=\"summary_large_image\" \/>\n<meta name=\"twitter:creator\" content=\"@PressenzaIPA\" \/>\n<meta name=\"twitter:site\" content=\"@PressenzaIPA\" \/>\n<meta name=\"twitter:label1\" content=\"Scritto da\" \/>\n\t<meta name=\"twitter:data1\" content=\"Azione Nonviolenta\" \/>\n\t<meta name=\"twitter:label2\" content=\"Tempo di lettura stimato\" \/>\n\t<meta name=\"twitter:data2\" content=\"3 minuti\" \/>\n<script type=\"application\/ld+json\" class=\"yoast-schema-graph\">{\"@context\":\"https:\/\/schema.org\",\"@graph\":[{\"@type\":\"Article\",\"@id\":\"https:\/\/www.pressenza.com\/it\/2016\/07\/antigone-occorre-recuperare-la-coscienza-oltre-morti\/#article\",\"isPartOf\":{\"@id\":\"https:\/\/www.pressenza.com\/it\/2016\/07\/antigone-occorre-recuperare-la-coscienza-oltre-morti\/\"},\"author\":{\"name\":\"Azione Nonviolenta\",\"@id\":\"https:\/\/www.pressenza.com\/it\/#\/schema\/person\/8028f12ab3e28d2bacaad50f0b49a48e\"},\"headline\":\"Come Antigone, occorre recuperare la coscienza oltre che i morti\",\"datePublished\":\"2016-07-02T15:38:00+00:00\",\"mainEntityOfPage\":{\"@id\":\"https:\/\/www.pressenza.com\/it\/2016\/07\/antigone-occorre-recuperare-la-coscienza-oltre-morti\/\"},\"wordCount\":673,\"publisher\":{\"@id\":\"https:\/\/www.pressenza.com\/it\/#organization\"},\"image\":{\"@id\":\"https:\/\/www.pressenza.com\/it\/2016\/07\/antigone-occorre-recuperare-la-coscienza-oltre-morti\/#primaryimage\"},\"thumbnailUrl\":\"https:\/\/www.pressenza.com\/wp-content\/uploads\/2015\/04\/naufragos.jpg\",\"keywords\":[\"Aldo Capitini\",\"Antigone\",\"Francesco Vignarca\",\"Pasquale Pugliese\",\"rifugiati\",\"sepoltura\",\"spese militari\"],\"articleSection\":[\"Cultura e Media\",\"Nonviolenza\"],\"inLanguage\":\"it-IT\"},{\"@type\":\"WebPage\",\"@id\":\"https:\/\/www.pressenza.com\/it\/2016\/07\/antigone-occorre-recuperare-la-coscienza-oltre-morti\/\",\"url\":\"https:\/\/www.pressenza.com\/it\/2016\/07\/antigone-occorre-recuperare-la-coscienza-oltre-morti\/\",\"name\":\"Come Antigone, occorre recuperare la coscienza oltre che i morti\",\"isPartOf\":{\"@id\":\"https:\/\/www.pressenza.com\/it\/#website\"},\"primaryImageOfPage\":{\"@id\":\"https:\/\/www.pressenza.com\/it\/2016\/07\/antigone-occorre-recuperare-la-coscienza-oltre-morti\/#primaryimage\"},\"image\":{\"@id\":\"https:\/\/www.pressenza.com\/it\/2016\/07\/antigone-occorre-recuperare-la-coscienza-oltre-morti\/#primaryimage\"},\"thumbnailUrl\":\"https:\/\/www.pressenza.com\/wp-content\/uploads\/2015\/04\/naufragos.jpg\",\"datePublished\":\"2016-07-02T15:38:00+00:00\",\"description\":\"Se la rabbia si scaglia contro le poche spese umanitarie per il recupero delle vittime dei naufragi, anzich\u00e9 contro le enormi spese militari che generano\",\"breadcrumb\":{\"@id\":\"https:\/\/www.pressenza.com\/it\/2016\/07\/antigone-occorre-recuperare-la-coscienza-oltre-morti\/#breadcrumb\"},\"inLanguage\":\"it-IT\",\"potentialAction\":[{\"@type\":\"ReadAction\",\"target\":[\"https:\/\/www.pressenza.com\/it\/2016\/07\/antigone-occorre-recuperare-la-coscienza-oltre-morti\/\"]}]},{\"@type\":\"ImageObject\",\"inLanguage\":\"it-IT\",\"@id\":\"https:\/\/www.pressenza.com\/it\/2016\/07\/antigone-occorre-recuperare-la-coscienza-oltre-morti\/#primaryimage\",\"url\":\"https:\/\/www.pressenza.com\/wp-content\/uploads\/2015\/04\/naufragos.jpg\",\"contentUrl\":\"https:\/\/www.pressenza.com\/wp-content\/uploads\/2015\/04\/naufragos.jpg\",\"width\":510,\"height\":339},{\"@type\":\"BreadcrumbList\",\"@id\":\"https:\/\/www.pressenza.com\/it\/2016\/07\/antigone-occorre-recuperare-la-coscienza-oltre-morti\/#breadcrumb\",\"itemListElement\":[{\"@type\":\"ListItem\",\"position\":1,\"name\":\"Accueil\",\"item\":\"https:\/\/www.pressenza.com\/it\/\"},{\"@type\":\"ListItem\",\"position\":2,\"name\":\"Come Antigone, occorre recuperare la coscienza oltre che i morti\"}]},{\"@type\":\"WebSite\",\"@id\":\"https:\/\/www.pressenza.com\/it\/#website\",\"url\":\"https:\/\/www.pressenza.com\/it\/\",\"name\":\"Pressenza\",\"description\":\"Agenzia di Stampa Internazionale\",\"publisher\":{\"@id\":\"https:\/\/www.pressenza.com\/it\/#organization\"},\"potentialAction\":[{\"@type\":\"SearchAction\",\"target\":{\"@type\":\"EntryPoint\",\"urlTemplate\":\"https:\/\/www.pressenza.com\/it\/?s={search_term_string}\"},\"query-input\":{\"@type\":\"PropertyValueSpecification\",\"valueRequired\":true,\"valueName\":\"search_term_string\"}}],\"inLanguage\":\"it-IT\"},{\"@type\":\"Organization\",\"@id\":\"https:\/\/www.pressenza.com\/it\/#organization\",\"name\":\"Pressenza\",\"url\":\"https:\/\/www.pressenza.com\/it\/\",\"logo\":{\"@type\":\"ImageObject\",\"inLanguage\":\"it-IT\",\"@id\":\"https:\/\/www.pressenza.com\/it\/#\/schema\/logo\/image\/\",\"url\":\"https:\/\/www.pressenza.com\/wp-content\/uploads\/2022\/10\/pressenza_logo_200x200.jpg\",\"contentUrl\":\"https:\/\/www.pressenza.com\/wp-content\/uploads\/2022\/10\/pressenza_logo_200x200.jpg\",\"width\":200,\"height\":200,\"caption\":\"Pressenza\"},\"image\":{\"@id\":\"https:\/\/www.pressenza.com\/it\/#\/schema\/logo\/image\/\"},\"sameAs\":[\"https:\/\/www.facebook.com\/PressenzaItalia\",\"https:\/\/x.com\/PressenzaIPA\"]},{\"@type\":\"Person\",\"@id\":\"https:\/\/www.pressenza.com\/it\/#\/schema\/person\/8028f12ab3e28d2bacaad50f0b49a48e\",\"name\":\"Azione Nonviolenta\",\"url\":\"https:\/\/www.pressenza.com\/it\/author\/azione-nonviolenta\/\"}]}<\/script>\n<!-- \/ Yoast SEO plugin. -->","yoast_head_json":{"title":"Come Antigone, occorre recuperare la coscienza oltre che i morti","description":"Se la rabbia si scaglia contro le poche spese umanitarie per il recupero delle vittime dei naufragi, anzich\u00e9 contro le enormi spese militari che generano","robots":{"index":"index","follow":"follow","max-snippet":"max-snippet:-1","max-image-preview":"max-image-preview:large","max-video-preview":"max-video-preview:-1"},"canonical":"https:\/\/www.pressenza.com\/it\/2016\/07\/antigone-occorre-recuperare-la-coscienza-oltre-morti\/","og_locale":"it_IT","og_type":"article","og_title":"Come Antigone, occorre recuperare la coscienza oltre che i morti","og_description":"Se la rabbia si scaglia contro le poche spese umanitarie per il recupero delle vittime dei naufragi, anzich\u00e9 contro le enormi spese militari che generano","og_url":"https:\/\/www.pressenza.com\/it\/2016\/07\/antigone-occorre-recuperare-la-coscienza-oltre-morti\/","og_site_name":"Pressenza","article_publisher":"https:\/\/www.facebook.com\/PressenzaItalia","article_published_time":"2016-07-02T15:38:00+00:00","og_image":[{"width":510,"height":339,"url":"https:\/\/www.pressenza.com\/wp-content\/uploads\/2015\/04\/naufragos.jpg","type":"image\/jpeg"}],"author":"Azione Nonviolenta","twitter_card":"summary_large_image","twitter_creator":"@PressenzaIPA","twitter_site":"@PressenzaIPA","twitter_misc":{"Scritto da":"Azione Nonviolenta","Tempo di lettura stimato":"3 minuti"},"schema":{"@context":"https:\/\/schema.org","@graph":[{"@type":"Article","@id":"https:\/\/www.pressenza.com\/it\/2016\/07\/antigone-occorre-recuperare-la-coscienza-oltre-morti\/#article","isPartOf":{"@id":"https:\/\/www.pressenza.com\/it\/2016\/07\/antigone-occorre-recuperare-la-coscienza-oltre-morti\/"},"author":{"name":"Azione Nonviolenta","@id":"https:\/\/www.pressenza.com\/it\/#\/schema\/person\/8028f12ab3e28d2bacaad50f0b49a48e"},"headline":"Come Antigone, occorre recuperare la coscienza oltre che i morti","datePublished":"2016-07-02T15:38:00+00:00","mainEntityOfPage":{"@id":"https:\/\/www.pressenza.com\/it\/2016\/07\/antigone-occorre-recuperare-la-coscienza-oltre-morti\/"},"wordCount":673,"publisher":{"@id":"https:\/\/www.pressenza.com\/it\/#organization"},"image":{"@id":"https:\/\/www.pressenza.com\/it\/2016\/07\/antigone-occorre-recuperare-la-coscienza-oltre-morti\/#primaryimage"},"thumbnailUrl":"https:\/\/www.pressenza.com\/wp-content\/uploads\/2015\/04\/naufragos.jpg","keywords":["Aldo Capitini","Antigone","Francesco Vignarca","Pasquale Pugliese","rifugiati","sepoltura","spese militari"],"articleSection":["Cultura e Media","Nonviolenza"],"inLanguage":"it-IT"},{"@type":"WebPage","@id":"https:\/\/www.pressenza.com\/it\/2016\/07\/antigone-occorre-recuperare-la-coscienza-oltre-morti\/","url":"https:\/\/www.pressenza.com\/it\/2016\/07\/antigone-occorre-recuperare-la-coscienza-oltre-morti\/","name":"Come Antigone, occorre recuperare la coscienza oltre che i morti","isPartOf":{"@id":"https:\/\/www.pressenza.com\/it\/#website"},"primaryImageOfPage":{"@id":"https:\/\/www.pressenza.com\/it\/2016\/07\/antigone-occorre-recuperare-la-coscienza-oltre-morti\/#primaryimage"},"image":{"@id":"https:\/\/www.pressenza.com\/it\/2016\/07\/antigone-occorre-recuperare-la-coscienza-oltre-morti\/#primaryimage"},"thumbnailUrl":"https:\/\/www.pressenza.com\/wp-content\/uploads\/2015\/04\/naufragos.jpg","datePublished":"2016-07-02T15:38:00+00:00","description":"Se la rabbia si scaglia contro le poche spese umanitarie per il recupero delle vittime dei naufragi, anzich\u00e9 contro le enormi spese militari che generano","breadcrumb":{"@id":"https:\/\/www.pressenza.com\/it\/2016\/07\/antigone-occorre-recuperare-la-coscienza-oltre-morti\/#breadcrumb"},"inLanguage":"it-IT","potentialAction":[{"@type":"ReadAction","target":["https:\/\/www.pressenza.com\/it\/2016\/07\/antigone-occorre-recuperare-la-coscienza-oltre-morti\/"]}]},{"@type":"ImageObject","inLanguage":"it-IT","@id":"https:\/\/www.pressenza.com\/it\/2016\/07\/antigone-occorre-recuperare-la-coscienza-oltre-morti\/#primaryimage","url":"https:\/\/www.pressenza.com\/wp-content\/uploads\/2015\/04\/naufragos.jpg","contentUrl":"https:\/\/www.pressenza.com\/wp-content\/uploads\/2015\/04\/naufragos.jpg","width":510,"height":339},{"@type":"BreadcrumbList","@id":"https:\/\/www.pressenza.com\/it\/2016\/07\/antigone-occorre-recuperare-la-coscienza-oltre-morti\/#breadcrumb","itemListElement":[{"@type":"ListItem","position":1,"name":"Accueil","item":"https:\/\/www.pressenza.com\/it\/"},{"@type":"ListItem","position":2,"name":"Come Antigone, occorre recuperare la coscienza oltre che i morti"}]},{"@type":"WebSite","@id":"https:\/\/www.pressenza.com\/it\/#website","url":"https:\/\/www.pressenza.com\/it\/","name":"Pressenza","description":"Agenzia di Stampa Internazionale","publisher":{"@id":"https:\/\/www.pressenza.com\/it\/#organization"},"potentialAction":[{"@type":"SearchAction","target":{"@type":"EntryPoint","urlTemplate":"https:\/\/www.pressenza.com\/it\/?s={search_term_string}"},"query-input":{"@type":"PropertyValueSpecification","valueRequired":true,"valueName":"search_term_string"}}],"inLanguage":"it-IT"},{"@type":"Organization","@id":"https:\/\/www.pressenza.com\/it\/#organization","name":"Pressenza","url":"https:\/\/www.pressenza.com\/it\/","logo":{"@type":"ImageObject","inLanguage":"it-IT","@id":"https:\/\/www.pressenza.com\/it\/#\/schema\/logo\/image\/","url":"https:\/\/www.pressenza.com\/wp-content\/uploads\/2022\/10\/pressenza_logo_200x200.jpg","contentUrl":"https:\/\/www.pressenza.com\/wp-content\/uploads\/2022\/10\/pressenza_logo_200x200.jpg","width":200,"height":200,"caption":"Pressenza"},"image":{"@id":"https:\/\/www.pressenza.com\/it\/#\/schema\/logo\/image\/"},"sameAs":["https:\/\/www.facebook.com\/PressenzaItalia","https:\/\/x.com\/PressenzaIPA"]},{"@type":"Person","@id":"https:\/\/www.pressenza.com\/it\/#\/schema\/person\/8028f12ab3e28d2bacaad50f0b49a48e","name":"Azione Nonviolenta","url":"https:\/\/www.pressenza.com\/it\/author\/azione-nonviolenta\/"}]}},"place":"","original_article_url":"http:\/\/www.azionenonviolenta.it\/come-antigone-occorre-recuperare-la-coscienza-oltre-che-i-morti\/","_links":{"self":[{"href":"https:\/\/www.pressenza.com\/it\/wp-json\/wp\/v2\/posts\/335931","targetHints":{"allow":["GET"]}}],"collection":[{"href":"https:\/\/www.pressenza.com\/it\/wp-json\/wp\/v2\/posts"}],"about":[{"href":"https:\/\/www.pressenza.com\/it\/wp-json\/wp\/v2\/types\/post"}],"author":[{"embeddable":true,"href":"https:\/\/www.pressenza.com\/it\/wp-json\/wp\/v2\/users\/1159"}],"replies":[{"embeddable":true,"href":"https:\/\/www.pressenza.com\/it\/wp-json\/wp\/v2\/comments?post=335931"}],"version-history":[{"count":0,"href":"https:\/\/www.pressenza.com\/it\/wp-json\/wp\/v2\/posts\/335931\/revisions"}],"wp:featuredmedia":[{"embeddable":true,"href":"https:\/\/www.pressenza.com\/it\/wp-json\/wp\/v2\/media\/179702"}],"wp:attachment":[{"href":"https:\/\/www.pressenza.com\/it\/wp-json\/wp\/v2\/media?parent=335931"}],"wp:term":[{"taxonomy":"category","embeddable":true,"href":"https:\/\/www.pressenza.com\/it\/wp-json\/wp\/v2\/categories?post=335931"},{"taxonomy":"post_tag","embeddable":true,"href":"https:\/\/www.pressenza.com\/it\/wp-json\/wp\/v2\/tags?post=335931"}],"curies":[{"name":"wp","href":"https:\/\/api.w.org\/{rel}","templated":true}]}}