{"id":334120,"date":"2016-06-27T10:26:01","date_gmt":"2016-06-27T09:26:01","guid":{"rendered":"http:\/\/www.pressenza.com\/it\/?p=334120"},"modified":"2016-06-27T10:27:49","modified_gmt":"2016-06-27T09:27:49","slug":"antonio-carvallo-la-frammentazione-dellunione-europea-follia","status":"publish","type":"post","link":"https:\/\/www.pressenza.com\/it\/2016\/06\/antonio-carvallo-la-frammentazione-dellunione-europea-follia\/","title":{"rendered":"Antonio Carvallo: \u201cLa frammentazione dell\u2019Unione Europea sarebbe una follia\u201d"},"content":{"rendered":"<p><em>Riportiamo la trascrizione dell\u2019intervista ad Antonio Carvallo, analista di Pressenza che vive nel sud-est dell\u2019Inghilterra, fatta venerd\u00ec scorso durante il programma \u201cEn la oreja\u201d di Radio Pichincha Universal a Quito, in Ecuador.<\/em><\/p>\n<p>Oggi \u00e8 una giornata storica per il Regno Unito, l\u2019Unione Europea e forse il mondo intero. In un referendum il paese ha votato per uscire dall\u2019Unione Europea. \u00a0Come in molti altri paesi del continente, la relazione con l\u2019UE \u00e8 sempre stata pi\u00f9 o meno tesa, con molte proteste sulla mancanza di trasparenza con cui si prendono le decisioni e l\u2019implementazione di leggi spesso incomprensibili. \u00a0Questa campagna per\u00f2 non ha riguardato solo i temi economici, ma ha raggiunto un livello di odio, xenofobia e intolleranza verso gli immigrati che ha scioccato molta gente e ha portato all\u2019assassinio di una giovane deputata mentre andava a un incontro nel suo collegio elettorale.<\/p>\n<p>Abbiamo con noi per parlare del risultato del referendum e delle prospettive per il continente il nostro analista Antonio Carvallo, che vive nel sud-est dell\u2019Inghilterra.<\/p>\n<p><iframe loading=\"lazy\" id=\"audio_12023432\" src=\"http:\/\/mx.ivoox.com\/es\/player_ej_12023432_4_1.html?c1=736f1e\" width=\"300\" height=\"200\" frameborder=\"0\" scrolling=\"no\" allowfullscreen=\"allowfullscreen\"><\/iframe><\/p>\n<p>Il Partito Conservatore \u00e8 piuttosto vecchio e bloccato nel passato. Un settore si oppone all\u2019Unione Europea perch\u00e9 \u00e8 un\u2019unione politica e questo significa trasferire sovranit\u00e0 da Londra a Bruxelles. Un altro settore del partito, europeista, crede che il futuro stia necessariamente nell\u2019integrazione dei paesi dell\u2019Europa, ma vorrebbe maggiore trasparenza, efficienza e rappresentativit\u00e0 all\u2019interno dell\u2019UE. Queste posizioni opposte sono da anni in lotta nel partito. Da quando i paesi dell\u2019Europa Centrale sono entrati nell\u2019UE \u00a0e i loro cittadini hanno potuto trasferirsi in qualsiasi paese per lavorare, molti sono venuti nel Regno Unito e questo ha esacerbato la sensibilit\u00e0 di molta gente. I settori pi\u00f9 tradizionalisti della cosiddetta classe media hanno avvertito una minaccia alla loro identit\u00e0 e qualit\u00e0 della vita. Nelle elezioni fanno pressione sui rappresentanti politici e cos\u00ec il partito entra in un conflitto interno, tra i suoi parlamentari.<\/p>\n<p>Con le grandi migrazioni prodotte dalle guerre della Nato in Medio Oriente e Nordafrica, queste tensioni si sono esacerbate e sono sorti partiti di destra contrari all\u2019immigrazione e favorevoli all\u2019uscita dall\u2019UE. Insomma questa inquietudine rispetto agli immigrati si \u00e8 radicalizzata. D\u2019altra parte senza di loro non funzionerebbero n\u00e9 l\u2019edilizia n\u00e9 molti altri settori, perch\u00e9 non c\u2019\u00e8 mano d\u2019opera sufficiente. Insomma, c\u2019\u00e8 molta ambiguit\u00e0 in queste parti del Partito Conservatore.<\/p>\n<p>Un esempio di questi partiti pi\u00f9 estremisti \u00e8 l\u2019UKIP di Nigel Farage, un eurodeputato che alle ultime elezioni ha ottenuto 4 milioni di voti e rappresenta una grave minaccia per i conservatori in vista delle prossime elezioni. Questo tipo nel Parlamento Europeo ha sempre criticato l\u2019Europa e sostenuto l\u2019uscita del Regno Unito. Per contrastare tutto questo, cercare di unificare il partito e recuperare i voti che sta perdendo nella classe media, che tradizionalmente vota per i conservatori, \u00a0circa nove mesi fa Cameron si \u00e8 lanciato in una crociata per negoziare uno stato speciale all\u2019interno dell\u2019UE, usando la minaccia della Brexit. Dopo molte riunioni, gli altri membri dell\u2019UE gli hanno fatto alcune concessioni per dare al Regno Unito la possibilit\u00e0 di\u00a0non partecipare ad alcune decisioni prese dall\u2019Unione Europea, senza perdere per questo la sua qualit\u00e0 di alleato. E cos\u00ec Cameron, pensando di aver risolto il problema, ha dato libert\u00e0 all\u2019interno del partito per restare o uscire nell\u2019Unione Europea e convocato il referendum; per\u00f2 ha fatto male i suoi calcoli, non ha valutato in modo adeguato i sentimenti dei settori che voleva placare e come abbiamo visto si \u00e8 dato la zappa sui piedi. Il risultato sono 4 punti percentuali tra chi ha votato per restare nell\u2019UE e chi ha appoggiato la Brexit.<\/p>\n<p>Il 75 % dei giovani ha votato per rimanere nell\u2019UE e i pi\u00f9 anziani per uscire. Si \u00e8 prodotto o accentuato un divario generazionale. I vecchi sono attivisti e il 78% di chi ha pi\u00f9 di 65 anni \u00e8 andato a votare. Molti dei giovani invece non hanno dato tanto peso alla cosa. E\u2019 qui che si pu\u00f2 identificare questa differenza di 4 punti, che altrimenti avrebbe permesso la vittoria del \u201cRemain\u201d. I conservatori pensavano di andare sul sicuro e non hanno \u00a0dato la dovuta importanza a un voto ampio come quello referendario, dove non si possono misurare le tendenze della gente.<\/p>\n<p>Anche le regioni si sono polarizzate. La Scozia e l\u2019Irlanda del Nord hanno votato a grande maggioranza per rimanere nell\u2019Unione Europea. Che prospettive si aprono a questo punto per l\u2019unit\u00e0 del paese?<\/p>\n<p>Quando c\u2019\u00e8 stato il referendum per l\u2019indipendenza della Scozia erano terrorizzati e alla fine la gente, pensando che era meglio non dividere la nazione, ha lasciato perdere il suo regionalismo.<\/p>\n<p>Tony Robinson, uno degli intervistatori, fa riferimento al conflitto in Irlanda del Nord, concluso vent\u2019anni fa con un accordo di pace che mise fine a una guerra civile durata oltre cinquant\u2019anni. Una delle ragioni di questo accordo era far parte di un progetto pi\u00f9 grande, come l\u2019appartenenza all\u2019 UE.<\/p>\n<p>E perch\u00e9 gli scozzesi dovrebbero sacrificare i loro interessi? Ricevono molte concessioni dall\u2019Unione Europea e guadagnano molto in termini di esportazioni per la loro partecipazione. Dunque si sentono liberi. Prima del referendum hanno avvisato che se avesse vinto il \u201cLeave\u201d loro avrebbero scelto di continuare a restare in Europa. E in Irlanda del Nord il Sinn Fein ha appena dichiarato la stessa cosa. Il Regno Unito si ridurr\u00e0 molto. Le regioni non accetteranno questo risultato e vorranno continuare a far parte dell\u2019UE.<\/p>\n<p>Quelli favorevoli all\u2019uscita vedono che il Parlamento di Westminster va perdendo potere di decisione politica a favore del Parlamento Europeo. Nel programma dell\u2019UE c\u2019\u00e8 una graduale integrazione. Per esempio, uno dei temi discussi di recente, con l\u2019Europa che comincia a reagire, riguarda il fatto che gli Stati Uniti dettano la politica estera e le hanno imposto una quantit\u00e0 di conflitti e guerre che l\u2019hanno danneggiata molto dal punto di vista finanziario ed economico. Dunque i settori del Partito Conservatore contrari all\u2019UE temono di perdere il controllo della politica di difesa. E questo vale anche per le multinazionali che loro rappresentano. Il Parlamento Europeo andr\u00e0 risolvendo sempre pi\u00f9 questioni e loro si ritroveranno con meno influenza e meno importanza. Hanno preso degli impegni con le banche che operano a Londra e una quantit\u00e0 di multinazionali. Alcuni settori finanziari del Regno Unito hanno partecipazioni molto attive, \u00e8 una combinazione di interessi finanziari e politici; \u00e8 il settore finanziario che fa pressione sui politici.<\/p>\n<p>L\u2019uscita dall\u2019UE concentrer\u00e0 il potere nelle elite britanniche?<\/p>\n<p>Senza dubbio. Uno dei temi discussi di recente \u00e8 quello dello status della City di Londra, del centro finanziario, perch\u00e9 l\u2019UE voleva imporre delle tasse, visto che muove miliardi di dollari, sterline o altre monete che potrebbero andare a vantaggio dell\u2019insieme. Questo ha provocato una tremenda irritazione. Nessuno deve intralciare la City. Insomma, vogliono conservare tutti i privilegi, soprattutto finanziari e militari e che siano altri a occuparsi degli altri temi. Un\u2019unione con una visione cos\u00ec unilaterale non pu\u00f2 funzionare.<\/p>\n<p>In questo nuovo panorama europeo, con altri partiti di destra che vogliono realizzare referendum del genere, tutto questo ispirer\u00e0 nuove \u00a0forze separatiste nell\u2019Unione Europea. Io la ritengo un progetto molto \u00a0interessante, che si muove in una direzione legata al futuro. Una direzione che coincide in gran parte con la nostra filosofia umanista di una Nazione Umana Universale. Attualmente parliamo di un continente con una filosofia d\u2019insieme, che condivide molte cose. Al di l\u00e0 dello spazio fisico, condivide leggi, una visione. E\u2019 un progetto interessante. Dividersi in piccoli stati nazionali fa parte del passato, mentre il progetto dell\u2019Unione Europeo \u00e8 nato da gente visionaria, molto interessante, uscita dall\u2019esperienza delle due guerre mondiali e convinta che per continuare a evolversi l\u2019unione era inevitabile. \u00a0Fondamentalmente davanti al potere degli Stati Uniti e degli altri grandi conglomerati che si vanno unificando, mi pare che continuare a frammentarsi sempre di pi\u00f9 sarebbe una follia, sarebbe deplorevole. E\u2019 una delle tendenze che si stanno manifestando.<\/p>\n<p>Credo che un indicatore molto interessante sar\u00e0 vedere se l\u2019Europa continua a ridurre la sua dipendenza dagli Stati Uniti, se pu\u00f2 arrivare a definire una sua politica di sicurezza e difesa. Si tratta di discussioni molto recenti, legate all\u2019aumento delle migrazioni, alla continuazione del conflitto in Siria (gli Stati Uniti hanno opposto molta resistenza alla sua risoluzione una volta per tutte) e alla creazione del conflitto in Ucraina; tutte queste cose hanno prodotto una certa insoddisfazione nell\u2019UE. In questo momento stanno parlando di creare le loro forze armate e politiche di difesa. Questo ha avuto un\u2019enorme ripercussione. Alcuni ex generali dell\u2019esercito hanno smesso di appoggiare la permanenza in Europa e optato per l\u2019uscita, perch\u00e9 \u00e8 \u00a0\u00a0un tema molto urticante. Ossia, il fatto che l\u2019Europa inizi a prendere distanza dalla Nato e non si coinvolga pi\u00f9 nei conflitti creati dagli americani per indebolirla e dividerla; questo si comincia a notare. La creazione di rapporti commerciali con la Russia sarebbe un buon indicatore del fatto che le cose stanno avanzando. Un altro indicatore positivo sarebbe se l\u2019UE rivedesse i suoi procedimenti e creasse una responsabilit\u00e0 politica, elezioni a diversi livelli di presa di decisioni e trasparenza.<\/p>\n<p>Traduzione dallo spagnolo di Anna Polo<\/p>\n<p>&nbsp;<\/p>\n<p>&nbsp;<\/p>\n","protected":false},"excerpt":{"rendered":"<p>Riportiamo la trascrizione dell\u2019intervista ad Antonio Carvallo, analista di Pressenza che vive nel sud-est dell\u2019Inghilterra, fatta venerd\u00ec scorso durante il programma \u201cEn la oreja\u201d di Radio Pichincha Universal a Quito, in Ecuador. Oggi \u00e8 una giornata storica per il Regno&hellip;<\/p>\n","protected":false},"author":1011,"featured_media":333667,"comment_status":"closed","ping_status":"closed","sticky":false,"template":"","format":"standard","meta":{"footnotes":""},"categories":[11388,56,47,157,55,27993],"tags":[26484,173,616,3770,207,4495,25653,3788],"class_list":["post-334120","post","type-post","status-publish","format-standard","has-post-thumbnail","hentry","category-contenuti-originali","category-cultura","category-europa","category-interviste","category-politica","category-radio-it","tag-brexit","tag-democrazia","tag-elezioni","tag-multinazionali","tag-nato","tag-radio-it","tag-stati-uniti","tag-unione-europea"],"yoast_head":"<!-- This site is optimized with the Yoast SEO plugin v27.1.1 - https:\/\/yoast.com\/product\/yoast-seo-wordpress\/ -->\n<title>Antonio Carvallo: \u201cLa frammentazione dell\u2019Unione Europea sarebbe una follia\u201d<\/title>\n<meta name=\"description\" content=\"Riportiamo la trascrizione dell\u2019intervista ad Antonio Carvallo, analista di Pressenza che vive nel sud-est dell\u2019Inghilterra, fatta venerd\u00ec scorso durante\" \/>\n<meta name=\"robots\" content=\"index, follow, max-snippet:-1, max-image-preview:large, max-video-preview:-1\" \/>\n<link rel=\"canonical\" href=\"https:\/\/www.pressenza.com\/it\/2016\/06\/antonio-carvallo-la-frammentazione-dellunione-europea-follia\/\" \/>\n<meta property=\"og:locale\" content=\"it_IT\" \/>\n<meta property=\"og:type\" content=\"article\" \/>\n<meta property=\"og:title\" content=\"Antonio Carvallo: \u201cLa frammentazione dell\u2019Unione Europea sarebbe una follia\u201d\" \/>\n<meta property=\"og:description\" content=\"Riportiamo la trascrizione dell\u2019intervista ad Antonio Carvallo, analista di Pressenza che vive nel sud-est dell\u2019Inghilterra, fatta venerd\u00ec scorso durante\" \/>\n<meta property=\"og:url\" content=\"https:\/\/www.pressenza.com\/it\/2016\/06\/antonio-carvallo-la-frammentazione-dellunione-europea-follia\/\" \/>\n<meta property=\"og:site_name\" content=\"Pressenza\" \/>\n<meta property=\"article:publisher\" content=\"https:\/\/www.facebook.com\/PressenzaItalia\" \/>\n<meta property=\"article:published_time\" content=\"2016-06-27T09:26:01+00:00\" \/>\n<meta property=\"article:modified_time\" content=\"2016-06-27T09:27:49+00:00\" \/>\n<meta property=\"og:image\" content=\"https:\/\/www.pressenza.com\/wp-content\/uploads\/2016\/06\/Carvallo-En-la-Oreja.jpg\" \/>\n\t<meta property=\"og:image:width\" content=\"1040\" \/>\n\t<meta property=\"og:image:height\" content=\"720\" \/>\n\t<meta property=\"og:image:type\" content=\"image\/jpeg\" \/>\n<meta name=\"author\" content=\"Redacci\u00f3n Ecuador\" \/>\n<meta name=\"twitter:card\" content=\"summary_large_image\" \/>\n<meta name=\"twitter:creator\" content=\"@PressenzaIPA\" \/>\n<meta name=\"twitter:site\" content=\"@PressenzaIPA\" \/>\n<meta name=\"twitter:label1\" content=\"Scritto da\" \/>\n\t<meta name=\"twitter:data1\" content=\"Redacci\u00f3n Ecuador\" \/>\n\t<meta name=\"twitter:label2\" content=\"Tempo di lettura stimato\" \/>\n\t<meta name=\"twitter:data2\" content=\"8 minuti\" \/>\n<script type=\"application\/ld+json\" class=\"yoast-schema-graph\">{\"@context\":\"https:\/\/schema.org\",\"@graph\":[{\"@type\":\"Article\",\"@id\":\"https:\/\/www.pressenza.com\/it\/2016\/06\/antonio-carvallo-la-frammentazione-dellunione-europea-follia\/#article\",\"isPartOf\":{\"@id\":\"https:\/\/www.pressenza.com\/it\/2016\/06\/antonio-carvallo-la-frammentazione-dellunione-europea-follia\/\"},\"author\":{\"name\":\"Redacci\u00f3n Ecuador\",\"@id\":\"https:\/\/www.pressenza.com\/it\/#\/schema\/person\/883a735c40665759bcc6fe0c26bcb46f\"},\"headline\":\"Antonio Carvallo: \u201cLa frammentazione dell\u2019Unione Europea sarebbe una follia\u201d\",\"datePublished\":\"2016-06-27T09:26:01+00:00\",\"dateModified\":\"2016-06-27T09:27:49+00:00\",\"mainEntityOfPage\":{\"@id\":\"https:\/\/www.pressenza.com\/it\/2016\/06\/antonio-carvallo-la-frammentazione-dellunione-europea-follia\/\"},\"wordCount\":1544,\"publisher\":{\"@id\":\"https:\/\/www.pressenza.com\/it\/#organization\"},\"image\":{\"@id\":\"https:\/\/www.pressenza.com\/it\/2016\/06\/antonio-carvallo-la-frammentazione-dellunione-europea-follia\/#primaryimage\"},\"thumbnailUrl\":\"https:\/\/www.pressenza.com\/wp-content\/uploads\/2016\/06\/Carvallo-En-la-Oreja.jpg\",\"keywords\":[\"Brexit\",\"Democrazia\",\"elezioni\",\"multinazionali\",\"NATO\",\"radio\",\"Stati Uniti\",\"Unione Europea\"],\"articleSection\":[\"contenuti originali\",\"Cultura e Media\",\"Europa\",\"Interviste\",\"Politica\",\"Radio\"],\"inLanguage\":\"it-IT\"},{\"@type\":\"WebPage\",\"@id\":\"https:\/\/www.pressenza.com\/it\/2016\/06\/antonio-carvallo-la-frammentazione-dellunione-europea-follia\/\",\"url\":\"https:\/\/www.pressenza.com\/it\/2016\/06\/antonio-carvallo-la-frammentazione-dellunione-europea-follia\/\",\"name\":\"Antonio Carvallo: \u201cLa frammentazione dell\u2019Unione Europea sarebbe una follia\u201d\",\"isPartOf\":{\"@id\":\"https:\/\/www.pressenza.com\/it\/#website\"},\"primaryImageOfPage\":{\"@id\":\"https:\/\/www.pressenza.com\/it\/2016\/06\/antonio-carvallo-la-frammentazione-dellunione-europea-follia\/#primaryimage\"},\"image\":{\"@id\":\"https:\/\/www.pressenza.com\/it\/2016\/06\/antonio-carvallo-la-frammentazione-dellunione-europea-follia\/#primaryimage\"},\"thumbnailUrl\":\"https:\/\/www.pressenza.com\/wp-content\/uploads\/2016\/06\/Carvallo-En-la-Oreja.jpg\",\"datePublished\":\"2016-06-27T09:26:01+00:00\",\"dateModified\":\"2016-06-27T09:27:49+00:00\",\"description\":\"Riportiamo la trascrizione dell\u2019intervista ad Antonio Carvallo, analista di Pressenza che vive nel sud-est dell\u2019Inghilterra, fatta venerd\u00ec scorso durante\",\"breadcrumb\":{\"@id\":\"https:\/\/www.pressenza.com\/it\/2016\/06\/antonio-carvallo-la-frammentazione-dellunione-europea-follia\/#breadcrumb\"},\"inLanguage\":\"it-IT\",\"potentialAction\":[{\"@type\":\"ReadAction\",\"target\":[\"https:\/\/www.pressenza.com\/it\/2016\/06\/antonio-carvallo-la-frammentazione-dellunione-europea-follia\/\"]}]},{\"@type\":\"ImageObject\",\"inLanguage\":\"it-IT\",\"@id\":\"https:\/\/www.pressenza.com\/it\/2016\/06\/antonio-carvallo-la-frammentazione-dellunione-europea-follia\/#primaryimage\",\"url\":\"https:\/\/www.pressenza.com\/wp-content\/uploads\/2016\/06\/Carvallo-En-la-Oreja.jpg\",\"contentUrl\":\"https:\/\/www.pressenza.com\/wp-content\/uploads\/2016\/06\/Carvallo-En-la-Oreja.jpg\",\"width\":1040,\"height\":720},{\"@type\":\"BreadcrumbList\",\"@id\":\"https:\/\/www.pressenza.com\/it\/2016\/06\/antonio-carvallo-la-frammentazione-dellunione-europea-follia\/#breadcrumb\",\"itemListElement\":[{\"@type\":\"ListItem\",\"position\":1,\"name\":\"Accueil\",\"item\":\"https:\/\/www.pressenza.com\/it\/\"},{\"@type\":\"ListItem\",\"position\":2,\"name\":\"Antonio Carvallo: \u201cLa frammentazione dell\u2019Unione Europea sarebbe una follia\u201d\"}]},{\"@type\":\"WebSite\",\"@id\":\"https:\/\/www.pressenza.com\/it\/#website\",\"url\":\"https:\/\/www.pressenza.com\/it\/\",\"name\":\"Pressenza\",\"description\":\"Agenzia di Stampa Internazionale\",\"publisher\":{\"@id\":\"https:\/\/www.pressenza.com\/it\/#organization\"},\"potentialAction\":[{\"@type\":\"SearchAction\",\"target\":{\"@type\":\"EntryPoint\",\"urlTemplate\":\"https:\/\/www.pressenza.com\/it\/?s={search_term_string}\"},\"query-input\":{\"@type\":\"PropertyValueSpecification\",\"valueRequired\":true,\"valueName\":\"search_term_string\"}}],\"inLanguage\":\"it-IT\"},{\"@type\":\"Organization\",\"@id\":\"https:\/\/www.pressenza.com\/it\/#organization\",\"name\":\"Pressenza\",\"url\":\"https:\/\/www.pressenza.com\/it\/\",\"logo\":{\"@type\":\"ImageObject\",\"inLanguage\":\"it-IT\",\"@id\":\"https:\/\/www.pressenza.com\/it\/#\/schema\/logo\/image\/\",\"url\":\"https:\/\/www.pressenza.com\/wp-content\/uploads\/2022\/10\/pressenza_logo_200x200.jpg\",\"contentUrl\":\"https:\/\/www.pressenza.com\/wp-content\/uploads\/2022\/10\/pressenza_logo_200x200.jpg\",\"width\":200,\"height\":200,\"caption\":\"Pressenza\"},\"image\":{\"@id\":\"https:\/\/www.pressenza.com\/it\/#\/schema\/logo\/image\/\"},\"sameAs\":[\"https:\/\/www.facebook.com\/PressenzaItalia\",\"https:\/\/x.com\/PressenzaIPA\"]},{\"@type\":\"Person\",\"@id\":\"https:\/\/www.pressenza.com\/it\/#\/schema\/person\/883a735c40665759bcc6fe0c26bcb46f\",\"name\":\"Redacci\u00f3n Ecuador\",\"description\":\"News published by the Pressenza bureau in Quito, Ecuador\",\"url\":\"https:\/\/www.pressenza.com\/it\/author\/redaccion-ecuador\/\"}]}<\/script>\n<!-- \/ Yoast SEO plugin. -->","yoast_head_json":{"title":"Antonio Carvallo: \u201cLa frammentazione dell\u2019Unione Europea sarebbe una follia\u201d","description":"Riportiamo la trascrizione dell\u2019intervista ad Antonio Carvallo, analista di Pressenza che vive nel sud-est dell\u2019Inghilterra, fatta venerd\u00ec scorso durante","robots":{"index":"index","follow":"follow","max-snippet":"max-snippet:-1","max-image-preview":"max-image-preview:large","max-video-preview":"max-video-preview:-1"},"canonical":"https:\/\/www.pressenza.com\/it\/2016\/06\/antonio-carvallo-la-frammentazione-dellunione-europea-follia\/","og_locale":"it_IT","og_type":"article","og_title":"Antonio Carvallo: \u201cLa frammentazione dell\u2019Unione Europea sarebbe una follia\u201d","og_description":"Riportiamo la trascrizione dell\u2019intervista ad Antonio Carvallo, analista di Pressenza che vive nel sud-est dell\u2019Inghilterra, fatta venerd\u00ec scorso durante","og_url":"https:\/\/www.pressenza.com\/it\/2016\/06\/antonio-carvallo-la-frammentazione-dellunione-europea-follia\/","og_site_name":"Pressenza","article_publisher":"https:\/\/www.facebook.com\/PressenzaItalia","article_published_time":"2016-06-27T09:26:01+00:00","article_modified_time":"2016-06-27T09:27:49+00:00","og_image":[{"width":1040,"height":720,"url":"https:\/\/www.pressenza.com\/wp-content\/uploads\/2016\/06\/Carvallo-En-la-Oreja.jpg","type":"image\/jpeg"}],"author":"Redacci\u00f3n Ecuador","twitter_card":"summary_large_image","twitter_creator":"@PressenzaIPA","twitter_site":"@PressenzaIPA","twitter_misc":{"Scritto da":"Redacci\u00f3n Ecuador","Tempo di lettura stimato":"8 minuti"},"schema":{"@context":"https:\/\/schema.org","@graph":[{"@type":"Article","@id":"https:\/\/www.pressenza.com\/it\/2016\/06\/antonio-carvallo-la-frammentazione-dellunione-europea-follia\/#article","isPartOf":{"@id":"https:\/\/www.pressenza.com\/it\/2016\/06\/antonio-carvallo-la-frammentazione-dellunione-europea-follia\/"},"author":{"name":"Redacci\u00f3n Ecuador","@id":"https:\/\/www.pressenza.com\/it\/#\/schema\/person\/883a735c40665759bcc6fe0c26bcb46f"},"headline":"Antonio Carvallo: \u201cLa frammentazione dell\u2019Unione Europea sarebbe una follia\u201d","datePublished":"2016-06-27T09:26:01+00:00","dateModified":"2016-06-27T09:27:49+00:00","mainEntityOfPage":{"@id":"https:\/\/www.pressenza.com\/it\/2016\/06\/antonio-carvallo-la-frammentazione-dellunione-europea-follia\/"},"wordCount":1544,"publisher":{"@id":"https:\/\/www.pressenza.com\/it\/#organization"},"image":{"@id":"https:\/\/www.pressenza.com\/it\/2016\/06\/antonio-carvallo-la-frammentazione-dellunione-europea-follia\/#primaryimage"},"thumbnailUrl":"https:\/\/www.pressenza.com\/wp-content\/uploads\/2016\/06\/Carvallo-En-la-Oreja.jpg","keywords":["Brexit","Democrazia","elezioni","multinazionali","NATO","radio","Stati Uniti","Unione Europea"],"articleSection":["contenuti originali","Cultura e Media","Europa","Interviste","Politica","Radio"],"inLanguage":"it-IT"},{"@type":"WebPage","@id":"https:\/\/www.pressenza.com\/it\/2016\/06\/antonio-carvallo-la-frammentazione-dellunione-europea-follia\/","url":"https:\/\/www.pressenza.com\/it\/2016\/06\/antonio-carvallo-la-frammentazione-dellunione-europea-follia\/","name":"Antonio Carvallo: \u201cLa frammentazione dell\u2019Unione Europea sarebbe una follia\u201d","isPartOf":{"@id":"https:\/\/www.pressenza.com\/it\/#website"},"primaryImageOfPage":{"@id":"https:\/\/www.pressenza.com\/it\/2016\/06\/antonio-carvallo-la-frammentazione-dellunione-europea-follia\/#primaryimage"},"image":{"@id":"https:\/\/www.pressenza.com\/it\/2016\/06\/antonio-carvallo-la-frammentazione-dellunione-europea-follia\/#primaryimage"},"thumbnailUrl":"https:\/\/www.pressenza.com\/wp-content\/uploads\/2016\/06\/Carvallo-En-la-Oreja.jpg","datePublished":"2016-06-27T09:26:01+00:00","dateModified":"2016-06-27T09:27:49+00:00","description":"Riportiamo la trascrizione dell\u2019intervista ad Antonio Carvallo, analista di Pressenza che vive nel sud-est dell\u2019Inghilterra, fatta venerd\u00ec scorso durante","breadcrumb":{"@id":"https:\/\/www.pressenza.com\/it\/2016\/06\/antonio-carvallo-la-frammentazione-dellunione-europea-follia\/#breadcrumb"},"inLanguage":"it-IT","potentialAction":[{"@type":"ReadAction","target":["https:\/\/www.pressenza.com\/it\/2016\/06\/antonio-carvallo-la-frammentazione-dellunione-europea-follia\/"]}]},{"@type":"ImageObject","inLanguage":"it-IT","@id":"https:\/\/www.pressenza.com\/it\/2016\/06\/antonio-carvallo-la-frammentazione-dellunione-europea-follia\/#primaryimage","url":"https:\/\/www.pressenza.com\/wp-content\/uploads\/2016\/06\/Carvallo-En-la-Oreja.jpg","contentUrl":"https:\/\/www.pressenza.com\/wp-content\/uploads\/2016\/06\/Carvallo-En-la-Oreja.jpg","width":1040,"height":720},{"@type":"BreadcrumbList","@id":"https:\/\/www.pressenza.com\/it\/2016\/06\/antonio-carvallo-la-frammentazione-dellunione-europea-follia\/#breadcrumb","itemListElement":[{"@type":"ListItem","position":1,"name":"Accueil","item":"https:\/\/www.pressenza.com\/it\/"},{"@type":"ListItem","position":2,"name":"Antonio Carvallo: \u201cLa frammentazione dell\u2019Unione Europea sarebbe una follia\u201d"}]},{"@type":"WebSite","@id":"https:\/\/www.pressenza.com\/it\/#website","url":"https:\/\/www.pressenza.com\/it\/","name":"Pressenza","description":"Agenzia di Stampa Internazionale","publisher":{"@id":"https:\/\/www.pressenza.com\/it\/#organization"},"potentialAction":[{"@type":"SearchAction","target":{"@type":"EntryPoint","urlTemplate":"https:\/\/www.pressenza.com\/it\/?s={search_term_string}"},"query-input":{"@type":"PropertyValueSpecification","valueRequired":true,"valueName":"search_term_string"}}],"inLanguage":"it-IT"},{"@type":"Organization","@id":"https:\/\/www.pressenza.com\/it\/#organization","name":"Pressenza","url":"https:\/\/www.pressenza.com\/it\/","logo":{"@type":"ImageObject","inLanguage":"it-IT","@id":"https:\/\/www.pressenza.com\/it\/#\/schema\/logo\/image\/","url":"https:\/\/www.pressenza.com\/wp-content\/uploads\/2022\/10\/pressenza_logo_200x200.jpg","contentUrl":"https:\/\/www.pressenza.com\/wp-content\/uploads\/2022\/10\/pressenza_logo_200x200.jpg","width":200,"height":200,"caption":"Pressenza"},"image":{"@id":"https:\/\/www.pressenza.com\/it\/#\/schema\/logo\/image\/"},"sameAs":["https:\/\/www.facebook.com\/PressenzaItalia","https:\/\/x.com\/PressenzaIPA"]},{"@type":"Person","@id":"https:\/\/www.pressenza.com\/it\/#\/schema\/person\/883a735c40665759bcc6fe0c26bcb46f","name":"Redacci\u00f3n Ecuador","description":"News published by the Pressenza bureau in Quito, Ecuador","url":"https:\/\/www.pressenza.com\/it\/author\/redaccion-ecuador\/"}]}},"place":"","original_article_url":"","_links":{"self":[{"href":"https:\/\/www.pressenza.com\/it\/wp-json\/wp\/v2\/posts\/334120","targetHints":{"allow":["GET"]}}],"collection":[{"href":"https:\/\/www.pressenza.com\/it\/wp-json\/wp\/v2\/posts"}],"about":[{"href":"https:\/\/www.pressenza.com\/it\/wp-json\/wp\/v2\/types\/post"}],"author":[{"embeddable":true,"href":"https:\/\/www.pressenza.com\/it\/wp-json\/wp\/v2\/users\/1011"}],"replies":[{"embeddable":true,"href":"https:\/\/www.pressenza.com\/it\/wp-json\/wp\/v2\/comments?post=334120"}],"version-history":[{"count":0,"href":"https:\/\/www.pressenza.com\/it\/wp-json\/wp\/v2\/posts\/334120\/revisions"}],"wp:featuredmedia":[{"embeddable":true,"href":"https:\/\/www.pressenza.com\/it\/wp-json\/wp\/v2\/media\/333667"}],"wp:attachment":[{"href":"https:\/\/www.pressenza.com\/it\/wp-json\/wp\/v2\/media?parent=334120"}],"wp:term":[{"taxonomy":"category","embeddable":true,"href":"https:\/\/www.pressenza.com\/it\/wp-json\/wp\/v2\/categories?post=334120"},{"taxonomy":"post_tag","embeddable":true,"href":"https:\/\/www.pressenza.com\/it\/wp-json\/wp\/v2\/tags?post=334120"}],"curies":[{"name":"wp","href":"https:\/\/api.w.org\/{rel}","templated":true}]}}