{"id":333315,"date":"2016-06-24T18:54:37","date_gmt":"2016-06-24T17:54:37","guid":{"rendered":"http:\/\/www.pressenza.com\/it\/?p=333315"},"modified":"2016-06-24T18:54:37","modified_gmt":"2016-06-24T17:54:37","slug":"lonu-ceta-ttip-violano-diritti-umani-24-mila-firmano-progressi-dire-no-ai-trattati%e2%80%8f","status":"publish","type":"post","link":"https:\/\/www.pressenza.com\/it\/2016\/06\/lonu-ceta-ttip-violano-diritti-umani-24-mila-firmano-progressi-dire-no-ai-trattati%e2%80%8f\/","title":{"rendered":"L&#8217;Onu: CETA e TTIP violano i diritti umani. In 24 mila firmano su Progressi per dire no ai trattati\u200f"},"content":{"rendered":"<p style=\"text-align: left;\" align=\"CENTER\"><strong>Il monito dell&#8217;Onu: CETA e TTIP violano i diritti umani<\/strong><\/p>\n<p style=\"text-align: left;\" align=\"CENTER\"><strong>In 24 mila si mobilitano online per dire no ai trattati commerciali con USA e Canada<\/strong><\/p>\n<p align=\"JUSTIFY\">24 giugno 2016 \u2013\u00a0All&#8217;indomani del Brexit, arriva dall&#8217;Onu la dura condanna dei\u00a0trattati di libero commercio, TTIP e CETA, che la Commissione sta negoziando &#8211; in segreto \u2013 con Stati Uniti e Canada, rispettivamente.<\/p>\n<p>\u201cLa ratifica del CETA e del TTIP potrebbe avviare una corsa al ribasso in termini di diritti umani\u00a0e potrebbe compromettere seriamente lo spazio di regolamentazione degli Stati. Tutto ci\u00f2 \u00e8 contrario agli scopi e ai principi della Carta ONU e andrebbe a rappresentare un serio ostacolo al raggiungimento di un ordine internazionale democratico e giusto\u201d. Sono le parole di Alfred de Zayas, esperto di diritti umani delle Nazioni Unite, che avverte dei pericoli a cui andremo incontro scavalcando i parlamenti nazionali nei controversi accordi commerciali.<\/p>\n<p>Infatti i negoziati di TTIP e CETA stanno avvenendo a porte chiuse da mesi, nonostante la pressione forte della societ\u00e0 civile, soprattutto in Nord Europa.\u00a0Diversi studi confermano che con i nuovi trattati commerciali sono a rischio la tutela ambientale, i diritti del lavoro e la stessa salute pubblica, dato che andremmo a importare prodotti alimentari e chimici da Stati Uniti e Canada, dove gli standard sono notoriamente diversi. Tutto questo di certo non favorirebbe le piccole e medie imprese del comparto agroalimentare italiano, in rapporto asimmetrico rispetto alle multinazionali alimentari americane. Altro punto inaccettabile \u00e8 il cosiddetto ISDS, ovvero la possibilit\u00e0 per quelle grandi imprese di rivalersi sui singoli Stati nel caso cambiassero le leggi a tutela di cittadini e consumatori e questo ne riducesse i profitti.<\/p>\n<p>Il monito ONU arriva a una settimana dal voto in Consiglio Europeo sulla competenza del CETA,il trattato tra UE e Canada, ovvero si decider\u00e0 se includere i parlamenti dei singoli paesi europei nella ratifica oppure se sar\u00e0 solo la Commissione a decidere. La scelta\u00a0potrebbe essere accelerata dall&#8217;interesse a chiudere l&#8217;accordo prima che il Regno Unito lasci l&#8217;Unione.<\/p>\n<p>Il ministro dello Sviluppo Economico italiano, Carlo Calenda, \u00e8 il primo e pi\u00f9 determinato sostenitore della seconda opzione, che negherebbe il coinvolgimento dei parlamenti.<\/p>\n<p>\u201cSiamo impegnati per garantire la legittimit\u00e0 democratica degli accordi, che devono passare al vaglio dei parlamentari, perch\u00e9 finora sono stati condotti in assoluta segretezza, escludendo le nostre istituzioni e la societ\u00e0 civile&#8221; afferma Vittorio Longhi, fondatore di Progressi.<\/p>\n<p>Migliaia di cittadini si stanno mobilitando infatti per chiedere al ministro di consentire una discussione democratica.\u00a0In 20 mila hanno firmato la petizione contro il TTIP\u00a0<a href=\"http:\/\/www.progressi.org\/fuorittip\" target=\"_blank\">http:\/\/www.progressi.org\/fuorittip<\/a>, oltre 4000 in pochi giorni hanno chiesto trasparenza sul CETA\u00a0<a href=\"http:\/\/www.progressi.org\/stopceta\" target=\"_blank\">http:\/\/www.progressi.org\/stopceta<\/a>.<\/p>\n<p>De Zayas invita i governi ad assicurare una corretta informazione e la consultazione popolare sui trattati, anche perch\u00e9 da un sondaggio della Commissione europea del 2014 risulterebbe che ben il 97% degli europei \u00e8 contrario ai contenuti del TTIP e per il CETA il discorso non cambia.<\/p>\n<p>&#8220;Non sono certo gli Stati a dover garantire i profitti agli investitori o alle multinazionali, il loro unico compito \u00e8 di legiferare e regolamentare in nome dell&#8217;interesse pubblico, della salute e dell&#8217;ambiente, dei diritti del lavoro e della sicurezza alimentare\u201d ha precisato il funzionario ONU.<\/p>\n","protected":false},"excerpt":{"rendered":"<p>Il monito dell&#8217;Onu: CETA e TTIP violano i diritti umani In 24 mila si mobilitano online per dire no ai trattati commerciali con USA e Canada 24 giugno 2016 \u2013\u00a0All&#8217;indomani del Brexit, arriva dall&#8217;Onu la dura condanna dei\u00a0trattati di libero&hellip;<\/p>\n","protected":false},"author":594,"featured_media":333317,"comment_status":"closed","ping_status":"closed","sticky":false,"template":"","format":"standard","meta":{"footnotes":""},"categories":[150,60,47,49],"tags":[28260,2404,7363,897,22207,208,1564,14410,7364,1453],"class_list":["post-333315","post","type-post","status-publish","format-standard","has-post-thumbnail","hentry","category-comunicati-stampa","category-diritti-umani","category-europa","category-nord-america","tag-accordi-transatlantici","tag-canada","tag-ceta-it","tag-diritti-umani","tag-europa","tag-onu","tag-petizione","tag-progressi","tag-ttip-it","tag-usa-it"],"yoast_head":"<!-- This site is optimized with the Yoast SEO plugin v27.1.1 - https:\/\/yoast.com\/product\/yoast-seo-wordpress\/ -->\n<title>L&#039;Onu: CETA e TTIP violano i diritti umani. In 24 mila firmano su Progressi per dire no ai trattati\u200f<\/title>\n<meta name=\"description\" content=\"Il monito dell&#039;Onu: CETA e TTIP violano i diritti umani In 24 mila si mobilitano online per dire no ai trattati commerciali con USA e Canada 24 giugno\" \/>\n<meta name=\"robots\" content=\"index, follow, max-snippet:-1, max-image-preview:large, max-video-preview:-1\" \/>\n<link rel=\"canonical\" href=\"https:\/\/www.pressenza.com\/it\/2016\/06\/lonu-ceta-ttip-violano-diritti-umani-24-mila-firmano-progressi-dire-no-ai-trattati%e2%80%8f\/\" \/>\n<meta property=\"og:locale\" content=\"it_IT\" \/>\n<meta property=\"og:type\" content=\"article\" \/>\n<meta property=\"og:title\" content=\"L&#039;Onu: CETA e TTIP violano i diritti umani. In 24 mila firmano su Progressi per dire no ai trattati\u200f\" \/>\n<meta property=\"og:description\" content=\"Il monito dell&#039;Onu: CETA e TTIP violano i diritti umani In 24 mila si mobilitano online per dire no ai trattati commerciali con USA e Canada 24 giugno\" \/>\n<meta property=\"og:url\" content=\"https:\/\/www.pressenza.com\/it\/2016\/06\/lonu-ceta-ttip-violano-diritti-umani-24-mila-firmano-progressi-dire-no-ai-trattati%e2%80%8f\/\" \/>\n<meta property=\"og:site_name\" content=\"Pressenza\" \/>\n<meta property=\"article:publisher\" content=\"https:\/\/www.facebook.com\/PressenzaItalia\" \/>\n<meta property=\"article:author\" content=\"https:\/\/www.facebook.com\/PressenzaItalia\" \/>\n<meta property=\"article:published_time\" content=\"2016-06-24T17:54:37+00:00\" \/>\n<meta property=\"og:image\" content=\"https:\/\/www.pressenza.com\/wp-content\/uploads\/2016\/06\/fuori-ttip-progressi.jpg\" \/>\n\t<meta property=\"og:image:width\" content=\"622\" \/>\n\t<meta property=\"og:image:height\" content=\"416\" \/>\n\t<meta property=\"og:image:type\" content=\"image\/jpeg\" \/>\n<meta name=\"author\" content=\"Redazione Italia\" \/>\n<meta name=\"twitter:card\" content=\"summary_large_image\" \/>\n<meta name=\"twitter:creator\" content=\"@pressenza_it\" \/>\n<meta name=\"twitter:site\" content=\"@PressenzaIPA\" \/>\n<meta name=\"twitter:label1\" content=\"Scritto da\" \/>\n\t<meta name=\"twitter:data1\" content=\"Redazione Italia\" \/>\n\t<meta name=\"twitter:label2\" content=\"Tempo di lettura stimato\" \/>\n\t<meta name=\"twitter:data2\" content=\"3 minuti\" \/>\n<script type=\"application\/ld+json\" class=\"yoast-schema-graph\">{\"@context\":\"https:\/\/schema.org\",\"@graph\":[{\"@type\":\"Article\",\"@id\":\"https:\/\/www.pressenza.com\/it\/2016\/06\/lonu-ceta-ttip-violano-diritti-umani-24-mila-firmano-progressi-dire-no-ai-trattati%e2%80%8f\/#article\",\"isPartOf\":{\"@id\":\"https:\/\/www.pressenza.com\/it\/2016\/06\/lonu-ceta-ttip-violano-diritti-umani-24-mila-firmano-progressi-dire-no-ai-trattati%e2%80%8f\/\"},\"author\":{\"name\":\"Redazione Italia\",\"@id\":\"https:\/\/www.pressenza.com\/it\/#\/schema\/person\/d983e81827ae24f2c7b1a2123d197f8d\"},\"headline\":\"L&#8217;Onu: CETA e TTIP violano i diritti umani. In 24 mila firmano su Progressi per dire no ai trattati\u200f\",\"datePublished\":\"2016-06-24T17:54:37+00:00\",\"mainEntityOfPage\":{\"@id\":\"https:\/\/www.pressenza.com\/it\/2016\/06\/lonu-ceta-ttip-violano-diritti-umani-24-mila-firmano-progressi-dire-no-ai-trattati%e2%80%8f\/\"},\"wordCount\":547,\"publisher\":{\"@id\":\"https:\/\/www.pressenza.com\/it\/#organization\"},\"image\":{\"@id\":\"https:\/\/www.pressenza.com\/it\/2016\/06\/lonu-ceta-ttip-violano-diritti-umani-24-mila-firmano-progressi-dire-no-ai-trattati%e2%80%8f\/#primaryimage\"},\"thumbnailUrl\":\"https:\/\/www.pressenza.com\/wp-content\/uploads\/2016\/06\/fuori-ttip-progressi.jpg\",\"keywords\":[\"accordi transatlantici\",\"Canada\",\"CETA\",\"diritti umani\",\"Europa\",\"ONU\",\"petizione\",\"progressi\",\"TTIP\",\"USA\"],\"articleSection\":[\"Comunicati Stampa\",\"Diritti Umani\",\"Europa\",\"Nord America\"],\"inLanguage\":\"it-IT\"},{\"@type\":\"WebPage\",\"@id\":\"https:\/\/www.pressenza.com\/it\/2016\/06\/lonu-ceta-ttip-violano-diritti-umani-24-mila-firmano-progressi-dire-no-ai-trattati%e2%80%8f\/\",\"url\":\"https:\/\/www.pressenza.com\/it\/2016\/06\/lonu-ceta-ttip-violano-diritti-umani-24-mila-firmano-progressi-dire-no-ai-trattati%e2%80%8f\/\",\"name\":\"L'Onu: CETA e TTIP violano i diritti umani. In 24 mila firmano su Progressi per dire no ai trattati\u200f\",\"isPartOf\":{\"@id\":\"https:\/\/www.pressenza.com\/it\/#website\"},\"primaryImageOfPage\":{\"@id\":\"https:\/\/www.pressenza.com\/it\/2016\/06\/lonu-ceta-ttip-violano-diritti-umani-24-mila-firmano-progressi-dire-no-ai-trattati%e2%80%8f\/#primaryimage\"},\"image\":{\"@id\":\"https:\/\/www.pressenza.com\/it\/2016\/06\/lonu-ceta-ttip-violano-diritti-umani-24-mila-firmano-progressi-dire-no-ai-trattati%e2%80%8f\/#primaryimage\"},\"thumbnailUrl\":\"https:\/\/www.pressenza.com\/wp-content\/uploads\/2016\/06\/fuori-ttip-progressi.jpg\",\"datePublished\":\"2016-06-24T17:54:37+00:00\",\"description\":\"Il monito dell'Onu: CETA e TTIP violano i diritti umani In 24 mila si mobilitano online per dire no ai trattati commerciali con USA e Canada 24 giugno\",\"breadcrumb\":{\"@id\":\"https:\/\/www.pressenza.com\/it\/2016\/06\/lonu-ceta-ttip-violano-diritti-umani-24-mila-firmano-progressi-dire-no-ai-trattati%e2%80%8f\/#breadcrumb\"},\"inLanguage\":\"it-IT\",\"potentialAction\":[{\"@type\":\"ReadAction\",\"target\":[\"https:\/\/www.pressenza.com\/it\/2016\/06\/lonu-ceta-ttip-violano-diritti-umani-24-mila-firmano-progressi-dire-no-ai-trattati%e2%80%8f\/\"]}]},{\"@type\":\"ImageObject\",\"inLanguage\":\"it-IT\",\"@id\":\"https:\/\/www.pressenza.com\/it\/2016\/06\/lonu-ceta-ttip-violano-diritti-umani-24-mila-firmano-progressi-dire-no-ai-trattati%e2%80%8f\/#primaryimage\",\"url\":\"https:\/\/www.pressenza.com\/wp-content\/uploads\/2016\/06\/fuori-ttip-progressi.jpg\",\"contentUrl\":\"https:\/\/www.pressenza.com\/wp-content\/uploads\/2016\/06\/fuori-ttip-progressi.jpg\",\"width\":622,\"height\":416},{\"@type\":\"BreadcrumbList\",\"@id\":\"https:\/\/www.pressenza.com\/it\/2016\/06\/lonu-ceta-ttip-violano-diritti-umani-24-mila-firmano-progressi-dire-no-ai-trattati%e2%80%8f\/#breadcrumb\",\"itemListElement\":[{\"@type\":\"ListItem\",\"position\":1,\"name\":\"Accueil\",\"item\":\"https:\/\/www.pressenza.com\/it\/\"},{\"@type\":\"ListItem\",\"position\":2,\"name\":\"L&#8217;Onu: CETA e TTIP violano i diritti umani. In 24 mila firmano su Progressi per dire no ai trattati\u200f\"}]},{\"@type\":\"WebSite\",\"@id\":\"https:\/\/www.pressenza.com\/it\/#website\",\"url\":\"https:\/\/www.pressenza.com\/it\/\",\"name\":\"Pressenza\",\"description\":\"Agenzia di Stampa Internazionale\",\"publisher\":{\"@id\":\"https:\/\/www.pressenza.com\/it\/#organization\"},\"potentialAction\":[{\"@type\":\"SearchAction\",\"target\":{\"@type\":\"EntryPoint\",\"urlTemplate\":\"https:\/\/www.pressenza.com\/it\/?s={search_term_string}\"},\"query-input\":{\"@type\":\"PropertyValueSpecification\",\"valueRequired\":true,\"valueName\":\"search_term_string\"}}],\"inLanguage\":\"it-IT\"},{\"@type\":\"Organization\",\"@id\":\"https:\/\/www.pressenza.com\/it\/#organization\",\"name\":\"Pressenza\",\"url\":\"https:\/\/www.pressenza.com\/it\/\",\"logo\":{\"@type\":\"ImageObject\",\"inLanguage\":\"it-IT\",\"@id\":\"https:\/\/www.pressenza.com\/it\/#\/schema\/logo\/image\/\",\"url\":\"https:\/\/www.pressenza.com\/wp-content\/uploads\/2022\/10\/pressenza_logo_200x200.jpg\",\"contentUrl\":\"https:\/\/www.pressenza.com\/wp-content\/uploads\/2022\/10\/pressenza_logo_200x200.jpg\",\"width\":200,\"height\":200,\"caption\":\"Pressenza\"},\"image\":{\"@id\":\"https:\/\/www.pressenza.com\/it\/#\/schema\/logo\/image\/\"},\"sameAs\":[\"https:\/\/www.facebook.com\/PressenzaItalia\",\"https:\/\/x.com\/PressenzaIPA\"]},{\"@type\":\"Person\",\"@id\":\"https:\/\/www.pressenza.com\/it\/#\/schema\/person\/d983e81827ae24f2c7b1a2123d197f8d\",\"name\":\"Redazione Italia\",\"description\":\"News from the Pressenza Bureau in Italy\",\"sameAs\":[\"https:\/\/www.pressenza.com\/it\/author\/redazione-italia\/\",\"https:\/\/www.facebook.com\/PressenzaItalia\",\"https:\/\/www.instagram.com\/pressenza_italia\/\",\"https:\/\/x.com\/pressenza_it\",\"https:\/\/www.youtube.com\/channel\/UCSalEIWjE1RSxkwjfftFuqg\"],\"url\":\"https:\/\/www.pressenza.com\/it\/author\/redazione-italia\/\"}]}<\/script>\n<!-- \/ Yoast SEO plugin. -->","yoast_head_json":{"title":"L'Onu: CETA e TTIP violano i diritti umani. In 24 mila firmano su Progressi per dire no ai trattati\u200f","description":"Il monito dell'Onu: CETA e TTIP violano i diritti umani In 24 mila si mobilitano online per dire no ai trattati commerciali con USA e Canada 24 giugno","robots":{"index":"index","follow":"follow","max-snippet":"max-snippet:-1","max-image-preview":"max-image-preview:large","max-video-preview":"max-video-preview:-1"},"canonical":"https:\/\/www.pressenza.com\/it\/2016\/06\/lonu-ceta-ttip-violano-diritti-umani-24-mila-firmano-progressi-dire-no-ai-trattati%e2%80%8f\/","og_locale":"it_IT","og_type":"article","og_title":"L'Onu: CETA e TTIP violano i diritti umani. In 24 mila firmano su Progressi per dire no ai trattati\u200f","og_description":"Il monito dell'Onu: CETA e TTIP violano i diritti umani In 24 mila si mobilitano online per dire no ai trattati commerciali con USA e Canada 24 giugno","og_url":"https:\/\/www.pressenza.com\/it\/2016\/06\/lonu-ceta-ttip-violano-diritti-umani-24-mila-firmano-progressi-dire-no-ai-trattati%e2%80%8f\/","og_site_name":"Pressenza","article_publisher":"https:\/\/www.facebook.com\/PressenzaItalia","article_author":"https:\/\/www.facebook.com\/PressenzaItalia","article_published_time":"2016-06-24T17:54:37+00:00","og_image":[{"width":622,"height":416,"url":"https:\/\/www.pressenza.com\/wp-content\/uploads\/2016\/06\/fuori-ttip-progressi.jpg","type":"image\/jpeg"}],"author":"Redazione Italia","twitter_card":"summary_large_image","twitter_creator":"@pressenza_it","twitter_site":"@PressenzaIPA","twitter_misc":{"Scritto da":"Redazione Italia","Tempo di lettura stimato":"3 minuti"},"schema":{"@context":"https:\/\/schema.org","@graph":[{"@type":"Article","@id":"https:\/\/www.pressenza.com\/it\/2016\/06\/lonu-ceta-ttip-violano-diritti-umani-24-mila-firmano-progressi-dire-no-ai-trattati%e2%80%8f\/#article","isPartOf":{"@id":"https:\/\/www.pressenza.com\/it\/2016\/06\/lonu-ceta-ttip-violano-diritti-umani-24-mila-firmano-progressi-dire-no-ai-trattati%e2%80%8f\/"},"author":{"name":"Redazione Italia","@id":"https:\/\/www.pressenza.com\/it\/#\/schema\/person\/d983e81827ae24f2c7b1a2123d197f8d"},"headline":"L&#8217;Onu: CETA e TTIP violano i diritti umani. In 24 mila firmano su Progressi per dire no ai trattati\u200f","datePublished":"2016-06-24T17:54:37+00:00","mainEntityOfPage":{"@id":"https:\/\/www.pressenza.com\/it\/2016\/06\/lonu-ceta-ttip-violano-diritti-umani-24-mila-firmano-progressi-dire-no-ai-trattati%e2%80%8f\/"},"wordCount":547,"publisher":{"@id":"https:\/\/www.pressenza.com\/it\/#organization"},"image":{"@id":"https:\/\/www.pressenza.com\/it\/2016\/06\/lonu-ceta-ttip-violano-diritti-umani-24-mila-firmano-progressi-dire-no-ai-trattati%e2%80%8f\/#primaryimage"},"thumbnailUrl":"https:\/\/www.pressenza.com\/wp-content\/uploads\/2016\/06\/fuori-ttip-progressi.jpg","keywords":["accordi transatlantici","Canada","CETA","diritti umani","Europa","ONU","petizione","progressi","TTIP","USA"],"articleSection":["Comunicati Stampa","Diritti Umani","Europa","Nord America"],"inLanguage":"it-IT"},{"@type":"WebPage","@id":"https:\/\/www.pressenza.com\/it\/2016\/06\/lonu-ceta-ttip-violano-diritti-umani-24-mila-firmano-progressi-dire-no-ai-trattati%e2%80%8f\/","url":"https:\/\/www.pressenza.com\/it\/2016\/06\/lonu-ceta-ttip-violano-diritti-umani-24-mila-firmano-progressi-dire-no-ai-trattati%e2%80%8f\/","name":"L'Onu: CETA e TTIP violano i diritti umani. In 24 mila firmano su Progressi per dire no ai trattati\u200f","isPartOf":{"@id":"https:\/\/www.pressenza.com\/it\/#website"},"primaryImageOfPage":{"@id":"https:\/\/www.pressenza.com\/it\/2016\/06\/lonu-ceta-ttip-violano-diritti-umani-24-mila-firmano-progressi-dire-no-ai-trattati%e2%80%8f\/#primaryimage"},"image":{"@id":"https:\/\/www.pressenza.com\/it\/2016\/06\/lonu-ceta-ttip-violano-diritti-umani-24-mila-firmano-progressi-dire-no-ai-trattati%e2%80%8f\/#primaryimage"},"thumbnailUrl":"https:\/\/www.pressenza.com\/wp-content\/uploads\/2016\/06\/fuori-ttip-progressi.jpg","datePublished":"2016-06-24T17:54:37+00:00","description":"Il monito dell'Onu: CETA e TTIP violano i diritti umani In 24 mila si mobilitano online per dire no ai trattati commerciali con USA e Canada 24 giugno","breadcrumb":{"@id":"https:\/\/www.pressenza.com\/it\/2016\/06\/lonu-ceta-ttip-violano-diritti-umani-24-mila-firmano-progressi-dire-no-ai-trattati%e2%80%8f\/#breadcrumb"},"inLanguage":"it-IT","potentialAction":[{"@type":"ReadAction","target":["https:\/\/www.pressenza.com\/it\/2016\/06\/lonu-ceta-ttip-violano-diritti-umani-24-mila-firmano-progressi-dire-no-ai-trattati%e2%80%8f\/"]}]},{"@type":"ImageObject","inLanguage":"it-IT","@id":"https:\/\/www.pressenza.com\/it\/2016\/06\/lonu-ceta-ttip-violano-diritti-umani-24-mila-firmano-progressi-dire-no-ai-trattati%e2%80%8f\/#primaryimage","url":"https:\/\/www.pressenza.com\/wp-content\/uploads\/2016\/06\/fuori-ttip-progressi.jpg","contentUrl":"https:\/\/www.pressenza.com\/wp-content\/uploads\/2016\/06\/fuori-ttip-progressi.jpg","width":622,"height":416},{"@type":"BreadcrumbList","@id":"https:\/\/www.pressenza.com\/it\/2016\/06\/lonu-ceta-ttip-violano-diritti-umani-24-mila-firmano-progressi-dire-no-ai-trattati%e2%80%8f\/#breadcrumb","itemListElement":[{"@type":"ListItem","position":1,"name":"Accueil","item":"https:\/\/www.pressenza.com\/it\/"},{"@type":"ListItem","position":2,"name":"L&#8217;Onu: CETA e TTIP violano i diritti umani. In 24 mila firmano su Progressi per dire no ai trattati\u200f"}]},{"@type":"WebSite","@id":"https:\/\/www.pressenza.com\/it\/#website","url":"https:\/\/www.pressenza.com\/it\/","name":"Pressenza","description":"Agenzia di Stampa Internazionale","publisher":{"@id":"https:\/\/www.pressenza.com\/it\/#organization"},"potentialAction":[{"@type":"SearchAction","target":{"@type":"EntryPoint","urlTemplate":"https:\/\/www.pressenza.com\/it\/?s={search_term_string}"},"query-input":{"@type":"PropertyValueSpecification","valueRequired":true,"valueName":"search_term_string"}}],"inLanguage":"it-IT"},{"@type":"Organization","@id":"https:\/\/www.pressenza.com\/it\/#organization","name":"Pressenza","url":"https:\/\/www.pressenza.com\/it\/","logo":{"@type":"ImageObject","inLanguage":"it-IT","@id":"https:\/\/www.pressenza.com\/it\/#\/schema\/logo\/image\/","url":"https:\/\/www.pressenza.com\/wp-content\/uploads\/2022\/10\/pressenza_logo_200x200.jpg","contentUrl":"https:\/\/www.pressenza.com\/wp-content\/uploads\/2022\/10\/pressenza_logo_200x200.jpg","width":200,"height":200,"caption":"Pressenza"},"image":{"@id":"https:\/\/www.pressenza.com\/it\/#\/schema\/logo\/image\/"},"sameAs":["https:\/\/www.facebook.com\/PressenzaItalia","https:\/\/x.com\/PressenzaIPA"]},{"@type":"Person","@id":"https:\/\/www.pressenza.com\/it\/#\/schema\/person\/d983e81827ae24f2c7b1a2123d197f8d","name":"Redazione Italia","description":"News from the Pressenza Bureau in Italy","sameAs":["https:\/\/www.pressenza.com\/it\/author\/redazione-italia\/","https:\/\/www.facebook.com\/PressenzaItalia","https:\/\/www.instagram.com\/pressenza_italia\/","https:\/\/x.com\/pressenza_it","https:\/\/www.youtube.com\/channel\/UCSalEIWjE1RSxkwjfftFuqg"],"url":"https:\/\/www.pressenza.com\/it\/author\/redazione-italia\/"}]}},"place":"","original_article_url":"","_links":{"self":[{"href":"https:\/\/www.pressenza.com\/it\/wp-json\/wp\/v2\/posts\/333315","targetHints":{"allow":["GET"]}}],"collection":[{"href":"https:\/\/www.pressenza.com\/it\/wp-json\/wp\/v2\/posts"}],"about":[{"href":"https:\/\/www.pressenza.com\/it\/wp-json\/wp\/v2\/types\/post"}],"author":[{"embeddable":true,"href":"https:\/\/www.pressenza.com\/it\/wp-json\/wp\/v2\/users\/594"}],"replies":[{"embeddable":true,"href":"https:\/\/www.pressenza.com\/it\/wp-json\/wp\/v2\/comments?post=333315"}],"version-history":[{"count":0,"href":"https:\/\/www.pressenza.com\/it\/wp-json\/wp\/v2\/posts\/333315\/revisions"}],"wp:featuredmedia":[{"embeddable":true,"href":"https:\/\/www.pressenza.com\/it\/wp-json\/wp\/v2\/media\/333317"}],"wp:attachment":[{"href":"https:\/\/www.pressenza.com\/it\/wp-json\/wp\/v2\/media?parent=333315"}],"wp:term":[{"taxonomy":"category","embeddable":true,"href":"https:\/\/www.pressenza.com\/it\/wp-json\/wp\/v2\/categories?post=333315"},{"taxonomy":"post_tag","embeddable":true,"href":"https:\/\/www.pressenza.com\/it\/wp-json\/wp\/v2\/tags?post=333315"}],"curies":[{"name":"wp","href":"https:\/\/api.w.org\/{rel}","templated":true}]}}