{"id":332678,"date":"2016-06-23T18:00:20","date_gmt":"2016-06-23T17:00:20","guid":{"rendered":"http:\/\/www.pressenza.com\/it\/?p=332678"},"modified":"2016-06-23T18:43:49","modified_gmt":"2016-06-23T17:43:49","slug":"referendum-sociali-lobiettivo-vicino-al-via-lultimo-weekend-raccolta-firme","status":"publish","type":"post","link":"https:\/\/www.pressenza.com\/it\/2016\/06\/referendum-sociali-lobiettivo-vicino-al-via-lultimo-weekend-raccolta-firme\/","title":{"rendered":"Referendum sociali, l&#8217;obiettivo \u00e8 vicino. Al via l&#8217;ultimo weekend di raccolta firme"},"content":{"rendered":"<p>Dopo <strong>tre mesi<\/strong> di uno sforzo capillare sul territorio, di una mobilitazione di decine di migliaia di volontari e volontarie su e gi\u00f9 per lo Stivale, \u00e8 arrivato il momento dello <strong>sprint finale<\/strong>: <strong>sabato 25<\/strong> e <strong>domenica 26 giugno<\/strong> \u00e8 l&#8217;ultimo <em>firma day<\/em> della campagna dei <strong>Referendum Sociali<\/strong>.<\/p>\n<p>Sar\u00e0 possibile firmare i <strong>4 quesiti<\/strong> <strong>contro la legge 107<\/strong>, la cattiva scuola di Renzi, i <strong>2 quesiti ambientali<\/strong> contro la costruzione di nuovi inceneritori e il permesso di trivellare per mare e per terra, e la <strong>petizione popolare<\/strong> contro la direttiva del ministro Marianna <strong>Madia<\/strong> volta a privatizzare <strong>l&#8217;acqua e i servizi pubblici<\/strong>.<\/p>\n<p>L&#8217;obiettivo \u00e8 a portata di mano. L&#8217;appuntamento per consegnare i preziosi scatoloni in Cassazione \u00e8 gi\u00e0 fissato per il <strong>5 luglio prossimo<\/strong>. Dopo questo fine settimana comunque la <strong>raccolta firme continuer\u00e0 fino a fine mese<\/strong>, nelle sedi delle sigle promotrici e dove sar\u00e0 ancora possibile organizzare banchetti.<\/p>\n<p>Per trovare tutte le informazioni, i banchetti e gli eventi del fine settimana e oltre <a href=\"http:\/\/www.referendumsociali.info\"><em>www.referendumsociali.info<\/em><\/a><\/p>\n<p>&nbsp;<\/p>\n<p><strong><em>Forum\u00a0<\/em><\/strong><strong><em>Italiano dei Movimenti per l&#8217;<\/em><\/strong><strong><em>Acqua<\/em><\/strong><strong><em><br \/>\nMovimento per la scuola pubblica<br \/>\nCampagna &#8220;Stop devastazioni&#8221;, per i diritti sociali ed ambientali<\/em><\/strong><\/p>\n","protected":false},"excerpt":{"rendered":"<p>Dopo tre mesi di uno sforzo capillare sul territorio, di una mobilitazione di decine di migliaia di volontari e volontarie su e gi\u00f9 per lo Stivale, \u00e8 arrivato il momento dello sprint finale: sabato 25 e domenica 26 giugno \u00e8&hellip;<\/p>\n","protected":false},"author":594,"featured_media":332686,"comment_status":"closed","ping_status":"closed","sticky":false,"template":"","format":"standard","meta":{"footnotes":""},"categories":[150,60,59,47],"tags":[1644,28231,25823,1414],"class_list":["post-332678","post","type-post","status-publish","format-standard","has-post-thumbnail","hentry","category-comunicati-stampa","category-diritti-umani","category-ambiente-ecologia","category-europa","tag-acqua-pubblica","tag-campagna-stop-devastazioni","tag-referendum-sociali","tag-scuola-pubblica"],"yoast_head":"<!-- This site is optimized with the Yoast SEO plugin v27.1.1 - https:\/\/yoast.com\/product\/yoast-seo-wordpress\/ -->\n<title>Referendum sociali, l&#039;obiettivo \u00e8 vicino. Al via l&#039;ultimo weekend di raccolta firme<\/title>\n<meta name=\"description\" content=\"Dopo tre mesi di uno sforzo capillare sul territorio, di una mobilitazione di decine di migliaia di volontari e volontarie su e gi\u00f9 per lo Stivale, \u00e8\" \/>\n<meta name=\"robots\" content=\"index, follow, max-snippet:-1, max-image-preview:large, max-video-preview:-1\" \/>\n<link rel=\"canonical\" href=\"https:\/\/www.pressenza.com\/it\/2016\/06\/referendum-sociali-lobiettivo-vicino-al-via-lultimo-weekend-raccolta-firme\/\" \/>\n<meta property=\"og:locale\" content=\"it_IT\" \/>\n<meta property=\"og:type\" content=\"article\" \/>\n<meta property=\"og:title\" content=\"Referendum sociali, l&#039;obiettivo \u00e8 vicino. Al via l&#039;ultimo weekend di raccolta firme\" \/>\n<meta property=\"og:description\" content=\"Dopo tre mesi di uno sforzo capillare sul territorio, di una mobilitazione di decine di migliaia di volontari e volontarie su e gi\u00f9 per lo Stivale, \u00e8\" \/>\n<meta property=\"og:url\" content=\"https:\/\/www.pressenza.com\/it\/2016\/06\/referendum-sociali-lobiettivo-vicino-al-via-lultimo-weekend-raccolta-firme\/\" \/>\n<meta property=\"og:site_name\" content=\"Pressenza\" \/>\n<meta property=\"article:publisher\" content=\"https:\/\/www.facebook.com\/PressenzaItalia\" \/>\n<meta property=\"article:author\" content=\"https:\/\/www.facebook.com\/PressenzaItalia\" \/>\n<meta property=\"article:published_time\" content=\"2016-06-23T17:00:20+00:00\" \/>\n<meta property=\"article:modified_time\" content=\"2016-06-23T17:43:49+00:00\" \/>\n<meta property=\"og:image\" content=\"https:\/\/www.pressenza.com\/wp-content\/uploads\/2016\/06\/referendum.jpg\" \/>\n\t<meta property=\"og:image:width\" content=\"2048\" \/>\n\t<meta property=\"og:image:height\" content=\"1356\" \/>\n\t<meta property=\"og:image:type\" content=\"image\/jpeg\" \/>\n<meta name=\"author\" content=\"Redazione Italia\" \/>\n<meta name=\"twitter:card\" content=\"summary_large_image\" \/>\n<meta name=\"twitter:creator\" content=\"@pressenza_it\" \/>\n<meta name=\"twitter:site\" content=\"@PressenzaIPA\" \/>\n<meta name=\"twitter:label1\" content=\"Scritto da\" \/>\n\t<meta name=\"twitter:data1\" content=\"Redazione Italia\" \/>\n\t<meta name=\"twitter:label2\" content=\"Tempo di lettura stimato\" \/>\n\t<meta name=\"twitter:data2\" content=\"1 minuto\" \/>\n<script type=\"application\/ld+json\" class=\"yoast-schema-graph\">{\"@context\":\"https:\/\/schema.org\",\"@graph\":[{\"@type\":\"Article\",\"@id\":\"https:\/\/www.pressenza.com\/it\/2016\/06\/referendum-sociali-lobiettivo-vicino-al-via-lultimo-weekend-raccolta-firme\/#article\",\"isPartOf\":{\"@id\":\"https:\/\/www.pressenza.com\/it\/2016\/06\/referendum-sociali-lobiettivo-vicino-al-via-lultimo-weekend-raccolta-firme\/\"},\"author\":{\"name\":\"Redazione Italia\",\"@id\":\"https:\/\/www.pressenza.com\/it\/#\/schema\/person\/d983e81827ae24f2c7b1a2123d197f8d\"},\"headline\":\"Referendum sociali, l&#8217;obiettivo \u00e8 vicino. Al via l&#8217;ultimo weekend di raccolta firme\",\"datePublished\":\"2016-06-23T17:00:20+00:00\",\"dateModified\":\"2016-06-23T17:43:49+00:00\",\"mainEntityOfPage\":{\"@id\":\"https:\/\/www.pressenza.com\/it\/2016\/06\/referendum-sociali-lobiettivo-vicino-al-via-lultimo-weekend-raccolta-firme\/\"},\"wordCount\":196,\"publisher\":{\"@id\":\"https:\/\/www.pressenza.com\/it\/#organization\"},\"image\":{\"@id\":\"https:\/\/www.pressenza.com\/it\/2016\/06\/referendum-sociali-lobiettivo-vicino-al-via-lultimo-weekend-raccolta-firme\/#primaryimage\"},\"thumbnailUrl\":\"https:\/\/www.pressenza.com\/wp-content\/uploads\/2016\/06\/referendum.jpg\",\"keywords\":[\"acqua pubblica\",\"Campagna Stop devastazioni\",\"referendum sociali\",\"scuola pubblica\"],\"articleSection\":[\"Comunicati Stampa\",\"Diritti Umani\",\"Ecologia ed Ambiente\",\"Europa\"],\"inLanguage\":\"it-IT\"},{\"@type\":\"WebPage\",\"@id\":\"https:\/\/www.pressenza.com\/it\/2016\/06\/referendum-sociali-lobiettivo-vicino-al-via-lultimo-weekend-raccolta-firme\/\",\"url\":\"https:\/\/www.pressenza.com\/it\/2016\/06\/referendum-sociali-lobiettivo-vicino-al-via-lultimo-weekend-raccolta-firme\/\",\"name\":\"Referendum sociali, l'obiettivo \u00e8 vicino. Al via l'ultimo weekend di raccolta firme\",\"isPartOf\":{\"@id\":\"https:\/\/www.pressenza.com\/it\/#website\"},\"primaryImageOfPage\":{\"@id\":\"https:\/\/www.pressenza.com\/it\/2016\/06\/referendum-sociali-lobiettivo-vicino-al-via-lultimo-weekend-raccolta-firme\/#primaryimage\"},\"image\":{\"@id\":\"https:\/\/www.pressenza.com\/it\/2016\/06\/referendum-sociali-lobiettivo-vicino-al-via-lultimo-weekend-raccolta-firme\/#primaryimage\"},\"thumbnailUrl\":\"https:\/\/www.pressenza.com\/wp-content\/uploads\/2016\/06\/referendum.jpg\",\"datePublished\":\"2016-06-23T17:00:20+00:00\",\"dateModified\":\"2016-06-23T17:43:49+00:00\",\"description\":\"Dopo tre mesi di uno sforzo capillare sul territorio, di una mobilitazione di decine di migliaia di volontari e volontarie su e gi\u00f9 per lo Stivale, \u00e8\",\"breadcrumb\":{\"@id\":\"https:\/\/www.pressenza.com\/it\/2016\/06\/referendum-sociali-lobiettivo-vicino-al-via-lultimo-weekend-raccolta-firme\/#breadcrumb\"},\"inLanguage\":\"it-IT\",\"potentialAction\":[{\"@type\":\"ReadAction\",\"target\":[\"https:\/\/www.pressenza.com\/it\/2016\/06\/referendum-sociali-lobiettivo-vicino-al-via-lultimo-weekend-raccolta-firme\/\"]}]},{\"@type\":\"ImageObject\",\"inLanguage\":\"it-IT\",\"@id\":\"https:\/\/www.pressenza.com\/it\/2016\/06\/referendum-sociali-lobiettivo-vicino-al-via-lultimo-weekend-raccolta-firme\/#primaryimage\",\"url\":\"https:\/\/www.pressenza.com\/wp-content\/uploads\/2016\/06\/referendum.jpg\",\"contentUrl\":\"https:\/\/www.pressenza.com\/wp-content\/uploads\/2016\/06\/referendum.jpg\",\"width\":2048,\"height\":1356},{\"@type\":\"BreadcrumbList\",\"@id\":\"https:\/\/www.pressenza.com\/it\/2016\/06\/referendum-sociali-lobiettivo-vicino-al-via-lultimo-weekend-raccolta-firme\/#breadcrumb\",\"itemListElement\":[{\"@type\":\"ListItem\",\"position\":1,\"name\":\"Accueil\",\"item\":\"https:\/\/www.pressenza.com\/it\/\"},{\"@type\":\"ListItem\",\"position\":2,\"name\":\"Referendum sociali, l&#8217;obiettivo \u00e8 vicino. Al via l&#8217;ultimo weekend di raccolta firme\"}]},{\"@type\":\"WebSite\",\"@id\":\"https:\/\/www.pressenza.com\/it\/#website\",\"url\":\"https:\/\/www.pressenza.com\/it\/\",\"name\":\"Pressenza\",\"description\":\"Agenzia di Stampa Internazionale\",\"publisher\":{\"@id\":\"https:\/\/www.pressenza.com\/it\/#organization\"},\"potentialAction\":[{\"@type\":\"SearchAction\",\"target\":{\"@type\":\"EntryPoint\",\"urlTemplate\":\"https:\/\/www.pressenza.com\/it\/?s={search_term_string}\"},\"query-input\":{\"@type\":\"PropertyValueSpecification\",\"valueRequired\":true,\"valueName\":\"search_term_string\"}}],\"inLanguage\":\"it-IT\"},{\"@type\":\"Organization\",\"@id\":\"https:\/\/www.pressenza.com\/it\/#organization\",\"name\":\"Pressenza\",\"url\":\"https:\/\/www.pressenza.com\/it\/\",\"logo\":{\"@type\":\"ImageObject\",\"inLanguage\":\"it-IT\",\"@id\":\"https:\/\/www.pressenza.com\/it\/#\/schema\/logo\/image\/\",\"url\":\"https:\/\/www.pressenza.com\/wp-content\/uploads\/2022\/10\/pressenza_logo_200x200.jpg\",\"contentUrl\":\"https:\/\/www.pressenza.com\/wp-content\/uploads\/2022\/10\/pressenza_logo_200x200.jpg\",\"width\":200,\"height\":200,\"caption\":\"Pressenza\"},\"image\":{\"@id\":\"https:\/\/www.pressenza.com\/it\/#\/schema\/logo\/image\/\"},\"sameAs\":[\"https:\/\/www.facebook.com\/PressenzaItalia\",\"https:\/\/x.com\/PressenzaIPA\"]},{\"@type\":\"Person\",\"@id\":\"https:\/\/www.pressenza.com\/it\/#\/schema\/person\/d983e81827ae24f2c7b1a2123d197f8d\",\"name\":\"Redazione Italia\",\"description\":\"News from the Pressenza Bureau in Italy\",\"sameAs\":[\"https:\/\/www.pressenza.com\/it\/author\/redazione-italia\/\",\"https:\/\/www.facebook.com\/PressenzaItalia\",\"https:\/\/www.instagram.com\/pressenza_italia\/\",\"https:\/\/x.com\/pressenza_it\",\"https:\/\/www.youtube.com\/channel\/UCSalEIWjE1RSxkwjfftFuqg\"],\"url\":\"https:\/\/www.pressenza.com\/it\/author\/redazione-italia\/\"}]}<\/script>\n<!-- \/ Yoast SEO plugin. -->","yoast_head_json":{"title":"Referendum sociali, l'obiettivo \u00e8 vicino. Al via l'ultimo weekend di raccolta firme","description":"Dopo tre mesi di uno sforzo capillare sul territorio, di una mobilitazione di decine di migliaia di volontari e volontarie su e gi\u00f9 per lo Stivale, \u00e8","robots":{"index":"index","follow":"follow","max-snippet":"max-snippet:-1","max-image-preview":"max-image-preview:large","max-video-preview":"max-video-preview:-1"},"canonical":"https:\/\/www.pressenza.com\/it\/2016\/06\/referendum-sociali-lobiettivo-vicino-al-via-lultimo-weekend-raccolta-firme\/","og_locale":"it_IT","og_type":"article","og_title":"Referendum sociali, l'obiettivo \u00e8 vicino. Al via l'ultimo weekend di raccolta firme","og_description":"Dopo tre mesi di uno sforzo capillare sul territorio, di una mobilitazione di decine di migliaia di volontari e volontarie su e gi\u00f9 per lo Stivale, \u00e8","og_url":"https:\/\/www.pressenza.com\/it\/2016\/06\/referendum-sociali-lobiettivo-vicino-al-via-lultimo-weekend-raccolta-firme\/","og_site_name":"Pressenza","article_publisher":"https:\/\/www.facebook.com\/PressenzaItalia","article_author":"https:\/\/www.facebook.com\/PressenzaItalia","article_published_time":"2016-06-23T17:00:20+00:00","article_modified_time":"2016-06-23T17:43:49+00:00","og_image":[{"width":2048,"height":1356,"url":"https:\/\/www.pressenza.com\/wp-content\/uploads\/2016\/06\/referendum.jpg","type":"image\/jpeg"}],"author":"Redazione Italia","twitter_card":"summary_large_image","twitter_creator":"@pressenza_it","twitter_site":"@PressenzaIPA","twitter_misc":{"Scritto da":"Redazione Italia","Tempo di lettura stimato":"1 minuto"},"schema":{"@context":"https:\/\/schema.org","@graph":[{"@type":"Article","@id":"https:\/\/www.pressenza.com\/it\/2016\/06\/referendum-sociali-lobiettivo-vicino-al-via-lultimo-weekend-raccolta-firme\/#article","isPartOf":{"@id":"https:\/\/www.pressenza.com\/it\/2016\/06\/referendum-sociali-lobiettivo-vicino-al-via-lultimo-weekend-raccolta-firme\/"},"author":{"name":"Redazione Italia","@id":"https:\/\/www.pressenza.com\/it\/#\/schema\/person\/d983e81827ae24f2c7b1a2123d197f8d"},"headline":"Referendum sociali, l&#8217;obiettivo \u00e8 vicino. Al via l&#8217;ultimo weekend di raccolta firme","datePublished":"2016-06-23T17:00:20+00:00","dateModified":"2016-06-23T17:43:49+00:00","mainEntityOfPage":{"@id":"https:\/\/www.pressenza.com\/it\/2016\/06\/referendum-sociali-lobiettivo-vicino-al-via-lultimo-weekend-raccolta-firme\/"},"wordCount":196,"publisher":{"@id":"https:\/\/www.pressenza.com\/it\/#organization"},"image":{"@id":"https:\/\/www.pressenza.com\/it\/2016\/06\/referendum-sociali-lobiettivo-vicino-al-via-lultimo-weekend-raccolta-firme\/#primaryimage"},"thumbnailUrl":"https:\/\/www.pressenza.com\/wp-content\/uploads\/2016\/06\/referendum.jpg","keywords":["acqua pubblica","Campagna Stop devastazioni","referendum sociali","scuola pubblica"],"articleSection":["Comunicati Stampa","Diritti Umani","Ecologia ed Ambiente","Europa"],"inLanguage":"it-IT"},{"@type":"WebPage","@id":"https:\/\/www.pressenza.com\/it\/2016\/06\/referendum-sociali-lobiettivo-vicino-al-via-lultimo-weekend-raccolta-firme\/","url":"https:\/\/www.pressenza.com\/it\/2016\/06\/referendum-sociali-lobiettivo-vicino-al-via-lultimo-weekend-raccolta-firme\/","name":"Referendum sociali, l'obiettivo \u00e8 vicino. Al via l'ultimo weekend di raccolta firme","isPartOf":{"@id":"https:\/\/www.pressenza.com\/it\/#website"},"primaryImageOfPage":{"@id":"https:\/\/www.pressenza.com\/it\/2016\/06\/referendum-sociali-lobiettivo-vicino-al-via-lultimo-weekend-raccolta-firme\/#primaryimage"},"image":{"@id":"https:\/\/www.pressenza.com\/it\/2016\/06\/referendum-sociali-lobiettivo-vicino-al-via-lultimo-weekend-raccolta-firme\/#primaryimage"},"thumbnailUrl":"https:\/\/www.pressenza.com\/wp-content\/uploads\/2016\/06\/referendum.jpg","datePublished":"2016-06-23T17:00:20+00:00","dateModified":"2016-06-23T17:43:49+00:00","description":"Dopo tre mesi di uno sforzo capillare sul territorio, di una mobilitazione di decine di migliaia di volontari e volontarie su e gi\u00f9 per lo Stivale, \u00e8","breadcrumb":{"@id":"https:\/\/www.pressenza.com\/it\/2016\/06\/referendum-sociali-lobiettivo-vicino-al-via-lultimo-weekend-raccolta-firme\/#breadcrumb"},"inLanguage":"it-IT","potentialAction":[{"@type":"ReadAction","target":["https:\/\/www.pressenza.com\/it\/2016\/06\/referendum-sociali-lobiettivo-vicino-al-via-lultimo-weekend-raccolta-firme\/"]}]},{"@type":"ImageObject","inLanguage":"it-IT","@id":"https:\/\/www.pressenza.com\/it\/2016\/06\/referendum-sociali-lobiettivo-vicino-al-via-lultimo-weekend-raccolta-firme\/#primaryimage","url":"https:\/\/www.pressenza.com\/wp-content\/uploads\/2016\/06\/referendum.jpg","contentUrl":"https:\/\/www.pressenza.com\/wp-content\/uploads\/2016\/06\/referendum.jpg","width":2048,"height":1356},{"@type":"BreadcrumbList","@id":"https:\/\/www.pressenza.com\/it\/2016\/06\/referendum-sociali-lobiettivo-vicino-al-via-lultimo-weekend-raccolta-firme\/#breadcrumb","itemListElement":[{"@type":"ListItem","position":1,"name":"Accueil","item":"https:\/\/www.pressenza.com\/it\/"},{"@type":"ListItem","position":2,"name":"Referendum sociali, l&#8217;obiettivo \u00e8 vicino. Al via l&#8217;ultimo weekend di raccolta firme"}]},{"@type":"WebSite","@id":"https:\/\/www.pressenza.com\/it\/#website","url":"https:\/\/www.pressenza.com\/it\/","name":"Pressenza","description":"Agenzia di Stampa Internazionale","publisher":{"@id":"https:\/\/www.pressenza.com\/it\/#organization"},"potentialAction":[{"@type":"SearchAction","target":{"@type":"EntryPoint","urlTemplate":"https:\/\/www.pressenza.com\/it\/?s={search_term_string}"},"query-input":{"@type":"PropertyValueSpecification","valueRequired":true,"valueName":"search_term_string"}}],"inLanguage":"it-IT"},{"@type":"Organization","@id":"https:\/\/www.pressenza.com\/it\/#organization","name":"Pressenza","url":"https:\/\/www.pressenza.com\/it\/","logo":{"@type":"ImageObject","inLanguage":"it-IT","@id":"https:\/\/www.pressenza.com\/it\/#\/schema\/logo\/image\/","url":"https:\/\/www.pressenza.com\/wp-content\/uploads\/2022\/10\/pressenza_logo_200x200.jpg","contentUrl":"https:\/\/www.pressenza.com\/wp-content\/uploads\/2022\/10\/pressenza_logo_200x200.jpg","width":200,"height":200,"caption":"Pressenza"},"image":{"@id":"https:\/\/www.pressenza.com\/it\/#\/schema\/logo\/image\/"},"sameAs":["https:\/\/www.facebook.com\/PressenzaItalia","https:\/\/x.com\/PressenzaIPA"]},{"@type":"Person","@id":"https:\/\/www.pressenza.com\/it\/#\/schema\/person\/d983e81827ae24f2c7b1a2123d197f8d","name":"Redazione Italia","description":"News from the Pressenza Bureau in Italy","sameAs":["https:\/\/www.pressenza.com\/it\/author\/redazione-italia\/","https:\/\/www.facebook.com\/PressenzaItalia","https:\/\/www.instagram.com\/pressenza_italia\/","https:\/\/x.com\/pressenza_it","https:\/\/www.youtube.com\/channel\/UCSalEIWjE1RSxkwjfftFuqg"],"url":"https:\/\/www.pressenza.com\/it\/author\/redazione-italia\/"}]}},"place":"","original_article_url":"","_links":{"self":[{"href":"https:\/\/www.pressenza.com\/it\/wp-json\/wp\/v2\/posts\/332678","targetHints":{"allow":["GET"]}}],"collection":[{"href":"https:\/\/www.pressenza.com\/it\/wp-json\/wp\/v2\/posts"}],"about":[{"href":"https:\/\/www.pressenza.com\/it\/wp-json\/wp\/v2\/types\/post"}],"author":[{"embeddable":true,"href":"https:\/\/www.pressenza.com\/it\/wp-json\/wp\/v2\/users\/594"}],"replies":[{"embeddable":true,"href":"https:\/\/www.pressenza.com\/it\/wp-json\/wp\/v2\/comments?post=332678"}],"version-history":[{"count":0,"href":"https:\/\/www.pressenza.com\/it\/wp-json\/wp\/v2\/posts\/332678\/revisions"}],"wp:featuredmedia":[{"embeddable":true,"href":"https:\/\/www.pressenza.com\/it\/wp-json\/wp\/v2\/media\/332686"}],"wp:attachment":[{"href":"https:\/\/www.pressenza.com\/it\/wp-json\/wp\/v2\/media?parent=332678"}],"wp:term":[{"taxonomy":"category","embeddable":true,"href":"https:\/\/www.pressenza.com\/it\/wp-json\/wp\/v2\/categories?post=332678"},{"taxonomy":"post_tag","embeddable":true,"href":"https:\/\/www.pressenza.com\/it\/wp-json\/wp\/v2\/tags?post=332678"}],"curies":[{"name":"wp","href":"https:\/\/api.w.org\/{rel}","templated":true}]}}