{"id":33225,"date":"2013-01-15T18:57:52","date_gmt":"2013-01-15T18:57:52","guid":{"rendered":"http:\/\/www.pressenza.com\/?p=33225"},"modified":"2013-01-15T18:57:52","modified_gmt":"2013-01-15T18:57:52","slug":"loccupazione-israeliana-demolisce-case-palestinesi-e-strutture-a-hebron","status":"publish","type":"post","link":"https:\/\/www.pressenza.com\/it\/2013\/01\/loccupazione-israeliana-demolisce-case-palestinesi-e-strutture-a-hebron\/","title":{"rendered":"L\u2019occupazione israeliana demolisce case palestinesi e strutture a Hebron"},"content":{"rendered":"<p><em>A seguito della recente copertura di Pressenza sullo sgombero da parte delle forze israeliane del nuovo villaggio che si \u00e8 tentato di costruire sui territori palestinesi, Israele inizia a ripulire una maggiore quantit\u00e0 di terreno in preparazione degli insediamenti.<\/em><\/p>\n<p>Luned\u00ec 14 gennaio alcuni bulldozer delle autorit\u00e0 di occupazione israeliana hanno demolito numerose case palestinesi, strutture agricole e acquartieramenti appartenenti alla famiglia al-Hathaleen, adiacenti all\u2019insediamento di&#8217; Carma&#8217;il, stabilito sul terreno di Yatta, a sud di Hebron.<\/p>\n<p>Il Coordinatore dei Comitati Popolari per la Resistenza all\u2019insediamento e al Muro dell&#8217;Apartheid a Yatta, Rateb al-Jbour, ha detto a PNN che i bulldozer israeliani hanno iniziato a demolire le case e le strutture fin dalle prime ore del mattino, e hanno impedito ai cittadini di protestare contro la demolizione.<\/p>\n<p>Al-Jbour ha affermato che, sorprendentemente, i bulldozer israeliani sono arrivati al villaggio senza preavviso per demolire le propriet\u00e0 palestinesi, aggiungendo che questa \u00e8 un\u2019operazione preparatoria alla confisca di tutte le terre adiacenti all\u2019insediamento.<\/p>\n<p>Al-Jbour ha inoltre affermato che i Comitati Popolari solleveranno questo caso presso le istituzioni per i diritti umani.<\/p>\n<p>Vale la pena ricordare che l&#8217;occupazione israeliana sta deportando e rimpiazzando i cittadini palestinesi che risiedono in quell\u2019area, e che questa non \u00e8 la prima volta che gli israeliani demoliscono case e strutture sostenendo che siano state costruite su una zona militare.<\/p>\n","protected":false},"excerpt":{"rendered":"<p>A seguito della recente copertura di Pressenza sullo sgombero da parte delle forze israeliane del nuovo villaggio che si \u00e8 tentato di costruire sui territori palestinesi, Israele inizia a ripulire una maggiore quantit\u00e0 di terreno in preparazione degli insediamenti. Luned\u00ec&hellip;<\/p>\n","protected":false},"author":262,"featured_media":33020,"comment_status":"closed","ping_status":"open","sticky":false,"template":"","format":"standard","meta":{"footnotes":""},"categories":[60,38,52],"tags":[1430,1227,3025],"class_list":["post-33225","post","type-post","status-publish","format-standard","has-post-thumbnail","hentry","category-diritti-umani","category-internazionale","category-medio-oriente","tag-esercito-israeliano","tag-palestina-it","tag-territoti-ocupati"],"yoast_head":"<!-- This site is optimized with the Yoast SEO plugin v27.1.1 - https:\/\/yoast.com\/product\/yoast-seo-wordpress\/ -->\n<title>L\u2019occupazione israeliana demolisce case palestinesi e strutture a Hebron<\/title>\n<meta name=\"description\" content=\"A seguito della recente copertura di Pressenza sullo sgombero da parte delle forze israeliane del nuovo villaggio che si \u00e8 tentato di costruire sui\" \/>\n<meta name=\"robots\" content=\"index, follow, max-snippet:-1, max-image-preview:large, max-video-preview:-1\" \/>\n<link rel=\"canonical\" href=\"https:\/\/www.pressenza.com\/it\/2013\/01\/loccupazione-israeliana-demolisce-case-palestinesi-e-strutture-a-hebron\/\" \/>\n<meta property=\"og:locale\" content=\"it_IT\" \/>\n<meta property=\"og:type\" content=\"article\" \/>\n<meta property=\"og:title\" content=\"L\u2019occupazione israeliana demolisce case palestinesi e strutture a Hebron\" \/>\n<meta property=\"og:description\" content=\"A seguito della recente copertura di Pressenza sullo sgombero da parte delle forze israeliane del nuovo villaggio che si \u00e8 tentato di costruire sui\" \/>\n<meta property=\"og:url\" content=\"https:\/\/www.pressenza.com\/it\/2013\/01\/loccupazione-israeliana-demolisce-case-palestinesi-e-strutture-a-hebron\/\" \/>\n<meta property=\"og:site_name\" content=\"Pressenza\" \/>\n<meta property=\"article:publisher\" content=\"https:\/\/www.facebook.com\/PressenzaItalia\" \/>\n<meta property=\"article:author\" content=\"https:\/\/www.facebook.com\/PNNFrench\/\" \/>\n<meta property=\"article:published_time\" content=\"2013-01-15T18:57:52+00:00\" \/>\n<meta property=\"og:image\" content=\"https:\/\/www.pressenza.com\/wp-content\/uploads\/2013\/01\/hadem_Manazel_.jpg\" \/>\n\t<meta property=\"og:image:width\" content=\"500\" \/>\n\t<meta property=\"og:image:height\" content=\"333\" \/>\n\t<meta property=\"og:image:type\" content=\"image\/jpeg\" \/>\n<meta name=\"author\" content=\"Palestine News Network\" \/>\n<meta name=\"twitter:card\" content=\"summary_large_image\" \/>\n<meta name=\"twitter:creator\" content=\"@PressenzaIPA\" \/>\n<meta name=\"twitter:site\" content=\"@PressenzaIPA\" \/>\n<meta name=\"twitter:label1\" content=\"Scritto da\" \/>\n\t<meta name=\"twitter:data1\" content=\"Palestine News Network\" \/>\n\t<meta name=\"twitter:label2\" content=\"Tempo di lettura stimato\" \/>\n\t<meta name=\"twitter:data2\" content=\"1 minuto\" \/>\n<script type=\"application\/ld+json\" class=\"yoast-schema-graph\">{\"@context\":\"https:\/\/schema.org\",\"@graph\":[{\"@type\":\"Article\",\"@id\":\"https:\/\/www.pressenza.com\/it\/2013\/01\/loccupazione-israeliana-demolisce-case-palestinesi-e-strutture-a-hebron\/#article\",\"isPartOf\":{\"@id\":\"https:\/\/www.pressenza.com\/it\/2013\/01\/loccupazione-israeliana-demolisce-case-palestinesi-e-strutture-a-hebron\/\"},\"author\":{\"name\":\"Palestine News Network\",\"@id\":\"https:\/\/www.pressenza.com\/it\/#\/schema\/person\/a8cefce13d55fb516cef96541d3aee94\"},\"headline\":\"L\u2019occupazione israeliana demolisce case palestinesi e strutture a Hebron\",\"datePublished\":\"2013-01-15T18:57:52+00:00\",\"mainEntityOfPage\":{\"@id\":\"https:\/\/www.pressenza.com\/it\/2013\/01\/loccupazione-israeliana-demolisce-case-palestinesi-e-strutture-a-hebron\/\"},\"wordCount\":232,\"publisher\":{\"@id\":\"https:\/\/www.pressenza.com\/it\/#organization\"},\"image\":{\"@id\":\"https:\/\/www.pressenza.com\/it\/2013\/01\/loccupazione-israeliana-demolisce-case-palestinesi-e-strutture-a-hebron\/#primaryimage\"},\"thumbnailUrl\":\"https:\/\/www.pressenza.com\/wp-content\/uploads\/2013\/01\/hadem_Manazel_.jpg\",\"keywords\":[\"esercito israeliano\",\"Palestina\",\"territoti ocupati\"],\"articleSection\":[\"Diritti Umani\",\"Internazionale\",\"Medio Oriente\"],\"inLanguage\":\"it-IT\"},{\"@type\":\"WebPage\",\"@id\":\"https:\/\/www.pressenza.com\/it\/2013\/01\/loccupazione-israeliana-demolisce-case-palestinesi-e-strutture-a-hebron\/\",\"url\":\"https:\/\/www.pressenza.com\/it\/2013\/01\/loccupazione-israeliana-demolisce-case-palestinesi-e-strutture-a-hebron\/\",\"name\":\"L\u2019occupazione israeliana demolisce case palestinesi e strutture a Hebron\",\"isPartOf\":{\"@id\":\"https:\/\/www.pressenza.com\/it\/#website\"},\"primaryImageOfPage\":{\"@id\":\"https:\/\/www.pressenza.com\/it\/2013\/01\/loccupazione-israeliana-demolisce-case-palestinesi-e-strutture-a-hebron\/#primaryimage\"},\"image\":{\"@id\":\"https:\/\/www.pressenza.com\/it\/2013\/01\/loccupazione-israeliana-demolisce-case-palestinesi-e-strutture-a-hebron\/#primaryimage\"},\"thumbnailUrl\":\"https:\/\/www.pressenza.com\/wp-content\/uploads\/2013\/01\/hadem_Manazel_.jpg\",\"datePublished\":\"2013-01-15T18:57:52+00:00\",\"description\":\"A seguito della recente copertura di Pressenza sullo sgombero da parte delle forze israeliane del nuovo villaggio che si \u00e8 tentato di costruire sui\",\"breadcrumb\":{\"@id\":\"https:\/\/www.pressenza.com\/it\/2013\/01\/loccupazione-israeliana-demolisce-case-palestinesi-e-strutture-a-hebron\/#breadcrumb\"},\"inLanguage\":\"it-IT\",\"potentialAction\":[{\"@type\":\"ReadAction\",\"target\":[\"https:\/\/www.pressenza.com\/it\/2013\/01\/loccupazione-israeliana-demolisce-case-palestinesi-e-strutture-a-hebron\/\"]}]},{\"@type\":\"ImageObject\",\"inLanguage\":\"it-IT\",\"@id\":\"https:\/\/www.pressenza.com\/it\/2013\/01\/loccupazione-israeliana-demolisce-case-palestinesi-e-strutture-a-hebron\/#primaryimage\",\"url\":\"https:\/\/www.pressenza.com\/wp-content\/uploads\/2013\/01\/hadem_Manazel_.jpg\",\"contentUrl\":\"https:\/\/www.pressenza.com\/wp-content\/uploads\/2013\/01\/hadem_Manazel_.jpg\",\"width\":\"500\",\"height\":\"333\",\"caption\":\"Israeli bulldozers clearing Palestinian settlements\"},{\"@type\":\"BreadcrumbList\",\"@id\":\"https:\/\/www.pressenza.com\/it\/2013\/01\/loccupazione-israeliana-demolisce-case-palestinesi-e-strutture-a-hebron\/#breadcrumb\",\"itemListElement\":[{\"@type\":\"ListItem\",\"position\":1,\"name\":\"Accueil\",\"item\":\"https:\/\/www.pressenza.com\/it\/\"},{\"@type\":\"ListItem\",\"position\":2,\"name\":\"L\u2019occupazione israeliana demolisce case palestinesi e strutture a Hebron\"}]},{\"@type\":\"WebSite\",\"@id\":\"https:\/\/www.pressenza.com\/it\/#website\",\"url\":\"https:\/\/www.pressenza.com\/it\/\",\"name\":\"Pressenza\",\"description\":\"Agenzia di Stampa Internazionale\",\"publisher\":{\"@id\":\"https:\/\/www.pressenza.com\/it\/#organization\"},\"potentialAction\":[{\"@type\":\"SearchAction\",\"target\":{\"@type\":\"EntryPoint\",\"urlTemplate\":\"https:\/\/www.pressenza.com\/it\/?s={search_term_string}\"},\"query-input\":{\"@type\":\"PropertyValueSpecification\",\"valueRequired\":true,\"valueName\":\"search_term_string\"}}],\"inLanguage\":\"it-IT\"},{\"@type\":\"Organization\",\"@id\":\"https:\/\/www.pressenza.com\/it\/#organization\",\"name\":\"Pressenza\",\"url\":\"https:\/\/www.pressenza.com\/it\/\",\"logo\":{\"@type\":\"ImageObject\",\"inLanguage\":\"it-IT\",\"@id\":\"https:\/\/www.pressenza.com\/it\/#\/schema\/logo\/image\/\",\"url\":\"https:\/\/www.pressenza.com\/wp-content\/uploads\/2022\/10\/pressenza_logo_200x200.jpg\",\"contentUrl\":\"https:\/\/www.pressenza.com\/wp-content\/uploads\/2022\/10\/pressenza_logo_200x200.jpg\",\"width\":200,\"height\":200,\"caption\":\"Pressenza\"},\"image\":{\"@id\":\"https:\/\/www.pressenza.com\/it\/#\/schema\/logo\/image\/\"},\"sameAs\":[\"https:\/\/www.facebook.com\/PressenzaItalia\",\"https:\/\/x.com\/PressenzaIPA\"]},{\"@type\":\"Person\",\"@id\":\"https:\/\/www.pressenza.com\/it\/#\/schema\/person\/a8cefce13d55fb516cef96541d3aee94\",\"name\":\"Palestine News Network\",\"description\":\"http:\/\/english.pnn.ps\/\",\"sameAs\":[\"http:\/\/english.pnn.ps\/\",\"https:\/\/www.facebook.com\/PNNFrench\/\"],\"url\":\"https:\/\/www.pressenza.com\/it\/author\/palestine-news-network\/\"}]}<\/script>\n<!-- \/ Yoast SEO plugin. -->","yoast_head_json":{"title":"L\u2019occupazione israeliana demolisce case palestinesi e strutture a Hebron","description":"A seguito della recente copertura di Pressenza sullo sgombero da parte delle forze israeliane del nuovo villaggio che si \u00e8 tentato di costruire sui","robots":{"index":"index","follow":"follow","max-snippet":"max-snippet:-1","max-image-preview":"max-image-preview:large","max-video-preview":"max-video-preview:-1"},"canonical":"https:\/\/www.pressenza.com\/it\/2013\/01\/loccupazione-israeliana-demolisce-case-palestinesi-e-strutture-a-hebron\/","og_locale":"it_IT","og_type":"article","og_title":"L\u2019occupazione israeliana demolisce case palestinesi e strutture a Hebron","og_description":"A seguito della recente copertura di Pressenza sullo sgombero da parte delle forze israeliane del nuovo villaggio che si \u00e8 tentato di costruire sui","og_url":"https:\/\/www.pressenza.com\/it\/2013\/01\/loccupazione-israeliana-demolisce-case-palestinesi-e-strutture-a-hebron\/","og_site_name":"Pressenza","article_publisher":"https:\/\/www.facebook.com\/PressenzaItalia","article_author":"https:\/\/www.facebook.com\/PNNFrench\/","article_published_time":"2013-01-15T18:57:52+00:00","og_image":[{"width":500,"height":333,"url":"https:\/\/www.pressenza.com\/wp-content\/uploads\/2013\/01\/hadem_Manazel_.jpg","type":"image\/jpeg"}],"author":"Palestine News Network","twitter_card":"summary_large_image","twitter_creator":"@PressenzaIPA","twitter_site":"@PressenzaIPA","twitter_misc":{"Scritto da":"Palestine News Network","Tempo di lettura stimato":"1 minuto"},"schema":{"@context":"https:\/\/schema.org","@graph":[{"@type":"Article","@id":"https:\/\/www.pressenza.com\/it\/2013\/01\/loccupazione-israeliana-demolisce-case-palestinesi-e-strutture-a-hebron\/#article","isPartOf":{"@id":"https:\/\/www.pressenza.com\/it\/2013\/01\/loccupazione-israeliana-demolisce-case-palestinesi-e-strutture-a-hebron\/"},"author":{"name":"Palestine News Network","@id":"https:\/\/www.pressenza.com\/it\/#\/schema\/person\/a8cefce13d55fb516cef96541d3aee94"},"headline":"L\u2019occupazione israeliana demolisce case palestinesi e strutture a Hebron","datePublished":"2013-01-15T18:57:52+00:00","mainEntityOfPage":{"@id":"https:\/\/www.pressenza.com\/it\/2013\/01\/loccupazione-israeliana-demolisce-case-palestinesi-e-strutture-a-hebron\/"},"wordCount":232,"publisher":{"@id":"https:\/\/www.pressenza.com\/it\/#organization"},"image":{"@id":"https:\/\/www.pressenza.com\/it\/2013\/01\/loccupazione-israeliana-demolisce-case-palestinesi-e-strutture-a-hebron\/#primaryimage"},"thumbnailUrl":"https:\/\/www.pressenza.com\/wp-content\/uploads\/2013\/01\/hadem_Manazel_.jpg","keywords":["esercito israeliano","Palestina","territoti ocupati"],"articleSection":["Diritti Umani","Internazionale","Medio Oriente"],"inLanguage":"it-IT"},{"@type":"WebPage","@id":"https:\/\/www.pressenza.com\/it\/2013\/01\/loccupazione-israeliana-demolisce-case-palestinesi-e-strutture-a-hebron\/","url":"https:\/\/www.pressenza.com\/it\/2013\/01\/loccupazione-israeliana-demolisce-case-palestinesi-e-strutture-a-hebron\/","name":"L\u2019occupazione israeliana demolisce case palestinesi e strutture a Hebron","isPartOf":{"@id":"https:\/\/www.pressenza.com\/it\/#website"},"primaryImageOfPage":{"@id":"https:\/\/www.pressenza.com\/it\/2013\/01\/loccupazione-israeliana-demolisce-case-palestinesi-e-strutture-a-hebron\/#primaryimage"},"image":{"@id":"https:\/\/www.pressenza.com\/it\/2013\/01\/loccupazione-israeliana-demolisce-case-palestinesi-e-strutture-a-hebron\/#primaryimage"},"thumbnailUrl":"https:\/\/www.pressenza.com\/wp-content\/uploads\/2013\/01\/hadem_Manazel_.jpg","datePublished":"2013-01-15T18:57:52+00:00","description":"A seguito della recente copertura di Pressenza sullo sgombero da parte delle forze israeliane del nuovo villaggio che si \u00e8 tentato di costruire sui","breadcrumb":{"@id":"https:\/\/www.pressenza.com\/it\/2013\/01\/loccupazione-israeliana-demolisce-case-palestinesi-e-strutture-a-hebron\/#breadcrumb"},"inLanguage":"it-IT","potentialAction":[{"@type":"ReadAction","target":["https:\/\/www.pressenza.com\/it\/2013\/01\/loccupazione-israeliana-demolisce-case-palestinesi-e-strutture-a-hebron\/"]}]},{"@type":"ImageObject","inLanguage":"it-IT","@id":"https:\/\/www.pressenza.com\/it\/2013\/01\/loccupazione-israeliana-demolisce-case-palestinesi-e-strutture-a-hebron\/#primaryimage","url":"https:\/\/www.pressenza.com\/wp-content\/uploads\/2013\/01\/hadem_Manazel_.jpg","contentUrl":"https:\/\/www.pressenza.com\/wp-content\/uploads\/2013\/01\/hadem_Manazel_.jpg","width":"500","height":"333","caption":"Israeli bulldozers clearing Palestinian settlements"},{"@type":"BreadcrumbList","@id":"https:\/\/www.pressenza.com\/it\/2013\/01\/loccupazione-israeliana-demolisce-case-palestinesi-e-strutture-a-hebron\/#breadcrumb","itemListElement":[{"@type":"ListItem","position":1,"name":"Accueil","item":"https:\/\/www.pressenza.com\/it\/"},{"@type":"ListItem","position":2,"name":"L\u2019occupazione israeliana demolisce case palestinesi e strutture a Hebron"}]},{"@type":"WebSite","@id":"https:\/\/www.pressenza.com\/it\/#website","url":"https:\/\/www.pressenza.com\/it\/","name":"Pressenza","description":"Agenzia di Stampa Internazionale","publisher":{"@id":"https:\/\/www.pressenza.com\/it\/#organization"},"potentialAction":[{"@type":"SearchAction","target":{"@type":"EntryPoint","urlTemplate":"https:\/\/www.pressenza.com\/it\/?s={search_term_string}"},"query-input":{"@type":"PropertyValueSpecification","valueRequired":true,"valueName":"search_term_string"}}],"inLanguage":"it-IT"},{"@type":"Organization","@id":"https:\/\/www.pressenza.com\/it\/#organization","name":"Pressenza","url":"https:\/\/www.pressenza.com\/it\/","logo":{"@type":"ImageObject","inLanguage":"it-IT","@id":"https:\/\/www.pressenza.com\/it\/#\/schema\/logo\/image\/","url":"https:\/\/www.pressenza.com\/wp-content\/uploads\/2022\/10\/pressenza_logo_200x200.jpg","contentUrl":"https:\/\/www.pressenza.com\/wp-content\/uploads\/2022\/10\/pressenza_logo_200x200.jpg","width":200,"height":200,"caption":"Pressenza"},"image":{"@id":"https:\/\/www.pressenza.com\/it\/#\/schema\/logo\/image\/"},"sameAs":["https:\/\/www.facebook.com\/PressenzaItalia","https:\/\/x.com\/PressenzaIPA"]},{"@type":"Person","@id":"https:\/\/www.pressenza.com\/it\/#\/schema\/person\/a8cefce13d55fb516cef96541d3aee94","name":"Palestine News Network","description":"http:\/\/english.pnn.ps\/","sameAs":["http:\/\/english.pnn.ps\/","https:\/\/www.facebook.com\/PNNFrench\/"],"url":"https:\/\/www.pressenza.com\/it\/author\/palestine-news-network\/"}]}},"place":"","original_article_url":"","_links":{"self":[{"href":"https:\/\/www.pressenza.com\/it\/wp-json\/wp\/v2\/posts\/33225","targetHints":{"allow":["GET"]}}],"collection":[{"href":"https:\/\/www.pressenza.com\/it\/wp-json\/wp\/v2\/posts"}],"about":[{"href":"https:\/\/www.pressenza.com\/it\/wp-json\/wp\/v2\/types\/post"}],"author":[{"embeddable":true,"href":"https:\/\/www.pressenza.com\/it\/wp-json\/wp\/v2\/users\/262"}],"replies":[{"embeddable":true,"href":"https:\/\/www.pressenza.com\/it\/wp-json\/wp\/v2\/comments?post=33225"}],"version-history":[{"count":0,"href":"https:\/\/www.pressenza.com\/it\/wp-json\/wp\/v2\/posts\/33225\/revisions"}],"wp:featuredmedia":[{"embeddable":true,"href":"https:\/\/www.pressenza.com\/it\/wp-json\/wp\/v2\/media\/33020"}],"wp:attachment":[{"href":"https:\/\/www.pressenza.com\/it\/wp-json\/wp\/v2\/media?parent=33225"}],"wp:term":[{"taxonomy":"category","embeddable":true,"href":"https:\/\/www.pressenza.com\/it\/wp-json\/wp\/v2\/categories?post=33225"},{"taxonomy":"post_tag","embeddable":true,"href":"https:\/\/www.pressenza.com\/it\/wp-json\/wp\/v2\/tags?post=33225"}],"curies":[{"name":"wp","href":"https:\/\/api.w.org\/{rel}","templated":true}]}}