{"id":33084,"date":"2013-01-14T20:49:00","date_gmt":"2013-01-14T20:49:00","guid":{"rendered":"http:\/\/www.pressenza.com\/?p=33084"},"modified":"2013-01-14T20:49:00","modified_gmt":"2013-01-14T20:49:00","slug":"lista-ingroia-perunaltracitta-e-la-consigliera-de-zordo-non-partecipano","status":"publish","type":"post","link":"https:\/\/www.pressenza.com\/it\/2013\/01\/lista-ingroia-perunaltracitta-e-la-consigliera-de-zordo-non-partecipano\/","title":{"rendered":"Lista Ingroia, perUnaltracitta e la consigliera De Zordo non partecipano"},"content":{"rendered":"<p>&#8220;Ornella De Zordo, avvertita che il suo nome \u00e8 comparso nella mailing list di &#8216;Cambiare si pu\u00f2&#8217; tra le possibili candidature, dichiara di non essere stata interpellata e comunque di non essere disponibile a candidarsi, non avendo peraltro mai partecipato al percorso che ha portato alla formazione della lista Ingroia&#8221;. Con questa affermazione, inviata ai responsabili di &#8216;Cambiare si pu\u00f2&#8217; la capogruppo della lista di cittadinanza fiorentina perUnaltracitt\u00e0 smentisce in maniera netta la sua candidatura al parlamento con la lista Rivoluzione Civile.<\/p>\n<p>&#8220;Ho scoperto con sorpresa che il mio nome era stato citato tra le persone &#8220;disponibili&#8221; a candidarsi &#8211; ha detto De Zordo -, tanto pi\u00f9 che sono di recente\u00a0intervenuta in merito per scrivere la posizione di perUnaltracitt\u00e0,\u00a0che non ha\u00a0ritenuto\u00a0di partecipare al percorso di &#8216;Cambiare si pu\u00f2&#8217;. Come sempre la nostra azione, fuori e dentro il palazzo, \u00e8 puntuale e concreta, finalizzata a sostenere vertenze gi\u00e0 esistenti e a stimolare quelle emergenti nel nostro territorio sul fronte dei diritti, dei servizi, dell&#8217;uso e abuso del territorio. Non ci interessano scalate personali verso il parlamento. Riconosciamo la legittimit\u00e0 di rinnovare persone e modi della politica, ma ad oggi nessun tentativo serio \u00e8 stato portato avanti, quindi l&#8217;esperienza di perUnaltracitt\u00e0 non pu\u00f2 che restare nel nostro orizzonte naturale che \u00e8 quello legato al territorio in cui ci muoviamo nell&#8217;articolare le nostre proposte alternative alle scelte di un governo locale che mette al centro della sua azione le anacronistiche e pericolose politiche liberiste.<\/p>\n<p>Vediamo che esiste oggi un\u00a0fronte sociale esteso ma non organizzato, ricco di analisi politica ma a cui manca un riferimento di rappresentanza politica. Per questo abbiamo guardato con attenzione, anche se dall&#8217;esterno, alla nascita del cosiddetto &#8220;quarto polo&#8221; che nelle ultime settimane ha indicato Ingroia come candidato alle politiche. E dispiace constatare come questo processo stia producendo un risultato &#8211; la &#8220;lista Ingroia&#8221;- che non sembra confermare i presupposti di partenza: essere nettamente antiliberista e praticare una nuova modalit\u00e0 di fare politica.<\/p>\n<p>Non troviamo infatti nell&#8217;agenda di Ingroia &#8211; che non a caso ha fatto incaute quanto inutili aperture al Pd &#8211; n\u00e9 una netta critica strutturale ai vincoli europei di matrice liberista, con conseguente lotta alla disoccupazione e allo sfuttamento del lavoro e dell&#8217;ambiente, n\u00e9 quel rinnovamento autentico delle pratiche politiche che, solo, pu\u00f2 riavvicinare i tanti delusi a una partecipazione attiva al voto. Non basta che ci siano persone oneste e non basta la lotta alla corruzione (punti comunque imprescindibili): ci vuole un&#8217;alternativa all&#8217;economia di mercato che ci ha condotto alla crisi in cui siamo, ci vuole un&#8217;altra idea di Europa e il rifiuto di norme che ci hanno imposto il fiscal compact e il pareggio costituzionale di bilancio.<\/p>\n<p>Infine, non ci piacciono partiti personali n\u00e9 liste in cui si ricicla un ceto politico responsabile di molti danni alla sinistra italiana. Peccato. Ma le cose vanno viste per quello che sono, e la lucida consapevolezza, anche se spiacevole, \u00e8 sempre meglio di illusioni a cui aggrapparsi per non accettare una realt\u00e0 che non vorremmo. Solo da l\u00ec pensiamo che possa partire un&#8217;azione efficace alternativa al liberismo, al governo Monti e a chi lo ha sorretto. Noi, insieme a tante altre realt\u00e0 di movimento, ci siamo.<\/p>\n","protected":false},"excerpt":{"rendered":"<p>&#8220;Ornella De Zordo, avvertita che il suo nome \u00e8 comparso nella mailing list di &#8216;Cambiare si pu\u00f2&#8217; tra le possibili candidature, dichiara di non essere stata interpellata e comunque di non essere disponibile a candidarsi, non avendo peraltro mai partecipato&hellip;<\/p>\n","protected":false},"author":10,"featured_media":31635,"comment_status":"closed","ping_status":"open","sticky":false,"template":"","format":"standard","meta":{"footnotes":""},"categories":[150,55],"tags":[1735,1736,2604,2829],"class_list":["post-33084","post","type-post","status-publish","format-standard","has-post-thumbnail","hentry","category-comunicati-stampa","category-politica","tag-cambiare-si-puo","tag-elezioni-politiche","tag-ingroia","tag-ornella-de-zordo"],"yoast_head":"<!-- This site is optimized with the Yoast SEO plugin v27.1.1 - https:\/\/yoast.com\/product\/yoast-seo-wordpress\/ -->\n<title>Lista Ingroia, perUnaltracitta e la consigliera De Zordo non partecipano<\/title>\n<meta name=\"description\" content=\"&quot;Ornella De Zordo, avvertita che il suo nome \u00e8 comparso nella mailing list di &#039;Cambiare si pu\u00f2&#039; tra le possibili candidature, dichiara di non essere stata\" \/>\n<meta name=\"robots\" content=\"index, follow, max-snippet:-1, max-image-preview:large, max-video-preview:-1\" \/>\n<link rel=\"canonical\" href=\"https:\/\/www.pressenza.com\/it\/2013\/01\/lista-ingroia-perunaltracitta-e-la-consigliera-de-zordo-non-partecipano\/\" \/>\n<meta property=\"og:locale\" content=\"it_IT\" \/>\n<meta property=\"og:type\" content=\"article\" \/>\n<meta property=\"og:title\" content=\"Lista Ingroia, perUnaltracitta e la consigliera De Zordo non partecipano\" \/>\n<meta property=\"og:description\" content=\"&quot;Ornella De Zordo, avvertita che il suo nome \u00e8 comparso nella mailing list di &#039;Cambiare si pu\u00f2&#039; tra le possibili candidature, dichiara di non essere stata\" \/>\n<meta property=\"og:url\" content=\"https:\/\/www.pressenza.com\/it\/2013\/01\/lista-ingroia-perunaltracitta-e-la-consigliera-de-zordo-non-partecipano\/\" \/>\n<meta property=\"og:site_name\" content=\"Pressenza\" \/>\n<meta property=\"article:publisher\" content=\"https:\/\/www.facebook.com\/PressenzaItalia\" \/>\n<meta property=\"article:published_time\" content=\"2013-01-14T20:49:00+00:00\" \/>\n<meta property=\"og:image\" content=\"https:\/\/www.pressenza.com\/wp-content\/uploads\/2013\/01\/ornella-de-zordo-perunaltracitt\u00e0.jpg\" \/>\n\t<meta property=\"og:image:width\" content=\"960\" \/>\n\t<meta property=\"og:image:height\" content=\"720\" \/>\n\t<meta property=\"og:image:type\" content=\"image\/jpeg\" \/>\n<meta name=\"author\" content=\"Olivier Turquet\" \/>\n<meta name=\"twitter:card\" content=\"summary_large_image\" \/>\n<meta name=\"twitter:creator\" content=\"@PressenzaIPA\" \/>\n<meta name=\"twitter:site\" content=\"@PressenzaIPA\" \/>\n<meta name=\"twitter:label1\" content=\"Scritto da\" \/>\n\t<meta name=\"twitter:data1\" content=\"Olivier Turquet\" \/>\n\t<meta name=\"twitter:label2\" content=\"Tempo di lettura stimato\" \/>\n\t<meta name=\"twitter:data2\" content=\"3 minuti\" \/>\n<script type=\"application\/ld+json\" class=\"yoast-schema-graph\">{\"@context\":\"https:\/\/schema.org\",\"@graph\":[{\"@type\":\"Article\",\"@id\":\"https:\/\/www.pressenza.com\/it\/2013\/01\/lista-ingroia-perunaltracitta-e-la-consigliera-de-zordo-non-partecipano\/#article\",\"isPartOf\":{\"@id\":\"https:\/\/www.pressenza.com\/it\/2013\/01\/lista-ingroia-perunaltracitta-e-la-consigliera-de-zordo-non-partecipano\/\"},\"author\":{\"name\":\"Olivier Turquet\",\"@id\":\"https:\/\/www.pressenza.com\/it\/#\/schema\/person\/636f8feb51f63f34e7378d5fcdd1de53\"},\"headline\":\"Lista Ingroia, perUnaltracitta e la consigliera De Zordo non partecipano\",\"datePublished\":\"2013-01-14T20:49:00+00:00\",\"mainEntityOfPage\":{\"@id\":\"https:\/\/www.pressenza.com\/it\/2013\/01\/lista-ingroia-perunaltracitta-e-la-consigliera-de-zordo-non-partecipano\/\"},\"wordCount\":549,\"publisher\":{\"@id\":\"https:\/\/www.pressenza.com\/it\/#organization\"},\"image\":{\"@id\":\"https:\/\/www.pressenza.com\/it\/2013\/01\/lista-ingroia-perunaltracitta-e-la-consigliera-de-zordo-non-partecipano\/#primaryimage\"},\"thumbnailUrl\":\"https:\/\/www.pressenza.com\/wp-content\/uploads\/2013\/01\/ornella-de-zordo-perunaltracitt\u00e0.jpg\",\"keywords\":[\"cambiare si pu\u00f2\",\"elezioni politiche\",\"Ingroia\",\"Ornella De Zordo\"],\"articleSection\":[\"Comunicati Stampa\",\"Politica\"],\"inLanguage\":\"it-IT\"},{\"@type\":\"WebPage\",\"@id\":\"https:\/\/www.pressenza.com\/it\/2013\/01\/lista-ingroia-perunaltracitta-e-la-consigliera-de-zordo-non-partecipano\/\",\"url\":\"https:\/\/www.pressenza.com\/it\/2013\/01\/lista-ingroia-perunaltracitta-e-la-consigliera-de-zordo-non-partecipano\/\",\"name\":\"Lista Ingroia, perUnaltracitta e la consigliera De Zordo non partecipano\",\"isPartOf\":{\"@id\":\"https:\/\/www.pressenza.com\/it\/#website\"},\"primaryImageOfPage\":{\"@id\":\"https:\/\/www.pressenza.com\/it\/2013\/01\/lista-ingroia-perunaltracitta-e-la-consigliera-de-zordo-non-partecipano\/#primaryimage\"},\"image\":{\"@id\":\"https:\/\/www.pressenza.com\/it\/2013\/01\/lista-ingroia-perunaltracitta-e-la-consigliera-de-zordo-non-partecipano\/#primaryimage\"},\"thumbnailUrl\":\"https:\/\/www.pressenza.com\/wp-content\/uploads\/2013\/01\/ornella-de-zordo-perunaltracitt\u00e0.jpg\",\"datePublished\":\"2013-01-14T20:49:00+00:00\",\"description\":\"\\\"Ornella De Zordo, avvertita che il suo nome \u00e8 comparso nella mailing list di 'Cambiare si pu\u00f2' tra le possibili candidature, dichiara di non essere stata\",\"breadcrumb\":{\"@id\":\"https:\/\/www.pressenza.com\/it\/2013\/01\/lista-ingroia-perunaltracitta-e-la-consigliera-de-zordo-non-partecipano\/#breadcrumb\"},\"inLanguage\":\"it-IT\",\"potentialAction\":[{\"@type\":\"ReadAction\",\"target\":[\"https:\/\/www.pressenza.com\/it\/2013\/01\/lista-ingroia-perunaltracitta-e-la-consigliera-de-zordo-non-partecipano\/\"]}]},{\"@type\":\"ImageObject\",\"inLanguage\":\"it-IT\",\"@id\":\"https:\/\/www.pressenza.com\/it\/2013\/01\/lista-ingroia-perunaltracitta-e-la-consigliera-de-zordo-non-partecipano\/#primaryimage\",\"url\":\"https:\/\/www.pressenza.com\/wp-content\/uploads\/2013\/01\/ornella-de-zordo-perunaltracitt\u00e0.jpg\",\"contentUrl\":\"https:\/\/www.pressenza.com\/wp-content\/uploads\/2013\/01\/ornella-de-zordo-perunaltracitt\u00e0.jpg\",\"width\":\"960\",\"height\":\"720\"},{\"@type\":\"BreadcrumbList\",\"@id\":\"https:\/\/www.pressenza.com\/it\/2013\/01\/lista-ingroia-perunaltracitta-e-la-consigliera-de-zordo-non-partecipano\/#breadcrumb\",\"itemListElement\":[{\"@type\":\"ListItem\",\"position\":1,\"name\":\"Accueil\",\"item\":\"https:\/\/www.pressenza.com\/it\/\"},{\"@type\":\"ListItem\",\"position\":2,\"name\":\"Lista Ingroia, perUnaltracitta e la consigliera De Zordo non partecipano\"}]},{\"@type\":\"WebSite\",\"@id\":\"https:\/\/www.pressenza.com\/it\/#website\",\"url\":\"https:\/\/www.pressenza.com\/it\/\",\"name\":\"Pressenza\",\"description\":\"Agenzia di Stampa Internazionale\",\"publisher\":{\"@id\":\"https:\/\/www.pressenza.com\/it\/#organization\"},\"potentialAction\":[{\"@type\":\"SearchAction\",\"target\":{\"@type\":\"EntryPoint\",\"urlTemplate\":\"https:\/\/www.pressenza.com\/it\/?s={search_term_string}\"},\"query-input\":{\"@type\":\"PropertyValueSpecification\",\"valueRequired\":true,\"valueName\":\"search_term_string\"}}],\"inLanguage\":\"it-IT\"},{\"@type\":\"Organization\",\"@id\":\"https:\/\/www.pressenza.com\/it\/#organization\",\"name\":\"Pressenza\",\"url\":\"https:\/\/www.pressenza.com\/it\/\",\"logo\":{\"@type\":\"ImageObject\",\"inLanguage\":\"it-IT\",\"@id\":\"https:\/\/www.pressenza.com\/it\/#\/schema\/logo\/image\/\",\"url\":\"https:\/\/www.pressenza.com\/wp-content\/uploads\/2022\/10\/pressenza_logo_200x200.jpg\",\"contentUrl\":\"https:\/\/www.pressenza.com\/wp-content\/uploads\/2022\/10\/pressenza_logo_200x200.jpg\",\"width\":200,\"height\":200,\"caption\":\"Pressenza\"},\"image\":{\"@id\":\"https:\/\/www.pressenza.com\/it\/#\/schema\/logo\/image\/\"},\"sameAs\":[\"https:\/\/www.facebook.com\/PressenzaItalia\",\"https:\/\/x.com\/PressenzaIPA\"]},{\"@type\":\"Person\",\"@id\":\"https:\/\/www.pressenza.com\/it\/#\/schema\/person\/636f8feb51f63f34e7378d5fcdd1de53\",\"name\":\"Olivier Turquet\",\"description\":\"Takes care of writing to tell the reality for about 40 years. He has worked with paper publications, radio and electronic He founded the electronic news agency humanist Good News. He was press secretary to various events such as: the International Humanist, Florence Play, the World March for Peace and Nonviolence. Currently coordinates the Italian team of Pressenza. olivierturquet.wordpress.com\",\"sameAs\":[\"http:\/\/olivierturquet.wordpress.com\"],\"url\":\"https:\/\/www.pressenza.com\/it\/author\/olivier-turquet\/\"}]}<\/script>\n<!-- \/ Yoast SEO plugin. -->","yoast_head_json":{"title":"Lista Ingroia, perUnaltracitta e la consigliera De Zordo non partecipano","description":"\"Ornella De Zordo, avvertita che il suo nome \u00e8 comparso nella mailing list di 'Cambiare si pu\u00f2' tra le possibili candidature, dichiara di non essere stata","robots":{"index":"index","follow":"follow","max-snippet":"max-snippet:-1","max-image-preview":"max-image-preview:large","max-video-preview":"max-video-preview:-1"},"canonical":"https:\/\/www.pressenza.com\/it\/2013\/01\/lista-ingroia-perunaltracitta-e-la-consigliera-de-zordo-non-partecipano\/","og_locale":"it_IT","og_type":"article","og_title":"Lista Ingroia, perUnaltracitta e la consigliera De Zordo non partecipano","og_description":"\"Ornella De Zordo, avvertita che il suo nome \u00e8 comparso nella mailing list di 'Cambiare si pu\u00f2' tra le possibili candidature, dichiara di non essere stata","og_url":"https:\/\/www.pressenza.com\/it\/2013\/01\/lista-ingroia-perunaltracitta-e-la-consigliera-de-zordo-non-partecipano\/","og_site_name":"Pressenza","article_publisher":"https:\/\/www.facebook.com\/PressenzaItalia","article_published_time":"2013-01-14T20:49:00+00:00","og_image":[{"width":960,"height":720,"url":"https:\/\/www.pressenza.com\/wp-content\/uploads\/2013\/01\/ornella-de-zordo-perunaltracitt\u00e0.jpg","type":"image\/jpeg"}],"author":"Olivier Turquet","twitter_card":"summary_large_image","twitter_creator":"@PressenzaIPA","twitter_site":"@PressenzaIPA","twitter_misc":{"Scritto da":"Olivier Turquet","Tempo di lettura stimato":"3 minuti"},"schema":{"@context":"https:\/\/schema.org","@graph":[{"@type":"Article","@id":"https:\/\/www.pressenza.com\/it\/2013\/01\/lista-ingroia-perunaltracitta-e-la-consigliera-de-zordo-non-partecipano\/#article","isPartOf":{"@id":"https:\/\/www.pressenza.com\/it\/2013\/01\/lista-ingroia-perunaltracitta-e-la-consigliera-de-zordo-non-partecipano\/"},"author":{"name":"Olivier Turquet","@id":"https:\/\/www.pressenza.com\/it\/#\/schema\/person\/636f8feb51f63f34e7378d5fcdd1de53"},"headline":"Lista Ingroia, perUnaltracitta e la consigliera De Zordo non partecipano","datePublished":"2013-01-14T20:49:00+00:00","mainEntityOfPage":{"@id":"https:\/\/www.pressenza.com\/it\/2013\/01\/lista-ingroia-perunaltracitta-e-la-consigliera-de-zordo-non-partecipano\/"},"wordCount":549,"publisher":{"@id":"https:\/\/www.pressenza.com\/it\/#organization"},"image":{"@id":"https:\/\/www.pressenza.com\/it\/2013\/01\/lista-ingroia-perunaltracitta-e-la-consigliera-de-zordo-non-partecipano\/#primaryimage"},"thumbnailUrl":"https:\/\/www.pressenza.com\/wp-content\/uploads\/2013\/01\/ornella-de-zordo-perunaltracitt\u00e0.jpg","keywords":["cambiare si pu\u00f2","elezioni politiche","Ingroia","Ornella De Zordo"],"articleSection":["Comunicati Stampa","Politica"],"inLanguage":"it-IT"},{"@type":"WebPage","@id":"https:\/\/www.pressenza.com\/it\/2013\/01\/lista-ingroia-perunaltracitta-e-la-consigliera-de-zordo-non-partecipano\/","url":"https:\/\/www.pressenza.com\/it\/2013\/01\/lista-ingroia-perunaltracitta-e-la-consigliera-de-zordo-non-partecipano\/","name":"Lista Ingroia, perUnaltracitta e la consigliera De Zordo non partecipano","isPartOf":{"@id":"https:\/\/www.pressenza.com\/it\/#website"},"primaryImageOfPage":{"@id":"https:\/\/www.pressenza.com\/it\/2013\/01\/lista-ingroia-perunaltracitta-e-la-consigliera-de-zordo-non-partecipano\/#primaryimage"},"image":{"@id":"https:\/\/www.pressenza.com\/it\/2013\/01\/lista-ingroia-perunaltracitta-e-la-consigliera-de-zordo-non-partecipano\/#primaryimage"},"thumbnailUrl":"https:\/\/www.pressenza.com\/wp-content\/uploads\/2013\/01\/ornella-de-zordo-perunaltracitt\u00e0.jpg","datePublished":"2013-01-14T20:49:00+00:00","description":"\"Ornella De Zordo, avvertita che il suo nome \u00e8 comparso nella mailing list di 'Cambiare si pu\u00f2' tra le possibili candidature, dichiara di non essere stata","breadcrumb":{"@id":"https:\/\/www.pressenza.com\/it\/2013\/01\/lista-ingroia-perunaltracitta-e-la-consigliera-de-zordo-non-partecipano\/#breadcrumb"},"inLanguage":"it-IT","potentialAction":[{"@type":"ReadAction","target":["https:\/\/www.pressenza.com\/it\/2013\/01\/lista-ingroia-perunaltracitta-e-la-consigliera-de-zordo-non-partecipano\/"]}]},{"@type":"ImageObject","inLanguage":"it-IT","@id":"https:\/\/www.pressenza.com\/it\/2013\/01\/lista-ingroia-perunaltracitta-e-la-consigliera-de-zordo-non-partecipano\/#primaryimage","url":"https:\/\/www.pressenza.com\/wp-content\/uploads\/2013\/01\/ornella-de-zordo-perunaltracitt\u00e0.jpg","contentUrl":"https:\/\/www.pressenza.com\/wp-content\/uploads\/2013\/01\/ornella-de-zordo-perunaltracitt\u00e0.jpg","width":"960","height":"720"},{"@type":"BreadcrumbList","@id":"https:\/\/www.pressenza.com\/it\/2013\/01\/lista-ingroia-perunaltracitta-e-la-consigliera-de-zordo-non-partecipano\/#breadcrumb","itemListElement":[{"@type":"ListItem","position":1,"name":"Accueil","item":"https:\/\/www.pressenza.com\/it\/"},{"@type":"ListItem","position":2,"name":"Lista Ingroia, perUnaltracitta e la consigliera De Zordo non partecipano"}]},{"@type":"WebSite","@id":"https:\/\/www.pressenza.com\/it\/#website","url":"https:\/\/www.pressenza.com\/it\/","name":"Pressenza","description":"Agenzia di Stampa Internazionale","publisher":{"@id":"https:\/\/www.pressenza.com\/it\/#organization"},"potentialAction":[{"@type":"SearchAction","target":{"@type":"EntryPoint","urlTemplate":"https:\/\/www.pressenza.com\/it\/?s={search_term_string}"},"query-input":{"@type":"PropertyValueSpecification","valueRequired":true,"valueName":"search_term_string"}}],"inLanguage":"it-IT"},{"@type":"Organization","@id":"https:\/\/www.pressenza.com\/it\/#organization","name":"Pressenza","url":"https:\/\/www.pressenza.com\/it\/","logo":{"@type":"ImageObject","inLanguage":"it-IT","@id":"https:\/\/www.pressenza.com\/it\/#\/schema\/logo\/image\/","url":"https:\/\/www.pressenza.com\/wp-content\/uploads\/2022\/10\/pressenza_logo_200x200.jpg","contentUrl":"https:\/\/www.pressenza.com\/wp-content\/uploads\/2022\/10\/pressenza_logo_200x200.jpg","width":200,"height":200,"caption":"Pressenza"},"image":{"@id":"https:\/\/www.pressenza.com\/it\/#\/schema\/logo\/image\/"},"sameAs":["https:\/\/www.facebook.com\/PressenzaItalia","https:\/\/x.com\/PressenzaIPA"]},{"@type":"Person","@id":"https:\/\/www.pressenza.com\/it\/#\/schema\/person\/636f8feb51f63f34e7378d5fcdd1de53","name":"Olivier Turquet","description":"Takes care of writing to tell the reality for about 40 years. He has worked with paper publications, radio and electronic He founded the electronic news agency humanist Good News. He was press secretary to various events such as: the International Humanist, Florence Play, the World March for Peace and Nonviolence. Currently coordinates the Italian team of Pressenza. olivierturquet.wordpress.com","sameAs":["http:\/\/olivierturquet.wordpress.com"],"url":"https:\/\/www.pressenza.com\/it\/author\/olivier-turquet\/"}]}},"place":"","original_article_url":"","_links":{"self":[{"href":"https:\/\/www.pressenza.com\/it\/wp-json\/wp\/v2\/posts\/33084","targetHints":{"allow":["GET"]}}],"collection":[{"href":"https:\/\/www.pressenza.com\/it\/wp-json\/wp\/v2\/posts"}],"about":[{"href":"https:\/\/www.pressenza.com\/it\/wp-json\/wp\/v2\/types\/post"}],"author":[{"embeddable":true,"href":"https:\/\/www.pressenza.com\/it\/wp-json\/wp\/v2\/users\/10"}],"replies":[{"embeddable":true,"href":"https:\/\/www.pressenza.com\/it\/wp-json\/wp\/v2\/comments?post=33084"}],"version-history":[{"count":0,"href":"https:\/\/www.pressenza.com\/it\/wp-json\/wp\/v2\/posts\/33084\/revisions"}],"wp:featuredmedia":[{"embeddable":true,"href":"https:\/\/www.pressenza.com\/it\/wp-json\/wp\/v2\/media\/31635"}],"wp:attachment":[{"href":"https:\/\/www.pressenza.com\/it\/wp-json\/wp\/v2\/media?parent=33084"}],"wp:term":[{"taxonomy":"category","embeddable":true,"href":"https:\/\/www.pressenza.com\/it\/wp-json\/wp\/v2\/categories?post=33084"},{"taxonomy":"post_tag","embeddable":true,"href":"https:\/\/www.pressenza.com\/it\/wp-json\/wp\/v2\/tags?post=33084"}],"curies":[{"name":"wp","href":"https:\/\/api.w.org\/{rel}","templated":true}]}}