{"id":330315,"date":"2016-06-16T13:41:07","date_gmt":"2016-06-16T12:41:07","guid":{"rendered":"http:\/\/www.pressenza.com\/it\/?p=330315"},"modified":"2016-06-16T13:43:12","modified_gmt":"2016-06-16T12:43:12","slug":"appello-alle-associazioni-civiche-partecipare-alla-mobilizzazione-sociale","status":"publish","type":"post","link":"https:\/\/www.pressenza.com\/it\/2016\/06\/appello-alle-associazioni-civiche-partecipare-alla-mobilizzazione-sociale\/","title":{"rendered":"Appello alle associazioni civiche a partecipare alla mobilitazione sociale"},"content":{"rendered":"<p>&nbsp;<\/p>\n<p>Una battaglia decisiva \u00e8 attualmente portata avanti da un insieme di forze sindacali, politiche e associative e da numerosi cittadini, con l&#8217;obiettivo di opporsi alla legge sul lavoro e alla rimessa in discussione delle libert\u00e0 pubbliche. Il governo si mostra sordo all\u2019opinione pubblica, alle centinaia di migliaia di manifestanti nelle strade, all\u2019opposizione di una parte della sua stessa maggioranza, ed instaura uno stato permanente d\u2019allerta. Di fronte alla rimessa in discussione del diritto e della democrazia, le manifestazioni si moltiplicano. Numerosi dibattitti\u00a0 in tutta la Francia recuperano le radici dell\u2019educazione popolare permettendo ai cittadini di esprimersi e di elaborare collettivamente delle linee per un rinnovo dell\u2019azione pubblica e civica.<\/p>\n<p>Quest\u2019offensiva del governo, come ha detto il Capo dello Stato, punta a \u201cstabilire un nuovo modello sociale\u201d non solo in Francia, ma in numerosi Paesi. <strong>Noi rifiutiamo questo modello irresponsabile<\/strong> che banalizza la corruzione, finanziarizza la societ\u00e0, moltiplica le disguaglianze, rende precari i lavoratori ed esclude i disoccupati. Un modello suicida, rispetto ai problemi \u00a0 del cambiamento climatico e del mantenimento della pace, che va contro tutto quello che difendono le nostre associazioni civiche nel campo dell\u2019ecologia, della cultura, della solidariet\u00e0, dell\u2019educazione, della partecipazione civica.<\/p>\n<p><strong>La creazione dei \u201cSocial impact bonds\u201d (SIB) da parte del governo<\/strong> costituisce una manifestazione diretta di questa volont\u00e0 di finanziarizzazione, attraverso delle coperture finanziarie tossiche per le comunit\u00e0 e per le associazioni. Con questo, si ha la pretesa di compensare il calo dei finanziamenti pubblici, che si \u00e8 amplificato dal 2014 con il piano d\u2019austerit\u00e0 e continuer\u00e0 nel 2016, 2017 e anche oltre. I suoi effetti, sempre pi\u00f9 visibili, si traducono con l\u2019abbandono di numerose azioni partecipative, tuttavia indispensabili nei quartieri e nei territori rurali e periferici. I licenziamenti si contano sin da ora a migliaia, cos\u00ec come la scomparsa delle associazioni.<\/p>\n<p>Di fronte a questa situazione, non possiamo restare passivi o indifferenti. Per questa ragione i firmatari fanno appello alle associazioni civiche per:<\/p>\n<ul>\n<li><strong>partecipare in modo massivo alla manifestazione nazionale del 14 luglio<\/strong>, dove il Collettivo delle Associazioni Civiche sar\u00e0 presente \u201ccontro la legge per il lavoro, contro i SIB e contro gli attacchi alla libert\u00e0\u201d e \u201c per la democrazia, i diritti fondamentali e il vivere insieme\u201d,<\/li>\n<li><strong>rispondere alla proposta di voto cittadino<\/strong> organizzata da 7 sindacati di lavoratori, studenti e liceali, andando sul sito di Solidaires qui: <a href=\"https:\/\/solidaires.org\/Votation-citoyenne-sur-la-Loi-Travail\">https:\/\/solidaires.org\/Votation-citoyenne-sur-la-Loi-Travail<\/a><\/li>\n<li><strong>ostacolare la creazione dei \u201cSocial Impact Bonds\u201d<\/strong>, ribattezzati \u201cContratti a Impatto Sociale\u201d (CIS), e incoraggiare le comunit\u00e0 pubbliche, le coordinazioni, le reti associative e le associazioni a rifiutare questo regalo avvelenato e a <strong>moltiplicare i \u201cterritori senza SIB\u201d,<\/strong><\/li>\n<li>Chiedere <strong>alle comunit\u00e0 di salvaguardare il livello delle loro sovvenzioni<\/strong> <strong>alle associazioni<\/strong> e allo <strong>Stato di mantenere gli stanziamenti alle comunit\u00e0 nel bilancio del 2017.<\/strong><\/li>\n<\/ul>\n<p><strong>Firmate e fate circolare l\u2019appello: \u00a0<\/strong><a href=\"http:\/\/cac.odass.org\/\"><strong>http:\/\/cac.odass.org\/<\/strong><\/a><\/p>\n<p><em>Tutte queste questioni saranno discusse durante gli incontri cittadini estivi del Collettivo delle Associazioni Civiche, dal 5 al 7 luglio, a Rennes, alle quali ognuno \u00e8 invitato a partecipare (vedere QUI: <\/em><a href=\"http:\/\/www.associations-citoyennes.net\/?p=7602\"><em>http:\/\/www.associations-citoyennes.net\/?p=7602<\/em><\/a><em>)<\/em><\/p>\n<p><strong>Collettivo delle Associazioni Civiche<\/strong><\/p>\n<p><a href=\"http:\/\/www.associations-citoyennes.net\">www.associations-citoyennes.net<\/a><\/p>\n<p>Traduzione dal francese di Dalila Anneo<\/p>\n","protected":false},"excerpt":{"rendered":"<p>&nbsp; Una battaglia decisiva \u00e8 attualmente portata avanti da un insieme di forze sindacali, politiche e associative e da numerosi cittadini, con l&#8217;obiettivo di opporsi alla legge sul lavoro e alla rimessa in discussione delle libert\u00e0 pubbliche. Il governo si&hellip;<\/p>\n","protected":false},"author":752,"featured_media":330319,"comment_status":"closed","ping_status":"closed","sticky":false,"template":"","format":"standard","meta":{"footnotes":""},"categories":[150,60,47],"tags":[897,3208,3673,28034],"class_list":["post-330315","post","type-post","status-publish","format-standard","has-post-thumbnail","hentry","category-comunicati-stampa","category-diritti-umani","category-europa","tag-diritti-umani","tag-francia-it","tag-parigi","tag-socia-impact-bonds"],"yoast_head":"<!-- This site is optimized with the Yoast SEO plugin v27.1.1 - https:\/\/yoast.com\/product\/yoast-seo-wordpress\/ -->\n<title>Appello alle associazioni civiche a partecipare alla mobilitazione sociale<\/title>\n<meta name=\"description\" content=\"&nbsp; Una battaglia decisiva \u00e8 attualmente portata avanti da un insieme di forze sindacali, politiche e associative e da numerosi cittadini, con\" \/>\n<meta name=\"robots\" content=\"index, follow, max-snippet:-1, max-image-preview:large, max-video-preview:-1\" \/>\n<link rel=\"canonical\" href=\"https:\/\/www.pressenza.com\/it\/2016\/06\/appello-alle-associazioni-civiche-partecipare-alla-mobilizzazione-sociale\/\" \/>\n<meta property=\"og:locale\" content=\"it_IT\" \/>\n<meta property=\"og:type\" content=\"article\" \/>\n<meta property=\"og:title\" content=\"Appello alle associazioni civiche a partecipare alla mobilitazione sociale\" \/>\n<meta property=\"og:description\" content=\"&nbsp; Una battaglia decisiva \u00e8 attualmente portata avanti da un insieme di forze sindacali, politiche e associative e da numerosi cittadini, con\" \/>\n<meta property=\"og:url\" content=\"https:\/\/www.pressenza.com\/it\/2016\/06\/appello-alle-associazioni-civiche-partecipare-alla-mobilizzazione-sociale\/\" \/>\n<meta property=\"og:site_name\" content=\"Pressenza\" \/>\n<meta property=\"article:publisher\" content=\"https:\/\/www.facebook.com\/PressenzaItalia\" \/>\n<meta property=\"article:published_time\" content=\"2016-06-16T12:41:07+00:00\" \/>\n<meta property=\"article:modified_time\" content=\"2016-06-16T12:43:12+00:00\" \/>\n<meta property=\"og:image\" content=\"https:\/\/www.pressenza.com\/wp-content\/uploads\/2016\/06\/CAC.jpg\" \/>\n\t<meta property=\"og:image:width\" content=\"1600\" \/>\n\t<meta property=\"og:image:height\" content=\"150\" \/>\n\t<meta property=\"og:image:type\" content=\"image\/jpeg\" \/>\n<meta name=\"author\" content=\"R\u00e9daction Paris\" \/>\n<meta name=\"twitter:card\" content=\"summary_large_image\" \/>\n<meta name=\"twitter:creator\" content=\"@PressenzaIPA\" \/>\n<meta name=\"twitter:site\" content=\"@PressenzaIPA\" \/>\n<meta name=\"twitter:label1\" content=\"Scritto da\" \/>\n\t<meta name=\"twitter:data1\" content=\"R\u00e9daction Paris\" \/>\n\t<meta name=\"twitter:label2\" content=\"Tempo di lettura stimato\" \/>\n\t<meta name=\"twitter:data2\" content=\"3 minuti\" \/>\n<script type=\"application\/ld+json\" class=\"yoast-schema-graph\">{\"@context\":\"https:\/\/schema.org\",\"@graph\":[{\"@type\":\"Article\",\"@id\":\"https:\/\/www.pressenza.com\/it\/2016\/06\/appello-alle-associazioni-civiche-partecipare-alla-mobilizzazione-sociale\/#article\",\"isPartOf\":{\"@id\":\"https:\/\/www.pressenza.com\/it\/2016\/06\/appello-alle-associazioni-civiche-partecipare-alla-mobilizzazione-sociale\/\"},\"author\":{\"name\":\"R\u00e9daction Paris\",\"@id\":\"https:\/\/www.pressenza.com\/it\/#\/schema\/person\/5698ef8d4c2a370cbdd59d5b17455af6\"},\"headline\":\"Appello alle associazioni civiche a partecipare alla mobilitazione sociale\",\"datePublished\":\"2016-06-16T12:41:07+00:00\",\"dateModified\":\"2016-06-16T12:43:12+00:00\",\"mainEntityOfPage\":{\"@id\":\"https:\/\/www.pressenza.com\/it\/2016\/06\/appello-alle-associazioni-civiche-partecipare-alla-mobilizzazione-sociale\/\"},\"wordCount\":518,\"publisher\":{\"@id\":\"https:\/\/www.pressenza.com\/it\/#organization\"},\"image\":{\"@id\":\"https:\/\/www.pressenza.com\/it\/2016\/06\/appello-alle-associazioni-civiche-partecipare-alla-mobilizzazione-sociale\/#primaryimage\"},\"thumbnailUrl\":\"https:\/\/www.pressenza.com\/wp-content\/uploads\/2016\/06\/CAC.jpg\",\"keywords\":[\"diritti umani\",\"Francia\",\"Parigi\",\"Socia Impact Bonds\"],\"articleSection\":[\"Comunicati Stampa\",\"Diritti Umani\",\"Europa\"],\"inLanguage\":\"it-IT\"},{\"@type\":\"WebPage\",\"@id\":\"https:\/\/www.pressenza.com\/it\/2016\/06\/appello-alle-associazioni-civiche-partecipare-alla-mobilizzazione-sociale\/\",\"url\":\"https:\/\/www.pressenza.com\/it\/2016\/06\/appello-alle-associazioni-civiche-partecipare-alla-mobilizzazione-sociale\/\",\"name\":\"Appello alle associazioni civiche a partecipare alla mobilitazione sociale\",\"isPartOf\":{\"@id\":\"https:\/\/www.pressenza.com\/it\/#website\"},\"primaryImageOfPage\":{\"@id\":\"https:\/\/www.pressenza.com\/it\/2016\/06\/appello-alle-associazioni-civiche-partecipare-alla-mobilizzazione-sociale\/#primaryimage\"},\"image\":{\"@id\":\"https:\/\/www.pressenza.com\/it\/2016\/06\/appello-alle-associazioni-civiche-partecipare-alla-mobilizzazione-sociale\/#primaryimage\"},\"thumbnailUrl\":\"https:\/\/www.pressenza.com\/wp-content\/uploads\/2016\/06\/CAC.jpg\",\"datePublished\":\"2016-06-16T12:41:07+00:00\",\"dateModified\":\"2016-06-16T12:43:12+00:00\",\"description\":\"&nbsp; Una battaglia decisiva \u00e8 attualmente portata avanti da un insieme di forze sindacali, politiche e associative e da numerosi cittadini, con\",\"breadcrumb\":{\"@id\":\"https:\/\/www.pressenza.com\/it\/2016\/06\/appello-alle-associazioni-civiche-partecipare-alla-mobilizzazione-sociale\/#breadcrumb\"},\"inLanguage\":\"it-IT\",\"potentialAction\":[{\"@type\":\"ReadAction\",\"target\":[\"https:\/\/www.pressenza.com\/it\/2016\/06\/appello-alle-associazioni-civiche-partecipare-alla-mobilizzazione-sociale\/\"]}]},{\"@type\":\"ImageObject\",\"inLanguage\":\"it-IT\",\"@id\":\"https:\/\/www.pressenza.com\/it\/2016\/06\/appello-alle-associazioni-civiche-partecipare-alla-mobilizzazione-sociale\/#primaryimage\",\"url\":\"https:\/\/www.pressenza.com\/wp-content\/uploads\/2016\/06\/CAC.jpg\",\"contentUrl\":\"https:\/\/www.pressenza.com\/wp-content\/uploads\/2016\/06\/CAC.jpg\",\"width\":1600,\"height\":150},{\"@type\":\"BreadcrumbList\",\"@id\":\"https:\/\/www.pressenza.com\/it\/2016\/06\/appello-alle-associazioni-civiche-partecipare-alla-mobilizzazione-sociale\/#breadcrumb\",\"itemListElement\":[{\"@type\":\"ListItem\",\"position\":1,\"name\":\"Accueil\",\"item\":\"https:\/\/www.pressenza.com\/it\/\"},{\"@type\":\"ListItem\",\"position\":2,\"name\":\"Appello alle associazioni civiche a partecipare alla mobilitazione sociale\"}]},{\"@type\":\"WebSite\",\"@id\":\"https:\/\/www.pressenza.com\/it\/#website\",\"url\":\"https:\/\/www.pressenza.com\/it\/\",\"name\":\"Pressenza\",\"description\":\"Agenzia di Stampa Internazionale\",\"publisher\":{\"@id\":\"https:\/\/www.pressenza.com\/it\/#organization\"},\"potentialAction\":[{\"@type\":\"SearchAction\",\"target\":{\"@type\":\"EntryPoint\",\"urlTemplate\":\"https:\/\/www.pressenza.com\/it\/?s={search_term_string}\"},\"query-input\":{\"@type\":\"PropertyValueSpecification\",\"valueRequired\":true,\"valueName\":\"search_term_string\"}}],\"inLanguage\":\"it-IT\"},{\"@type\":\"Organization\",\"@id\":\"https:\/\/www.pressenza.com\/it\/#organization\",\"name\":\"Pressenza\",\"url\":\"https:\/\/www.pressenza.com\/it\/\",\"logo\":{\"@type\":\"ImageObject\",\"inLanguage\":\"it-IT\",\"@id\":\"https:\/\/www.pressenza.com\/it\/#\/schema\/logo\/image\/\",\"url\":\"https:\/\/www.pressenza.com\/wp-content\/uploads\/2022\/10\/pressenza_logo_200x200.jpg\",\"contentUrl\":\"https:\/\/www.pressenza.com\/wp-content\/uploads\/2022\/10\/pressenza_logo_200x200.jpg\",\"width\":200,\"height\":200,\"caption\":\"Pressenza\"},\"image\":{\"@id\":\"https:\/\/www.pressenza.com\/it\/#\/schema\/logo\/image\/\"},\"sameAs\":[\"https:\/\/www.facebook.com\/PressenzaItalia\",\"https:\/\/x.com\/PressenzaIPA\"]},{\"@type\":\"Person\",\"@id\":\"https:\/\/www.pressenza.com\/it\/#\/schema\/person\/5698ef8d4c2a370cbdd59d5b17455af6\",\"name\":\"R\u00e9daction Paris\",\"description\":\"News published by the Pressenza bureau in Paris, France\",\"url\":\"https:\/\/www.pressenza.com\/it\/author\/redaction-paris\/\"}]}<\/script>\n<!-- \/ Yoast SEO plugin. -->","yoast_head_json":{"title":"Appello alle associazioni civiche a partecipare alla mobilitazione sociale","description":"&nbsp; Una battaglia decisiva \u00e8 attualmente portata avanti da un insieme di forze sindacali, politiche e associative e da numerosi cittadini, con","robots":{"index":"index","follow":"follow","max-snippet":"max-snippet:-1","max-image-preview":"max-image-preview:large","max-video-preview":"max-video-preview:-1"},"canonical":"https:\/\/www.pressenza.com\/it\/2016\/06\/appello-alle-associazioni-civiche-partecipare-alla-mobilizzazione-sociale\/","og_locale":"it_IT","og_type":"article","og_title":"Appello alle associazioni civiche a partecipare alla mobilitazione sociale","og_description":"&nbsp; Una battaglia decisiva \u00e8 attualmente portata avanti da un insieme di forze sindacali, politiche e associative e da numerosi cittadini, con","og_url":"https:\/\/www.pressenza.com\/it\/2016\/06\/appello-alle-associazioni-civiche-partecipare-alla-mobilizzazione-sociale\/","og_site_name":"Pressenza","article_publisher":"https:\/\/www.facebook.com\/PressenzaItalia","article_published_time":"2016-06-16T12:41:07+00:00","article_modified_time":"2016-06-16T12:43:12+00:00","og_image":[{"width":1600,"height":150,"url":"https:\/\/www.pressenza.com\/wp-content\/uploads\/2016\/06\/CAC.jpg","type":"image\/jpeg"}],"author":"R\u00e9daction Paris","twitter_card":"summary_large_image","twitter_creator":"@PressenzaIPA","twitter_site":"@PressenzaIPA","twitter_misc":{"Scritto da":"R\u00e9daction Paris","Tempo di lettura stimato":"3 minuti"},"schema":{"@context":"https:\/\/schema.org","@graph":[{"@type":"Article","@id":"https:\/\/www.pressenza.com\/it\/2016\/06\/appello-alle-associazioni-civiche-partecipare-alla-mobilizzazione-sociale\/#article","isPartOf":{"@id":"https:\/\/www.pressenza.com\/it\/2016\/06\/appello-alle-associazioni-civiche-partecipare-alla-mobilizzazione-sociale\/"},"author":{"name":"R\u00e9daction Paris","@id":"https:\/\/www.pressenza.com\/it\/#\/schema\/person\/5698ef8d4c2a370cbdd59d5b17455af6"},"headline":"Appello alle associazioni civiche a partecipare alla mobilitazione sociale","datePublished":"2016-06-16T12:41:07+00:00","dateModified":"2016-06-16T12:43:12+00:00","mainEntityOfPage":{"@id":"https:\/\/www.pressenza.com\/it\/2016\/06\/appello-alle-associazioni-civiche-partecipare-alla-mobilizzazione-sociale\/"},"wordCount":518,"publisher":{"@id":"https:\/\/www.pressenza.com\/it\/#organization"},"image":{"@id":"https:\/\/www.pressenza.com\/it\/2016\/06\/appello-alle-associazioni-civiche-partecipare-alla-mobilizzazione-sociale\/#primaryimage"},"thumbnailUrl":"https:\/\/www.pressenza.com\/wp-content\/uploads\/2016\/06\/CAC.jpg","keywords":["diritti umani","Francia","Parigi","Socia Impact Bonds"],"articleSection":["Comunicati Stampa","Diritti Umani","Europa"],"inLanguage":"it-IT"},{"@type":"WebPage","@id":"https:\/\/www.pressenza.com\/it\/2016\/06\/appello-alle-associazioni-civiche-partecipare-alla-mobilizzazione-sociale\/","url":"https:\/\/www.pressenza.com\/it\/2016\/06\/appello-alle-associazioni-civiche-partecipare-alla-mobilizzazione-sociale\/","name":"Appello alle associazioni civiche a partecipare alla mobilitazione sociale","isPartOf":{"@id":"https:\/\/www.pressenza.com\/it\/#website"},"primaryImageOfPage":{"@id":"https:\/\/www.pressenza.com\/it\/2016\/06\/appello-alle-associazioni-civiche-partecipare-alla-mobilizzazione-sociale\/#primaryimage"},"image":{"@id":"https:\/\/www.pressenza.com\/it\/2016\/06\/appello-alle-associazioni-civiche-partecipare-alla-mobilizzazione-sociale\/#primaryimage"},"thumbnailUrl":"https:\/\/www.pressenza.com\/wp-content\/uploads\/2016\/06\/CAC.jpg","datePublished":"2016-06-16T12:41:07+00:00","dateModified":"2016-06-16T12:43:12+00:00","description":"&nbsp; Una battaglia decisiva \u00e8 attualmente portata avanti da un insieme di forze sindacali, politiche e associative e da numerosi cittadini, con","breadcrumb":{"@id":"https:\/\/www.pressenza.com\/it\/2016\/06\/appello-alle-associazioni-civiche-partecipare-alla-mobilizzazione-sociale\/#breadcrumb"},"inLanguage":"it-IT","potentialAction":[{"@type":"ReadAction","target":["https:\/\/www.pressenza.com\/it\/2016\/06\/appello-alle-associazioni-civiche-partecipare-alla-mobilizzazione-sociale\/"]}]},{"@type":"ImageObject","inLanguage":"it-IT","@id":"https:\/\/www.pressenza.com\/it\/2016\/06\/appello-alle-associazioni-civiche-partecipare-alla-mobilizzazione-sociale\/#primaryimage","url":"https:\/\/www.pressenza.com\/wp-content\/uploads\/2016\/06\/CAC.jpg","contentUrl":"https:\/\/www.pressenza.com\/wp-content\/uploads\/2016\/06\/CAC.jpg","width":1600,"height":150},{"@type":"BreadcrumbList","@id":"https:\/\/www.pressenza.com\/it\/2016\/06\/appello-alle-associazioni-civiche-partecipare-alla-mobilizzazione-sociale\/#breadcrumb","itemListElement":[{"@type":"ListItem","position":1,"name":"Accueil","item":"https:\/\/www.pressenza.com\/it\/"},{"@type":"ListItem","position":2,"name":"Appello alle associazioni civiche a partecipare alla mobilitazione sociale"}]},{"@type":"WebSite","@id":"https:\/\/www.pressenza.com\/it\/#website","url":"https:\/\/www.pressenza.com\/it\/","name":"Pressenza","description":"Agenzia di Stampa Internazionale","publisher":{"@id":"https:\/\/www.pressenza.com\/it\/#organization"},"potentialAction":[{"@type":"SearchAction","target":{"@type":"EntryPoint","urlTemplate":"https:\/\/www.pressenza.com\/it\/?s={search_term_string}"},"query-input":{"@type":"PropertyValueSpecification","valueRequired":true,"valueName":"search_term_string"}}],"inLanguage":"it-IT"},{"@type":"Organization","@id":"https:\/\/www.pressenza.com\/it\/#organization","name":"Pressenza","url":"https:\/\/www.pressenza.com\/it\/","logo":{"@type":"ImageObject","inLanguage":"it-IT","@id":"https:\/\/www.pressenza.com\/it\/#\/schema\/logo\/image\/","url":"https:\/\/www.pressenza.com\/wp-content\/uploads\/2022\/10\/pressenza_logo_200x200.jpg","contentUrl":"https:\/\/www.pressenza.com\/wp-content\/uploads\/2022\/10\/pressenza_logo_200x200.jpg","width":200,"height":200,"caption":"Pressenza"},"image":{"@id":"https:\/\/www.pressenza.com\/it\/#\/schema\/logo\/image\/"},"sameAs":["https:\/\/www.facebook.com\/PressenzaItalia","https:\/\/x.com\/PressenzaIPA"]},{"@type":"Person","@id":"https:\/\/www.pressenza.com\/it\/#\/schema\/person\/5698ef8d4c2a370cbdd59d5b17455af6","name":"R\u00e9daction Paris","description":"News published by the Pressenza bureau in Paris, France","url":"https:\/\/www.pressenza.com\/it\/author\/redaction-paris\/"}]}},"place":"","original_article_url":"","_links":{"self":[{"href":"https:\/\/www.pressenza.com\/it\/wp-json\/wp\/v2\/posts\/330315","targetHints":{"allow":["GET"]}}],"collection":[{"href":"https:\/\/www.pressenza.com\/it\/wp-json\/wp\/v2\/posts"}],"about":[{"href":"https:\/\/www.pressenza.com\/it\/wp-json\/wp\/v2\/types\/post"}],"author":[{"embeddable":true,"href":"https:\/\/www.pressenza.com\/it\/wp-json\/wp\/v2\/users\/752"}],"replies":[{"embeddable":true,"href":"https:\/\/www.pressenza.com\/it\/wp-json\/wp\/v2\/comments?post=330315"}],"version-history":[{"count":0,"href":"https:\/\/www.pressenza.com\/it\/wp-json\/wp\/v2\/posts\/330315\/revisions"}],"wp:featuredmedia":[{"embeddable":true,"href":"https:\/\/www.pressenza.com\/it\/wp-json\/wp\/v2\/media\/330319"}],"wp:attachment":[{"href":"https:\/\/www.pressenza.com\/it\/wp-json\/wp\/v2\/media?parent=330315"}],"wp:term":[{"taxonomy":"category","embeddable":true,"href":"https:\/\/www.pressenza.com\/it\/wp-json\/wp\/v2\/categories?post=330315"},{"taxonomy":"post_tag","embeddable":true,"href":"https:\/\/www.pressenza.com\/it\/wp-json\/wp\/v2\/tags?post=330315"}],"curies":[{"name":"wp","href":"https:\/\/api.w.org\/{rel}","templated":true}]}}