{"id":330279,"date":"2016-06-16T12:49:56","date_gmt":"2016-06-16T11:49:56","guid":{"rendered":"http:\/\/www.pressenza.com\/it\/?p=330279"},"modified":"2016-06-16T12:49:56","modified_gmt":"2016-06-16T11:49:56","slug":"desiderio-crea-matera-casa-netural","status":"publish","type":"post","link":"https:\/\/www.pressenza.com\/it\/2016\/06\/desiderio-crea-matera-casa-netural\/","title":{"rendered":"Desiderio Crea a Matera con Casa Netural"},"content":{"rendered":"<p>&nbsp;<\/p>\n<p dir=\"ltr\">Dal 16 al 19 giugno Desiderio Crea sar\u00e0 a Matera a documentare ci\u00e0 che anima le amiche i gli amici di Casa Netural dopo aver incontrato gli amici della Cooperativa Sociale Giovani in Vita a Sinopoli, nel cuore della \u2019Ndrangheta, e le ragazze i i ragazzi del Centro Internazionale delle Culture UBUNTU nel cuore di Palermo.<\/p>\n<p>&nbsp;<\/p>\n<p dir=\"ltr\">Siamo arrivati a \u00a0Sinopoli il 26 di maggio, nel cuore della provincia di Reggio Calabria, in un piccolo centro in mezzo alle montagne ricoperte di boschi di Ulivi, qui si produce olio da generazioni e generazioni, ancor prima che la morsa della criminalit\u00e0 organizzata, potesse pretendere da tutti omert\u00e0 e servilismo affinch\u00e9 niente si muova senza il loro consenso o fuori dagli interessi di potere delle \u201cFamiglie\u201d.<\/p>\n<p dir=\"ltr\">Abbiamo incontrato persone che la mattina quando si svegliano si \u201cvogliono poter guardare in faccia\u201d perch\u00e9 non hanno ceduto all\u2019omert\u00e0, alla collusione, alla complicit\u00e0 di questo cancro sociale profondamente radicato fin nei piccoli paesini della Calabria al pari della Sicilia e Campania e in gran parte anche della Puglia. In questo regime di tensione di fondo, arriviamo noi con l\u2019allegria e l\u2019energia positiva del cambiamento nonviolento e della spiritualit\u00e0 nell\u2019arte, del gioco degli scarabocchi dell\u2019infanzia. Nessuna delle parti avrebbe potuto sapere come potesse risultare questo nostro incontro. Sar\u00e0 forse che mettere delle persone cos\u00ec forgiate dalle difficolt\u00e0 del territorio a scarabocchiare la grande tela, sia un\u2019impresa un po\u2019 troppo ardita?<\/p>\n<p dir=\"ltr\">Niente fu pi\u00f9 salutare e gradito di questo incontro tra la bellezza dell\u2019arte e il loro coraggio, tra la freschezza del Desiderio Crea e la loro genuina e ospitale generosit\u00e0. Le \u201cteste dure\u201d come loro si definiscono, non lo sono state affatto di fronte alla nostra proposta rivelando al contrario un\u2019apertura e un desiderio di mettersi in gioco con una profondit\u00e0 fuori dal comune. Cos\u00ec ci hanno fatto capire che la forza della determinazione a non finire travolti dalla collusione con l\u2019Ndrangheta, la loro testa dura, \u00e8 al servizio di una causa di speranza per lasciare \u00a0un seme aperto al futuro in una terra dove su una classe superiore di 25 ragazzi a distanza di 5 anni oggi ne rimangono solo 3, come ci ha detto Antonino.<\/p>\n<p dir=\"ltr\">Cos\u00ec questi tre giorni passati con loro, in cui non neghiamo abbiamo avvertito la tensione del territorio sottolineata dalla presenza fissa della scorta armata dei Carabinieri, sono passati all&#8217;insegna della connessione con chi senza sceglierlo si trova suo malgrado a vivere una vita di allarme e di pericoli ma che porta la conseguenza del proprio coraggio con dignit\u00e0 altissima e nascosta luminosit\u00e0. Loro non sono eroi, ma semplicemente persone che vogliono lavorare onestamente, cos\u00ec si descrivono, ma in questo contesto tutto ci\u00f2 lo si paga con l\u2019isolamento da parte di \u201camici\u201d e spesso pesa anche il dissenso delle proprie famiglie impaurite.<\/p>\n<p dir=\"ltr\">Alla nostra partenza domenica 29 alla volta di Palermo non volevano che ce ne andassimo, e anche noi saremo voluti rimanere altri giorni, sicuramente abbiamo nuovi amici in Domenico, Rocco, Roberto, Viaviana, Pino e le loro famiglie, perch\u00e9 il respiro felice dei colori, dell\u2019arte e dello sguardo profondo su se stessi che si esprime attraverso il laboratorio della grande tela sono stati particolarmente decomprimenti rispetto al loro lavoro quotidiano.<\/p>\n<p dir=\"ltr\">Come in ogni tappa del Desiderio Crea, sentiamo che \u00e8 iniziata una storia che al di l\u00e0 della possibilit\u00e0 o meno di incontrarsi frequentemente, ci unisce profondamente con tutti gli artisti della Grande Tela attori e attrici protagonisti del nuovo mondo.<\/p>\n<p dir=\"ltr\">Il 29 a notte fonda verso le 2 del mattino, la povera Patrizia ci accoglie a Palermo per ospitarci nella residence dei Cappuccini per farci un profondo sonno ristoratore ed integratore in vista del laboratorio per la grande tela fissato per luned\u00ec mattina alle 8.30.<\/p>\n<p dir=\"ltr\">Due parole sul Centro UBUNTU che in lingua bantu che indica \u201cbenevolenza verso il prossimo\u201d. Il 2 ottobre del 2006, giorno internazionale della nonviolenza e nascita di Gandhi, nel quartiere storico di Palermo Ballar\u00f2, nella piazzetta Santa Rosalia, i bambini di varie etnie che vivevano la propria giornata per strada, spesso al lato del degrado delle proprie madri che si prostituivano, avevano una nuova casa in cui scoprire una realt\u00e0 diversa fatta di affetto e di speranza. La situazione dei bambini di strada e le loro famiglie, balz\u00f2 al cuore di chi fond\u00f2 l\u2019asilo UBUNTU in occasione del ritorno di un viaggio da una missione in Brasile in appoggio alle popolazioni delle \u201cfavelas\u201d. La similitudine di queste due realt\u00e0 di degrado umano gli fece capire il senso di operare nelle proprie \u201cfavelas\u201d palermitane e la necessit\u00e0 di dare una dignit\u00e0 a quei bambini e a quelle madri. Il primo asilo UBUNTU nacque quindi \u00a0nel cuore della Palermo \u201cdifficile\u201d. Oggi la nuova sede pi\u00f9 grande e spaziosa, ma anche pi\u00f9 dispendiosa per essere sostenuta interamente da un lavoro di semi volontariato, \u00e8 sempre in centro storico vicino al mare e accoglie soprattutto bambini e adolescenti delle culture ghanesi e del Burkina Faso, le mamme e le condizioni sono migliorate in questi anni e per quanto si difficile l\u2019integrazione delle culture, anche tre quelle della stessa Africa, i bambini e le famiglie che frequentano il Centro si sentono a casa.<\/p>\n<p>&nbsp;<\/p>\n<p dir=\"ltr\">Ben distante dall&#8217;immagine di altre realt\u00e0 che lavorano direttamente col disagio adolescenziale irrequieto e difficile da gestire, a UBUNTU si respira un\u2019aria di bellezza, dolcezza, gentilezza e affetto. Si entra in una cortina di coccole in cui tutti si prendono cura di tutti, dato che gli stessi bambini di dieci anni fa oggi fanno il volontariato nel Centro contagiando virtuosamente le generazioni di bambini che poi diventano ragazzi e adulti. A UBUNTU, come se fosse un\u2019isola nel mare, si respira un\u2019aria di fratellanza e di accoglienza totalmente scevra dalle idiote divisioni umane dove al centro vi \u00e8 il piacere di dedicarsi agli altri come a se stessi, tanto che una delle comprensioni che pi\u00f9 ci hanno comunicato \u00e8 che fare per altri si verifica sempre come il miglior modo di dare a se stessi e di vivere una vita piena di senso.<\/p>\n<p dir=\"ltr\">Cos\u00ec il dare e l\u2019avere si confondono, come forse dovrebbe sempre essere, in un flusso di affetto e di attenzioni reciproche dato che i giovani frequentatori sono aperti e sereni e ci hanno accolti con curiosit\u00e0 e voglia di conoscerci e interagire allo stesso modo degli operatori e dei volontari Patrizia, Betty, Gaetano, Anna, Lorea, Loredana, Giusi e Valentina e tutti gli altri.<\/p>\n<p dir=\"ltr\">Certo abbiamo visto con quanta cura ma anche con quante difficolt\u00e0 possano mandare avanti una simile iniziativa con carenza di fondi, per questo siamo stati ulteriormente felici del nostro incontro per poter attraverso il Desiderio Crea \u00a0portare all&#8217;attenzione di altri \u00a0le campagne di autofinanziamento per poter garantire un servizio ed una struttura efficiente nella sua modestia e umile accoglienza.<\/p>\n<p>Eccoci dunque pronti alla nuova partenza per Casa Netural, un\u2019associazioce che fa della condivisione, creativit\u00e0 e disponibilit\u00e0 per gli altri un suo punto forza e che ha come progetto il miglioramento del territorio e la proliferazione di attivit\u00e0 costruttive di un nuovo mondo orizzontale e condiviso.<\/p>\n<p><em><strong>Desiderio Crea<\/strong> \u00e8 la pi\u00f9 grande tela pittorica mai realizzata, dipinta da oltre 150 persone che operano in distinti settori della societ\u00e0.<\/em><\/p>\n<p>http:\/\/www.desideriocrea.org\/desideriocrea.php<\/p>\n","protected":false},"excerpt":{"rendered":"<p>&nbsp; Dal 16 al 19 giugno Desiderio Crea sar\u00e0 a Matera a documentare ci\u00e0 che anima le amiche i gli amici di Casa Netural dopo aver incontrato gli amici della Cooperativa Sociale Giovani in Vita a Sinopoli, nel cuore della&hellip;<\/p>\n","protected":false},"author":1316,"featured_media":330283,"comment_status":"closed","ping_status":"closed","sticky":false,"template":"","format":"standard","meta":{"footnotes":""},"categories":[150,56,47,1262],"tags":[1737,10739,16227,28032,28029,28030,28031,1048,8399],"class_list":["post-330279","post","type-post","status-publish","format-standard","has-post-thumbnail","hentry","category-comunicati-stampa","category-cultura","category-europa","category-nonviolenza-argomento","tag-arte-it","tag-arte-femminile","tag-calabria","tag-casa-netural","tag-desiderio-crea","tag-matera","tag-ndrangheta","tag-palermo","tag-ubuntu"],"yoast_head":"<!-- This site is optimized with the Yoast SEO plugin v27.1.1 - https:\/\/yoast.com\/product\/yoast-seo-wordpress\/ -->\n<title>Desiderio Crea a Matera con Casa Netural<\/title>\n<meta name=\"description\" content=\"&nbsp; Dal 16 al 19 giugno Desiderio Crea sar\u00e0 a Matera a documentare ci\u00e0 che anima le amiche i gli amici di Casa Netural dopo aver incontrato gli amici\" \/>\n<meta name=\"robots\" content=\"index, follow, max-snippet:-1, max-image-preview:large, max-video-preview:-1\" \/>\n<link rel=\"canonical\" href=\"https:\/\/www.pressenza.com\/it\/2016\/06\/desiderio-crea-matera-casa-netural\/\" \/>\n<meta property=\"og:locale\" content=\"it_IT\" \/>\n<meta property=\"og:type\" content=\"article\" \/>\n<meta property=\"og:title\" content=\"Desiderio Crea a Matera con Casa Netural\" \/>\n<meta property=\"og:description\" content=\"&nbsp; Dal 16 al 19 giugno Desiderio Crea sar\u00e0 a Matera a documentare ci\u00e0 che anima le amiche i gli amici di Casa Netural dopo aver incontrato gli amici\" \/>\n<meta property=\"og:url\" content=\"https:\/\/www.pressenza.com\/it\/2016\/06\/desiderio-crea-matera-casa-netural\/\" \/>\n<meta property=\"og:site_name\" content=\"Pressenza\" \/>\n<meta property=\"article:publisher\" content=\"https:\/\/www.facebook.com\/PressenzaItalia\" \/>\n<meta property=\"article:published_time\" content=\"2016-06-16T11:49:56+00:00\" \/>\n<meta property=\"og:image\" content=\"https:\/\/www.pressenza.com\/wp-content\/uploads\/2016\/06\/Scarabocchi_GiV_004.jpg\" \/>\n\t<meta property=\"og:image:width\" content=\"1920\" \/>\n\t<meta property=\"og:image:height\" content=\"1280\" \/>\n\t<meta property=\"og:image:type\" content=\"image\/jpeg\" \/>\n<meta name=\"author\" content=\"Desiderio Crea\" \/>\n<meta name=\"twitter:card\" content=\"summary_large_image\" \/>\n<meta name=\"twitter:creator\" content=\"@PressenzaIPA\" \/>\n<meta name=\"twitter:site\" content=\"@PressenzaIPA\" \/>\n<meta name=\"twitter:label1\" content=\"Scritto da\" \/>\n\t<meta name=\"twitter:data1\" content=\"Desiderio Crea\" \/>\n\t<meta name=\"twitter:label2\" content=\"Tempo di lettura stimato\" \/>\n\t<meta name=\"twitter:data2\" content=\"6 minuti\" \/>\n<script type=\"application\/ld+json\" class=\"yoast-schema-graph\">{\"@context\":\"https:\/\/schema.org\",\"@graph\":[{\"@type\":\"Article\",\"@id\":\"https:\/\/www.pressenza.com\/it\/2016\/06\/desiderio-crea-matera-casa-netural\/#article\",\"isPartOf\":{\"@id\":\"https:\/\/www.pressenza.com\/it\/2016\/06\/desiderio-crea-matera-casa-netural\/\"},\"author\":{\"name\":\"Desiderio Crea\",\"@id\":\"https:\/\/www.pressenza.com\/it\/#\/schema\/person\/63c45d027ae3e89f4fcc2f4701822a35\"},\"headline\":\"Desiderio Crea a Matera con Casa Netural\",\"datePublished\":\"2016-06-16T11:49:56+00:00\",\"mainEntityOfPage\":{\"@id\":\"https:\/\/www.pressenza.com\/it\/2016\/06\/desiderio-crea-matera-casa-netural\/\"},\"wordCount\":1204,\"publisher\":{\"@id\":\"https:\/\/www.pressenza.com\/it\/#organization\"},\"image\":{\"@id\":\"https:\/\/www.pressenza.com\/it\/2016\/06\/desiderio-crea-matera-casa-netural\/#primaryimage\"},\"thumbnailUrl\":\"https:\/\/www.pressenza.com\/wp-content\/uploads\/2016\/06\/Scarabocchi_GiV_004.jpg\",\"keywords\":[\"arte\",\"arte femminile\",\"Calabria\",\"Casa Netural\",\"Desiderio Crea\",\"Matera\",\"ndrangheta\",\"Palermo\",\"ubuntu\"],\"articleSection\":[\"Comunicati Stampa\",\"Cultura e Media\",\"Europa\",\"Nonviolenza\"],\"inLanguage\":\"it-IT\"},{\"@type\":\"WebPage\",\"@id\":\"https:\/\/www.pressenza.com\/it\/2016\/06\/desiderio-crea-matera-casa-netural\/\",\"url\":\"https:\/\/www.pressenza.com\/it\/2016\/06\/desiderio-crea-matera-casa-netural\/\",\"name\":\"Desiderio Crea a Matera con Casa Netural\",\"isPartOf\":{\"@id\":\"https:\/\/www.pressenza.com\/it\/#website\"},\"primaryImageOfPage\":{\"@id\":\"https:\/\/www.pressenza.com\/it\/2016\/06\/desiderio-crea-matera-casa-netural\/#primaryimage\"},\"image\":{\"@id\":\"https:\/\/www.pressenza.com\/it\/2016\/06\/desiderio-crea-matera-casa-netural\/#primaryimage\"},\"thumbnailUrl\":\"https:\/\/www.pressenza.com\/wp-content\/uploads\/2016\/06\/Scarabocchi_GiV_004.jpg\",\"datePublished\":\"2016-06-16T11:49:56+00:00\",\"description\":\"&nbsp; Dal 16 al 19 giugno Desiderio Crea sar\u00e0 a Matera a documentare ci\u00e0 che anima le amiche i gli amici di Casa Netural dopo aver incontrato gli amici\",\"breadcrumb\":{\"@id\":\"https:\/\/www.pressenza.com\/it\/2016\/06\/desiderio-crea-matera-casa-netural\/#breadcrumb\"},\"inLanguage\":\"it-IT\",\"potentialAction\":[{\"@type\":\"ReadAction\",\"target\":[\"https:\/\/www.pressenza.com\/it\/2016\/06\/desiderio-crea-matera-casa-netural\/\"]}]},{\"@type\":\"ImageObject\",\"inLanguage\":\"it-IT\",\"@id\":\"https:\/\/www.pressenza.com\/it\/2016\/06\/desiderio-crea-matera-casa-netural\/#primaryimage\",\"url\":\"https:\/\/www.pressenza.com\/wp-content\/uploads\/2016\/06\/Scarabocchi_GiV_004.jpg\",\"contentUrl\":\"https:\/\/www.pressenza.com\/wp-content\/uploads\/2016\/06\/Scarabocchi_GiV_004.jpg\",\"width\":1920,\"height\":1280},{\"@type\":\"BreadcrumbList\",\"@id\":\"https:\/\/www.pressenza.com\/it\/2016\/06\/desiderio-crea-matera-casa-netural\/#breadcrumb\",\"itemListElement\":[{\"@type\":\"ListItem\",\"position\":1,\"name\":\"Accueil\",\"item\":\"https:\/\/www.pressenza.com\/it\/\"},{\"@type\":\"ListItem\",\"position\":2,\"name\":\"Desiderio Crea a Matera con Casa Netural\"}]},{\"@type\":\"WebSite\",\"@id\":\"https:\/\/www.pressenza.com\/it\/#website\",\"url\":\"https:\/\/www.pressenza.com\/it\/\",\"name\":\"Pressenza\",\"description\":\"Agenzia di Stampa Internazionale\",\"publisher\":{\"@id\":\"https:\/\/www.pressenza.com\/it\/#organization\"},\"potentialAction\":[{\"@type\":\"SearchAction\",\"target\":{\"@type\":\"EntryPoint\",\"urlTemplate\":\"https:\/\/www.pressenza.com\/it\/?s={search_term_string}\"},\"query-input\":{\"@type\":\"PropertyValueSpecification\",\"valueRequired\":true,\"valueName\":\"search_term_string\"}}],\"inLanguage\":\"it-IT\"},{\"@type\":\"Organization\",\"@id\":\"https:\/\/www.pressenza.com\/it\/#organization\",\"name\":\"Pressenza\",\"url\":\"https:\/\/www.pressenza.com\/it\/\",\"logo\":{\"@type\":\"ImageObject\",\"inLanguage\":\"it-IT\",\"@id\":\"https:\/\/www.pressenza.com\/it\/#\/schema\/logo\/image\/\",\"url\":\"https:\/\/www.pressenza.com\/wp-content\/uploads\/2022\/10\/pressenza_logo_200x200.jpg\",\"contentUrl\":\"https:\/\/www.pressenza.com\/wp-content\/uploads\/2022\/10\/pressenza_logo_200x200.jpg\",\"width\":200,\"height\":200,\"caption\":\"Pressenza\"},\"image\":{\"@id\":\"https:\/\/www.pressenza.com\/it\/#\/schema\/logo\/image\/\"},\"sameAs\":[\"https:\/\/www.facebook.com\/PressenzaItalia\",\"https:\/\/x.com\/PressenzaIPA\"]},{\"@type\":\"Person\",\"@id\":\"https:\/\/www.pressenza.com\/it\/#\/schema\/person\/63c45d027ae3e89f4fcc2f4701822a35\",\"name\":\"Desiderio Crea\",\"url\":\"https:\/\/www.pressenza.com\/it\/author\/desiderio-crea\/\"}]}<\/script>\n<!-- \/ Yoast SEO plugin. -->","yoast_head_json":{"title":"Desiderio Crea a Matera con Casa Netural","description":"&nbsp; Dal 16 al 19 giugno Desiderio Crea sar\u00e0 a Matera a documentare ci\u00e0 che anima le amiche i gli amici di Casa Netural dopo aver incontrato gli amici","robots":{"index":"index","follow":"follow","max-snippet":"max-snippet:-1","max-image-preview":"max-image-preview:large","max-video-preview":"max-video-preview:-1"},"canonical":"https:\/\/www.pressenza.com\/it\/2016\/06\/desiderio-crea-matera-casa-netural\/","og_locale":"it_IT","og_type":"article","og_title":"Desiderio Crea a Matera con Casa Netural","og_description":"&nbsp; Dal 16 al 19 giugno Desiderio Crea sar\u00e0 a Matera a documentare ci\u00e0 che anima le amiche i gli amici di Casa Netural dopo aver incontrato gli amici","og_url":"https:\/\/www.pressenza.com\/it\/2016\/06\/desiderio-crea-matera-casa-netural\/","og_site_name":"Pressenza","article_publisher":"https:\/\/www.facebook.com\/PressenzaItalia","article_published_time":"2016-06-16T11:49:56+00:00","og_image":[{"width":1920,"height":1280,"url":"https:\/\/www.pressenza.com\/wp-content\/uploads\/2016\/06\/Scarabocchi_GiV_004.jpg","type":"image\/jpeg"}],"author":"Desiderio Crea","twitter_card":"summary_large_image","twitter_creator":"@PressenzaIPA","twitter_site":"@PressenzaIPA","twitter_misc":{"Scritto da":"Desiderio Crea","Tempo di lettura stimato":"6 minuti"},"schema":{"@context":"https:\/\/schema.org","@graph":[{"@type":"Article","@id":"https:\/\/www.pressenza.com\/it\/2016\/06\/desiderio-crea-matera-casa-netural\/#article","isPartOf":{"@id":"https:\/\/www.pressenza.com\/it\/2016\/06\/desiderio-crea-matera-casa-netural\/"},"author":{"name":"Desiderio Crea","@id":"https:\/\/www.pressenza.com\/it\/#\/schema\/person\/63c45d027ae3e89f4fcc2f4701822a35"},"headline":"Desiderio Crea a Matera con Casa Netural","datePublished":"2016-06-16T11:49:56+00:00","mainEntityOfPage":{"@id":"https:\/\/www.pressenza.com\/it\/2016\/06\/desiderio-crea-matera-casa-netural\/"},"wordCount":1204,"publisher":{"@id":"https:\/\/www.pressenza.com\/it\/#organization"},"image":{"@id":"https:\/\/www.pressenza.com\/it\/2016\/06\/desiderio-crea-matera-casa-netural\/#primaryimage"},"thumbnailUrl":"https:\/\/www.pressenza.com\/wp-content\/uploads\/2016\/06\/Scarabocchi_GiV_004.jpg","keywords":["arte","arte femminile","Calabria","Casa Netural","Desiderio Crea","Matera","ndrangheta","Palermo","ubuntu"],"articleSection":["Comunicati Stampa","Cultura e Media","Europa","Nonviolenza"],"inLanguage":"it-IT"},{"@type":"WebPage","@id":"https:\/\/www.pressenza.com\/it\/2016\/06\/desiderio-crea-matera-casa-netural\/","url":"https:\/\/www.pressenza.com\/it\/2016\/06\/desiderio-crea-matera-casa-netural\/","name":"Desiderio Crea a Matera con Casa Netural","isPartOf":{"@id":"https:\/\/www.pressenza.com\/it\/#website"},"primaryImageOfPage":{"@id":"https:\/\/www.pressenza.com\/it\/2016\/06\/desiderio-crea-matera-casa-netural\/#primaryimage"},"image":{"@id":"https:\/\/www.pressenza.com\/it\/2016\/06\/desiderio-crea-matera-casa-netural\/#primaryimage"},"thumbnailUrl":"https:\/\/www.pressenza.com\/wp-content\/uploads\/2016\/06\/Scarabocchi_GiV_004.jpg","datePublished":"2016-06-16T11:49:56+00:00","description":"&nbsp; Dal 16 al 19 giugno Desiderio Crea sar\u00e0 a Matera a documentare ci\u00e0 che anima le amiche i gli amici di Casa Netural dopo aver incontrato gli amici","breadcrumb":{"@id":"https:\/\/www.pressenza.com\/it\/2016\/06\/desiderio-crea-matera-casa-netural\/#breadcrumb"},"inLanguage":"it-IT","potentialAction":[{"@type":"ReadAction","target":["https:\/\/www.pressenza.com\/it\/2016\/06\/desiderio-crea-matera-casa-netural\/"]}]},{"@type":"ImageObject","inLanguage":"it-IT","@id":"https:\/\/www.pressenza.com\/it\/2016\/06\/desiderio-crea-matera-casa-netural\/#primaryimage","url":"https:\/\/www.pressenza.com\/wp-content\/uploads\/2016\/06\/Scarabocchi_GiV_004.jpg","contentUrl":"https:\/\/www.pressenza.com\/wp-content\/uploads\/2016\/06\/Scarabocchi_GiV_004.jpg","width":1920,"height":1280},{"@type":"BreadcrumbList","@id":"https:\/\/www.pressenza.com\/it\/2016\/06\/desiderio-crea-matera-casa-netural\/#breadcrumb","itemListElement":[{"@type":"ListItem","position":1,"name":"Accueil","item":"https:\/\/www.pressenza.com\/it\/"},{"@type":"ListItem","position":2,"name":"Desiderio Crea a Matera con Casa Netural"}]},{"@type":"WebSite","@id":"https:\/\/www.pressenza.com\/it\/#website","url":"https:\/\/www.pressenza.com\/it\/","name":"Pressenza","description":"Agenzia di Stampa Internazionale","publisher":{"@id":"https:\/\/www.pressenza.com\/it\/#organization"},"potentialAction":[{"@type":"SearchAction","target":{"@type":"EntryPoint","urlTemplate":"https:\/\/www.pressenza.com\/it\/?s={search_term_string}"},"query-input":{"@type":"PropertyValueSpecification","valueRequired":true,"valueName":"search_term_string"}}],"inLanguage":"it-IT"},{"@type":"Organization","@id":"https:\/\/www.pressenza.com\/it\/#organization","name":"Pressenza","url":"https:\/\/www.pressenza.com\/it\/","logo":{"@type":"ImageObject","inLanguage":"it-IT","@id":"https:\/\/www.pressenza.com\/it\/#\/schema\/logo\/image\/","url":"https:\/\/www.pressenza.com\/wp-content\/uploads\/2022\/10\/pressenza_logo_200x200.jpg","contentUrl":"https:\/\/www.pressenza.com\/wp-content\/uploads\/2022\/10\/pressenza_logo_200x200.jpg","width":200,"height":200,"caption":"Pressenza"},"image":{"@id":"https:\/\/www.pressenza.com\/it\/#\/schema\/logo\/image\/"},"sameAs":["https:\/\/www.facebook.com\/PressenzaItalia","https:\/\/x.com\/PressenzaIPA"]},{"@type":"Person","@id":"https:\/\/www.pressenza.com\/it\/#\/schema\/person\/63c45d027ae3e89f4fcc2f4701822a35","name":"Desiderio Crea","url":"https:\/\/www.pressenza.com\/it\/author\/desiderio-crea\/"}]}},"place":"","original_article_url":"","_links":{"self":[{"href":"https:\/\/www.pressenza.com\/it\/wp-json\/wp\/v2\/posts\/330279","targetHints":{"allow":["GET"]}}],"collection":[{"href":"https:\/\/www.pressenza.com\/it\/wp-json\/wp\/v2\/posts"}],"about":[{"href":"https:\/\/www.pressenza.com\/it\/wp-json\/wp\/v2\/types\/post"}],"author":[{"embeddable":true,"href":"https:\/\/www.pressenza.com\/it\/wp-json\/wp\/v2\/users\/1316"}],"replies":[{"embeddable":true,"href":"https:\/\/www.pressenza.com\/it\/wp-json\/wp\/v2\/comments?post=330279"}],"version-history":[{"count":0,"href":"https:\/\/www.pressenza.com\/it\/wp-json\/wp\/v2\/posts\/330279\/revisions"}],"wp:featuredmedia":[{"embeddable":true,"href":"https:\/\/www.pressenza.com\/it\/wp-json\/wp\/v2\/media\/330283"}],"wp:attachment":[{"href":"https:\/\/www.pressenza.com\/it\/wp-json\/wp\/v2\/media?parent=330279"}],"wp:term":[{"taxonomy":"category","embeddable":true,"href":"https:\/\/www.pressenza.com\/it\/wp-json\/wp\/v2\/categories?post=330279"},{"taxonomy":"post_tag","embeddable":true,"href":"https:\/\/www.pressenza.com\/it\/wp-json\/wp\/v2\/tags?post=330279"}],"curies":[{"name":"wp","href":"https:\/\/api.w.org\/{rel}","templated":true}]}}