{"id":327319,"date":"2016-06-08T14:42:11","date_gmt":"2016-06-08T13:42:11","guid":{"rendered":"http:\/\/www.pressenza.com\/it\/?p=327319"},"modified":"2016-06-08T14:42:27","modified_gmt":"2016-06-08T13:42:27","slug":"consiglio-non-richiesto-ai-supporter-sala","status":"publish","type":"post","link":"https:\/\/www.pressenza.com\/it\/2016\/06\/consiglio-non-richiesto-ai-supporter-sala\/","title":{"rendered":"Consiglio non richiesto ai supporter di Sala"},"content":{"rendered":"<p>Gli ultimi seggi non avevano ancora finito l\u2019interminabile spoglio che gi\u00e0 erano partiti gli insulti e le accuse all\u2019indirizzo degli elettori e delle elettrici che al primo turno non avevano votato per la coalizione che sostiene Sala, ma che avevano scelto Milano in Comune e Basilio Rizzo oppure l\u2019astensione (quelli che votano 5 Stelle continuano invece ad essere trattati con incredibile sufficienza).<\/p>\n<p>Da allora \u00e8 stato un crescendo di pressing, sui social o nei microfoni aperti di Radio Popolare, senza nemmeno l\u2019ombra di un minimo di autocritica e all\u2019insegna dell\u2019imperativo \u201cdevi votare Sala, altrimenti hai la responsabilit\u00e0 di consegnare la citt\u00e0 a fascisti, razzisti, mafiosi e mostri vari\u201d.<\/p>\n<p>Con stupefacente spocchia taluni intimano pure \u201cdecidi da che parte stare!\u201d, dimenticandosi non solo i libri scritti insieme agli amici di Casa Pound, ma addirittura la ben pi\u00f9 attuale dichiarazione ufficiale del Pd che al ballottaggio di Napoli non dar\u00e0 alcuna indicazione di voto\u2026 Soltanto in pochi dalle parti di Sala sembrano essersi accorti che la strategia del \u201cprocessa l\u2019elettore che non mi ha votato\u201d non \u00e8 solo indecente e indecorosa, ma soprattutto un capolavoro di stupidit\u00e0.<\/p>\n<p>Non ho la pretesa di interpretare i sentimenti e le sensazioni degli elettori in generale, ma in queste settimane di campagna elettorale penso di aver capito una cosa almeno di quanti e quante hanno votato per Milano in Comune e per il sottoscritto: tutti sanno ragionare con la propria testa e tutti si stanno confrontando da tempo con il \u201cche fare\u201d al ballottaggio, anche se le risposte non sono uguali. C\u2019\u00e8 chi ha gi\u00e0 deciso di turarsi il naso e votare Sala perch\u00e9 Salvini &amp; Co. proprio non li regge; c\u2019\u00e8 chi non andr\u00e0 a votare perch\u00e9 il rospo Pd \u00e8 diventato definitivamente indigesto e poi c\u2019\u00e8 chi deve ancora decidere. Ebbene, cari supporter di Sala, andate avanti cos\u00ec e convincerete tutti a non votare!<\/p>\n<p>Dite che Sala e Parisi e le loro coalizioni non sono la stessa cosa e che ci sarebbe una differenza sostanziale tra una Giunta Sala e una Giunta Parisi? Ebbene, allora dimostratelo! Non a me, non a Basilio Rizzo o ad altri esponenti della lista, perch\u00e9 non ci sono, n\u00e9 ci saranno trattative, patti o accordicchi, ma agli elettori e alle elettrici che non hanno votato voi al primo turno o che si sono astenuti. E lo dovete fare nell\u2019unico modo possibile, cio\u00e8 con impegni concreti su temi concreti da parte del candidato sindaco.<\/p>\n<p>Se invece scegliete di continuare sulla strada del ricattino, dell\u2019insulto e delle chiacchiere, oppure su quella della favola dei cinque-anni-ancora (Ci sar\u00e0 tempo per un bilancio serio dell\u2019esperienza arancione, ma una cosa \u00e8 certa: oggi quella stagione non c\u2019\u00e8 pi\u00f9, \u00e8 chiusa, finita), che posso dirvi?<\/p>\n<p>Per quanto mi riguarda, non essendo abituato a dire una cosa per poi farne un\u2019altra, riconfermo quanto gi\u00e0 affermato pubblicamente il 29 maggio (vedi\u00a0<a href=\"http:\/\/ilmanifesto.info\/muhlbauer-ce-contro-i-candidati-fotocopia\/\">intervista<\/a>\u00a0al Manifesto), cio\u00e8 che non dar\u00f2 alcuna indicazione di voto. Ritengo tutte le ipotesi in campo legittime e rispettabili e sono profondamente convinto che le persone siano determinate a voler decidere con la propria testa.<\/p>\n<p>Insomma, vedete voi.<\/p>\n<p>&nbsp;<\/p>\n","protected":false},"excerpt":{"rendered":"<p>Gli ultimi seggi non avevano ancora finito l\u2019interminabile spoglio che gi\u00e0 erano partiti gli insulti e le accuse all\u2019indirizzo degli elettori e delle elettrici che al primo turno non avevano votato per la coalizione che sostiene Sala, ma che avevano&hellip;<\/p>\n","protected":false},"author":982,"featured_media":327320,"comment_status":"closed","ping_status":"closed","sticky":false,"template":"","format":"standard","meta":{"footnotes":""},"categories":[47,162,55],"tags":[7595,26227,25917,21469],"class_list":["post-327319","post","type-post","status-publish","format-standard","has-post-thumbnail","hentry","category-europa","category-opinioni","category-politica","tag-basilio-rizzo","tag-elezioni-amministrative-2016","tag-lista-milano-in-comune","tag-sala"],"yoast_head":"<!-- This site is optimized with the Yoast SEO plugin v27.1.1 - https:\/\/yoast.com\/product\/yoast-seo-wordpress\/ -->\n<title>Consiglio non richiesto ai supporter di Sala<\/title>\n<meta name=\"description\" content=\"Gli ultimi seggi non avevano ancora finito l\u2019interminabile spoglio che gi\u00e0 erano partiti gli insulti e le accuse all\u2019indirizzo degli elettori e delle\" \/>\n<meta name=\"robots\" content=\"index, follow, max-snippet:-1, max-image-preview:large, max-video-preview:-1\" \/>\n<link rel=\"canonical\" href=\"https:\/\/www.pressenza.com\/it\/2016\/06\/consiglio-non-richiesto-ai-supporter-sala\/\" \/>\n<meta property=\"og:locale\" content=\"it_IT\" \/>\n<meta property=\"og:type\" content=\"article\" \/>\n<meta property=\"og:title\" content=\"Consiglio non richiesto ai supporter di Sala\" \/>\n<meta property=\"og:description\" content=\"Gli ultimi seggi non avevano ancora finito l\u2019interminabile spoglio che gi\u00e0 erano partiti gli insulti e le accuse all\u2019indirizzo degli elettori e delle\" \/>\n<meta property=\"og:url\" content=\"https:\/\/www.pressenza.com\/it\/2016\/06\/consiglio-non-richiesto-ai-supporter-sala\/\" \/>\n<meta property=\"og:site_name\" content=\"Pressenza\" \/>\n<meta property=\"article:publisher\" content=\"https:\/\/www.facebook.com\/PressenzaItalia\" \/>\n<meta property=\"article:author\" content=\"https:\/\/www.facebook.com\/luciano.muhlbauer\" \/>\n<meta property=\"article:published_time\" content=\"2016-06-08T13:42:11+00:00\" \/>\n<meta property=\"article:modified_time\" content=\"2016-06-08T13:42:27+00:00\" \/>\n<meta property=\"og:image\" content=\"https:\/\/www.pressenza.com\/wp-content\/uploads\/2016\/06\/tot\u00f2-tromba.jpg\" \/>\n\t<meta property=\"og:image:width\" content=\"990\" \/>\n\t<meta property=\"og:image:height\" content=\"852\" \/>\n\t<meta property=\"og:image:type\" content=\"image\/jpeg\" \/>\n<meta name=\"author\" content=\"Luciano Muhlbauer\" \/>\n<meta name=\"twitter:card\" content=\"summary_large_image\" \/>\n<meta name=\"twitter:creator\" content=\"@Muhlbauer_\" \/>\n<meta name=\"twitter:site\" content=\"@PressenzaIPA\" \/>\n<meta name=\"twitter:label1\" content=\"Scritto da\" \/>\n\t<meta name=\"twitter:data1\" content=\"Luciano Muhlbauer\" \/>\n\t<meta name=\"twitter:label2\" content=\"Tempo di lettura stimato\" \/>\n\t<meta name=\"twitter:data2\" content=\"3 minuti\" \/>\n<script type=\"application\/ld+json\" class=\"yoast-schema-graph\">{\"@context\":\"https:\/\/schema.org\",\"@graph\":[{\"@type\":\"Article\",\"@id\":\"https:\/\/www.pressenza.com\/it\/2016\/06\/consiglio-non-richiesto-ai-supporter-sala\/#article\",\"isPartOf\":{\"@id\":\"https:\/\/www.pressenza.com\/it\/2016\/06\/consiglio-non-richiesto-ai-supporter-sala\/\"},\"author\":{\"name\":\"Luciano Muhlbauer\",\"@id\":\"https:\/\/www.pressenza.com\/it\/#\/schema\/person\/39da6bde67055a1b8cddb12c57da5142\"},\"headline\":\"Consiglio non richiesto ai supporter di Sala\",\"datePublished\":\"2016-06-08T13:42:11+00:00\",\"dateModified\":\"2016-06-08T13:42:27+00:00\",\"mainEntityOfPage\":{\"@id\":\"https:\/\/www.pressenza.com\/it\/2016\/06\/consiglio-non-richiesto-ai-supporter-sala\/\"},\"wordCount\":525,\"publisher\":{\"@id\":\"https:\/\/www.pressenza.com\/it\/#organization\"},\"image\":{\"@id\":\"https:\/\/www.pressenza.com\/it\/2016\/06\/consiglio-non-richiesto-ai-supporter-sala\/#primaryimage\"},\"thumbnailUrl\":\"https:\/\/www.pressenza.com\/wp-content\/uploads\/2016\/06\/tot\u00f2-tromba.jpg\",\"keywords\":[\"Basilio Rizzo\",\"elezioni amministrative 2016\",\"lista \\\"Milano in Comune\\\"\",\"sala\"],\"articleSection\":[\"Europa\",\"Opinioni\",\"Politica\"],\"inLanguage\":\"it-IT\"},{\"@type\":\"WebPage\",\"@id\":\"https:\/\/www.pressenza.com\/it\/2016\/06\/consiglio-non-richiesto-ai-supporter-sala\/\",\"url\":\"https:\/\/www.pressenza.com\/it\/2016\/06\/consiglio-non-richiesto-ai-supporter-sala\/\",\"name\":\"Consiglio non richiesto ai supporter di Sala\",\"isPartOf\":{\"@id\":\"https:\/\/www.pressenza.com\/it\/#website\"},\"primaryImageOfPage\":{\"@id\":\"https:\/\/www.pressenza.com\/it\/2016\/06\/consiglio-non-richiesto-ai-supporter-sala\/#primaryimage\"},\"image\":{\"@id\":\"https:\/\/www.pressenza.com\/it\/2016\/06\/consiglio-non-richiesto-ai-supporter-sala\/#primaryimage\"},\"thumbnailUrl\":\"https:\/\/www.pressenza.com\/wp-content\/uploads\/2016\/06\/tot\u00f2-tromba.jpg\",\"datePublished\":\"2016-06-08T13:42:11+00:00\",\"dateModified\":\"2016-06-08T13:42:27+00:00\",\"description\":\"Gli ultimi seggi non avevano ancora finito l\u2019interminabile spoglio che gi\u00e0 erano partiti gli insulti e le accuse all\u2019indirizzo degli elettori e delle\",\"breadcrumb\":{\"@id\":\"https:\/\/www.pressenza.com\/it\/2016\/06\/consiglio-non-richiesto-ai-supporter-sala\/#breadcrumb\"},\"inLanguage\":\"it-IT\",\"potentialAction\":[{\"@type\":\"ReadAction\",\"target\":[\"https:\/\/www.pressenza.com\/it\/2016\/06\/consiglio-non-richiesto-ai-supporter-sala\/\"]}]},{\"@type\":\"ImageObject\",\"inLanguage\":\"it-IT\",\"@id\":\"https:\/\/www.pressenza.com\/it\/2016\/06\/consiglio-non-richiesto-ai-supporter-sala\/#primaryimage\",\"url\":\"https:\/\/www.pressenza.com\/wp-content\/uploads\/2016\/06\/tot\u00f2-tromba.jpg\",\"contentUrl\":\"https:\/\/www.pressenza.com\/wp-content\/uploads\/2016\/06\/tot\u00f2-tromba.jpg\",\"width\":990,\"height\":852},{\"@type\":\"BreadcrumbList\",\"@id\":\"https:\/\/www.pressenza.com\/it\/2016\/06\/consiglio-non-richiesto-ai-supporter-sala\/#breadcrumb\",\"itemListElement\":[{\"@type\":\"ListItem\",\"position\":1,\"name\":\"Accueil\",\"item\":\"https:\/\/www.pressenza.com\/it\/\"},{\"@type\":\"ListItem\",\"position\":2,\"name\":\"Consiglio non richiesto ai supporter di Sala\"}]},{\"@type\":\"WebSite\",\"@id\":\"https:\/\/www.pressenza.com\/it\/#website\",\"url\":\"https:\/\/www.pressenza.com\/it\/\",\"name\":\"Pressenza\",\"description\":\"Agenzia di Stampa Internazionale\",\"publisher\":{\"@id\":\"https:\/\/www.pressenza.com\/it\/#organization\"},\"potentialAction\":[{\"@type\":\"SearchAction\",\"target\":{\"@type\":\"EntryPoint\",\"urlTemplate\":\"https:\/\/www.pressenza.com\/it\/?s={search_term_string}\"},\"query-input\":{\"@type\":\"PropertyValueSpecification\",\"valueRequired\":true,\"valueName\":\"search_term_string\"}}],\"inLanguage\":\"it-IT\"},{\"@type\":\"Organization\",\"@id\":\"https:\/\/www.pressenza.com\/it\/#organization\",\"name\":\"Pressenza\",\"url\":\"https:\/\/www.pressenza.com\/it\/\",\"logo\":{\"@type\":\"ImageObject\",\"inLanguage\":\"it-IT\",\"@id\":\"https:\/\/www.pressenza.com\/it\/#\/schema\/logo\/image\/\",\"url\":\"https:\/\/www.pressenza.com\/wp-content\/uploads\/2022\/10\/pressenza_logo_200x200.jpg\",\"contentUrl\":\"https:\/\/www.pressenza.com\/wp-content\/uploads\/2022\/10\/pressenza_logo_200x200.jpg\",\"width\":200,\"height\":200,\"caption\":\"Pressenza\"},\"image\":{\"@id\":\"https:\/\/www.pressenza.com\/it\/#\/schema\/logo\/image\/\"},\"sameAs\":[\"https:\/\/www.facebook.com\/PressenzaItalia\",\"https:\/\/x.com\/PressenzaIPA\"]},{\"@type\":\"Person\",\"@id\":\"https:\/\/www.pressenza.com\/it\/#\/schema\/person\/39da6bde67055a1b8cddb12c57da5142\",\"name\":\"Luciano Muhlbauer\",\"description\":\"Collabora con le testate di informazione alternativa on line MilanoX e Milano In Movimento, \u00e8 stato tra i portavoce del Genoa Social Forum nel 2001 e uno dei segretari nazionali del sindacato di base SinCobas fino al 2005. Dal 2005 al 2010 \u00e8 stato consigliere regionale in Lombardia. www.lucianomuhlbauer.it\/blog\/\",\"sameAs\":[\"https:\/\/www.facebook.com\/luciano.muhlbauer\",\"https:\/\/x.com\/Muhlbauer_\"],\"url\":\"https:\/\/www.pressenza.com\/it\/author\/luciano-muhlbauer\/\"}]}<\/script>\n<!-- \/ Yoast SEO plugin. -->","yoast_head_json":{"title":"Consiglio non richiesto ai supporter di Sala","description":"Gli ultimi seggi non avevano ancora finito l\u2019interminabile spoglio che gi\u00e0 erano partiti gli insulti e le accuse all\u2019indirizzo degli elettori e delle","robots":{"index":"index","follow":"follow","max-snippet":"max-snippet:-1","max-image-preview":"max-image-preview:large","max-video-preview":"max-video-preview:-1"},"canonical":"https:\/\/www.pressenza.com\/it\/2016\/06\/consiglio-non-richiesto-ai-supporter-sala\/","og_locale":"it_IT","og_type":"article","og_title":"Consiglio non richiesto ai supporter di Sala","og_description":"Gli ultimi seggi non avevano ancora finito l\u2019interminabile spoglio che gi\u00e0 erano partiti gli insulti e le accuse all\u2019indirizzo degli elettori e delle","og_url":"https:\/\/www.pressenza.com\/it\/2016\/06\/consiglio-non-richiesto-ai-supporter-sala\/","og_site_name":"Pressenza","article_publisher":"https:\/\/www.facebook.com\/PressenzaItalia","article_author":"https:\/\/www.facebook.com\/luciano.muhlbauer","article_published_time":"2016-06-08T13:42:11+00:00","article_modified_time":"2016-06-08T13:42:27+00:00","og_image":[{"width":990,"height":852,"url":"https:\/\/www.pressenza.com\/wp-content\/uploads\/2016\/06\/tot\u00f2-tromba.jpg","type":"image\/jpeg"}],"author":"Luciano Muhlbauer","twitter_card":"summary_large_image","twitter_creator":"@Muhlbauer_","twitter_site":"@PressenzaIPA","twitter_misc":{"Scritto da":"Luciano Muhlbauer","Tempo di lettura stimato":"3 minuti"},"schema":{"@context":"https:\/\/schema.org","@graph":[{"@type":"Article","@id":"https:\/\/www.pressenza.com\/it\/2016\/06\/consiglio-non-richiesto-ai-supporter-sala\/#article","isPartOf":{"@id":"https:\/\/www.pressenza.com\/it\/2016\/06\/consiglio-non-richiesto-ai-supporter-sala\/"},"author":{"name":"Luciano Muhlbauer","@id":"https:\/\/www.pressenza.com\/it\/#\/schema\/person\/39da6bde67055a1b8cddb12c57da5142"},"headline":"Consiglio non richiesto ai supporter di Sala","datePublished":"2016-06-08T13:42:11+00:00","dateModified":"2016-06-08T13:42:27+00:00","mainEntityOfPage":{"@id":"https:\/\/www.pressenza.com\/it\/2016\/06\/consiglio-non-richiesto-ai-supporter-sala\/"},"wordCount":525,"publisher":{"@id":"https:\/\/www.pressenza.com\/it\/#organization"},"image":{"@id":"https:\/\/www.pressenza.com\/it\/2016\/06\/consiglio-non-richiesto-ai-supporter-sala\/#primaryimage"},"thumbnailUrl":"https:\/\/www.pressenza.com\/wp-content\/uploads\/2016\/06\/tot\u00f2-tromba.jpg","keywords":["Basilio Rizzo","elezioni amministrative 2016","lista \"Milano in Comune\"","sala"],"articleSection":["Europa","Opinioni","Politica"],"inLanguage":"it-IT"},{"@type":"WebPage","@id":"https:\/\/www.pressenza.com\/it\/2016\/06\/consiglio-non-richiesto-ai-supporter-sala\/","url":"https:\/\/www.pressenza.com\/it\/2016\/06\/consiglio-non-richiesto-ai-supporter-sala\/","name":"Consiglio non richiesto ai supporter di Sala","isPartOf":{"@id":"https:\/\/www.pressenza.com\/it\/#website"},"primaryImageOfPage":{"@id":"https:\/\/www.pressenza.com\/it\/2016\/06\/consiglio-non-richiesto-ai-supporter-sala\/#primaryimage"},"image":{"@id":"https:\/\/www.pressenza.com\/it\/2016\/06\/consiglio-non-richiesto-ai-supporter-sala\/#primaryimage"},"thumbnailUrl":"https:\/\/www.pressenza.com\/wp-content\/uploads\/2016\/06\/tot\u00f2-tromba.jpg","datePublished":"2016-06-08T13:42:11+00:00","dateModified":"2016-06-08T13:42:27+00:00","description":"Gli ultimi seggi non avevano ancora finito l\u2019interminabile spoglio che gi\u00e0 erano partiti gli insulti e le accuse all\u2019indirizzo degli elettori e delle","breadcrumb":{"@id":"https:\/\/www.pressenza.com\/it\/2016\/06\/consiglio-non-richiesto-ai-supporter-sala\/#breadcrumb"},"inLanguage":"it-IT","potentialAction":[{"@type":"ReadAction","target":["https:\/\/www.pressenza.com\/it\/2016\/06\/consiglio-non-richiesto-ai-supporter-sala\/"]}]},{"@type":"ImageObject","inLanguage":"it-IT","@id":"https:\/\/www.pressenza.com\/it\/2016\/06\/consiglio-non-richiesto-ai-supporter-sala\/#primaryimage","url":"https:\/\/www.pressenza.com\/wp-content\/uploads\/2016\/06\/tot\u00f2-tromba.jpg","contentUrl":"https:\/\/www.pressenza.com\/wp-content\/uploads\/2016\/06\/tot\u00f2-tromba.jpg","width":990,"height":852},{"@type":"BreadcrumbList","@id":"https:\/\/www.pressenza.com\/it\/2016\/06\/consiglio-non-richiesto-ai-supporter-sala\/#breadcrumb","itemListElement":[{"@type":"ListItem","position":1,"name":"Accueil","item":"https:\/\/www.pressenza.com\/it\/"},{"@type":"ListItem","position":2,"name":"Consiglio non richiesto ai supporter di Sala"}]},{"@type":"WebSite","@id":"https:\/\/www.pressenza.com\/it\/#website","url":"https:\/\/www.pressenza.com\/it\/","name":"Pressenza","description":"Agenzia di Stampa Internazionale","publisher":{"@id":"https:\/\/www.pressenza.com\/it\/#organization"},"potentialAction":[{"@type":"SearchAction","target":{"@type":"EntryPoint","urlTemplate":"https:\/\/www.pressenza.com\/it\/?s={search_term_string}"},"query-input":{"@type":"PropertyValueSpecification","valueRequired":true,"valueName":"search_term_string"}}],"inLanguage":"it-IT"},{"@type":"Organization","@id":"https:\/\/www.pressenza.com\/it\/#organization","name":"Pressenza","url":"https:\/\/www.pressenza.com\/it\/","logo":{"@type":"ImageObject","inLanguage":"it-IT","@id":"https:\/\/www.pressenza.com\/it\/#\/schema\/logo\/image\/","url":"https:\/\/www.pressenza.com\/wp-content\/uploads\/2022\/10\/pressenza_logo_200x200.jpg","contentUrl":"https:\/\/www.pressenza.com\/wp-content\/uploads\/2022\/10\/pressenza_logo_200x200.jpg","width":200,"height":200,"caption":"Pressenza"},"image":{"@id":"https:\/\/www.pressenza.com\/it\/#\/schema\/logo\/image\/"},"sameAs":["https:\/\/www.facebook.com\/PressenzaItalia","https:\/\/x.com\/PressenzaIPA"]},{"@type":"Person","@id":"https:\/\/www.pressenza.com\/it\/#\/schema\/person\/39da6bde67055a1b8cddb12c57da5142","name":"Luciano Muhlbauer","description":"Collabora con le testate di informazione alternativa on line MilanoX e Milano In Movimento, \u00e8 stato tra i portavoce del Genoa Social Forum nel 2001 e uno dei segretari nazionali del sindacato di base SinCobas fino al 2005. Dal 2005 al 2010 \u00e8 stato consigliere regionale in Lombardia. www.lucianomuhlbauer.it\/blog\/","sameAs":["https:\/\/www.facebook.com\/luciano.muhlbauer","https:\/\/x.com\/Muhlbauer_"],"url":"https:\/\/www.pressenza.com\/it\/author\/luciano-muhlbauer\/"}]}},"place":"Milano","original_article_url":"","_links":{"self":[{"href":"https:\/\/www.pressenza.com\/it\/wp-json\/wp\/v2\/posts\/327319","targetHints":{"allow":["GET"]}}],"collection":[{"href":"https:\/\/www.pressenza.com\/it\/wp-json\/wp\/v2\/posts"}],"about":[{"href":"https:\/\/www.pressenza.com\/it\/wp-json\/wp\/v2\/types\/post"}],"author":[{"embeddable":true,"href":"https:\/\/www.pressenza.com\/it\/wp-json\/wp\/v2\/users\/982"}],"replies":[{"embeddable":true,"href":"https:\/\/www.pressenza.com\/it\/wp-json\/wp\/v2\/comments?post=327319"}],"version-history":[{"count":0,"href":"https:\/\/www.pressenza.com\/it\/wp-json\/wp\/v2\/posts\/327319\/revisions"}],"wp:featuredmedia":[{"embeddable":true,"href":"https:\/\/www.pressenza.com\/it\/wp-json\/wp\/v2\/media\/327320"}],"wp:attachment":[{"href":"https:\/\/www.pressenza.com\/it\/wp-json\/wp\/v2\/media?parent=327319"}],"wp:term":[{"taxonomy":"category","embeddable":true,"href":"https:\/\/www.pressenza.com\/it\/wp-json\/wp\/v2\/categories?post=327319"},{"taxonomy":"post_tag","embeddable":true,"href":"https:\/\/www.pressenza.com\/it\/wp-json\/wp\/v2\/tags?post=327319"}],"curies":[{"name":"wp","href":"https:\/\/api.w.org\/{rel}","templated":true}]}}