{"id":322385,"date":"2016-05-27T14:09:41","date_gmt":"2016-05-27T13:09:41","guid":{"rendered":"http:\/\/www.pressenza.com\/it\/?p=322385"},"modified":"2016-05-27T14:09:41","modified_gmt":"2016-05-27T13:09:41","slug":"vite-partigiane","status":"publish","type":"post","link":"https:\/\/www.pressenza.com\/it\/2016\/05\/vite-partigiane\/","title":{"rendered":"Vite partigiane"},"content":{"rendered":"<p><strong>Vite Partigiane: Rosario Bentivegna, Sergio Flamigni, Massimo Rendina, Walchiria Terradura, Teresa Vergalli<\/strong><\/p>\n<p>&nbsp;<\/p>\n<p>Libro a cura di UPM &#8211; Un Punto Macrobiotico, Roma<\/p>\n<p>Prefazione di Daniele Balicco<\/p>\n<p>Introduzione di Ciro Tizzano<\/p>\n<p>Recensione di Laura Tussi e Fabrizio Cracolici &#8211; ANPI Nova Milanese (MB)<\/p>\n<p>Edizioni Quodlibet<\/p>\n<p><strong><br \/>\n<em>L\u2019Associazione UPM &#8211; UN PUNTO MACROBIOTICO<\/em><\/strong><em>, ideata e fondata nel 1980 dal Professor Mario Pianesi, si prefigge \u201cdi diffondere senza distinzione religiosa, politica, sociale e culturale una alimentazione pi\u00f9 sana ed equilibrata e una cultura di rispetto e amore per l\u2019aria, l\u2019acqua, la terra, i vegetali, gli animali e tutti i popoli Nativi\u201d. Non ha fini di lucro ed \u00e8 un Ente Morale riconosciuto, un Ente Nazionale con Finalit\u00e0 Assistenziali (riconosciute dal Ministero dell\u2019Interno) ed un\u2019Associazione di Promozione Sociale. \u00c8 presente in Italia e all\u2019Estero, con pi\u00f9 di 100 realt\u00e0, con \u00a0pi\u00f9&#8217; di 100.000 soci (un Centro Studi Scientifico, un Centro Giuridico, una Commissione Scientifica, circoli culturali, negozi, ristoranti, aziende agricole, laboratori, forni a legna, case editrici) ad essa affiliate. Collabora con Governi e Istituzioni Scientifiche di vari Paesi (in Asia, Africa, Medio Oriente, Europa, America del Sud e Centrale) e viene patrocinata e coopera con Organismi Nazionali e Sovranazionali, quali FAO, UNESCO, UNCCD, WFP, Parlamento Europeo, Ministeri, Italiani e Stranieri.\u00a0<\/em><\/p>\n<p><em>\u00a0<\/em><\/p>\n<p><strong>UPM &#8211; Un Punto Macrobiotico<\/strong> \u00a0ha realizzato e curato un libro dal titolo Vite Partigiane con la dettagliata prefazione del giornalista Daniele Balicco e la puntuale introduzione di Ciro Tizzano. Il libro Vite Partigiane raccoglie, in versione trascritta, cinque testimonianze orali di noti partigiani che raccontano la personale esperienza nella Resistenza Antifascista, in una narrazione corale e collettiva dove emerge il coraggio di una generazione di ragazze e ragazzi che decide di ribellarsi all&#8217;inconsistenza feroce del fascismo e dei suoi terribili alleati.<\/p>\n<p>Il testo raccoglie cinque documenti sul significato della scelta di essere persone libere. I partigiani intervistati sono: Rosario Bentivegna, Sergio Flamigni, Massimo Rendina, Walchiria Terradura, Teresa Vergalli<\/p>\n<p>Questi grandi protagonisti della Resistenza non sono eroi, ma persone che hanno sempre creduto in un ideale e per questo hanno lottato, dimostrando che si pu\u00f2 trasformare la propria vita e la personale realt\u00e0 e invertire un destino collettivo drammaticamente segnato. Le conversazione trasmettono un insegnamento importante: non si pu\u00f2 vivere restando indifferenti a quanto accade nel mondo. L&#8217;eredit\u00e0 della Resistenza Partigiana continua ancora oggi, per esempio, fra i popoli che stanno lottando per difendere loro stessi e i territori dalle devastazioni, dall&#8217;inquinamento, dallo sfruttamento che imponenti forze multinazionali hanno provocato e scatenato con lo scopo di soddisfare le richieste di uno stile di consumo avido e egoistico, dettato dalle bieche logiche neoliberiste e dei mercati speculativi dell&#8217;alta finanza.<\/p>\n<p>I testimoni del libro Vite Partigiane trasmettono messaggi importanti e fondanti alle nuove generazioni sulla Resistenza Partigiana Antifascista, in quanto movimento di popolo che ha dato al nostro Paese una dignit\u00e0 di fronte al mondo, per la libert\u00e0 di pensiero, di parola, per il rispetto della vita, nella lotta contro la paura e contro il bisogno, per i diritti umani inalienabili e imprescindibili.<\/p>\n<p>Questi sono i valori di una democrazia che i giovani devono perseguire, senza ricorrere alla violenza, a meno che non siano costretti da un male assoluto, come lo sono stati i nostri Partigiani, il cui sogno era quello di ascrivere per sempre nella storia la parola fine a tutte le guerre, per la pace internazionale e universale. La violenza non fa parte della democrazia, che pu\u00f2 essere difesa anche in modo non violento, per creare una societ\u00e0 di liberi e uguali. \u00c8 importante argomentare sull&#8217;attualit\u00e0 della Resistenza, perch\u00e9 la dittatura \u00e8 sempre in agguato, perch\u00e9 il potere corrompe e \u00e8 necessario resistere a ogni forma di regime e di totalitarismo, come i nostri partigiani, che hanno lottato e hanno subito torture e deportazioni per questo ideale.<\/p>\n<p>Nella societ\u00e0 attuale ormai non esistono autentici valori antifascisti, ma solo un consenso cieco che viene dalla televisione e dai giornali. Le nuove generazioni si trovano di fronte a una scelta che non \u00e8 la lotta armata, ma l&#8217;impegno democratico, l&#8217;attivismo, la partecipazione sociale e l\u2019impegno civile.<\/p>\n<p>I Partigiani intervistati, nelle conversazioni, affermano che il loro era un impegno\u00a0 e una scelta culturale profonda, sentita, vissuta. Si riunivano clandestinamente per studiare le grandi opere culturali del pensiero e dell&#8217;ingegno umano, che respirano di libert\u00e0, da Marx al Vangelo.<\/p>\n<p>La partecipazione e l&#8217;attivismo antifascista non sono stati solo una lotta per liberarsi dai tedeschi e dai fascisti, ma una sentita e profonda volont\u00e0 di cambiare lo <em>status<\/em> <em>quo<\/em>, di rivoluzionare tutto. Grazie al movimento resistenziale partigiano il nostro Paese ha conquistato la dignit\u00e0 di fronte al mondo di non essere considerato un popolo di obbedienti, sottomessi e servili, seguaci del duce, ma di essere considerato un soggetto politico e un&#8217;entit\u00e0 statale con diritti e doveri, con la possibilit\u00e0 di sedersi al tavolo della pace, non come popolo vinto, ma con sanzioni di guerra meno dure e repressive.<\/p>\n<p>Tramite la Resistenza si \u00e8 ottenuto il diritto di voto per le donne e i presupposti per l&#8217;emancipazione femminile e soprattutto abbiamo conseguito la pace, la Costituzione che ripudia la guerra, la libert\u00e0 e la formazione dell&#8217;Europa, di cui si parla in modo dubitativo, ma invece \u00e8 un&#8217;istituzione necessaria per la solidariet\u00e0, la cooperazione, l&#8217;interdipendenza e l&#8217;accordo fra tutti i popoli. Le nuove generazioni devono lottare per la cultura, per imparare, per una scuola migliore. Le nostre armi di pace sono la solidariet\u00e0, la partecipazione, l&#8217;attivismo, il volontariato, le organizzazioni culturali di base, per risolvere insieme e collettivamente i problemi della societ\u00e0 attuale. \u00c8 necessario ricostruire comitati di quartiere per difendere e tutelare i diritti delle persone, per fare democrazia dal basso, perch\u00e9 non si pu\u00f2 aspettare un \u201cdittatore buono\u201d dall&#8217;alto. La realt\u00e0 si combatte dalla base, nelle scuole, nei quartieri, nei luoghi di lavoro, nelle grandi e piccole associazioni. \u00c8 necessaria una nuova Resistenza a partire dalla partecipazione sociale e dall&#8217;impegno civile, per la tutela della pace, dei diritti umani, dei beni comuni, del patrimonio culturale, dell&#8217;ambiente, per il disarmo, per un&#8217;alternativa al potere, contro i potentati della guerra, dell&#8217;atomo, del petrolio, dell&#8217;acciaio, e per ribadire l&#8217;opposizione allo stravolgimento di tutte le Carte Costituzionali nate dalla Resistenza Partigiana Antifascista.<\/p>\n","protected":false},"excerpt":{"rendered":"<p>Vite Partigiane: Rosario Bentivegna, Sergio Flamigni, Massimo Rendina, Walchiria Terradura, Teresa Vergalli &nbsp; Libro a cura di UPM &#8211; Un Punto Macrobiotico, Roma Prefazione di Daniele Balicco Introduzione di Ciro Tizzano Recensione di Laura Tussi e Fabrizio Cracolici &#8211; ANPI&hellip;<\/p>\n","protected":false},"author":535,"featured_media":322387,"comment_status":"closed","ping_status":"closed","sticky":false,"template":"","format":"standard","meta":{"footnotes":""},"categories":[56,47],"tags":[1311,13368,26101,27445],"class_list":["post-322385","post","type-post","status-publish","format-standard","has-post-thumbnail","hentry","category-cultura","category-europa","tag-libro","tag-partigiani","tag-recesione","tag-restistenza"],"yoast_head":"<!-- This site is optimized with the Yoast SEO plugin v27.1.1 - https:\/\/yoast.com\/product\/yoast-seo-wordpress\/ -->\n<title>Vite partigiane<\/title>\n<meta name=\"description\" content=\"Vite Partigiane: Rosario Bentivegna, Sergio Flamigni, Massimo Rendina, Walchiria Terradura, Teresa Vergalli &nbsp; Libro a cura di UPM - Un Punto\" \/>\n<meta name=\"robots\" content=\"index, follow, max-snippet:-1, max-image-preview:large, max-video-preview:-1\" \/>\n<link rel=\"canonical\" href=\"https:\/\/www.pressenza.com\/it\/2016\/05\/vite-partigiane\/\" \/>\n<meta property=\"og:locale\" content=\"it_IT\" \/>\n<meta property=\"og:type\" content=\"article\" \/>\n<meta property=\"og:title\" content=\"Vite partigiane\" \/>\n<meta property=\"og:description\" content=\"Vite Partigiane: Rosario Bentivegna, Sergio Flamigni, Massimo Rendina, Walchiria Terradura, Teresa Vergalli &nbsp; Libro a cura di UPM - Un Punto\" \/>\n<meta property=\"og:url\" content=\"https:\/\/www.pressenza.com\/it\/2016\/05\/vite-partigiane\/\" \/>\n<meta property=\"og:site_name\" content=\"Pressenza\" \/>\n<meta property=\"article:publisher\" content=\"https:\/\/www.facebook.com\/PressenzaItalia\" \/>\n<meta property=\"article:published_time\" content=\"2016-05-27T13:09:41+00:00\" \/>\n<meta property=\"og:image\" content=\"https:\/\/www.pressenza.com\/wp-content\/uploads\/2016\/05\/vite-partigiane-cop-b.jpg\" \/>\n\t<meta property=\"og:image:width\" content=\"300\" \/>\n\t<meta property=\"og:image:height\" content=\"459\" \/>\n\t<meta property=\"og:image:type\" content=\"image\/jpeg\" \/>\n<meta name=\"author\" content=\"Laura Tussi\" \/>\n<meta name=\"twitter:card\" content=\"summary_large_image\" \/>\n<meta name=\"twitter:creator\" content=\"@PressenzaIPA\" \/>\n<meta name=\"twitter:site\" content=\"@PressenzaIPA\" \/>\n<meta name=\"twitter:label1\" content=\"Scritto da\" \/>\n\t<meta name=\"twitter:data1\" content=\"Laura Tussi\" \/>\n\t<meta name=\"twitter:label2\" content=\"Tempo di lettura stimato\" \/>\n\t<meta name=\"twitter:data2\" content=\"5 minuti\" \/>\n<script type=\"application\/ld+json\" class=\"yoast-schema-graph\">{\"@context\":\"https:\/\/schema.org\",\"@graph\":[{\"@type\":\"Article\",\"@id\":\"https:\/\/www.pressenza.com\/it\/2016\/05\/vite-partigiane\/#article\",\"isPartOf\":{\"@id\":\"https:\/\/www.pressenza.com\/it\/2016\/05\/vite-partigiane\/\"},\"author\":{\"name\":\"Laura Tussi\",\"@id\":\"https:\/\/www.pressenza.com\/it\/#\/schema\/person\/4c966fac98e44f3bbd881d8e837f60da\"},\"headline\":\"Vite partigiane\",\"datePublished\":\"2016-05-27T13:09:41+00:00\",\"mainEntityOfPage\":{\"@id\":\"https:\/\/www.pressenza.com\/it\/2016\/05\/vite-partigiane\/\"},\"wordCount\":1038,\"publisher\":{\"@id\":\"https:\/\/www.pressenza.com\/it\/#organization\"},\"image\":{\"@id\":\"https:\/\/www.pressenza.com\/it\/2016\/05\/vite-partigiane\/#primaryimage\"},\"thumbnailUrl\":\"https:\/\/www.pressenza.com\/wp-content\/uploads\/2016\/05\/vite-partigiane-cop-b.jpg\",\"keywords\":[\"libro\",\"partigiani\",\"recesione\",\"restistenza\"],\"articleSection\":[\"Cultura e Media\",\"Europa\"],\"inLanguage\":\"it-IT\"},{\"@type\":\"WebPage\",\"@id\":\"https:\/\/www.pressenza.com\/it\/2016\/05\/vite-partigiane\/\",\"url\":\"https:\/\/www.pressenza.com\/it\/2016\/05\/vite-partigiane\/\",\"name\":\"Vite partigiane\",\"isPartOf\":{\"@id\":\"https:\/\/www.pressenza.com\/it\/#website\"},\"primaryImageOfPage\":{\"@id\":\"https:\/\/www.pressenza.com\/it\/2016\/05\/vite-partigiane\/#primaryimage\"},\"image\":{\"@id\":\"https:\/\/www.pressenza.com\/it\/2016\/05\/vite-partigiane\/#primaryimage\"},\"thumbnailUrl\":\"https:\/\/www.pressenza.com\/wp-content\/uploads\/2016\/05\/vite-partigiane-cop-b.jpg\",\"datePublished\":\"2016-05-27T13:09:41+00:00\",\"description\":\"Vite Partigiane: Rosario Bentivegna, Sergio Flamigni, Massimo Rendina, Walchiria Terradura, Teresa Vergalli &nbsp; Libro a cura di UPM - Un Punto\",\"breadcrumb\":{\"@id\":\"https:\/\/www.pressenza.com\/it\/2016\/05\/vite-partigiane\/#breadcrumb\"},\"inLanguage\":\"it-IT\",\"potentialAction\":[{\"@type\":\"ReadAction\",\"target\":[\"https:\/\/www.pressenza.com\/it\/2016\/05\/vite-partigiane\/\"]}]},{\"@type\":\"ImageObject\",\"inLanguage\":\"it-IT\",\"@id\":\"https:\/\/www.pressenza.com\/it\/2016\/05\/vite-partigiane\/#primaryimage\",\"url\":\"https:\/\/www.pressenza.com\/wp-content\/uploads\/2016\/05\/vite-partigiane-cop-b.jpg\",\"contentUrl\":\"https:\/\/www.pressenza.com\/wp-content\/uploads\/2016\/05\/vite-partigiane-cop-b.jpg\",\"width\":300,\"height\":459},{\"@type\":\"BreadcrumbList\",\"@id\":\"https:\/\/www.pressenza.com\/it\/2016\/05\/vite-partigiane\/#breadcrumb\",\"itemListElement\":[{\"@type\":\"ListItem\",\"position\":1,\"name\":\"Accueil\",\"item\":\"https:\/\/www.pressenza.com\/it\/\"},{\"@type\":\"ListItem\",\"position\":2,\"name\":\"Vite partigiane\"}]},{\"@type\":\"WebSite\",\"@id\":\"https:\/\/www.pressenza.com\/it\/#website\",\"url\":\"https:\/\/www.pressenza.com\/it\/\",\"name\":\"Pressenza\",\"description\":\"Agenzia di Stampa Internazionale\",\"publisher\":{\"@id\":\"https:\/\/www.pressenza.com\/it\/#organization\"},\"potentialAction\":[{\"@type\":\"SearchAction\",\"target\":{\"@type\":\"EntryPoint\",\"urlTemplate\":\"https:\/\/www.pressenza.com\/it\/?s={search_term_string}\"},\"query-input\":{\"@type\":\"PropertyValueSpecification\",\"valueRequired\":true,\"valueName\":\"search_term_string\"}}],\"inLanguage\":\"it-IT\"},{\"@type\":\"Organization\",\"@id\":\"https:\/\/www.pressenza.com\/it\/#organization\",\"name\":\"Pressenza\",\"url\":\"https:\/\/www.pressenza.com\/it\/\",\"logo\":{\"@type\":\"ImageObject\",\"inLanguage\":\"it-IT\",\"@id\":\"https:\/\/www.pressenza.com\/it\/#\/schema\/logo\/image\/\",\"url\":\"https:\/\/www.pressenza.com\/wp-content\/uploads\/2022\/10\/pressenza_logo_200x200.jpg\",\"contentUrl\":\"https:\/\/www.pressenza.com\/wp-content\/uploads\/2022\/10\/pressenza_logo_200x200.jpg\",\"width\":200,\"height\":200,\"caption\":\"Pressenza\"},\"image\":{\"@id\":\"https:\/\/www.pressenza.com\/it\/#\/schema\/logo\/image\/\"},\"sameAs\":[\"https:\/\/www.facebook.com\/PressenzaItalia\",\"https:\/\/x.com\/PressenzaIPA\"]},{\"@type\":\"Person\",\"@id\":\"https:\/\/www.pressenza.com\/it\/#\/schema\/person\/4c966fac98e44f3bbd881d8e837f60da\",\"name\":\"Laura Tussi\",\"description\":\"Docente, giornalista e ricercatrice, si occupa di pedagogia nonviolenta e interculturale. Ha conseguito cinque lauree specialistiche in formazione degli adulti e consulenza pedagogica nell'ambito delle scienze della formazione e dell'educazione.\",\"url\":\"https:\/\/www.pressenza.com\/it\/author\/laura-tussi\/\"}]}<\/script>\n<!-- \/ Yoast SEO plugin. -->","yoast_head_json":{"title":"Vite partigiane","description":"Vite Partigiane: Rosario Bentivegna, Sergio Flamigni, Massimo Rendina, Walchiria Terradura, Teresa Vergalli &nbsp; Libro a cura di UPM - Un Punto","robots":{"index":"index","follow":"follow","max-snippet":"max-snippet:-1","max-image-preview":"max-image-preview:large","max-video-preview":"max-video-preview:-1"},"canonical":"https:\/\/www.pressenza.com\/it\/2016\/05\/vite-partigiane\/","og_locale":"it_IT","og_type":"article","og_title":"Vite partigiane","og_description":"Vite Partigiane: Rosario Bentivegna, Sergio Flamigni, Massimo Rendina, Walchiria Terradura, Teresa Vergalli &nbsp; Libro a cura di UPM - Un Punto","og_url":"https:\/\/www.pressenza.com\/it\/2016\/05\/vite-partigiane\/","og_site_name":"Pressenza","article_publisher":"https:\/\/www.facebook.com\/PressenzaItalia","article_published_time":"2016-05-27T13:09:41+00:00","og_image":[{"width":300,"height":459,"url":"https:\/\/www.pressenza.com\/wp-content\/uploads\/2016\/05\/vite-partigiane-cop-b.jpg","type":"image\/jpeg"}],"author":"Laura Tussi","twitter_card":"summary_large_image","twitter_creator":"@PressenzaIPA","twitter_site":"@PressenzaIPA","twitter_misc":{"Scritto da":"Laura Tussi","Tempo di lettura stimato":"5 minuti"},"schema":{"@context":"https:\/\/schema.org","@graph":[{"@type":"Article","@id":"https:\/\/www.pressenza.com\/it\/2016\/05\/vite-partigiane\/#article","isPartOf":{"@id":"https:\/\/www.pressenza.com\/it\/2016\/05\/vite-partigiane\/"},"author":{"name":"Laura Tussi","@id":"https:\/\/www.pressenza.com\/it\/#\/schema\/person\/4c966fac98e44f3bbd881d8e837f60da"},"headline":"Vite partigiane","datePublished":"2016-05-27T13:09:41+00:00","mainEntityOfPage":{"@id":"https:\/\/www.pressenza.com\/it\/2016\/05\/vite-partigiane\/"},"wordCount":1038,"publisher":{"@id":"https:\/\/www.pressenza.com\/it\/#organization"},"image":{"@id":"https:\/\/www.pressenza.com\/it\/2016\/05\/vite-partigiane\/#primaryimage"},"thumbnailUrl":"https:\/\/www.pressenza.com\/wp-content\/uploads\/2016\/05\/vite-partigiane-cop-b.jpg","keywords":["libro","partigiani","recesione","restistenza"],"articleSection":["Cultura e Media","Europa"],"inLanguage":"it-IT"},{"@type":"WebPage","@id":"https:\/\/www.pressenza.com\/it\/2016\/05\/vite-partigiane\/","url":"https:\/\/www.pressenza.com\/it\/2016\/05\/vite-partigiane\/","name":"Vite partigiane","isPartOf":{"@id":"https:\/\/www.pressenza.com\/it\/#website"},"primaryImageOfPage":{"@id":"https:\/\/www.pressenza.com\/it\/2016\/05\/vite-partigiane\/#primaryimage"},"image":{"@id":"https:\/\/www.pressenza.com\/it\/2016\/05\/vite-partigiane\/#primaryimage"},"thumbnailUrl":"https:\/\/www.pressenza.com\/wp-content\/uploads\/2016\/05\/vite-partigiane-cop-b.jpg","datePublished":"2016-05-27T13:09:41+00:00","description":"Vite Partigiane: Rosario Bentivegna, Sergio Flamigni, Massimo Rendina, Walchiria Terradura, Teresa Vergalli &nbsp; Libro a cura di UPM - Un Punto","breadcrumb":{"@id":"https:\/\/www.pressenza.com\/it\/2016\/05\/vite-partigiane\/#breadcrumb"},"inLanguage":"it-IT","potentialAction":[{"@type":"ReadAction","target":["https:\/\/www.pressenza.com\/it\/2016\/05\/vite-partigiane\/"]}]},{"@type":"ImageObject","inLanguage":"it-IT","@id":"https:\/\/www.pressenza.com\/it\/2016\/05\/vite-partigiane\/#primaryimage","url":"https:\/\/www.pressenza.com\/wp-content\/uploads\/2016\/05\/vite-partigiane-cop-b.jpg","contentUrl":"https:\/\/www.pressenza.com\/wp-content\/uploads\/2016\/05\/vite-partigiane-cop-b.jpg","width":300,"height":459},{"@type":"BreadcrumbList","@id":"https:\/\/www.pressenza.com\/it\/2016\/05\/vite-partigiane\/#breadcrumb","itemListElement":[{"@type":"ListItem","position":1,"name":"Accueil","item":"https:\/\/www.pressenza.com\/it\/"},{"@type":"ListItem","position":2,"name":"Vite partigiane"}]},{"@type":"WebSite","@id":"https:\/\/www.pressenza.com\/it\/#website","url":"https:\/\/www.pressenza.com\/it\/","name":"Pressenza","description":"Agenzia di Stampa Internazionale","publisher":{"@id":"https:\/\/www.pressenza.com\/it\/#organization"},"potentialAction":[{"@type":"SearchAction","target":{"@type":"EntryPoint","urlTemplate":"https:\/\/www.pressenza.com\/it\/?s={search_term_string}"},"query-input":{"@type":"PropertyValueSpecification","valueRequired":true,"valueName":"search_term_string"}}],"inLanguage":"it-IT"},{"@type":"Organization","@id":"https:\/\/www.pressenza.com\/it\/#organization","name":"Pressenza","url":"https:\/\/www.pressenza.com\/it\/","logo":{"@type":"ImageObject","inLanguage":"it-IT","@id":"https:\/\/www.pressenza.com\/it\/#\/schema\/logo\/image\/","url":"https:\/\/www.pressenza.com\/wp-content\/uploads\/2022\/10\/pressenza_logo_200x200.jpg","contentUrl":"https:\/\/www.pressenza.com\/wp-content\/uploads\/2022\/10\/pressenza_logo_200x200.jpg","width":200,"height":200,"caption":"Pressenza"},"image":{"@id":"https:\/\/www.pressenza.com\/it\/#\/schema\/logo\/image\/"},"sameAs":["https:\/\/www.facebook.com\/PressenzaItalia","https:\/\/x.com\/PressenzaIPA"]},{"@type":"Person","@id":"https:\/\/www.pressenza.com\/it\/#\/schema\/person\/4c966fac98e44f3bbd881d8e837f60da","name":"Laura Tussi","description":"Docente, giornalista e ricercatrice, si occupa di pedagogia nonviolenta e interculturale. Ha conseguito cinque lauree specialistiche in formazione degli adulti e consulenza pedagogica nell'ambito delle scienze della formazione e dell'educazione.","url":"https:\/\/www.pressenza.com\/it\/author\/laura-tussi\/"}]}},"place":"","original_article_url":"","_links":{"self":[{"href":"https:\/\/www.pressenza.com\/it\/wp-json\/wp\/v2\/posts\/322385","targetHints":{"allow":["GET"]}}],"collection":[{"href":"https:\/\/www.pressenza.com\/it\/wp-json\/wp\/v2\/posts"}],"about":[{"href":"https:\/\/www.pressenza.com\/it\/wp-json\/wp\/v2\/types\/post"}],"author":[{"embeddable":true,"href":"https:\/\/www.pressenza.com\/it\/wp-json\/wp\/v2\/users\/535"}],"replies":[{"embeddable":true,"href":"https:\/\/www.pressenza.com\/it\/wp-json\/wp\/v2\/comments?post=322385"}],"version-history":[{"count":0,"href":"https:\/\/www.pressenza.com\/it\/wp-json\/wp\/v2\/posts\/322385\/revisions"}],"wp:featuredmedia":[{"embeddable":true,"href":"https:\/\/www.pressenza.com\/it\/wp-json\/wp\/v2\/media\/322387"}],"wp:attachment":[{"href":"https:\/\/www.pressenza.com\/it\/wp-json\/wp\/v2\/media?parent=322385"}],"wp:term":[{"taxonomy":"category","embeddable":true,"href":"https:\/\/www.pressenza.com\/it\/wp-json\/wp\/v2\/categories?post=322385"},{"taxonomy":"post_tag","embeddable":true,"href":"https:\/\/www.pressenza.com\/it\/wp-json\/wp\/v2\/tags?post=322385"}],"curies":[{"name":"wp","href":"https:\/\/api.w.org\/{rel}","templated":true}]}}