{"id":322009,"date":"2016-05-26T17:34:04","date_gmt":"2016-05-26T16:34:04","guid":{"rendered":"http:\/\/www.pressenza.com\/it\/?p=322009"},"modified":"2016-05-26T17:34:04","modified_gmt":"2016-05-26T16:34:04","slug":"desiderio-crea-vola-verso-sud","status":"publish","type":"post","link":"https:\/\/www.pressenza.com\/it\/2016\/05\/desiderio-crea-vola-verso-sud\/","title":{"rendered":"Desiderio Crea vola verso sud"},"content":{"rendered":"<p><em>Desiderio Crea \u00e8 la pi\u00f9 grande tela pittorica mai realizzata, dipinta da oltre 150 persone che operano in distinti settori della societ\u00e0.<\/em><\/p>\n<p>Gli artisti Simone Casu e Fabio Matteucci stanno percorrendo l&#8217;italia, a partire dal 7 aprile di quest&#8217;anno incontrando pezzi del nuovo mondo che sta nascendo: persone, associazioni, gruppi, scuole, cooperative che portano avanti progetti innovativi erso un mondo nonviolento, pacifista, solidale, umanista, dei beni comuni, ecologista ecc ecc.<\/p>\n<p>Ora il viaggio si sposta verso sud:\u00a0 Calabria, Sicilia e poi Basilicata.<\/p>\n<p>Gli artisti di Desiderio Crea incontreranno svariate realt\u00e0 e con esse, durante appositi laboratori, dipingeranno un pezzo di quella tela collettiva che vuol diventare la pi\u00f9 grande tela del mondo e dove trasferire l&#8217;energia artistica che anima le azioni di quelle persone.<\/p>\n<p>&nbsp;<\/p>\n<p>Ecco il calendario:<\/p>\n<p>dal 26 al 29 maggio, Sinopoli, Cooperativa Giovani in Vita<\/p>\n<p>dal 30 maggio al 2 giugno a Palermo al Centro delle Culture UBUNTU<\/p>\n<p>dal 16 giugno al 20 a Matera a Casa Netural<\/p>\n<p>Alla ine di ogni tappa l&#8217;opera verr\u00e0 presentata in un evento speciale.<\/p>\n<p>&nbsp;<\/p>\n<p>Tutti gli aggiornamenti su:<\/p>\n<p><a href=\"http:\/\/www.desideriocrea.org\/\">http:\/\/www.desideriocrea.org\/<\/a><\/p>\n<p>&nbsp;<\/p>\n","protected":false},"excerpt":{"rendered":"<p>Desiderio Crea \u00e8 la pi\u00f9 grande tela pittorica mai realizzata, dipinta da oltre 150 persone che operano in distinti settori della societ\u00e0. Gli artisti Simone Casu e Fabio Matteucci stanno percorrendo l&#8217;italia, a partire dal 7 aprile di quest&#8217;anno incontrando&hellip;<\/p>\n","protected":false},"author":594,"featured_media":322033,"comment_status":"closed","ping_status":"closed","sticky":false,"template":"","format":"standard","meta":{"footnotes":""},"categories":[150,56,47],"tags":[],"class_list":["post-322009","post","type-post","status-publish","format-standard","has-post-thumbnail","hentry","category-comunicati-stampa","category-cultura","category-europa"],"yoast_head":"<!-- This site is optimized with the Yoast SEO plugin v27.1.1 - https:\/\/yoast.com\/product\/yoast-seo-wordpress\/ -->\n<title>Desiderio Crea vola verso sud<\/title>\n<meta name=\"description\" content=\"Desiderio Crea \u00e8 la pi\u00f9 grande tela pittorica mai realizzata, dipinta da oltre 150 persone che operano in distinti settori della societ\u00e0. Gli artisti\" \/>\n<meta name=\"robots\" content=\"index, follow, max-snippet:-1, max-image-preview:large, max-video-preview:-1\" \/>\n<link rel=\"canonical\" href=\"https:\/\/www.pressenza.com\/it\/2016\/05\/desiderio-crea-vola-verso-sud\/\" \/>\n<meta property=\"og:locale\" content=\"it_IT\" \/>\n<meta property=\"og:type\" content=\"article\" \/>\n<meta property=\"og:title\" content=\"Desiderio Crea vola verso sud\" \/>\n<meta property=\"og:description\" content=\"Desiderio Crea \u00e8 la pi\u00f9 grande tela pittorica mai realizzata, dipinta da oltre 150 persone che operano in distinti settori della societ\u00e0. Gli artisti\" \/>\n<meta property=\"og:url\" content=\"https:\/\/www.pressenza.com\/it\/2016\/05\/desiderio-crea-vola-verso-sud\/\" \/>\n<meta property=\"og:site_name\" content=\"Pressenza\" \/>\n<meta property=\"article:publisher\" content=\"https:\/\/www.facebook.com\/PressenzaItalia\" \/>\n<meta property=\"article:author\" content=\"https:\/\/www.facebook.com\/PressenzaItalia\" \/>\n<meta property=\"article:published_time\" content=\"2016-05-26T16:34:04+00:00\" \/>\n<meta property=\"og:image\" content=\"https:\/\/www.pressenza.com\/wp-content\/uploads\/2016\/05\/Italia_Tappe.jpg\" \/>\n\t<meta property=\"og:image:width\" content=\"1012\" \/>\n\t<meta property=\"og:image:height\" content=\"1200\" \/>\n\t<meta property=\"og:image:type\" content=\"image\/jpeg\" \/>\n<meta name=\"author\" content=\"Redazione Italia\" \/>\n<meta name=\"twitter:card\" content=\"summary_large_image\" \/>\n<meta name=\"twitter:creator\" content=\"@pressenza_it\" \/>\n<meta name=\"twitter:site\" content=\"@PressenzaIPA\" \/>\n<meta name=\"twitter:label1\" content=\"Scritto da\" \/>\n\t<meta name=\"twitter:data1\" content=\"Redazione Italia\" \/>\n\t<meta name=\"twitter:label2\" content=\"Tempo di lettura stimato\" \/>\n\t<meta name=\"twitter:data2\" content=\"1 minuto\" \/>\n<script type=\"application\/ld+json\" class=\"yoast-schema-graph\">{\"@context\":\"https:\/\/schema.org\",\"@graph\":[{\"@type\":\"Article\",\"@id\":\"https:\/\/www.pressenza.com\/it\/2016\/05\/desiderio-crea-vola-verso-sud\/#article\",\"isPartOf\":{\"@id\":\"https:\/\/www.pressenza.com\/it\/2016\/05\/desiderio-crea-vola-verso-sud\/\"},\"author\":{\"name\":\"Redazione Italia\",\"@id\":\"https:\/\/www.pressenza.com\/it\/#\/schema\/person\/d983e81827ae24f2c7b1a2123d197f8d\"},\"headline\":\"Desiderio Crea vola verso sud\",\"datePublished\":\"2016-05-26T16:34:04+00:00\",\"mainEntityOfPage\":{\"@id\":\"https:\/\/www.pressenza.com\/it\/2016\/05\/desiderio-crea-vola-verso-sud\/\"},\"wordCount\":183,\"publisher\":{\"@id\":\"https:\/\/www.pressenza.com\/it\/#organization\"},\"image\":{\"@id\":\"https:\/\/www.pressenza.com\/it\/2016\/05\/desiderio-crea-vola-verso-sud\/#primaryimage\"},\"thumbnailUrl\":\"https:\/\/www.pressenza.com\/wp-content\/uploads\/2016\/05\/Italia_Tappe.jpg\",\"articleSection\":[\"Comunicati Stampa\",\"Cultura e Media\",\"Europa\"],\"inLanguage\":\"it-IT\"},{\"@type\":\"WebPage\",\"@id\":\"https:\/\/www.pressenza.com\/it\/2016\/05\/desiderio-crea-vola-verso-sud\/\",\"url\":\"https:\/\/www.pressenza.com\/it\/2016\/05\/desiderio-crea-vola-verso-sud\/\",\"name\":\"Desiderio Crea vola verso sud\",\"isPartOf\":{\"@id\":\"https:\/\/www.pressenza.com\/it\/#website\"},\"primaryImageOfPage\":{\"@id\":\"https:\/\/www.pressenza.com\/it\/2016\/05\/desiderio-crea-vola-verso-sud\/#primaryimage\"},\"image\":{\"@id\":\"https:\/\/www.pressenza.com\/it\/2016\/05\/desiderio-crea-vola-verso-sud\/#primaryimage\"},\"thumbnailUrl\":\"https:\/\/www.pressenza.com\/wp-content\/uploads\/2016\/05\/Italia_Tappe.jpg\",\"datePublished\":\"2016-05-26T16:34:04+00:00\",\"description\":\"Desiderio Crea \u00e8 la pi\u00f9 grande tela pittorica mai realizzata, dipinta da oltre 150 persone che operano in distinti settori della societ\u00e0. Gli artisti\",\"breadcrumb\":{\"@id\":\"https:\/\/www.pressenza.com\/it\/2016\/05\/desiderio-crea-vola-verso-sud\/#breadcrumb\"},\"inLanguage\":\"it-IT\",\"potentialAction\":[{\"@type\":\"ReadAction\",\"target\":[\"https:\/\/www.pressenza.com\/it\/2016\/05\/desiderio-crea-vola-verso-sud\/\"]}]},{\"@type\":\"ImageObject\",\"inLanguage\":\"it-IT\",\"@id\":\"https:\/\/www.pressenza.com\/it\/2016\/05\/desiderio-crea-vola-verso-sud\/#primaryimage\",\"url\":\"https:\/\/www.pressenza.com\/wp-content\/uploads\/2016\/05\/Italia_Tappe.jpg\",\"contentUrl\":\"https:\/\/www.pressenza.com\/wp-content\/uploads\/2016\/05\/Italia_Tappe.jpg\",\"width\":1012,\"height\":1200},{\"@type\":\"BreadcrumbList\",\"@id\":\"https:\/\/www.pressenza.com\/it\/2016\/05\/desiderio-crea-vola-verso-sud\/#breadcrumb\",\"itemListElement\":[{\"@type\":\"ListItem\",\"position\":1,\"name\":\"Accueil\",\"item\":\"https:\/\/www.pressenza.com\/it\/\"},{\"@type\":\"ListItem\",\"position\":2,\"name\":\"Desiderio Crea vola verso sud\"}]},{\"@type\":\"WebSite\",\"@id\":\"https:\/\/www.pressenza.com\/it\/#website\",\"url\":\"https:\/\/www.pressenza.com\/it\/\",\"name\":\"Pressenza\",\"description\":\"Agenzia di Stampa Internazionale\",\"publisher\":{\"@id\":\"https:\/\/www.pressenza.com\/it\/#organization\"},\"potentialAction\":[{\"@type\":\"SearchAction\",\"target\":{\"@type\":\"EntryPoint\",\"urlTemplate\":\"https:\/\/www.pressenza.com\/it\/?s={search_term_string}\"},\"query-input\":{\"@type\":\"PropertyValueSpecification\",\"valueRequired\":true,\"valueName\":\"search_term_string\"}}],\"inLanguage\":\"it-IT\"},{\"@type\":\"Organization\",\"@id\":\"https:\/\/www.pressenza.com\/it\/#organization\",\"name\":\"Pressenza\",\"url\":\"https:\/\/www.pressenza.com\/it\/\",\"logo\":{\"@type\":\"ImageObject\",\"inLanguage\":\"it-IT\",\"@id\":\"https:\/\/www.pressenza.com\/it\/#\/schema\/logo\/image\/\",\"url\":\"https:\/\/www.pressenza.com\/wp-content\/uploads\/2022\/10\/pressenza_logo_200x200.jpg\",\"contentUrl\":\"https:\/\/www.pressenza.com\/wp-content\/uploads\/2022\/10\/pressenza_logo_200x200.jpg\",\"width\":200,\"height\":200,\"caption\":\"Pressenza\"},\"image\":{\"@id\":\"https:\/\/www.pressenza.com\/it\/#\/schema\/logo\/image\/\"},\"sameAs\":[\"https:\/\/www.facebook.com\/PressenzaItalia\",\"https:\/\/x.com\/PressenzaIPA\"]},{\"@type\":\"Person\",\"@id\":\"https:\/\/www.pressenza.com\/it\/#\/schema\/person\/d983e81827ae24f2c7b1a2123d197f8d\",\"name\":\"Redazione Italia\",\"description\":\"News from the Pressenza Bureau in Italy\",\"sameAs\":[\"https:\/\/www.pressenza.com\/it\/author\/redazione-italia\/\",\"https:\/\/www.facebook.com\/PressenzaItalia\",\"https:\/\/www.instagram.com\/pressenza_italia\/\",\"https:\/\/x.com\/pressenza_it\",\"https:\/\/www.youtube.com\/channel\/UCSalEIWjE1RSxkwjfftFuqg\"],\"url\":\"https:\/\/www.pressenza.com\/it\/author\/redazione-italia\/\"}]}<\/script>\n<!-- \/ Yoast SEO plugin. -->","yoast_head_json":{"title":"Desiderio Crea vola verso sud","description":"Desiderio Crea \u00e8 la pi\u00f9 grande tela pittorica mai realizzata, dipinta da oltre 150 persone che operano in distinti settori della societ\u00e0. Gli artisti","robots":{"index":"index","follow":"follow","max-snippet":"max-snippet:-1","max-image-preview":"max-image-preview:large","max-video-preview":"max-video-preview:-1"},"canonical":"https:\/\/www.pressenza.com\/it\/2016\/05\/desiderio-crea-vola-verso-sud\/","og_locale":"it_IT","og_type":"article","og_title":"Desiderio Crea vola verso sud","og_description":"Desiderio Crea \u00e8 la pi\u00f9 grande tela pittorica mai realizzata, dipinta da oltre 150 persone che operano in distinti settori della societ\u00e0. Gli artisti","og_url":"https:\/\/www.pressenza.com\/it\/2016\/05\/desiderio-crea-vola-verso-sud\/","og_site_name":"Pressenza","article_publisher":"https:\/\/www.facebook.com\/PressenzaItalia","article_author":"https:\/\/www.facebook.com\/PressenzaItalia","article_published_time":"2016-05-26T16:34:04+00:00","og_image":[{"width":1012,"height":1200,"url":"https:\/\/www.pressenza.com\/wp-content\/uploads\/2016\/05\/Italia_Tappe.jpg","type":"image\/jpeg"}],"author":"Redazione Italia","twitter_card":"summary_large_image","twitter_creator":"@pressenza_it","twitter_site":"@PressenzaIPA","twitter_misc":{"Scritto da":"Redazione Italia","Tempo di lettura stimato":"1 minuto"},"schema":{"@context":"https:\/\/schema.org","@graph":[{"@type":"Article","@id":"https:\/\/www.pressenza.com\/it\/2016\/05\/desiderio-crea-vola-verso-sud\/#article","isPartOf":{"@id":"https:\/\/www.pressenza.com\/it\/2016\/05\/desiderio-crea-vola-verso-sud\/"},"author":{"name":"Redazione Italia","@id":"https:\/\/www.pressenza.com\/it\/#\/schema\/person\/d983e81827ae24f2c7b1a2123d197f8d"},"headline":"Desiderio Crea vola verso sud","datePublished":"2016-05-26T16:34:04+00:00","mainEntityOfPage":{"@id":"https:\/\/www.pressenza.com\/it\/2016\/05\/desiderio-crea-vola-verso-sud\/"},"wordCount":183,"publisher":{"@id":"https:\/\/www.pressenza.com\/it\/#organization"},"image":{"@id":"https:\/\/www.pressenza.com\/it\/2016\/05\/desiderio-crea-vola-verso-sud\/#primaryimage"},"thumbnailUrl":"https:\/\/www.pressenza.com\/wp-content\/uploads\/2016\/05\/Italia_Tappe.jpg","articleSection":["Comunicati Stampa","Cultura e Media","Europa"],"inLanguage":"it-IT"},{"@type":"WebPage","@id":"https:\/\/www.pressenza.com\/it\/2016\/05\/desiderio-crea-vola-verso-sud\/","url":"https:\/\/www.pressenza.com\/it\/2016\/05\/desiderio-crea-vola-verso-sud\/","name":"Desiderio Crea vola verso sud","isPartOf":{"@id":"https:\/\/www.pressenza.com\/it\/#website"},"primaryImageOfPage":{"@id":"https:\/\/www.pressenza.com\/it\/2016\/05\/desiderio-crea-vola-verso-sud\/#primaryimage"},"image":{"@id":"https:\/\/www.pressenza.com\/it\/2016\/05\/desiderio-crea-vola-verso-sud\/#primaryimage"},"thumbnailUrl":"https:\/\/www.pressenza.com\/wp-content\/uploads\/2016\/05\/Italia_Tappe.jpg","datePublished":"2016-05-26T16:34:04+00:00","description":"Desiderio Crea \u00e8 la pi\u00f9 grande tela pittorica mai realizzata, dipinta da oltre 150 persone che operano in distinti settori della societ\u00e0. Gli artisti","breadcrumb":{"@id":"https:\/\/www.pressenza.com\/it\/2016\/05\/desiderio-crea-vola-verso-sud\/#breadcrumb"},"inLanguage":"it-IT","potentialAction":[{"@type":"ReadAction","target":["https:\/\/www.pressenza.com\/it\/2016\/05\/desiderio-crea-vola-verso-sud\/"]}]},{"@type":"ImageObject","inLanguage":"it-IT","@id":"https:\/\/www.pressenza.com\/it\/2016\/05\/desiderio-crea-vola-verso-sud\/#primaryimage","url":"https:\/\/www.pressenza.com\/wp-content\/uploads\/2016\/05\/Italia_Tappe.jpg","contentUrl":"https:\/\/www.pressenza.com\/wp-content\/uploads\/2016\/05\/Italia_Tappe.jpg","width":1012,"height":1200},{"@type":"BreadcrumbList","@id":"https:\/\/www.pressenza.com\/it\/2016\/05\/desiderio-crea-vola-verso-sud\/#breadcrumb","itemListElement":[{"@type":"ListItem","position":1,"name":"Accueil","item":"https:\/\/www.pressenza.com\/it\/"},{"@type":"ListItem","position":2,"name":"Desiderio Crea vola verso sud"}]},{"@type":"WebSite","@id":"https:\/\/www.pressenza.com\/it\/#website","url":"https:\/\/www.pressenza.com\/it\/","name":"Pressenza","description":"Agenzia di Stampa Internazionale","publisher":{"@id":"https:\/\/www.pressenza.com\/it\/#organization"},"potentialAction":[{"@type":"SearchAction","target":{"@type":"EntryPoint","urlTemplate":"https:\/\/www.pressenza.com\/it\/?s={search_term_string}"},"query-input":{"@type":"PropertyValueSpecification","valueRequired":true,"valueName":"search_term_string"}}],"inLanguage":"it-IT"},{"@type":"Organization","@id":"https:\/\/www.pressenza.com\/it\/#organization","name":"Pressenza","url":"https:\/\/www.pressenza.com\/it\/","logo":{"@type":"ImageObject","inLanguage":"it-IT","@id":"https:\/\/www.pressenza.com\/it\/#\/schema\/logo\/image\/","url":"https:\/\/www.pressenza.com\/wp-content\/uploads\/2022\/10\/pressenza_logo_200x200.jpg","contentUrl":"https:\/\/www.pressenza.com\/wp-content\/uploads\/2022\/10\/pressenza_logo_200x200.jpg","width":200,"height":200,"caption":"Pressenza"},"image":{"@id":"https:\/\/www.pressenza.com\/it\/#\/schema\/logo\/image\/"},"sameAs":["https:\/\/www.facebook.com\/PressenzaItalia","https:\/\/x.com\/PressenzaIPA"]},{"@type":"Person","@id":"https:\/\/www.pressenza.com\/it\/#\/schema\/person\/d983e81827ae24f2c7b1a2123d197f8d","name":"Redazione Italia","description":"News from the Pressenza Bureau in Italy","sameAs":["https:\/\/www.pressenza.com\/it\/author\/redazione-italia\/","https:\/\/www.facebook.com\/PressenzaItalia","https:\/\/www.instagram.com\/pressenza_italia\/","https:\/\/x.com\/pressenza_it","https:\/\/www.youtube.com\/channel\/UCSalEIWjE1RSxkwjfftFuqg"],"url":"https:\/\/www.pressenza.com\/it\/author\/redazione-italia\/"}]}},"place":"","original_article_url":"","_links":{"self":[{"href":"https:\/\/www.pressenza.com\/it\/wp-json\/wp\/v2\/posts\/322009","targetHints":{"allow":["GET"]}}],"collection":[{"href":"https:\/\/www.pressenza.com\/it\/wp-json\/wp\/v2\/posts"}],"about":[{"href":"https:\/\/www.pressenza.com\/it\/wp-json\/wp\/v2\/types\/post"}],"author":[{"embeddable":true,"href":"https:\/\/www.pressenza.com\/it\/wp-json\/wp\/v2\/users\/594"}],"replies":[{"embeddable":true,"href":"https:\/\/www.pressenza.com\/it\/wp-json\/wp\/v2\/comments?post=322009"}],"version-history":[{"count":0,"href":"https:\/\/www.pressenza.com\/it\/wp-json\/wp\/v2\/posts\/322009\/revisions"}],"wp:featuredmedia":[{"embeddable":true,"href":"https:\/\/www.pressenza.com\/it\/wp-json\/wp\/v2\/media\/322033"}],"wp:attachment":[{"href":"https:\/\/www.pressenza.com\/it\/wp-json\/wp\/v2\/media?parent=322009"}],"wp:term":[{"taxonomy":"category","embeddable":true,"href":"https:\/\/www.pressenza.com\/it\/wp-json\/wp\/v2\/categories?post=322009"},{"taxonomy":"post_tag","embeddable":true,"href":"https:\/\/www.pressenza.com\/it\/wp-json\/wp\/v2\/tags?post=322009"}],"curies":[{"name":"wp","href":"https:\/\/api.w.org\/{rel}","templated":true}]}}