{"id":320083,"date":"2016-05-23T07:14:27","date_gmt":"2016-05-23T06:14:27","guid":{"rendered":"http:\/\/www.pressenza.com\/it\/?p=320083"},"modified":"2016-05-23T07:14:27","modified_gmt":"2016-05-23T06:14:27","slug":"la-mafia-non-affatto-invincibile-dallantimafia-alla-nonviolenza","status":"publish","type":"post","link":"https:\/\/www.pressenza.com\/it\/2016\/05\/la-mafia-non-affatto-invincibile-dallantimafia-alla-nonviolenza\/","title":{"rendered":"\u201cLa mafia non \u00e8 affatto invincibile\u201d. Dall&#8217;antimafia alla Nonviolenza"},"content":{"rendered":"<p><strong>\u00a0<\/strong>In Sicilia l&#8217;estate arriva presto e fin dal mese di Maggio le spiagge iniziano ad essere frequentate da chi cerca sollievo dalla prima afa. Il 23 Maggio 1992 era un sabato caldo e umido di quelli che ti soffocano, ma la vera sensazione di asfissia l&#8217;abbiamo provata con il sole gi\u00e0 avviato al tramonto e niente aveva a che vedere con la meteorologia. Pochi minuti prima delle 18.00, a Capaci, mezza tonnellata di tritolo aveva fatto saltare in aria il giudice Giovanni Falcone con la sua scorta. La notizia si propagava rapida contagiando la tranquillit\u00e0 del week-end con occhi vuoti, sorrisi isterici, fronti sulle ginocchia e pianti soffocati tra le braccia. Tutti abbiamo sentito l&#8217;urgenza di prendere una posizione netta contro la mafia. \u00c9 bello e giusto trovare la propria ubicazione nel mondo quando hai nel cuore la leggerezza del tuo respiro calmo, ma quel giorno i nostri cuori agitati erano otri gonfi di rabbia, ognuno giurava a se stesso che avrebbe fatto di tutto per non darla vinta ai mafiosi e tutta questa energia si manifestava, nel vecchio dualismo stato-mafia, nella pretesa di legalit\u00e0. Con me o contro di me! O sei per la legalit\u00e0 o sei per i boss! Tertium non datur.<\/p>\n<p>Da li ad un paio di mesi sarebbe stato ucciso anche Paolo Borsellino, collega e amico di una vita, che con Falcone aveva condiviso il campo di battaglia.<\/p>\n<p>Sono passati parecchi anni e penso che valga la pena fare delle riflessioni sul senso di fare \u201cantimafia\u201d. La mafia viene spesso descritta come un cancro della societ\u00e0 facendo cosi intendere che essa sia un corpo estraneo che \u201cdebilita\u201d un sistema sociale sano, ma siamo cosi sicuri che le cellule malate siano cosi diverse da quelle che consideriamo sane?<\/p>\n<p>Viviamo un sistema sociale in cui il potere e il denaro costituiscono l&#8217;inscindibile binomio inseguito da grandi moltitudini umane che non hanno scrupoli nel prevaricare gli altri, negando loro possibilit\u00e0 e diritti, con ogni sorta di violenza psicologica ed economica. In questo contesto il fenomeno mafioso altro non \u00e8 che un estremizzazione della violenza che da subdola diventa palese, da psicologica ed economica diventa spaventosamente fisica; ma facendo lo sforzo di andare oltre forma con la quale la violenza si manifesta possiamo rintracciare nella prevaricazione la stessa struttura della violenza del sistema e nell&#8217;assenza di riconoscimento dell&#8217;umanit\u00e0 dell&#8217;altro la sua stessa radice. A questo punto \u00e8 evidente che il solo far rispettare la legge, nata in seno ad un sistema violento, non \u00e8 una condizione sufficiente per superare la situazione attuale. Essere contro la mafia \u00e8 un buon inizio che viene per\u00f2 vanificato se l&#8217;alternativa \u00e8 la l&#8217;adesione acritica alla legalit\u00e0 e ai valori del sistema. La mafia \u00e8 l&#8217;esasperazione del sistema \u00e8 si pu\u00f2 superare solo superando il sistema stesso. La vera sfida \u00e8 costruire insieme un alternativa e per farlo \u00e8 necessario mettere in discussione i valori generalmente riconosciuti come assoluti per creare un nuovo paradigma che veda tra i suoi cardini il rifiuto di ogni forma di discriminazione e violenza, il bene comune anteposto all&#8217;accumulazione, il riconoscimento delle diversit\u00e0 e quindi, sinteticamente, il riconoscimento della libert\u00e0 umana come massimo valore morale. Lo so, pu\u00f2 sembrare un compito troppo grande e troppo distante dalle nostre possibilit\u00e0 ma \u00e8 un compito che nessun altro pu\u00f2 svolgere al posto nostro, \u00e8 un compito che svolgeremo nel nostro quotidiano ed ogni atto che indirizzeremo verso la libert\u00e0 sar\u00e0 solo un piccolo granello di sabbia nell&#8217;ingranaggio ben oliato del sistema. Tranquilli! E solo questione di tempo e di costanza, il meccanismo si incepper\u00e0! Lo diceva anche Falcone: \u201cLa mafia non \u00e8 affatto invincibile: \u00e8 un fenomeno umano e come tutti i fenomeni umani ha un principio, una sua evoluzione e avr\u00e0 quindi anche una fine\u201d.<\/p>\n<p>Marco Serraino<\/p>\n<p>&nbsp;<\/p>\n<p>&nbsp;<\/p>\n<p>&nbsp;<\/p>\n","protected":false},"excerpt":{"rendered":"<p>\u00a0In Sicilia l&#8217;estate arriva presto e fin dal mese di Maggio le spiagge iniziano ad essere frequentate da chi cerca sollievo dalla prima afa. Il 23 Maggio 1992 era un sabato caldo e umido di quelli che ti soffocano, ma&hellip;<\/p>\n","protected":false},"author":594,"featured_media":320084,"comment_status":"closed","ping_status":"closed","sticky":false,"template":"","format":"standard","meta":{"footnotes":""},"categories":[47,1262,162],"tags":[200,199,2846,460,27291],"class_list":["post-320083","post","type-post","status-publish","format-standard","has-post-thumbnail","hentry","category-europa","category-nonviolenza-argomento","category-opinioni","tag-borsellino","tag-falcone","tag-mafia-it","tag-nonviolenza","tag-strage-di-capaci"],"yoast_head":"<!-- This site is optimized with the Yoast SEO plugin v27.1.1 - https:\/\/yoast.com\/product\/yoast-seo-wordpress\/ -->\n<title>\u201cLa mafia non \u00e8 affatto invincibile\u201d. Dall&#039;antimafia alla Nonviolenza<\/title>\n<meta name=\"description\" content=\"\u00a0In Sicilia l&#039;estate arriva presto e fin dal mese di Maggio le spiagge iniziano ad essere frequentate da chi cerca sollievo dalla prima afa. Il 23 Maggio\" \/>\n<meta name=\"robots\" content=\"index, follow, max-snippet:-1, max-image-preview:large, max-video-preview:-1\" \/>\n<link rel=\"canonical\" href=\"https:\/\/www.pressenza.com\/it\/2016\/05\/la-mafia-non-affatto-invincibile-dallantimafia-alla-nonviolenza\/\" \/>\n<meta property=\"og:locale\" content=\"it_IT\" \/>\n<meta property=\"og:type\" content=\"article\" \/>\n<meta property=\"og:title\" content=\"\u201cLa mafia non \u00e8 affatto invincibile\u201d. Dall&#039;antimafia alla Nonviolenza\" \/>\n<meta property=\"og:description\" content=\"\u00a0In Sicilia l&#039;estate arriva presto e fin dal mese di Maggio le spiagge iniziano ad essere frequentate da chi cerca sollievo dalla prima afa. Il 23 Maggio\" \/>\n<meta property=\"og:url\" content=\"https:\/\/www.pressenza.com\/it\/2016\/05\/la-mafia-non-affatto-invincibile-dallantimafia-alla-nonviolenza\/\" \/>\n<meta property=\"og:site_name\" content=\"Pressenza\" \/>\n<meta property=\"article:publisher\" content=\"https:\/\/www.facebook.com\/PressenzaItalia\" \/>\n<meta property=\"article:author\" content=\"https:\/\/www.facebook.com\/PressenzaItalia\" \/>\n<meta property=\"article:published_time\" content=\"2016-05-23T06:14:27+00:00\" \/>\n<meta property=\"og:image\" content=\"https:\/\/www.pressenza.com\/wp-content\/uploads\/2016\/05\/1-introduzione-articolo.jpg\" \/>\n\t<meta property=\"og:image:width\" content=\"1798\" \/>\n\t<meta property=\"og:image:height\" content=\"1200\" \/>\n\t<meta property=\"og:image:type\" content=\"image\/jpeg\" \/>\n<meta name=\"author\" content=\"Redazione Italia\" \/>\n<meta name=\"twitter:card\" content=\"summary_large_image\" \/>\n<meta name=\"twitter:creator\" content=\"@pressenza_it\" \/>\n<meta name=\"twitter:site\" content=\"@PressenzaIPA\" \/>\n<meta name=\"twitter:label1\" content=\"Scritto da\" \/>\n\t<meta name=\"twitter:data1\" content=\"Redazione Italia\" \/>\n\t<meta name=\"twitter:label2\" content=\"Tempo di lettura stimato\" \/>\n\t<meta name=\"twitter:data2\" content=\"3 minuti\" \/>\n<script type=\"application\/ld+json\" class=\"yoast-schema-graph\">{\"@context\":\"https:\/\/schema.org\",\"@graph\":[{\"@type\":\"Article\",\"@id\":\"https:\/\/www.pressenza.com\/it\/2016\/05\/la-mafia-non-affatto-invincibile-dallantimafia-alla-nonviolenza\/#article\",\"isPartOf\":{\"@id\":\"https:\/\/www.pressenza.com\/it\/2016\/05\/la-mafia-non-affatto-invincibile-dallantimafia-alla-nonviolenza\/\"},\"author\":{\"name\":\"Redazione Italia\",\"@id\":\"https:\/\/www.pressenza.com\/it\/#\/schema\/person\/d983e81827ae24f2c7b1a2123d197f8d\"},\"headline\":\"\u201cLa mafia non \u00e8 affatto invincibile\u201d. Dall&#8217;antimafia alla Nonviolenza\",\"datePublished\":\"2016-05-23T06:14:27+00:00\",\"mainEntityOfPage\":{\"@id\":\"https:\/\/www.pressenza.com\/it\/2016\/05\/la-mafia-non-affatto-invincibile-dallantimafia-alla-nonviolenza\/\"},\"wordCount\":633,\"publisher\":{\"@id\":\"https:\/\/www.pressenza.com\/it\/#organization\"},\"image\":{\"@id\":\"https:\/\/www.pressenza.com\/it\/2016\/05\/la-mafia-non-affatto-invincibile-dallantimafia-alla-nonviolenza\/#primaryimage\"},\"thumbnailUrl\":\"https:\/\/www.pressenza.com\/wp-content\/uploads\/2016\/05\/1-introduzione-articolo.jpg\",\"keywords\":[\"Borsellino\",\"Falcone\",\"mafia\",\"nonviolenza\",\"strage di Capaci\"],\"articleSection\":[\"Europa\",\"Nonviolenza\",\"Opinioni\"],\"inLanguage\":\"it-IT\"},{\"@type\":\"WebPage\",\"@id\":\"https:\/\/www.pressenza.com\/it\/2016\/05\/la-mafia-non-affatto-invincibile-dallantimafia-alla-nonviolenza\/\",\"url\":\"https:\/\/www.pressenza.com\/it\/2016\/05\/la-mafia-non-affatto-invincibile-dallantimafia-alla-nonviolenza\/\",\"name\":\"\u201cLa mafia non \u00e8 affatto invincibile\u201d. Dall'antimafia alla Nonviolenza\",\"isPartOf\":{\"@id\":\"https:\/\/www.pressenza.com\/it\/#website\"},\"primaryImageOfPage\":{\"@id\":\"https:\/\/www.pressenza.com\/it\/2016\/05\/la-mafia-non-affatto-invincibile-dallantimafia-alla-nonviolenza\/#primaryimage\"},\"image\":{\"@id\":\"https:\/\/www.pressenza.com\/it\/2016\/05\/la-mafia-non-affatto-invincibile-dallantimafia-alla-nonviolenza\/#primaryimage\"},\"thumbnailUrl\":\"https:\/\/www.pressenza.com\/wp-content\/uploads\/2016\/05\/1-introduzione-articolo.jpg\",\"datePublished\":\"2016-05-23T06:14:27+00:00\",\"description\":\"\u00a0In Sicilia l'estate arriva presto e fin dal mese di Maggio le spiagge iniziano ad essere frequentate da chi cerca sollievo dalla prima afa. Il 23 Maggio\",\"breadcrumb\":{\"@id\":\"https:\/\/www.pressenza.com\/it\/2016\/05\/la-mafia-non-affatto-invincibile-dallantimafia-alla-nonviolenza\/#breadcrumb\"},\"inLanguage\":\"it-IT\",\"potentialAction\":[{\"@type\":\"ReadAction\",\"target\":[\"https:\/\/www.pressenza.com\/it\/2016\/05\/la-mafia-non-affatto-invincibile-dallantimafia-alla-nonviolenza\/\"]}]},{\"@type\":\"ImageObject\",\"inLanguage\":\"it-IT\",\"@id\":\"https:\/\/www.pressenza.com\/it\/2016\/05\/la-mafia-non-affatto-invincibile-dallantimafia-alla-nonviolenza\/#primaryimage\",\"url\":\"https:\/\/www.pressenza.com\/wp-content\/uploads\/2016\/05\/1-introduzione-articolo.jpg\",\"contentUrl\":\"https:\/\/www.pressenza.com\/wp-content\/uploads\/2016\/05\/1-introduzione-articolo.jpg\",\"width\":1798,\"height\":1200},{\"@type\":\"BreadcrumbList\",\"@id\":\"https:\/\/www.pressenza.com\/it\/2016\/05\/la-mafia-non-affatto-invincibile-dallantimafia-alla-nonviolenza\/#breadcrumb\",\"itemListElement\":[{\"@type\":\"ListItem\",\"position\":1,\"name\":\"Accueil\",\"item\":\"https:\/\/www.pressenza.com\/it\/\"},{\"@type\":\"ListItem\",\"position\":2,\"name\":\"\u201cLa mafia non \u00e8 affatto invincibile\u201d. Dall&#8217;antimafia alla Nonviolenza\"}]},{\"@type\":\"WebSite\",\"@id\":\"https:\/\/www.pressenza.com\/it\/#website\",\"url\":\"https:\/\/www.pressenza.com\/it\/\",\"name\":\"Pressenza\",\"description\":\"Agenzia di Stampa Internazionale\",\"publisher\":{\"@id\":\"https:\/\/www.pressenza.com\/it\/#organization\"},\"potentialAction\":[{\"@type\":\"SearchAction\",\"target\":{\"@type\":\"EntryPoint\",\"urlTemplate\":\"https:\/\/www.pressenza.com\/it\/?s={search_term_string}\"},\"query-input\":{\"@type\":\"PropertyValueSpecification\",\"valueRequired\":true,\"valueName\":\"search_term_string\"}}],\"inLanguage\":\"it-IT\"},{\"@type\":\"Organization\",\"@id\":\"https:\/\/www.pressenza.com\/it\/#organization\",\"name\":\"Pressenza\",\"url\":\"https:\/\/www.pressenza.com\/it\/\",\"logo\":{\"@type\":\"ImageObject\",\"inLanguage\":\"it-IT\",\"@id\":\"https:\/\/www.pressenza.com\/it\/#\/schema\/logo\/image\/\",\"url\":\"https:\/\/www.pressenza.com\/wp-content\/uploads\/2022\/10\/pressenza_logo_200x200.jpg\",\"contentUrl\":\"https:\/\/www.pressenza.com\/wp-content\/uploads\/2022\/10\/pressenza_logo_200x200.jpg\",\"width\":200,\"height\":200,\"caption\":\"Pressenza\"},\"image\":{\"@id\":\"https:\/\/www.pressenza.com\/it\/#\/schema\/logo\/image\/\"},\"sameAs\":[\"https:\/\/www.facebook.com\/PressenzaItalia\",\"https:\/\/x.com\/PressenzaIPA\"]},{\"@type\":\"Person\",\"@id\":\"https:\/\/www.pressenza.com\/it\/#\/schema\/person\/d983e81827ae24f2c7b1a2123d197f8d\",\"name\":\"Redazione Italia\",\"description\":\"News from the Pressenza Bureau in Italy\",\"sameAs\":[\"https:\/\/www.pressenza.com\/it\/author\/redazione-italia\/\",\"https:\/\/www.facebook.com\/PressenzaItalia\",\"https:\/\/www.instagram.com\/pressenza_italia\/\",\"https:\/\/x.com\/pressenza_it\",\"https:\/\/www.youtube.com\/channel\/UCSalEIWjE1RSxkwjfftFuqg\"],\"url\":\"https:\/\/www.pressenza.com\/it\/author\/redazione-italia\/\"}]}<\/script>\n<!-- \/ Yoast SEO plugin. -->","yoast_head_json":{"title":"\u201cLa mafia non \u00e8 affatto invincibile\u201d. Dall'antimafia alla Nonviolenza","description":"\u00a0In Sicilia l'estate arriva presto e fin dal mese di Maggio le spiagge iniziano ad essere frequentate da chi cerca sollievo dalla prima afa. Il 23 Maggio","robots":{"index":"index","follow":"follow","max-snippet":"max-snippet:-1","max-image-preview":"max-image-preview:large","max-video-preview":"max-video-preview:-1"},"canonical":"https:\/\/www.pressenza.com\/it\/2016\/05\/la-mafia-non-affatto-invincibile-dallantimafia-alla-nonviolenza\/","og_locale":"it_IT","og_type":"article","og_title":"\u201cLa mafia non \u00e8 affatto invincibile\u201d. Dall'antimafia alla Nonviolenza","og_description":"\u00a0In Sicilia l'estate arriva presto e fin dal mese di Maggio le spiagge iniziano ad essere frequentate da chi cerca sollievo dalla prima afa. Il 23 Maggio","og_url":"https:\/\/www.pressenza.com\/it\/2016\/05\/la-mafia-non-affatto-invincibile-dallantimafia-alla-nonviolenza\/","og_site_name":"Pressenza","article_publisher":"https:\/\/www.facebook.com\/PressenzaItalia","article_author":"https:\/\/www.facebook.com\/PressenzaItalia","article_published_time":"2016-05-23T06:14:27+00:00","og_image":[{"width":1798,"height":1200,"url":"https:\/\/www.pressenza.com\/wp-content\/uploads\/2016\/05\/1-introduzione-articolo.jpg","type":"image\/jpeg"}],"author":"Redazione Italia","twitter_card":"summary_large_image","twitter_creator":"@pressenza_it","twitter_site":"@PressenzaIPA","twitter_misc":{"Scritto da":"Redazione Italia","Tempo di lettura stimato":"3 minuti"},"schema":{"@context":"https:\/\/schema.org","@graph":[{"@type":"Article","@id":"https:\/\/www.pressenza.com\/it\/2016\/05\/la-mafia-non-affatto-invincibile-dallantimafia-alla-nonviolenza\/#article","isPartOf":{"@id":"https:\/\/www.pressenza.com\/it\/2016\/05\/la-mafia-non-affatto-invincibile-dallantimafia-alla-nonviolenza\/"},"author":{"name":"Redazione Italia","@id":"https:\/\/www.pressenza.com\/it\/#\/schema\/person\/d983e81827ae24f2c7b1a2123d197f8d"},"headline":"\u201cLa mafia non \u00e8 affatto invincibile\u201d. Dall&#8217;antimafia alla Nonviolenza","datePublished":"2016-05-23T06:14:27+00:00","mainEntityOfPage":{"@id":"https:\/\/www.pressenza.com\/it\/2016\/05\/la-mafia-non-affatto-invincibile-dallantimafia-alla-nonviolenza\/"},"wordCount":633,"publisher":{"@id":"https:\/\/www.pressenza.com\/it\/#organization"},"image":{"@id":"https:\/\/www.pressenza.com\/it\/2016\/05\/la-mafia-non-affatto-invincibile-dallantimafia-alla-nonviolenza\/#primaryimage"},"thumbnailUrl":"https:\/\/www.pressenza.com\/wp-content\/uploads\/2016\/05\/1-introduzione-articolo.jpg","keywords":["Borsellino","Falcone","mafia","nonviolenza","strage di Capaci"],"articleSection":["Europa","Nonviolenza","Opinioni"],"inLanguage":"it-IT"},{"@type":"WebPage","@id":"https:\/\/www.pressenza.com\/it\/2016\/05\/la-mafia-non-affatto-invincibile-dallantimafia-alla-nonviolenza\/","url":"https:\/\/www.pressenza.com\/it\/2016\/05\/la-mafia-non-affatto-invincibile-dallantimafia-alla-nonviolenza\/","name":"\u201cLa mafia non \u00e8 affatto invincibile\u201d. Dall'antimafia alla Nonviolenza","isPartOf":{"@id":"https:\/\/www.pressenza.com\/it\/#website"},"primaryImageOfPage":{"@id":"https:\/\/www.pressenza.com\/it\/2016\/05\/la-mafia-non-affatto-invincibile-dallantimafia-alla-nonviolenza\/#primaryimage"},"image":{"@id":"https:\/\/www.pressenza.com\/it\/2016\/05\/la-mafia-non-affatto-invincibile-dallantimafia-alla-nonviolenza\/#primaryimage"},"thumbnailUrl":"https:\/\/www.pressenza.com\/wp-content\/uploads\/2016\/05\/1-introduzione-articolo.jpg","datePublished":"2016-05-23T06:14:27+00:00","description":"\u00a0In Sicilia l'estate arriva presto e fin dal mese di Maggio le spiagge iniziano ad essere frequentate da chi cerca sollievo dalla prima afa. Il 23 Maggio","breadcrumb":{"@id":"https:\/\/www.pressenza.com\/it\/2016\/05\/la-mafia-non-affatto-invincibile-dallantimafia-alla-nonviolenza\/#breadcrumb"},"inLanguage":"it-IT","potentialAction":[{"@type":"ReadAction","target":["https:\/\/www.pressenza.com\/it\/2016\/05\/la-mafia-non-affatto-invincibile-dallantimafia-alla-nonviolenza\/"]}]},{"@type":"ImageObject","inLanguage":"it-IT","@id":"https:\/\/www.pressenza.com\/it\/2016\/05\/la-mafia-non-affatto-invincibile-dallantimafia-alla-nonviolenza\/#primaryimage","url":"https:\/\/www.pressenza.com\/wp-content\/uploads\/2016\/05\/1-introduzione-articolo.jpg","contentUrl":"https:\/\/www.pressenza.com\/wp-content\/uploads\/2016\/05\/1-introduzione-articolo.jpg","width":1798,"height":1200},{"@type":"BreadcrumbList","@id":"https:\/\/www.pressenza.com\/it\/2016\/05\/la-mafia-non-affatto-invincibile-dallantimafia-alla-nonviolenza\/#breadcrumb","itemListElement":[{"@type":"ListItem","position":1,"name":"Accueil","item":"https:\/\/www.pressenza.com\/it\/"},{"@type":"ListItem","position":2,"name":"\u201cLa mafia non \u00e8 affatto invincibile\u201d. Dall&#8217;antimafia alla Nonviolenza"}]},{"@type":"WebSite","@id":"https:\/\/www.pressenza.com\/it\/#website","url":"https:\/\/www.pressenza.com\/it\/","name":"Pressenza","description":"Agenzia di Stampa Internazionale","publisher":{"@id":"https:\/\/www.pressenza.com\/it\/#organization"},"potentialAction":[{"@type":"SearchAction","target":{"@type":"EntryPoint","urlTemplate":"https:\/\/www.pressenza.com\/it\/?s={search_term_string}"},"query-input":{"@type":"PropertyValueSpecification","valueRequired":true,"valueName":"search_term_string"}}],"inLanguage":"it-IT"},{"@type":"Organization","@id":"https:\/\/www.pressenza.com\/it\/#organization","name":"Pressenza","url":"https:\/\/www.pressenza.com\/it\/","logo":{"@type":"ImageObject","inLanguage":"it-IT","@id":"https:\/\/www.pressenza.com\/it\/#\/schema\/logo\/image\/","url":"https:\/\/www.pressenza.com\/wp-content\/uploads\/2022\/10\/pressenza_logo_200x200.jpg","contentUrl":"https:\/\/www.pressenza.com\/wp-content\/uploads\/2022\/10\/pressenza_logo_200x200.jpg","width":200,"height":200,"caption":"Pressenza"},"image":{"@id":"https:\/\/www.pressenza.com\/it\/#\/schema\/logo\/image\/"},"sameAs":["https:\/\/www.facebook.com\/PressenzaItalia","https:\/\/x.com\/PressenzaIPA"]},{"@type":"Person","@id":"https:\/\/www.pressenza.com\/it\/#\/schema\/person\/d983e81827ae24f2c7b1a2123d197f8d","name":"Redazione Italia","description":"News from the Pressenza Bureau in Italy","sameAs":["https:\/\/www.pressenza.com\/it\/author\/redazione-italia\/","https:\/\/www.facebook.com\/PressenzaItalia","https:\/\/www.instagram.com\/pressenza_italia\/","https:\/\/x.com\/pressenza_it","https:\/\/www.youtube.com\/channel\/UCSalEIWjE1RSxkwjfftFuqg"],"url":"https:\/\/www.pressenza.com\/it\/author\/redazione-italia\/"}]}},"place":"","original_article_url":"","_links":{"self":[{"href":"https:\/\/www.pressenza.com\/it\/wp-json\/wp\/v2\/posts\/320083","targetHints":{"allow":["GET"]}}],"collection":[{"href":"https:\/\/www.pressenza.com\/it\/wp-json\/wp\/v2\/posts"}],"about":[{"href":"https:\/\/www.pressenza.com\/it\/wp-json\/wp\/v2\/types\/post"}],"author":[{"embeddable":true,"href":"https:\/\/www.pressenza.com\/it\/wp-json\/wp\/v2\/users\/594"}],"replies":[{"embeddable":true,"href":"https:\/\/www.pressenza.com\/it\/wp-json\/wp\/v2\/comments?post=320083"}],"version-history":[{"count":0,"href":"https:\/\/www.pressenza.com\/it\/wp-json\/wp\/v2\/posts\/320083\/revisions"}],"wp:featuredmedia":[{"embeddable":true,"href":"https:\/\/www.pressenza.com\/it\/wp-json\/wp\/v2\/media\/320084"}],"wp:attachment":[{"href":"https:\/\/www.pressenza.com\/it\/wp-json\/wp\/v2\/media?parent=320083"}],"wp:term":[{"taxonomy":"category","embeddable":true,"href":"https:\/\/www.pressenza.com\/it\/wp-json\/wp\/v2\/categories?post=320083"},{"taxonomy":"post_tag","embeddable":true,"href":"https:\/\/www.pressenza.com\/it\/wp-json\/wp\/v2\/tags?post=320083"}],"curies":[{"name":"wp","href":"https:\/\/api.w.org\/{rel}","templated":true}]}}