{"id":320081,"date":"2016-05-22T15:26:02","date_gmt":"2016-05-22T14:26:02","guid":{"rendered":"http:\/\/www.pressenza.com\/it\/?p=320081"},"modified":"2016-05-22T15:26:02","modified_gmt":"2016-05-22T14:26:02","slug":"le-deportazioni-migranti-ai-tempi-renzi-alfano","status":"publish","type":"post","link":"https:\/\/www.pressenza.com\/it\/2016\/05\/le-deportazioni-migranti-ai-tempi-renzi-alfano\/","title":{"rendered":"Le deportazioni migranti ai tempi di Renzi &#038; Alfano"},"content":{"rendered":"<p><strong>\u00a0<\/strong><\/p>\n<p>Prima l\u2019identificazione e l\u2019invito a dimenticare nome, cognome e luogo di provenienza in cambio di un numero identificativo che dovrai tenere impresso per giorni, mesi, forse anni. Un panino, una bottiglietta d\u2019acqua, un\u2019interminabile fila per pisciare dentro un nauseabondo scatolone di plastica arroventato dal sole. Per la doccia, ti spiegano, dovrai attendere ancora un giorno, se tutto va bene. Qui, al massimo, c\u2019\u00e8 una fontanella per sciacquarti la faccia. Poi un\u2019altra fila per stiparsi dentro a un bus, altri tanfi di carne umana e gasolio e la deportazione verso l\u2019ignoto. Mille, mille e duecento, mille e cinquecento km di strade e autostrade sino ad una squallida tendopoli alla periferia di Torino o Milano o a un albergo-pensione a tre stelle in un\u2019isolata frazione alpina del Trentino o dell\u2019Alto Adige. Una macchina ormai oleata, rigida, burocratica, scientifica quella che regola la deportazione di decine di migliaia di richiedenti asilo dalla Sicilia ai campi di prima, seconda ed eterna accoglienza del centro e nord Italia. Un sistema disumano e disumanizzante che accanto al modello dell\u2019\u201caccoglienza\u201d affidata a coop, onlus, aziende e faccendieri del sociale, in assenza di controlli, genera immani e immondi profitti per uno sparuto gruppo di proprietari di bus e minibus.<\/p>\n<p>Sono a dir poco stupefacenti i rendiconti spese 2015 della Prefettura di Messina (<a href=\"http:\/\/opendataavcp.interno.it\/L190\/xml\/2016\/80007950837.xml\">http:\/\/opendataavcp.interno.it\/L190\/xml\/2016\/80007950837.xml<\/a>). Un\u2019interminabile lista di fatture pagate o in via di liquidazione con oggetto il trasferimento dei migranti dalle banchine di Pozzallo o Porto Empedocle alle due strutture lager nella citt\u00e0 dello Stretto (la tendopoli allestita in un campo di baseball dell\u2019Universit\u00e0 degli Studi in contrada Conca d\u2019Oro-Annunziata e l\u2019ex caserma \u201cGasparro\u201d di Bisconte, ipocritamente classificate ancora come <em>centri temporanei d\u2019accoglienza<\/em>) o gli esodi-beffa da Messina ad altre tendopoli e strutture ultraemergenziali della penisola. Aggregando e sommando le note spese, si scopre che le deportazioni a\/da Messina sono costate lo scorso anno pi\u00f9 di un milione di euro, 1.031.533 esattamente. Quattordici volte compare come destinazione finale il centro di prima accoglienza \u201cTeobaldo Fenoglio\u201d di Settimo Torinese (To), 1.382 km da Messina, in realt\u00e0 una tendopoli-limbo gestita dalla Croce Rossa italiana. Per 15 volte i bus hanno invece fatto la rotta Messina-Bresso, cittadina alle porte di Milano dove sorge un accampamento con una decina di tende per oltre 500 \u201cospiti\u201d, anche qui gestione Croce Rossa, dove per le pessime condizioni igienico-sanitarie sono sempre pi\u00f9 frequenti le azioni di protesta e resistenza dei migranti. Nella lista spese della Prefettura di Messina sono documentati anche i trasporti sino all\u2019aeroporto di Catania-Fontanarossa, presumibilmente per le riconsegne dei \u201cclandestini\u201d ai \u201cdemocratici\u201d partner dell\u2019altra sponda del Mediterraneo; quelli sino al famigerato CARA di Mineo, il centro per richiedenti asilo pi\u00f9 grande d\u2019Europa, crocevia del malaffare politico-imprenditoriale e della malaccoglienza; alle caserme della Guardia di finanza di Napoli e alle strutture-ghetto di Rovereto e Bolzano in Trentino Alto Adige, Genova, Marghera in Veneto, Vasto in Abruzzo, Bari-Palese, Taranto, Brindisi, ecc.<\/p>\n<p>I contraenti che effettuano tutti i transfert di migranti sono stati scelti dalla Prefettura di Messina mediante il cosiddetto <em>cottimo fiduciario<\/em>, una modalit\u00e0 di acquisizione semplificata di beni e servizi da parte della pubblica amministrazione, consentita dall\u2019ordinamento italiano \u201cin relazione al modesto valore del contratto\u201d e \u201call\u2019urgenza di provvedere\u201d. Le disposizioni di legge prevedono che nel caso in cui l\u2019importo per le forniture di beni e servizi non superi i 40.000 euro, il responsabile del procedimento pu\u00f2 affidarle direttamente ad un operatore economico da lui scelto in modo discrezionale, evitando ovviamente artificiosi frazionamenti delle prestazioni. Per importi maggiori, invece, l\u2019affidamento pu\u00f2 avvenire solo nel rispetto dei principi di \u201ctrasparenza, rotazione e parit\u00e0 di trattamento\u201d, previa consultazione di almeno cinque operatori economici individuati dopo la predisposizione di specifici elenchi da parte della stazione appaltante.<\/p>\n<p>Su 87 ordini di pagamento per il trasporti migranti, ben 84 sono stati emessi nel 2015 a favore sempre e solo di una stessa ditta messinese, la Michele Cucinotta &amp; C. SAS, con sede nel villaggio di Larderia inferiore. Complessivamente la fortunatissima azienda ha potuto fatturare cos\u00ec 993.863 euro, a cui si aggiungono i 299.266 euro dell\u2019anno precedente, sempre grazie a 92 cottimi fiduciari della Prefettura. Il data base spese dell\u2019ufficio territoriale del Governo non registra il numero di migranti trasferiti di volta in volta, n\u00e9 il numero di bus impiegati o il chilometraggio effettuato. Il ripetersi di certe date e l\u2019ammontare dei servizi espletati consentono tuttavia di rilevare alcune \u201cstranezze\u201d su cui sar\u00e0 necessaria una pi\u00f9 attenta disamina da parte degli organi di controllo. Il 23 marzo 2015, ad esempio, sono stati imputati ad esempio cinque servizi trasporto per un ammontare complessivo di 39.185 euro, tutti dalla Caserma \u201cGasparro\u201d di Bisconte ai centri di Bresso (due), Napoli (due) e ancora Napoli-Settimo Torinese. Il 20 aprile, quattro servizi per un totale di 61.970 euro hanno consentito il trasporto dalla tendopoli Conca d\u2019Oro-Annunziata sino ai centri di Genova, Firenze e Bresso e dal porto di Pozzallo sino alla tendopoli di Messina. Tre sono i servizi fatturati il 21 maggio per trasferire i migranti dalla Caserma \u201cGasparro\u201d ai centri di Bologna, dal porto di Augusta alla tendopoli dell\u2019Annunziata, dall\u2019Annunziata a Firenze e Prato (39.123 euro in totale); due i transfert il 26 giugno, il primo dal porto di Messina a Marghera e l\u2019altro dalla caserma \u201cGasparro\u201d a Bologna (60.874 euro); altri tre il 3 luglio, dalla \u201cGasparro\u201d a Marghera, Settimo Torinese e Napoli e dal porto di Palermo alla tendopoli dell\u2019Annunziata (62.844 euro). Giornata intensissima quella del 3 agosto, quando la Michele Cucinotta SAS ha effettuato diversi trasferimenti per un totale di 86.181 euro, dai centri di \u201cprimissima accoglienza\u201d di Messina a Bresso, Magra, Genova, Vasto e Settimo Torinese e dal Porto di Pozzallo all\u2019Annunziata. Ci sono infine i transfert del 7 agosto da Messina ai centri di Bologna, Magra, Genova, Settimo Torinese e Montesilvano (due fatture per complessivi 38.336 euro); del 7 settembre dal porto di Messina a Marghera, Settimo Torinese, Pisa e ai centri Conca d\u2019Oro e \u201cGasparro\u201d (62.877 euro); del 24 settembre dai porti di Augusta e Messina ai due centri d\u2019accoglienza peloritani e da questi ultimi a Settimo Torinese, Bologna, Arezzo e Firenze (cinque fatture per un totale di 53.969 euro).<\/p>\n<p>Le uniche due ditte che hanno affiancato la Cucinotta SAS nelle operazioni di deportazione migranti sono la Costantino Orazio di Messina (due cottimi fiduciari, il primo da 15.071 euro, il 21 maggio, dalla tendopoli dell\u2019Annunziata ai centri di Castel di Sangro e il secondo da 6.993 euro, il 22 ottobre, dalla Caserma \u201cGasparro\u201d ai centri di Fermo S.Giorgio e Monte Marciano, entrambi in provincia di Ancona) e le Autolinee Vittorio Padovano di Taranto (dalla tendopoli dell\u2019Annunziata alla tendopoli di Bresso, il 22 luglio 2015, 15.666 euro). Per la cronaca, nel 2010 il titolare delle autolinee tarantine fu rinviato a giudizio insieme ad altri imprenditori e amministratori pubblici per truffa e turbativa d\u2019asta nell\u2019ambito di un\u2019inchiesta sull\u2019affidamento del trasporto degli alunni disabili da parte del Comune di Taranto, ma al processo, con sentenza del 2 marzo 2011, fu assolto \u201cper non aver commesso il fatto\u201d. Il Pubblico ministero aveva chiesto per lui la condanna a 2 anni e 8 mesi.<\/p>\n<p>Si \u00e8 dovuto attendere il 30 dicembre 2015 perch\u00e9 la Prefettura di Messina pubblicasse il bando per procedere a \u201cnuova individuazione\u201d della ditta incaricata di curare il trasporto dei cittadini stranieri che hanno chiesto protezione internazionale, in ambito urbano, extraurbano, regionale e nazionale. La gara \u00e8 stata aggiudicata lo scorso 29 febbraio alla S.A.S. di Calamunci Giuseppe &amp; C. s.n.c. con sede nel comune nebroideo di Tortorici (Me), al costo di 1,70 euro al Km + Iva al 10%,\u00a0\u201ccomprensivo degli eventuali \u00a0pedaggi\u00a0 autostradali e dei parcheggi ma non del costo dei traghetti\u201d e di euro 228 + Iva per il\u00a0servizio in ambito urbano. Alla stessa azienda, il 25 marzo 2016 l\u2019Universit\u00e0 degli Studi di Messina ha aggiudicato in via definitiva il servizio di trasporto gratuito bus navetta all\u2019interno del Policlinico \u201cGaetano Martino\u201d per un importo di 19.846 euro pi\u00f9 Iva.<\/p>\n<p>Per sapere quanto coster\u00e0 il servizio trasporti migranti 2016 bisogner\u00e0 attendere la rendicontazione di fine anno, ma \u00e8 prevedibile finalmente un netto abbattimento dei costi. Di certo gli attori in campo non sembrano ancora del tutto cambiati. All\u2019ultimo maxi-sbarco a Messina, lo scorso 17 maggio, sul molo Marconi, di fronte all\u2019unit\u00e0 irlandese con a bordo 349 richiedenti asilo, faceva bella mostra di s\u00e9, ancora, un pullman con tanto d\u2019insegna \u201cCucinotta\u201d.<\/p>\n<p>&nbsp;<\/p>\n","protected":false},"excerpt":{"rendered":"<p>\u00a0 Prima l\u2019identificazione e l\u2019invito a dimenticare nome, cognome e luogo di provenienza in cambio di un numero identificativo che dovrai tenere impresso per giorni, mesi, forse anni. Un panino, una bottiglietta d\u2019acqua, un\u2019interminabile fila per pisciare dentro un nauseabondo&hellip;<\/p>\n","protected":false},"author":689,"featured_media":306314,"comment_status":"closed","ping_status":"closed","sticky":false,"template":"","format":"standard","meta":{"footnotes":""},"categories":[60,47],"tags":[636,2636,17083,1489],"class_list":["post-320081","post","type-post","status-publish","format-standard","has-post-thumbnail","hentry","category-diritti-umani","category-europa","tag-messina","tag-migranti","tag-prefettura","tag-sbarchi"],"yoast_head":"<!-- This site is optimized with the Yoast SEO plugin v27.1.1 - https:\/\/yoast.com\/product\/yoast-seo-wordpress\/ -->\n<title>Le deportazioni migranti ai tempi di Renzi &amp; Alfano<\/title>\n<meta name=\"description\" content=\"\u00a0 Prima l\u2019identificazione e l\u2019invito a dimenticare nome, cognome e luogo di provenienza in cambio di un numero identificativo che dovrai tenere impresso\" \/>\n<meta name=\"robots\" content=\"index, follow, max-snippet:-1, max-image-preview:large, max-video-preview:-1\" \/>\n<link rel=\"canonical\" href=\"https:\/\/www.pressenza.com\/it\/2016\/05\/le-deportazioni-migranti-ai-tempi-renzi-alfano\/\" \/>\n<meta property=\"og:locale\" content=\"it_IT\" \/>\n<meta property=\"og:type\" content=\"article\" \/>\n<meta property=\"og:title\" content=\"Le deportazioni migranti ai tempi di Renzi &amp; Alfano\" \/>\n<meta property=\"og:description\" content=\"\u00a0 Prima l\u2019identificazione e l\u2019invito a dimenticare nome, cognome e luogo di provenienza in cambio di un numero identificativo che dovrai tenere impresso\" \/>\n<meta property=\"og:url\" content=\"https:\/\/www.pressenza.com\/it\/2016\/05\/le-deportazioni-migranti-ai-tempi-renzi-alfano\/\" \/>\n<meta property=\"og:site_name\" content=\"Pressenza\" \/>\n<meta property=\"article:publisher\" content=\"https:\/\/www.facebook.com\/PressenzaItalia\" \/>\n<meta property=\"article:published_time\" content=\"2016-05-22T14:26:02+00:00\" \/>\n<meta property=\"og:image\" content=\"https:\/\/www.pressenza.com\/wp-content\/uploads\/2016\/04\/sbarchi.jpg\" \/>\n\t<meta property=\"og:image:width\" content=\"2144\" \/>\n\t<meta property=\"og:image:height\" content=\"1424\" \/>\n\t<meta property=\"og:image:type\" content=\"image\/jpeg\" \/>\n<meta name=\"author\" content=\"Antonio Mazzeo\" \/>\n<meta name=\"twitter:card\" content=\"summary_large_image\" \/>\n<meta name=\"twitter:creator\" content=\"@PressenzaIPA\" \/>\n<meta name=\"twitter:site\" content=\"@PressenzaIPA\" \/>\n<meta name=\"twitter:label1\" content=\"Scritto da\" \/>\n\t<meta name=\"twitter:data1\" content=\"Antonio Mazzeo\" \/>\n\t<meta name=\"twitter:label2\" content=\"Tempo di lettura stimato\" \/>\n\t<meta name=\"twitter:data2\" content=\"7 minuti\" \/>\n<script type=\"application\/ld+json\" class=\"yoast-schema-graph\">{\"@context\":\"https:\/\/schema.org\",\"@graph\":[{\"@type\":\"Article\",\"@id\":\"https:\/\/www.pressenza.com\/it\/2016\/05\/le-deportazioni-migranti-ai-tempi-renzi-alfano\/#article\",\"isPartOf\":{\"@id\":\"https:\/\/www.pressenza.com\/it\/2016\/05\/le-deportazioni-migranti-ai-tempi-renzi-alfano\/\"},\"author\":{\"name\":\"Antonio Mazzeo\",\"@id\":\"https:\/\/www.pressenza.com\/it\/#\/schema\/person\/13ac8d810e50349ceb227357a00fb87a\"},\"headline\":\"Le deportazioni migranti ai tempi di Renzi &#038; Alfano\",\"datePublished\":\"2016-05-22T14:26:02+00:00\",\"mainEntityOfPage\":{\"@id\":\"https:\/\/www.pressenza.com\/it\/2016\/05\/le-deportazioni-migranti-ai-tempi-renzi-alfano\/\"},\"wordCount\":1387,\"publisher\":{\"@id\":\"https:\/\/www.pressenza.com\/it\/#organization\"},\"image\":{\"@id\":\"https:\/\/www.pressenza.com\/it\/2016\/05\/le-deportazioni-migranti-ai-tempi-renzi-alfano\/#primaryimage\"},\"thumbnailUrl\":\"https:\/\/www.pressenza.com\/wp-content\/uploads\/2016\/04\/sbarchi.jpg\",\"keywords\":[\"Messina\",\"migranti\",\"prefettura\",\"sbarchi\"],\"articleSection\":[\"Diritti Umani\",\"Europa\"],\"inLanguage\":\"it-IT\"},{\"@type\":\"WebPage\",\"@id\":\"https:\/\/www.pressenza.com\/it\/2016\/05\/le-deportazioni-migranti-ai-tempi-renzi-alfano\/\",\"url\":\"https:\/\/www.pressenza.com\/it\/2016\/05\/le-deportazioni-migranti-ai-tempi-renzi-alfano\/\",\"name\":\"Le deportazioni migranti ai tempi di Renzi & Alfano\",\"isPartOf\":{\"@id\":\"https:\/\/www.pressenza.com\/it\/#website\"},\"primaryImageOfPage\":{\"@id\":\"https:\/\/www.pressenza.com\/it\/2016\/05\/le-deportazioni-migranti-ai-tempi-renzi-alfano\/#primaryimage\"},\"image\":{\"@id\":\"https:\/\/www.pressenza.com\/it\/2016\/05\/le-deportazioni-migranti-ai-tempi-renzi-alfano\/#primaryimage\"},\"thumbnailUrl\":\"https:\/\/www.pressenza.com\/wp-content\/uploads\/2016\/04\/sbarchi.jpg\",\"datePublished\":\"2016-05-22T14:26:02+00:00\",\"description\":\"\u00a0 Prima l\u2019identificazione e l\u2019invito a dimenticare nome, cognome e luogo di provenienza in cambio di un numero identificativo che dovrai tenere impresso\",\"breadcrumb\":{\"@id\":\"https:\/\/www.pressenza.com\/it\/2016\/05\/le-deportazioni-migranti-ai-tempi-renzi-alfano\/#breadcrumb\"},\"inLanguage\":\"it-IT\",\"potentialAction\":[{\"@type\":\"ReadAction\",\"target\":[\"https:\/\/www.pressenza.com\/it\/2016\/05\/le-deportazioni-migranti-ai-tempi-renzi-alfano\/\"]}]},{\"@type\":\"ImageObject\",\"inLanguage\":\"it-IT\",\"@id\":\"https:\/\/www.pressenza.com\/it\/2016\/05\/le-deportazioni-migranti-ai-tempi-renzi-alfano\/#primaryimage\",\"url\":\"https:\/\/www.pressenza.com\/wp-content\/uploads\/2016\/04\/sbarchi.jpg\",\"contentUrl\":\"https:\/\/www.pressenza.com\/wp-content\/uploads\/2016\/04\/sbarchi.jpg\",\"width\":2144,\"height\":1424},{\"@type\":\"BreadcrumbList\",\"@id\":\"https:\/\/www.pressenza.com\/it\/2016\/05\/le-deportazioni-migranti-ai-tempi-renzi-alfano\/#breadcrumb\",\"itemListElement\":[{\"@type\":\"ListItem\",\"position\":1,\"name\":\"Accueil\",\"item\":\"https:\/\/www.pressenza.com\/it\/\"},{\"@type\":\"ListItem\",\"position\":2,\"name\":\"Le deportazioni migranti ai tempi di Renzi &#038; Alfano\"}]},{\"@type\":\"WebSite\",\"@id\":\"https:\/\/www.pressenza.com\/it\/#website\",\"url\":\"https:\/\/www.pressenza.com\/it\/\",\"name\":\"Pressenza\",\"description\":\"Agenzia di Stampa Internazionale\",\"publisher\":{\"@id\":\"https:\/\/www.pressenza.com\/it\/#organization\"},\"potentialAction\":[{\"@type\":\"SearchAction\",\"target\":{\"@type\":\"EntryPoint\",\"urlTemplate\":\"https:\/\/www.pressenza.com\/it\/?s={search_term_string}\"},\"query-input\":{\"@type\":\"PropertyValueSpecification\",\"valueRequired\":true,\"valueName\":\"search_term_string\"}}],\"inLanguage\":\"it-IT\"},{\"@type\":\"Organization\",\"@id\":\"https:\/\/www.pressenza.com\/it\/#organization\",\"name\":\"Pressenza\",\"url\":\"https:\/\/www.pressenza.com\/it\/\",\"logo\":{\"@type\":\"ImageObject\",\"inLanguage\":\"it-IT\",\"@id\":\"https:\/\/www.pressenza.com\/it\/#\/schema\/logo\/image\/\",\"url\":\"https:\/\/www.pressenza.com\/wp-content\/uploads\/2022\/10\/pressenza_logo_200x200.jpg\",\"contentUrl\":\"https:\/\/www.pressenza.com\/wp-content\/uploads\/2022\/10\/pressenza_logo_200x200.jpg\",\"width\":200,\"height\":200,\"caption\":\"Pressenza\"},\"image\":{\"@id\":\"https:\/\/www.pressenza.com\/it\/#\/schema\/logo\/image\/\"},\"sameAs\":[\"https:\/\/www.facebook.com\/PressenzaItalia\",\"https:\/\/x.com\/PressenzaIPA\"]},{\"@type\":\"Person\",\"@id\":\"https:\/\/www.pressenza.com\/it\/#\/schema\/person\/13ac8d810e50349ceb227357a00fb87a\",\"name\":\"Antonio Mazzeo\",\"description\":\"Ecopacifista e antimilitarista, giornalista e saggista, vincitore nel 2010 del Primo premio \\\"Giorgio Bassani\\\" di Italia Nostra per il giornalismo. http:\/\/antoniomazzeoblog.blogspot.com\/\",\"url\":\"https:\/\/www.pressenza.com\/it\/author\/antonio-mazzeo\/\"}]}<\/script>\n<!-- \/ Yoast SEO plugin. -->","yoast_head_json":{"title":"Le deportazioni migranti ai tempi di Renzi & Alfano","description":"\u00a0 Prima l\u2019identificazione e l\u2019invito a dimenticare nome, cognome e luogo di provenienza in cambio di un numero identificativo che dovrai tenere impresso","robots":{"index":"index","follow":"follow","max-snippet":"max-snippet:-1","max-image-preview":"max-image-preview:large","max-video-preview":"max-video-preview:-1"},"canonical":"https:\/\/www.pressenza.com\/it\/2016\/05\/le-deportazioni-migranti-ai-tempi-renzi-alfano\/","og_locale":"it_IT","og_type":"article","og_title":"Le deportazioni migranti ai tempi di Renzi & Alfano","og_description":"\u00a0 Prima l\u2019identificazione e l\u2019invito a dimenticare nome, cognome e luogo di provenienza in cambio di un numero identificativo che dovrai tenere impresso","og_url":"https:\/\/www.pressenza.com\/it\/2016\/05\/le-deportazioni-migranti-ai-tempi-renzi-alfano\/","og_site_name":"Pressenza","article_publisher":"https:\/\/www.facebook.com\/PressenzaItalia","article_published_time":"2016-05-22T14:26:02+00:00","og_image":[{"width":2144,"height":1424,"url":"https:\/\/www.pressenza.com\/wp-content\/uploads\/2016\/04\/sbarchi.jpg","type":"image\/jpeg"}],"author":"Antonio Mazzeo","twitter_card":"summary_large_image","twitter_creator":"@PressenzaIPA","twitter_site":"@PressenzaIPA","twitter_misc":{"Scritto da":"Antonio Mazzeo","Tempo di lettura stimato":"7 minuti"},"schema":{"@context":"https:\/\/schema.org","@graph":[{"@type":"Article","@id":"https:\/\/www.pressenza.com\/it\/2016\/05\/le-deportazioni-migranti-ai-tempi-renzi-alfano\/#article","isPartOf":{"@id":"https:\/\/www.pressenza.com\/it\/2016\/05\/le-deportazioni-migranti-ai-tempi-renzi-alfano\/"},"author":{"name":"Antonio Mazzeo","@id":"https:\/\/www.pressenza.com\/it\/#\/schema\/person\/13ac8d810e50349ceb227357a00fb87a"},"headline":"Le deportazioni migranti ai tempi di Renzi &#038; Alfano","datePublished":"2016-05-22T14:26:02+00:00","mainEntityOfPage":{"@id":"https:\/\/www.pressenza.com\/it\/2016\/05\/le-deportazioni-migranti-ai-tempi-renzi-alfano\/"},"wordCount":1387,"publisher":{"@id":"https:\/\/www.pressenza.com\/it\/#organization"},"image":{"@id":"https:\/\/www.pressenza.com\/it\/2016\/05\/le-deportazioni-migranti-ai-tempi-renzi-alfano\/#primaryimage"},"thumbnailUrl":"https:\/\/www.pressenza.com\/wp-content\/uploads\/2016\/04\/sbarchi.jpg","keywords":["Messina","migranti","prefettura","sbarchi"],"articleSection":["Diritti Umani","Europa"],"inLanguage":"it-IT"},{"@type":"WebPage","@id":"https:\/\/www.pressenza.com\/it\/2016\/05\/le-deportazioni-migranti-ai-tempi-renzi-alfano\/","url":"https:\/\/www.pressenza.com\/it\/2016\/05\/le-deportazioni-migranti-ai-tempi-renzi-alfano\/","name":"Le deportazioni migranti ai tempi di Renzi & Alfano","isPartOf":{"@id":"https:\/\/www.pressenza.com\/it\/#website"},"primaryImageOfPage":{"@id":"https:\/\/www.pressenza.com\/it\/2016\/05\/le-deportazioni-migranti-ai-tempi-renzi-alfano\/#primaryimage"},"image":{"@id":"https:\/\/www.pressenza.com\/it\/2016\/05\/le-deportazioni-migranti-ai-tempi-renzi-alfano\/#primaryimage"},"thumbnailUrl":"https:\/\/www.pressenza.com\/wp-content\/uploads\/2016\/04\/sbarchi.jpg","datePublished":"2016-05-22T14:26:02+00:00","description":"\u00a0 Prima l\u2019identificazione e l\u2019invito a dimenticare nome, cognome e luogo di provenienza in cambio di un numero identificativo che dovrai tenere impresso","breadcrumb":{"@id":"https:\/\/www.pressenza.com\/it\/2016\/05\/le-deportazioni-migranti-ai-tempi-renzi-alfano\/#breadcrumb"},"inLanguage":"it-IT","potentialAction":[{"@type":"ReadAction","target":["https:\/\/www.pressenza.com\/it\/2016\/05\/le-deportazioni-migranti-ai-tempi-renzi-alfano\/"]}]},{"@type":"ImageObject","inLanguage":"it-IT","@id":"https:\/\/www.pressenza.com\/it\/2016\/05\/le-deportazioni-migranti-ai-tempi-renzi-alfano\/#primaryimage","url":"https:\/\/www.pressenza.com\/wp-content\/uploads\/2016\/04\/sbarchi.jpg","contentUrl":"https:\/\/www.pressenza.com\/wp-content\/uploads\/2016\/04\/sbarchi.jpg","width":2144,"height":1424},{"@type":"BreadcrumbList","@id":"https:\/\/www.pressenza.com\/it\/2016\/05\/le-deportazioni-migranti-ai-tempi-renzi-alfano\/#breadcrumb","itemListElement":[{"@type":"ListItem","position":1,"name":"Accueil","item":"https:\/\/www.pressenza.com\/it\/"},{"@type":"ListItem","position":2,"name":"Le deportazioni migranti ai tempi di Renzi &#038; Alfano"}]},{"@type":"WebSite","@id":"https:\/\/www.pressenza.com\/it\/#website","url":"https:\/\/www.pressenza.com\/it\/","name":"Pressenza","description":"Agenzia di Stampa Internazionale","publisher":{"@id":"https:\/\/www.pressenza.com\/it\/#organization"},"potentialAction":[{"@type":"SearchAction","target":{"@type":"EntryPoint","urlTemplate":"https:\/\/www.pressenza.com\/it\/?s={search_term_string}"},"query-input":{"@type":"PropertyValueSpecification","valueRequired":true,"valueName":"search_term_string"}}],"inLanguage":"it-IT"},{"@type":"Organization","@id":"https:\/\/www.pressenza.com\/it\/#organization","name":"Pressenza","url":"https:\/\/www.pressenza.com\/it\/","logo":{"@type":"ImageObject","inLanguage":"it-IT","@id":"https:\/\/www.pressenza.com\/it\/#\/schema\/logo\/image\/","url":"https:\/\/www.pressenza.com\/wp-content\/uploads\/2022\/10\/pressenza_logo_200x200.jpg","contentUrl":"https:\/\/www.pressenza.com\/wp-content\/uploads\/2022\/10\/pressenza_logo_200x200.jpg","width":200,"height":200,"caption":"Pressenza"},"image":{"@id":"https:\/\/www.pressenza.com\/it\/#\/schema\/logo\/image\/"},"sameAs":["https:\/\/www.facebook.com\/PressenzaItalia","https:\/\/x.com\/PressenzaIPA"]},{"@type":"Person","@id":"https:\/\/www.pressenza.com\/it\/#\/schema\/person\/13ac8d810e50349ceb227357a00fb87a","name":"Antonio Mazzeo","description":"Ecopacifista e antimilitarista, giornalista e saggista, vincitore nel 2010 del Primo premio \"Giorgio Bassani\" di Italia Nostra per il giornalismo. http:\/\/antoniomazzeoblog.blogspot.com\/","url":"https:\/\/www.pressenza.com\/it\/author\/antonio-mazzeo\/"}]}},"place":"","original_article_url":"","_links":{"self":[{"href":"https:\/\/www.pressenza.com\/it\/wp-json\/wp\/v2\/posts\/320081","targetHints":{"allow":["GET"]}}],"collection":[{"href":"https:\/\/www.pressenza.com\/it\/wp-json\/wp\/v2\/posts"}],"about":[{"href":"https:\/\/www.pressenza.com\/it\/wp-json\/wp\/v2\/types\/post"}],"author":[{"embeddable":true,"href":"https:\/\/www.pressenza.com\/it\/wp-json\/wp\/v2\/users\/689"}],"replies":[{"embeddable":true,"href":"https:\/\/www.pressenza.com\/it\/wp-json\/wp\/v2\/comments?post=320081"}],"version-history":[{"count":0,"href":"https:\/\/www.pressenza.com\/it\/wp-json\/wp\/v2\/posts\/320081\/revisions"}],"wp:featuredmedia":[{"embeddable":true,"href":"https:\/\/www.pressenza.com\/it\/wp-json\/wp\/v2\/media\/306314"}],"wp:attachment":[{"href":"https:\/\/www.pressenza.com\/it\/wp-json\/wp\/v2\/media?parent=320081"}],"wp:term":[{"taxonomy":"category","embeddable":true,"href":"https:\/\/www.pressenza.com\/it\/wp-json\/wp\/v2\/categories?post=320081"},{"taxonomy":"post_tag","embeddable":true,"href":"https:\/\/www.pressenza.com\/it\/wp-json\/wp\/v2\/tags?post=320081"}],"curies":[{"name":"wp","href":"https:\/\/api.w.org\/{rel}","templated":true}]}}