{"id":319708,"date":"2016-05-20T17:41:42","date_gmt":"2016-05-20T16:41:42","guid":{"rendered":"http:\/\/www.pressenza.com\/it\/?p=319708"},"modified":"2016-05-20T17:41:42","modified_gmt":"2016-05-20T16:41:42","slug":"portogallo-giardino-immaginario-quasi-pronto","status":"publish","type":"post","link":"https:\/\/www.pressenza.com\/it\/2016\/05\/portogallo-giardino-immaginario-quasi-pronto\/","title":{"rendered":"Portogallo: il Giardino Immaginario \u00e8 quasi pronto"},"content":{"rendered":"<p><strong>Celebrare la forza della comunit\u00e1.<\/strong><br \/>\nIl Giardino Immaginario si sta trasformando sempre di pi\u00fa in quello che era il sogno della popolazione di Areosa (Porto): molto di pi\u00f9 di un semplice giardino pubblico, un luogo dove ritemprare lo spirito comunitario. Al primo raggio di sole, in un intervallo delle lunghe piogge, il Gruppo Umanista per la nonviolenza ha presentato una nuova possibilit\u00e0 di aggregazione in un luogo di pura magia: \u00e8 grande la voglia di celebrare la socialit\u00e0 inaugurando un Parco Giochi per l\u00b4infanzia.<\/p>\n<p><img loading=\"lazy\" decoding=\"async\" class=\"alignnone size-large wp-image-319212\" src=\"http:\/\/www.pressenza.com\/wp-content\/uploads\/2016\/05\/15052016-_MG_9051-720x481.jpg\" alt=\"15052016-_MG_9051\" width=\"720\" height=\"481\" srcset=\"https:\/\/www.pressenza.com\/wp-content\/uploads\/2016\/05\/15052016-_MG_9051-720x481.jpg 720w, https:\/\/www.pressenza.com\/wp-content\/uploads\/2016\/05\/15052016-_MG_9051-300x200.jpg 300w, https:\/\/www.pressenza.com\/wp-content\/uploads\/2016\/05\/15052016-_MG_9051-768x513.jpg 768w, https:\/\/www.pressenza.com\/wp-content\/uploads\/2016\/05\/15052016-_MG_9051.jpg 963w\" sizes=\"auto, (max-width: 720px) 100vw, 720px\" \/><\/p>\n<p>Il Parco Infantile Giardino Immaginario \u00e9 quasi ultimato. Il piccolo spazio verde, situato su di un terreno comunale, non \u00e9 sfuggito allo sguardo attento e propositivo del gruppo Umanista per la nonviolenza, che sin dal 2013 si preoccupa in coinvolgere la popolazione di Areosa, con l\u00b4intento di promuovere la capacit\u00e0 auto organizzativa per concretizzare un sogno della collettivit\u00e0: creare un giardino pubblico ben illuminato con indicazioni e parco infantile. Alberi di varie specie e un bel manto erboso gia stavano li.<\/p>\n<p><img loading=\"lazy\" decoding=\"async\" class=\"alignnone size-large wp-image-319219\" src=\"http:\/\/www.pressenza.com\/wp-content\/uploads\/2016\/05\/15052016-_MG_8858-720x480.jpg\" alt=\"15052016-_MG_8858\" width=\"720\" height=\"480\" srcset=\"https:\/\/www.pressenza.com\/wp-content\/uploads\/2016\/05\/15052016-_MG_8858-720x480.jpg 720w, https:\/\/www.pressenza.com\/wp-content\/uploads\/2016\/05\/15052016-_MG_8858-300x200.jpg 300w, https:\/\/www.pressenza.com\/wp-content\/uploads\/2016\/05\/15052016-_MG_8858-768x512.jpg 768w, https:\/\/www.pressenza.com\/wp-content\/uploads\/2016\/05\/15052016-_MG_8858.jpg 898w\" sizes=\"auto, (max-width: 720px) 100vw, 720px\" \/><\/p>\n<p>E adesso manca poco. Per questo sfruttando il bel sole del 15 di maggio, nonostante le piogge abbiano ritardato la conclusione dei lavori del parco infantile, i vicini sono scesi per strada contribuendo ad aumentare il sentimento comunitario.<\/p>\n<p><img loading=\"lazy\" decoding=\"async\" class=\"alignnone size-large wp-image-319226\" src=\"http:\/\/www.pressenza.com\/wp-content\/uploads\/2016\/05\/15052016-_MG_8848-720x474.jpg\" alt=\"15052016-_MG_8848\" width=\"720\" height=\"474\" srcset=\"https:\/\/www.pressenza.com\/wp-content\/uploads\/2016\/05\/15052016-_MG_8848-720x474.jpg 720w, https:\/\/www.pressenza.com\/wp-content\/uploads\/2016\/05\/15052016-_MG_8848-300x197.jpg 300w, https:\/\/www.pressenza.com\/wp-content\/uploads\/2016\/05\/15052016-_MG_8848-768x506.jpg 768w, https:\/\/www.pressenza.com\/wp-content\/uploads\/2016\/05\/15052016-_MG_8848.jpg 910w\" sizes=\"auto, (max-width: 720px) 100vw, 720px\" \/><\/p>\n<p>Animati dal forte desiderio di creare uno spazio umanista per bambini, il gruppo ha promosso una Cerimonia di Protezione attraverso la quale \u00a8si fanno diventare i bambini membri di una comunit\u00e0 che si compromette a prendersene cura nel caso si verificassero circostanze infelici che li lasciassero in una situazione di bisogno.\u00a8 \u00a8E\u00b4attraverso i bambini che possiamo osservare il cambiamento di situazione, bambini che accogliamo come nuovi figli\u00a8 abbiamo ascoltato in un momento nel quale si \u00e9 potuto respirare verit\u00e0 spirituale attraverso la voce degli officianti. Mentre i bambini prestavano molta attenzione.<\/p>\n<p>Ma \u00e9 stato solo un momento! Il resto della giornata \u00e9 stata dedicata alla scalata del Pino incantato, a giocare a palla e a correre a perdifiato. Gli adulti, come sempre, si sono divisi tra giochi e conversazioni creative.<\/p>\n<p><img loading=\"lazy\" decoding=\"async\" class=\"alignnone size-large wp-image-319233\" src=\"http:\/\/www.pressenza.com\/wp-content\/uploads\/2016\/05\/15052016-_MG_8824-720x480.jpg\" alt=\"15052016-_MG_8824\" width=\"720\" height=\"480\" srcset=\"https:\/\/www.pressenza.com\/wp-content\/uploads\/2016\/05\/15052016-_MG_8824-720x480.jpg 720w, https:\/\/www.pressenza.com\/wp-content\/uploads\/2016\/05\/15052016-_MG_8824-300x200.jpg 300w, https:\/\/www.pressenza.com\/wp-content\/uploads\/2016\/05\/15052016-_MG_8824-768x512.jpg 768w, https:\/\/www.pressenza.com\/wp-content\/uploads\/2016\/05\/15052016-_MG_8824.jpg 964w\" sizes=\"auto, (max-width: 720px) 100vw, 720px\" \/><\/p>\n<p>Lo spirito comunitario si \u00e9 poi trasferito nella \u00a8Quinta de S\u00e3o Rom\u00e3o\u00a8, dove \u00e9 stato realizzato un Rancho Folclorico di Paranhos. La Quinta offre un servizio di bar, accogliente e rustico. Non ci rimane che citare Fernando Pessoa: &#8220;Dio vuole, l\u00b4uomo sogna, e l\u00b4opera nasce\u00a8.<br \/>\nIl Giardino Immaginario \u00e9 nato grazie ad un iniziativa del Gruppo Umanista per la Nonviolenza che ha presentato richiesta formalealla camera Municipale della citt\u00e0 di Porto con pi\u00f9 di 800 firme e varie petizioni affinch\u00e9 il sogno divenisse realt\u00e0.<\/p>\n<p>Traduzione dal portoghese di Guido Finizia<\/p>\n","protected":false},"excerpt":{"rendered":"<p>Celebrare la forza della comunit\u00e1. Il Giardino Immaginario si sta trasformando sempre di pi\u00fa in quello che era il sogno della popolazione di Areosa (Porto): molto di pi\u00f9 di un semplice giardino pubblico, un luogo dove ritemprare lo spirito comunitario.&hellip;<\/p>\n","protected":false},"author":1313,"featured_media":319244,"comment_status":"closed","ping_status":"closed","sticky":false,"template":"","format":"standard","meta":{"footnotes":""},"categories":[11388,1258,47,1260],"tags":[27260,4499,27259,4231,11552,2505,7591],"class_list":["post-319708","post","type-post","status-publish","format-standard","has-post-thumbnail","hentry","category-contenuti-originali","category-educazione","category-europa","category-umanesimo-spiritualita","tag-cerimonia-di-protezione","tag-educazione-2","tag-giardino-dinfanzia","tag-movimento-umanista","tag-porto-it","tag-portogallo","tag-quartiere"],"yoast_head":"<!-- This site is optimized with the Yoast SEO plugin v27.1.1 - https:\/\/yoast.com\/product\/yoast-seo-wordpress\/ -->\n<title>Portogallo: il Giardino Immaginario \u00e8 quasi pronto<\/title>\n<meta name=\"description\" content=\"Celebrare la forza della comunit\u00e1. Il Giardino Immaginario si sta trasformando sempre di pi\u00fa in quello che era il sogno della popolazione di Areosa\" \/>\n<meta name=\"robots\" content=\"index, follow, max-snippet:-1, max-image-preview:large, max-video-preview:-1\" \/>\n<link rel=\"canonical\" href=\"https:\/\/www.pressenza.com\/it\/2016\/05\/portogallo-giardino-immaginario-quasi-pronto\/\" \/>\n<meta property=\"og:locale\" content=\"it_IT\" \/>\n<meta property=\"og:type\" content=\"article\" \/>\n<meta property=\"og:title\" content=\"Portogallo: il Giardino Immaginario \u00e8 quasi pronto\" \/>\n<meta property=\"og:description\" content=\"Celebrare la forza della comunit\u00e1. Il Giardino Immaginario si sta trasformando sempre di pi\u00fa in quello che era il sogno della popolazione di Areosa\" \/>\n<meta property=\"og:url\" content=\"https:\/\/www.pressenza.com\/it\/2016\/05\/portogallo-giardino-immaginario-quasi-pronto\/\" \/>\n<meta property=\"og:site_name\" content=\"Pressenza\" \/>\n<meta property=\"article:publisher\" content=\"https:\/\/www.facebook.com\/PressenzaItalia\" \/>\n<meta property=\"article:author\" content=\"https:\/\/www.facebook.com\/OndaHumanista\/\" \/>\n<meta property=\"article:published_time\" content=\"2016-05-20T16:41:42+00:00\" \/>\n<meta property=\"og:image\" content=\"https:\/\/www.pressenza.com\/wp-content\/uploads\/2016\/05\/13052741_1684987215086730_695339789_o.jpg\" \/>\n\t<meta property=\"og:image:width\" content=\"2048\" \/>\n\t<meta property=\"og:image:height\" content=\"1152\" \/>\n\t<meta property=\"og:image:type\" content=\"image\/jpeg\" \/>\n<meta name=\"author\" content=\"Onda Humanista\" \/>\n<meta name=\"twitter:card\" content=\"summary_large_image\" \/>\n<meta name=\"twitter:creator\" content=\"@PressenzaIPA\" \/>\n<meta name=\"twitter:site\" content=\"@PressenzaIPA\" \/>\n<meta name=\"twitter:label1\" content=\"Scritto da\" \/>\n\t<meta name=\"twitter:data1\" content=\"Onda Humanista\" \/>\n\t<meta name=\"twitter:label2\" content=\"Tempo di lettura stimato\" \/>\n\t<meta name=\"twitter:data2\" content=\"2 minuti\" \/>\n<script type=\"application\/ld+json\" class=\"yoast-schema-graph\">{\"@context\":\"https:\/\/schema.org\",\"@graph\":[{\"@type\":\"Article\",\"@id\":\"https:\/\/www.pressenza.com\/it\/2016\/05\/portogallo-giardino-immaginario-quasi-pronto\/#article\",\"isPartOf\":{\"@id\":\"https:\/\/www.pressenza.com\/it\/2016\/05\/portogallo-giardino-immaginario-quasi-pronto\/\"},\"author\":{\"name\":\"Onda Humanista\",\"@id\":\"https:\/\/www.pressenza.com\/it\/#\/schema\/person\/c8f1609ecaed2833bf7d3641cb49f8cd\"},\"headline\":\"Portogallo: il Giardino Immaginario \u00e8 quasi pronto\",\"datePublished\":\"2016-05-20T16:41:42+00:00\",\"mainEntityOfPage\":{\"@id\":\"https:\/\/www.pressenza.com\/it\/2016\/05\/portogallo-giardino-immaginario-quasi-pronto\/\"},\"wordCount\":424,\"publisher\":{\"@id\":\"https:\/\/www.pressenza.com\/it\/#organization\"},\"image\":{\"@id\":\"https:\/\/www.pressenza.com\/it\/2016\/05\/portogallo-giardino-immaginario-quasi-pronto\/#primaryimage\"},\"thumbnailUrl\":\"https:\/\/www.pressenza.com\/wp-content\/uploads\/2016\/05\/13052741_1684987215086730_695339789_o.jpg\",\"keywords\":[\"Cerimonia di Protezione\",\"educazione\",\"Giardino d'Infanzia\",\"Movimento Umanista\",\"Porto\",\"Portogallo\",\"quartiere\"],\"articleSection\":[\"contenuti originali\",\"Educazione\",\"Europa\",\"Umanesimo e Spiritualit\u00e0\"],\"inLanguage\":\"it-IT\"},{\"@type\":\"WebPage\",\"@id\":\"https:\/\/www.pressenza.com\/it\/2016\/05\/portogallo-giardino-immaginario-quasi-pronto\/\",\"url\":\"https:\/\/www.pressenza.com\/it\/2016\/05\/portogallo-giardino-immaginario-quasi-pronto\/\",\"name\":\"Portogallo: il Giardino Immaginario \u00e8 quasi pronto\",\"isPartOf\":{\"@id\":\"https:\/\/www.pressenza.com\/it\/#website\"},\"primaryImageOfPage\":{\"@id\":\"https:\/\/www.pressenza.com\/it\/2016\/05\/portogallo-giardino-immaginario-quasi-pronto\/#primaryimage\"},\"image\":{\"@id\":\"https:\/\/www.pressenza.com\/it\/2016\/05\/portogallo-giardino-immaginario-quasi-pronto\/#primaryimage\"},\"thumbnailUrl\":\"https:\/\/www.pressenza.com\/wp-content\/uploads\/2016\/05\/13052741_1684987215086730_695339789_o.jpg\",\"datePublished\":\"2016-05-20T16:41:42+00:00\",\"description\":\"Celebrare la forza della comunit\u00e1. Il Giardino Immaginario si sta trasformando sempre di pi\u00fa in quello che era il sogno della popolazione di Areosa\",\"breadcrumb\":{\"@id\":\"https:\/\/www.pressenza.com\/it\/2016\/05\/portogallo-giardino-immaginario-quasi-pronto\/#breadcrumb\"},\"inLanguage\":\"it-IT\",\"potentialAction\":[{\"@type\":\"ReadAction\",\"target\":[\"https:\/\/www.pressenza.com\/it\/2016\/05\/portogallo-giardino-immaginario-quasi-pronto\/\"]}]},{\"@type\":\"ImageObject\",\"inLanguage\":\"it-IT\",\"@id\":\"https:\/\/www.pressenza.com\/it\/2016\/05\/portogallo-giardino-immaginario-quasi-pronto\/#primaryimage\",\"url\":\"https:\/\/www.pressenza.com\/wp-content\/uploads\/2016\/05\/13052741_1684987215086730_695339789_o.jpg\",\"contentUrl\":\"https:\/\/www.pressenza.com\/wp-content\/uploads\/2016\/05\/13052741_1684987215086730_695339789_o.jpg\",\"width\":2048,\"height\":1152},{\"@type\":\"BreadcrumbList\",\"@id\":\"https:\/\/www.pressenza.com\/it\/2016\/05\/portogallo-giardino-immaginario-quasi-pronto\/#breadcrumb\",\"itemListElement\":[{\"@type\":\"ListItem\",\"position\":1,\"name\":\"Accueil\",\"item\":\"https:\/\/www.pressenza.com\/it\/\"},{\"@type\":\"ListItem\",\"position\":2,\"name\":\"Portogallo: il Giardino Immaginario \u00e8 quasi pronto\"}]},{\"@type\":\"WebSite\",\"@id\":\"https:\/\/www.pressenza.com\/it\/#website\",\"url\":\"https:\/\/www.pressenza.com\/it\/\",\"name\":\"Pressenza\",\"description\":\"Agenzia di Stampa Internazionale\",\"publisher\":{\"@id\":\"https:\/\/www.pressenza.com\/it\/#organization\"},\"potentialAction\":[{\"@type\":\"SearchAction\",\"target\":{\"@type\":\"EntryPoint\",\"urlTemplate\":\"https:\/\/www.pressenza.com\/it\/?s={search_term_string}\"},\"query-input\":{\"@type\":\"PropertyValueSpecification\",\"valueRequired\":true,\"valueName\":\"search_term_string\"}}],\"inLanguage\":\"it-IT\"},{\"@type\":\"Organization\",\"@id\":\"https:\/\/www.pressenza.com\/it\/#organization\",\"name\":\"Pressenza\",\"url\":\"https:\/\/www.pressenza.com\/it\/\",\"logo\":{\"@type\":\"ImageObject\",\"inLanguage\":\"it-IT\",\"@id\":\"https:\/\/www.pressenza.com\/it\/#\/schema\/logo\/image\/\",\"url\":\"https:\/\/www.pressenza.com\/wp-content\/uploads\/2022\/10\/pressenza_logo_200x200.jpg\",\"contentUrl\":\"https:\/\/www.pressenza.com\/wp-content\/uploads\/2022\/10\/pressenza_logo_200x200.jpg\",\"width\":200,\"height\":200,\"caption\":\"Pressenza\"},\"image\":{\"@id\":\"https:\/\/www.pressenza.com\/it\/#\/schema\/logo\/image\/\"},\"sameAs\":[\"https:\/\/www.facebook.com\/PressenzaItalia\",\"https:\/\/x.com\/PressenzaIPA\"]},{\"@type\":\"Person\",\"@id\":\"https:\/\/www.pressenza.com\/it\/#\/schema\/person\/c8f1609ecaed2833bf7d3641cb49f8cd\",\"name\":\"Onda Humanista\",\"sameAs\":[\"https:\/\/www.facebook.com\/OndaHumanista\/\"],\"url\":\"https:\/\/www.pressenza.com\/it\/author\/onda-humanista\/\"}]}<\/script>\n<!-- \/ Yoast SEO plugin. -->","yoast_head_json":{"title":"Portogallo: il Giardino Immaginario \u00e8 quasi pronto","description":"Celebrare la forza della comunit\u00e1. Il Giardino Immaginario si sta trasformando sempre di pi\u00fa in quello che era il sogno della popolazione di Areosa","robots":{"index":"index","follow":"follow","max-snippet":"max-snippet:-1","max-image-preview":"max-image-preview:large","max-video-preview":"max-video-preview:-1"},"canonical":"https:\/\/www.pressenza.com\/it\/2016\/05\/portogallo-giardino-immaginario-quasi-pronto\/","og_locale":"it_IT","og_type":"article","og_title":"Portogallo: il Giardino Immaginario \u00e8 quasi pronto","og_description":"Celebrare la forza della comunit\u00e1. Il Giardino Immaginario si sta trasformando sempre di pi\u00fa in quello che era il sogno della popolazione di Areosa","og_url":"https:\/\/www.pressenza.com\/it\/2016\/05\/portogallo-giardino-immaginario-quasi-pronto\/","og_site_name":"Pressenza","article_publisher":"https:\/\/www.facebook.com\/PressenzaItalia","article_author":"https:\/\/www.facebook.com\/OndaHumanista\/","article_published_time":"2016-05-20T16:41:42+00:00","og_image":[{"width":2048,"height":1152,"url":"https:\/\/www.pressenza.com\/wp-content\/uploads\/2016\/05\/13052741_1684987215086730_695339789_o.jpg","type":"image\/jpeg"}],"author":"Onda Humanista","twitter_card":"summary_large_image","twitter_creator":"@PressenzaIPA","twitter_site":"@PressenzaIPA","twitter_misc":{"Scritto da":"Onda Humanista","Tempo di lettura stimato":"2 minuti"},"schema":{"@context":"https:\/\/schema.org","@graph":[{"@type":"Article","@id":"https:\/\/www.pressenza.com\/it\/2016\/05\/portogallo-giardino-immaginario-quasi-pronto\/#article","isPartOf":{"@id":"https:\/\/www.pressenza.com\/it\/2016\/05\/portogallo-giardino-immaginario-quasi-pronto\/"},"author":{"name":"Onda Humanista","@id":"https:\/\/www.pressenza.com\/it\/#\/schema\/person\/c8f1609ecaed2833bf7d3641cb49f8cd"},"headline":"Portogallo: il Giardino Immaginario \u00e8 quasi pronto","datePublished":"2016-05-20T16:41:42+00:00","mainEntityOfPage":{"@id":"https:\/\/www.pressenza.com\/it\/2016\/05\/portogallo-giardino-immaginario-quasi-pronto\/"},"wordCount":424,"publisher":{"@id":"https:\/\/www.pressenza.com\/it\/#organization"},"image":{"@id":"https:\/\/www.pressenza.com\/it\/2016\/05\/portogallo-giardino-immaginario-quasi-pronto\/#primaryimage"},"thumbnailUrl":"https:\/\/www.pressenza.com\/wp-content\/uploads\/2016\/05\/13052741_1684987215086730_695339789_o.jpg","keywords":["Cerimonia di Protezione","educazione","Giardino d'Infanzia","Movimento Umanista","Porto","Portogallo","quartiere"],"articleSection":["contenuti originali","Educazione","Europa","Umanesimo e Spiritualit\u00e0"],"inLanguage":"it-IT"},{"@type":"WebPage","@id":"https:\/\/www.pressenza.com\/it\/2016\/05\/portogallo-giardino-immaginario-quasi-pronto\/","url":"https:\/\/www.pressenza.com\/it\/2016\/05\/portogallo-giardino-immaginario-quasi-pronto\/","name":"Portogallo: il Giardino Immaginario \u00e8 quasi pronto","isPartOf":{"@id":"https:\/\/www.pressenza.com\/it\/#website"},"primaryImageOfPage":{"@id":"https:\/\/www.pressenza.com\/it\/2016\/05\/portogallo-giardino-immaginario-quasi-pronto\/#primaryimage"},"image":{"@id":"https:\/\/www.pressenza.com\/it\/2016\/05\/portogallo-giardino-immaginario-quasi-pronto\/#primaryimage"},"thumbnailUrl":"https:\/\/www.pressenza.com\/wp-content\/uploads\/2016\/05\/13052741_1684987215086730_695339789_o.jpg","datePublished":"2016-05-20T16:41:42+00:00","description":"Celebrare la forza della comunit\u00e1. Il Giardino Immaginario si sta trasformando sempre di pi\u00fa in quello che era il sogno della popolazione di Areosa","breadcrumb":{"@id":"https:\/\/www.pressenza.com\/it\/2016\/05\/portogallo-giardino-immaginario-quasi-pronto\/#breadcrumb"},"inLanguage":"it-IT","potentialAction":[{"@type":"ReadAction","target":["https:\/\/www.pressenza.com\/it\/2016\/05\/portogallo-giardino-immaginario-quasi-pronto\/"]}]},{"@type":"ImageObject","inLanguage":"it-IT","@id":"https:\/\/www.pressenza.com\/it\/2016\/05\/portogallo-giardino-immaginario-quasi-pronto\/#primaryimage","url":"https:\/\/www.pressenza.com\/wp-content\/uploads\/2016\/05\/13052741_1684987215086730_695339789_o.jpg","contentUrl":"https:\/\/www.pressenza.com\/wp-content\/uploads\/2016\/05\/13052741_1684987215086730_695339789_o.jpg","width":2048,"height":1152},{"@type":"BreadcrumbList","@id":"https:\/\/www.pressenza.com\/it\/2016\/05\/portogallo-giardino-immaginario-quasi-pronto\/#breadcrumb","itemListElement":[{"@type":"ListItem","position":1,"name":"Accueil","item":"https:\/\/www.pressenza.com\/it\/"},{"@type":"ListItem","position":2,"name":"Portogallo: il Giardino Immaginario \u00e8 quasi pronto"}]},{"@type":"WebSite","@id":"https:\/\/www.pressenza.com\/it\/#website","url":"https:\/\/www.pressenza.com\/it\/","name":"Pressenza","description":"Agenzia di Stampa Internazionale","publisher":{"@id":"https:\/\/www.pressenza.com\/it\/#organization"},"potentialAction":[{"@type":"SearchAction","target":{"@type":"EntryPoint","urlTemplate":"https:\/\/www.pressenza.com\/it\/?s={search_term_string}"},"query-input":{"@type":"PropertyValueSpecification","valueRequired":true,"valueName":"search_term_string"}}],"inLanguage":"it-IT"},{"@type":"Organization","@id":"https:\/\/www.pressenza.com\/it\/#organization","name":"Pressenza","url":"https:\/\/www.pressenza.com\/it\/","logo":{"@type":"ImageObject","inLanguage":"it-IT","@id":"https:\/\/www.pressenza.com\/it\/#\/schema\/logo\/image\/","url":"https:\/\/www.pressenza.com\/wp-content\/uploads\/2022\/10\/pressenza_logo_200x200.jpg","contentUrl":"https:\/\/www.pressenza.com\/wp-content\/uploads\/2022\/10\/pressenza_logo_200x200.jpg","width":200,"height":200,"caption":"Pressenza"},"image":{"@id":"https:\/\/www.pressenza.com\/it\/#\/schema\/logo\/image\/"},"sameAs":["https:\/\/www.facebook.com\/PressenzaItalia","https:\/\/x.com\/PressenzaIPA"]},{"@type":"Person","@id":"https:\/\/www.pressenza.com\/it\/#\/schema\/person\/c8f1609ecaed2833bf7d3641cb49f8cd","name":"Onda Humanista","sameAs":["https:\/\/www.facebook.com\/OndaHumanista\/"],"url":"https:\/\/www.pressenza.com\/it\/author\/onda-humanista\/"}]}},"place":"","original_article_url":"","_links":{"self":[{"href":"https:\/\/www.pressenza.com\/it\/wp-json\/wp\/v2\/posts\/319708","targetHints":{"allow":["GET"]}}],"collection":[{"href":"https:\/\/www.pressenza.com\/it\/wp-json\/wp\/v2\/posts"}],"about":[{"href":"https:\/\/www.pressenza.com\/it\/wp-json\/wp\/v2\/types\/post"}],"author":[{"embeddable":true,"href":"https:\/\/www.pressenza.com\/it\/wp-json\/wp\/v2\/users\/1313"}],"replies":[{"embeddable":true,"href":"https:\/\/www.pressenza.com\/it\/wp-json\/wp\/v2\/comments?post=319708"}],"version-history":[{"count":0,"href":"https:\/\/www.pressenza.com\/it\/wp-json\/wp\/v2\/posts\/319708\/revisions"}],"wp:featuredmedia":[{"embeddable":true,"href":"https:\/\/www.pressenza.com\/it\/wp-json\/wp\/v2\/media\/319244"}],"wp:attachment":[{"href":"https:\/\/www.pressenza.com\/it\/wp-json\/wp\/v2\/media?parent=319708"}],"wp:term":[{"taxonomy":"category","embeddable":true,"href":"https:\/\/www.pressenza.com\/it\/wp-json\/wp\/v2\/categories?post=319708"},{"taxonomy":"post_tag","embeddable":true,"href":"https:\/\/www.pressenza.com\/it\/wp-json\/wp\/v2\/tags?post=319708"}],"curies":[{"name":"wp","href":"https:\/\/api.w.org\/{rel}","templated":true}]}}