{"id":313427,"date":"2016-05-11T05:55:00","date_gmt":"2016-05-11T04:55:00","guid":{"rendered":"http:\/\/www.pressenza.com\/it\/?p=313427"},"modified":"2016-05-11T05:55:00","modified_gmt":"2016-05-11T04:55:00","slug":"bororo-sedentarizzazione-o-ben-essere","status":"publish","type":"post","link":"https:\/\/www.pressenza.com\/it\/2016\/05\/bororo-sedentarizzazione-o-ben-essere\/","title":{"rendered":"I Bororo: sedentarizzazione o ben-essere?"},"content":{"rendered":"<p><strong><em>La fine delle recriminazioni dei Bororo non \u00e8 proprio imminente. Il divario infrastrutturale tra questi nomadi sedentarizzati e le popolazioni ospitanti \u00e8 molto grande, al limite dell\u2019emarginazione e dell\u2019incuria.<\/em><\/strong><\/p>\n<p>I Bororo in Camerun costituiscono un grande gruppo etnico unico, che parla la stessa lingua e che fa parte dei cosiddetti gruppi di minoranza. Giunti dal nord del Camerun e sparsi nel Nord-Ovest, nell\u2019Ovest e nell\u2019Est. In queste zone subiscono regolarmente la violazione dei loro diritti. Venuti dalle regioni settentrionali del Camerun da decenni, si sono stabiliti in molte parti del paese, dove hanno trovato possibilit\u00e0 di pascolo per il loro bestiame. La coabitazione con le popolazioni ospitanti \u00e8 stata finora sempre tranquilla, a parte vessazioni, come quelle viste negli ultimi anni nel dipartimento del Nd\u00e9, regione del Camerun occidentale.<\/p>\n<p><strong>Ingannati<br \/>\n<\/strong>Visitando le comunit\u00e0 dei Bororo, ci si rende conto che non hanno sempre accesso ai servizi e alle infrastrutture essenziali per il loro sviluppo. Per esempio, andando nella comunit\u00e0 Bororo di Binjeng, nel dipartimento di Donga Mantung, abbiamo visto che non hanno accesso all&#8217;acqua potabile. Ruscelli, fiumi e falde acquifere sono i loro principali punti di approvvigionamento di acqua potabile. Il terreno \u00e8 favorevole alla realizzazione di riserve d&#8217;acqua; &#8220;<em>Pertanto si pu\u00f2 costruire una vasca di recupero su questo ruscello e installarvi una pompa a pressione che pomper\u00e0 l&#8217;acqua in alto fino alle nostre case&#8221;,<\/em> dice Ardo Sele, capo della comunit\u00e0 bororo di Binjeng. Per la loro insistente volont\u00e0 di dotare la comunit\u00e0 di acqua potabile, sono stati contattati nel 2014 da un politico della zona che si era impegnato a\u00a0fare arrivare il prezioso liquido nei loro terreni con un canale da collegare a una rete gi\u00e0 esistente di acqua potabile a 5 km di distanza.<br \/>\nMa quest\u2019opera poteva diventare realt\u00e0 solo se i destinatari vi contribuivano in denaro. Cos\u00ec hanno pagato la somma di 600.000 franchi CFA, come richiesto dal loro \u201cbenefattore\u201d, ma quest&#8217;ultimo \u00e8 poi &#8220;evaporato&#8221;&#8230; Ci\u00f2 che resta oggi a Bijeng di questo progetto fallito \u00e8 uno scavo di dieci metri lineari ricoperti di erba.<\/p>\n<p><strong>Dimenticati<br \/>\n<\/strong>Il vento ha in seguito spazzato via il tetto dell\u2019 unica scuola pubblica. In mancanza di mezzi propri per ripararlo, questa scuola di due aule resta sempre senza tetto. Gli alumni e i loro insegnanti scrutano ogni giorno il cielo per vedere se il tempo sar\u00e0 clemente o no.<\/p>\n<p><strong>Divisi<br \/>\n<\/strong>Consapevoli del fatto che devono adottare delle misure per superare l&#8217;emarginazione e l&#8217;isolamento, i Bororo avevano creato una solida associazione, denominata MBOSCUDA, per ottenere il massimo riconoscimento dei loro diritti e promuovere lo sviluppo della loro comunit\u00e0. Diverse comunit\u00e0 bororo sono oggi dotate di strumenti di trivellazione grazie a questa associazione, che agisce coi soli mezzi di cui dispone. Questa volont\u00e0 dei MBOSCUDA di fare uscire i Bororo dall\u2019ombra \u00e8 stata ostacolata da poco pi\u00f9 di un anno da un&#8217;altra organizzazione, un gruppo di pressione nato sotto l&#8217;impulso di un ricchissimo uomo d&#8217;affari bororo. I Bororo avevano intravvisto in questa associazione il proposito di divisione, da cui le recriminazioni di alcuni che si lamentavano perch\u00e9 si chiedeva di dare un bue per aderire alla nuova associazione. Quel criterio era stato considerato esagerato da pi\u00f9 d\u2019uno. Ma questi sono Camerunesi a pieno titolo, che contribuiscono a modo loro allo sviluppo di questo paese attraverso le loro attivit\u00e0 pastorali. Anche se la Costituzione \u00e8 chiara sulla questione delle minoranze e degli indigeni: <em>&#8220;lo Stato deve garantire, nel rispetto<\/em> <em>della legge, la tutela delle minoranze insieme<\/em> <em>alla salvaguardia dei diritti degli indigeni&#8221;.<\/em><\/p>\n<p>Traduzione dal <em><a href=\"http:\/\/www.pressenza.com\/fr\/2016\/05\/bororos-entre-sedentarisation-recherche-bien-etre\/\">Francese<\/a><\/em> di Maria Pia Salmaso<\/p>\n<p>&nbsp;<\/p>\n<p>&nbsp;<\/p>\n","protected":false},"excerpt":{"rendered":"<p>La fine delle recriminazioni dei Bororo non \u00e8 proprio imminente. Il divario infrastrutturale tra questi nomadi sedentarizzati e le popolazioni ospitanti \u00e8 molto grande, al limite dell\u2019emarginazione e dell\u2019incuria. I Bororo in Camerun costituiscono un grande gruppo etnico unico, che&hellip;<\/p>\n","protected":false},"author":248,"featured_media":311697,"comment_status":"closed","ping_status":"closed","sticky":false,"template":"","format":"standard","meta":{"footnotes":""},"categories":[45,11388,60,61],"tags":[22197,26852,15980,11821],"class_list":["post-313427","post","type-post","status-publish","format-standard","has-post-thumbnail","hentry","category-africa-it","category-contenuti-originali","category-diritti-umani","category-popoli-aborigeni","tag-africa","tag-bororos","tag-camerun","tag-popolazioni-indigene"],"yoast_head":"<!-- This site is optimized with the Yoast SEO plugin v27.1.1 - https:\/\/yoast.com\/product\/yoast-seo-wordpress\/ -->\n<title>I Bororo: sedentarizzazione o ben-essere?<\/title>\n<meta name=\"description\" content=\"La fine delle recriminazioni dei Bororo non \u00e8 proprio imminente. Il divario infrastrutturale tra questi nomadi sedentarizzati e le popolazioni ospitanti \u00e8\" \/>\n<meta name=\"robots\" content=\"index, follow, max-snippet:-1, max-image-preview:large, max-video-preview:-1\" \/>\n<link rel=\"canonical\" href=\"https:\/\/www.pressenza.com\/it\/2016\/05\/bororo-sedentarizzazione-o-ben-essere\/\" \/>\n<meta property=\"og:locale\" content=\"it_IT\" \/>\n<meta property=\"og:type\" content=\"article\" \/>\n<meta property=\"og:title\" content=\"I Bororo: sedentarizzazione o ben-essere?\" \/>\n<meta property=\"og:description\" content=\"La fine delle recriminazioni dei Bororo non \u00e8 proprio imminente. Il divario infrastrutturale tra questi nomadi sedentarizzati e le popolazioni ospitanti \u00e8\" \/>\n<meta property=\"og:url\" content=\"https:\/\/www.pressenza.com\/it\/2016\/05\/bororo-sedentarizzazione-o-ben-essere\/\" \/>\n<meta property=\"og:site_name\" content=\"Pressenza\" \/>\n<meta property=\"article:publisher\" content=\"https:\/\/www.facebook.com\/PressenzaItalia\" \/>\n<meta property=\"article:published_time\" content=\"2016-05-11T04:55:00+00:00\" \/>\n<meta property=\"og:image\" content=\"https:\/\/www.pressenza.com\/wp-content\/uploads\/2016\/05\/Les-Bororos-Entre-s\u00e9dentarisation-et-recherche-du-bien-\u00eatre.jpg\" \/>\n\t<meta property=\"og:image:width\" content=\"750\" \/>\n\t<meta property=\"og:image:height\" content=\"498\" \/>\n\t<meta property=\"og:image:type\" content=\"image\/jpeg\" \/>\n<meta name=\"author\" content=\"Fran\u00e7ois Tekam\" \/>\n<meta name=\"twitter:card\" content=\"summary_large_image\" \/>\n<meta name=\"twitter:creator\" content=\"@PressenzaIPA\" \/>\n<meta name=\"twitter:site\" content=\"@PressenzaIPA\" \/>\n<meta name=\"twitter:label1\" content=\"Scritto da\" \/>\n\t<meta name=\"twitter:data1\" content=\"Fran\u00e7ois Tekam\" \/>\n\t<meta name=\"twitter:label2\" content=\"Tempo di lettura stimato\" \/>\n\t<meta name=\"twitter:data2\" content=\"3 minuti\" \/>\n<script type=\"application\/ld+json\" class=\"yoast-schema-graph\">{\"@context\":\"https:\/\/schema.org\",\"@graph\":[{\"@type\":\"Article\",\"@id\":\"https:\/\/www.pressenza.com\/it\/2016\/05\/bororo-sedentarizzazione-o-ben-essere\/#article\",\"isPartOf\":{\"@id\":\"https:\/\/www.pressenza.com\/it\/2016\/05\/bororo-sedentarizzazione-o-ben-essere\/\"},\"author\":{\"name\":\"Fran\u00e7ois Tekam\",\"@id\":\"https:\/\/www.pressenza.com\/it\/#\/schema\/person\/9ae9dbeeba564284657be26a9456fbf8\"},\"headline\":\"I Bororo: sedentarizzazione o ben-essere?\",\"datePublished\":\"2016-05-11T04:55:00+00:00\",\"mainEntityOfPage\":{\"@id\":\"https:\/\/www.pressenza.com\/it\/2016\/05\/bororo-sedentarizzazione-o-ben-essere\/\"},\"wordCount\":598,\"publisher\":{\"@id\":\"https:\/\/www.pressenza.com\/it\/#organization\"},\"image\":{\"@id\":\"https:\/\/www.pressenza.com\/it\/2016\/05\/bororo-sedentarizzazione-o-ben-essere\/#primaryimage\"},\"thumbnailUrl\":\"https:\/\/www.pressenza.com\/wp-content\/uploads\/2016\/05\/Les-Bororos-Entre-s\u00e9dentarisation-et-recherche-du-bien-\u00eatre.jpg\",\"keywords\":[\"Africa\",\"Bororos\",\"Camer\u00fan\",\"popolazioni indigene\"],\"articleSection\":[\"Africa\",\"contenuti originali\",\"Diritti Umani\",\"Popoli originari\"],\"inLanguage\":\"it-IT\"},{\"@type\":\"WebPage\",\"@id\":\"https:\/\/www.pressenza.com\/it\/2016\/05\/bororo-sedentarizzazione-o-ben-essere\/\",\"url\":\"https:\/\/www.pressenza.com\/it\/2016\/05\/bororo-sedentarizzazione-o-ben-essere\/\",\"name\":\"I Bororo: sedentarizzazione o ben-essere?\",\"isPartOf\":{\"@id\":\"https:\/\/www.pressenza.com\/it\/#website\"},\"primaryImageOfPage\":{\"@id\":\"https:\/\/www.pressenza.com\/it\/2016\/05\/bororo-sedentarizzazione-o-ben-essere\/#primaryimage\"},\"image\":{\"@id\":\"https:\/\/www.pressenza.com\/it\/2016\/05\/bororo-sedentarizzazione-o-ben-essere\/#primaryimage\"},\"thumbnailUrl\":\"https:\/\/www.pressenza.com\/wp-content\/uploads\/2016\/05\/Les-Bororos-Entre-s\u00e9dentarisation-et-recherche-du-bien-\u00eatre.jpg\",\"datePublished\":\"2016-05-11T04:55:00+00:00\",\"description\":\"La fine delle recriminazioni dei Bororo non \u00e8 proprio imminente. Il divario infrastrutturale tra questi nomadi sedentarizzati e le popolazioni ospitanti \u00e8\",\"breadcrumb\":{\"@id\":\"https:\/\/www.pressenza.com\/it\/2016\/05\/bororo-sedentarizzazione-o-ben-essere\/#breadcrumb\"},\"inLanguage\":\"it-IT\",\"potentialAction\":[{\"@type\":\"ReadAction\",\"target\":[\"https:\/\/www.pressenza.com\/it\/2016\/05\/bororo-sedentarizzazione-o-ben-essere\/\"]}]},{\"@type\":\"ImageObject\",\"inLanguage\":\"it-IT\",\"@id\":\"https:\/\/www.pressenza.com\/it\/2016\/05\/bororo-sedentarizzazione-o-ben-essere\/#primaryimage\",\"url\":\"https:\/\/www.pressenza.com\/wp-content\/uploads\/2016\/05\/Les-Bororos-Entre-s\u00e9dentarisation-et-recherche-du-bien-\u00eatre.jpg\",\"contentUrl\":\"https:\/\/www.pressenza.com\/wp-content\/uploads\/2016\/05\/Les-Bororos-Entre-s\u00e9dentarisation-et-recherche-du-bien-\u00eatre.jpg\",\"width\":750,\"height\":498},{\"@type\":\"BreadcrumbList\",\"@id\":\"https:\/\/www.pressenza.com\/it\/2016\/05\/bororo-sedentarizzazione-o-ben-essere\/#breadcrumb\",\"itemListElement\":[{\"@type\":\"ListItem\",\"position\":1,\"name\":\"Accueil\",\"item\":\"https:\/\/www.pressenza.com\/it\/\"},{\"@type\":\"ListItem\",\"position\":2,\"name\":\"I Bororo: sedentarizzazione o ben-essere?\"}]},{\"@type\":\"WebSite\",\"@id\":\"https:\/\/www.pressenza.com\/it\/#website\",\"url\":\"https:\/\/www.pressenza.com\/it\/\",\"name\":\"Pressenza\",\"description\":\"Agenzia di Stampa Internazionale\",\"publisher\":{\"@id\":\"https:\/\/www.pressenza.com\/it\/#organization\"},\"potentialAction\":[{\"@type\":\"SearchAction\",\"target\":{\"@type\":\"EntryPoint\",\"urlTemplate\":\"https:\/\/www.pressenza.com\/it\/?s={search_term_string}\"},\"query-input\":{\"@type\":\"PropertyValueSpecification\",\"valueRequired\":true,\"valueName\":\"search_term_string\"}}],\"inLanguage\":\"it-IT\"},{\"@type\":\"Organization\",\"@id\":\"https:\/\/www.pressenza.com\/it\/#organization\",\"name\":\"Pressenza\",\"url\":\"https:\/\/www.pressenza.com\/it\/\",\"logo\":{\"@type\":\"ImageObject\",\"inLanguage\":\"it-IT\",\"@id\":\"https:\/\/www.pressenza.com\/it\/#\/schema\/logo\/image\/\",\"url\":\"https:\/\/www.pressenza.com\/wp-content\/uploads\/2022\/10\/pressenza_logo_200x200.jpg\",\"contentUrl\":\"https:\/\/www.pressenza.com\/wp-content\/uploads\/2022\/10\/pressenza_logo_200x200.jpg\",\"width\":200,\"height\":200,\"caption\":\"Pressenza\"},\"image\":{\"@id\":\"https:\/\/www.pressenza.com\/it\/#\/schema\/logo\/image\/\"},\"sameAs\":[\"https:\/\/www.facebook.com\/PressenzaItalia\",\"https:\/\/x.com\/PressenzaIPA\"]},{\"@type\":\"Person\",\"@id\":\"https:\/\/www.pressenza.com\/it\/#\/schema\/person\/9ae9dbeeba564284657be26a9456fbf8\",\"name\":\"Fran\u00e7ois Tekam\",\"description\":\"Fran\u00e7ois Tekam, n\u00e9 le 18 juin 1971 dans la r\u00e9gion de l\u2019ouest Cameroun, a fait des \u00e9tudes de droit priv\u00e9, droit international de l\u2019environnement. Il a travaill\u00e9 pour plusieurs m\u00e9dias imprim\u00e9s et vit actuellement \u00e0 Yaound\u00e9. Fran\u00e7ois Tekam, born June 18th, 1971, in the west of Cameroon, studied civil law and international environmental law. He has worked for several print media and currently lives in Yaounde.\",\"url\":\"https:\/\/www.pressenza.com\/it\/author\/francois-tekam\/\"}]}<\/script>\n<!-- \/ Yoast SEO plugin. -->","yoast_head_json":{"title":"I Bororo: sedentarizzazione o ben-essere?","description":"La fine delle recriminazioni dei Bororo non \u00e8 proprio imminente. Il divario infrastrutturale tra questi nomadi sedentarizzati e le popolazioni ospitanti \u00e8","robots":{"index":"index","follow":"follow","max-snippet":"max-snippet:-1","max-image-preview":"max-image-preview:large","max-video-preview":"max-video-preview:-1"},"canonical":"https:\/\/www.pressenza.com\/it\/2016\/05\/bororo-sedentarizzazione-o-ben-essere\/","og_locale":"it_IT","og_type":"article","og_title":"I Bororo: sedentarizzazione o ben-essere?","og_description":"La fine delle recriminazioni dei Bororo non \u00e8 proprio imminente. Il divario infrastrutturale tra questi nomadi sedentarizzati e le popolazioni ospitanti \u00e8","og_url":"https:\/\/www.pressenza.com\/it\/2016\/05\/bororo-sedentarizzazione-o-ben-essere\/","og_site_name":"Pressenza","article_publisher":"https:\/\/www.facebook.com\/PressenzaItalia","article_published_time":"2016-05-11T04:55:00+00:00","og_image":[{"width":750,"height":498,"url":"https:\/\/www.pressenza.com\/wp-content\/uploads\/2016\/05\/Les-Bororos-Entre-s\u00e9dentarisation-et-recherche-du-bien-\u00eatre.jpg","type":"image\/jpeg"}],"author":"Fran\u00e7ois Tekam","twitter_card":"summary_large_image","twitter_creator":"@PressenzaIPA","twitter_site":"@PressenzaIPA","twitter_misc":{"Scritto da":"Fran\u00e7ois Tekam","Tempo di lettura stimato":"3 minuti"},"schema":{"@context":"https:\/\/schema.org","@graph":[{"@type":"Article","@id":"https:\/\/www.pressenza.com\/it\/2016\/05\/bororo-sedentarizzazione-o-ben-essere\/#article","isPartOf":{"@id":"https:\/\/www.pressenza.com\/it\/2016\/05\/bororo-sedentarizzazione-o-ben-essere\/"},"author":{"name":"Fran\u00e7ois Tekam","@id":"https:\/\/www.pressenza.com\/it\/#\/schema\/person\/9ae9dbeeba564284657be26a9456fbf8"},"headline":"I Bororo: sedentarizzazione o ben-essere?","datePublished":"2016-05-11T04:55:00+00:00","mainEntityOfPage":{"@id":"https:\/\/www.pressenza.com\/it\/2016\/05\/bororo-sedentarizzazione-o-ben-essere\/"},"wordCount":598,"publisher":{"@id":"https:\/\/www.pressenza.com\/it\/#organization"},"image":{"@id":"https:\/\/www.pressenza.com\/it\/2016\/05\/bororo-sedentarizzazione-o-ben-essere\/#primaryimage"},"thumbnailUrl":"https:\/\/www.pressenza.com\/wp-content\/uploads\/2016\/05\/Les-Bororos-Entre-s\u00e9dentarisation-et-recherche-du-bien-\u00eatre.jpg","keywords":["Africa","Bororos","Camer\u00fan","popolazioni indigene"],"articleSection":["Africa","contenuti originali","Diritti Umani","Popoli originari"],"inLanguage":"it-IT"},{"@type":"WebPage","@id":"https:\/\/www.pressenza.com\/it\/2016\/05\/bororo-sedentarizzazione-o-ben-essere\/","url":"https:\/\/www.pressenza.com\/it\/2016\/05\/bororo-sedentarizzazione-o-ben-essere\/","name":"I Bororo: sedentarizzazione o ben-essere?","isPartOf":{"@id":"https:\/\/www.pressenza.com\/it\/#website"},"primaryImageOfPage":{"@id":"https:\/\/www.pressenza.com\/it\/2016\/05\/bororo-sedentarizzazione-o-ben-essere\/#primaryimage"},"image":{"@id":"https:\/\/www.pressenza.com\/it\/2016\/05\/bororo-sedentarizzazione-o-ben-essere\/#primaryimage"},"thumbnailUrl":"https:\/\/www.pressenza.com\/wp-content\/uploads\/2016\/05\/Les-Bororos-Entre-s\u00e9dentarisation-et-recherche-du-bien-\u00eatre.jpg","datePublished":"2016-05-11T04:55:00+00:00","description":"La fine delle recriminazioni dei Bororo non \u00e8 proprio imminente. Il divario infrastrutturale tra questi nomadi sedentarizzati e le popolazioni ospitanti \u00e8","breadcrumb":{"@id":"https:\/\/www.pressenza.com\/it\/2016\/05\/bororo-sedentarizzazione-o-ben-essere\/#breadcrumb"},"inLanguage":"it-IT","potentialAction":[{"@type":"ReadAction","target":["https:\/\/www.pressenza.com\/it\/2016\/05\/bororo-sedentarizzazione-o-ben-essere\/"]}]},{"@type":"ImageObject","inLanguage":"it-IT","@id":"https:\/\/www.pressenza.com\/it\/2016\/05\/bororo-sedentarizzazione-o-ben-essere\/#primaryimage","url":"https:\/\/www.pressenza.com\/wp-content\/uploads\/2016\/05\/Les-Bororos-Entre-s\u00e9dentarisation-et-recherche-du-bien-\u00eatre.jpg","contentUrl":"https:\/\/www.pressenza.com\/wp-content\/uploads\/2016\/05\/Les-Bororos-Entre-s\u00e9dentarisation-et-recherche-du-bien-\u00eatre.jpg","width":750,"height":498},{"@type":"BreadcrumbList","@id":"https:\/\/www.pressenza.com\/it\/2016\/05\/bororo-sedentarizzazione-o-ben-essere\/#breadcrumb","itemListElement":[{"@type":"ListItem","position":1,"name":"Accueil","item":"https:\/\/www.pressenza.com\/it\/"},{"@type":"ListItem","position":2,"name":"I Bororo: sedentarizzazione o ben-essere?"}]},{"@type":"WebSite","@id":"https:\/\/www.pressenza.com\/it\/#website","url":"https:\/\/www.pressenza.com\/it\/","name":"Pressenza","description":"Agenzia di Stampa Internazionale","publisher":{"@id":"https:\/\/www.pressenza.com\/it\/#organization"},"potentialAction":[{"@type":"SearchAction","target":{"@type":"EntryPoint","urlTemplate":"https:\/\/www.pressenza.com\/it\/?s={search_term_string}"},"query-input":{"@type":"PropertyValueSpecification","valueRequired":true,"valueName":"search_term_string"}}],"inLanguage":"it-IT"},{"@type":"Organization","@id":"https:\/\/www.pressenza.com\/it\/#organization","name":"Pressenza","url":"https:\/\/www.pressenza.com\/it\/","logo":{"@type":"ImageObject","inLanguage":"it-IT","@id":"https:\/\/www.pressenza.com\/it\/#\/schema\/logo\/image\/","url":"https:\/\/www.pressenza.com\/wp-content\/uploads\/2022\/10\/pressenza_logo_200x200.jpg","contentUrl":"https:\/\/www.pressenza.com\/wp-content\/uploads\/2022\/10\/pressenza_logo_200x200.jpg","width":200,"height":200,"caption":"Pressenza"},"image":{"@id":"https:\/\/www.pressenza.com\/it\/#\/schema\/logo\/image\/"},"sameAs":["https:\/\/www.facebook.com\/PressenzaItalia","https:\/\/x.com\/PressenzaIPA"]},{"@type":"Person","@id":"https:\/\/www.pressenza.com\/it\/#\/schema\/person\/9ae9dbeeba564284657be26a9456fbf8","name":"Fran\u00e7ois Tekam","description":"Fran\u00e7ois Tekam, n\u00e9 le 18 juin 1971 dans la r\u00e9gion de l\u2019ouest Cameroun, a fait des \u00e9tudes de droit priv\u00e9, droit international de l\u2019environnement. Il a travaill\u00e9 pour plusieurs m\u00e9dias imprim\u00e9s et vit actuellement \u00e0 Yaound\u00e9. Fran\u00e7ois Tekam, born June 18th, 1971, in the west of Cameroon, studied civil law and international environmental law. He has worked for several print media and currently lives in Yaounde.","url":"https:\/\/www.pressenza.com\/it\/author\/francois-tekam\/"}]}},"place":"","original_article_url":"","_links":{"self":[{"href":"https:\/\/www.pressenza.com\/it\/wp-json\/wp\/v2\/posts\/313427","targetHints":{"allow":["GET"]}}],"collection":[{"href":"https:\/\/www.pressenza.com\/it\/wp-json\/wp\/v2\/posts"}],"about":[{"href":"https:\/\/www.pressenza.com\/it\/wp-json\/wp\/v2\/types\/post"}],"author":[{"embeddable":true,"href":"https:\/\/www.pressenza.com\/it\/wp-json\/wp\/v2\/users\/248"}],"replies":[{"embeddable":true,"href":"https:\/\/www.pressenza.com\/it\/wp-json\/wp\/v2\/comments?post=313427"}],"version-history":[{"count":0,"href":"https:\/\/www.pressenza.com\/it\/wp-json\/wp\/v2\/posts\/313427\/revisions"}],"wp:featuredmedia":[{"embeddable":true,"href":"https:\/\/www.pressenza.com\/it\/wp-json\/wp\/v2\/media\/311697"}],"wp:attachment":[{"href":"https:\/\/www.pressenza.com\/it\/wp-json\/wp\/v2\/media?parent=313427"}],"wp:term":[{"taxonomy":"category","embeddable":true,"href":"https:\/\/www.pressenza.com\/it\/wp-json\/wp\/v2\/categories?post=313427"},{"taxonomy":"post_tag","embeddable":true,"href":"https:\/\/www.pressenza.com\/it\/wp-json\/wp\/v2\/tags?post=313427"}],"curies":[{"name":"wp","href":"https:\/\/api.w.org\/{rel}","templated":true}]}}