{"id":309324,"date":"2016-05-01T11:58:24","date_gmt":"2016-05-01T10:58:24","guid":{"rendered":"http:\/\/www.pressenza.com\/?p=309324"},"modified":"2016-05-01T12:05:43","modified_gmt":"2016-05-01T11:05:43","slug":"torna-il-golpismo-america-latina","status":"publish","type":"post","link":"https:\/\/www.pressenza.com\/it\/2016\/05\/torna-il-golpismo-america-latina\/","title":{"rendered":"Torna il golpismo in America Latina"},"content":{"rendered":"<p>Venezuela e Brasile sono lo scenario di un nuovo tipo di colpo di stato che farebbe arretrare l&#8217;agenda politica del continente ai suoi tempi peggiori. Intanto in Argentina avanza il brutale modello di demolizione della democrazia sostenuto dalla destra oligarchica continentale e dalle forze egemoniche dell&#8217;imperialismo degli Stati Uniti nella regione.<\/p>\n<p>Come si vede nelle avvisaglie che mettono alla prova la memoria storica dei popoli del continente, \u00e8 difficile accettare che i nuovi modelli di colpo di stato siano davvero pi\u00f9 blandi e segreti di quelli che ha subito per tanto tempo l&#8217;America Latina.<\/p>\n<p>Ci\u00f2 che abbiamo visto finora in Argentina non ha nulla da invidiare, in termini di disprezzo per le masse, ai colpi di stato che hanno introdotto le dittature sanguinose ai tempi dell&#8217;Operazione Condor (il complesso di interventi, compreso il ricorso sistematico alla tortura e all&#8217;omicidio, con cui fu osteggiato l&#8217;avanzamento del socialismo in ogni stato dell&#8217;America Latina durante l&#8217;amminsitrazione Nixon-Kissinger -NDT).<\/p>\n<p>In Venezuela il leader dell&#8217;opposizione nell&#8217;Assemblea Nazionale, Henry Ramos, apertamente dichiara che, data la gravit\u00e0 della crisi economica, egli non prevede che Maduro possa concludere il suo mandato e aggiunge che entro sei mesi si dovr\u00e0 por fine al legittimo governo di Nicolas Maduro. Tanto gravi minacce non hanno indotto il segretario generale dell&#8217;Organizzazione degli Stati Americani, Luis Almagro, a formulare la bench\u00e9 minima ricusazione, cos\u00ec si capisce che stiamo tornando ai tempi del golpismo aperto e brutale nel cortile degli Stati Uniti.<\/p>\n<p>Intanto, in Argentina, il neo eletto presidente Mauricio Macri avvia l&#8217;attuazione del suo &#8220;modello democratico&#8221; con una demolizione brutale di tutto ci\u00f2 che aveva fatto progredire la nazione dopo il crollo subito a causa della crisi economica e politica neoliberale, dalla quale era stata riscattata per opera dei successivi governi popolari di Nestor e di Cristina Kirchner.<\/p>\n<p>La scrittrice e giornalista investigativa argentina Stella Calloni sottolinea che il colpo di stato in corso in Argentina inizi\u00f2 il giorno stesso in cui \u00e8 salito al potere Macri, un uomo d&#8217;affari di estrema destra che dal 2007 (secondo WikiLeaks) ha offerto i suoi servizi all&#8217;ambasciata degli Stati Uniti a Buenos Aires. &#8220;L&#8217;offensiva golpista \u00e8 iniziata con i decreti che hanno instaurato istituzioni e misure assolutamente illegali, come la nomina per decreto di due giudici della Corte suprema. Tutte le misure economiche favoriscono i potenti e segnano un percorso di esclusione del popolo&#8221;, afferma la Calloni.<\/p>\n<p>Violando la costituzione e le leggi, e governando per decreti di necessit\u00e0 e urgenza (DNU) dal dicembre 2015, Macri ha iniziato un percorso che mira evidentemente a distruggere un lavoro che valse all&#8217;Argentina ammirazione e rispetto da tutto il mondo, e a consegnare il paese al potere egemonico globale, ai sinistri piani del Fondo monetario internazionale e di altre agenzie, banche e istituzioni straniere. &#8220;L&#8217;opposizione negativa al Congresso in Venezuela \u00e8 parte del colpo di stato che gli Stati Uniti e le loro marionette locali stanno compiendo contro quel paese&#8221;, dice la Calloni.<\/p>\n<p>Mentre gli Stati Uniti e la loro rete di soci e dipendenti locali sostengono i decretacci incostituzionali di Macri, tanto applauditi dal potere egemonico, in Venezuela il decreto di &#8220;emergenza economica&#8221;, firmato dal presidente Nicolas Maduro \u00e8 stato respinto dalla opposizione giudiziaria, con il compiacimento di quello stesso potere. Mai prima d&#8217;ora la destra \u00e8 stata pi\u00f9 disposta a violare la Costituzione e a chiamare alla rivolta, ha avvertito l&#8217;ex vice presidente e giornalista venezuelano Jose Vicente Rangel. &#8220;Raramente nel nostro paese era stato annunciato un colpo di stato in modo cos\u00ec chiaro e, allo stesso tempo, cos\u00ec sfuggente; l&#8217;opzione sarebbe l&#8217;impeachment, ma si allude solo di sfuggita a quella opzione che l&#8217;attuale costituzione prevede&#8221;.<\/p>\n<p>Secondo Rangel, l&#8217;opposizione naviga su due acque dicendo, da un lato, che in sei mesi Nicolas Maduro sar\u00e0 sloggiato dal Palazzo di Miraflores (sede del governo) con mezzi pacifici e costituzionali e, dall&#8217;altro, che non aspetterano la scadenza per scagliarsi contro il presidente.<\/p>\n<p>&#8220;la destra \u00e8 ringalluzzita per la vittoria elettorale dello scorso 6 dicembre. Ma ricorda ancora il fallito colpo di stato del 2002, un fallimento clamoroso che la costrinse a passare a mezzi pacifici per rovesciare il potere socialista, come apparentemente cerca di fare ora. &#8220;Ma non si possono fare impunemente n\u00e9 colpi morbidi, n\u00e9 mascherate carnevalesche usate per confondere, n\u00e9 golpe violenti&#8221;, conclude Jos\u00e9 Vicente Rangel.<\/p>\n<p>&nbsp;<\/p>\n<p>Traduzione dallo spagnolo di Leopoldo Salmaso.<br \/>\nL&#8217;originale di Manuel E. Yepe Men\u00e9ndez si trova <a href=\"https:\/\/manuelyepe.wordpress.com\/2016\/04\/19\/de-vuelta-el-golpismo-en-latinoamerica\/\">qui<\/a><\/p>\n<p>Manuel E. Yepe Men\u00e9ndez \u00e8 avvocato, economista e politologo. Lavora come Professore nell&#8217;Istituto Superiore di Relazioni Internazionali di La Avana. E&#8217; stato Ambasciatore di Cuba, Generale dell&#8217;Agenzia di Stampa latinoamericana Prensa Latina,\u00a0 Vicepresidente dell&#8217;Istituto Radiotelevisivo Cubano, Direttore fondatore del Sistema di Informazione Tecnologica (TIPS), del Programa delle Nazioni Unite per lo Sviluppo (PNUD) a Cuba e Segretario del Movimento Cubano por la Pace e la Sovranit\u00e0 dei Popoli.<\/p>\n","protected":false},"excerpt":{"rendered":"<p>Venezuela e Brasile sono lo scenario di un nuovo tipo di colpo di stato che farebbe arretrare l&#8217;agenda politica del continente ai suoi tempi peggiori. Intanto in Argentina avanza il brutale modello di demolizione della democrazia sostenuto dalla destra oligarchica&hellip;<\/p>\n","protected":false},"author":594,"featured_media":309352,"comment_status":"closed","ping_status":"closed","sticky":false,"template":"","format":"standard","meta":{"footnotes":""},"categories":[162,55,48],"tags":[],"class_list":["post-309324","post","type-post","status-publish","format-standard","has-post-thumbnail","hentry","category-opinioni","category-politica","category-sud-america"],"yoast_head":"<!-- This site is optimized with the Yoast SEO plugin v27.1.1 - https:\/\/yoast.com\/product\/yoast-seo-wordpress\/ -->\n<title>Torna il golpismo in America Latina<\/title>\n<meta name=\"description\" content=\"Venezuela e Brasile sono lo scenario di un nuovo tipo di colpo di stato che farebbe arretrare l&#039;agenda politica del continente ai suoi tempi peggiori.\" \/>\n<meta name=\"robots\" content=\"index, follow, max-snippet:-1, max-image-preview:large, max-video-preview:-1\" \/>\n<link rel=\"canonical\" href=\"https:\/\/www.pressenza.com\/it\/2016\/05\/torna-il-golpismo-america-latina\/\" \/>\n<meta property=\"og:locale\" content=\"it_IT\" \/>\n<meta property=\"og:type\" content=\"article\" \/>\n<meta property=\"og:title\" content=\"Torna il golpismo in America Latina\" \/>\n<meta property=\"og:description\" content=\"Venezuela e Brasile sono lo scenario di un nuovo tipo di colpo di stato che farebbe arretrare l&#039;agenda politica del continente ai suoi tempi peggiori.\" \/>\n<meta property=\"og:url\" content=\"https:\/\/www.pressenza.com\/it\/2016\/05\/torna-il-golpismo-america-latina\/\" \/>\n<meta property=\"og:site_name\" content=\"Pressenza\" \/>\n<meta property=\"article:publisher\" content=\"https:\/\/www.facebook.com\/PressenzaItalia\" \/>\n<meta property=\"article:author\" content=\"https:\/\/www.facebook.com\/PressenzaItalia\" \/>\n<meta property=\"article:published_time\" content=\"2016-05-01T10:58:24+00:00\" \/>\n<meta property=\"article:modified_time\" content=\"2016-05-01T11:05:43+00:00\" \/>\n<meta property=\"og:image\" content=\"https:\/\/www.pressenza.com\/wp-content\/uploads\/2016\/05\/Operazione-Condor.png\" \/>\n\t<meta property=\"og:image:width\" content=\"813\" \/>\n\t<meta property=\"og:image:height\" content=\"595\" \/>\n\t<meta property=\"og:image:type\" content=\"image\/png\" \/>\n<meta name=\"author\" content=\"Redazione Italia\" \/>\n<meta name=\"twitter:card\" content=\"summary_large_image\" \/>\n<meta name=\"twitter:creator\" content=\"@pressenza_it\" \/>\n<meta name=\"twitter:site\" content=\"@PressenzaIPA\" \/>\n<meta name=\"twitter:label1\" content=\"Scritto da\" \/>\n\t<meta name=\"twitter:data1\" content=\"Redazione Italia\" \/>\n\t<meta name=\"twitter:label2\" content=\"Tempo di lettura stimato\" \/>\n\t<meta name=\"twitter:data2\" content=\"4 minuti\" \/>\n<script type=\"application\/ld+json\" class=\"yoast-schema-graph\">{\"@context\":\"https:\/\/schema.org\",\"@graph\":[{\"@type\":\"Article\",\"@id\":\"https:\/\/www.pressenza.com\/it\/2016\/05\/torna-il-golpismo-america-latina\/#article\",\"isPartOf\":{\"@id\":\"https:\/\/www.pressenza.com\/it\/2016\/05\/torna-il-golpismo-america-latina\/\"},\"author\":{\"name\":\"Redazione Italia\",\"@id\":\"https:\/\/www.pressenza.com\/it\/#\/schema\/person\/d983e81827ae24f2c7b1a2123d197f8d\"},\"headline\":\"Torna il golpismo in America Latina\",\"datePublished\":\"2016-05-01T10:58:24+00:00\",\"dateModified\":\"2016-05-01T11:05:43+00:00\",\"mainEntityOfPage\":{\"@id\":\"https:\/\/www.pressenza.com\/it\/2016\/05\/torna-il-golpismo-america-latina\/\"},\"wordCount\":816,\"publisher\":{\"@id\":\"https:\/\/www.pressenza.com\/it\/#organization\"},\"image\":{\"@id\":\"https:\/\/www.pressenza.com\/it\/2016\/05\/torna-il-golpismo-america-latina\/#primaryimage\"},\"thumbnailUrl\":\"https:\/\/www.pressenza.com\/wp-content\/uploads\/2016\/05\/Operazione-Condor.png\",\"articleSection\":[\"Opinioni\",\"Politica\",\"Sud America\"],\"inLanguage\":\"it-IT\"},{\"@type\":\"WebPage\",\"@id\":\"https:\/\/www.pressenza.com\/it\/2016\/05\/torna-il-golpismo-america-latina\/\",\"url\":\"https:\/\/www.pressenza.com\/it\/2016\/05\/torna-il-golpismo-america-latina\/\",\"name\":\"Torna il golpismo in America Latina\",\"isPartOf\":{\"@id\":\"https:\/\/www.pressenza.com\/it\/#website\"},\"primaryImageOfPage\":{\"@id\":\"https:\/\/www.pressenza.com\/it\/2016\/05\/torna-il-golpismo-america-latina\/#primaryimage\"},\"image\":{\"@id\":\"https:\/\/www.pressenza.com\/it\/2016\/05\/torna-il-golpismo-america-latina\/#primaryimage\"},\"thumbnailUrl\":\"https:\/\/www.pressenza.com\/wp-content\/uploads\/2016\/05\/Operazione-Condor.png\",\"datePublished\":\"2016-05-01T10:58:24+00:00\",\"dateModified\":\"2016-05-01T11:05:43+00:00\",\"description\":\"Venezuela e Brasile sono lo scenario di un nuovo tipo di colpo di stato che farebbe arretrare l'agenda politica del continente ai suoi tempi peggiori.\",\"breadcrumb\":{\"@id\":\"https:\/\/www.pressenza.com\/it\/2016\/05\/torna-il-golpismo-america-latina\/#breadcrumb\"},\"inLanguage\":\"it-IT\",\"potentialAction\":[{\"@type\":\"ReadAction\",\"target\":[\"https:\/\/www.pressenza.com\/it\/2016\/05\/torna-il-golpismo-america-latina\/\"]}]},{\"@type\":\"ImageObject\",\"inLanguage\":\"it-IT\",\"@id\":\"https:\/\/www.pressenza.com\/it\/2016\/05\/torna-il-golpismo-america-latina\/#primaryimage\",\"url\":\"https:\/\/www.pressenza.com\/wp-content\/uploads\/2016\/05\/Operazione-Condor.png\",\"contentUrl\":\"https:\/\/www.pressenza.com\/wp-content\/uploads\/2016\/05\/Operazione-Condor.png\",\"width\":813,\"height\":595},{\"@type\":\"BreadcrumbList\",\"@id\":\"https:\/\/www.pressenza.com\/it\/2016\/05\/torna-il-golpismo-america-latina\/#breadcrumb\",\"itemListElement\":[{\"@type\":\"ListItem\",\"position\":1,\"name\":\"Accueil\",\"item\":\"https:\/\/www.pressenza.com\/it\/\"},{\"@type\":\"ListItem\",\"position\":2,\"name\":\"Torna il golpismo in America Latina\"}]},{\"@type\":\"WebSite\",\"@id\":\"https:\/\/www.pressenza.com\/it\/#website\",\"url\":\"https:\/\/www.pressenza.com\/it\/\",\"name\":\"Pressenza\",\"description\":\"Agenzia di Stampa Internazionale\",\"publisher\":{\"@id\":\"https:\/\/www.pressenza.com\/it\/#organization\"},\"potentialAction\":[{\"@type\":\"SearchAction\",\"target\":{\"@type\":\"EntryPoint\",\"urlTemplate\":\"https:\/\/www.pressenza.com\/it\/?s={search_term_string}\"},\"query-input\":{\"@type\":\"PropertyValueSpecification\",\"valueRequired\":true,\"valueName\":\"search_term_string\"}}],\"inLanguage\":\"it-IT\"},{\"@type\":\"Organization\",\"@id\":\"https:\/\/www.pressenza.com\/it\/#organization\",\"name\":\"Pressenza\",\"url\":\"https:\/\/www.pressenza.com\/it\/\",\"logo\":{\"@type\":\"ImageObject\",\"inLanguage\":\"it-IT\",\"@id\":\"https:\/\/www.pressenza.com\/it\/#\/schema\/logo\/image\/\",\"url\":\"https:\/\/www.pressenza.com\/wp-content\/uploads\/2022\/10\/pressenza_logo_200x200.jpg\",\"contentUrl\":\"https:\/\/www.pressenza.com\/wp-content\/uploads\/2022\/10\/pressenza_logo_200x200.jpg\",\"width\":200,\"height\":200,\"caption\":\"Pressenza\"},\"image\":{\"@id\":\"https:\/\/www.pressenza.com\/it\/#\/schema\/logo\/image\/\"},\"sameAs\":[\"https:\/\/www.facebook.com\/PressenzaItalia\",\"https:\/\/x.com\/PressenzaIPA\"]},{\"@type\":\"Person\",\"@id\":\"https:\/\/www.pressenza.com\/it\/#\/schema\/person\/d983e81827ae24f2c7b1a2123d197f8d\",\"name\":\"Redazione Italia\",\"description\":\"News from the Pressenza Bureau in Italy\",\"sameAs\":[\"https:\/\/www.pressenza.com\/it\/author\/redazione-italia\/\",\"https:\/\/www.facebook.com\/PressenzaItalia\",\"https:\/\/www.instagram.com\/pressenza_italia\/\",\"https:\/\/x.com\/pressenza_it\",\"https:\/\/www.youtube.com\/channel\/UCSalEIWjE1RSxkwjfftFuqg\"],\"url\":\"https:\/\/www.pressenza.com\/it\/author\/redazione-italia\/\"}]}<\/script>\n<!-- \/ Yoast SEO plugin. -->","yoast_head_json":{"title":"Torna il golpismo in America Latina","description":"Venezuela e Brasile sono lo scenario di un nuovo tipo di colpo di stato che farebbe arretrare l'agenda politica del continente ai suoi tempi peggiori.","robots":{"index":"index","follow":"follow","max-snippet":"max-snippet:-1","max-image-preview":"max-image-preview:large","max-video-preview":"max-video-preview:-1"},"canonical":"https:\/\/www.pressenza.com\/it\/2016\/05\/torna-il-golpismo-america-latina\/","og_locale":"it_IT","og_type":"article","og_title":"Torna il golpismo in America Latina","og_description":"Venezuela e Brasile sono lo scenario di un nuovo tipo di colpo di stato che farebbe arretrare l'agenda politica del continente ai suoi tempi peggiori.","og_url":"https:\/\/www.pressenza.com\/it\/2016\/05\/torna-il-golpismo-america-latina\/","og_site_name":"Pressenza","article_publisher":"https:\/\/www.facebook.com\/PressenzaItalia","article_author":"https:\/\/www.facebook.com\/PressenzaItalia","article_published_time":"2016-05-01T10:58:24+00:00","article_modified_time":"2016-05-01T11:05:43+00:00","og_image":[{"width":813,"height":595,"url":"https:\/\/www.pressenza.com\/wp-content\/uploads\/2016\/05\/Operazione-Condor.png","type":"image\/png"}],"author":"Redazione Italia","twitter_card":"summary_large_image","twitter_creator":"@pressenza_it","twitter_site":"@PressenzaIPA","twitter_misc":{"Scritto da":"Redazione Italia","Tempo di lettura stimato":"4 minuti"},"schema":{"@context":"https:\/\/schema.org","@graph":[{"@type":"Article","@id":"https:\/\/www.pressenza.com\/it\/2016\/05\/torna-il-golpismo-america-latina\/#article","isPartOf":{"@id":"https:\/\/www.pressenza.com\/it\/2016\/05\/torna-il-golpismo-america-latina\/"},"author":{"name":"Redazione Italia","@id":"https:\/\/www.pressenza.com\/it\/#\/schema\/person\/d983e81827ae24f2c7b1a2123d197f8d"},"headline":"Torna il golpismo in America Latina","datePublished":"2016-05-01T10:58:24+00:00","dateModified":"2016-05-01T11:05:43+00:00","mainEntityOfPage":{"@id":"https:\/\/www.pressenza.com\/it\/2016\/05\/torna-il-golpismo-america-latina\/"},"wordCount":816,"publisher":{"@id":"https:\/\/www.pressenza.com\/it\/#organization"},"image":{"@id":"https:\/\/www.pressenza.com\/it\/2016\/05\/torna-il-golpismo-america-latina\/#primaryimage"},"thumbnailUrl":"https:\/\/www.pressenza.com\/wp-content\/uploads\/2016\/05\/Operazione-Condor.png","articleSection":["Opinioni","Politica","Sud America"],"inLanguage":"it-IT"},{"@type":"WebPage","@id":"https:\/\/www.pressenza.com\/it\/2016\/05\/torna-il-golpismo-america-latina\/","url":"https:\/\/www.pressenza.com\/it\/2016\/05\/torna-il-golpismo-america-latina\/","name":"Torna il golpismo in America Latina","isPartOf":{"@id":"https:\/\/www.pressenza.com\/it\/#website"},"primaryImageOfPage":{"@id":"https:\/\/www.pressenza.com\/it\/2016\/05\/torna-il-golpismo-america-latina\/#primaryimage"},"image":{"@id":"https:\/\/www.pressenza.com\/it\/2016\/05\/torna-il-golpismo-america-latina\/#primaryimage"},"thumbnailUrl":"https:\/\/www.pressenza.com\/wp-content\/uploads\/2016\/05\/Operazione-Condor.png","datePublished":"2016-05-01T10:58:24+00:00","dateModified":"2016-05-01T11:05:43+00:00","description":"Venezuela e Brasile sono lo scenario di un nuovo tipo di colpo di stato che farebbe arretrare l'agenda politica del continente ai suoi tempi peggiori.","breadcrumb":{"@id":"https:\/\/www.pressenza.com\/it\/2016\/05\/torna-il-golpismo-america-latina\/#breadcrumb"},"inLanguage":"it-IT","potentialAction":[{"@type":"ReadAction","target":["https:\/\/www.pressenza.com\/it\/2016\/05\/torna-il-golpismo-america-latina\/"]}]},{"@type":"ImageObject","inLanguage":"it-IT","@id":"https:\/\/www.pressenza.com\/it\/2016\/05\/torna-il-golpismo-america-latina\/#primaryimage","url":"https:\/\/www.pressenza.com\/wp-content\/uploads\/2016\/05\/Operazione-Condor.png","contentUrl":"https:\/\/www.pressenza.com\/wp-content\/uploads\/2016\/05\/Operazione-Condor.png","width":813,"height":595},{"@type":"BreadcrumbList","@id":"https:\/\/www.pressenza.com\/it\/2016\/05\/torna-il-golpismo-america-latina\/#breadcrumb","itemListElement":[{"@type":"ListItem","position":1,"name":"Accueil","item":"https:\/\/www.pressenza.com\/it\/"},{"@type":"ListItem","position":2,"name":"Torna il golpismo in America Latina"}]},{"@type":"WebSite","@id":"https:\/\/www.pressenza.com\/it\/#website","url":"https:\/\/www.pressenza.com\/it\/","name":"Pressenza","description":"Agenzia di Stampa Internazionale","publisher":{"@id":"https:\/\/www.pressenza.com\/it\/#organization"},"potentialAction":[{"@type":"SearchAction","target":{"@type":"EntryPoint","urlTemplate":"https:\/\/www.pressenza.com\/it\/?s={search_term_string}"},"query-input":{"@type":"PropertyValueSpecification","valueRequired":true,"valueName":"search_term_string"}}],"inLanguage":"it-IT"},{"@type":"Organization","@id":"https:\/\/www.pressenza.com\/it\/#organization","name":"Pressenza","url":"https:\/\/www.pressenza.com\/it\/","logo":{"@type":"ImageObject","inLanguage":"it-IT","@id":"https:\/\/www.pressenza.com\/it\/#\/schema\/logo\/image\/","url":"https:\/\/www.pressenza.com\/wp-content\/uploads\/2022\/10\/pressenza_logo_200x200.jpg","contentUrl":"https:\/\/www.pressenza.com\/wp-content\/uploads\/2022\/10\/pressenza_logo_200x200.jpg","width":200,"height":200,"caption":"Pressenza"},"image":{"@id":"https:\/\/www.pressenza.com\/it\/#\/schema\/logo\/image\/"},"sameAs":["https:\/\/www.facebook.com\/PressenzaItalia","https:\/\/x.com\/PressenzaIPA"]},{"@type":"Person","@id":"https:\/\/www.pressenza.com\/it\/#\/schema\/person\/d983e81827ae24f2c7b1a2123d197f8d","name":"Redazione Italia","description":"News from the Pressenza Bureau in Italy","sameAs":["https:\/\/www.pressenza.com\/it\/author\/redazione-italia\/","https:\/\/www.facebook.com\/PressenzaItalia","https:\/\/www.instagram.com\/pressenza_italia\/","https:\/\/x.com\/pressenza_it","https:\/\/www.youtube.com\/channel\/UCSalEIWjE1RSxkwjfftFuqg"],"url":"https:\/\/www.pressenza.com\/it\/author\/redazione-italia\/"}]}},"place":"","original_article_url":"","_links":{"self":[{"href":"https:\/\/www.pressenza.com\/it\/wp-json\/wp\/v2\/posts\/309324","targetHints":{"allow":["GET"]}}],"collection":[{"href":"https:\/\/www.pressenza.com\/it\/wp-json\/wp\/v2\/posts"}],"about":[{"href":"https:\/\/www.pressenza.com\/it\/wp-json\/wp\/v2\/types\/post"}],"author":[{"embeddable":true,"href":"https:\/\/www.pressenza.com\/it\/wp-json\/wp\/v2\/users\/594"}],"replies":[{"embeddable":true,"href":"https:\/\/www.pressenza.com\/it\/wp-json\/wp\/v2\/comments?post=309324"}],"version-history":[{"count":0,"href":"https:\/\/www.pressenza.com\/it\/wp-json\/wp\/v2\/posts\/309324\/revisions"}],"wp:featuredmedia":[{"embeddable":true,"href":"https:\/\/www.pressenza.com\/it\/wp-json\/wp\/v2\/media\/309352"}],"wp:attachment":[{"href":"https:\/\/www.pressenza.com\/it\/wp-json\/wp\/v2\/media?parent=309324"}],"wp:term":[{"taxonomy":"category","embeddable":true,"href":"https:\/\/www.pressenza.com\/it\/wp-json\/wp\/v2\/categories?post=309324"},{"taxonomy":"post_tag","embeddable":true,"href":"https:\/\/www.pressenza.com\/it\/wp-json\/wp\/v2\/tags?post=309324"}],"curies":[{"name":"wp","href":"https:\/\/api.w.org\/{rel}","templated":true}]}}