{"id":307375,"date":"2016-04-26T17:40:51","date_gmt":"2016-04-26T16:40:51","guid":{"rendered":"http:\/\/www.pressenza.com\/it\/?p=307375"},"modified":"2016-04-26T18:54:00","modified_gmt":"2016-04-26T17:54:00","slug":"rispetto-un-diritto-tutti-convegno-sulla-biodanza","status":"publish","type":"post","link":"https:\/\/www.pressenza.com\/it\/2016\/04\/rispetto-un-diritto-tutti-convegno-sulla-biodanza\/","title":{"rendered":"Il rispetto \u00e8 un diritto di tutti, convegno sulla Biodanza"},"content":{"rendered":"<p><strong>Gioved\u00ec 28 aprile 2016 &#8211; Ore 14.30-19.00<\/strong><\/p>\n<p><strong>Casa dei Diritti &#8211; Via De Amicis, 10 &#8211; Milano<\/strong><\/p>\n<p>L&#8217;evento \u00e8 organizzato\u00a0da\u00a0AIPOB\u00a0e\u00a0Scuolatoro\u00a0(Milano)\u00a0assieme alla\u00a0Casa dei Diritti, per riflettere e divulgare \u00a0le applicazioni del Sistema Biodanza\u00a0nelle istituzioni e nelle comunit\u00e0.<\/p>\n<p>Basandosi su una pratica di gruppo, il sistema Biodanza si \u00e8 rivelato particolarmente efficace nel contribuire al benessere delle comunit\u00e0 \u00a0Cos\u00ec nel convegno verranno descritti le origini, gli obiettivi e i risultati raggiunti dalla Biodanza applicata a bambini, adolescenti e anziani. Si parler\u00e0 anche della Biodanza come formazione per gruppi lavorativi come gli assistenti sociali e della Biodanza clinica con i gruppi con disagio psichico, i disabili e le comunit\u00e0 con tossicodipendenze.<\/p>\n<p>Scuolatoro e Aipob hanno lo scopo di diffondere e conservare il metodo originario del creatore di Biodanza Prof. Rolando Toro\u00a0Araneda, poeta, psicologo e antropologo cileno. \u00a0Molto conosciuta in Sudamerica, la Biodanza \u00e8 giunta in Europa nell\u2019 89 ed ora si sta diffondendo in molte parti del mondo.<\/p>\n<p>All&#8217;interno della giornata sar\u00e0 presente anche un intervento sulla relazione tra la biodanza e la nonviolenza: ne parler\u00e0 Annabella Coiro del Centro di Nonviolenza Attiva, che sta progettando una pratica educativa per applicare la nonviolenza nelle scuole, in particolare nel progetto di &#8220;Educazione alla nonviolenza a Milano&#8221; e nel tavolo di lavoro che il Centro ha avviato insieme ad altre associazioni e istituti scolastici con l&#8217;Assessorato all&#8217;Educazione e Istruzione e all&#8217;Ufficio Scolastico di Milano.<\/p>\n<p>La partecipazione \u00e8 gratuita. Per info o prenotazione obbligatoria: <a href=\"mailto:carla.toffanello@gmail.com\">carla.toffanello@gmail.com<\/a>, \u00a0oppure cell. 328 686 0425.<\/p>\n<p><strong>LA BIODANZA IN BREVE<\/strong><\/p>\n<p>Attraverso i suoi strumenti specifici di musiche, movimenti e incontri la Biodanza stimola l\u2019esperienza di sentirsi vivi, percepire meglio l\u2019ambiente e la natura di cui facciamo parte e sviluppare le regole interne per rispettarli.<\/p>\n<p>E\u2019 un sistema di integrazione umana che agisce sul piano della rieducazione alla vita e all&#8217;affettivit\u00e0 e insegna a relazionarsi positivamente con gli altri e a esprimersi nel rispetto reciproco.\u00a0 Offre la possibilit\u00e0 di imparare a raggiungere un equilibrio tra esperienze di forte vitalit\u00e0 e riposo, diminuendo lo stress.<\/p>\n<p>La biodanza educa alla socialit\u00e0 e lavora sul miglioramento dei nostri potenziali.\u00a0 Ha come obiettivo lo sviluppo di regole interne e l\u2019integrazione dei potenziali umani nel campo dell\u2019affettivit\u00e0 e della creativit\u00e0.<\/p>\n<p><strong>PROGRAMMA<\/strong><\/p>\n<p><strong>IL RISPETTO E\u2019 UN DIRITTO DI TUTTI<\/strong><\/p>\n<p>Biodanza: una pedagogia sociale per riscattare il bello della vita<\/p>\n<p>Per riflettere sul Sistema Biodanza e le sue diverse applicazioni in ambito istituzionale e nelle comunit\u00e0<\/p>\n<p>Ore 14.30: Registrazione partecipanti.<\/p>\n<p>Benvenuto a cura di Anita Sonego, Presidente della Commissione Pari Opportunit\u00e0, vice Presidente della Commissione Cultura del Comune di Milano.<\/p>\n<p>Moderatore: Salvatore Mirante, Dirigente di Supporto Direzione Politiche Sociali e Cultura della Salute, Comune di Milano.<\/p>\n<p>Ore 15.30: Rodrigo Toro, Professore della Facolt\u00e0 di Architettura dell\u2019Universit\u00e0 del Cile: \u201cPrime esperienze di Educazione Biocentrica nella Scuola Primaria realizzate dal Prof. Rolando Toro Araneda, ideatore della Biodanza\u201d.<\/p>\n<p>Disagio e benessere<\/p>\n<p>Eliane Matuk, direttrice della Scuola di formazione per operatori di Biodanza di Milano: \u201cBiodanza e recupero da dipendenze &#8211; Esperienza pluriennale di applicazione della Biodanza presso la comunit\u00e0 psicoergoterapica femminile Arca La Costa (provincia di Como)\u201d.<\/p>\n<p>Simona Torresin, psicologa, direttrice della comunit\u00e0 psicoergoterapica femminile Arca La Costa (provincia di Como): \u201cEffetti dell\u2019applicazione di Biodanza presso la comunit\u00e0 Arca La Costa\u201d.<\/p>\n<p>Marcelo Mur, psicologo e direttore della Scuola di formazione per operatori di Biodanza della Liguria: \u201cEsperienze di Biodanza con persone diversamente abili e con disagio psichico\u201d.<\/p>\n<p>Salvatore Mirante, Dirigente del Comune di Milano e operatore di Biodanza e Carla Toffanello, educatrice, operatrice di Biodanza: \u201cLavorare nel flusso\u201d, esperienza di Biodanza con le Assistenti Sociali. Con la partecipazione di Marilena Dorigo, funzionaria dei Servizi Socio-assistenziali, Assistente Sociale Specialista e della Dott.ssa Marilena Garavaglia, responsabile del Servizio Sociale Professionale Territoriale zona 3.<\/p>\n<p>Marilena Boffo, insegnante CPIA e coordinatrice Progetti Biodanza e disabilit\u00e0: \u201cLa gioia dell\u2019incontro \u2013 Esperienze di Biodanza con Diversamente Abili a Settimo Torinese\u201d.<\/p>\n<p>Antonella Bandini, operatrice di Biodanza: Biodanza nell\u2019ambito dei pomeriggi dell\u2019Alzheimer caff\u00e8.<\/p>\n<p>Pamela Spataro, operatrice di Biodanza: \u201dGli invisibili: siamo tutti NO Tavor\u201d, con la partecipazione del Dott. Francesco Comelli, psichiatra e Virginio De Mario, Presidente Associazione Jonathan.<\/p>\n<p>Elisa Canti, direttrice della Scuola di formazione per operatori di Biodanza di Tenerife.<\/p>\n<p>Esperienza pluriennale di applicazione della Biodanza presso il Centro Diurno Anziani del Comune di Dalmine (BG). Con la partecipazione di Giuseppe Pieroncini, Amministratore del Centro Diurno Anziani.<\/p>\n<p>Biodanza nelle Scuole<\/p>\n<ul>\n<li>Donatella Panni, operatrice di Biodanza: \u201cIl Centro di Educazione Biocentrica per la diffusione di una nuova pedagogia nelle scuole\u201d.<\/li>\n<li>Francesca Perreca, operatrice di Biodanza: \u201cEsperienza quadriennale di Biodanza nella Scuola Primaria\u201d.<\/li>\n<li>Mariateresa Oldani con Francesca Iovino, operatrici di Biodanza, Laboratori di &#8220;Reciprocit\u00e0 e creativit\u00e0\u201d, \u201dLa Biodanza nell&#8217;educazione alla nonviolenza per le scuole superiori\u201d.<\/li>\n<li>Annabella Coiro, referente progetti di educazione del\u00a0Centro di Nonviolenza Attiva: \u201cProgettare l&#8217;Educazione alla Nonviolenza a Milano\u201d.<\/li>\n<li>Mariella Bellanova, operatrice di Biodanza, Esperienza pluriennale nelle scuole dell\u2019Hinterland Milanese. \u201cIl Sistema Biodanza e la cultura biocentrica: la pi\u00f9 urgente missione del nostro tempo&#8221;.<\/li>\n<\/ul>\n<p>Realizzazione di progetti a cura di: Angela Intini, Anna Valentino, Antonella Bandini, Carla Toffanello, Coral Carte, Donatella Panni, Elisa Canti, Francesca Iovino, Francesca Perreca, Ivano Castegnaro, Katiuscia Faverio, Luigi Radogna, Mariella Bellanova, Miriam Gombri, Monica Tironi, Nevina Denegri, Pamela Spataro, Roberto Mandr\u00e0, Silvia Pattono, Silvia Maddalena, Tiziana Brambilla.<\/p>\n<p>Break<\/p>\n<p>Ore 18.00: Lezione del Prof. Salvatore Natoli: \u201dLa bellezza e il bene\u201d.<\/p>\n<p>Conclusioni di Eugenio Pintore, Presidente Associazione AIPOB.<\/p>\n<p>Iter formativo per diventare Operatore di Biodanza (a cura di Eliane Matuk e collaboratori).<\/p>\n<p>Per sito Scuolatoro <a href=\"http:\/\/www.scuolatoro.com\">www.scuolatoro.com<\/a><\/p>\n<p>Per info stampa Mariateresa Oldani, mail: \u00a0<a href=\"mailto:mariteoldani@gmail.com\">mariteoldani@gmail.com<\/a><\/p>\n<p>cell . 328 686 0425<\/p>\n","protected":false},"excerpt":{"rendered":"<p>Gioved\u00ec 28 aprile 2016 &#8211; Ore 14.30-19.00 Casa dei Diritti &#8211; Via De Amicis, 10 &#8211; Milano L&#8217;evento \u00e8 organizzato\u00a0da\u00a0AIPOB\u00a0e\u00a0Scuolatoro\u00a0(Milano)\u00a0assieme alla\u00a0Casa dei Diritti, per riflettere e divulgare \u00a0le applicazioni del Sistema Biodanza\u00a0nelle istituzioni e nelle comunit\u00e0. Basandosi su una pratica&hellip;<\/p>\n","protected":false},"author":594,"featured_media":307376,"comment_status":"closed","ping_status":"closed","sticky":false,"template":"","format":"standard","meta":{"footnotes":""},"categories":[150,1258,47,1262],"tags":[26460,460,2115],"class_list":["post-307375","post","type-post","status-publish","format-standard","has-post-thumbnail","hentry","category-comunicati-stampa","category-educazione","category-europa","category-nonviolenza-argomento","tag-biodanza","tag-nonviolenza","tag-pedagogia"],"yoast_head":"<!-- This site is optimized with the Yoast SEO plugin v27.1.1 - https:\/\/yoast.com\/product\/yoast-seo-wordpress\/ -->\n<title>Il rispetto \u00e8 un diritto di tutti, convegno sulla Biodanza<\/title>\n<meta name=\"description\" content=\"Gioved\u00ec 28 aprile 2016 - Ore 14.30-19.00 Casa dei Diritti - Via De Amicis, 10 - Milano L&#039;evento \u00e8 organizzato\u00a0da\u00a0AIPOB\u00a0e\u00a0Scuolatoro\u00a0(Milano)\u00a0assieme\" \/>\n<meta name=\"robots\" content=\"index, follow, max-snippet:-1, max-image-preview:large, max-video-preview:-1\" \/>\n<link rel=\"canonical\" href=\"https:\/\/www.pressenza.com\/it\/2016\/04\/rispetto-un-diritto-tutti-convegno-sulla-biodanza\/\" \/>\n<meta property=\"og:locale\" content=\"it_IT\" \/>\n<meta property=\"og:type\" content=\"article\" \/>\n<meta property=\"og:title\" content=\"Il rispetto \u00e8 un diritto di tutti, convegno sulla Biodanza\" \/>\n<meta property=\"og:description\" content=\"Gioved\u00ec 28 aprile 2016 - Ore 14.30-19.00 Casa dei Diritti - Via De Amicis, 10 - Milano L&#039;evento \u00e8 organizzato\u00a0da\u00a0AIPOB\u00a0e\u00a0Scuolatoro\u00a0(Milano)\u00a0assieme\" \/>\n<meta property=\"og:url\" content=\"https:\/\/www.pressenza.com\/it\/2016\/04\/rispetto-un-diritto-tutti-convegno-sulla-biodanza\/\" \/>\n<meta property=\"og:site_name\" content=\"Pressenza\" \/>\n<meta property=\"article:publisher\" content=\"https:\/\/www.facebook.com\/PressenzaItalia\" \/>\n<meta property=\"article:author\" content=\"https:\/\/www.facebook.com\/PressenzaItalia\" \/>\n<meta property=\"article:published_time\" content=\"2016-04-26T16:40:51+00:00\" \/>\n<meta property=\"article:modified_time\" content=\"2016-04-26T17:54:00+00:00\" \/>\n<meta property=\"og:image\" content=\"https:\/\/www.pressenza.com\/wp-content\/uploads\/2016\/04\/Biodanza-lab-benessere-non-violenza-.jpeg\" \/>\n\t<meta property=\"og:image:width\" content=\"1221\" \/>\n\t<meta property=\"og:image:height\" content=\"812\" \/>\n\t<meta property=\"og:image:type\" content=\"image\/jpeg\" \/>\n<meta name=\"author\" content=\"Redazione Italia\" \/>\n<meta name=\"twitter:card\" content=\"summary_large_image\" \/>\n<meta name=\"twitter:creator\" content=\"@pressenza_it\" \/>\n<meta name=\"twitter:site\" content=\"@PressenzaIPA\" \/>\n<meta name=\"twitter:label1\" content=\"Scritto da\" \/>\n\t<meta name=\"twitter:data1\" content=\"Redazione Italia\" \/>\n\t<meta name=\"twitter:label2\" content=\"Tempo di lettura stimato\" \/>\n\t<meta name=\"twitter:data2\" content=\"5 minuti\" \/>\n<script type=\"application\/ld+json\" class=\"yoast-schema-graph\">{\"@context\":\"https:\/\/schema.org\",\"@graph\":[{\"@type\":\"Article\",\"@id\":\"https:\/\/www.pressenza.com\/it\/2016\/04\/rispetto-un-diritto-tutti-convegno-sulla-biodanza\/#article\",\"isPartOf\":{\"@id\":\"https:\/\/www.pressenza.com\/it\/2016\/04\/rispetto-un-diritto-tutti-convegno-sulla-biodanza\/\"},\"author\":{\"name\":\"Redazione Italia\",\"@id\":\"https:\/\/www.pressenza.com\/it\/#\/schema\/person\/d983e81827ae24f2c7b1a2123d197f8d\"},\"headline\":\"Il rispetto \u00e8 un diritto di tutti, convegno sulla Biodanza\",\"datePublished\":\"2016-04-26T16:40:51+00:00\",\"dateModified\":\"2016-04-26T17:54:00+00:00\",\"mainEntityOfPage\":{\"@id\":\"https:\/\/www.pressenza.com\/it\/2016\/04\/rispetto-un-diritto-tutti-convegno-sulla-biodanza\/\"},\"wordCount\":928,\"publisher\":{\"@id\":\"https:\/\/www.pressenza.com\/it\/#organization\"},\"image\":{\"@id\":\"https:\/\/www.pressenza.com\/it\/2016\/04\/rispetto-un-diritto-tutti-convegno-sulla-biodanza\/#primaryimage\"},\"thumbnailUrl\":\"https:\/\/www.pressenza.com\/wp-content\/uploads\/2016\/04\/Biodanza-lab-benessere-non-violenza-.jpeg\",\"keywords\":[\"biodanza\",\"nonviolenza\",\"pedagogia\"],\"articleSection\":[\"Comunicati Stampa\",\"Educazione\",\"Europa\",\"Nonviolenza\"],\"inLanguage\":\"it-IT\"},{\"@type\":\"WebPage\",\"@id\":\"https:\/\/www.pressenza.com\/it\/2016\/04\/rispetto-un-diritto-tutti-convegno-sulla-biodanza\/\",\"url\":\"https:\/\/www.pressenza.com\/it\/2016\/04\/rispetto-un-diritto-tutti-convegno-sulla-biodanza\/\",\"name\":\"Il rispetto \u00e8 un diritto di tutti, convegno sulla Biodanza\",\"isPartOf\":{\"@id\":\"https:\/\/www.pressenza.com\/it\/#website\"},\"primaryImageOfPage\":{\"@id\":\"https:\/\/www.pressenza.com\/it\/2016\/04\/rispetto-un-diritto-tutti-convegno-sulla-biodanza\/#primaryimage\"},\"image\":{\"@id\":\"https:\/\/www.pressenza.com\/it\/2016\/04\/rispetto-un-diritto-tutti-convegno-sulla-biodanza\/#primaryimage\"},\"thumbnailUrl\":\"https:\/\/www.pressenza.com\/wp-content\/uploads\/2016\/04\/Biodanza-lab-benessere-non-violenza-.jpeg\",\"datePublished\":\"2016-04-26T16:40:51+00:00\",\"dateModified\":\"2016-04-26T17:54:00+00:00\",\"description\":\"Gioved\u00ec 28 aprile 2016 - Ore 14.30-19.00 Casa dei Diritti - Via De Amicis, 10 - Milano L'evento \u00e8 organizzato\u00a0da\u00a0AIPOB\u00a0e\u00a0Scuolatoro\u00a0(Milano)\u00a0assieme\",\"breadcrumb\":{\"@id\":\"https:\/\/www.pressenza.com\/it\/2016\/04\/rispetto-un-diritto-tutti-convegno-sulla-biodanza\/#breadcrumb\"},\"inLanguage\":\"it-IT\",\"potentialAction\":[{\"@type\":\"ReadAction\",\"target\":[\"https:\/\/www.pressenza.com\/it\/2016\/04\/rispetto-un-diritto-tutti-convegno-sulla-biodanza\/\"]}]},{\"@type\":\"ImageObject\",\"inLanguage\":\"it-IT\",\"@id\":\"https:\/\/www.pressenza.com\/it\/2016\/04\/rispetto-un-diritto-tutti-convegno-sulla-biodanza\/#primaryimage\",\"url\":\"https:\/\/www.pressenza.com\/wp-content\/uploads\/2016\/04\/Biodanza-lab-benessere-non-violenza-.jpeg\",\"contentUrl\":\"https:\/\/www.pressenza.com\/wp-content\/uploads\/2016\/04\/Biodanza-lab-benessere-non-violenza-.jpeg\",\"width\":1221,\"height\":812},{\"@type\":\"BreadcrumbList\",\"@id\":\"https:\/\/www.pressenza.com\/it\/2016\/04\/rispetto-un-diritto-tutti-convegno-sulla-biodanza\/#breadcrumb\",\"itemListElement\":[{\"@type\":\"ListItem\",\"position\":1,\"name\":\"Accueil\",\"item\":\"https:\/\/www.pressenza.com\/it\/\"},{\"@type\":\"ListItem\",\"position\":2,\"name\":\"Il rispetto \u00e8 un diritto di tutti, convegno sulla Biodanza\"}]},{\"@type\":\"WebSite\",\"@id\":\"https:\/\/www.pressenza.com\/it\/#website\",\"url\":\"https:\/\/www.pressenza.com\/it\/\",\"name\":\"Pressenza\",\"description\":\"Agenzia di Stampa Internazionale\",\"publisher\":{\"@id\":\"https:\/\/www.pressenza.com\/it\/#organization\"},\"potentialAction\":[{\"@type\":\"SearchAction\",\"target\":{\"@type\":\"EntryPoint\",\"urlTemplate\":\"https:\/\/www.pressenza.com\/it\/?s={search_term_string}\"},\"query-input\":{\"@type\":\"PropertyValueSpecification\",\"valueRequired\":true,\"valueName\":\"search_term_string\"}}],\"inLanguage\":\"it-IT\"},{\"@type\":\"Organization\",\"@id\":\"https:\/\/www.pressenza.com\/it\/#organization\",\"name\":\"Pressenza\",\"url\":\"https:\/\/www.pressenza.com\/it\/\",\"logo\":{\"@type\":\"ImageObject\",\"inLanguage\":\"it-IT\",\"@id\":\"https:\/\/www.pressenza.com\/it\/#\/schema\/logo\/image\/\",\"url\":\"https:\/\/www.pressenza.com\/wp-content\/uploads\/2022\/10\/pressenza_logo_200x200.jpg\",\"contentUrl\":\"https:\/\/www.pressenza.com\/wp-content\/uploads\/2022\/10\/pressenza_logo_200x200.jpg\",\"width\":200,\"height\":200,\"caption\":\"Pressenza\"},\"image\":{\"@id\":\"https:\/\/www.pressenza.com\/it\/#\/schema\/logo\/image\/\"},\"sameAs\":[\"https:\/\/www.facebook.com\/PressenzaItalia\",\"https:\/\/x.com\/PressenzaIPA\"]},{\"@type\":\"Person\",\"@id\":\"https:\/\/www.pressenza.com\/it\/#\/schema\/person\/d983e81827ae24f2c7b1a2123d197f8d\",\"name\":\"Redazione Italia\",\"description\":\"News from the Pressenza Bureau in Italy\",\"sameAs\":[\"https:\/\/www.pressenza.com\/it\/author\/redazione-italia\/\",\"https:\/\/www.facebook.com\/PressenzaItalia\",\"https:\/\/www.instagram.com\/pressenza_italia\/\",\"https:\/\/x.com\/pressenza_it\",\"https:\/\/www.youtube.com\/channel\/UCSalEIWjE1RSxkwjfftFuqg\"],\"url\":\"https:\/\/www.pressenza.com\/it\/author\/redazione-italia\/\"}]}<\/script>\n<!-- \/ Yoast SEO plugin. -->","yoast_head_json":{"title":"Il rispetto \u00e8 un diritto di tutti, convegno sulla Biodanza","description":"Gioved\u00ec 28 aprile 2016 - Ore 14.30-19.00 Casa dei Diritti - Via De Amicis, 10 - Milano L'evento \u00e8 organizzato\u00a0da\u00a0AIPOB\u00a0e\u00a0Scuolatoro\u00a0(Milano)\u00a0assieme","robots":{"index":"index","follow":"follow","max-snippet":"max-snippet:-1","max-image-preview":"max-image-preview:large","max-video-preview":"max-video-preview:-1"},"canonical":"https:\/\/www.pressenza.com\/it\/2016\/04\/rispetto-un-diritto-tutti-convegno-sulla-biodanza\/","og_locale":"it_IT","og_type":"article","og_title":"Il rispetto \u00e8 un diritto di tutti, convegno sulla Biodanza","og_description":"Gioved\u00ec 28 aprile 2016 - Ore 14.30-19.00 Casa dei Diritti - Via De Amicis, 10 - Milano L'evento \u00e8 organizzato\u00a0da\u00a0AIPOB\u00a0e\u00a0Scuolatoro\u00a0(Milano)\u00a0assieme","og_url":"https:\/\/www.pressenza.com\/it\/2016\/04\/rispetto-un-diritto-tutti-convegno-sulla-biodanza\/","og_site_name":"Pressenza","article_publisher":"https:\/\/www.facebook.com\/PressenzaItalia","article_author":"https:\/\/www.facebook.com\/PressenzaItalia","article_published_time":"2016-04-26T16:40:51+00:00","article_modified_time":"2016-04-26T17:54:00+00:00","og_image":[{"width":1221,"height":812,"url":"https:\/\/www.pressenza.com\/wp-content\/uploads\/2016\/04\/Biodanza-lab-benessere-non-violenza-.jpeg","type":"image\/jpeg"}],"author":"Redazione Italia","twitter_card":"summary_large_image","twitter_creator":"@pressenza_it","twitter_site":"@PressenzaIPA","twitter_misc":{"Scritto da":"Redazione Italia","Tempo di lettura stimato":"5 minuti"},"schema":{"@context":"https:\/\/schema.org","@graph":[{"@type":"Article","@id":"https:\/\/www.pressenza.com\/it\/2016\/04\/rispetto-un-diritto-tutti-convegno-sulla-biodanza\/#article","isPartOf":{"@id":"https:\/\/www.pressenza.com\/it\/2016\/04\/rispetto-un-diritto-tutti-convegno-sulla-biodanza\/"},"author":{"name":"Redazione Italia","@id":"https:\/\/www.pressenza.com\/it\/#\/schema\/person\/d983e81827ae24f2c7b1a2123d197f8d"},"headline":"Il rispetto \u00e8 un diritto di tutti, convegno sulla Biodanza","datePublished":"2016-04-26T16:40:51+00:00","dateModified":"2016-04-26T17:54:00+00:00","mainEntityOfPage":{"@id":"https:\/\/www.pressenza.com\/it\/2016\/04\/rispetto-un-diritto-tutti-convegno-sulla-biodanza\/"},"wordCount":928,"publisher":{"@id":"https:\/\/www.pressenza.com\/it\/#organization"},"image":{"@id":"https:\/\/www.pressenza.com\/it\/2016\/04\/rispetto-un-diritto-tutti-convegno-sulla-biodanza\/#primaryimage"},"thumbnailUrl":"https:\/\/www.pressenza.com\/wp-content\/uploads\/2016\/04\/Biodanza-lab-benessere-non-violenza-.jpeg","keywords":["biodanza","nonviolenza","pedagogia"],"articleSection":["Comunicati Stampa","Educazione","Europa","Nonviolenza"],"inLanguage":"it-IT"},{"@type":"WebPage","@id":"https:\/\/www.pressenza.com\/it\/2016\/04\/rispetto-un-diritto-tutti-convegno-sulla-biodanza\/","url":"https:\/\/www.pressenza.com\/it\/2016\/04\/rispetto-un-diritto-tutti-convegno-sulla-biodanza\/","name":"Il rispetto \u00e8 un diritto di tutti, convegno sulla Biodanza","isPartOf":{"@id":"https:\/\/www.pressenza.com\/it\/#website"},"primaryImageOfPage":{"@id":"https:\/\/www.pressenza.com\/it\/2016\/04\/rispetto-un-diritto-tutti-convegno-sulla-biodanza\/#primaryimage"},"image":{"@id":"https:\/\/www.pressenza.com\/it\/2016\/04\/rispetto-un-diritto-tutti-convegno-sulla-biodanza\/#primaryimage"},"thumbnailUrl":"https:\/\/www.pressenza.com\/wp-content\/uploads\/2016\/04\/Biodanza-lab-benessere-non-violenza-.jpeg","datePublished":"2016-04-26T16:40:51+00:00","dateModified":"2016-04-26T17:54:00+00:00","description":"Gioved\u00ec 28 aprile 2016 - Ore 14.30-19.00 Casa dei Diritti - Via De Amicis, 10 - Milano L'evento \u00e8 organizzato\u00a0da\u00a0AIPOB\u00a0e\u00a0Scuolatoro\u00a0(Milano)\u00a0assieme","breadcrumb":{"@id":"https:\/\/www.pressenza.com\/it\/2016\/04\/rispetto-un-diritto-tutti-convegno-sulla-biodanza\/#breadcrumb"},"inLanguage":"it-IT","potentialAction":[{"@type":"ReadAction","target":["https:\/\/www.pressenza.com\/it\/2016\/04\/rispetto-un-diritto-tutti-convegno-sulla-biodanza\/"]}]},{"@type":"ImageObject","inLanguage":"it-IT","@id":"https:\/\/www.pressenza.com\/it\/2016\/04\/rispetto-un-diritto-tutti-convegno-sulla-biodanza\/#primaryimage","url":"https:\/\/www.pressenza.com\/wp-content\/uploads\/2016\/04\/Biodanza-lab-benessere-non-violenza-.jpeg","contentUrl":"https:\/\/www.pressenza.com\/wp-content\/uploads\/2016\/04\/Biodanza-lab-benessere-non-violenza-.jpeg","width":1221,"height":812},{"@type":"BreadcrumbList","@id":"https:\/\/www.pressenza.com\/it\/2016\/04\/rispetto-un-diritto-tutti-convegno-sulla-biodanza\/#breadcrumb","itemListElement":[{"@type":"ListItem","position":1,"name":"Accueil","item":"https:\/\/www.pressenza.com\/it\/"},{"@type":"ListItem","position":2,"name":"Il rispetto \u00e8 un diritto di tutti, convegno sulla Biodanza"}]},{"@type":"WebSite","@id":"https:\/\/www.pressenza.com\/it\/#website","url":"https:\/\/www.pressenza.com\/it\/","name":"Pressenza","description":"Agenzia di Stampa Internazionale","publisher":{"@id":"https:\/\/www.pressenza.com\/it\/#organization"},"potentialAction":[{"@type":"SearchAction","target":{"@type":"EntryPoint","urlTemplate":"https:\/\/www.pressenza.com\/it\/?s={search_term_string}"},"query-input":{"@type":"PropertyValueSpecification","valueRequired":true,"valueName":"search_term_string"}}],"inLanguage":"it-IT"},{"@type":"Organization","@id":"https:\/\/www.pressenza.com\/it\/#organization","name":"Pressenza","url":"https:\/\/www.pressenza.com\/it\/","logo":{"@type":"ImageObject","inLanguage":"it-IT","@id":"https:\/\/www.pressenza.com\/it\/#\/schema\/logo\/image\/","url":"https:\/\/www.pressenza.com\/wp-content\/uploads\/2022\/10\/pressenza_logo_200x200.jpg","contentUrl":"https:\/\/www.pressenza.com\/wp-content\/uploads\/2022\/10\/pressenza_logo_200x200.jpg","width":200,"height":200,"caption":"Pressenza"},"image":{"@id":"https:\/\/www.pressenza.com\/it\/#\/schema\/logo\/image\/"},"sameAs":["https:\/\/www.facebook.com\/PressenzaItalia","https:\/\/x.com\/PressenzaIPA"]},{"@type":"Person","@id":"https:\/\/www.pressenza.com\/it\/#\/schema\/person\/d983e81827ae24f2c7b1a2123d197f8d","name":"Redazione Italia","description":"News from the Pressenza Bureau in Italy","sameAs":["https:\/\/www.pressenza.com\/it\/author\/redazione-italia\/","https:\/\/www.facebook.com\/PressenzaItalia","https:\/\/www.instagram.com\/pressenza_italia\/","https:\/\/x.com\/pressenza_it","https:\/\/www.youtube.com\/channel\/UCSalEIWjE1RSxkwjfftFuqg"],"url":"https:\/\/www.pressenza.com\/it\/author\/redazione-italia\/"}]}},"place":"Milano","original_article_url":"","_links":{"self":[{"href":"https:\/\/www.pressenza.com\/it\/wp-json\/wp\/v2\/posts\/307375","targetHints":{"allow":["GET"]}}],"collection":[{"href":"https:\/\/www.pressenza.com\/it\/wp-json\/wp\/v2\/posts"}],"about":[{"href":"https:\/\/www.pressenza.com\/it\/wp-json\/wp\/v2\/types\/post"}],"author":[{"embeddable":true,"href":"https:\/\/www.pressenza.com\/it\/wp-json\/wp\/v2\/users\/594"}],"replies":[{"embeddable":true,"href":"https:\/\/www.pressenza.com\/it\/wp-json\/wp\/v2\/comments?post=307375"}],"version-history":[{"count":0,"href":"https:\/\/www.pressenza.com\/it\/wp-json\/wp\/v2\/posts\/307375\/revisions"}],"wp:featuredmedia":[{"embeddable":true,"href":"https:\/\/www.pressenza.com\/it\/wp-json\/wp\/v2\/media\/307376"}],"wp:attachment":[{"href":"https:\/\/www.pressenza.com\/it\/wp-json\/wp\/v2\/media?parent=307375"}],"wp:term":[{"taxonomy":"category","embeddable":true,"href":"https:\/\/www.pressenza.com\/it\/wp-json\/wp\/v2\/categories?post=307375"},{"taxonomy":"post_tag","embeddable":true,"href":"https:\/\/www.pressenza.com\/it\/wp-json\/wp\/v2\/tags?post=307375"}],"curies":[{"name":"wp","href":"https:\/\/api.w.org\/{rel}","templated":true}]}}