{"id":304244,"date":"2016-04-19T12:16:47","date_gmt":"2016-04-19T11:16:47","guid":{"rendered":"http:\/\/www.pressenza.com\/it\/?p=304244"},"modified":"2016-04-19T13:04:07","modified_gmt":"2016-04-19T12:04:07","slug":"voci-resistenza-mediterraneo","status":"publish","type":"post","link":"https:\/\/www.pressenza.com\/it\/2016\/04\/voci-resistenza-mediterraneo\/","title":{"rendered":"Voci di Resistenza dal Mediterraneo"},"content":{"rendered":"<p><strong>\u00a0<\/strong><\/p>\n<p>&nbsp;<\/p>\n<p>Mediterraneo, ponte tra diverse nazioni dall&#8217;alba dei tempi, percorso dalle rotte commerciali delle antiche popolazioni italiche, ora scenario di resistenze e alternative.<\/p>\n<p>&nbsp;<\/p>\n<p>Come appreso dal comunicato stampa del Comune di Caprarola, un piccolo paese collinare, situato nella Tuscia viterbese, il 22 Aprile alle ore 16:30, il nuovissimo Palazzo della Cultura ospiter\u00e0 l&#8217;evento \u201cVoci di Resistenza del Mediterraneo\u201d. Per l&#8217;occasione, arriveranno a Caprarola <strong>Gianluca Solera<\/strong>, autore del libro \u201cRiscatto Mediterraneo\u201d, le ricercatrici <strong>Claudia De Martino<\/strong> e <strong>Nagwan El Ashwal<\/strong> (Istituto Universitario Europeo), e <strong>Montassir Sakhi<\/strong>, attivista nonch\u00e9 membro dell&#8217;Associazione Autre Maroc. A introdurre e organizzare l&#8217;evento <strong>Simone Olmati<\/strong>, Assessore uscente alla Cultura accompagnato dalla moderazione a cura di <strong>Anna Lodeserto<\/strong>, esperta di politiche migratorie e organizzatrice di numerosi percorsi partecipativi rivolti alla popolazione giovanile e non in oltre venti paesi europei e, negli ultimi mesi, anche in diverse aree della Tuscia viterbese.<\/p>\n<p>&nbsp;<\/p>\n<p>Caprarola ospiter\u00e0 questa giornata internazionale, dando voce ad attivisti, attiviste, esperti e giornalisti, sul tema \u201cResistenze nel Mediterraneo\u201d, intrecciando in vari discorsi le emozioni e le storie che sbocciano dai popoli del mare di mezzo, per dar vita all&#8217;immagine di un nuovo Mediterraneo, un mare che con le proprie onde pu\u00f2 favorire, anzich\u00e9 ostacolare, lo sviluppo, un luogo multinazionale in cui pi\u00f9 popoli possono incontrarsi e che soprattutto ne raccoglie le speranze.<\/p>\n<p>&nbsp;<\/p>\n<p>L&#8217;intero dibattito ruoter\u00e0 attorno all&#8217;ultimo libro di Solera \u201c<strong>Riscatto Mediterraneo. Voci e luoghi di dignit\u00e0 e resistenza<\/strong>\u201d, uscito in prima edizione nel 2013 e da allora presentato in tutta Europa e in molti paesi dell&#8217;area mediterranea, dal Cairo a Milano. Gianluca Solera, ex consigliere politico al Parlamento Europeo, poi coordinatore delle reti della Fondazione Anna Lindh per il dialogo tra le culture e oggi direttore del Dipartimento Italia\/Europa\/Mediterraneo e cittadinanza globale del COSPE (Cooperazione per lo Sviluppo dei Paesi Emergenti) sar\u00e0 intervistato da Claudia De Martino, gi\u00e0 autrice di numerosi saggi e articoli su questioni mediterranee, oggi ricercatrice presso l&#8217;Universit\u00e0 degli Studi di Napoli \u201cL&#8217;Orientale\u201d, nell&#8217;ambito del progetto di ricerca EUSpring, e presso l&#8217;Unione delle Universit\u00e0 del Mediterraneo \u2013 UNIMED. Arriveranno in Italia appositamente per partecipare al dibattito anche due voci interne al mondo arabo: Montassir Sakhi, attivista marocchino, membro dell&#8217;Associazione \u201cAutre Maroc\u201d, movimento di lotta per la giustizia sociale, e Nagwan El Ashwal, egiziana, ricercatrice presso l&#8217;Istituto Universitario Europeo di Fiesole, la quale ha recentemente lanciato un appello a favore di alcuni ricercatori e giornalisti perseguitati dal regime egiziano.<\/p>\n<p>&nbsp;<\/p>\n<p>Interverranno, come ospiti speciali, anche i soci rappresentanti del <strong>Circolo ARCI Capranica \u201cClaudio Zilleri\u201d<\/strong>, gi\u00e0 organizzatori di numerose iniziative culturali nel corso della stessa settimana nell&#8217;ambito delle celebrazioni legate alla resistenza. L&#8217;iniziativa, oltre a essere realizzata in collaborazione con prestigiosi enti e organizzazioni quali COSPE, UNIMED e con la rivista specializzata \u201cAfrica e Mediterraneo\u201d, fa parte del Festival RESIST organizzato ogni anno dal comitato provinciale ARCI di Viterbo per la valorizzazione e la promozione della Memoria della Resistenza. A moderare l&#8217;incontro la Dott.ssa Anna Lodeserto, esperta di politiche migratorie, sicurezza e dinamiche partecipative e processi decisionali a livello internazionale, coordinatrice e docente in numerosi programmi transnazionali nell&#8217;ambito della cittadinanza euromediterranea in oltre venti paesi europei ed extraeuropei. L&#8217;Assessore alla Cultura del Comune di Caprarola Simone Olmati, organizzatore dell&#8217;evento, concluder\u00e0 cos\u00ec il suo incarico con un&#8217;iniziativa di altissimo livello, coerentemente con la linea data al suo mandato nel corso degli ultimi cinque anni. Ho avuto l&#8217;opportunit\u00e0 di intervistarlo personalmente durante la fase organizzativa di questo evento:<\/p>\n<p>&nbsp;<\/p>\n<p><strong><em>Cosa pensa del libro di Solera?<\/em><\/strong><\/p>\n<p><em>Il libro di Gianluca Solera va oltre l&#8217;interpretazione delle primavere arabe come movimenti di opposizione a regimi dittatoriali o autocratici, per inserirle all&#8217;interno di un pi\u00f9 vasto movimento di autodeterminazione delle popolazioni mediterranee contro un determinato stato di cose (anche in chiave anti-capitalista, com&#8217;\u00e8 il caso della Grecia e della Spagna ad esempio). <\/em><\/p>\n<p>&nbsp;<\/p>\n<p><strong><em>Cosa pensa dell&#8217;evento del 22 aprile? <\/em><\/strong><\/p>\n<p>L&#8217;evento del 22 aprile nasce da mio incontro con Gianluca Solera durante l&#8217;inaugurazione della rete di sportelli InformaGiovani, proprio con l&#8217;obiettivo di fornire una chiave di lettura di quanto sia accaduto e stia accadendo nell&#8217;area del Mediterraneo (soprattutto a partire dal 2011).<\/p>\n<p>&nbsp;<\/p>\n<p><strong><em>Come vede attualmente il Mediterraneo?<\/em><\/strong><\/p>\n<p>Attualmente vedo che gli Stati europei percepiscono il Mediterraneo pi\u00f9 come la frontiera sud dell&#8217;Europa che come un ponte verso il Nord Africa.<\/p>\n<p>&nbsp;<\/p>\n<p><strong><em>Cosa pensa della frase \u201cResistenze nel Mediterraneo\u201d?<\/em><\/strong><\/p>\n<p>Il titolo \u201cResistenze nel Mediterraneo\u201d \u00e8 stato scelto proprio per sottolineare come nel bacino del Mediterraneo esistano movimenti di resistenza popolare, i quali spezzano la tradizionale visione europea che riduce tutto alla scelta tra pericolo <em>jihadista<\/em> e &#8211; viceversa &#8211; appoggio a regimi dittatoriali in funzione di contrasto al terrorismo.<\/p>\n<p>&nbsp;<\/p>\n<p>Cosa pensa della frase: \u201cun mare di diritti, non di frontiere; un mare di mezzo che unisce e non separa; un mare di pace e di incontro che dia vita e prospettive alle persone che lo abitano piuttosto che morte a quelle che lo attraversano\u201d?<\/p>\n<p>\u201cUn mare di diritti, non di frontiere; un mare di mezzo che unisce e non separa; un mare di pace e di incontro che dia vita e prospettive alle persone che lo abitano piuttosto che morte a quelle che lo attraversano\u201d, \u00e8 una frase che riassume quello che vorremmo fosse il Mediterraneo, per il benessere di tutti i popoli che lo abitano.<\/p>\n<p>&nbsp;<\/p>\n<p>Mi unisco alle riflessioni dell&#8217;organizzatore riguardo a questo pensiero, d\u2019altronde, il mare non ha un etichetta, \u00e8 di tutti, proprio come l&#8217;aria che respiriamo, i pesci che vi nuotano non hanno una nazionalit\u00e0, il Mediterraneo \u00e8 un ponte fra pi\u00f9 nazioni, proprio per questo dovrebbe aiutare, riunendo popoli, favorendo l&#8217;uguaglianza nell&#8217;aiutarci a vicenda, facciamo tutti parte di questo mondo e non ha senso rifiutarci di tendere la mano al prossimo, soprattutto in un momento come questo, fin dalle epoche pi\u00f9 antiche i popoli lo hanno utilizzato come ponte per viaggiare in altri posti, commerciare ed apprendere, dovremmo prendere esempio da questo e vederlo come luogo d&#8217;incontro multinazionale.<\/p>\n<p>&nbsp;<\/p>\n<p>L&#8217;appuntamento con \u201cVoci di Resistenza dal Mediterraneo\u201d \u00e8 al Palazzo della Cultura di Caprarola (VT), in via della Repubblica snc, venerd\u00ec 22 aprile alle ore 16:30.<\/p>\n<p>&nbsp;<\/p>\n<p>Evento FB: <u><a href=\"https:\/\/www.facebook.com\/events\/1085038668203936\/\">https:\/\/www.facebook.com\/events\/1085038668203936\/<\/a><\/u><\/p>\n<p>&nbsp;<\/p>\n<p>Leonardo Ceccarini<\/p>\n","protected":false},"excerpt":{"rendered":"<p>\u00a0 &nbsp; Mediterraneo, ponte tra diverse nazioni dall&#8217;alba dei tempi, percorso dalle rotte commerciali delle antiche popolazioni italiche, ora scenario di resistenze e alternative. &nbsp; Come appreso dal comunicato stampa del Comune di Caprarola, un piccolo paese collinare, situato nella&hellip;<\/p>\n","protected":false},"author":1304,"featured_media":304246,"comment_status":"closed","ping_status":"closed","sticky":false,"template":"","format":"standard","meta":{"footnotes":""},"categories":[45,11388,47,157,57],"tags":[26160,17130,4441,26163,2895,26162,26161,26164,4317],"class_list":["post-304244","post","type-post","status-publish","format-standard","has-post-thumbnail","hentry","category-africa-it","category-contenuti-originali","category-europa","category-interviste","category-affari-esteri","tag-caprianica","tag-cospe","tag-mediterraneo","tag-nagwan-el-ashwal","tag-primavera-araba","tag-simone-olmati","tag-tuscia","tag-unimed","tag-viterbo"],"yoast_head":"<!-- This site is optimized with the Yoast SEO plugin v27.1.1 - https:\/\/yoast.com\/product\/yoast-seo-wordpress\/ -->\n<title>Voci di Resistenza dal Mediterraneo<\/title>\n<meta name=\"description\" content=\"\u00a0 &nbsp; Mediterraneo, ponte tra diverse nazioni dall&#039;alba dei tempi, percorso dalle rotte commerciali delle antiche popolazioni italiche, ora scenario di\" \/>\n<meta name=\"robots\" content=\"index, follow, max-snippet:-1, max-image-preview:large, max-video-preview:-1\" \/>\n<link rel=\"canonical\" href=\"https:\/\/www.pressenza.com\/it\/2016\/04\/voci-resistenza-mediterraneo\/\" \/>\n<meta property=\"og:locale\" content=\"it_IT\" \/>\n<meta property=\"og:type\" content=\"article\" \/>\n<meta property=\"og:title\" content=\"Voci di Resistenza dal Mediterraneo\" \/>\n<meta property=\"og:description\" content=\"\u00a0 &nbsp; Mediterraneo, ponte tra diverse nazioni dall&#039;alba dei tempi, percorso dalle rotte commerciali delle antiche popolazioni italiche, ora scenario di\" \/>\n<meta property=\"og:url\" content=\"https:\/\/www.pressenza.com\/it\/2016\/04\/voci-resistenza-mediterraneo\/\" \/>\n<meta property=\"og:site_name\" content=\"Pressenza\" \/>\n<meta property=\"article:publisher\" content=\"https:\/\/www.facebook.com\/PressenzaItalia\" \/>\n<meta property=\"article:published_time\" content=\"2016-04-19T11:16:47+00:00\" \/>\n<meta property=\"article:modified_time\" content=\"2016-04-19T12:04:07+00:00\" \/>\n<meta property=\"og:image\" content=\"https:\/\/www.pressenza.com\/wp-content\/uploads\/2016\/04\/mediterraneo-capranica.jpg\" \/>\n\t<meta property=\"og:image:width\" content=\"2048\" \/>\n\t<meta property=\"og:image:height\" content=\"1365\" \/>\n\t<meta property=\"og:image:type\" content=\"image\/jpeg\" \/>\n<meta name=\"author\" content=\"Leonardo Ceccarini\" \/>\n<meta name=\"twitter:card\" content=\"summary_large_image\" \/>\n<meta name=\"twitter:creator\" content=\"@PressenzaIPA\" \/>\n<meta name=\"twitter:site\" content=\"@PressenzaIPA\" \/>\n<meta name=\"twitter:label1\" content=\"Scritto da\" \/>\n\t<meta name=\"twitter:data1\" content=\"Leonardo Ceccarini\" \/>\n\t<meta name=\"twitter:label2\" content=\"Tempo di lettura stimato\" \/>\n\t<meta name=\"twitter:data2\" content=\"5 minuti\" \/>\n<script type=\"application\/ld+json\" class=\"yoast-schema-graph\">{\"@context\":\"https:\/\/schema.org\",\"@graph\":[{\"@type\":\"Article\",\"@id\":\"https:\/\/www.pressenza.com\/it\/2016\/04\/voci-resistenza-mediterraneo\/#article\",\"isPartOf\":{\"@id\":\"https:\/\/www.pressenza.com\/it\/2016\/04\/voci-resistenza-mediterraneo\/\"},\"author\":{\"name\":\"Leonardo Ceccarini\",\"@id\":\"https:\/\/www.pressenza.com\/it\/#\/schema\/person\/f6229ac8fc1315fb54d625abcebf3fb9\"},\"headline\":\"Voci di Resistenza dal Mediterraneo\",\"datePublished\":\"2016-04-19T11:16:47+00:00\",\"dateModified\":\"2016-04-19T12:04:07+00:00\",\"mainEntityOfPage\":{\"@id\":\"https:\/\/www.pressenza.com\/it\/2016\/04\/voci-resistenza-mediterraneo\/\"},\"wordCount\":1045,\"publisher\":{\"@id\":\"https:\/\/www.pressenza.com\/it\/#organization\"},\"image\":{\"@id\":\"https:\/\/www.pressenza.com\/it\/2016\/04\/voci-resistenza-mediterraneo\/#primaryimage\"},\"thumbnailUrl\":\"https:\/\/www.pressenza.com\/wp-content\/uploads\/2016\/04\/mediterraneo-capranica.jpg\",\"keywords\":[\"Caprianica\",\"Cospe\",\"Mediterraneo\",\"Nagwan El Ashwal\",\"primavera araba\",\"Simone Olmati\",\"Tuscia\",\"UNIMED\",\"Viterbo\"],\"articleSection\":[\"Africa\",\"contenuti originali\",\"Europa\",\"Interviste\",\"Questioni internazionali\"],\"inLanguage\":\"it-IT\"},{\"@type\":\"WebPage\",\"@id\":\"https:\/\/www.pressenza.com\/it\/2016\/04\/voci-resistenza-mediterraneo\/\",\"url\":\"https:\/\/www.pressenza.com\/it\/2016\/04\/voci-resistenza-mediterraneo\/\",\"name\":\"Voci di Resistenza dal Mediterraneo\",\"isPartOf\":{\"@id\":\"https:\/\/www.pressenza.com\/it\/#website\"},\"primaryImageOfPage\":{\"@id\":\"https:\/\/www.pressenza.com\/it\/2016\/04\/voci-resistenza-mediterraneo\/#primaryimage\"},\"image\":{\"@id\":\"https:\/\/www.pressenza.com\/it\/2016\/04\/voci-resistenza-mediterraneo\/#primaryimage\"},\"thumbnailUrl\":\"https:\/\/www.pressenza.com\/wp-content\/uploads\/2016\/04\/mediterraneo-capranica.jpg\",\"datePublished\":\"2016-04-19T11:16:47+00:00\",\"dateModified\":\"2016-04-19T12:04:07+00:00\",\"description\":\"\u00a0 &nbsp; Mediterraneo, ponte tra diverse nazioni dall'alba dei tempi, percorso dalle rotte commerciali delle antiche popolazioni italiche, ora scenario di\",\"breadcrumb\":{\"@id\":\"https:\/\/www.pressenza.com\/it\/2016\/04\/voci-resistenza-mediterraneo\/#breadcrumb\"},\"inLanguage\":\"it-IT\",\"potentialAction\":[{\"@type\":\"ReadAction\",\"target\":[\"https:\/\/www.pressenza.com\/it\/2016\/04\/voci-resistenza-mediterraneo\/\"]}]},{\"@type\":\"ImageObject\",\"inLanguage\":\"it-IT\",\"@id\":\"https:\/\/www.pressenza.com\/it\/2016\/04\/voci-resistenza-mediterraneo\/#primaryimage\",\"url\":\"https:\/\/www.pressenza.com\/wp-content\/uploads\/2016\/04\/mediterraneo-capranica.jpg\",\"contentUrl\":\"https:\/\/www.pressenza.com\/wp-content\/uploads\/2016\/04\/mediterraneo-capranica.jpg\",\"width\":2048,\"height\":1365},{\"@type\":\"BreadcrumbList\",\"@id\":\"https:\/\/www.pressenza.com\/it\/2016\/04\/voci-resistenza-mediterraneo\/#breadcrumb\",\"itemListElement\":[{\"@type\":\"ListItem\",\"position\":1,\"name\":\"Accueil\",\"item\":\"https:\/\/www.pressenza.com\/it\/\"},{\"@type\":\"ListItem\",\"position\":2,\"name\":\"Voci di Resistenza dal Mediterraneo\"}]},{\"@type\":\"WebSite\",\"@id\":\"https:\/\/www.pressenza.com\/it\/#website\",\"url\":\"https:\/\/www.pressenza.com\/it\/\",\"name\":\"Pressenza\",\"description\":\"Agenzia di Stampa Internazionale\",\"publisher\":{\"@id\":\"https:\/\/www.pressenza.com\/it\/#organization\"},\"potentialAction\":[{\"@type\":\"SearchAction\",\"target\":{\"@type\":\"EntryPoint\",\"urlTemplate\":\"https:\/\/www.pressenza.com\/it\/?s={search_term_string}\"},\"query-input\":{\"@type\":\"PropertyValueSpecification\",\"valueRequired\":true,\"valueName\":\"search_term_string\"}}],\"inLanguage\":\"it-IT\"},{\"@type\":\"Organization\",\"@id\":\"https:\/\/www.pressenza.com\/it\/#organization\",\"name\":\"Pressenza\",\"url\":\"https:\/\/www.pressenza.com\/it\/\",\"logo\":{\"@type\":\"ImageObject\",\"inLanguage\":\"it-IT\",\"@id\":\"https:\/\/www.pressenza.com\/it\/#\/schema\/logo\/image\/\",\"url\":\"https:\/\/www.pressenza.com\/wp-content\/uploads\/2022\/10\/pressenza_logo_200x200.jpg\",\"contentUrl\":\"https:\/\/www.pressenza.com\/wp-content\/uploads\/2022\/10\/pressenza_logo_200x200.jpg\",\"width\":200,\"height\":200,\"caption\":\"Pressenza\"},\"image\":{\"@id\":\"https:\/\/www.pressenza.com\/it\/#\/schema\/logo\/image\/\"},\"sameAs\":[\"https:\/\/www.facebook.com\/PressenzaItalia\",\"https:\/\/x.com\/PressenzaIPA\"]},{\"@type\":\"Person\",\"@id\":\"https:\/\/www.pressenza.com\/it\/#\/schema\/person\/f6229ac8fc1315fb54d625abcebf3fb9\",\"name\":\"Leonardo Ceccarini\",\"description\":\"Ginevra Ceccarini \u00e8 una giovane autrice transgender del viterbese, nata il 18 Settembre del 1995 ha scritto per vari quotidiani online e pubblicato vari libri. Dopo il servizio di volontariato europeo in Lettonia ha partecipato a svariati progetti europei, \u00e8 stata segretario della sezione di Viterbo della Giovent\u00f9 federalista europea ed amministratrice di un informal group of young people volto a scrivere progetti europei. \u00c8 nella lista degli europeers (ambasciatori della mobilit\u00e0 europea) sul sito ufficiale dell'Agenzia nazionale dei giovani. Attualmente si sta laureando in Psicologia e processi sociali presso la Sapienza ed \u00e8 scrittrice su varie piattaforme online.\",\"url\":\"https:\/\/www.pressenza.com\/it\/author\/leonardo-ceccarini\/\"}]}<\/script>\n<!-- \/ Yoast SEO plugin. -->","yoast_head_json":{"title":"Voci di Resistenza dal Mediterraneo","description":"\u00a0 &nbsp; Mediterraneo, ponte tra diverse nazioni dall'alba dei tempi, percorso dalle rotte commerciali delle antiche popolazioni italiche, ora scenario di","robots":{"index":"index","follow":"follow","max-snippet":"max-snippet:-1","max-image-preview":"max-image-preview:large","max-video-preview":"max-video-preview:-1"},"canonical":"https:\/\/www.pressenza.com\/it\/2016\/04\/voci-resistenza-mediterraneo\/","og_locale":"it_IT","og_type":"article","og_title":"Voci di Resistenza dal Mediterraneo","og_description":"\u00a0 &nbsp; Mediterraneo, ponte tra diverse nazioni dall'alba dei tempi, percorso dalle rotte commerciali delle antiche popolazioni italiche, ora scenario di","og_url":"https:\/\/www.pressenza.com\/it\/2016\/04\/voci-resistenza-mediterraneo\/","og_site_name":"Pressenza","article_publisher":"https:\/\/www.facebook.com\/PressenzaItalia","article_published_time":"2016-04-19T11:16:47+00:00","article_modified_time":"2016-04-19T12:04:07+00:00","og_image":[{"width":2048,"height":1365,"url":"https:\/\/www.pressenza.com\/wp-content\/uploads\/2016\/04\/mediterraneo-capranica.jpg","type":"image\/jpeg"}],"author":"Leonardo Ceccarini","twitter_card":"summary_large_image","twitter_creator":"@PressenzaIPA","twitter_site":"@PressenzaIPA","twitter_misc":{"Scritto da":"Leonardo Ceccarini","Tempo di lettura stimato":"5 minuti"},"schema":{"@context":"https:\/\/schema.org","@graph":[{"@type":"Article","@id":"https:\/\/www.pressenza.com\/it\/2016\/04\/voci-resistenza-mediterraneo\/#article","isPartOf":{"@id":"https:\/\/www.pressenza.com\/it\/2016\/04\/voci-resistenza-mediterraneo\/"},"author":{"name":"Leonardo Ceccarini","@id":"https:\/\/www.pressenza.com\/it\/#\/schema\/person\/f6229ac8fc1315fb54d625abcebf3fb9"},"headline":"Voci di Resistenza dal Mediterraneo","datePublished":"2016-04-19T11:16:47+00:00","dateModified":"2016-04-19T12:04:07+00:00","mainEntityOfPage":{"@id":"https:\/\/www.pressenza.com\/it\/2016\/04\/voci-resistenza-mediterraneo\/"},"wordCount":1045,"publisher":{"@id":"https:\/\/www.pressenza.com\/it\/#organization"},"image":{"@id":"https:\/\/www.pressenza.com\/it\/2016\/04\/voci-resistenza-mediterraneo\/#primaryimage"},"thumbnailUrl":"https:\/\/www.pressenza.com\/wp-content\/uploads\/2016\/04\/mediterraneo-capranica.jpg","keywords":["Caprianica","Cospe","Mediterraneo","Nagwan El Ashwal","primavera araba","Simone Olmati","Tuscia","UNIMED","Viterbo"],"articleSection":["Africa","contenuti originali","Europa","Interviste","Questioni internazionali"],"inLanguage":"it-IT"},{"@type":"WebPage","@id":"https:\/\/www.pressenza.com\/it\/2016\/04\/voci-resistenza-mediterraneo\/","url":"https:\/\/www.pressenza.com\/it\/2016\/04\/voci-resistenza-mediterraneo\/","name":"Voci di Resistenza dal Mediterraneo","isPartOf":{"@id":"https:\/\/www.pressenza.com\/it\/#website"},"primaryImageOfPage":{"@id":"https:\/\/www.pressenza.com\/it\/2016\/04\/voci-resistenza-mediterraneo\/#primaryimage"},"image":{"@id":"https:\/\/www.pressenza.com\/it\/2016\/04\/voci-resistenza-mediterraneo\/#primaryimage"},"thumbnailUrl":"https:\/\/www.pressenza.com\/wp-content\/uploads\/2016\/04\/mediterraneo-capranica.jpg","datePublished":"2016-04-19T11:16:47+00:00","dateModified":"2016-04-19T12:04:07+00:00","description":"\u00a0 &nbsp; Mediterraneo, ponte tra diverse nazioni dall'alba dei tempi, percorso dalle rotte commerciali delle antiche popolazioni italiche, ora scenario di","breadcrumb":{"@id":"https:\/\/www.pressenza.com\/it\/2016\/04\/voci-resistenza-mediterraneo\/#breadcrumb"},"inLanguage":"it-IT","potentialAction":[{"@type":"ReadAction","target":["https:\/\/www.pressenza.com\/it\/2016\/04\/voci-resistenza-mediterraneo\/"]}]},{"@type":"ImageObject","inLanguage":"it-IT","@id":"https:\/\/www.pressenza.com\/it\/2016\/04\/voci-resistenza-mediterraneo\/#primaryimage","url":"https:\/\/www.pressenza.com\/wp-content\/uploads\/2016\/04\/mediterraneo-capranica.jpg","contentUrl":"https:\/\/www.pressenza.com\/wp-content\/uploads\/2016\/04\/mediterraneo-capranica.jpg","width":2048,"height":1365},{"@type":"BreadcrumbList","@id":"https:\/\/www.pressenza.com\/it\/2016\/04\/voci-resistenza-mediterraneo\/#breadcrumb","itemListElement":[{"@type":"ListItem","position":1,"name":"Accueil","item":"https:\/\/www.pressenza.com\/it\/"},{"@type":"ListItem","position":2,"name":"Voci di Resistenza dal Mediterraneo"}]},{"@type":"WebSite","@id":"https:\/\/www.pressenza.com\/it\/#website","url":"https:\/\/www.pressenza.com\/it\/","name":"Pressenza","description":"Agenzia di Stampa Internazionale","publisher":{"@id":"https:\/\/www.pressenza.com\/it\/#organization"},"potentialAction":[{"@type":"SearchAction","target":{"@type":"EntryPoint","urlTemplate":"https:\/\/www.pressenza.com\/it\/?s={search_term_string}"},"query-input":{"@type":"PropertyValueSpecification","valueRequired":true,"valueName":"search_term_string"}}],"inLanguage":"it-IT"},{"@type":"Organization","@id":"https:\/\/www.pressenza.com\/it\/#organization","name":"Pressenza","url":"https:\/\/www.pressenza.com\/it\/","logo":{"@type":"ImageObject","inLanguage":"it-IT","@id":"https:\/\/www.pressenza.com\/it\/#\/schema\/logo\/image\/","url":"https:\/\/www.pressenza.com\/wp-content\/uploads\/2022\/10\/pressenza_logo_200x200.jpg","contentUrl":"https:\/\/www.pressenza.com\/wp-content\/uploads\/2022\/10\/pressenza_logo_200x200.jpg","width":200,"height":200,"caption":"Pressenza"},"image":{"@id":"https:\/\/www.pressenza.com\/it\/#\/schema\/logo\/image\/"},"sameAs":["https:\/\/www.facebook.com\/PressenzaItalia","https:\/\/x.com\/PressenzaIPA"]},{"@type":"Person","@id":"https:\/\/www.pressenza.com\/it\/#\/schema\/person\/f6229ac8fc1315fb54d625abcebf3fb9","name":"Leonardo Ceccarini","description":"Ginevra Ceccarini \u00e8 una giovane autrice transgender del viterbese, nata il 18 Settembre del 1995 ha scritto per vari quotidiani online e pubblicato vari libri. Dopo il servizio di volontariato europeo in Lettonia ha partecipato a svariati progetti europei, \u00e8 stata segretario della sezione di Viterbo della Giovent\u00f9 federalista europea ed amministratrice di un informal group of young people volto a scrivere progetti europei. \u00c8 nella lista degli europeers (ambasciatori della mobilit\u00e0 europea) sul sito ufficiale dell'Agenzia nazionale dei giovani. Attualmente si sta laureando in Psicologia e processi sociali presso la Sapienza ed \u00e8 scrittrice su varie piattaforme online.","url":"https:\/\/www.pressenza.com\/it\/author\/leonardo-ceccarini\/"}]}},"place":"Capranica","original_article_url":"","_links":{"self":[{"href":"https:\/\/www.pressenza.com\/it\/wp-json\/wp\/v2\/posts\/304244","targetHints":{"allow":["GET"]}}],"collection":[{"href":"https:\/\/www.pressenza.com\/it\/wp-json\/wp\/v2\/posts"}],"about":[{"href":"https:\/\/www.pressenza.com\/it\/wp-json\/wp\/v2\/types\/post"}],"author":[{"embeddable":true,"href":"https:\/\/www.pressenza.com\/it\/wp-json\/wp\/v2\/users\/1304"}],"replies":[{"embeddable":true,"href":"https:\/\/www.pressenza.com\/it\/wp-json\/wp\/v2\/comments?post=304244"}],"version-history":[{"count":0,"href":"https:\/\/www.pressenza.com\/it\/wp-json\/wp\/v2\/posts\/304244\/revisions"}],"wp:featuredmedia":[{"embeddable":true,"href":"https:\/\/www.pressenza.com\/it\/wp-json\/wp\/v2\/media\/304246"}],"wp:attachment":[{"href":"https:\/\/www.pressenza.com\/it\/wp-json\/wp\/v2\/media?parent=304244"}],"wp:term":[{"taxonomy":"category","embeddable":true,"href":"https:\/\/www.pressenza.com\/it\/wp-json\/wp\/v2\/categories?post=304244"},{"taxonomy":"post_tag","embeddable":true,"href":"https:\/\/www.pressenza.com\/it\/wp-json\/wp\/v2\/tags?post=304244"}],"curies":[{"name":"wp","href":"https:\/\/api.w.org\/{rel}","templated":true}]}}