{"id":303225,"date":"2016-04-16T22:58:54","date_gmt":"2016-04-16T21:58:54","guid":{"rendered":"http:\/\/www.pressenza.com\/it\/?p=303225"},"modified":"2016-04-16T22:58:54","modified_gmt":"2016-04-16T21:58:54","slug":"nuitdebout-per-mobilitazione-globale-15-maggio","status":"publish","type":"post","link":"https:\/\/www.pressenza.com\/it\/2016\/04\/nuitdebout-per-mobilitazione-globale-15-maggio\/","title":{"rendered":"#NuitDebout: &#8220;Per una mobilitazione globale il 15 maggio&#8221;"},"content":{"rendered":"<p><em>Pubblichiamo integralmente l&#8217;appello\u00a0in italiano di &#8220;Global Debout&#8221;,\u00a0la Commissione Internazionale della #NuitDebout, il movimento che dallo scorso 31 marzo occupa la Place de la R\u00e9publique di Parigi.<\/em><\/p>\n<p>&nbsp;<\/p>\n<p>APPELLO INTERNAZIONALE DI <strong><a class=\"_5ayv\" href=\"https:\/\/m.facebook.com\/hashtag\/nuitdebout\"><span class=\"_5aw4\">\u202a#\u200e<\/span><span class=\"_5ayu\">NUITDEBOUT\u202c<\/span><\/a><\/strong><\/p>\n<p>PER UN INCONTRO A PARIGI IL 7 E 8 MAGGIO 2016 E UNA <strong><a class=\"_5ayv\" href=\"https:\/\/m.facebook.com\/hashtag\/nuitdebout\"><span class=\"_5aw4\">\u202a#\u200e<\/span><span class=\"_5ayu\">NUITDEBOUT\u202c<\/span><\/a><\/strong> GLOBALE (<strong><a class=\"_5ayv\" href=\"https:\/\/m.facebook.com\/hashtag\/globaldebout\"><span class=\"_5aw4\">\u202a#\u200e<\/span><span class=\"_5ayu\">GLOBALDEBOUT\u202c<\/span><\/a><\/strong>) il week-end del 15 maggio 2016<\/p>\n<p>Il <strong><a class=\"_5ayv\" href=\"https:\/\/m.facebook.com\/hashtag\/46marzo\"><span class=\"_5aw4\">\u202a#\u200e<\/span><span class=\"_5ayu\">46marzo\u202c<\/span><\/a><\/strong> (15 aprile), due settimane dopo la grande mobilitazione del 31 marzo a Parigi, il movimento Nuit Debout non smette di diffondersi. In numerose citt\u00e0 francesi e europee, le Nuit Debout esplodono e riflettono speranze e rivolte comuni. Tutti quelli che hanno attraversato le piazze occupate e hanno partecipato lo sanno bene : sta succedendo qualcosa.<\/p>\n<p>Abitanti del mondo intero facciamo cadere le frontiere e costruiamo insieme una nuova primavera globale ! Incontriamoci il 7 e 8 maggio prossimi a Parigi, in Place de la R\u00e9publique, per dibattere, condividere pratiche e esperienze, e cominciare a costruire insieme nuove prospettive e soluzioni comuni. Ma soprattutto prepariamoci e lanciamo insieme una grande azione internazionale il week end del 15 maggio (<strong><a class=\"_5ayv\" href=\"https:\/\/m.facebook.com\/hashtag\/76mars\"><span class=\"_5aw4\">\u202a#\u200e<\/span><span class=\"_5ayu\">76mars\u202c<\/span><\/a><\/strong>) per occupare massicciamente le piazze ovunque in quella data.<\/p>\n<p>Nuit Debout ha fissato come primo obiettivo la creazione di uno spazio di convergenze delle lotte. Questa convergenza pu\u00f2 andare ancora pi\u00f9 lontano e estendersi su un piano internazionale.<wbr \/> Esistono gi\u00e0 dei legami tra i numerosi movimenti che ai quattro angoli del mondo si oppongono alla precariet\u00e0, ai diktat dei mercati finanziari, alla distruzione dell&#8217;ambiente, alle guerre e al militarismo, al degrado delle nostre condizioni di vita.<\/p>\n<p>Alla competizione e all&#8217;egoismo rispondiamo con la solidariet\u00e0, la riflessione e l&#8217;azione collettiva. Le nostre differenze non sono pi\u00f9 fonte di divisioni, ma la base della nostra complementarit\u00e0<wbr \/> e della nostra forza comune. Inascoltati e non rappresentati, noi, persone con storie diverse, ci riappropriamo insieme della parola e dello spazio pubblico: facciamo politica perch\u00e9 \u00e8 una cosa che riguarda tutti.<\/p>\n<p>Oggi non \u00e8 pi\u00f9 il momento di indignarsi soli nel proprio angolino, ma \u00e8 il momento di agire tutti insieme. Noi, il 99%, abbiamo la capacit\u00e0 di agire e respingere definitivamente<wbr \/> l&#8217;1% e il loro mondo dalle nostre citt\u00e0, dai nostri luoghi di lavoro, dalle nostre vite.<\/p>\n<p>Il 7 e 8 maggio, convergiamo a Parigi a place de la R\u00e9publique !<\/p>\n<p>Il 15 Maggio solleviamoci insieme: <strong><a class=\"_5ayv\" href=\"https:\/\/m.facebook.com\/hashtag\/nuitdebout\"><span class=\"_5aw4\">\u202a#\u200e<\/span><span class=\"_5ayu\">NuitDebout\u202c<\/span><\/a><\/strong> ovunque, <strong><a class=\"_5ayv\" href=\"https:\/\/m.facebook.com\/hashtag\/globaldebout\"><span class=\"_5aw4\">\u202a#\u200e<\/span><span class=\"_5ayu\">GlobalDebout\u202c<\/span><\/a><\/strong> !<\/p>\n","protected":false},"excerpt":{"rendered":"<p>Pubblichiamo integralmente l&#8217;appello\u00a0in italiano di &#8220;Global Debout&#8221;,\u00a0la Commissione Internazionale della #NuitDebout, il movimento che dallo scorso 31 marzo occupa la Place de la R\u00e9publique di Parigi. &nbsp; APPELLO INTERNAZIONALE DI \u202a#\u200eNUITDEBOUT\u202c PER UN INCONTRO A PARIGI IL 7 E 8&hellip;<\/p>\n","protected":false},"author":594,"featured_media":303240,"comment_status":"closed","ping_status":"closed","sticky":false,"template":"","format":"standard","meta":{"footnotes":""},"categories":[150,47,55,57],"tags":[25752,22207,26094,19659,25509,3673,26077],"class_list":["post-303225","post","type-post","status-publish","format-standard","has-post-thumbnail","hentry","category-comunicati-stampa","category-europa","category-politica","category-affari-esteri","tag-nuitdebout","tag-europa","tag-mobilitazioni","tag-movimenti","tag-nuit-debout","tag-parigi","tag-place-de-la-republique"],"yoast_head":"<!-- This site is optimized with the Yoast SEO plugin v27.1.1 - https:\/\/yoast.com\/product\/yoast-seo-wordpress\/ -->\n<title>#NuitDebout: &quot;Per una mobilitazione globale il 15 maggio&quot;<\/title>\n<meta name=\"description\" content=\"Pubblichiamo integralmente l&#039;appello\u00a0in italiano di &quot;Global Debout&quot;,\u00a0la Commissione Internazionale della #NuitDebout, il movimento che dallo scorso 31\" \/>\n<meta name=\"robots\" content=\"index, follow, max-snippet:-1, max-image-preview:large, max-video-preview:-1\" \/>\n<link rel=\"canonical\" href=\"https:\/\/www.pressenza.com\/it\/2016\/04\/nuitdebout-per-mobilitazione-globale-15-maggio\/\" \/>\n<meta property=\"og:locale\" content=\"it_IT\" \/>\n<meta property=\"og:type\" content=\"article\" \/>\n<meta property=\"og:title\" content=\"#NuitDebout: &quot;Per una mobilitazione globale il 15 maggio&quot;\" \/>\n<meta property=\"og:description\" content=\"Pubblichiamo integralmente l&#039;appello\u00a0in italiano di &quot;Global Debout&quot;,\u00a0la Commissione Internazionale della #NuitDebout, il movimento che dallo scorso 31\" \/>\n<meta property=\"og:url\" content=\"https:\/\/www.pressenza.com\/it\/2016\/04\/nuitdebout-per-mobilitazione-globale-15-maggio\/\" \/>\n<meta property=\"og:site_name\" content=\"Pressenza\" \/>\n<meta property=\"article:publisher\" content=\"https:\/\/www.facebook.com\/PressenzaItalia\" \/>\n<meta property=\"article:author\" content=\"https:\/\/www.facebook.com\/PressenzaItalia\" \/>\n<meta property=\"article:published_time\" content=\"2016-04-16T21:58:54+00:00\" \/>\n<meta property=\"og:image\" content=\"https:\/\/www.pressenza.com\/wp-content\/uploads\/2016\/04\/nuitdebout-2.jpg\" \/>\n\t<meta property=\"og:image:width\" content=\"735\" \/>\n\t<meta property=\"og:image:height\" content=\"400\" \/>\n\t<meta property=\"og:image:type\" content=\"image\/jpeg\" \/>\n<meta name=\"author\" content=\"Redazione Italia\" \/>\n<meta name=\"twitter:card\" content=\"summary_large_image\" \/>\n<meta name=\"twitter:creator\" content=\"@pressenza_it\" \/>\n<meta name=\"twitter:site\" content=\"@PressenzaIPA\" \/>\n<meta name=\"twitter:label1\" content=\"Scritto da\" \/>\n\t<meta name=\"twitter:data1\" content=\"Redazione Italia\" \/>\n\t<meta name=\"twitter:label2\" content=\"Tempo di lettura stimato\" \/>\n\t<meta name=\"twitter:data2\" content=\"2 minuti\" \/>\n<script type=\"application\/ld+json\" class=\"yoast-schema-graph\">{\"@context\":\"https:\/\/schema.org\",\"@graph\":[{\"@type\":\"Article\",\"@id\":\"https:\/\/www.pressenza.com\/it\/2016\/04\/nuitdebout-per-mobilitazione-globale-15-maggio\/#article\",\"isPartOf\":{\"@id\":\"https:\/\/www.pressenza.com\/it\/2016\/04\/nuitdebout-per-mobilitazione-globale-15-maggio\/\"},\"author\":{\"name\":\"Redazione Italia\",\"@id\":\"https:\/\/www.pressenza.com\/it\/#\/schema\/person\/d983e81827ae24f2c7b1a2123d197f8d\"},\"headline\":\"#NuitDebout: &#8220;Per una mobilitazione globale il 15 maggio&#8221;\",\"datePublished\":\"2016-04-16T21:58:54+00:00\",\"mainEntityOfPage\":{\"@id\":\"https:\/\/www.pressenza.com\/it\/2016\/04\/nuitdebout-per-mobilitazione-globale-15-maggio\/\"},\"wordCount\":373,\"publisher\":{\"@id\":\"https:\/\/www.pressenza.com\/it\/#organization\"},\"image\":{\"@id\":\"https:\/\/www.pressenza.com\/it\/2016\/04\/nuitdebout-per-mobilitazione-globale-15-maggio\/#primaryimage\"},\"thumbnailUrl\":\"https:\/\/www.pressenza.com\/wp-content\/uploads\/2016\/04\/nuitdebout-2.jpg\",\"keywords\":[\"#NuitDebout\",\"Europa\",\"mobilitazioni\",\"movimenti\",\"Nuit Debout\",\"Parigi\",\"Place de la Republique\"],\"articleSection\":[\"Comunicati Stampa\",\"Europa\",\"Politica\",\"Questioni internazionali\"],\"inLanguage\":\"it-IT\"},{\"@type\":\"WebPage\",\"@id\":\"https:\/\/www.pressenza.com\/it\/2016\/04\/nuitdebout-per-mobilitazione-globale-15-maggio\/\",\"url\":\"https:\/\/www.pressenza.com\/it\/2016\/04\/nuitdebout-per-mobilitazione-globale-15-maggio\/\",\"name\":\"#NuitDebout: \\\"Per una mobilitazione globale il 15 maggio\\\"\",\"isPartOf\":{\"@id\":\"https:\/\/www.pressenza.com\/it\/#website\"},\"primaryImageOfPage\":{\"@id\":\"https:\/\/www.pressenza.com\/it\/2016\/04\/nuitdebout-per-mobilitazione-globale-15-maggio\/#primaryimage\"},\"image\":{\"@id\":\"https:\/\/www.pressenza.com\/it\/2016\/04\/nuitdebout-per-mobilitazione-globale-15-maggio\/#primaryimage\"},\"thumbnailUrl\":\"https:\/\/www.pressenza.com\/wp-content\/uploads\/2016\/04\/nuitdebout-2.jpg\",\"datePublished\":\"2016-04-16T21:58:54+00:00\",\"description\":\"Pubblichiamo integralmente l'appello\u00a0in italiano di \\\"Global Debout\\\",\u00a0la Commissione Internazionale della #NuitDebout, il movimento che dallo scorso 31\",\"breadcrumb\":{\"@id\":\"https:\/\/www.pressenza.com\/it\/2016\/04\/nuitdebout-per-mobilitazione-globale-15-maggio\/#breadcrumb\"},\"inLanguage\":\"it-IT\",\"potentialAction\":[{\"@type\":\"ReadAction\",\"target\":[\"https:\/\/www.pressenza.com\/it\/2016\/04\/nuitdebout-per-mobilitazione-globale-15-maggio\/\"]}]},{\"@type\":\"ImageObject\",\"inLanguage\":\"it-IT\",\"@id\":\"https:\/\/www.pressenza.com\/it\/2016\/04\/nuitdebout-per-mobilitazione-globale-15-maggio\/#primaryimage\",\"url\":\"https:\/\/www.pressenza.com\/wp-content\/uploads\/2016\/04\/nuitdebout-2.jpg\",\"contentUrl\":\"https:\/\/www.pressenza.com\/wp-content\/uploads\/2016\/04\/nuitdebout-2.jpg\",\"width\":735,\"height\":400,\"caption\":\"#nuitdebout\"},{\"@type\":\"BreadcrumbList\",\"@id\":\"https:\/\/www.pressenza.com\/it\/2016\/04\/nuitdebout-per-mobilitazione-globale-15-maggio\/#breadcrumb\",\"itemListElement\":[{\"@type\":\"ListItem\",\"position\":1,\"name\":\"Accueil\",\"item\":\"https:\/\/www.pressenza.com\/it\/\"},{\"@type\":\"ListItem\",\"position\":2,\"name\":\"#NuitDebout: &#8220;Per una mobilitazione globale il 15 maggio&#8221;\"}]},{\"@type\":\"WebSite\",\"@id\":\"https:\/\/www.pressenza.com\/it\/#website\",\"url\":\"https:\/\/www.pressenza.com\/it\/\",\"name\":\"Pressenza\",\"description\":\"Agenzia di Stampa Internazionale\",\"publisher\":{\"@id\":\"https:\/\/www.pressenza.com\/it\/#organization\"},\"potentialAction\":[{\"@type\":\"SearchAction\",\"target\":{\"@type\":\"EntryPoint\",\"urlTemplate\":\"https:\/\/www.pressenza.com\/it\/?s={search_term_string}\"},\"query-input\":{\"@type\":\"PropertyValueSpecification\",\"valueRequired\":true,\"valueName\":\"search_term_string\"}}],\"inLanguage\":\"it-IT\"},{\"@type\":\"Organization\",\"@id\":\"https:\/\/www.pressenza.com\/it\/#organization\",\"name\":\"Pressenza\",\"url\":\"https:\/\/www.pressenza.com\/it\/\",\"logo\":{\"@type\":\"ImageObject\",\"inLanguage\":\"it-IT\",\"@id\":\"https:\/\/www.pressenza.com\/it\/#\/schema\/logo\/image\/\",\"url\":\"https:\/\/www.pressenza.com\/wp-content\/uploads\/2022\/10\/pressenza_logo_200x200.jpg\",\"contentUrl\":\"https:\/\/www.pressenza.com\/wp-content\/uploads\/2022\/10\/pressenza_logo_200x200.jpg\",\"width\":200,\"height\":200,\"caption\":\"Pressenza\"},\"image\":{\"@id\":\"https:\/\/www.pressenza.com\/it\/#\/schema\/logo\/image\/\"},\"sameAs\":[\"https:\/\/www.facebook.com\/PressenzaItalia\",\"https:\/\/x.com\/PressenzaIPA\"]},{\"@type\":\"Person\",\"@id\":\"https:\/\/www.pressenza.com\/it\/#\/schema\/person\/d983e81827ae24f2c7b1a2123d197f8d\",\"name\":\"Redazione Italia\",\"description\":\"News from the Pressenza Bureau in Italy\",\"sameAs\":[\"https:\/\/www.pressenza.com\/it\/author\/redazione-italia\/\",\"https:\/\/www.facebook.com\/PressenzaItalia\",\"https:\/\/www.instagram.com\/pressenza_italia\/\",\"https:\/\/x.com\/pressenza_it\",\"https:\/\/www.youtube.com\/channel\/UCSalEIWjE1RSxkwjfftFuqg\"],\"url\":\"https:\/\/www.pressenza.com\/it\/author\/redazione-italia\/\"}]}<\/script>\n<!-- \/ Yoast SEO plugin. -->","yoast_head_json":{"title":"#NuitDebout: \"Per una mobilitazione globale il 15 maggio\"","description":"Pubblichiamo integralmente l'appello\u00a0in italiano di \"Global Debout\",\u00a0la Commissione Internazionale della #NuitDebout, il movimento che dallo scorso 31","robots":{"index":"index","follow":"follow","max-snippet":"max-snippet:-1","max-image-preview":"max-image-preview:large","max-video-preview":"max-video-preview:-1"},"canonical":"https:\/\/www.pressenza.com\/it\/2016\/04\/nuitdebout-per-mobilitazione-globale-15-maggio\/","og_locale":"it_IT","og_type":"article","og_title":"#NuitDebout: \"Per una mobilitazione globale il 15 maggio\"","og_description":"Pubblichiamo integralmente l'appello\u00a0in italiano di \"Global Debout\",\u00a0la Commissione Internazionale della #NuitDebout, il movimento che dallo scorso 31","og_url":"https:\/\/www.pressenza.com\/it\/2016\/04\/nuitdebout-per-mobilitazione-globale-15-maggio\/","og_site_name":"Pressenza","article_publisher":"https:\/\/www.facebook.com\/PressenzaItalia","article_author":"https:\/\/www.facebook.com\/PressenzaItalia","article_published_time":"2016-04-16T21:58:54+00:00","og_image":[{"width":735,"height":400,"url":"https:\/\/www.pressenza.com\/wp-content\/uploads\/2016\/04\/nuitdebout-2.jpg","type":"image\/jpeg"}],"author":"Redazione Italia","twitter_card":"summary_large_image","twitter_creator":"@pressenza_it","twitter_site":"@PressenzaIPA","twitter_misc":{"Scritto da":"Redazione Italia","Tempo di lettura stimato":"2 minuti"},"schema":{"@context":"https:\/\/schema.org","@graph":[{"@type":"Article","@id":"https:\/\/www.pressenza.com\/it\/2016\/04\/nuitdebout-per-mobilitazione-globale-15-maggio\/#article","isPartOf":{"@id":"https:\/\/www.pressenza.com\/it\/2016\/04\/nuitdebout-per-mobilitazione-globale-15-maggio\/"},"author":{"name":"Redazione Italia","@id":"https:\/\/www.pressenza.com\/it\/#\/schema\/person\/d983e81827ae24f2c7b1a2123d197f8d"},"headline":"#NuitDebout: &#8220;Per una mobilitazione globale il 15 maggio&#8221;","datePublished":"2016-04-16T21:58:54+00:00","mainEntityOfPage":{"@id":"https:\/\/www.pressenza.com\/it\/2016\/04\/nuitdebout-per-mobilitazione-globale-15-maggio\/"},"wordCount":373,"publisher":{"@id":"https:\/\/www.pressenza.com\/it\/#organization"},"image":{"@id":"https:\/\/www.pressenza.com\/it\/2016\/04\/nuitdebout-per-mobilitazione-globale-15-maggio\/#primaryimage"},"thumbnailUrl":"https:\/\/www.pressenza.com\/wp-content\/uploads\/2016\/04\/nuitdebout-2.jpg","keywords":["#NuitDebout","Europa","mobilitazioni","movimenti","Nuit Debout","Parigi","Place de la Republique"],"articleSection":["Comunicati Stampa","Europa","Politica","Questioni internazionali"],"inLanguage":"it-IT"},{"@type":"WebPage","@id":"https:\/\/www.pressenza.com\/it\/2016\/04\/nuitdebout-per-mobilitazione-globale-15-maggio\/","url":"https:\/\/www.pressenza.com\/it\/2016\/04\/nuitdebout-per-mobilitazione-globale-15-maggio\/","name":"#NuitDebout: \"Per una mobilitazione globale il 15 maggio\"","isPartOf":{"@id":"https:\/\/www.pressenza.com\/it\/#website"},"primaryImageOfPage":{"@id":"https:\/\/www.pressenza.com\/it\/2016\/04\/nuitdebout-per-mobilitazione-globale-15-maggio\/#primaryimage"},"image":{"@id":"https:\/\/www.pressenza.com\/it\/2016\/04\/nuitdebout-per-mobilitazione-globale-15-maggio\/#primaryimage"},"thumbnailUrl":"https:\/\/www.pressenza.com\/wp-content\/uploads\/2016\/04\/nuitdebout-2.jpg","datePublished":"2016-04-16T21:58:54+00:00","description":"Pubblichiamo integralmente l'appello\u00a0in italiano di \"Global Debout\",\u00a0la Commissione Internazionale della #NuitDebout, il movimento che dallo scorso 31","breadcrumb":{"@id":"https:\/\/www.pressenza.com\/it\/2016\/04\/nuitdebout-per-mobilitazione-globale-15-maggio\/#breadcrumb"},"inLanguage":"it-IT","potentialAction":[{"@type":"ReadAction","target":["https:\/\/www.pressenza.com\/it\/2016\/04\/nuitdebout-per-mobilitazione-globale-15-maggio\/"]}]},{"@type":"ImageObject","inLanguage":"it-IT","@id":"https:\/\/www.pressenza.com\/it\/2016\/04\/nuitdebout-per-mobilitazione-globale-15-maggio\/#primaryimage","url":"https:\/\/www.pressenza.com\/wp-content\/uploads\/2016\/04\/nuitdebout-2.jpg","contentUrl":"https:\/\/www.pressenza.com\/wp-content\/uploads\/2016\/04\/nuitdebout-2.jpg","width":735,"height":400,"caption":"#nuitdebout"},{"@type":"BreadcrumbList","@id":"https:\/\/www.pressenza.com\/it\/2016\/04\/nuitdebout-per-mobilitazione-globale-15-maggio\/#breadcrumb","itemListElement":[{"@type":"ListItem","position":1,"name":"Accueil","item":"https:\/\/www.pressenza.com\/it\/"},{"@type":"ListItem","position":2,"name":"#NuitDebout: &#8220;Per una mobilitazione globale il 15 maggio&#8221;"}]},{"@type":"WebSite","@id":"https:\/\/www.pressenza.com\/it\/#website","url":"https:\/\/www.pressenza.com\/it\/","name":"Pressenza","description":"Agenzia di Stampa Internazionale","publisher":{"@id":"https:\/\/www.pressenza.com\/it\/#organization"},"potentialAction":[{"@type":"SearchAction","target":{"@type":"EntryPoint","urlTemplate":"https:\/\/www.pressenza.com\/it\/?s={search_term_string}"},"query-input":{"@type":"PropertyValueSpecification","valueRequired":true,"valueName":"search_term_string"}}],"inLanguage":"it-IT"},{"@type":"Organization","@id":"https:\/\/www.pressenza.com\/it\/#organization","name":"Pressenza","url":"https:\/\/www.pressenza.com\/it\/","logo":{"@type":"ImageObject","inLanguage":"it-IT","@id":"https:\/\/www.pressenza.com\/it\/#\/schema\/logo\/image\/","url":"https:\/\/www.pressenza.com\/wp-content\/uploads\/2022\/10\/pressenza_logo_200x200.jpg","contentUrl":"https:\/\/www.pressenza.com\/wp-content\/uploads\/2022\/10\/pressenza_logo_200x200.jpg","width":200,"height":200,"caption":"Pressenza"},"image":{"@id":"https:\/\/www.pressenza.com\/it\/#\/schema\/logo\/image\/"},"sameAs":["https:\/\/www.facebook.com\/PressenzaItalia","https:\/\/x.com\/PressenzaIPA"]},{"@type":"Person","@id":"https:\/\/www.pressenza.com\/it\/#\/schema\/person\/d983e81827ae24f2c7b1a2123d197f8d","name":"Redazione Italia","description":"News from the Pressenza Bureau in Italy","sameAs":["https:\/\/www.pressenza.com\/it\/author\/redazione-italia\/","https:\/\/www.facebook.com\/PressenzaItalia","https:\/\/www.instagram.com\/pressenza_italia\/","https:\/\/x.com\/pressenza_it","https:\/\/www.youtube.com\/channel\/UCSalEIWjE1RSxkwjfftFuqg"],"url":"https:\/\/www.pressenza.com\/it\/author\/redazione-italia\/"}]}},"place":"Parigi","original_article_url":"","_links":{"self":[{"href":"https:\/\/www.pressenza.com\/it\/wp-json\/wp\/v2\/posts\/303225","targetHints":{"allow":["GET"]}}],"collection":[{"href":"https:\/\/www.pressenza.com\/it\/wp-json\/wp\/v2\/posts"}],"about":[{"href":"https:\/\/www.pressenza.com\/it\/wp-json\/wp\/v2\/types\/post"}],"author":[{"embeddable":true,"href":"https:\/\/www.pressenza.com\/it\/wp-json\/wp\/v2\/users\/594"}],"replies":[{"embeddable":true,"href":"https:\/\/www.pressenza.com\/it\/wp-json\/wp\/v2\/comments?post=303225"}],"version-history":[{"count":0,"href":"https:\/\/www.pressenza.com\/it\/wp-json\/wp\/v2\/posts\/303225\/revisions"}],"wp:featuredmedia":[{"embeddable":true,"href":"https:\/\/www.pressenza.com\/it\/wp-json\/wp\/v2\/media\/303240"}],"wp:attachment":[{"href":"https:\/\/www.pressenza.com\/it\/wp-json\/wp\/v2\/media?parent=303225"}],"wp:term":[{"taxonomy":"category","embeddable":true,"href":"https:\/\/www.pressenza.com\/it\/wp-json\/wp\/v2\/categories?post=303225"},{"taxonomy":"post_tag","embeddable":true,"href":"https:\/\/www.pressenza.com\/it\/wp-json\/wp\/v2\/tags?post=303225"}],"curies":[{"name":"wp","href":"https:\/\/api.w.org\/{rel}","templated":true}]}}