{"id":301382,"date":"2016-04-12T10:06:57","date_gmt":"2016-04-12T09:06:57","guid":{"rendered":"http:\/\/www.pressenza.com\/it\/?p=301382"},"modified":"2016-09-25T15:41:07","modified_gmt":"2016-09-25T14:41:07","slug":"milagro-sala-deve-difendesi-cittadina-libera","status":"publish","type":"post","link":"https:\/\/www.pressenza.com\/it\/2016\/04\/milagro-sala-deve-difendesi-cittadina-libera\/","title":{"rendered":"Milagro Sala deve difendersi da cittadina libera"},"content":{"rendered":"<p><em>Giovanna Martelli, deputata, \u00e8 stata tra le prime persone in Italia a mobilitarsi per Milagro Sala, la leader della Tupac Amaru imprigionata da gennaio a Jujuy (Argentina) con accuse pretestuose. Un caso che Pressenza segue dall\u2019inizio.<\/em><\/p>\n<p><strong>Giovanna, da dove deriva questo tuo impegno a favore di Milagro?<\/strong><\/p>\n<p>Appena ho saputo dell\u2019arresto di Milagro ho immediatamente pensato che dovesse essere liberata. Qualunque cosa possa aver fatto il suo diritto, come cittadina, come donna, come militante sociale e come deputata del ParlaSur, \u00e8 quello di essere libera e nelle piene facolt\u00e0 per potersi difendere.<br \/>\nIn seguito mi sto rendendo conto che la vittoria elettorale di una certa parte sta spingendo alcune persone di quella parte a credere che sia possibile fare cose che, da quelle parti, non si sono pi\u00f9 viste da tempo. Cos\u00ec ho immediatamente lanciato un appello per la sua liberazione.<\/p>\n<p><strong>Potresti riassumere la vicenda e lo stato della situazione?<\/strong><\/p>\n<p>Milagro \u00e8 accusata di reati squisitamente \u201cpolitici\u201d da una parte e di reati pi\u00f9 \u201camministrativi\u201d dall\u2019altra. Ma l\u2019entit\u00e0 degli uni (istigazione alla rivolta) e degli altri (malversazione di fondi) non prevede, in nessun Stato di Diritto, il mantenimento in carcere dell\u2019imputato. La situazione attuale assomiglia, ogni giorno di pi\u00f9, a una parziale sospensione di uno Stato di Diritto e a una rivalsa di natura politica. Non lo dico solo io, ma un insieme di realt\u00e0, da Amnesty International al clero argentino. Questo non \u00e8 accettabile ed \u00e8 pericoloso.<\/p>\n<p><strong>Cosa ti preoccupa di pi\u00f9 in questo momento?<\/strong><\/p>\n<p>Mi preoccupa il ruolo che l\u2019Argentina possa prendere nel contesto latinoamericano.<\/p>\n<p>L\u2019Argentina \u00e8 un grande paese e deve avere un ruolo in questa America Latina che sta affrontando grandi cambiamenti, come il processo di pace colombiano in corso\u00a0 all\u2019Avana e la crisi del governo brasiliano, che non si pu\u00f2 risolvere per via giudiziaria. L\u2019Argentina ha avuto nel suo recente passato una sanguinosa dittatura e non vogliamo che quelle ombre del passato ritornino. Il Presidente Macri deve governare secondo le idee e le azioni che lui ritiene valide, avendo vinto le elezioni. Ma vincere le elezioni non significa aver diritto di fare qualunque cosa e, meno che mai, di mettere in galera gli oppositori politici.<\/p>\n<p><strong>La sensazione \u00e8 che la nostra azione, ragionevole ed accurata, si scontri con un muro di gomma di indifferenza ed arroganza: che cosa possiamo tentare ancora?<\/strong><\/p>\n<p>I muri di gomma non ci spaventano. I muri di gomma rivelano una profonda debolezza da parte di chi li innalza. Vorrei sottolineare la grande calma e compostezza che i militanti della Tupac Amaru hanno dimostrato, insieme a tutti coloro che stanno protestando per le strade di tutta l\u2019Argentina per gli arresti, i licenziamenti, i tagli che il governo sta mettendo in atto.<\/p>\n<p>La nonviolenza \u00e8 la mia risposta, la nostra risposta. Qua in Italia abbiamo creato un comitato informale di appoggio alla causa di Milagro; si tratta di un comitato composto da persone molto diverse, ma unite nella lotta per la giustizia e la verit\u00e0: per Milagro Sala e per molte altre situazioni che hanno bisogno, in tutto il mondo, di verit\u00e0 e giustizia. In concreto io cerco di appoggiare, per quel che posso, tutte le iniziative di questo comitato e, in particolare in questo momento, sto cercando di far proiettare il documentario \u201cAlgo est\u00e1 cambiando\u201d girato da Magal\u00ed Buj e Federico Palumbo sulla realt\u00e0 della Tupac Amaru in una sede istituzionale il prima possibile. Anche perch\u00e9 credo che alla grande disinformazione su quella realt\u00e0 sia opportuno rispondere con informazione e documentazione. La verit\u00e0 trionfa sempre sulla menzogna.<\/p>\n","protected":false},"excerpt":{"rendered":"<p>Giovanna Martelli, deputata, \u00e8 stata tra le prime persone in Italia a mobilitarsi per Milagro Sala, la leader della Tupac Amaru imprigionata da gennaio a Jujuy (Argentina) con accuse pretestuose. Un caso che Pressenza segue dall\u2019inizio. Giovanna, da dove deriva&hellip;<\/p>\n","protected":false},"author":10,"featured_media":301386,"comment_status":"closed","ping_status":"closed","sticky":false,"template":"","format":"standard","meta":{"footnotes":""},"categories":[11388,60,47,38,157,48],"tags":[25906,27487,1096],"class_list":["post-301382","post","type-post","status-publish","format-standard","has-post-thumbnail","hentry","category-contenuti-originali","category-diritti-umani","category-europa","category-internazionale","category-interviste","category-sud-america","tag-giovanna-martelli","tag-milagro-sala-it","tag-tupac-amaru"],"yoast_head":"<!-- This site is optimized with the Yoast SEO plugin v27.1.1 - https:\/\/yoast.com\/product\/yoast-seo-wordpress\/ -->\n<title>Milagro Sala deve difendersi da cittadina libera<\/title>\n<meta name=\"description\" content=\"Giovanna Martelli, deputata, \u00e8 stata tra le prime persone in Italia a mobilitarsi per Milagro Sala, la leader della Tupac Amaru imprigionata da gennaio a\" \/>\n<meta name=\"robots\" content=\"index, follow, max-snippet:-1, max-image-preview:large, max-video-preview:-1\" \/>\n<link rel=\"canonical\" href=\"https:\/\/www.pressenza.com\/it\/2016\/04\/milagro-sala-deve-difendesi-cittadina-libera\/\" \/>\n<meta property=\"og:locale\" content=\"it_IT\" \/>\n<meta property=\"og:type\" content=\"article\" \/>\n<meta property=\"og:title\" content=\"Milagro Sala deve difendersi da cittadina libera\" \/>\n<meta property=\"og:description\" content=\"Giovanna Martelli, deputata, \u00e8 stata tra le prime persone in Italia a mobilitarsi per Milagro Sala, la leader della Tupac Amaru imprigionata da gennaio a\" \/>\n<meta property=\"og:url\" content=\"https:\/\/www.pressenza.com\/it\/2016\/04\/milagro-sala-deve-difendesi-cittadina-libera\/\" \/>\n<meta property=\"og:site_name\" content=\"Pressenza\" \/>\n<meta property=\"article:publisher\" content=\"https:\/\/www.facebook.com\/PressenzaItalia\" \/>\n<meta property=\"article:published_time\" content=\"2016-04-12T09:06:57+00:00\" \/>\n<meta property=\"article:modified_time\" content=\"2016-09-25T14:41:07+00:00\" \/>\n<meta property=\"og:image\" content=\"https:\/\/www.pressenza.com\/wp-content\/uploads\/2016\/04\/giovanna-martelli.jpg\" \/>\n\t<meta property=\"og:image:width\" content=\"1600\" \/>\n\t<meta property=\"og:image:height\" content=\"1197\" \/>\n\t<meta property=\"og:image:type\" content=\"image\/jpeg\" \/>\n<meta name=\"author\" content=\"Olivier Turquet\" \/>\n<meta name=\"twitter:card\" content=\"summary_large_image\" \/>\n<meta name=\"twitter:creator\" content=\"@PressenzaIPA\" \/>\n<meta name=\"twitter:site\" content=\"@PressenzaIPA\" \/>\n<meta name=\"twitter:label1\" content=\"Scritto da\" \/>\n\t<meta name=\"twitter:data1\" content=\"Olivier Turquet\" \/>\n\t<meta name=\"twitter:label2\" content=\"Tempo di lettura stimato\" \/>\n\t<meta name=\"twitter:data2\" content=\"3 minuti\" \/>\n<script type=\"application\/ld+json\" class=\"yoast-schema-graph\">{\"@context\":\"https:\/\/schema.org\",\"@graph\":[{\"@type\":\"Article\",\"@id\":\"https:\/\/www.pressenza.com\/it\/2016\/04\/milagro-sala-deve-difendesi-cittadina-libera\/#article\",\"isPartOf\":{\"@id\":\"https:\/\/www.pressenza.com\/it\/2016\/04\/milagro-sala-deve-difendesi-cittadina-libera\/\"},\"author\":{\"name\":\"Olivier Turquet\",\"@id\":\"https:\/\/www.pressenza.com\/it\/#\/schema\/person\/636f8feb51f63f34e7378d5fcdd1de53\"},\"headline\":\"Milagro Sala deve difendersi da cittadina libera\",\"datePublished\":\"2016-04-12T09:06:57+00:00\",\"dateModified\":\"2016-09-25T14:41:07+00:00\",\"mainEntityOfPage\":{\"@id\":\"https:\/\/www.pressenza.com\/it\/2016\/04\/milagro-sala-deve-difendesi-cittadina-libera\/\"},\"wordCount\":594,\"publisher\":{\"@id\":\"https:\/\/www.pressenza.com\/it\/#organization\"},\"image\":{\"@id\":\"https:\/\/www.pressenza.com\/it\/2016\/04\/milagro-sala-deve-difendesi-cittadina-libera\/#primaryimage\"},\"thumbnailUrl\":\"https:\/\/www.pressenza.com\/wp-content\/uploads\/2016\/04\/giovanna-martelli.jpg\",\"keywords\":[\"Giovanna Martelli\",\"Milagro Sala\",\"Tupac Amaru\"],\"articleSection\":[\"contenuti originali\",\"Diritti Umani\",\"Europa\",\"Internazionale\",\"Interviste\",\"Sud America\"],\"inLanguage\":\"it-IT\"},{\"@type\":\"WebPage\",\"@id\":\"https:\/\/www.pressenza.com\/it\/2016\/04\/milagro-sala-deve-difendesi-cittadina-libera\/\",\"url\":\"https:\/\/www.pressenza.com\/it\/2016\/04\/milagro-sala-deve-difendesi-cittadina-libera\/\",\"name\":\"Milagro Sala deve difendersi da cittadina libera\",\"isPartOf\":{\"@id\":\"https:\/\/www.pressenza.com\/it\/#website\"},\"primaryImageOfPage\":{\"@id\":\"https:\/\/www.pressenza.com\/it\/2016\/04\/milagro-sala-deve-difendesi-cittadina-libera\/#primaryimage\"},\"image\":{\"@id\":\"https:\/\/www.pressenza.com\/it\/2016\/04\/milagro-sala-deve-difendesi-cittadina-libera\/#primaryimage\"},\"thumbnailUrl\":\"https:\/\/www.pressenza.com\/wp-content\/uploads\/2016\/04\/giovanna-martelli.jpg\",\"datePublished\":\"2016-04-12T09:06:57+00:00\",\"dateModified\":\"2016-09-25T14:41:07+00:00\",\"description\":\"Giovanna Martelli, deputata, \u00e8 stata tra le prime persone in Italia a mobilitarsi per Milagro Sala, la leader della Tupac Amaru imprigionata da gennaio a\",\"breadcrumb\":{\"@id\":\"https:\/\/www.pressenza.com\/it\/2016\/04\/milagro-sala-deve-difendesi-cittadina-libera\/#breadcrumb\"},\"inLanguage\":\"it-IT\",\"potentialAction\":[{\"@type\":\"ReadAction\",\"target\":[\"https:\/\/www.pressenza.com\/it\/2016\/04\/milagro-sala-deve-difendesi-cittadina-libera\/\"]}]},{\"@type\":\"ImageObject\",\"inLanguage\":\"it-IT\",\"@id\":\"https:\/\/www.pressenza.com\/it\/2016\/04\/milagro-sala-deve-difendesi-cittadina-libera\/#primaryimage\",\"url\":\"https:\/\/www.pressenza.com\/wp-content\/uploads\/2016\/04\/giovanna-martelli.jpg\",\"contentUrl\":\"https:\/\/www.pressenza.com\/wp-content\/uploads\/2016\/04\/giovanna-martelli.jpg\",\"width\":1600,\"height\":1197},{\"@type\":\"BreadcrumbList\",\"@id\":\"https:\/\/www.pressenza.com\/it\/2016\/04\/milagro-sala-deve-difendesi-cittadina-libera\/#breadcrumb\",\"itemListElement\":[{\"@type\":\"ListItem\",\"position\":1,\"name\":\"Accueil\",\"item\":\"https:\/\/www.pressenza.com\/it\/\"},{\"@type\":\"ListItem\",\"position\":2,\"name\":\"Milagro Sala deve difendersi da cittadina libera\"}]},{\"@type\":\"WebSite\",\"@id\":\"https:\/\/www.pressenza.com\/it\/#website\",\"url\":\"https:\/\/www.pressenza.com\/it\/\",\"name\":\"Pressenza\",\"description\":\"Agenzia di Stampa Internazionale\",\"publisher\":{\"@id\":\"https:\/\/www.pressenza.com\/it\/#organization\"},\"potentialAction\":[{\"@type\":\"SearchAction\",\"target\":{\"@type\":\"EntryPoint\",\"urlTemplate\":\"https:\/\/www.pressenza.com\/it\/?s={search_term_string}\"},\"query-input\":{\"@type\":\"PropertyValueSpecification\",\"valueRequired\":true,\"valueName\":\"search_term_string\"}}],\"inLanguage\":\"it-IT\"},{\"@type\":\"Organization\",\"@id\":\"https:\/\/www.pressenza.com\/it\/#organization\",\"name\":\"Pressenza\",\"url\":\"https:\/\/www.pressenza.com\/it\/\",\"logo\":{\"@type\":\"ImageObject\",\"inLanguage\":\"it-IT\",\"@id\":\"https:\/\/www.pressenza.com\/it\/#\/schema\/logo\/image\/\",\"url\":\"https:\/\/www.pressenza.com\/wp-content\/uploads\/2022\/10\/pressenza_logo_200x200.jpg\",\"contentUrl\":\"https:\/\/www.pressenza.com\/wp-content\/uploads\/2022\/10\/pressenza_logo_200x200.jpg\",\"width\":200,\"height\":200,\"caption\":\"Pressenza\"},\"image\":{\"@id\":\"https:\/\/www.pressenza.com\/it\/#\/schema\/logo\/image\/\"},\"sameAs\":[\"https:\/\/www.facebook.com\/PressenzaItalia\",\"https:\/\/x.com\/PressenzaIPA\"]},{\"@type\":\"Person\",\"@id\":\"https:\/\/www.pressenza.com\/it\/#\/schema\/person\/636f8feb51f63f34e7378d5fcdd1de53\",\"name\":\"Olivier Turquet\",\"description\":\"Takes care of writing to tell the reality for about 40 years. He has worked with paper publications, radio and electronic He founded the electronic news agency humanist Good News. He was press secretary to various events such as: the International Humanist, Florence Play, the World March for Peace and Nonviolence. Currently coordinates the Italian team of Pressenza. olivierturquet.wordpress.com\",\"sameAs\":[\"http:\/\/olivierturquet.wordpress.com\"],\"url\":\"https:\/\/www.pressenza.com\/it\/author\/olivier-turquet\/\"}]}<\/script>\n<!-- \/ Yoast SEO plugin. -->","yoast_head_json":{"title":"Milagro Sala deve difendersi da cittadina libera","description":"Giovanna Martelli, deputata, \u00e8 stata tra le prime persone in Italia a mobilitarsi per Milagro Sala, la leader della Tupac Amaru imprigionata da gennaio a","robots":{"index":"index","follow":"follow","max-snippet":"max-snippet:-1","max-image-preview":"max-image-preview:large","max-video-preview":"max-video-preview:-1"},"canonical":"https:\/\/www.pressenza.com\/it\/2016\/04\/milagro-sala-deve-difendesi-cittadina-libera\/","og_locale":"it_IT","og_type":"article","og_title":"Milagro Sala deve difendersi da cittadina libera","og_description":"Giovanna Martelli, deputata, \u00e8 stata tra le prime persone in Italia a mobilitarsi per Milagro Sala, la leader della Tupac Amaru imprigionata da gennaio a","og_url":"https:\/\/www.pressenza.com\/it\/2016\/04\/milagro-sala-deve-difendesi-cittadina-libera\/","og_site_name":"Pressenza","article_publisher":"https:\/\/www.facebook.com\/PressenzaItalia","article_published_time":"2016-04-12T09:06:57+00:00","article_modified_time":"2016-09-25T14:41:07+00:00","og_image":[{"width":1600,"height":1197,"url":"https:\/\/www.pressenza.com\/wp-content\/uploads\/2016\/04\/giovanna-martelli.jpg","type":"image\/jpeg"}],"author":"Olivier Turquet","twitter_card":"summary_large_image","twitter_creator":"@PressenzaIPA","twitter_site":"@PressenzaIPA","twitter_misc":{"Scritto da":"Olivier Turquet","Tempo di lettura stimato":"3 minuti"},"schema":{"@context":"https:\/\/schema.org","@graph":[{"@type":"Article","@id":"https:\/\/www.pressenza.com\/it\/2016\/04\/milagro-sala-deve-difendesi-cittadina-libera\/#article","isPartOf":{"@id":"https:\/\/www.pressenza.com\/it\/2016\/04\/milagro-sala-deve-difendesi-cittadina-libera\/"},"author":{"name":"Olivier Turquet","@id":"https:\/\/www.pressenza.com\/it\/#\/schema\/person\/636f8feb51f63f34e7378d5fcdd1de53"},"headline":"Milagro Sala deve difendersi da cittadina libera","datePublished":"2016-04-12T09:06:57+00:00","dateModified":"2016-09-25T14:41:07+00:00","mainEntityOfPage":{"@id":"https:\/\/www.pressenza.com\/it\/2016\/04\/milagro-sala-deve-difendesi-cittadina-libera\/"},"wordCount":594,"publisher":{"@id":"https:\/\/www.pressenza.com\/it\/#organization"},"image":{"@id":"https:\/\/www.pressenza.com\/it\/2016\/04\/milagro-sala-deve-difendesi-cittadina-libera\/#primaryimage"},"thumbnailUrl":"https:\/\/www.pressenza.com\/wp-content\/uploads\/2016\/04\/giovanna-martelli.jpg","keywords":["Giovanna Martelli","Milagro Sala","Tupac Amaru"],"articleSection":["contenuti originali","Diritti Umani","Europa","Internazionale","Interviste","Sud America"],"inLanguage":"it-IT"},{"@type":"WebPage","@id":"https:\/\/www.pressenza.com\/it\/2016\/04\/milagro-sala-deve-difendesi-cittadina-libera\/","url":"https:\/\/www.pressenza.com\/it\/2016\/04\/milagro-sala-deve-difendesi-cittadina-libera\/","name":"Milagro Sala deve difendersi da cittadina libera","isPartOf":{"@id":"https:\/\/www.pressenza.com\/it\/#website"},"primaryImageOfPage":{"@id":"https:\/\/www.pressenza.com\/it\/2016\/04\/milagro-sala-deve-difendesi-cittadina-libera\/#primaryimage"},"image":{"@id":"https:\/\/www.pressenza.com\/it\/2016\/04\/milagro-sala-deve-difendesi-cittadina-libera\/#primaryimage"},"thumbnailUrl":"https:\/\/www.pressenza.com\/wp-content\/uploads\/2016\/04\/giovanna-martelli.jpg","datePublished":"2016-04-12T09:06:57+00:00","dateModified":"2016-09-25T14:41:07+00:00","description":"Giovanna Martelli, deputata, \u00e8 stata tra le prime persone in Italia a mobilitarsi per Milagro Sala, la leader della Tupac Amaru imprigionata da gennaio a","breadcrumb":{"@id":"https:\/\/www.pressenza.com\/it\/2016\/04\/milagro-sala-deve-difendesi-cittadina-libera\/#breadcrumb"},"inLanguage":"it-IT","potentialAction":[{"@type":"ReadAction","target":["https:\/\/www.pressenza.com\/it\/2016\/04\/milagro-sala-deve-difendesi-cittadina-libera\/"]}]},{"@type":"ImageObject","inLanguage":"it-IT","@id":"https:\/\/www.pressenza.com\/it\/2016\/04\/milagro-sala-deve-difendesi-cittadina-libera\/#primaryimage","url":"https:\/\/www.pressenza.com\/wp-content\/uploads\/2016\/04\/giovanna-martelli.jpg","contentUrl":"https:\/\/www.pressenza.com\/wp-content\/uploads\/2016\/04\/giovanna-martelli.jpg","width":1600,"height":1197},{"@type":"BreadcrumbList","@id":"https:\/\/www.pressenza.com\/it\/2016\/04\/milagro-sala-deve-difendesi-cittadina-libera\/#breadcrumb","itemListElement":[{"@type":"ListItem","position":1,"name":"Accueil","item":"https:\/\/www.pressenza.com\/it\/"},{"@type":"ListItem","position":2,"name":"Milagro Sala deve difendersi da cittadina libera"}]},{"@type":"WebSite","@id":"https:\/\/www.pressenza.com\/it\/#website","url":"https:\/\/www.pressenza.com\/it\/","name":"Pressenza","description":"Agenzia di Stampa Internazionale","publisher":{"@id":"https:\/\/www.pressenza.com\/it\/#organization"},"potentialAction":[{"@type":"SearchAction","target":{"@type":"EntryPoint","urlTemplate":"https:\/\/www.pressenza.com\/it\/?s={search_term_string}"},"query-input":{"@type":"PropertyValueSpecification","valueRequired":true,"valueName":"search_term_string"}}],"inLanguage":"it-IT"},{"@type":"Organization","@id":"https:\/\/www.pressenza.com\/it\/#organization","name":"Pressenza","url":"https:\/\/www.pressenza.com\/it\/","logo":{"@type":"ImageObject","inLanguage":"it-IT","@id":"https:\/\/www.pressenza.com\/it\/#\/schema\/logo\/image\/","url":"https:\/\/www.pressenza.com\/wp-content\/uploads\/2022\/10\/pressenza_logo_200x200.jpg","contentUrl":"https:\/\/www.pressenza.com\/wp-content\/uploads\/2022\/10\/pressenza_logo_200x200.jpg","width":200,"height":200,"caption":"Pressenza"},"image":{"@id":"https:\/\/www.pressenza.com\/it\/#\/schema\/logo\/image\/"},"sameAs":["https:\/\/www.facebook.com\/PressenzaItalia","https:\/\/x.com\/PressenzaIPA"]},{"@type":"Person","@id":"https:\/\/www.pressenza.com\/it\/#\/schema\/person\/636f8feb51f63f34e7378d5fcdd1de53","name":"Olivier Turquet","description":"Takes care of writing to tell the reality for about 40 years. He has worked with paper publications, radio and electronic He founded the electronic news agency humanist Good News. He was press secretary to various events such as: the International Humanist, Florence Play, the World March for Peace and Nonviolence. Currently coordinates the Italian team of Pressenza. olivierturquet.wordpress.com","sameAs":["http:\/\/olivierturquet.wordpress.com"],"url":"https:\/\/www.pressenza.com\/it\/author\/olivier-turquet\/"}]}},"place":"","original_article_url":"","_links":{"self":[{"href":"https:\/\/www.pressenza.com\/it\/wp-json\/wp\/v2\/posts\/301382","targetHints":{"allow":["GET"]}}],"collection":[{"href":"https:\/\/www.pressenza.com\/it\/wp-json\/wp\/v2\/posts"}],"about":[{"href":"https:\/\/www.pressenza.com\/it\/wp-json\/wp\/v2\/types\/post"}],"author":[{"embeddable":true,"href":"https:\/\/www.pressenza.com\/it\/wp-json\/wp\/v2\/users\/10"}],"replies":[{"embeddable":true,"href":"https:\/\/www.pressenza.com\/it\/wp-json\/wp\/v2\/comments?post=301382"}],"version-history":[{"count":0,"href":"https:\/\/www.pressenza.com\/it\/wp-json\/wp\/v2\/posts\/301382\/revisions"}],"wp:featuredmedia":[{"embeddable":true,"href":"https:\/\/www.pressenza.com\/it\/wp-json\/wp\/v2\/media\/301386"}],"wp:attachment":[{"href":"https:\/\/www.pressenza.com\/it\/wp-json\/wp\/v2\/media?parent=301382"}],"wp:term":[{"taxonomy":"category","embeddable":true,"href":"https:\/\/www.pressenza.com\/it\/wp-json\/wp\/v2\/categories?post=301382"},{"taxonomy":"post_tag","embeddable":true,"href":"https:\/\/www.pressenza.com\/it\/wp-json\/wp\/v2\/tags?post=301382"}],"curies":[{"name":"wp","href":"https:\/\/api.w.org\/{rel}","templated":true}]}}