{"id":294073,"date":"2016-03-25T16:20:09","date_gmt":"2016-03-25T16:20:09","guid":{"rendered":"http:\/\/www.pressenza.com\/it\/?p=294073"},"modified":"2016-03-25T16:20:09","modified_gmt":"2016-03-25T16:20:09","slug":"294073","status":"publish","type":"post","link":"https:\/\/www.pressenza.com\/it\/2016\/03\/294073\/","title":{"rendered":"&#8220;Verit\u00e0 per Giulio Regeni&#8221;: tante adesioni, ora passo avanti dell&#8217;Italia"},"content":{"rendered":"<p>Alla vigilia del secondo mese dalla scomparsa al Cairo del giovane ricercatore italiano Giulio Regeni, il presidente di Amnesty International Italia Antonio Marchesi ha rilasciato la seguente dichiarazione:<\/p>\n<p>\u201cLa richiesta di \u2018Verit\u00e0 per Giulio Regeni\u2019 \u00e8 stata fatta propria da tutta la societ\u00e0 italiana, che non accetter\u00e0 versioni di comodo, n\u00e9 permetter\u00e0 che cali il silenzio sulla vicenda. E se non ci saranno al pi\u00f9 presto progressi verso la verit\u00e0, e continueranno al contrario a circolare piste improbabili, riteniamo che il Governo debba andare oltre l&#8217;iniziativa diplomatica e valutare l&#8217;uso di tutti gli altri strumenti possibili: compresi quelli previsti dall&#8217;accordo di associazione tra l&#8217;Unione europea, i suoi stati membri e l&#8217;Egitto, e dalla Convenzione delle Nazioni Unite contro la tortura (di cui sia l&#8217;Italia che l&#8217;Egitto sono parti) che impone precisi obblighi internazionali di investigare fatti di tortura e di processare o estradare gli accusati di quei fatti.\u201d<\/p>\n<p>\u201cSul versante penale\u201d ha aggiunto Marchesi \u201cl&#8217;auspicio \u00e8 che al termine delle indagini dei nostri investigatori, si possa procedere a incriminare anche in Italia i sospettati dell&#8217;uccisione di Giulio Regeni, utilizzando le norme del codice che permettono di processare gli autori di \u2018reati politici\u2019 commessi all&#8217;estero contro cittadini italiani. Sarebbe stato importante che tali future incriminazioni potessero qualificare le torture a cui \u00e8 stato sottoposto Giulio non semplicemente come aggravanti dell&#8217;omicidio, ma per quello che sono, e cio\u00e8 come \u2018tortura\u2019 secondo il codice penale. Purtroppo, vista la ben nota assenza del reato specifico di tortura nel nostro ordinamento, ci\u00f2 non sar\u00e0 possibile\u201d.<\/p>\n<p>Alla campagna \u201cVerit\u00e0 per Giulio Regeni\u201d hanno aderito sinora: 4 Regioni (Basilicata, Friuli Venezia Giulia,\u00a0Puglia e Toscana), la Provincia di Bergamo e 62 Comuni (tra cui Bari, Bologna, Campobasso, Fiumicello, L\u2019Aquila, Milano, Napoli, Palermo, Trieste e i Municipi Roma I, VIII e IX); 24 universit\u00e0 tra cui gli atenei di Bologna, Cagliari, Milano, il Politecnico di Milano, Napoli (Federico II), Pisa, la Scuola Superiore di Sant\u2019Anna, la Scuola Normale Superiore (Pisa), Roma (La Sapienza), Roma (Tor Vergata), Roma Tre, Teramo, Torino, il Politecnico di Torino,\u00a0Trieste, Udine,\u00a0Venezia (Iuav), Sheffield (Regno Unito); 15 scuole\u00a0e 10 biblioteche; 17 media (tra cui la Repubblica); 61 fra gruppi e associazioni. Innumerevoli sono inoltre le adesioni dei privati cittadini: messaggi di sostegno giungono ogni giorno, anche\u00a0sui social network, da parte della societ\u00e0 civile sia italiana sia estera.<\/p>\n<p>L\u2019elenco delle adesioni alla campagna \u201cVerit\u00e0 per Giulio Regeni\u201d \u00e8 in continuo aggiornamento<br \/>\n<a href=\"http:\/\/www.amnesty.it\/egitto-Verita-per-Giulio-Regeni\" target=\"\">http:\/\/www.amnesty.it\/egitto-Verita-per-Giulio-Regeni<\/a><\/p>\n<p>Dalle piazze al carcere: una generazione di giovani attivisti schiacciata dalla repressione in Egitto<br \/>\n<a href=\"http:\/\/www.amnesty.it\/dalle-piazze-al-carcere-una-generazione-di-giovani-attivisti-schiacciata-dalla-repressione-in-egitto\" target=\"\">http:\/\/www.amnesty.it\/dalle-piazze-al-carcere-una-generazione-di-giovani-attivisti-schiacciata-dalla-repressione-in-egitto<\/a><\/p>\n<p>Rapporto \u201cGeneration jail: Egypt\u2019s youth go from protest to prison\u201d<br \/>\n<a href=\"https:\/\/www.amnesty.org\/en\/documents\/mde12\/1853\/2015\/en\/\" target=\"\">https:\/\/www.amnesty.org\/en\/documents\/mde12\/1853\/2015\/en\/<\/a><\/p>\n<p>Rapporto 2015-2016, capitolo Egitto<br \/>\n<a href=\"http:\/\/rapportoannuale.amnesty.it\/sites\/default\/files\/2016\/Egitto.pdf\" target=\"\">http:\/\/rapportoannuale.amnesty.it\/sites\/default\/files\/2016\/Egitto.pdf<\/a><\/p>\n","protected":false},"excerpt":{"rendered":"<p>Alla vigilia del secondo mese dalla scomparsa al Cairo del giovane ricercatore italiano Giulio Regeni, il presidente di Amnesty International Italia Antonio Marchesi ha rilasciato la seguente dichiarazione: \u201cLa richiesta di \u2018Verit\u00e0 per Giulio Regeni\u2019 \u00e8 stata fatta propria da&hellip;<\/p>\n","protected":false},"author":432,"featured_media":294074,"comment_status":"closed","ping_status":"closed","sticky":false,"template":"","format":"standard","meta":{"footnotes":""},"categories":[150,60,47,52,57],"tags":[6381,1120,6101,2827,23843,370,13255],"class_list":["post-294073","post","type-post","status-publish","format-standard","has-post-thumbnail","hentry","category-comunicati-stampa","category-diritti-umani","category-europa","category-medio-oriente","category-affari-esteri","tag-al-sisi","tag-amnesty-international-2","tag-assassinio","tag-egitto","tag-giulio-regeni","tag-italia","tag-verita"],"yoast_head":"<!-- This site is optimized with the Yoast SEO plugin v27.1.1 - https:\/\/yoast.com\/product\/yoast-seo-wordpress\/ -->\n<title>&quot;Verit\u00e0 per Giulio Regeni&quot;: tante adesioni, ora passo avanti dell&#039;Italia<\/title>\n<meta name=\"description\" content=\"Alla vigilia del secondo mese dalla scomparsa al Cairo del giovane ricercatore italiano Giulio Regeni, il presidente di Amnesty International Italia\" \/>\n<meta name=\"robots\" content=\"index, follow, max-snippet:-1, max-image-preview:large, max-video-preview:-1\" \/>\n<link rel=\"canonical\" href=\"https:\/\/www.pressenza.com\/it\/2016\/03\/294073\/\" \/>\n<meta property=\"og:locale\" content=\"it_IT\" \/>\n<meta property=\"og:type\" content=\"article\" \/>\n<meta property=\"og:title\" content=\"&quot;Verit\u00e0 per Giulio Regeni&quot;: tante adesioni, ora passo avanti dell&#039;Italia\" \/>\n<meta property=\"og:description\" content=\"Alla vigilia del secondo mese dalla scomparsa al Cairo del giovane ricercatore italiano Giulio Regeni, il presidente di Amnesty International Italia\" \/>\n<meta property=\"og:url\" content=\"https:\/\/www.pressenza.com\/it\/2016\/03\/294073\/\" \/>\n<meta property=\"og:site_name\" content=\"Pressenza\" \/>\n<meta property=\"article:publisher\" content=\"https:\/\/www.facebook.com\/PressenzaItalia\" \/>\n<meta property=\"article:author\" content=\"https:\/\/www.facebook.com\/amnestyglobal\" \/>\n<meta property=\"article:published_time\" content=\"2016-03-25T16:20:09+00:00\" \/>\n<meta property=\"og:image\" content=\"https:\/\/www.pressenza.com\/wp-content\/uploads\/2016\/03\/verit\u00e0-Regeni-1.png\" \/>\n\t<meta property=\"og:image:width\" content=\"960\" \/>\n\t<meta property=\"og:image:height\" content=\"355\" \/>\n\t<meta property=\"og:image:type\" content=\"image\/png\" \/>\n<meta name=\"author\" content=\"Amnesty International\" \/>\n<meta name=\"twitter:card\" content=\"summary_large_image\" \/>\n<meta name=\"twitter:creator\" content=\"@amnesty\" \/>\n<meta name=\"twitter:site\" content=\"@PressenzaIPA\" \/>\n<meta name=\"twitter:label1\" content=\"Scritto da\" \/>\n\t<meta name=\"twitter:data1\" content=\"Amnesty International\" \/>\n\t<meta name=\"twitter:label2\" content=\"Tempo di lettura stimato\" \/>\n\t<meta name=\"twitter:data2\" content=\"2 minuti\" \/>\n<script type=\"application\/ld+json\" class=\"yoast-schema-graph\">{\"@context\":\"https:\/\/schema.org\",\"@graph\":[{\"@type\":\"Article\",\"@id\":\"https:\/\/www.pressenza.com\/it\/2016\/03\/294073\/#article\",\"isPartOf\":{\"@id\":\"https:\/\/www.pressenza.com\/it\/2016\/03\/294073\/\"},\"author\":{\"name\":\"Amnesty International\",\"@id\":\"https:\/\/www.pressenza.com\/it\/#\/schema\/person\/9b981b05c7ecf09292e6acb3223b2d9d\"},\"headline\":\"&#8220;Verit\u00e0 per Giulio Regeni&#8221;: tante adesioni, ora passo avanti dell&#8217;Italia\",\"datePublished\":\"2016-03-25T16:20:09+00:00\",\"mainEntityOfPage\":{\"@id\":\"https:\/\/www.pressenza.com\/it\/2016\/03\/294073\/\"},\"wordCount\":469,\"publisher\":{\"@id\":\"https:\/\/www.pressenza.com\/it\/#organization\"},\"image\":{\"@id\":\"https:\/\/www.pressenza.com\/it\/2016\/03\/294073\/#primaryimage\"},\"thumbnailUrl\":\"https:\/\/www.pressenza.com\/wp-content\/uploads\/2016\/03\/verit\u00e0-Regeni-1.png\",\"keywords\":[\"Al-Sisi\",\"Amnesty International\",\"assassinio\",\"Egitto\",\"Giulio Regeni\",\"Italia\",\"verit\u00e0\"],\"articleSection\":[\"Comunicati Stampa\",\"Diritti Umani\",\"Europa\",\"Medio Oriente\",\"Questioni internazionali\"],\"inLanguage\":\"it-IT\"},{\"@type\":\"WebPage\",\"@id\":\"https:\/\/www.pressenza.com\/it\/2016\/03\/294073\/\",\"url\":\"https:\/\/www.pressenza.com\/it\/2016\/03\/294073\/\",\"name\":\"\\\"Verit\u00e0 per Giulio Regeni\\\": tante adesioni, ora passo avanti dell'Italia\",\"isPartOf\":{\"@id\":\"https:\/\/www.pressenza.com\/it\/#website\"},\"primaryImageOfPage\":{\"@id\":\"https:\/\/www.pressenza.com\/it\/2016\/03\/294073\/#primaryimage\"},\"image\":{\"@id\":\"https:\/\/www.pressenza.com\/it\/2016\/03\/294073\/#primaryimage\"},\"thumbnailUrl\":\"https:\/\/www.pressenza.com\/wp-content\/uploads\/2016\/03\/verit\u00e0-Regeni-1.png\",\"datePublished\":\"2016-03-25T16:20:09+00:00\",\"description\":\"Alla vigilia del secondo mese dalla scomparsa al Cairo del giovane ricercatore italiano Giulio Regeni, il presidente di Amnesty International Italia\",\"breadcrumb\":{\"@id\":\"https:\/\/www.pressenza.com\/it\/2016\/03\/294073\/#breadcrumb\"},\"inLanguage\":\"it-IT\",\"potentialAction\":[{\"@type\":\"ReadAction\",\"target\":[\"https:\/\/www.pressenza.com\/it\/2016\/03\/294073\/\"]}]},{\"@type\":\"ImageObject\",\"inLanguage\":\"it-IT\",\"@id\":\"https:\/\/www.pressenza.com\/it\/2016\/03\/294073\/#primaryimage\",\"url\":\"https:\/\/www.pressenza.com\/wp-content\/uploads\/2016\/03\/verit\u00e0-Regeni-1.png\",\"contentUrl\":\"https:\/\/www.pressenza.com\/wp-content\/uploads\/2016\/03\/verit\u00e0-Regeni-1.png\",\"width\":960,\"height\":355,\"caption\":\"verit\u00e0 giulio regeni amnesty\"},{\"@type\":\"BreadcrumbList\",\"@id\":\"https:\/\/www.pressenza.com\/it\/2016\/03\/294073\/#breadcrumb\",\"itemListElement\":[{\"@type\":\"ListItem\",\"position\":1,\"name\":\"Accueil\",\"item\":\"https:\/\/www.pressenza.com\/it\/\"},{\"@type\":\"ListItem\",\"position\":2,\"name\":\"&#8220;Verit\u00e0 per Giulio Regeni&#8221;: tante adesioni, ora passo avanti dell&#8217;Italia\"}]},{\"@type\":\"WebSite\",\"@id\":\"https:\/\/www.pressenza.com\/it\/#website\",\"url\":\"https:\/\/www.pressenza.com\/it\/\",\"name\":\"Pressenza\",\"description\":\"Agenzia di Stampa Internazionale\",\"publisher\":{\"@id\":\"https:\/\/www.pressenza.com\/it\/#organization\"},\"potentialAction\":[{\"@type\":\"SearchAction\",\"target\":{\"@type\":\"EntryPoint\",\"urlTemplate\":\"https:\/\/www.pressenza.com\/it\/?s={search_term_string}\"},\"query-input\":{\"@type\":\"PropertyValueSpecification\",\"valueRequired\":true,\"valueName\":\"search_term_string\"}}],\"inLanguage\":\"it-IT\"},{\"@type\":\"Organization\",\"@id\":\"https:\/\/www.pressenza.com\/it\/#organization\",\"name\":\"Pressenza\",\"url\":\"https:\/\/www.pressenza.com\/it\/\",\"logo\":{\"@type\":\"ImageObject\",\"inLanguage\":\"it-IT\",\"@id\":\"https:\/\/www.pressenza.com\/it\/#\/schema\/logo\/image\/\",\"url\":\"https:\/\/www.pressenza.com\/wp-content\/uploads\/2022\/10\/pressenza_logo_200x200.jpg\",\"contentUrl\":\"https:\/\/www.pressenza.com\/wp-content\/uploads\/2022\/10\/pressenza_logo_200x200.jpg\",\"width\":200,\"height\":200,\"caption\":\"Pressenza\"},\"image\":{\"@id\":\"https:\/\/www.pressenza.com\/it\/#\/schema\/logo\/image\/\"},\"sameAs\":[\"https:\/\/www.facebook.com\/PressenzaItalia\",\"https:\/\/x.com\/PressenzaIPA\"]},{\"@type\":\"Person\",\"@id\":\"https:\/\/www.pressenza.com\/it\/#\/schema\/person\/9b981b05c7ecf09292e6acb3223b2d9d\",\"name\":\"Amnesty International\",\"description\":\"Amnesty International is a global movement of more than 3 million supporters, members and activists in over 150 countries and territories who campaign to end grave abuses of human rights. Our vision is for every person to enjoy all the rights enshrined in the Universal Declaration of Human Rights and other international human rights standards. www.amnesty.org\",\"sameAs\":[\"http:\/\/www.amnesty.it\",\"https:\/\/www.facebook.com\/amnestyglobal\",\"https:\/\/x.com\/amnesty\"],\"url\":\"https:\/\/www.pressenza.com\/it\/author\/amnesty-international\/\"}]}<\/script>\n<!-- \/ Yoast SEO plugin. -->","yoast_head_json":{"title":"\"Verit\u00e0 per Giulio Regeni\": tante adesioni, ora passo avanti dell'Italia","description":"Alla vigilia del secondo mese dalla scomparsa al Cairo del giovane ricercatore italiano Giulio Regeni, il presidente di Amnesty International Italia","robots":{"index":"index","follow":"follow","max-snippet":"max-snippet:-1","max-image-preview":"max-image-preview:large","max-video-preview":"max-video-preview:-1"},"canonical":"https:\/\/www.pressenza.com\/it\/2016\/03\/294073\/","og_locale":"it_IT","og_type":"article","og_title":"\"Verit\u00e0 per Giulio Regeni\": tante adesioni, ora passo avanti dell'Italia","og_description":"Alla vigilia del secondo mese dalla scomparsa al Cairo del giovane ricercatore italiano Giulio Regeni, il presidente di Amnesty International Italia","og_url":"https:\/\/www.pressenza.com\/it\/2016\/03\/294073\/","og_site_name":"Pressenza","article_publisher":"https:\/\/www.facebook.com\/PressenzaItalia","article_author":"https:\/\/www.facebook.com\/amnestyglobal","article_published_time":"2016-03-25T16:20:09+00:00","og_image":[{"width":960,"height":355,"url":"https:\/\/www.pressenza.com\/wp-content\/uploads\/2016\/03\/verit\u00e0-Regeni-1.png","type":"image\/png"}],"author":"Amnesty International","twitter_card":"summary_large_image","twitter_creator":"@amnesty","twitter_site":"@PressenzaIPA","twitter_misc":{"Scritto da":"Amnesty International","Tempo di lettura stimato":"2 minuti"},"schema":{"@context":"https:\/\/schema.org","@graph":[{"@type":"Article","@id":"https:\/\/www.pressenza.com\/it\/2016\/03\/294073\/#article","isPartOf":{"@id":"https:\/\/www.pressenza.com\/it\/2016\/03\/294073\/"},"author":{"name":"Amnesty International","@id":"https:\/\/www.pressenza.com\/it\/#\/schema\/person\/9b981b05c7ecf09292e6acb3223b2d9d"},"headline":"&#8220;Verit\u00e0 per Giulio Regeni&#8221;: tante adesioni, ora passo avanti dell&#8217;Italia","datePublished":"2016-03-25T16:20:09+00:00","mainEntityOfPage":{"@id":"https:\/\/www.pressenza.com\/it\/2016\/03\/294073\/"},"wordCount":469,"publisher":{"@id":"https:\/\/www.pressenza.com\/it\/#organization"},"image":{"@id":"https:\/\/www.pressenza.com\/it\/2016\/03\/294073\/#primaryimage"},"thumbnailUrl":"https:\/\/www.pressenza.com\/wp-content\/uploads\/2016\/03\/verit\u00e0-Regeni-1.png","keywords":["Al-Sisi","Amnesty International","assassinio","Egitto","Giulio Regeni","Italia","verit\u00e0"],"articleSection":["Comunicati Stampa","Diritti Umani","Europa","Medio Oriente","Questioni internazionali"],"inLanguage":"it-IT"},{"@type":"WebPage","@id":"https:\/\/www.pressenza.com\/it\/2016\/03\/294073\/","url":"https:\/\/www.pressenza.com\/it\/2016\/03\/294073\/","name":"\"Verit\u00e0 per Giulio Regeni\": tante adesioni, ora passo avanti dell'Italia","isPartOf":{"@id":"https:\/\/www.pressenza.com\/it\/#website"},"primaryImageOfPage":{"@id":"https:\/\/www.pressenza.com\/it\/2016\/03\/294073\/#primaryimage"},"image":{"@id":"https:\/\/www.pressenza.com\/it\/2016\/03\/294073\/#primaryimage"},"thumbnailUrl":"https:\/\/www.pressenza.com\/wp-content\/uploads\/2016\/03\/verit\u00e0-Regeni-1.png","datePublished":"2016-03-25T16:20:09+00:00","description":"Alla vigilia del secondo mese dalla scomparsa al Cairo del giovane ricercatore italiano Giulio Regeni, il presidente di Amnesty International Italia","breadcrumb":{"@id":"https:\/\/www.pressenza.com\/it\/2016\/03\/294073\/#breadcrumb"},"inLanguage":"it-IT","potentialAction":[{"@type":"ReadAction","target":["https:\/\/www.pressenza.com\/it\/2016\/03\/294073\/"]}]},{"@type":"ImageObject","inLanguage":"it-IT","@id":"https:\/\/www.pressenza.com\/it\/2016\/03\/294073\/#primaryimage","url":"https:\/\/www.pressenza.com\/wp-content\/uploads\/2016\/03\/verit\u00e0-Regeni-1.png","contentUrl":"https:\/\/www.pressenza.com\/wp-content\/uploads\/2016\/03\/verit\u00e0-Regeni-1.png","width":960,"height":355,"caption":"verit\u00e0 giulio regeni amnesty"},{"@type":"BreadcrumbList","@id":"https:\/\/www.pressenza.com\/it\/2016\/03\/294073\/#breadcrumb","itemListElement":[{"@type":"ListItem","position":1,"name":"Accueil","item":"https:\/\/www.pressenza.com\/it\/"},{"@type":"ListItem","position":2,"name":"&#8220;Verit\u00e0 per Giulio Regeni&#8221;: tante adesioni, ora passo avanti dell&#8217;Italia"}]},{"@type":"WebSite","@id":"https:\/\/www.pressenza.com\/it\/#website","url":"https:\/\/www.pressenza.com\/it\/","name":"Pressenza","description":"Agenzia di Stampa Internazionale","publisher":{"@id":"https:\/\/www.pressenza.com\/it\/#organization"},"potentialAction":[{"@type":"SearchAction","target":{"@type":"EntryPoint","urlTemplate":"https:\/\/www.pressenza.com\/it\/?s={search_term_string}"},"query-input":{"@type":"PropertyValueSpecification","valueRequired":true,"valueName":"search_term_string"}}],"inLanguage":"it-IT"},{"@type":"Organization","@id":"https:\/\/www.pressenza.com\/it\/#organization","name":"Pressenza","url":"https:\/\/www.pressenza.com\/it\/","logo":{"@type":"ImageObject","inLanguage":"it-IT","@id":"https:\/\/www.pressenza.com\/it\/#\/schema\/logo\/image\/","url":"https:\/\/www.pressenza.com\/wp-content\/uploads\/2022\/10\/pressenza_logo_200x200.jpg","contentUrl":"https:\/\/www.pressenza.com\/wp-content\/uploads\/2022\/10\/pressenza_logo_200x200.jpg","width":200,"height":200,"caption":"Pressenza"},"image":{"@id":"https:\/\/www.pressenza.com\/it\/#\/schema\/logo\/image\/"},"sameAs":["https:\/\/www.facebook.com\/PressenzaItalia","https:\/\/x.com\/PressenzaIPA"]},{"@type":"Person","@id":"https:\/\/www.pressenza.com\/it\/#\/schema\/person\/9b981b05c7ecf09292e6acb3223b2d9d","name":"Amnesty International","description":"Amnesty International is a global movement of more than 3 million supporters, members and activists in over 150 countries and territories who campaign to end grave abuses of human rights. Our vision is for every person to enjoy all the rights enshrined in the Universal Declaration of Human Rights and other international human rights standards. www.amnesty.org","sameAs":["http:\/\/www.amnesty.it","https:\/\/www.facebook.com\/amnestyglobal","https:\/\/x.com\/amnesty"],"url":"https:\/\/www.pressenza.com\/it\/author\/amnesty-international\/"}]}},"place":"","original_article_url":"","_links":{"self":[{"href":"https:\/\/www.pressenza.com\/it\/wp-json\/wp\/v2\/posts\/294073","targetHints":{"allow":["GET"]}}],"collection":[{"href":"https:\/\/www.pressenza.com\/it\/wp-json\/wp\/v2\/posts"}],"about":[{"href":"https:\/\/www.pressenza.com\/it\/wp-json\/wp\/v2\/types\/post"}],"author":[{"embeddable":true,"href":"https:\/\/www.pressenza.com\/it\/wp-json\/wp\/v2\/users\/432"}],"replies":[{"embeddable":true,"href":"https:\/\/www.pressenza.com\/it\/wp-json\/wp\/v2\/comments?post=294073"}],"version-history":[{"count":0,"href":"https:\/\/www.pressenza.com\/it\/wp-json\/wp\/v2\/posts\/294073\/revisions"}],"wp:featuredmedia":[{"embeddable":true,"href":"https:\/\/www.pressenza.com\/it\/wp-json\/wp\/v2\/media\/294074"}],"wp:attachment":[{"href":"https:\/\/www.pressenza.com\/it\/wp-json\/wp\/v2\/media?parent=294073"}],"wp:term":[{"taxonomy":"category","embeddable":true,"href":"https:\/\/www.pressenza.com\/it\/wp-json\/wp\/v2\/categories?post=294073"},{"taxonomy":"post_tag","embeddable":true,"href":"https:\/\/www.pressenza.com\/it\/wp-json\/wp\/v2\/tags?post=294073"}],"curies":[{"name":"wp","href":"https:\/\/api.w.org\/{rel}","templated":true}]}}