{"id":292340,"date":"2016-03-20T21:30:59","date_gmt":"2016-03-20T21:30:59","guid":{"rendered":"http:\/\/www.pressenza.com\/it\/?p=292340"},"modified":"2016-03-20T21:30:59","modified_gmt":"2016-03-20T21:30:59","slug":"correa-denuncia-nuova-operazione-condor-governi-progressisti","status":"publish","type":"post","link":"https:\/\/www.pressenza.com\/it\/2016\/03\/correa-denuncia-nuova-operazione-condor-governi-progressisti\/","title":{"rendered":"Correa denuncia una nuova \u201cOperazione Condor\u201d contro i governi progressisti"},"content":{"rendered":"<p>Quito, 18 marzo (Andes) &#8211; Il presidente ecuadoriano Rafael Correa ha denunciato una nuova &#8220;Operazione Condor&#8221; nella regione, volta a destabilizzare i governi progressisti.<\/p>\n<p>&nbsp;<\/p>\n<p>Il coordinamento tra dittature di destra \u00e8 conosciuto come Operazione Condor, \u00e8 stato registrato in molti paesi del Sud America (Cile, Argentina, Brasile, Paraguay, Uruguay, Bolivia, Per\u00f9 ed Ecuador) tra gli anni &#8217;70 e &#8217;80, con il coinvolgimento degli Stati Uniti.<\/p>\n<p>&nbsp;<\/p>\n<p>Secondo il presidente Correa, questo nuovo piano mira non solo a intimidire, ma anche a far cadere i governi progressisti.<\/p>\n<p>&nbsp;<\/p>\n<p>&#8220;La destra brama vendetta perch\u00e9 sono passati dieci anni dall&#8217;ultima volta che hanno detto a un presidente che cosa doveva fare&#8221;.<\/p>\n<p>&nbsp;<\/p>\n<p>Correa ha aggiunto che quanto sta accadendo con l&#8217;ex presidente brasiliano non \u00e8 una coincidenza. &#8220;Pensate che questa sia una coincidenza? Questa \u00e8 la nuova Operazione Condor. Le dittature militari non sono pi\u00f9 necessarie; ora hanno bisogno di giudici sottomessi, media corrotti che pubblicano conversazioni private &#8211; il che \u00e8 assolutamente illegittimo- e se ne rallegrano senza pensare che anche loro possono essere spiati domani&#8221;, ha affermato.<\/p>\n<p>&nbsp;<\/p>\n<p>A questo proposito, il presidente ecuadoriano ha detto che l&#8217;ex presidente argentino, Cristina Fernandez de Kirchner, e i presidenti attuali della Bolivia Evo Morales, del Venezuela Nicolas Maduro, del Brasile Dilma Roussef, e lui stesso, sono stati vittime di una campagna di diffamazione e attacchi.<\/p>\n<p>&nbsp;<\/p>\n<p>Correa ha affermato che Lula &#8220;vincer\u00e0&#8221;, e ha aggiunto che i popoli latino-americani non permetteranno un arretramento.<\/p>\n<p>&nbsp;<\/p>\n<p>L&#8217;articolo originale si pu\u00f2 trovare qui<\/p>\n<p><a href=\"http:\/\/www.andes.info.ec\/en\/news\/ecuadorian-president-warns-new-condor-operation-against-progressive-governments.html\">http:\/\/www.andes.info.ec\/en\/news\/ecuadorian-president-warns-new-condor-operation-against-progressive-governments.html<\/a><\/p>\n<p>&nbsp;<\/p>\n","protected":false},"excerpt":{"rendered":"<p>Quito, 18 marzo (Andes) &#8211; Il presidente ecuadoriano Rafael Correa ha denunciato una nuova &#8220;Operazione Condor&#8221; nella regione, volta a destabilizzare i governi progressisti. &nbsp; Il coordinamento tra dittature di destra \u00e8 conosciuto come Operazione Condor, \u00e8 stato registrato in&hellip;<\/p>\n","protected":false},"author":954,"featured_media":291696,"comment_status":"closed","ping_status":"closed","sticky":false,"template":"","format":"standard","meta":{"footnotes":""},"categories":[55,48],"tags":[25132,1550,25133,8797],"class_list":["post-292340","post","type-post","status-publish","format-standard","has-post-thumbnail","hentry","category-politica","category-sud-america","tag-andes","tag-ecuador-it","tag-operazione-condor","tag-rafael-correa-it"],"yoast_head":"<!-- This site is optimized with the Yoast SEO plugin v27.1.1 - https:\/\/yoast.com\/product\/yoast-seo-wordpress\/ -->\n<title>Correa denuncia una nuova \u201cOperazione Condor\u201d contro i governi progressisti<\/title>\n<meta name=\"description\" content=\"Quito, 18 marzo (Andes) - Il presidente ecuadoriano Rafael Correa ha denunciato una nuova &quot;Operazione Condor&quot; nella regione, volta a destabilizzare i\" \/>\n<meta name=\"robots\" content=\"index, follow, max-snippet:-1, max-image-preview:large, max-video-preview:-1\" \/>\n<link rel=\"canonical\" href=\"https:\/\/www.pressenza.com\/it\/2016\/03\/correa-denuncia-nuova-operazione-condor-governi-progressisti\/\" \/>\n<meta property=\"og:locale\" content=\"it_IT\" \/>\n<meta property=\"og:type\" content=\"article\" \/>\n<meta property=\"og:title\" content=\"Correa denuncia una nuova \u201cOperazione Condor\u201d contro i governi progressisti\" \/>\n<meta property=\"og:description\" content=\"Quito, 18 marzo (Andes) - Il presidente ecuadoriano Rafael Correa ha denunciato una nuova &quot;Operazione Condor&quot; nella regione, volta a destabilizzare i\" \/>\n<meta property=\"og:url\" content=\"https:\/\/www.pressenza.com\/it\/2016\/03\/correa-denuncia-nuova-operazione-condor-governi-progressisti\/\" \/>\n<meta property=\"og:site_name\" content=\"Pressenza\" \/>\n<meta property=\"article:publisher\" content=\"https:\/\/www.facebook.com\/PressenzaItalia\" \/>\n<meta property=\"article:author\" content=\"https:\/\/www.facebook.com\/Hispantv\" \/>\n<meta property=\"article:published_time\" content=\"2016-03-20T21:30:59+00:00\" \/>\n<meta property=\"og:image\" content=\"https:\/\/www.pressenza.com\/wp-content\/uploads\/2016\/03\/2238077_xl.jpg\" \/>\n\t<meta property=\"og:image:width\" content=\"880\" \/>\n\t<meta property=\"og:image:height\" content=\"494\" \/>\n\t<meta property=\"og:image:type\" content=\"image\/jpeg\" \/>\n<meta name=\"author\" content=\"HispanTV\" \/>\n<meta name=\"twitter:card\" content=\"summary_large_image\" \/>\n<meta name=\"twitter:creator\" content=\"@Hispantv\" \/>\n<meta name=\"twitter:site\" content=\"@PressenzaIPA\" \/>\n<meta name=\"twitter:label1\" content=\"Scritto da\" \/>\n\t<meta name=\"twitter:data1\" content=\"HispanTV\" \/>\n\t<meta name=\"twitter:label2\" content=\"Tempo di lettura stimato\" \/>\n\t<meta name=\"twitter:data2\" content=\"1 minuto\" \/>\n<script type=\"application\/ld+json\" class=\"yoast-schema-graph\">{\"@context\":\"https:\/\/schema.org\",\"@graph\":[{\"@type\":\"Article\",\"@id\":\"https:\/\/www.pressenza.com\/it\/2016\/03\/correa-denuncia-nuova-operazione-condor-governi-progressisti\/#article\",\"isPartOf\":{\"@id\":\"https:\/\/www.pressenza.com\/it\/2016\/03\/correa-denuncia-nuova-operazione-condor-governi-progressisti\/\"},\"author\":{\"name\":\"HispanTV\",\"@id\":\"https:\/\/www.pressenza.com\/it\/#\/schema\/person\/2e5ffdf0e238fbba512bcf5c97959187\"},\"headline\":\"Correa denuncia una nuova \u201cOperazione Condor\u201d contro i governi progressisti\",\"datePublished\":\"2016-03-20T21:30:59+00:00\",\"mainEntityOfPage\":{\"@id\":\"https:\/\/www.pressenza.com\/it\/2016\/03\/correa-denuncia-nuova-operazione-condor-governi-progressisti\/\"},\"wordCount\":264,\"publisher\":{\"@id\":\"https:\/\/www.pressenza.com\/it\/#organization\"},\"image\":{\"@id\":\"https:\/\/www.pressenza.com\/it\/2016\/03\/correa-denuncia-nuova-operazione-condor-governi-progressisti\/#primaryimage\"},\"thumbnailUrl\":\"https:\/\/www.pressenza.com\/wp-content\/uploads\/2016\/03\/2238077_xl.jpg\",\"keywords\":[\"Andes\",\"Ecuador\",\"Operazione Condor\",\"Rafael Correa\"],\"articleSection\":[\"Politica\",\"Sud America\"],\"inLanguage\":\"it-IT\"},{\"@type\":\"WebPage\",\"@id\":\"https:\/\/www.pressenza.com\/it\/2016\/03\/correa-denuncia-nuova-operazione-condor-governi-progressisti\/\",\"url\":\"https:\/\/www.pressenza.com\/it\/2016\/03\/correa-denuncia-nuova-operazione-condor-governi-progressisti\/\",\"name\":\"Correa denuncia una nuova \u201cOperazione Condor\u201d contro i governi progressisti\",\"isPartOf\":{\"@id\":\"https:\/\/www.pressenza.com\/it\/#website\"},\"primaryImageOfPage\":{\"@id\":\"https:\/\/www.pressenza.com\/it\/2016\/03\/correa-denuncia-nuova-operazione-condor-governi-progressisti\/#primaryimage\"},\"image\":{\"@id\":\"https:\/\/www.pressenza.com\/it\/2016\/03\/correa-denuncia-nuova-operazione-condor-governi-progressisti\/#primaryimage\"},\"thumbnailUrl\":\"https:\/\/www.pressenza.com\/wp-content\/uploads\/2016\/03\/2238077_xl.jpg\",\"datePublished\":\"2016-03-20T21:30:59+00:00\",\"description\":\"Quito, 18 marzo (Andes) - Il presidente ecuadoriano Rafael Correa ha denunciato una nuova \\\"Operazione Condor\\\" nella regione, volta a destabilizzare i\",\"breadcrumb\":{\"@id\":\"https:\/\/www.pressenza.com\/it\/2016\/03\/correa-denuncia-nuova-operazione-condor-governi-progressisti\/#breadcrumb\"},\"inLanguage\":\"it-IT\",\"potentialAction\":[{\"@type\":\"ReadAction\",\"target\":[\"https:\/\/www.pressenza.com\/it\/2016\/03\/correa-denuncia-nuova-operazione-condor-governi-progressisti\/\"]}]},{\"@type\":\"ImageObject\",\"inLanguage\":\"it-IT\",\"@id\":\"https:\/\/www.pressenza.com\/it\/2016\/03\/correa-denuncia-nuova-operazione-condor-governi-progressisti\/#primaryimage\",\"url\":\"https:\/\/www.pressenza.com\/wp-content\/uploads\/2016\/03\/2238077_xl.jpg\",\"contentUrl\":\"https:\/\/www.pressenza.com\/wp-content\/uploads\/2016\/03\/2238077_xl.jpg\",\"width\":880,\"height\":494},{\"@type\":\"BreadcrumbList\",\"@id\":\"https:\/\/www.pressenza.com\/it\/2016\/03\/correa-denuncia-nuova-operazione-condor-governi-progressisti\/#breadcrumb\",\"itemListElement\":[{\"@type\":\"ListItem\",\"position\":1,\"name\":\"Accueil\",\"item\":\"https:\/\/www.pressenza.com\/it\/\"},{\"@type\":\"ListItem\",\"position\":2,\"name\":\"Correa denuncia una nuova \u201cOperazione Condor\u201d contro i governi progressisti\"}]},{\"@type\":\"WebSite\",\"@id\":\"https:\/\/www.pressenza.com\/it\/#website\",\"url\":\"https:\/\/www.pressenza.com\/it\/\",\"name\":\"Pressenza\",\"description\":\"Agenzia di Stampa Internazionale\",\"publisher\":{\"@id\":\"https:\/\/www.pressenza.com\/it\/#organization\"},\"potentialAction\":[{\"@type\":\"SearchAction\",\"target\":{\"@type\":\"EntryPoint\",\"urlTemplate\":\"https:\/\/www.pressenza.com\/it\/?s={search_term_string}\"},\"query-input\":{\"@type\":\"PropertyValueSpecification\",\"valueRequired\":true,\"valueName\":\"search_term_string\"}}],\"inLanguage\":\"it-IT\"},{\"@type\":\"Organization\",\"@id\":\"https:\/\/www.pressenza.com\/it\/#organization\",\"name\":\"Pressenza\",\"url\":\"https:\/\/www.pressenza.com\/it\/\",\"logo\":{\"@type\":\"ImageObject\",\"inLanguage\":\"it-IT\",\"@id\":\"https:\/\/www.pressenza.com\/it\/#\/schema\/logo\/image\/\",\"url\":\"https:\/\/www.pressenza.com\/wp-content\/uploads\/2022\/10\/pressenza_logo_200x200.jpg\",\"contentUrl\":\"https:\/\/www.pressenza.com\/wp-content\/uploads\/2022\/10\/pressenza_logo_200x200.jpg\",\"width\":200,\"height\":200,\"caption\":\"Pressenza\"},\"image\":{\"@id\":\"https:\/\/www.pressenza.com\/it\/#\/schema\/logo\/image\/\"},\"sameAs\":[\"https:\/\/www.facebook.com\/PressenzaItalia\",\"https:\/\/x.com\/PressenzaIPA\"]},{\"@type\":\"Person\",\"@id\":\"https:\/\/www.pressenza.com\/it\/#\/schema\/person\/2e5ffdf0e238fbba512bcf5c97959187\",\"name\":\"HispanTV\",\"description\":\"Trabajar bajo el f\u00e9rreo compromiso como medio de comunicaci\u00f3n para fomentar el acercamiento entre los pueblos de Ir\u00e1n, el Hispanoamericano y los de Medio Oriente, considerando adem\u00e1s la necesidad de crear una mayor cercan\u00eda entre todos los pueblos de Am\u00e9rica Latina. http:\/\/www.hispantv.com\/\",\"sameAs\":[\"http:\/\/www.hispantv.ir\",\"https:\/\/www.facebook.com\/Hispantv\",\"https:\/\/x.com\/Hispantv\"],\"url\":\"https:\/\/www.pressenza.com\/it\/author\/hispantv\/\"}]}<\/script>\n<!-- \/ Yoast SEO plugin. -->","yoast_head_json":{"title":"Correa denuncia una nuova \u201cOperazione Condor\u201d contro i governi progressisti","description":"Quito, 18 marzo (Andes) - Il presidente ecuadoriano Rafael Correa ha denunciato una nuova \"Operazione Condor\" nella regione, volta a destabilizzare i","robots":{"index":"index","follow":"follow","max-snippet":"max-snippet:-1","max-image-preview":"max-image-preview:large","max-video-preview":"max-video-preview:-1"},"canonical":"https:\/\/www.pressenza.com\/it\/2016\/03\/correa-denuncia-nuova-operazione-condor-governi-progressisti\/","og_locale":"it_IT","og_type":"article","og_title":"Correa denuncia una nuova \u201cOperazione Condor\u201d contro i governi progressisti","og_description":"Quito, 18 marzo (Andes) - Il presidente ecuadoriano Rafael Correa ha denunciato una nuova \"Operazione Condor\" nella regione, volta a destabilizzare i","og_url":"https:\/\/www.pressenza.com\/it\/2016\/03\/correa-denuncia-nuova-operazione-condor-governi-progressisti\/","og_site_name":"Pressenza","article_publisher":"https:\/\/www.facebook.com\/PressenzaItalia","article_author":"https:\/\/www.facebook.com\/Hispantv","article_published_time":"2016-03-20T21:30:59+00:00","og_image":[{"width":880,"height":494,"url":"https:\/\/www.pressenza.com\/wp-content\/uploads\/2016\/03\/2238077_xl.jpg","type":"image\/jpeg"}],"author":"HispanTV","twitter_card":"summary_large_image","twitter_creator":"@Hispantv","twitter_site":"@PressenzaIPA","twitter_misc":{"Scritto da":"HispanTV","Tempo di lettura stimato":"1 minuto"},"schema":{"@context":"https:\/\/schema.org","@graph":[{"@type":"Article","@id":"https:\/\/www.pressenza.com\/it\/2016\/03\/correa-denuncia-nuova-operazione-condor-governi-progressisti\/#article","isPartOf":{"@id":"https:\/\/www.pressenza.com\/it\/2016\/03\/correa-denuncia-nuova-operazione-condor-governi-progressisti\/"},"author":{"name":"HispanTV","@id":"https:\/\/www.pressenza.com\/it\/#\/schema\/person\/2e5ffdf0e238fbba512bcf5c97959187"},"headline":"Correa denuncia una nuova \u201cOperazione Condor\u201d contro i governi progressisti","datePublished":"2016-03-20T21:30:59+00:00","mainEntityOfPage":{"@id":"https:\/\/www.pressenza.com\/it\/2016\/03\/correa-denuncia-nuova-operazione-condor-governi-progressisti\/"},"wordCount":264,"publisher":{"@id":"https:\/\/www.pressenza.com\/it\/#organization"},"image":{"@id":"https:\/\/www.pressenza.com\/it\/2016\/03\/correa-denuncia-nuova-operazione-condor-governi-progressisti\/#primaryimage"},"thumbnailUrl":"https:\/\/www.pressenza.com\/wp-content\/uploads\/2016\/03\/2238077_xl.jpg","keywords":["Andes","Ecuador","Operazione Condor","Rafael Correa"],"articleSection":["Politica","Sud America"],"inLanguage":"it-IT"},{"@type":"WebPage","@id":"https:\/\/www.pressenza.com\/it\/2016\/03\/correa-denuncia-nuova-operazione-condor-governi-progressisti\/","url":"https:\/\/www.pressenza.com\/it\/2016\/03\/correa-denuncia-nuova-operazione-condor-governi-progressisti\/","name":"Correa denuncia una nuova \u201cOperazione Condor\u201d contro i governi progressisti","isPartOf":{"@id":"https:\/\/www.pressenza.com\/it\/#website"},"primaryImageOfPage":{"@id":"https:\/\/www.pressenza.com\/it\/2016\/03\/correa-denuncia-nuova-operazione-condor-governi-progressisti\/#primaryimage"},"image":{"@id":"https:\/\/www.pressenza.com\/it\/2016\/03\/correa-denuncia-nuova-operazione-condor-governi-progressisti\/#primaryimage"},"thumbnailUrl":"https:\/\/www.pressenza.com\/wp-content\/uploads\/2016\/03\/2238077_xl.jpg","datePublished":"2016-03-20T21:30:59+00:00","description":"Quito, 18 marzo (Andes) - Il presidente ecuadoriano Rafael Correa ha denunciato una nuova \"Operazione Condor\" nella regione, volta a destabilizzare i","breadcrumb":{"@id":"https:\/\/www.pressenza.com\/it\/2016\/03\/correa-denuncia-nuova-operazione-condor-governi-progressisti\/#breadcrumb"},"inLanguage":"it-IT","potentialAction":[{"@type":"ReadAction","target":["https:\/\/www.pressenza.com\/it\/2016\/03\/correa-denuncia-nuova-operazione-condor-governi-progressisti\/"]}]},{"@type":"ImageObject","inLanguage":"it-IT","@id":"https:\/\/www.pressenza.com\/it\/2016\/03\/correa-denuncia-nuova-operazione-condor-governi-progressisti\/#primaryimage","url":"https:\/\/www.pressenza.com\/wp-content\/uploads\/2016\/03\/2238077_xl.jpg","contentUrl":"https:\/\/www.pressenza.com\/wp-content\/uploads\/2016\/03\/2238077_xl.jpg","width":880,"height":494},{"@type":"BreadcrumbList","@id":"https:\/\/www.pressenza.com\/it\/2016\/03\/correa-denuncia-nuova-operazione-condor-governi-progressisti\/#breadcrumb","itemListElement":[{"@type":"ListItem","position":1,"name":"Accueil","item":"https:\/\/www.pressenza.com\/it\/"},{"@type":"ListItem","position":2,"name":"Correa denuncia una nuova \u201cOperazione Condor\u201d contro i governi progressisti"}]},{"@type":"WebSite","@id":"https:\/\/www.pressenza.com\/it\/#website","url":"https:\/\/www.pressenza.com\/it\/","name":"Pressenza","description":"Agenzia di Stampa Internazionale","publisher":{"@id":"https:\/\/www.pressenza.com\/it\/#organization"},"potentialAction":[{"@type":"SearchAction","target":{"@type":"EntryPoint","urlTemplate":"https:\/\/www.pressenza.com\/it\/?s={search_term_string}"},"query-input":{"@type":"PropertyValueSpecification","valueRequired":true,"valueName":"search_term_string"}}],"inLanguage":"it-IT"},{"@type":"Organization","@id":"https:\/\/www.pressenza.com\/it\/#organization","name":"Pressenza","url":"https:\/\/www.pressenza.com\/it\/","logo":{"@type":"ImageObject","inLanguage":"it-IT","@id":"https:\/\/www.pressenza.com\/it\/#\/schema\/logo\/image\/","url":"https:\/\/www.pressenza.com\/wp-content\/uploads\/2022\/10\/pressenza_logo_200x200.jpg","contentUrl":"https:\/\/www.pressenza.com\/wp-content\/uploads\/2022\/10\/pressenza_logo_200x200.jpg","width":200,"height":200,"caption":"Pressenza"},"image":{"@id":"https:\/\/www.pressenza.com\/it\/#\/schema\/logo\/image\/"},"sameAs":["https:\/\/www.facebook.com\/PressenzaItalia","https:\/\/x.com\/PressenzaIPA"]},{"@type":"Person","@id":"https:\/\/www.pressenza.com\/it\/#\/schema\/person\/2e5ffdf0e238fbba512bcf5c97959187","name":"HispanTV","description":"Trabajar bajo el f\u00e9rreo compromiso como medio de comunicaci\u00f3n para fomentar el acercamiento entre los pueblos de Ir\u00e1n, el Hispanoamericano y los de Medio Oriente, considerando adem\u00e1s la necesidad de crear una mayor cercan\u00eda entre todos los pueblos de Am\u00e9rica Latina. http:\/\/www.hispantv.com\/","sameAs":["http:\/\/www.hispantv.ir","https:\/\/www.facebook.com\/Hispantv","https:\/\/x.com\/Hispantv"],"url":"https:\/\/www.pressenza.com\/it\/author\/hispantv\/"}]}},"place":"","original_article_url":"","_links":{"self":[{"href":"https:\/\/www.pressenza.com\/it\/wp-json\/wp\/v2\/posts\/292340","targetHints":{"allow":["GET"]}}],"collection":[{"href":"https:\/\/www.pressenza.com\/it\/wp-json\/wp\/v2\/posts"}],"about":[{"href":"https:\/\/www.pressenza.com\/it\/wp-json\/wp\/v2\/types\/post"}],"author":[{"embeddable":true,"href":"https:\/\/www.pressenza.com\/it\/wp-json\/wp\/v2\/users\/954"}],"replies":[{"embeddable":true,"href":"https:\/\/www.pressenza.com\/it\/wp-json\/wp\/v2\/comments?post=292340"}],"version-history":[{"count":0,"href":"https:\/\/www.pressenza.com\/it\/wp-json\/wp\/v2\/posts\/292340\/revisions"}],"wp:featuredmedia":[{"embeddable":true,"href":"https:\/\/www.pressenza.com\/it\/wp-json\/wp\/v2\/media\/291696"}],"wp:attachment":[{"href":"https:\/\/www.pressenza.com\/it\/wp-json\/wp\/v2\/media?parent=292340"}],"wp:term":[{"taxonomy":"category","embeddable":true,"href":"https:\/\/www.pressenza.com\/it\/wp-json\/wp\/v2\/categories?post=292340"},{"taxonomy":"post_tag","embeddable":true,"href":"https:\/\/www.pressenza.com\/it\/wp-json\/wp\/v2\/tags?post=292340"}],"curies":[{"name":"wp","href":"https:\/\/api.w.org\/{rel}","templated":true}]}}