{"id":29115,"date":"2012-12-19T17:49:04","date_gmt":"2012-12-19T17:49:04","guid":{"rendered":"http:\/\/www.pressenza.com\/?p=29115"},"modified":"2012-12-19T17:49:34","modified_gmt":"2012-12-19T17:49:34","slug":"menzogne-da-smentire-falsi-argomenti-sulla-necessita-di-privatizzare-la-sanita-pubblica","status":"publish","type":"post","link":"https:\/\/www.pressenza.com\/it\/2012\/12\/menzogne-da-smentire-falsi-argomenti-sulla-necessita-di-privatizzare-la-sanita-pubblica\/","title":{"rendered":"Menzogne da smentire: falsi argomenti sulla necessit\u00e0 di privatizzare la sanit\u00e0 pubblica"},"content":{"rendered":"<p align=\"left\"><em>Nell\u2019intervista fatta da Pressenza al dottor <\/em><em>Juan Luis Ruiz-Gim\u00e9nez <\/em><em>(versione completa in spagnolo al link: <\/em><em>\u00a0<a href=\"http:\/\/www.pressenza.com\/es\/2012\/12\/todos-por-la-sanidad-publica\/\">http:\/\/www.pressenza.com\/es\/2012\/12\/todos-por-la-sanidad-publica\/<\/a>), <\/em><em>questi sottolinea la necessit\u00e0 di smentire le bugie che si raccontano per giustificare la necessit\u00e0 di privatizzare la sanit\u00e0 pubblica. <\/em><\/p>\n<p align=\"left\"><em>Queste menzogne sono fondamentalmente che il sistema sanitario pubblico \u00e8 ins<\/em><em>ostenib<\/em><em>ile e la gestio<\/em><em>n<\/em><em>e privata \u00e8 migliore. L\u2019ultima menzogna si riferisce a chi finanzia la sanit\u00e0 pubblica e come. Riproduciamo qui questa parte dell\u2019intervista, prendendone le idee fondamentali, anche se la trascrizione non \u00e8 letterale.<\/em><\/p>\n<p><strong>Il sistema sanitario pubblico<\/strong> <strong>non \u00e8 sostenibile<\/strong><\/p>\n<p>In realt\u00e0 non si tratta di una spesa tanto alta. A Madrid \u2013dice Ruiz-Gim\u00e9nez- non arriviamo al 5% del Prodotto Interno Lordo e in tutto lo stato spagnolo negli ultimi anni la spesa era intorno al \u00a06.5% , anche se negli ultimi due anni \u00e8 diminuita. Il 3% del PIL si riferisce alla sanit\u00e0 privata e dunque insieme arrivano al 9%.<\/p>\n<p>Questo significa che ogni anno si destinano a ogni cittadino circa 1.600 \u20ac, dei quali \u00a01.200\u20ac spesi nel settore pubblico.\u00a0 Questi erano gli investimenti che si facevano per far funzionare un servizio universale e di buona qualit\u00e0. Stiamo parlando di una spesa sanitaria tra le pi\u00f9 basse dell\u2019Unione \u00a0Europea.<\/p>\n<p>La spesa sanitaria pubblica totale in Spagna arriva a 70.000 milioni di euro. Non \u00e8 poi molto, se paragonato a quello che il governo ha dato alle banche (130.000 milioni di euro) e da questa cifra vogliono eliminare con i tagli \u00a0da 2 a 3.000 milioni di euro\u2026<\/p>\n<p><strong>La gestione privata \u00e8 migliore<\/strong><\/p>\n<p>Secondo il dottore l\u2019esperienza di altri paesi dimostra che le cose non stanno cos\u00ec: i privati cercano il profitto e come lo ottengono? Riducendo il personale e la qualit\u00e0 dell\u2019assistenza, chiedendo ai pazienti di pagare trattamenti complementari ecc \u2026<\/p>\n<p>Per questo organizzano campagne pubblicitarie attraverso i mass-media che controllano.<\/p>\n<p><strong>Come si finanzia realmente la sanit\u00e0 pubblica?<\/strong><\/p>\n<p>Dal 1999 il sistema sanitario pubblico si finanzia attraverso vari tipi di tasse. \u00a0La sanit\u00e0 non viene pagata grazie ai contributi alla Previdenza Sociale, come molti credono: questi vengono utilizzati per le pensioni, l\u2019invalidit\u00e0, la disoccupazione, ecc.<\/p>\n<p>Ogni cittadino, per il fatto di vivere qui, di pagare l\u2019IVA e le tasse, di muoversi ecc, sta finanziando il \u00a0sistema sanitario pubblico\u2026 Per questo era <strong>universale: <\/strong><strong>perch\u00e9 lo pagavamo tutti.<\/strong><\/p>\n<p>Questo non \u00e8 gratuito, i governi non ce lo regalano. E\u2019 una conquista sociale realizzata grazie al contributo finanziario di tutti i cittadini. Con quale diritto stanno cambiando in modo spudorato tutto questo? si chiede Ruiz-Gim\u00e9nez.<\/p>\n","protected":false},"excerpt":{"rendered":"<p>Nell\u2019intervista fatta da Pressenza al dottor Juan Luis Ruiz-Gim\u00e9nez (versione completa in spagnolo al link: \u00a0http:\/\/www.pressenza.com\/es\/2012\/12\/todos-por-la-sanidad-publica\/), questi sottolinea la necessit\u00e0 di smentire le bugie che si raccontano per giustificare la necessit\u00e0 di privatizzare la sanit\u00e0 pubblica. Queste menzogne sono fondamentalmente&hellip;<\/p>\n","protected":false},"author":188,"featured_media":29116,"comment_status":"closed","ping_status":"open","sticky":false,"template":"","format":"standard","meta":{"footnotes":""},"categories":[47,157,1259],"tags":[803,1602],"class_list":["post-29115","post","type-post","status-publish","format-standard","has-post-thumbnail","hentry","category-europa","category-interviste","category-salute-argomento","tag-sanita","tag-spagna"],"yoast_head":"<!-- This site is optimized with the Yoast SEO plugin v27.1.1 - https:\/\/yoast.com\/product\/yoast-seo-wordpress\/ -->\n<title>Menzogne da smentire: falsi argomenti sulla necessit\u00e0 di privatizzare la sanit\u00e0 pubblica<\/title>\n<meta name=\"description\" content=\"Nell\u2019intervista fatta da Pressenza al dottor Juan Luis Ruiz-Gim\u00e9nez (versione completa in spagnolo al link:\" \/>\n<meta name=\"robots\" content=\"index, follow, max-snippet:-1, max-image-preview:large, max-video-preview:-1\" \/>\n<link rel=\"canonical\" href=\"https:\/\/www.pressenza.com\/it\/2012\/12\/menzogne-da-smentire-falsi-argomenti-sulla-necessita-di-privatizzare-la-sanita-pubblica\/\" \/>\n<meta property=\"og:locale\" content=\"it_IT\" \/>\n<meta property=\"og:type\" content=\"article\" \/>\n<meta property=\"og:title\" content=\"Menzogne da smentire: falsi argomenti sulla necessit\u00e0 di privatizzare la sanit\u00e0 pubblica\" \/>\n<meta property=\"og:description\" content=\"Nell\u2019intervista fatta da Pressenza al dottor Juan Luis Ruiz-Gim\u00e9nez (versione completa in spagnolo al link:\" \/>\n<meta property=\"og:url\" content=\"https:\/\/www.pressenza.com\/it\/2012\/12\/menzogne-da-smentire-falsi-argomenti-sulla-necessita-di-privatizzare-la-sanita-pubblica\/\" \/>\n<meta property=\"og:site_name\" content=\"Pressenza\" \/>\n<meta property=\"article:publisher\" content=\"https:\/\/www.facebook.com\/PressenzaItalia\" \/>\n<meta property=\"article:published_time\" content=\"2012-12-19T17:49:04+00:00\" \/>\n<meta property=\"article:modified_time\" content=\"2012-12-19T17:49:34+00:00\" \/>\n<meta property=\"og:image\" content=\"https:\/\/www.pressenza.com\/wp-content\/uploads\/2012\/12\/Ruiz-Gimenez.jpg\" \/>\n\t<meta property=\"og:image:width\" content=\"600\" \/>\n\t<meta property=\"og:image:height\" content=\"487\" \/>\n\t<meta property=\"og:image:type\" content=\"image\/jpeg\" \/>\n<meta name=\"author\" content=\"Gabriela Amaya\" \/>\n<meta name=\"twitter:card\" content=\"summary_large_image\" \/>\n<meta name=\"twitter:creator\" content=\"@PressenzaIPA\" \/>\n<meta name=\"twitter:site\" content=\"@PressenzaIPA\" \/>\n<meta name=\"twitter:label1\" content=\"Scritto da\" \/>\n\t<meta name=\"twitter:data1\" content=\"Gabriela Amaya\" \/>\n\t<meta name=\"twitter:label2\" content=\"Tempo di lettura stimato\" \/>\n\t<meta name=\"twitter:data2\" content=\"2 minuti\" \/>\n<script type=\"application\/ld+json\" class=\"yoast-schema-graph\">{\"@context\":\"https:\/\/schema.org\",\"@graph\":[{\"@type\":\"Article\",\"@id\":\"https:\/\/www.pressenza.com\/it\/2012\/12\/menzogne-da-smentire-falsi-argomenti-sulla-necessita-di-privatizzare-la-sanita-pubblica\/#article\",\"isPartOf\":{\"@id\":\"https:\/\/www.pressenza.com\/it\/2012\/12\/menzogne-da-smentire-falsi-argomenti-sulla-necessita-di-privatizzare-la-sanita-pubblica\/\"},\"author\":{\"name\":\"Gabriela Amaya\",\"@id\":\"https:\/\/www.pressenza.com\/it\/#\/schema\/person\/725d47ccbea4c7854f7dd4011b6670b9\"},\"headline\":\"Menzogne da smentire: falsi argomenti sulla necessit\u00e0 di privatizzare la sanit\u00e0 pubblica\",\"datePublished\":\"2012-12-19T17:49:04+00:00\",\"dateModified\":\"2012-12-19T17:49:34+00:00\",\"mainEntityOfPage\":{\"@id\":\"https:\/\/www.pressenza.com\/it\/2012\/12\/menzogne-da-smentire-falsi-argomenti-sulla-necessita-di-privatizzare-la-sanita-pubblica\/\"},\"wordCount\":421,\"publisher\":{\"@id\":\"https:\/\/www.pressenza.com\/it\/#organization\"},\"image\":{\"@id\":\"https:\/\/www.pressenza.com\/it\/2012\/12\/menzogne-da-smentire-falsi-argomenti-sulla-necessita-di-privatizzare-la-sanita-pubblica\/#primaryimage\"},\"thumbnailUrl\":\"https:\/\/www.pressenza.com\/wp-content\/uploads\/2012\/12\/Ruiz-Gimenez.jpg\",\"keywords\":[\"sanit\u00e0\",\"Spagna\"],\"articleSection\":[\"Europa\",\"Interviste\",\"Salute\"],\"inLanguage\":\"it-IT\"},{\"@type\":\"WebPage\",\"@id\":\"https:\/\/www.pressenza.com\/it\/2012\/12\/menzogne-da-smentire-falsi-argomenti-sulla-necessita-di-privatizzare-la-sanita-pubblica\/\",\"url\":\"https:\/\/www.pressenza.com\/it\/2012\/12\/menzogne-da-smentire-falsi-argomenti-sulla-necessita-di-privatizzare-la-sanita-pubblica\/\",\"name\":\"Menzogne da smentire: falsi argomenti sulla necessit\u00e0 di privatizzare la sanit\u00e0 pubblica\",\"isPartOf\":{\"@id\":\"https:\/\/www.pressenza.com\/it\/#website\"},\"primaryImageOfPage\":{\"@id\":\"https:\/\/www.pressenza.com\/it\/2012\/12\/menzogne-da-smentire-falsi-argomenti-sulla-necessita-di-privatizzare-la-sanita-pubblica\/#primaryimage\"},\"image\":{\"@id\":\"https:\/\/www.pressenza.com\/it\/2012\/12\/menzogne-da-smentire-falsi-argomenti-sulla-necessita-di-privatizzare-la-sanita-pubblica\/#primaryimage\"},\"thumbnailUrl\":\"https:\/\/www.pressenza.com\/wp-content\/uploads\/2012\/12\/Ruiz-Gimenez.jpg\",\"datePublished\":\"2012-12-19T17:49:04+00:00\",\"dateModified\":\"2012-12-19T17:49:34+00:00\",\"description\":\"Nell\u2019intervista fatta da Pressenza al dottor Juan Luis Ruiz-Gim\u00e9nez (versione completa in spagnolo al link:\",\"breadcrumb\":{\"@id\":\"https:\/\/www.pressenza.com\/it\/2012\/12\/menzogne-da-smentire-falsi-argomenti-sulla-necessita-di-privatizzare-la-sanita-pubblica\/#breadcrumb\"},\"inLanguage\":\"it-IT\",\"potentialAction\":[{\"@type\":\"ReadAction\",\"target\":[\"https:\/\/www.pressenza.com\/it\/2012\/12\/menzogne-da-smentire-falsi-argomenti-sulla-necessita-di-privatizzare-la-sanita-pubblica\/\"]}]},{\"@type\":\"ImageObject\",\"inLanguage\":\"it-IT\",\"@id\":\"https:\/\/www.pressenza.com\/it\/2012\/12\/menzogne-da-smentire-falsi-argomenti-sulla-necessita-di-privatizzare-la-sanita-pubblica\/#primaryimage\",\"url\":\"https:\/\/www.pressenza.com\/wp-content\/uploads\/2012\/12\/Ruiz-Gimenez.jpg\",\"contentUrl\":\"https:\/\/www.pressenza.com\/wp-content\/uploads\/2012\/12\/Ruiz-Gimenez.jpg\",\"width\":\"600\",\"height\":\"487\"},{\"@type\":\"BreadcrumbList\",\"@id\":\"https:\/\/www.pressenza.com\/it\/2012\/12\/menzogne-da-smentire-falsi-argomenti-sulla-necessita-di-privatizzare-la-sanita-pubblica\/#breadcrumb\",\"itemListElement\":[{\"@type\":\"ListItem\",\"position\":1,\"name\":\"Accueil\",\"item\":\"https:\/\/www.pressenza.com\/it\/\"},{\"@type\":\"ListItem\",\"position\":2,\"name\":\"Menzogne da smentire: falsi argomenti sulla necessit\u00e0 di privatizzare la sanit\u00e0 pubblica\"}]},{\"@type\":\"WebSite\",\"@id\":\"https:\/\/www.pressenza.com\/it\/#website\",\"url\":\"https:\/\/www.pressenza.com\/it\/\",\"name\":\"Pressenza\",\"description\":\"Agenzia di Stampa Internazionale\",\"publisher\":{\"@id\":\"https:\/\/www.pressenza.com\/it\/#organization\"},\"potentialAction\":[{\"@type\":\"SearchAction\",\"target\":{\"@type\":\"EntryPoint\",\"urlTemplate\":\"https:\/\/www.pressenza.com\/it\/?s={search_term_string}\"},\"query-input\":{\"@type\":\"PropertyValueSpecification\",\"valueRequired\":true,\"valueName\":\"search_term_string\"}}],\"inLanguage\":\"it-IT\"},{\"@type\":\"Organization\",\"@id\":\"https:\/\/www.pressenza.com\/it\/#organization\",\"name\":\"Pressenza\",\"url\":\"https:\/\/www.pressenza.com\/it\/\",\"logo\":{\"@type\":\"ImageObject\",\"inLanguage\":\"it-IT\",\"@id\":\"https:\/\/www.pressenza.com\/it\/#\/schema\/logo\/image\/\",\"url\":\"https:\/\/www.pressenza.com\/wp-content\/uploads\/2022\/10\/pressenza_logo_200x200.jpg\",\"contentUrl\":\"https:\/\/www.pressenza.com\/wp-content\/uploads\/2022\/10\/pressenza_logo_200x200.jpg\",\"width\":200,\"height\":200,\"caption\":\"Pressenza\"},\"image\":{\"@id\":\"https:\/\/www.pressenza.com\/it\/#\/schema\/logo\/image\/\"},\"sameAs\":[\"https:\/\/www.facebook.com\/PressenzaItalia\",\"https:\/\/x.com\/PressenzaIPA\"]},{\"@type\":\"Person\",\"@id\":\"https:\/\/www.pressenza.com\/it\/#\/schema\/person\/725d47ccbea4c7854f7dd4011b6670b9\",\"name\":\"Gabriela Amaya\",\"description\":\"Editor in Spanish, Gabriel Amaya has worked in radio and written press and years ago decided to develop her journalistic work as a professional volunteer at the service of peace and nonviolence. She is also involved with different collectives and platforms which she supports with her journalism.\",\"url\":\"https:\/\/www.pressenza.com\/it\/author\/gabriela-amaya\/\"}]}<\/script>\n<!-- \/ Yoast SEO plugin. -->","yoast_head_json":{"title":"Menzogne da smentire: falsi argomenti sulla necessit\u00e0 di privatizzare la sanit\u00e0 pubblica","description":"Nell\u2019intervista fatta da Pressenza al dottor Juan Luis Ruiz-Gim\u00e9nez (versione completa in spagnolo al link:","robots":{"index":"index","follow":"follow","max-snippet":"max-snippet:-1","max-image-preview":"max-image-preview:large","max-video-preview":"max-video-preview:-1"},"canonical":"https:\/\/www.pressenza.com\/it\/2012\/12\/menzogne-da-smentire-falsi-argomenti-sulla-necessita-di-privatizzare-la-sanita-pubblica\/","og_locale":"it_IT","og_type":"article","og_title":"Menzogne da smentire: falsi argomenti sulla necessit\u00e0 di privatizzare la sanit\u00e0 pubblica","og_description":"Nell\u2019intervista fatta da Pressenza al dottor Juan Luis Ruiz-Gim\u00e9nez (versione completa in spagnolo al link:","og_url":"https:\/\/www.pressenza.com\/it\/2012\/12\/menzogne-da-smentire-falsi-argomenti-sulla-necessita-di-privatizzare-la-sanita-pubblica\/","og_site_name":"Pressenza","article_publisher":"https:\/\/www.facebook.com\/PressenzaItalia","article_published_time":"2012-12-19T17:49:04+00:00","article_modified_time":"2012-12-19T17:49:34+00:00","og_image":[{"width":600,"height":487,"url":"https:\/\/www.pressenza.com\/wp-content\/uploads\/2012\/12\/Ruiz-Gimenez.jpg","type":"image\/jpeg"}],"author":"Gabriela Amaya","twitter_card":"summary_large_image","twitter_creator":"@PressenzaIPA","twitter_site":"@PressenzaIPA","twitter_misc":{"Scritto da":"Gabriela Amaya","Tempo di lettura stimato":"2 minuti"},"schema":{"@context":"https:\/\/schema.org","@graph":[{"@type":"Article","@id":"https:\/\/www.pressenza.com\/it\/2012\/12\/menzogne-da-smentire-falsi-argomenti-sulla-necessita-di-privatizzare-la-sanita-pubblica\/#article","isPartOf":{"@id":"https:\/\/www.pressenza.com\/it\/2012\/12\/menzogne-da-smentire-falsi-argomenti-sulla-necessita-di-privatizzare-la-sanita-pubblica\/"},"author":{"name":"Gabriela Amaya","@id":"https:\/\/www.pressenza.com\/it\/#\/schema\/person\/725d47ccbea4c7854f7dd4011b6670b9"},"headline":"Menzogne da smentire: falsi argomenti sulla necessit\u00e0 di privatizzare la sanit\u00e0 pubblica","datePublished":"2012-12-19T17:49:04+00:00","dateModified":"2012-12-19T17:49:34+00:00","mainEntityOfPage":{"@id":"https:\/\/www.pressenza.com\/it\/2012\/12\/menzogne-da-smentire-falsi-argomenti-sulla-necessita-di-privatizzare-la-sanita-pubblica\/"},"wordCount":421,"publisher":{"@id":"https:\/\/www.pressenza.com\/it\/#organization"},"image":{"@id":"https:\/\/www.pressenza.com\/it\/2012\/12\/menzogne-da-smentire-falsi-argomenti-sulla-necessita-di-privatizzare-la-sanita-pubblica\/#primaryimage"},"thumbnailUrl":"https:\/\/www.pressenza.com\/wp-content\/uploads\/2012\/12\/Ruiz-Gimenez.jpg","keywords":["sanit\u00e0","Spagna"],"articleSection":["Europa","Interviste","Salute"],"inLanguage":"it-IT"},{"@type":"WebPage","@id":"https:\/\/www.pressenza.com\/it\/2012\/12\/menzogne-da-smentire-falsi-argomenti-sulla-necessita-di-privatizzare-la-sanita-pubblica\/","url":"https:\/\/www.pressenza.com\/it\/2012\/12\/menzogne-da-smentire-falsi-argomenti-sulla-necessita-di-privatizzare-la-sanita-pubblica\/","name":"Menzogne da smentire: falsi argomenti sulla necessit\u00e0 di privatizzare la sanit\u00e0 pubblica","isPartOf":{"@id":"https:\/\/www.pressenza.com\/it\/#website"},"primaryImageOfPage":{"@id":"https:\/\/www.pressenza.com\/it\/2012\/12\/menzogne-da-smentire-falsi-argomenti-sulla-necessita-di-privatizzare-la-sanita-pubblica\/#primaryimage"},"image":{"@id":"https:\/\/www.pressenza.com\/it\/2012\/12\/menzogne-da-smentire-falsi-argomenti-sulla-necessita-di-privatizzare-la-sanita-pubblica\/#primaryimage"},"thumbnailUrl":"https:\/\/www.pressenza.com\/wp-content\/uploads\/2012\/12\/Ruiz-Gimenez.jpg","datePublished":"2012-12-19T17:49:04+00:00","dateModified":"2012-12-19T17:49:34+00:00","description":"Nell\u2019intervista fatta da Pressenza al dottor Juan Luis Ruiz-Gim\u00e9nez (versione completa in spagnolo al link:","breadcrumb":{"@id":"https:\/\/www.pressenza.com\/it\/2012\/12\/menzogne-da-smentire-falsi-argomenti-sulla-necessita-di-privatizzare-la-sanita-pubblica\/#breadcrumb"},"inLanguage":"it-IT","potentialAction":[{"@type":"ReadAction","target":["https:\/\/www.pressenza.com\/it\/2012\/12\/menzogne-da-smentire-falsi-argomenti-sulla-necessita-di-privatizzare-la-sanita-pubblica\/"]}]},{"@type":"ImageObject","inLanguage":"it-IT","@id":"https:\/\/www.pressenza.com\/it\/2012\/12\/menzogne-da-smentire-falsi-argomenti-sulla-necessita-di-privatizzare-la-sanita-pubblica\/#primaryimage","url":"https:\/\/www.pressenza.com\/wp-content\/uploads\/2012\/12\/Ruiz-Gimenez.jpg","contentUrl":"https:\/\/www.pressenza.com\/wp-content\/uploads\/2012\/12\/Ruiz-Gimenez.jpg","width":"600","height":"487"},{"@type":"BreadcrumbList","@id":"https:\/\/www.pressenza.com\/it\/2012\/12\/menzogne-da-smentire-falsi-argomenti-sulla-necessita-di-privatizzare-la-sanita-pubblica\/#breadcrumb","itemListElement":[{"@type":"ListItem","position":1,"name":"Accueil","item":"https:\/\/www.pressenza.com\/it\/"},{"@type":"ListItem","position":2,"name":"Menzogne da smentire: falsi argomenti sulla necessit\u00e0 di privatizzare la sanit\u00e0 pubblica"}]},{"@type":"WebSite","@id":"https:\/\/www.pressenza.com\/it\/#website","url":"https:\/\/www.pressenza.com\/it\/","name":"Pressenza","description":"Agenzia di Stampa Internazionale","publisher":{"@id":"https:\/\/www.pressenza.com\/it\/#organization"},"potentialAction":[{"@type":"SearchAction","target":{"@type":"EntryPoint","urlTemplate":"https:\/\/www.pressenza.com\/it\/?s={search_term_string}"},"query-input":{"@type":"PropertyValueSpecification","valueRequired":true,"valueName":"search_term_string"}}],"inLanguage":"it-IT"},{"@type":"Organization","@id":"https:\/\/www.pressenza.com\/it\/#organization","name":"Pressenza","url":"https:\/\/www.pressenza.com\/it\/","logo":{"@type":"ImageObject","inLanguage":"it-IT","@id":"https:\/\/www.pressenza.com\/it\/#\/schema\/logo\/image\/","url":"https:\/\/www.pressenza.com\/wp-content\/uploads\/2022\/10\/pressenza_logo_200x200.jpg","contentUrl":"https:\/\/www.pressenza.com\/wp-content\/uploads\/2022\/10\/pressenza_logo_200x200.jpg","width":200,"height":200,"caption":"Pressenza"},"image":{"@id":"https:\/\/www.pressenza.com\/it\/#\/schema\/logo\/image\/"},"sameAs":["https:\/\/www.facebook.com\/PressenzaItalia","https:\/\/x.com\/PressenzaIPA"]},{"@type":"Person","@id":"https:\/\/www.pressenza.com\/it\/#\/schema\/person\/725d47ccbea4c7854f7dd4011b6670b9","name":"Gabriela Amaya","description":"Editor in Spanish, Gabriel Amaya has worked in radio and written press and years ago decided to develop her journalistic work as a professional volunteer at the service of peace and nonviolence. She is also involved with different collectives and platforms which she supports with her journalism.","url":"https:\/\/www.pressenza.com\/it\/author\/gabriela-amaya\/"}]}},"place":"","original_article_url":"","_links":{"self":[{"href":"https:\/\/www.pressenza.com\/it\/wp-json\/wp\/v2\/posts\/29115","targetHints":{"allow":["GET"]}}],"collection":[{"href":"https:\/\/www.pressenza.com\/it\/wp-json\/wp\/v2\/posts"}],"about":[{"href":"https:\/\/www.pressenza.com\/it\/wp-json\/wp\/v2\/types\/post"}],"author":[{"embeddable":true,"href":"https:\/\/www.pressenza.com\/it\/wp-json\/wp\/v2\/users\/188"}],"replies":[{"embeddable":true,"href":"https:\/\/www.pressenza.com\/it\/wp-json\/wp\/v2\/comments?post=29115"}],"version-history":[{"count":0,"href":"https:\/\/www.pressenza.com\/it\/wp-json\/wp\/v2\/posts\/29115\/revisions"}],"wp:featuredmedia":[{"embeddable":true,"href":"https:\/\/www.pressenza.com\/it\/wp-json\/wp\/v2\/media\/29116"}],"wp:attachment":[{"href":"https:\/\/www.pressenza.com\/it\/wp-json\/wp\/v2\/media?parent=29115"}],"wp:term":[{"taxonomy":"category","embeddable":true,"href":"https:\/\/www.pressenza.com\/it\/wp-json\/wp\/v2\/categories?post=29115"},{"taxonomy":"post_tag","embeddable":true,"href":"https:\/\/www.pressenza.com\/it\/wp-json\/wp\/v2\/tags?post=29115"}],"curies":[{"name":"wp","href":"https:\/\/api.w.org\/{rel}","templated":true}]}}